{"id":5995,"date":"2024-12-13T16:23:54","date_gmt":"2024-12-13T15:23:54","guid":{"rendered":"https:\/\/www.smedemokrati.sk\/?p=5995"},"modified":"2024-12-19T09:36:58","modified_gmt":"2024-12-19T08:36:58","slug":"mercedesy-pre-papalasov-hrozby-pre-lekarov","status":"publish","type":"post","link":"https:\/\/www.smedemokrati.sk\/cs\/mercedesy-pre-papalasov-hrozby-pre-lekarov\/","title":{"rendered":"Mercedesy pre papal\u00e1\u0161ov, hrozby pre lek\u00e1rov"},"content":{"rendered":"<div id=\"fb-root\"><\/div>\n\n<p><strong>Slovensko je \u017eia\u013e svedkom \u010fal\u0161ieho \u0161kand\u00e1lu. Mat\u00fa\u0161 \u0160utaj E\u0161tok a Peter Pellegrini si nadelili luxusn\u00e9 Mercedesy za \u0161t\u00e1tne peniaze. Ministerstvo vn\u00fatra 6. decembra podp\u00edsalo zmluvu na n\u00e1kup dvoch luxusn\u00fdch vozidiel \u2013 s okam\u017eit\u00fdm dodan\u00edm do 7 dn\u00ed, aby sa stihli e\u0161te pred Vianocami vozi\u0165 na nov\u00fdch aut\u00e1ch.<\/strong><\/p>\n\n\n\n<p>Podpredseda strany Demokrati Juraj \u0160eliga reagoval ostro:\u00a0<em>\u201eLek\u00e1ri dost\u00e1vaj\u00fa pod strom\u010dek hrozbu basy, ale \u0160utaj E\u0161tok a Pellegrini nov\u00fd Mercedes?! Toto je uk\u00e1\u017eka arogancie a papal\u00e1\u0161stva tejto vl\u00e1dy. Kde je element\u00e1rna \u00facta a symbolika. Lek\u00e1rom ni\u010d, u\u010dite\u013eom ni\u010d, verejnej spr\u00e1ve ni\u010d a policajtom rovnako ni\u010d, ale sebe nov\u00e9<\/em> <em>Mercedesy? Robia si z n\u00e1s bl\u00e1znov!<\/em>\u201c<\/p>\n\n\n\n<p>\u0160eliga \u010falej upozor\u0148uje na dvojit\u00fd meter vl\u00e1dy:&nbsp;<em>\u201eK\u00fdm be\u017en\u00ed \u013eudia obracaj\u00fa ka\u017ed\u00e9 euro, vl\u00e1dni politici si rozd\u00e1vaj\u00fa luxusn\u00e9 dar\u010deky. Hovoria n\u00e1m, \u017ee treba \u0161etri\u0165, ale na svoje pohodlie si peniaze v\u017edy n\u00e1jdu.\u201c&nbsp;<\/em><\/p>\n\n\n\n<p>Zatia\u013e \u010do zdravotn\u00edci, u\u010ditelia \u010di policajti nedost\u00e1vaj\u00fa ani len valoriz\u00e1ciu platov, vl\u00e1dni predstavitelia si obstar\u00e1vaj\u00fa vozidl\u00e1 za stovky tis\u00edc eur bez riadneho verejn\u00e9ho obstar\u00e1vania.&nbsp;<em>\u201ePre\u010do sa aut\u00e1 nekupuj\u00fa aj pre policajtov? Pre\u010do sa obstar\u00e1va nar\u00fdchlo a bez transparentnosti? Toto nie je ot\u00e1zka reprezent\u00e1cie \u0161t\u00e1tu, ale papal\u00e1\u0161skeho luxusu na \u00fakor ob\u010danov,\u201c<\/em>&nbsp;dod\u00e1va \u0160eliga.<\/p>\n\n\n\n<p><em>\u201eMat\u00fa\u0161 \u0160utaj E\u0161tok m\u00e1 ka\u017ed\u00fd t\u00fd\u017ede\u0148 nov\u00fa a nov\u00fa kauzu a v\u0161etky sa t\u00fdkaj\u00fa bu\u010f jeho v\u00fdletov, drah\u00fdch hodiniek, alebo zjavne netransparentn\u00fdch obstar\u00e1van\u00ed. V\u0161imol si v\u00f4bec, \u017ee \u017eiakom a u\u010dite\u013eom na \u0161koly u\u017e rok chodia vyhr\u00e1\u017eky a \u017ee v pol\u00edcii nem\u00e1 kto sl\u00fa\u017ei\u0165? Je to najhor\u0161\u00ed minister vn\u00fatra od vzniku samostatnej Slovenskej republiky a dopl\u00e1came na to v\u0161etci.&#8220;<\/em>\u00a0Hovor\u00ed Jaroslav Na\u010f predseda Demokratov.<\/p>\n\n\n\n<p><em>\u201eT\u00e1to vl\u00e1da n\u00e1m ukazuje, \u017ee pre nich pravidl\u00e1 a solidarita neplatia. Be\u017en\u00ed \u013eudia dost\u00e1vaj\u00fa vy\u0161\u0161ie dane a drah\u0161\u00ed \u017eivot, oni dost\u00e1vaj\u00fa nov\u00e9 Mercedesy. Je to absol\u00fatny v\u00fdsmech. Toto mus\u00edme zastavi\u0165. Vyz\u00fdvam \u0160utaj E\u0161toka aby najprv odst\u00fapil od zmluvy na n\u00e1kup \u00e1ut a potom aj z funkcie, na ktor\u00fa bol do\u010dasne ustanoven\u00fd a ktor\u00fa nezvl\u00e1da,\u201c<\/em>\u00a0uzavrel \u0160eliga.<\/p>\n\n\n\n<p>Strana Demokrati o\u010dak\u00e1va jasn\u00e9 vysvetlenie a vyvodenie zodpovednosti.&nbsp;<\/p>\n\n\n<div class=\"fb-video\" data-href=\"https:\/\/www.facebook.com\/smedemokrati2023\/videos\/1114306789586421\" data-allowfullscreen=\"true\" data-autoplay=\"false\" data-width=\"\" data-show-text=\"false\" data-show-captions=\"true\"><\/div>\n","protected":false},"excerpt":{"rendered":"<p>Slovensko je \u017eia\u013e svedkom \u010fal\u0161ieho \u0161kand\u00e1lu. Mat\u00fa\u0161 \u0160utaj E\u0161tok a Peter Pellegrini si nadelili luxusn\u00e9 Mercedesy za \u0161t\u00e1tne peniaze. Ministerstvo vn\u00fatra 6. decembra podp\u00edsalo zmluvu na n\u00e1kup dvoch luxusn\u00fdch vozidiel \u2013 s okam\u017eit\u00fdm dodan\u00edm do 7 dn\u00ed, aby sa stihli e\u0161te pred Vianocami vozi\u0165 na nov\u00fdch aut\u00e1ch. Podpredseda strany Demokrati Juraj \u0160eliga reagoval ostro:\u00a0\u201eLek\u00e1ri dost\u00e1vaj\u00fa [&hellip;]<\/p>\n","protected":false},"author":13,"featured_media":5996,"comment_status":"closed","ping_status":"closed","sticky":false,"template":"","format":"standard","meta":{"_acf_changed":false,"ngg_post_thumbnail":0,"footnotes":""},"categories":[4],"tags":[],"class_list":["post-5995","post","type-post","status-publish","format-standard","has-post-thumbnail","hentry","category-tlacove-spravy"],"acf":[],"yoast_head":"<!-- This site is optimized with the Yoast SEO plugin v27.2 - https:\/\/yoast.com\/product\/yoast-seo-wordpress\/ -->\n<title>Mercedesy pre papal\u00e1\u0161ov, hrozby pre lek\u00e1rov<\/title>\n<meta name=\"robots\" content=\"index, follow, max-snippet:-1, max-image-preview:large, max-video-preview:-1\" \/>\n<link rel=\"canonical\" href=\"https:\/\/www.smedemokrati.sk\/cs\/mercedesy-pre-papalasov-hrozby-pre-lekarov\/\" \/>\n<meta property=\"og:locale\" content=\"cs_CZ\" \/>\n<meta property=\"og:locale:alternate\" content=\"en_US\" \/>\n<meta property=\"og:locale:alternate\" content=\"hu_HU\" \/>\n<meta property=\"og:locale:alternate\" content=\"sk_SK\" \/>\n<meta property=\"og:locale:alternate\" content=\"sv_SE\" \/>\n<meta property=\"og:type\" content=\"article\" \/>\n<meta property=\"og:title\" content=\"Mercedesy pre papal\u00e1\u0161ov, hrozby pre lek\u00e1rov\" \/>\n<meta property=\"og:description\" content=\"Slovensko je \u017eia\u013e svedkom \u010fal\u0161ieho \u0161kand\u00e1lu. Mat\u00fa\u0161 \u0160utaj E\u0161tok a Peter Pellegrini si nadelili luxusn\u00e9 Mercedesy za \u0161t\u00e1tne peniaze. Ministerstvo vn\u00fatra 6. decembra podp\u00edsalo zmluvu na n\u00e1kup dvoch luxusn\u00fdch vozidiel \u2013 s okam\u017eit\u00fdm dodan\u00edm do 7 dn\u00ed, aby sa stihli e\u0161te pred Vianocami vozi\u0165 na nov\u00fdch aut\u00e1ch. Podpredseda strany Demokrati Juraj \u0160eliga reagoval ostro:\u00a0\u201eLek\u00e1ri dost\u00e1vaj\u00fa [&hellip;]\" \/>\n<meta property=\"og:url\" content=\"https:\/\/www.smedemokrati.sk\/cs\/mercedesy-pre-papalasov-hrozby-pre-lekarov\/\" \/>\n<meta property=\"og:site_name\" content=\"Smedemokrati.sk\" \/>\n<meta property=\"article:publisher\" content=\"https:\/\/www.facebook.com\/smedemokrati2023\" \/>\n<meta property=\"article:published_time\" content=\"2024-12-13T15:23:54+00:00\" \/>\n<meta property=\"article:modified_time\" content=\"2024-12-19T08:36:58+00:00\" \/>\n<meta property=\"og:image\" content=\"https:\/\/www.smedemokrati.sk\/wp-content\/uploads\/2024\/12\/vianoce-mercedes.jpg\" \/>\n\t<meta property=\"og:image:width\" content=\"1600\" \/>\n\t<meta property=\"og:image:height\" content=\"1600\" \/>\n\t<meta property=\"og:image:type\" content=\"image\/jpeg\" \/>\n<meta name=\"author\" content=\"miro.sopko\" \/>\n<meta name=\"twitter:card\" content=\"summary_large_image\" \/>\n<meta name=\"twitter:label1\" content=\"Napsal(a)\" \/>\n\t<meta name=\"twitter:data1\" content=\"miro.sopko\" \/>\n\t<meta name=\"twitter:label2\" content=\"Odhadovan\u00e1 doba \u010dten\u00ed\" \/>\n\t<meta name=\"twitter:data2\" content=\"2 minuty\" \/>\n<script type=\"application\/ld+json\" class=\"yoast-schema-graph\">{\"@context\":\"https:\/\/schema.org\",\"@graph\":[{\"@type\":\"Article\",\"@id\":\"https:\/\/www.smedemokrati.sk\/mercedesy-pre-papalasov-hrozby-pre-lekarov\/#article\",\"isPartOf\":{\"@id\":\"https:\/\/www.smedemokrati.sk\/mercedesy-pre-papalasov-hrozby-pre-lekarov\/\"},\"author\":{\"name\":\"miro.sopko\",\"@id\":\"https:\/\/www.smedemokrati.sk\/#\/schema\/person\/21f147c88d605aa7ded900e1e7c344ba\"},\"headline\":\"Mercedesy pre papal\u00e1\u0161ov, hrozby pre lek\u00e1rov\",\"datePublished\":\"2024-12-13T15:23:54+00:00\",\"dateModified\":\"2024-12-19T08:36:58+00:00\",\"mainEntityOfPage\":{\"@id\":\"https:\/\/www.smedemokrati.sk\/mercedesy-pre-papalasov-hrozby-pre-lekarov\/\"},\"wordCount\":429,\"publisher\":{\"@id\":\"https:\/\/www.smedemokrati.sk\/#organization\"},\"image\":{\"@id\":\"https:\/\/www.smedemokrati.sk\/mercedesy-pre-papalasov-hrozby-pre-lekarov\/#primaryimage\"},\"thumbnailUrl\":\"https:\/\/www.smedemokrati.sk\/wp-content\/uploads\/2024\/12\/vianoce-mercedes.jpg\",\"articleSection\":[\"Tla\u010dov\u00e9 spr\u00e1vy\"],\"inLanguage\":\"cs-CZ\"},{\"@type\":\"WebPage\",\"@id\":\"https:\/\/www.smedemokrati.sk\/mercedesy-pre-papalasov-hrozby-pre-lekarov\/\",\"url\":\"https:\/\/www.smedemokrati.sk\/mercedesy-pre-papalasov-hrozby-pre-lekarov\/\",\"name\":\"Mercedesy pre papal\u00e1\u0161ov, hrozby pre lek\u00e1rov\",\"isPartOf\":{\"@id\":\"https:\/\/www.smedemokrati.sk\/#website\"},\"primaryImageOfPage\":{\"@id\":\"https:\/\/www.smedemokrati.sk\/mercedesy-pre-papalasov-hrozby-pre-lekarov\/#primaryimage\"},\"image\":{\"@id\":\"https:\/\/www.smedemokrati.sk\/mercedesy-pre-papalasov-hrozby-pre-lekarov\/#primaryimage\"},\"thumbnailUrl\":\"https:\/\/www.smedemokrati.sk\/wp-content\/uploads\/2024\/12\/vianoce-mercedes.jpg\",\"datePublished\":\"2024-12-13T15:23:54+00:00\",\"dateModified\":\"2024-12-19T08:36:58+00:00\",\"breadcrumb\":{\"@id\":\"https:\/\/www.smedemokrati.sk\/mercedesy-pre-papalasov-hrozby-pre-lekarov\/#breadcrumb\"},\"inLanguage\":\"cs-CZ\",\"potentialAction\":[{\"@type\":\"ReadAction\",\"target\":[\"https:\/\/www.smedemokrati.sk\/mercedesy-pre-papalasov-hrozby-pre-lekarov\/\"]}]},{\"@type\":\"ImageObject\",\"inLanguage\":\"cs-CZ\",\"@id\":\"https:\/\/www.smedemokrati.sk\/mercedesy-pre-papalasov-hrozby-pre-lekarov\/#primaryimage\",\"url\":\"https:\/\/www.smedemokrati.sk\/wp-content\/uploads\/2024\/12\/vianoce-mercedes.jpg\",\"contentUrl\":\"https:\/\/www.smedemokrati.sk\/wp-content\/uploads\/2024\/12\/vianoce-mercedes.jpg\",\"width\":1600,\"height\":1600},{\"@type\":\"BreadcrumbList\",\"@id\":\"https:\/\/www.smedemokrati.sk\/mercedesy-pre-papalasov-hrozby-pre-lekarov\/#breadcrumb\",\"itemListElement\":[{\"@type\":\"ListItem\",\"position\":1,\"name\":\"Domovsk\u00e1 str\u00e1nka\",\"item\":\"https:\/\/www.smedemokrati.sk\/\"},{\"@type\":\"ListItem\",\"position\":2,\"name\":\"Mercedesy pre papal\u00e1\u0161ov, hrozby pre lek\u00e1rov\"}]},{\"@type\":\"WebSite\",\"@id\":\"https:\/\/www.smedemokrati.sk\/#website\",\"url\":\"https:\/\/www.smedemokrati.sk\/\",\"name\":\"Smedemokrati.sk\",\"description\":\"Demokracia a slu\u0161nos\u0165 zv\u00ed\u0165az\u00ed\",\"publisher\":{\"@id\":\"https:\/\/www.smedemokrati.sk\/#organization\"},\"potentialAction\":[{\"@type\":\"SearchAction\",\"target\":{\"@type\":\"EntryPoint\",\"urlTemplate\":\"https:\/\/www.smedemokrati.sk\/?s={search_term_string}\"},\"query-input\":{\"@type\":\"PropertyValueSpecification\",\"valueRequired\":true,\"valueName\":\"search_term_string\"}}],\"inLanguage\":\"cs-CZ\"},{\"@type\":\"Organization\",\"@id\":\"https:\/\/www.smedemokrati.sk\/#organization\",\"name\":\"Smedemokrati.sk\",\"url\":\"https:\/\/www.smedemokrati.sk\/\",\"logo\":{\"@type\":\"ImageObject\",\"inLanguage\":\"cs-CZ\",\"@id\":\"https:\/\/www.smedemokrati.sk\/#\/schema\/logo\/image\/\",\"url\":\"https:\/\/www.smedemokrati.sk\/wp-content\/uploads\/2023\/04\/ff.002.jpeg\",\"contentUrl\":\"https:\/\/www.smedemokrati.sk\/wp-content\/uploads\/2023\/04\/ff.002.jpeg\",\"width\":640,\"height\":480,\"caption\":\"Smedemokrati.sk\"},\"image\":{\"@id\":\"https:\/\/www.smedemokrati.sk\/#\/schema\/logo\/image\/\"},\"sameAs\":[\"https:\/\/www.facebook.com\/smedemokrati2023\"]},{\"@type\":\"Person\",\"@id\":\"https:\/\/www.smedemokrati.sk\/#\/schema\/person\/21f147c88d605aa7ded900e1e7c344ba\",\"name\":\"miro.sopko\",\"image\":{\"@type\":\"ImageObject\",\"inLanguage\":\"cs-CZ\",\"@id\":\"https:\/\/secure.gravatar.com\/avatar\/267e4a36f704376c109afe3a78740c1f5dd8675a2180a908699e7863c9247606?s=96&d=mm&r=g\",\"url\":\"https:\/\/secure.gravatar.com\/avatar\/267e4a36f704376c109afe3a78740c1f5dd8675a2180a908699e7863c9247606?s=96&d=mm&r=g\",\"contentUrl\":\"https:\/\/secure.gravatar.com\/avatar\/267e4a36f704376c109afe3a78740c1f5dd8675a2180a908699e7863c9247606?s=96&d=mm&r=g\",\"caption\":\"miro.sopko\"},\"url\":\"https:\/\/www.smedemokrati.sk\/cs\/author\/miro-sopko\/\"}]}<\/script>\n<!-- \/ Yoast SEO plugin. -->","yoast_head_json":{"title":"Mercedesy pre papal\u00e1\u0161ov, hrozby pre lek\u00e1rov","robots":{"index":"index","follow":"follow","max-snippet":"max-snippet:-1","max-image-preview":"max-image-preview:large","max-video-preview":"max-video-preview:-1"},"canonical":"https:\/\/www.smedemokrati.sk\/cs\/mercedesy-pre-papalasov-hrozby-pre-lekarov\/","og_locale":"cs_CZ","og_type":"article","og_title":"[:sk]Mercedesy pre papal\u00e1\u0161ov, hrozby pre lek\u00e1rov[:] - Smedemokrati.sk","og_description":"Slovensko je \u017eia\u013e svedkom \u010fal\u0161ieho \u0161kand\u00e1lu. Mat\u00fa\u0161 \u0160utaj E\u0161tok a Peter Pellegrini si nadelili luxusn\u00e9 Mercedesy za \u0161t\u00e1tne peniaze. Ministerstvo vn\u00fatra 6. decembra podp\u00edsalo zmluvu na n\u00e1kup dvoch luxusn\u00fdch vozidiel \u2013 s okam\u017eit\u00fdm dodan\u00edm do 7 dn\u00ed, aby sa stihli e\u0161te pred Vianocami vozi\u0165 na nov\u00fdch aut\u00e1ch. Podpredseda strany Demokrati Juraj \u0160eliga reagoval ostro:\u00a0\u201eLek\u00e1ri dost\u00e1vaj\u00fa [&hellip;]","og_url":"https:\/\/www.smedemokrati.sk\/cs\/mercedesy-pre-papalasov-hrozby-pre-lekarov\/","og_site_name":"Smedemokrati.sk","article_publisher":"https:\/\/www.facebook.com\/smedemokrati2023","article_published_time":"2024-12-13T15:23:54+00:00","article_modified_time":"2024-12-19T08:36:58+00:00","og_image":[{"width":1600,"height":1600,"url":"https:\/\/www.smedemokrati.sk\/wp-content\/uploads\/2024\/12\/vianoce-mercedes.jpg","type":"image\/jpeg"}],"author":"miro.sopko","twitter_card":"summary_large_image","twitter_misc":{"Napsal(a)":"miro.sopko","Odhadovan\u00e1 doba \u010dten\u00ed":"2 minuty"},"schema":{"@context":"https:\/\/schema.org","@graph":[{"@type":"Article","@id":"https:\/\/www.smedemokrati.sk\/mercedesy-pre-papalasov-hrozby-pre-lekarov\/#article","isPartOf":{"@id":"https:\/\/www.smedemokrati.sk\/mercedesy-pre-papalasov-hrozby-pre-lekarov\/"},"author":{"name":"miro.sopko","@id":"https:\/\/www.smedemokrati.sk\/#\/schema\/person\/21f147c88d605aa7ded900e1e7c344ba"},"headline":"Mercedesy pre papal\u00e1\u0161ov, hrozby pre lek\u00e1rov","datePublished":"2024-12-13T15:23:54+00:00","dateModified":"2024-12-19T08:36:58+00:00","mainEntityOfPage":{"@id":"https:\/\/www.smedemokrati.sk\/mercedesy-pre-papalasov-hrozby-pre-lekarov\/"},"wordCount":429,"publisher":{"@id":"https:\/\/www.smedemokrati.sk\/#organization"},"image":{"@id":"https:\/\/www.smedemokrati.sk\/mercedesy-pre-papalasov-hrozby-pre-lekarov\/#primaryimage"},"thumbnailUrl":"https:\/\/www.smedemokrati.sk\/wp-content\/uploads\/2024\/12\/vianoce-mercedes.jpg","articleSection":["Tla\u010dov\u00e9 spr\u00e1vy"],"inLanguage":"cs-CZ"},{"@type":"WebPage","@id":"https:\/\/www.smedemokrati.sk\/mercedesy-pre-papalasov-hrozby-pre-lekarov\/","url":"https:\/\/www.smedemokrati.sk\/mercedesy-pre-papalasov-hrozby-pre-lekarov\/","name":"Mercedesy pre papal\u00e1\u0161ov, hrozby pre lek\u00e1rov","isPartOf":{"@id":"https:\/\/www.smedemokrati.sk\/#website"},"primaryImageOfPage":{"@id":"https:\/\/www.smedemokrati.sk\/mercedesy-pre-papalasov-hrozby-pre-lekarov\/#primaryimage"},"image":{"@id":"https:\/\/www.smedemokrati.sk\/mercedesy-pre-papalasov-hrozby-pre-lekarov\/#primaryimage"},"thumbnailUrl":"https:\/\/www.smedemokrati.sk\/wp-content\/uploads\/2024\/12\/vianoce-mercedes.jpg","datePublished":"2024-12-13T15:23:54+00:00","dateModified":"2024-12-19T08:36:58+00:00","breadcrumb":{"@id":"https:\/\/www.smedemokrati.sk\/mercedesy-pre-papalasov-hrozby-pre-lekarov\/#breadcrumb"},"inLanguage":"cs-CZ","potentialAction":[{"@type":"ReadAction","target":["https:\/\/www.smedemokrati.sk\/mercedesy-pre-papalasov-hrozby-pre-lekarov\/"]}]},{"@type":"ImageObject","inLanguage":"cs-CZ","@id":"https:\/\/www.smedemokrati.sk\/mercedesy-pre-papalasov-hrozby-pre-lekarov\/#primaryimage","url":"https:\/\/www.smedemokrati.sk\/wp-content\/uploads\/2024\/12\/vianoce-mercedes.jpg","contentUrl":"https:\/\/www.smedemokrati.sk\/wp-content\/uploads\/2024\/12\/vianoce-mercedes.jpg","width":1600,"height":1600},{"@type":"BreadcrumbList","@id":"https:\/\/www.smedemokrati.sk\/mercedesy-pre-papalasov-hrozby-pre-lekarov\/#breadcrumb","itemListElement":[{"@type":"ListItem","position":1,"name":"Domovsk\u00e1 str\u00e1nka","item":"https:\/\/www.smedemokrati.sk\/"},{"@type":"ListItem","position":2,"name":"Mercedesy pre papal\u00e1\u0161ov, hrozby pre lek\u00e1rov"}]},{"@type":"WebSite","@id":"https:\/\/www.smedemokrati.sk\/#website","url":"https:\/\/www.smedemokrati.sk\/","name":"Smedemokrati.sk","description":"Demokracia a slu\u0161nos\u0165 zv\u00ed\u0165az\u00ed","publisher":{"@id":"https:\/\/www.smedemokrati.sk\/#organization"},"potentialAction":[{"@type":"SearchAction","target":{"@type":"EntryPoint","urlTemplate":"https:\/\/www.smedemokrati.sk\/?s={search_term_string}"},"query-input":{"@type":"PropertyValueSpecification","valueRequired":true,"valueName":"search_term_string"}}],"inLanguage":"cs-CZ"},{"@type":"Organization","@id":"https:\/\/www.smedemokrati.sk\/#organization","name":"Smedemokrati.sk","url":"https:\/\/www.smedemokrati.sk\/","logo":{"@type":"ImageObject","inLanguage":"cs-CZ","@id":"https:\/\/www.smedemokrati.sk\/#\/schema\/logo\/image\/","url":"https:\/\/www.smedemokrati.sk\/wp-content\/uploads\/2023\/04\/ff.002.jpeg","contentUrl":"https:\/\/www.smedemokrati.sk\/wp-content\/uploads\/2023\/04\/ff.002.jpeg","width":640,"height":480,"caption":"Smedemokrati.sk"},"image":{"@id":"https:\/\/www.smedemokrati.sk\/#\/schema\/logo\/image\/"},"sameAs":["https:\/\/www.facebook.com\/smedemokrati2023"]},{"@type":"Person","@id":"https:\/\/www.smedemokrati.sk\/#\/schema\/person\/21f147c88d605aa7ded900e1e7c344ba","name":"miro.sopko","image":{"@type":"ImageObject","inLanguage":"cs-CZ","@id":"https:\/\/secure.gravatar.com\/avatar\/267e4a36f704376c109afe3a78740c1f5dd8675a2180a908699e7863c9247606?s=96&d=mm&r=g","url":"https:\/\/secure.gravatar.com\/avatar\/267e4a36f704376c109afe3a78740c1f5dd8675a2180a908699e7863c9247606?s=96&d=mm&r=g","contentUrl":"https:\/\/secure.gravatar.com\/avatar\/267e4a36f704376c109afe3a78740c1f5dd8675a2180a908699e7863c9247606?s=96&d=mm&r=g","caption":"miro.sopko"},"url":"https:\/\/www.smedemokrati.sk\/cs\/author\/miro-sopko\/"}]}},"_links":{"self":[{"href":"https:\/\/www.smedemokrati.sk\/cs\/wp-json\/wp\/v2\/posts\/5995","targetHints":{"allow":["GET"]}}],"collection":[{"href":"https:\/\/www.smedemokrati.sk\/cs\/wp-json\/wp\/v2\/posts"}],"about":[{"href":"https:\/\/www.smedemokrati.sk\/cs\/wp-json\/wp\/v2\/types\/post"}],"author":[{"embeddable":true,"href":"https:\/\/www.smedemokrati.sk\/cs\/wp-json\/wp\/v2\/users\/13"}],"replies":[{"embeddable":true,"href":"https:\/\/www.smedemokrati.sk\/cs\/wp-json\/wp\/v2\/comments?post=5995"}],"version-history":[{"count":1,"href":"https:\/\/www.smedemokrati.sk\/cs\/wp-json\/wp\/v2\/posts\/5995\/revisions"}],"predecessor-version":[{"id":5997,"href":"https:\/\/www.smedemokrati.sk\/cs\/wp-json\/wp\/v2\/posts\/5995\/revisions\/5997"}],"wp:featuredmedia":[{"embeddable":true,"href":"https:\/\/www.smedemokrati.sk\/cs\/wp-json\/wp\/v2\/media\/5996"}],"wp:attachment":[{"href":"https:\/\/www.smedemokrati.sk\/cs\/wp-json\/wp\/v2\/media?parent=5995"}],"wp:term":[{"taxonomy":"category","embeddable":true,"href":"https:\/\/www.smedemokrati.sk\/cs\/wp-json\/wp\/v2\/categories?post=5995"},{"taxonomy":"post_tag","embeddable":true,"href":"https:\/\/www.smedemokrati.sk\/cs\/wp-json\/wp\/v2\/tags?post=5995"}],"curies":[{"name":"wp","href":"https:\/\/api.w.org\/{rel}","templated":true}]}}