{"id":5986,"date":"2024-12-11T15:57:53","date_gmt":"2024-12-11T14:57:53","guid":{"rendered":"https:\/\/www.smedemokrati.sk\/?p=5986"},"modified":"2024-12-19T09:36:42","modified_gmt":"2024-12-19T08:36:42","slug":"na-chystanom-dialnicnom-useku-mozeme-usetrit-az-pol-miliardy-je-na-r-ficovi-kde-tieto-peniaze-skoncia","status":"publish","type":"post","link":"https:\/\/www.smedemokrati.sk\/cs\/na-chystanom-dialnicnom-useku-mozeme-usetrit-az-pol-miliardy-je-na-r-ficovi-kde-tieto-peniaze-skoncia\/","title":{"rendered":"Na chystanom dia\u013eni\u010dnom \u00faseku m\u00f4\u017eeme u\u0161etri\u0165 a\u017e pol miliardy, je na R. Ficovi, kde tieto peniaze skon\u010dia"},"content":{"rendered":"<div id=\"fb-root\"><\/div>\n\n<p><strong>Pod\u013ea expremi\u00e9ra Eduarda Hegera maj\u00fa zajtra na ministerstvo dopravy dorazi\u0165 cenov\u00e9 ponuky na posledn\u00fd dia\u013eni\u010dn\u00fd \u00fasek Turany &#8211; Hubov\u00e1: \u201eMateri\u00e1l z dielne ministerstva financi\u00ed, ktor\u00e9 vedie smer\u00e1cky nominant Kamenick\u00fd hovor\u00ed, \u017ee stavebn\u00e9 n\u00e1klady na tunely na tomto \u00faseku (Havran a Korbe\u013eka) s\u00fa v prepo\u010dte na 1 km a\u017e dvojn\u00e1sobn\u00e9, v porovnan\u00ed s in\u00fdmi tunelmi na Slovensku a dokonca prevy\u0161uj\u00fa be\u017en\u00e9 ceny, za ak\u00e9 vedia postavi\u0165 dia\u013enice na\u0161i susedia v Rak\u00fasku,&#8220; vysvet\u013euje Eduard Heger a dod\u00e1va, \u017ee v praxi to znamen\u00e1, \u017ee tieto \u00faseky bud\u00fa o pribli\u017ene 500 mili\u00f3nov eur predra\u017een\u00e9 a v\u00fdsledn\u00e1 suma sa bude pohybova\u0165 na \u00farovni 1,5 miliardy eur.<\/strong><\/p>\n\n\n\n<p>Pod\u013ea podpredsedu Demokratov Eduarda Hegera vedia by\u0165 tieto financie pou\u017eit\u00e9 napr\u00edklad pre zdravotn\u00edkov alebo do in\u00fdch segmentov, kde to ob\u010dania potrebuj\u00fa. <em>\u201eVyz\u00fdvam Roberta Fica, aby v \u017eiadnom pr\u00edpade nepodp\u00edsal obstar\u00e1vanie na 1,5 miliardy eur. D\u00f4razne ho vyz\u00fdvam, aby kone\u010dne konal v prospech Slovenska a zoh\u013eadnil odpor\u00fa\u010danie vlastn\u00e9ho ministra financi\u00ed a u\u0161etril pol miliardy eur.&#8220;<\/em><\/p>\n\n\n\n<p><em>\u201eToto je \u010fal\u0161\u00ed pr\u00edklad toho, \u017ee konsolid\u00e1cia v rozsahu, ako navrhuje vl\u00e1da Roberta Fica nepotrebujeme, preto\u017ee peniaze im le\u017eia doslova na stole. P\u00fdtam sa, ko\u013eko tak\u00fdchto obstar\u00e1van\u00ed e\u0161te n\u00e1jdeme? Toto s\u00fa na\u0161e peniaze, ktor\u00e9 premi\u00e9r Fico pre svoju neschopnos\u0165 doslova vyhadzuje hore kom\u00ednom,&#8220;<\/em> uzatv\u00e1ra Dominik Sumbal, ktor\u00fd je \u010dlenom expertnej skupiny pre ekonomiku.<\/p>\n\n\n<div class=\"fb-video\" data-href=\"https:\/\/fb.watch\/wpiFTkJ8fB\" data-allowfullscreen=\"true\" data-autoplay=\"false\" data-width=\"\" data-show-text=\"false\" data-show-captions=\"true\"><\/div>\n","protected":false},"excerpt":{"rendered":"<p>Pod\u013ea expremi\u00e9ra Eduarda Hegera maj\u00fa zajtra na ministerstvo dopravy dorazi\u0165 cenov\u00e9 ponuky na posledn\u00fd dia\u013eni\u010dn\u00fd \u00fasek Turany &#8211; Hubov\u00e1: \u201eMateri\u00e1l z dielne ministerstva financi\u00ed, ktor\u00e9 vedie smer\u00e1cky nominant Kamenick\u00fd hovor\u00ed, \u017ee stavebn\u00e9 n\u00e1klady na tunely na tomto \u00faseku (Havran a Korbe\u013eka) s\u00fa v prepo\u010dte na 1 km a\u017e dvojn\u00e1sobn\u00e9, v porovnan\u00ed s in\u00fdmi tunelmi na [&hellip;]<\/p>\n","protected":false},"author":13,"featured_media":5355,"comment_status":"closed","ping_status":"closed","sticky":false,"template":"","format":"standard","meta":{"_acf_changed":false,"ngg_post_thumbnail":0,"footnotes":""},"categories":[4],"tags":[],"class_list":["post-5986","post","type-post","status-publish","format-standard","has-post-thumbnail","hentry","category-tlacove-spravy"],"acf":[],"yoast_head":"<!-- This site is optimized with the Yoast SEO plugin v27.2 - https:\/\/yoast.com\/product\/yoast-seo-wordpress\/ -->\n<title>Na chystanom dia\u013eni\u010dnom \u00faseku m\u00f4\u017eeme u\u0161etri\u0165 a\u017e pol miliardy, je na R. Ficovi, kde tieto peniaze skon\u010dia<\/title>\n<meta name=\"robots\" content=\"index, follow, max-snippet:-1, max-image-preview:large, max-video-preview:-1\" \/>\n<link rel=\"canonical\" href=\"https:\/\/www.smedemokrati.sk\/cs\/na-chystanom-dialnicnom-useku-mozeme-usetrit-az-pol-miliardy-je-na-r-ficovi-kde-tieto-peniaze-skoncia\/\" \/>\n<meta property=\"og:locale\" content=\"cs_CZ\" \/>\n<meta property=\"og:locale:alternate\" content=\"en_US\" \/>\n<meta property=\"og:locale:alternate\" content=\"hu_HU\" \/>\n<meta property=\"og:locale:alternate\" content=\"sk_SK\" \/>\n<meta property=\"og:locale:alternate\" content=\"sv_SE\" \/>\n<meta property=\"og:type\" content=\"article\" \/>\n<meta property=\"og:title\" content=\"Na chystanom dia\u013eni\u010dnom \u00faseku m\u00f4\u017eeme u\u0161etri\u0165 a\u017e pol miliardy, je na R. Ficovi, kde tieto peniaze skon\u010dia\" \/>\n<meta property=\"og:description\" content=\"Pod\u013ea expremi\u00e9ra Eduarda Hegera maj\u00fa zajtra na ministerstvo dopravy dorazi\u0165 cenov\u00e9 ponuky na posledn\u00fd dia\u013eni\u010dn\u00fd \u00fasek Turany &#8211; Hubov\u00e1: \u201eMateri\u00e1l z dielne ministerstva financi\u00ed, ktor\u00e9 vedie smer\u00e1cky nominant Kamenick\u00fd hovor\u00ed, \u017ee stavebn\u00e9 n\u00e1klady na tunely na tomto \u00faseku (Havran a Korbe\u013eka) s\u00fa v prepo\u010dte na 1 km a\u017e dvojn\u00e1sobn\u00e9, v porovnan\u00ed s in\u00fdmi tunelmi na [&hellip;]\" \/>\n<meta property=\"og:url\" content=\"https:\/\/www.smedemokrati.sk\/cs\/na-chystanom-dialnicnom-useku-mozeme-usetrit-az-pol-miliardy-je-na-r-ficovi-kde-tieto-peniaze-skoncia\/\" \/>\n<meta property=\"og:site_name\" content=\"Smedemokrati.sk\" \/>\n<meta property=\"article:publisher\" content=\"https:\/\/www.facebook.com\/smedemokrati2023\" \/>\n<meta property=\"article:published_time\" content=\"2024-12-11T14:57:53+00:00\" \/>\n<meta property=\"article:modified_time\" content=\"2024-12-19T08:36:42+00:00\" \/>\n<meta property=\"og:image\" content=\"https:\/\/www.smedemokrati.sk\/wp-content\/uploads\/2024\/10\/vlada-skrti-ekonomiku.jpg\" \/>\n\t<meta property=\"og:image:width\" content=\"1401\" \/>\n\t<meta property=\"og:image:height\" content=\"826\" \/>\n\t<meta property=\"og:image:type\" content=\"image\/jpeg\" \/>\n<meta name=\"author\" content=\"miro.sopko\" \/>\n<meta name=\"twitter:card\" content=\"summary_large_image\" \/>\n<meta name=\"twitter:label1\" content=\"Napsal(a)\" \/>\n\t<meta name=\"twitter:data1\" content=\"miro.sopko\" \/>\n\t<meta name=\"twitter:label2\" content=\"Odhadovan\u00e1 doba \u010dten\u00ed\" \/>\n\t<meta name=\"twitter:data2\" content=\"2 minuty\" \/>\n<script type=\"application\/ld+json\" class=\"yoast-schema-graph\">{\"@context\":\"https:\/\/schema.org\",\"@graph\":[{\"@type\":\"Article\",\"@id\":\"https:\/\/www.smedemokrati.sk\/na-chystanom-dialnicnom-useku-mozeme-usetrit-az-pol-miliardy-je-na-r-ficovi-kde-tieto-peniaze-skoncia\/#article\",\"isPartOf\":{\"@id\":\"https:\/\/www.smedemokrati.sk\/na-chystanom-dialnicnom-useku-mozeme-usetrit-az-pol-miliardy-je-na-r-ficovi-kde-tieto-peniaze-skoncia\/\"},\"author\":{\"name\":\"miro.sopko\",\"@id\":\"https:\/\/www.smedemokrati.sk\/#\/schema\/person\/21f147c88d605aa7ded900e1e7c344ba\"},\"headline\":\"Na chystanom dia\u013eni\u010dnom \u00faseku m\u00f4\u017eeme u\u0161etri\u0165 a\u017e pol miliardy, je na R. Ficovi, kde tieto peniaze skon\u010dia\",\"datePublished\":\"2024-12-11T14:57:53+00:00\",\"dateModified\":\"2024-12-19T08:36:42+00:00\",\"mainEntityOfPage\":{\"@id\":\"https:\/\/www.smedemokrati.sk\/na-chystanom-dialnicnom-useku-mozeme-usetrit-az-pol-miliardy-je-na-r-ficovi-kde-tieto-peniaze-skoncia\/\"},\"wordCount\":291,\"publisher\":{\"@id\":\"https:\/\/www.smedemokrati.sk\/#organization\"},\"image\":{\"@id\":\"https:\/\/www.smedemokrati.sk\/na-chystanom-dialnicnom-useku-mozeme-usetrit-az-pol-miliardy-je-na-r-ficovi-kde-tieto-peniaze-skoncia\/#primaryimage\"},\"thumbnailUrl\":\"https:\/\/www.smedemokrati.sk\/wp-content\/uploads\/2024\/10\/vlada-skrti-ekonomiku.jpg\",\"articleSection\":[\"Tla\u010dov\u00e9 spr\u00e1vy\"],\"inLanguage\":\"cs-CZ\"},{\"@type\":\"WebPage\",\"@id\":\"https:\/\/www.smedemokrati.sk\/na-chystanom-dialnicnom-useku-mozeme-usetrit-az-pol-miliardy-je-na-r-ficovi-kde-tieto-peniaze-skoncia\/\",\"url\":\"https:\/\/www.smedemokrati.sk\/na-chystanom-dialnicnom-useku-mozeme-usetrit-az-pol-miliardy-je-na-r-ficovi-kde-tieto-peniaze-skoncia\/\",\"name\":\"Na chystanom dia\u013eni\u010dnom \u00faseku m\u00f4\u017eeme u\u0161etri\u0165 a\u017e pol miliardy, je na R. Ficovi, kde tieto peniaze skon\u010dia\",\"isPartOf\":{\"@id\":\"https:\/\/www.smedemokrati.sk\/#website\"},\"primaryImageOfPage\":{\"@id\":\"https:\/\/www.smedemokrati.sk\/na-chystanom-dialnicnom-useku-mozeme-usetrit-az-pol-miliardy-je-na-r-ficovi-kde-tieto-peniaze-skoncia\/#primaryimage\"},\"image\":{\"@id\":\"https:\/\/www.smedemokrati.sk\/na-chystanom-dialnicnom-useku-mozeme-usetrit-az-pol-miliardy-je-na-r-ficovi-kde-tieto-peniaze-skoncia\/#primaryimage\"},\"thumbnailUrl\":\"https:\/\/www.smedemokrati.sk\/wp-content\/uploads\/2024\/10\/vlada-skrti-ekonomiku.jpg\",\"datePublished\":\"2024-12-11T14:57:53+00:00\",\"dateModified\":\"2024-12-19T08:36:42+00:00\",\"breadcrumb\":{\"@id\":\"https:\/\/www.smedemokrati.sk\/na-chystanom-dialnicnom-useku-mozeme-usetrit-az-pol-miliardy-je-na-r-ficovi-kde-tieto-peniaze-skoncia\/#breadcrumb\"},\"inLanguage\":\"cs-CZ\",\"potentialAction\":[{\"@type\":\"ReadAction\",\"target\":[\"https:\/\/www.smedemokrati.sk\/na-chystanom-dialnicnom-useku-mozeme-usetrit-az-pol-miliardy-je-na-r-ficovi-kde-tieto-peniaze-skoncia\/\"]}]},{\"@type\":\"ImageObject\",\"inLanguage\":\"cs-CZ\",\"@id\":\"https:\/\/www.smedemokrati.sk\/na-chystanom-dialnicnom-useku-mozeme-usetrit-az-pol-miliardy-je-na-r-ficovi-kde-tieto-peniaze-skoncia\/#primaryimage\",\"url\":\"https:\/\/www.smedemokrati.sk\/wp-content\/uploads\/2024\/10\/vlada-skrti-ekonomiku.jpg\",\"contentUrl\":\"https:\/\/www.smedemokrati.sk\/wp-content\/uploads\/2024\/10\/vlada-skrti-ekonomiku.jpg\",\"width\":1401,\"height\":826},{\"@type\":\"BreadcrumbList\",\"@id\":\"https:\/\/www.smedemokrati.sk\/na-chystanom-dialnicnom-useku-mozeme-usetrit-az-pol-miliardy-je-na-r-ficovi-kde-tieto-peniaze-skoncia\/#breadcrumb\",\"itemListElement\":[{\"@type\":\"ListItem\",\"position\":1,\"name\":\"Domovsk\u00e1 str\u00e1nka\",\"item\":\"https:\/\/www.smedemokrati.sk\/\"},{\"@type\":\"ListItem\",\"position\":2,\"name\":\"Na chystanom dia\u013eni\u010dnom \u00faseku m\u00f4\u017eeme u\u0161etri\u0165 a\u017e pol miliardy, je na R. Ficovi, kde tieto peniaze skon\u010dia\"}]},{\"@type\":\"WebSite\",\"@id\":\"https:\/\/www.smedemokrati.sk\/#website\",\"url\":\"https:\/\/www.smedemokrati.sk\/\",\"name\":\"Smedemokrati.sk\",\"description\":\"Demokracia a slu\u0161nos\u0165 zv\u00ed\u0165az\u00ed\",\"publisher\":{\"@id\":\"https:\/\/www.smedemokrati.sk\/#organization\"},\"potentialAction\":[{\"@type\":\"SearchAction\",\"target\":{\"@type\":\"EntryPoint\",\"urlTemplate\":\"https:\/\/www.smedemokrati.sk\/?s={search_term_string}\"},\"query-input\":{\"@type\":\"PropertyValueSpecification\",\"valueRequired\":true,\"valueName\":\"search_term_string\"}}],\"inLanguage\":\"cs-CZ\"},{\"@type\":\"Organization\",\"@id\":\"https:\/\/www.smedemokrati.sk\/#organization\",\"name\":\"Smedemokrati.sk\",\"url\":\"https:\/\/www.smedemokrati.sk\/\",\"logo\":{\"@type\":\"ImageObject\",\"inLanguage\":\"cs-CZ\",\"@id\":\"https:\/\/www.smedemokrati.sk\/#\/schema\/logo\/image\/\",\"url\":\"https:\/\/www.smedemokrati.sk\/wp-content\/uploads\/2023\/04\/ff.002.jpeg\",\"contentUrl\":\"https:\/\/www.smedemokrati.sk\/wp-content\/uploads\/2023\/04\/ff.002.jpeg\",\"width\":640,\"height\":480,\"caption\":\"Smedemokrati.sk\"},\"image\":{\"@id\":\"https:\/\/www.smedemokrati.sk\/#\/schema\/logo\/image\/\"},\"sameAs\":[\"https:\/\/www.facebook.com\/smedemokrati2023\"]},{\"@type\":\"Person\",\"@id\":\"https:\/\/www.smedemokrati.sk\/#\/schema\/person\/21f147c88d605aa7ded900e1e7c344ba\",\"name\":\"miro.sopko\",\"image\":{\"@type\":\"ImageObject\",\"inLanguage\":\"cs-CZ\",\"@id\":\"https:\/\/secure.gravatar.com\/avatar\/267e4a36f704376c109afe3a78740c1f5dd8675a2180a908699e7863c9247606?s=96&d=mm&r=g\",\"url\":\"https:\/\/secure.gravatar.com\/avatar\/267e4a36f704376c109afe3a78740c1f5dd8675a2180a908699e7863c9247606?s=96&d=mm&r=g\",\"contentUrl\":\"https:\/\/secure.gravatar.com\/avatar\/267e4a36f704376c109afe3a78740c1f5dd8675a2180a908699e7863c9247606?s=96&d=mm&r=g\",\"caption\":\"miro.sopko\"},\"url\":\"https:\/\/www.smedemokrati.sk\/cs\/author\/miro-sopko\/\"}]}<\/script>\n<!-- \/ Yoast SEO plugin. -->","yoast_head_json":{"title":"Na chystanom dia\u013eni\u010dnom \u00faseku m\u00f4\u017eeme u\u0161etri\u0165 a\u017e pol miliardy, je na R. Ficovi, kde tieto peniaze skon\u010dia","robots":{"index":"index","follow":"follow","max-snippet":"max-snippet:-1","max-image-preview":"max-image-preview:large","max-video-preview":"max-video-preview:-1"},"canonical":"https:\/\/www.smedemokrati.sk\/cs\/na-chystanom-dialnicnom-useku-mozeme-usetrit-az-pol-miliardy-je-na-r-ficovi-kde-tieto-peniaze-skoncia\/","og_locale":"cs_CZ","og_type":"article","og_title":"[:sk]Na chystanom dia\u013eni\u010dnom \u00faseku m\u00f4\u017eeme u\u0161etri\u0165 a\u017e pol miliardy, je na R. Ficovi, kde tieto peniaze skon\u010dia[:] - Smedemokrati.sk","og_description":"Pod\u013ea expremi\u00e9ra Eduarda Hegera maj\u00fa zajtra na ministerstvo dopravy dorazi\u0165 cenov\u00e9 ponuky na posledn\u00fd dia\u013eni\u010dn\u00fd \u00fasek Turany &#8211; Hubov\u00e1: \u201eMateri\u00e1l z dielne ministerstva financi\u00ed, ktor\u00e9 vedie smer\u00e1cky nominant Kamenick\u00fd hovor\u00ed, \u017ee stavebn\u00e9 n\u00e1klady na tunely na tomto \u00faseku (Havran a Korbe\u013eka) s\u00fa v prepo\u010dte na 1 km a\u017e dvojn\u00e1sobn\u00e9, v porovnan\u00ed s in\u00fdmi tunelmi na [&hellip;]","og_url":"https:\/\/www.smedemokrati.sk\/cs\/na-chystanom-dialnicnom-useku-mozeme-usetrit-az-pol-miliardy-je-na-r-ficovi-kde-tieto-peniaze-skoncia\/","og_site_name":"Smedemokrati.sk","article_publisher":"https:\/\/www.facebook.com\/smedemokrati2023","article_published_time":"2024-12-11T14:57:53+00:00","article_modified_time":"2024-12-19T08:36:42+00:00","og_image":[{"width":1401,"height":826,"url":"https:\/\/www.smedemokrati.sk\/wp-content\/uploads\/2024\/10\/vlada-skrti-ekonomiku.jpg","type":"image\/jpeg"}],"author":"miro.sopko","twitter_card":"summary_large_image","twitter_misc":{"Napsal(a)":"miro.sopko","Odhadovan\u00e1 doba \u010dten\u00ed":"2 minuty"},"schema":{"@context":"https:\/\/schema.org","@graph":[{"@type":"Article","@id":"https:\/\/www.smedemokrati.sk\/na-chystanom-dialnicnom-useku-mozeme-usetrit-az-pol-miliardy-je-na-r-ficovi-kde-tieto-peniaze-skoncia\/#article","isPartOf":{"@id":"https:\/\/www.smedemokrati.sk\/na-chystanom-dialnicnom-useku-mozeme-usetrit-az-pol-miliardy-je-na-r-ficovi-kde-tieto-peniaze-skoncia\/"},"author":{"name":"miro.sopko","@id":"https:\/\/www.smedemokrati.sk\/#\/schema\/person\/21f147c88d605aa7ded900e1e7c344ba"},"headline":"Na chystanom dia\u013eni\u010dnom \u00faseku m\u00f4\u017eeme u\u0161etri\u0165 a\u017e pol miliardy, je na R. Ficovi, kde tieto peniaze skon\u010dia","datePublished":"2024-12-11T14:57:53+00:00","dateModified":"2024-12-19T08:36:42+00:00","mainEntityOfPage":{"@id":"https:\/\/www.smedemokrati.sk\/na-chystanom-dialnicnom-useku-mozeme-usetrit-az-pol-miliardy-je-na-r-ficovi-kde-tieto-peniaze-skoncia\/"},"wordCount":291,"publisher":{"@id":"https:\/\/www.smedemokrati.sk\/#organization"},"image":{"@id":"https:\/\/www.smedemokrati.sk\/na-chystanom-dialnicnom-useku-mozeme-usetrit-az-pol-miliardy-je-na-r-ficovi-kde-tieto-peniaze-skoncia\/#primaryimage"},"thumbnailUrl":"https:\/\/www.smedemokrati.sk\/wp-content\/uploads\/2024\/10\/vlada-skrti-ekonomiku.jpg","articleSection":["Tla\u010dov\u00e9 spr\u00e1vy"],"inLanguage":"cs-CZ"},{"@type":"WebPage","@id":"https:\/\/www.smedemokrati.sk\/na-chystanom-dialnicnom-useku-mozeme-usetrit-az-pol-miliardy-je-na-r-ficovi-kde-tieto-peniaze-skoncia\/","url":"https:\/\/www.smedemokrati.sk\/na-chystanom-dialnicnom-useku-mozeme-usetrit-az-pol-miliardy-je-na-r-ficovi-kde-tieto-peniaze-skoncia\/","name":"Na chystanom dia\u013eni\u010dnom \u00faseku m\u00f4\u017eeme u\u0161etri\u0165 a\u017e pol miliardy, je na R. Ficovi, kde tieto peniaze skon\u010dia","isPartOf":{"@id":"https:\/\/www.smedemokrati.sk\/#website"},"primaryImageOfPage":{"@id":"https:\/\/www.smedemokrati.sk\/na-chystanom-dialnicnom-useku-mozeme-usetrit-az-pol-miliardy-je-na-r-ficovi-kde-tieto-peniaze-skoncia\/#primaryimage"},"image":{"@id":"https:\/\/www.smedemokrati.sk\/na-chystanom-dialnicnom-useku-mozeme-usetrit-az-pol-miliardy-je-na-r-ficovi-kde-tieto-peniaze-skoncia\/#primaryimage"},"thumbnailUrl":"https:\/\/www.smedemokrati.sk\/wp-content\/uploads\/2024\/10\/vlada-skrti-ekonomiku.jpg","datePublished":"2024-12-11T14:57:53+00:00","dateModified":"2024-12-19T08:36:42+00:00","breadcrumb":{"@id":"https:\/\/www.smedemokrati.sk\/na-chystanom-dialnicnom-useku-mozeme-usetrit-az-pol-miliardy-je-na-r-ficovi-kde-tieto-peniaze-skoncia\/#breadcrumb"},"inLanguage":"cs-CZ","potentialAction":[{"@type":"ReadAction","target":["https:\/\/www.smedemokrati.sk\/na-chystanom-dialnicnom-useku-mozeme-usetrit-az-pol-miliardy-je-na-r-ficovi-kde-tieto-peniaze-skoncia\/"]}]},{"@type":"ImageObject","inLanguage":"cs-CZ","@id":"https:\/\/www.smedemokrati.sk\/na-chystanom-dialnicnom-useku-mozeme-usetrit-az-pol-miliardy-je-na-r-ficovi-kde-tieto-peniaze-skoncia\/#primaryimage","url":"https:\/\/www.smedemokrati.sk\/wp-content\/uploads\/2024\/10\/vlada-skrti-ekonomiku.jpg","contentUrl":"https:\/\/www.smedemokrati.sk\/wp-content\/uploads\/2024\/10\/vlada-skrti-ekonomiku.jpg","width":1401,"height":826},{"@type":"BreadcrumbList","@id":"https:\/\/www.smedemokrati.sk\/na-chystanom-dialnicnom-useku-mozeme-usetrit-az-pol-miliardy-je-na-r-ficovi-kde-tieto-peniaze-skoncia\/#breadcrumb","itemListElement":[{"@type":"ListItem","position":1,"name":"Domovsk\u00e1 str\u00e1nka","item":"https:\/\/www.smedemokrati.sk\/"},{"@type":"ListItem","position":2,"name":"Na chystanom dia\u013eni\u010dnom \u00faseku m\u00f4\u017eeme u\u0161etri\u0165 a\u017e pol miliardy, je na R. Ficovi, kde tieto peniaze skon\u010dia"}]},{"@type":"WebSite","@id":"https:\/\/www.smedemokrati.sk\/#website","url":"https:\/\/www.smedemokrati.sk\/","name":"Smedemokrati.sk","description":"Demokracia a slu\u0161nos\u0165 zv\u00ed\u0165az\u00ed","publisher":{"@id":"https:\/\/www.smedemokrati.sk\/#organization"},"potentialAction":[{"@type":"SearchAction","target":{"@type":"EntryPoint","urlTemplate":"https:\/\/www.smedemokrati.sk\/?s={search_term_string}"},"query-input":{"@type":"PropertyValueSpecification","valueRequired":true,"valueName":"search_term_string"}}],"inLanguage":"cs-CZ"},{"@type":"Organization","@id":"https:\/\/www.smedemokrati.sk\/#organization","name":"Smedemokrati.sk","url":"https:\/\/www.smedemokrati.sk\/","logo":{"@type":"ImageObject","inLanguage":"cs-CZ","@id":"https:\/\/www.smedemokrati.sk\/#\/schema\/logo\/image\/","url":"https:\/\/www.smedemokrati.sk\/wp-content\/uploads\/2023\/04\/ff.002.jpeg","contentUrl":"https:\/\/www.smedemokrati.sk\/wp-content\/uploads\/2023\/04\/ff.002.jpeg","width":640,"height":480,"caption":"Smedemokrati.sk"},"image":{"@id":"https:\/\/www.smedemokrati.sk\/#\/schema\/logo\/image\/"},"sameAs":["https:\/\/www.facebook.com\/smedemokrati2023"]},{"@type":"Person","@id":"https:\/\/www.smedemokrati.sk\/#\/schema\/person\/21f147c88d605aa7ded900e1e7c344ba","name":"miro.sopko","image":{"@type":"ImageObject","inLanguage":"cs-CZ","@id":"https:\/\/secure.gravatar.com\/avatar\/267e4a36f704376c109afe3a78740c1f5dd8675a2180a908699e7863c9247606?s=96&d=mm&r=g","url":"https:\/\/secure.gravatar.com\/avatar\/267e4a36f704376c109afe3a78740c1f5dd8675a2180a908699e7863c9247606?s=96&d=mm&r=g","contentUrl":"https:\/\/secure.gravatar.com\/avatar\/267e4a36f704376c109afe3a78740c1f5dd8675a2180a908699e7863c9247606?s=96&d=mm&r=g","caption":"miro.sopko"},"url":"https:\/\/www.smedemokrati.sk\/cs\/author\/miro-sopko\/"}]}},"_links":{"self":[{"href":"https:\/\/www.smedemokrati.sk\/cs\/wp-json\/wp\/v2\/posts\/5986","targetHints":{"allow":["GET"]}}],"collection":[{"href":"https:\/\/www.smedemokrati.sk\/cs\/wp-json\/wp\/v2\/posts"}],"about":[{"href":"https:\/\/www.smedemokrati.sk\/cs\/wp-json\/wp\/v2\/types\/post"}],"author":[{"embeddable":true,"href":"https:\/\/www.smedemokrati.sk\/cs\/wp-json\/wp\/v2\/users\/13"}],"replies":[{"embeddable":true,"href":"https:\/\/www.smedemokrati.sk\/cs\/wp-json\/wp\/v2\/comments?post=5986"}],"version-history":[{"count":1,"href":"https:\/\/www.smedemokrati.sk\/cs\/wp-json\/wp\/v2\/posts\/5986\/revisions"}],"predecessor-version":[{"id":5987,"href":"https:\/\/www.smedemokrati.sk\/cs\/wp-json\/wp\/v2\/posts\/5986\/revisions\/5987"}],"wp:featuredmedia":[{"embeddable":true,"href":"https:\/\/www.smedemokrati.sk\/cs\/wp-json\/wp\/v2\/media\/5355"}],"wp:attachment":[{"href":"https:\/\/www.smedemokrati.sk\/cs\/wp-json\/wp\/v2\/media?parent=5986"}],"wp:term":[{"taxonomy":"category","embeddable":true,"href":"https:\/\/www.smedemokrati.sk\/cs\/wp-json\/wp\/v2\/categories?post=5986"},{"taxonomy":"post_tag","embeddable":true,"href":"https:\/\/www.smedemokrati.sk\/cs\/wp-json\/wp\/v2\/tags?post=5986"}],"curies":[{"name":"wp","href":"https:\/\/api.w.org\/{rel}","templated":true}]}}