{"id":5965,"date":"2024-12-09T12:22:48","date_gmt":"2024-12-09T11:22:48","guid":{"rendered":"https:\/\/www.smedemokrati.sk\/?p=5965"},"modified":"2024-12-17T07:27:18","modified_gmt":"2024-12-17T06:27:18","slug":"sutaj-estok-sedel-vo-vip-ke-na-f1-v-abu-dhabi-zatial-co-krmil-verejnost-prednahratymi-videam","status":"publish","type":"post","link":"https:\/\/www.smedemokrati.sk\/cs\/sutaj-estok-sedel-vo-vip-ke-na-f1-v-abu-dhabi-zatial-co-krmil-verejnost-prednahratymi-videam\/","title":{"rendered":"\u0160utaj E\u0161tok sedel vo VIP-ke na F1 v Abu Dhabi, zatia\u013e \u010do k\u0155mil verejnos\u0165 prednahrat\u00fdmi videam"},"content":{"rendered":"<div id=\"fb-root\"><\/div>\n\n<p><strong>Pod\u013ea inform\u00e1ci\u00ed Demokratov bol Mat\u00fa\u0161 \u0160utaj E\u0161tok na Formule 1 v Abu Dhabi, zatia\u013e \u010do verejnos\u0165 k\u0155mil prednahrat\u00fdmi videami. Vo VIP z\u00f3ne sa mal stretn\u00fa\u0165 s b\u00fdval\u00fdm ministrom spravodlivosti Jurajom Borecom a&nbsp;<\/strong><strong>Jurajom \u0160a\u0161tinsk\u00fdm z finan\u010dnej skupiny PPF. Demokrati sa p\u00fdtaj\u00fa kto v\u00fdlet platil, s k\u00fdm ka\u017ed\u00fdm sa minister vn\u00fatra stretol a pre\u010do zav\u00e1dzal verejnos\u0165 komunik\u00e1ciou na soci\u00e1lnych sie\u0165ach?<\/strong><\/p>\n\n\n\n<p>Jaroslav Na\u010f podpredseda strany predpoklad\u00e1, \u017ee v\u00fdlet ministra mohol st\u00e1\u0165 vy\u0161e 30 tis\u00edc eur:\u00a0<em>\u201ePoviem to satiricky, \u017ee ak p\u00e1n minister predal jedny zo svojich hodiniek, mohol si tento drah\u00fd \u0161p\u00e1s dovoli\u0165. No v \u010dase ke\u010f je rozpadnut\u00fd policajn\u00fd zbor, kolabuje zdravotn\u00edctvo a na \u0161koly u\u017e rok chodia v\u00fdhra\u017en\u00e9 maily, je nechutn\u00e9, \u017ee minister vn\u00fatra ide na tak\u00fdto v\u00fdlet. Ja sa v\u0161ak p\u00fdtam, kto mal na staros\u0165 na\u0161u bezpe\u010dnos\u0165 a ochranu vzdu\u0161n\u00e9ho priestoru? V\u010dera na Slovensku neboli toti\u017e ani minister obrany a vn\u00fatra, minister zahrani\u010dn\u00fdch vec\u00ed ani ministerka hospod\u00e1rstva a ani predseda vl\u00e1dy a tie\u017e ani prezident,&#8220;<\/em>\u00a0hovor\u00ed Jaroslav Na\u010f a vysvet\u013euje, \u017ee minister obrany m\u00e1 v zodpovednosti vzdu\u0161n\u00fd priestor SR v pr\u00edpade napadnutia a ak nie je na \u00fazem\u00ed Slovenska, mus\u00ed poveri\u0165 in\u00e9ho vy\u0161kolen\u00e9ho \u010dlena vl\u00e1dy. Preto sa p\u00fdta, \u010di ten na koho padlo rozhodnutie o pr\u00edpadnom zostrelen\u00ed lietadla v pr\u00edpade naru\u0161enia vzdu\u0161n\u00e9ho priestoru bola pani \u0160imkovi\u010dov\u00e1.\u00a0<\/p>\n\n\n\n<p><em>\u201eMat\u00fa\u0161 \u0160utaj E\u0161tok u\u017e vo \u0161tvrtok ve\u010der odletel z Viedne. Fotky z Mikul\u00e1\u0161a so svojimi de\u0165mi a \u010fal\u0161ie vide\u00e1 mal u\u017e dopredu nachystan\u00e9 a k\u0155mil nimi slovensk\u00fa verejnos\u0165, zatia\u013e \u010do sedel v pohodlnej VIPke s osobami, ktor\u00e9 s\u00fa zn\u00e1me z r\u00f4znych finan\u010dn\u00fdch skup\u00edn. Ve\u010f ak si to platil s\u00e1m, nech to povie a ospravedln\u00ed sa, \u017ee v\u0161etk\u00fdch klamal. K t\u00e9me m\u00e1me samozrejme viac inform\u00e1ci\u00ed, po\u010dk\u00e1me si v\u0161ak na reakciu Mat\u00fa\u0161a \u0160utaja E\u0161toka. No k\u00fdm mimovl\u00e1dne organiz\u00e1cie chc\u00fa vl\u00e1dni poslanci ozna\u010dova\u0165 za lobistov, ak sa stretn\u00fa s poslancom, ako chc\u00fa ozna\u010dova\u0165 seba? Pre\u010do sa skr\u00fdval p\u00e1n \u0160utaj E\u0161tok a nepovedal verejne, \u017ee odch\u00e1dza do Abu Dhabi? O to viac je to cynick\u00e9, \u017ee cez Facebook odkazuje lek\u00e1rom, \u017ee sa maj\u00fa \u201euskromni\u0165&#8220;, tak on potajomky, ako &#8222;zlodej nocou&#8220; lieta na F1 do Abu Dhabi?&#8220;\u00a0<\/em>uzatv\u00e1ra Juraj \u0160eliga, podpredseda Demokratov.<\/p>\n\n\n\n<p>Demokrati vyz\u00fdvaj\u00fa Mat\u00fa\u0161a \u0160utaja E\u0161toka aby zverejnil v\u0161etky fakt\u00fary, aby odpovedal kto v\u00fdlet platil a s k\u00fdm ka\u017ed\u00fdm sa cez v\u00edkend stretol. Z\u00e1rove\u0148 dod\u00e1vaj\u00fa, \u017ee minister vn\u00fatra mus\u00ed bezodkladne skon\u010di\u0165 vo svojej funkcii.&nbsp;<\/p>\n\n\n\n<p>Demokrati sa na tla\u010dovej konferencii p\u00fdtali, \u010di sa v Abu Dhabi stretol Mat\u00fa\u0161 \u0160utaj E\u0161tok s Jaroslavom Ha\u0161\u010d\u00e1kom, preto\u017ee pod\u013ea emailu, ktor\u00fd dostali Demokrati mal by\u0165 v Abu Dhabi aj p\u00e1n Jaroslav Ha\u0161\u010d\u00e1k. Po tla\u010dovej konferencii n\u00e1s kontaktoval p\u00e1n Ha\u0161\u010d\u00e1k s tvrden\u00edm, \u017ee on v Abu Dhabi nebol a s p\u00e1nom E\u0161tokom sa tam teda nestretol.&nbsp;<\/p>\n\n\n<div class=\"fb-video\" data-href=\"https:\/\/fb.watch\/wmuL1VkU1k\" data-allowfullscreen=\"true\" data-autoplay=\"false\" data-width=\"\" data-show-text=\"false\" data-show-captions=\"true\"><\/div>\n","protected":false},"excerpt":{"rendered":"<p>Pod\u013ea inform\u00e1ci\u00ed Demokratov bol Mat\u00fa\u0161 \u0160utaj E\u0161tok na Formule 1 v Abu Dhabi, zatia\u013e \u010do verejnos\u0165 k\u0155mil prednahrat\u00fdmi videami. Vo VIP z\u00f3ne sa mal stretn\u00fa\u0165 s b\u00fdval\u00fdm ministrom spravodlivosti Jurajom Borecom a&nbsp;Jurajom \u0160a\u0161tinsk\u00fdm z finan\u010dnej skupiny PPF. Demokrati sa p\u00fdtaj\u00fa kto v\u00fdlet platil, s k\u00fdm ka\u017ed\u00fdm sa minister vn\u00fatra stretol a pre\u010do zav\u00e1dzal verejnos\u0165 komunik\u00e1ciou [&hellip;]<\/p>\n","protected":false},"author":13,"featured_media":5968,"comment_status":"closed","ping_status":"closed","sticky":false,"template":"","format":"standard","meta":{"_acf_changed":false,"ngg_post_thumbnail":0,"footnotes":""},"categories":[4],"tags":[],"class_list":["post-5965","post","type-post","status-publish","format-standard","has-post-thumbnail","hentry","category-tlacove-spravy"],"acf":[],"yoast_head":"<!-- This site is optimized with the Yoast SEO plugin v27.2 - https:\/\/yoast.com\/product\/yoast-seo-wordpress\/ -->\n<title>\u0160utaj E\u0161tok sedel vo VIP-ke na F1 v Abu Dhabi, zatia\u013e \u010do k\u0155mil verejnos\u0165 prednahrat\u00fdmi videam<\/title>\n<meta name=\"robots\" content=\"index, follow, max-snippet:-1, max-image-preview:large, max-video-preview:-1\" \/>\n<link rel=\"canonical\" href=\"https:\/\/www.smedemokrati.sk\/cs\/sutaj-estok-sedel-vo-vip-ke-na-f1-v-abu-dhabi-zatial-co-krmil-verejnost-prednahratymi-videam\/\" \/>\n<meta property=\"og:locale\" content=\"cs_CZ\" \/>\n<meta property=\"og:locale:alternate\" content=\"en_US\" \/>\n<meta property=\"og:locale:alternate\" content=\"hu_HU\" \/>\n<meta property=\"og:locale:alternate\" content=\"sk_SK\" \/>\n<meta property=\"og:locale:alternate\" content=\"sv_SE\" \/>\n<meta property=\"og:type\" content=\"article\" \/>\n<meta property=\"og:title\" content=\"\u0160utaj E\u0161tok sedel vo VIP-ke na F1 v Abu Dhabi, zatia\u013e \u010do k\u0155mil verejnos\u0165 prednahrat\u00fdmi videam\" \/>\n<meta property=\"og:description\" content=\"Pod\u013ea inform\u00e1ci\u00ed Demokratov bol Mat\u00fa\u0161 \u0160utaj E\u0161tok na Formule 1 v Abu Dhabi, zatia\u013e \u010do verejnos\u0165 k\u0155mil prednahrat\u00fdmi videami. Vo VIP z\u00f3ne sa mal stretn\u00fa\u0165 s b\u00fdval\u00fdm ministrom spravodlivosti Jurajom Borecom a&nbsp;Jurajom \u0160a\u0161tinsk\u00fdm z finan\u010dnej skupiny PPF. Demokrati sa p\u00fdtaj\u00fa kto v\u00fdlet platil, s k\u00fdm ka\u017ed\u00fdm sa minister vn\u00fatra stretol a pre\u010do zav\u00e1dzal verejnos\u0165 komunik\u00e1ciou [&hellip;]\" \/>\n<meta property=\"og:url\" content=\"https:\/\/www.smedemokrati.sk\/cs\/sutaj-estok-sedel-vo-vip-ke-na-f1-v-abu-dhabi-zatial-co-krmil-verejnost-prednahratymi-videam\/\" \/>\n<meta property=\"og:site_name\" content=\"Smedemokrati.sk\" \/>\n<meta property=\"article:publisher\" content=\"https:\/\/www.facebook.com\/smedemokrati2023\" \/>\n<meta property=\"article:published_time\" content=\"2024-12-09T11:22:48+00:00\" \/>\n<meta property=\"article:modified_time\" content=\"2024-12-17T06:27:18+00:00\" \/>\n<meta property=\"og:image\" content=\"https:\/\/www.smedemokrati.sk\/wp-content\/uploads\/2024\/12\/matus-kukaj-pretek.jpg\" \/>\n\t<meta property=\"og:image:width\" content=\"1808\" \/>\n\t<meta property=\"og:image:height\" content=\"971\" \/>\n\t<meta property=\"og:image:type\" content=\"image\/jpeg\" \/>\n<meta name=\"author\" content=\"miro.sopko\" \/>\n<meta name=\"twitter:card\" content=\"summary_large_image\" \/>\n<meta name=\"twitter:label1\" content=\"Napsal(a)\" \/>\n\t<meta name=\"twitter:data1\" content=\"miro.sopko\" \/>\n\t<meta name=\"twitter:label2\" content=\"Odhadovan\u00e1 doba \u010dten\u00ed\" \/>\n\t<meta name=\"twitter:data2\" content=\"3 minuty\" \/>\n<script type=\"application\/ld+json\" class=\"yoast-schema-graph\">{\"@context\":\"https:\/\/schema.org\",\"@graph\":[{\"@type\":\"Article\",\"@id\":\"https:\/\/www.smedemokrati.sk\/sutaj-estok-sedel-vo-vip-ke-na-f1-v-abu-dhabi-zatial-co-krmil-verejnost-prednahratymi-videam\/#article\",\"isPartOf\":{\"@id\":\"https:\/\/www.smedemokrati.sk\/sutaj-estok-sedel-vo-vip-ke-na-f1-v-abu-dhabi-zatial-co-krmil-verejnost-prednahratymi-videam\/\"},\"author\":{\"name\":\"miro.sopko\",\"@id\":\"https:\/\/www.smedemokrati.sk\/#\/schema\/person\/21f147c88d605aa7ded900e1e7c344ba\"},\"headline\":\"\u0160utaj E\u0161tok sedel vo VIP-ke na F1 v Abu Dhabi, zatia\u013e \u010do k\u0155mil verejnos\u0165 prednahrat\u00fdmi videam\",\"datePublished\":\"2024-12-09T11:22:48+00:00\",\"dateModified\":\"2024-12-17T06:27:18+00:00\",\"mainEntityOfPage\":{\"@id\":\"https:\/\/www.smedemokrati.sk\/sutaj-estok-sedel-vo-vip-ke-na-f1-v-abu-dhabi-zatial-co-krmil-verejnost-prednahratymi-videam\/\"},\"wordCount\":588,\"publisher\":{\"@id\":\"https:\/\/www.smedemokrati.sk\/#organization\"},\"image\":{\"@id\":\"https:\/\/www.smedemokrati.sk\/sutaj-estok-sedel-vo-vip-ke-na-f1-v-abu-dhabi-zatial-co-krmil-verejnost-prednahratymi-videam\/#primaryimage\"},\"thumbnailUrl\":\"https:\/\/www.smedemokrati.sk\/wp-content\/uploads\/2024\/12\/matus-kukaj-pretek.jpg\",\"articleSection\":[\"Tla\u010dov\u00e9 spr\u00e1vy\"],\"inLanguage\":\"cs-CZ\"},{\"@type\":\"WebPage\",\"@id\":\"https:\/\/www.smedemokrati.sk\/sutaj-estok-sedel-vo-vip-ke-na-f1-v-abu-dhabi-zatial-co-krmil-verejnost-prednahratymi-videam\/\",\"url\":\"https:\/\/www.smedemokrati.sk\/sutaj-estok-sedel-vo-vip-ke-na-f1-v-abu-dhabi-zatial-co-krmil-verejnost-prednahratymi-videam\/\",\"name\":\"\u0160utaj E\u0161tok sedel vo VIP-ke na F1 v Abu Dhabi, zatia\u013e \u010do k\u0155mil verejnos\u0165 prednahrat\u00fdmi videam\",\"isPartOf\":{\"@id\":\"https:\/\/www.smedemokrati.sk\/#website\"},\"primaryImageOfPage\":{\"@id\":\"https:\/\/www.smedemokrati.sk\/sutaj-estok-sedel-vo-vip-ke-na-f1-v-abu-dhabi-zatial-co-krmil-verejnost-prednahratymi-videam\/#primaryimage\"},\"image\":{\"@id\":\"https:\/\/www.smedemokrati.sk\/sutaj-estok-sedel-vo-vip-ke-na-f1-v-abu-dhabi-zatial-co-krmil-verejnost-prednahratymi-videam\/#primaryimage\"},\"thumbnailUrl\":\"https:\/\/www.smedemokrati.sk\/wp-content\/uploads\/2024\/12\/matus-kukaj-pretek.jpg\",\"datePublished\":\"2024-12-09T11:22:48+00:00\",\"dateModified\":\"2024-12-17T06:27:18+00:00\",\"breadcrumb\":{\"@id\":\"https:\/\/www.smedemokrati.sk\/sutaj-estok-sedel-vo-vip-ke-na-f1-v-abu-dhabi-zatial-co-krmil-verejnost-prednahratymi-videam\/#breadcrumb\"},\"inLanguage\":\"cs-CZ\",\"potentialAction\":[{\"@type\":\"ReadAction\",\"target\":[\"https:\/\/www.smedemokrati.sk\/sutaj-estok-sedel-vo-vip-ke-na-f1-v-abu-dhabi-zatial-co-krmil-verejnost-prednahratymi-videam\/\"]}]},{\"@type\":\"ImageObject\",\"inLanguage\":\"cs-CZ\",\"@id\":\"https:\/\/www.smedemokrati.sk\/sutaj-estok-sedel-vo-vip-ke-na-f1-v-abu-dhabi-zatial-co-krmil-verejnost-prednahratymi-videam\/#primaryimage\",\"url\":\"https:\/\/www.smedemokrati.sk\/wp-content\/uploads\/2024\/12\/matus-kukaj-pretek.jpg\",\"contentUrl\":\"https:\/\/www.smedemokrati.sk\/wp-content\/uploads\/2024\/12\/matus-kukaj-pretek.jpg\",\"width\":1808,\"height\":971},{\"@type\":\"BreadcrumbList\",\"@id\":\"https:\/\/www.smedemokrati.sk\/sutaj-estok-sedel-vo-vip-ke-na-f1-v-abu-dhabi-zatial-co-krmil-verejnost-prednahratymi-videam\/#breadcrumb\",\"itemListElement\":[{\"@type\":\"ListItem\",\"position\":1,\"name\":\"Domovsk\u00e1 str\u00e1nka\",\"item\":\"https:\/\/www.smedemokrati.sk\/\"},{\"@type\":\"ListItem\",\"position\":2,\"name\":\"\u0160utaj E\u0161tok sedel vo VIP-ke na F1 v Abu Dhabi, zatia\u013e \u010do k\u0155mil verejnos\u0165 prednahrat\u00fdmi videam\"}]},{\"@type\":\"WebSite\",\"@id\":\"https:\/\/www.smedemokrati.sk\/#website\",\"url\":\"https:\/\/www.smedemokrati.sk\/\",\"name\":\"Smedemokrati.sk\",\"description\":\"Demokracia a slu\u0161nos\u0165 zv\u00ed\u0165az\u00ed\",\"publisher\":{\"@id\":\"https:\/\/www.smedemokrati.sk\/#organization\"},\"potentialAction\":[{\"@type\":\"SearchAction\",\"target\":{\"@type\":\"EntryPoint\",\"urlTemplate\":\"https:\/\/www.smedemokrati.sk\/?s={search_term_string}\"},\"query-input\":{\"@type\":\"PropertyValueSpecification\",\"valueRequired\":true,\"valueName\":\"search_term_string\"}}],\"inLanguage\":\"cs-CZ\"},{\"@type\":\"Organization\",\"@id\":\"https:\/\/www.smedemokrati.sk\/#organization\",\"name\":\"Smedemokrati.sk\",\"url\":\"https:\/\/www.smedemokrati.sk\/\",\"logo\":{\"@type\":\"ImageObject\",\"inLanguage\":\"cs-CZ\",\"@id\":\"https:\/\/www.smedemokrati.sk\/#\/schema\/logo\/image\/\",\"url\":\"https:\/\/www.smedemokrati.sk\/wp-content\/uploads\/2023\/04\/ff.002.jpeg\",\"contentUrl\":\"https:\/\/www.smedemokrati.sk\/wp-content\/uploads\/2023\/04\/ff.002.jpeg\",\"width\":640,\"height\":480,\"caption\":\"Smedemokrati.sk\"},\"image\":{\"@id\":\"https:\/\/www.smedemokrati.sk\/#\/schema\/logo\/image\/\"},\"sameAs\":[\"https:\/\/www.facebook.com\/smedemokrati2023\"]},{\"@type\":\"Person\",\"@id\":\"https:\/\/www.smedemokrati.sk\/#\/schema\/person\/21f147c88d605aa7ded900e1e7c344ba\",\"name\":\"miro.sopko\",\"image\":{\"@type\":\"ImageObject\",\"inLanguage\":\"cs-CZ\",\"@id\":\"https:\/\/secure.gravatar.com\/avatar\/267e4a36f704376c109afe3a78740c1f5dd8675a2180a908699e7863c9247606?s=96&d=mm&r=g\",\"url\":\"https:\/\/secure.gravatar.com\/avatar\/267e4a36f704376c109afe3a78740c1f5dd8675a2180a908699e7863c9247606?s=96&d=mm&r=g\",\"contentUrl\":\"https:\/\/secure.gravatar.com\/avatar\/267e4a36f704376c109afe3a78740c1f5dd8675a2180a908699e7863c9247606?s=96&d=mm&r=g\",\"caption\":\"miro.sopko\"},\"url\":\"https:\/\/www.smedemokrati.sk\/cs\/author\/miro-sopko\/\"}]}<\/script>\n<!-- \/ Yoast SEO plugin. -->","yoast_head_json":{"title":"\u0160utaj E\u0161tok sedel vo VIP-ke na F1 v Abu Dhabi, zatia\u013e \u010do k\u0155mil verejnos\u0165 prednahrat\u00fdmi videam","robots":{"index":"index","follow":"follow","max-snippet":"max-snippet:-1","max-image-preview":"max-image-preview:large","max-video-preview":"max-video-preview:-1"},"canonical":"https:\/\/www.smedemokrati.sk\/cs\/sutaj-estok-sedel-vo-vip-ke-na-f1-v-abu-dhabi-zatial-co-krmil-verejnost-prednahratymi-videam\/","og_locale":"cs_CZ","og_type":"article","og_title":"[:sk]\u0160utaj E\u0161tok sedel vo VIP-ke na F1 v Abu Dhabi, zatia\u013e \u010do k\u0155mil verejnos\u0165 prednahrat\u00fdmi videam[:] - Smedemokrati.sk","og_description":"Pod\u013ea inform\u00e1ci\u00ed Demokratov bol Mat\u00fa\u0161 \u0160utaj E\u0161tok na Formule 1 v Abu Dhabi, zatia\u013e \u010do verejnos\u0165 k\u0155mil prednahrat\u00fdmi videami. Vo VIP z\u00f3ne sa mal stretn\u00fa\u0165 s b\u00fdval\u00fdm ministrom spravodlivosti Jurajom Borecom a&nbsp;Jurajom \u0160a\u0161tinsk\u00fdm z finan\u010dnej skupiny PPF. Demokrati sa p\u00fdtaj\u00fa kto v\u00fdlet platil, s k\u00fdm ka\u017ed\u00fdm sa minister vn\u00fatra stretol a pre\u010do zav\u00e1dzal verejnos\u0165 komunik\u00e1ciou [&hellip;]","og_url":"https:\/\/www.smedemokrati.sk\/cs\/sutaj-estok-sedel-vo-vip-ke-na-f1-v-abu-dhabi-zatial-co-krmil-verejnost-prednahratymi-videam\/","og_site_name":"Smedemokrati.sk","article_publisher":"https:\/\/www.facebook.com\/smedemokrati2023","article_published_time":"2024-12-09T11:22:48+00:00","article_modified_time":"2024-12-17T06:27:18+00:00","og_image":[{"width":1808,"height":971,"url":"https:\/\/www.smedemokrati.sk\/wp-content\/uploads\/2024\/12\/matus-kukaj-pretek.jpg","type":"image\/jpeg"}],"author":"miro.sopko","twitter_card":"summary_large_image","twitter_misc":{"Napsal(a)":"miro.sopko","Odhadovan\u00e1 doba \u010dten\u00ed":"3 minuty"},"schema":{"@context":"https:\/\/schema.org","@graph":[{"@type":"Article","@id":"https:\/\/www.smedemokrati.sk\/sutaj-estok-sedel-vo-vip-ke-na-f1-v-abu-dhabi-zatial-co-krmil-verejnost-prednahratymi-videam\/#article","isPartOf":{"@id":"https:\/\/www.smedemokrati.sk\/sutaj-estok-sedel-vo-vip-ke-na-f1-v-abu-dhabi-zatial-co-krmil-verejnost-prednahratymi-videam\/"},"author":{"name":"miro.sopko","@id":"https:\/\/www.smedemokrati.sk\/#\/schema\/person\/21f147c88d605aa7ded900e1e7c344ba"},"headline":"\u0160utaj E\u0161tok sedel vo VIP-ke na F1 v Abu Dhabi, zatia\u013e \u010do k\u0155mil verejnos\u0165 prednahrat\u00fdmi videam","datePublished":"2024-12-09T11:22:48+00:00","dateModified":"2024-12-17T06:27:18+00:00","mainEntityOfPage":{"@id":"https:\/\/www.smedemokrati.sk\/sutaj-estok-sedel-vo-vip-ke-na-f1-v-abu-dhabi-zatial-co-krmil-verejnost-prednahratymi-videam\/"},"wordCount":588,"publisher":{"@id":"https:\/\/www.smedemokrati.sk\/#organization"},"image":{"@id":"https:\/\/www.smedemokrati.sk\/sutaj-estok-sedel-vo-vip-ke-na-f1-v-abu-dhabi-zatial-co-krmil-verejnost-prednahratymi-videam\/#primaryimage"},"thumbnailUrl":"https:\/\/www.smedemokrati.sk\/wp-content\/uploads\/2024\/12\/matus-kukaj-pretek.jpg","articleSection":["Tla\u010dov\u00e9 spr\u00e1vy"],"inLanguage":"cs-CZ"},{"@type":"WebPage","@id":"https:\/\/www.smedemokrati.sk\/sutaj-estok-sedel-vo-vip-ke-na-f1-v-abu-dhabi-zatial-co-krmil-verejnost-prednahratymi-videam\/","url":"https:\/\/www.smedemokrati.sk\/sutaj-estok-sedel-vo-vip-ke-na-f1-v-abu-dhabi-zatial-co-krmil-verejnost-prednahratymi-videam\/","name":"\u0160utaj E\u0161tok sedel vo VIP-ke na F1 v Abu Dhabi, zatia\u013e \u010do k\u0155mil verejnos\u0165 prednahrat\u00fdmi videam","isPartOf":{"@id":"https:\/\/www.smedemokrati.sk\/#website"},"primaryImageOfPage":{"@id":"https:\/\/www.smedemokrati.sk\/sutaj-estok-sedel-vo-vip-ke-na-f1-v-abu-dhabi-zatial-co-krmil-verejnost-prednahratymi-videam\/#primaryimage"},"image":{"@id":"https:\/\/www.smedemokrati.sk\/sutaj-estok-sedel-vo-vip-ke-na-f1-v-abu-dhabi-zatial-co-krmil-verejnost-prednahratymi-videam\/#primaryimage"},"thumbnailUrl":"https:\/\/www.smedemokrati.sk\/wp-content\/uploads\/2024\/12\/matus-kukaj-pretek.jpg","datePublished":"2024-12-09T11:22:48+00:00","dateModified":"2024-12-17T06:27:18+00:00","breadcrumb":{"@id":"https:\/\/www.smedemokrati.sk\/sutaj-estok-sedel-vo-vip-ke-na-f1-v-abu-dhabi-zatial-co-krmil-verejnost-prednahratymi-videam\/#breadcrumb"},"inLanguage":"cs-CZ","potentialAction":[{"@type":"ReadAction","target":["https:\/\/www.smedemokrati.sk\/sutaj-estok-sedel-vo-vip-ke-na-f1-v-abu-dhabi-zatial-co-krmil-verejnost-prednahratymi-videam\/"]}]},{"@type":"ImageObject","inLanguage":"cs-CZ","@id":"https:\/\/www.smedemokrati.sk\/sutaj-estok-sedel-vo-vip-ke-na-f1-v-abu-dhabi-zatial-co-krmil-verejnost-prednahratymi-videam\/#primaryimage","url":"https:\/\/www.smedemokrati.sk\/wp-content\/uploads\/2024\/12\/matus-kukaj-pretek.jpg","contentUrl":"https:\/\/www.smedemokrati.sk\/wp-content\/uploads\/2024\/12\/matus-kukaj-pretek.jpg","width":1808,"height":971},{"@type":"BreadcrumbList","@id":"https:\/\/www.smedemokrati.sk\/sutaj-estok-sedel-vo-vip-ke-na-f1-v-abu-dhabi-zatial-co-krmil-verejnost-prednahratymi-videam\/#breadcrumb","itemListElement":[{"@type":"ListItem","position":1,"name":"Domovsk\u00e1 str\u00e1nka","item":"https:\/\/www.smedemokrati.sk\/"},{"@type":"ListItem","position":2,"name":"\u0160utaj E\u0161tok sedel vo VIP-ke na F1 v Abu Dhabi, zatia\u013e \u010do k\u0155mil verejnos\u0165 prednahrat\u00fdmi videam"}]},{"@type":"WebSite","@id":"https:\/\/www.smedemokrati.sk\/#website","url":"https:\/\/www.smedemokrati.sk\/","name":"Smedemokrati.sk","description":"Demokracia a slu\u0161nos\u0165 zv\u00ed\u0165az\u00ed","publisher":{"@id":"https:\/\/www.smedemokrati.sk\/#organization"},"potentialAction":[{"@type":"SearchAction","target":{"@type":"EntryPoint","urlTemplate":"https:\/\/www.smedemokrati.sk\/?s={search_term_string}"},"query-input":{"@type":"PropertyValueSpecification","valueRequired":true,"valueName":"search_term_string"}}],"inLanguage":"cs-CZ"},{"@type":"Organization","@id":"https:\/\/www.smedemokrati.sk\/#organization","name":"Smedemokrati.sk","url":"https:\/\/www.smedemokrati.sk\/","logo":{"@type":"ImageObject","inLanguage":"cs-CZ","@id":"https:\/\/www.smedemokrati.sk\/#\/schema\/logo\/image\/","url":"https:\/\/www.smedemokrati.sk\/wp-content\/uploads\/2023\/04\/ff.002.jpeg","contentUrl":"https:\/\/www.smedemokrati.sk\/wp-content\/uploads\/2023\/04\/ff.002.jpeg","width":640,"height":480,"caption":"Smedemokrati.sk"},"image":{"@id":"https:\/\/www.smedemokrati.sk\/#\/schema\/logo\/image\/"},"sameAs":["https:\/\/www.facebook.com\/smedemokrati2023"]},{"@type":"Person","@id":"https:\/\/www.smedemokrati.sk\/#\/schema\/person\/21f147c88d605aa7ded900e1e7c344ba","name":"miro.sopko","image":{"@type":"ImageObject","inLanguage":"cs-CZ","@id":"https:\/\/secure.gravatar.com\/avatar\/267e4a36f704376c109afe3a78740c1f5dd8675a2180a908699e7863c9247606?s=96&d=mm&r=g","url":"https:\/\/secure.gravatar.com\/avatar\/267e4a36f704376c109afe3a78740c1f5dd8675a2180a908699e7863c9247606?s=96&d=mm&r=g","contentUrl":"https:\/\/secure.gravatar.com\/avatar\/267e4a36f704376c109afe3a78740c1f5dd8675a2180a908699e7863c9247606?s=96&d=mm&r=g","caption":"miro.sopko"},"url":"https:\/\/www.smedemokrati.sk\/cs\/author\/miro-sopko\/"}]}},"_links":{"self":[{"href":"https:\/\/www.smedemokrati.sk\/cs\/wp-json\/wp\/v2\/posts\/5965","targetHints":{"allow":["GET"]}}],"collection":[{"href":"https:\/\/www.smedemokrati.sk\/cs\/wp-json\/wp\/v2\/posts"}],"about":[{"href":"https:\/\/www.smedemokrati.sk\/cs\/wp-json\/wp\/v2\/types\/post"}],"author":[{"embeddable":true,"href":"https:\/\/www.smedemokrati.sk\/cs\/wp-json\/wp\/v2\/users\/13"}],"replies":[{"embeddable":true,"href":"https:\/\/www.smedemokrati.sk\/cs\/wp-json\/wp\/v2\/comments?post=5965"}],"version-history":[{"count":1,"href":"https:\/\/www.smedemokrati.sk\/cs\/wp-json\/wp\/v2\/posts\/5965\/revisions"}],"predecessor-version":[{"id":5967,"href":"https:\/\/www.smedemokrati.sk\/cs\/wp-json\/wp\/v2\/posts\/5965\/revisions\/5967"}],"wp:featuredmedia":[{"embeddable":true,"href":"https:\/\/www.smedemokrati.sk\/cs\/wp-json\/wp\/v2\/media\/5968"}],"wp:attachment":[{"href":"https:\/\/www.smedemokrati.sk\/cs\/wp-json\/wp\/v2\/media?parent=5965"}],"wp:term":[{"taxonomy":"category","embeddable":true,"href":"https:\/\/www.smedemokrati.sk\/cs\/wp-json\/wp\/v2\/categories?post=5965"},{"taxonomy":"post_tag","embeddable":true,"href":"https:\/\/www.smedemokrati.sk\/cs\/wp-json\/wp\/v2\/tags?post=5965"}],"curies":[{"name":"wp","href":"https:\/\/api.w.org\/{rel}","templated":true}]}}