{"id":5877,"date":"2024-12-06T10:41:22","date_gmt":"2024-12-06T09:41:22","guid":{"rendered":"https:\/\/www.smedemokrati.sk\/?p=5877"},"modified":"2024-12-10T13:16:11","modified_gmt":"2024-12-10T12:16:11","slug":"urad-vlady-chce-chranit-popieracov-holokaustu","status":"publish","type":"post","link":"https:\/\/www.smedemokrati.sk\/cs\/urad-vlady-chce-chranit-popieracov-holokaustu\/","title":{"rendered":"\u00darad vl\u00e1dy chce chr\u00e1ni\u0165 popiera\u010dov holokaustu"},"content":{"rendered":"<div id=\"fb-root\"><\/div>\n\n<p><strong>\u00darad vl\u00e1dy chce chr\u00e1ni\u0165 \u013eud\u00ed, ktor\u00ed popieraj\u00fa, \u017ee po\u010das druhej svetovej vojny doch\u00e1dzalo k masov\u00e9mu vra\u017edeniu \u017didov. Vypl\u00fdva to z pripomienok, ktor\u00e9 zaslal \u00farad vl\u00e1dy ku n\u00e1vrhu Koncepcie prevencie a boja proti radikaliz\u00e1cii a extr\u00e9mizmu do roku 2028 ministerstva vn\u00fatra. Pod\u013ea Demokratov je to prejav absol\u00fatnej ne\u00facty vo\u010di mili\u00f3nom obet\u00ed holokaustu a ich pozostal\u00fdm.<\/strong><\/p>\n\n\n\n<p><em>\u201eV dne\u0161nej polarizovanej spolo\u010dnosti verejnos\u0165 pr\u00e1vom o\u010dak\u00e1va, \u017ee vl\u00e1dne in\u0161tit\u00facie bud\u00fa pristupova\u0165 k rie\u0161eniu problematiky extr\u00e9mizmu a radikalizmu na Slovensku s maxim\u00e1lnou v\u00e1\u017enos\u0165ou. Koniec koncov, len nieko\u013eko sto metrov od \u00faradu vl\u00e1dy aj parlamentu na Z\u00e1mockej ulici rukou extr\u00e9mistu vyhasli dva mlad\u00e9 \u013eudsk\u00e9 \u017eivoty. Pripomienky, ktor\u00e9 v\u0161ak zaslal \u00farad vl\u00e1dy k novej koncepcii boja proti radikaliz\u00e1cii a extr\u00e9mizmu, ukazuj\u00fa \u00fapln\u00fd opak\u201d,<\/em>\u00a0komentuje prebiehaj\u00face medzirezortn\u00e9 pripomienkov\u00e9 konanie Monika Podhor\u00e1ny Masarikov\u00e1, bezpe\u010dnostn\u00e1 analyti\u010dka a \u010dlenka Demokratov, ktor\u00e1 sa venuje aj problematike hybridn\u00fdch hrozieb.\u00a0<\/p>\n\n\n\n<p>Demokrati upozor\u0148uj\u00fa, \u017ee \u00farad vl\u00e1dy navrhuje vypusti\u0165 z defin\u00edcie antisemitizmu popieranie holokaustu. T\u00fdmto nebezpe\u010dn\u00fdm precedensom by de facto s\u0165a\u017eili prevent\u00edvne opatrenia ale aj postihy vo\u010di osob\u00e1m, ktor\u00e9 spochyb\u0148uj\u00fa, \u017ee sa holokaust stal, jeho rozsah a mechanizmy, ke\u010f\u017ee z koncepcie vypl\u00fdvaj\u00fa \u00falohy pre \u010fal\u0161ie org\u00e1ny \u0161t\u00e1tnej spr\u00e1vy.&nbsp;<\/p>\n\n\n\n<p><em>\u201eZa uplynul\u00fd rok sme boli svedkami kade\u010doho. \u00datoky na slobodu slova, novin\u00e1rov, ob\u010diansky sektor aj pr\u00e1vny \u0161t\u00e1t. Av\u0161ak chr\u00e1ni\u0165 popiera\u010dov holokaustu z \u00farovne \u00faradu vl\u00e1dy predstavuje nov\u00e9 dno. Je to prejav absol\u00fatnej ne\u00facty vo\u010di mili\u00f3nom obet\u00ed nacistick\u00e9ho besnenia\u201d,<\/em>\u00a0dop\u013a\u0148a Podhor\u00e1ny Masarikov\u00e1.\u00a0<\/p>\n\n\n\n<p>Demokrati vyz\u00fdvaj\u00fa ministerstvo vn\u00fatra, aby tieto pripomienky, ktor\u00e9 \u00farad vl\u00e1dy ozna\u010dil za z\u00e1sadn\u00e9, zmiatlo zo stola.\u00a0<em>\u201eAlebo budeme svedkami \u010fal\u0161ieho farizejstva? V pam\u00e4tn\u00fd de\u0148 obet\u00ed holokaustu si \u010dlenovia vl\u00e1dy uctia ich pamiatku, aby potom o nieko\u013eko t\u00fd\u017ed\u0148ov zdvihli ruku za tento materi\u00e1l?\u201d<\/em>, p\u00fdta sa Jaroslav Na\u010f, predseda Demokratov. Dod\u00e1va, \u017ee len p\u00e1r dn\u00ed dozadu sme sa dozvedeli, \u017ee ministerstvo kult\u00fary chcelo zavrie\u0165 aj M\u00fazeum \u017eidovskej kult\u00fary v Pre\u0161ove, ktor\u00e9 sa podar\u00ed zachr\u00e1ni\u0165 v\u010faka z\u00e1sahu mestu Pre\u0161ov a prim\u00e1tora Fera O\u013ehu, podpredsedu Demokratov.\u00a0<\/p>\n\n\n\n<p><em>\u201eZa zaslan\u00e9 pripomienky by sa nemusel hanbi\u0165 ani najzn\u00e1mej\u0161\u00ed antivaxer Kotl\u00e1r \u010di in\u00ed dezinform\u00e1tori\u201d,<\/em>\u00a0dop\u013a\u0148a Podhor\u00e1ny Masarikov\u00e1. Upozor\u0148uje, \u017ee v \u010fal\u0161\u00edch pripomienkach \u00farad vl\u00e1dy toti\u017e za extr\u00e9mizmus ozna\u010dil vy\u017eadovanie plnenia covidov\u00fdch opatren\u00ed a \u017eiada doplni\u0165 materi\u00e1l o zmienky neobjekt\u00edvnosti m\u00e9di\u00ed.\u00a0<\/p>\n\n\n\n<p>Medzirezortn\u00e9 pripomienkov\u00e9 konanie:<\/p>\n\n\n\n<p><a href=\"https:\/\/www.slov-lex.sk\/pripomienky\/legislativne-procesy\/SK\/LP\/2024\/652\/pripomienky\/d5d75688-a42d-4968-ae8f-5d2afe243a5b\/detail\">https:\/\/www.slov-lex.sk\/pripomienky\/legislativne-procesy\/SK\/LP\/2024\/652\/pripomienky\/d5d75688-a42d-4968-ae8f-5d2afe243a5b\/detail<\/a><\/p>\n\n\n<div class=\"fb-video\" data-href=\"https:\/\/www.facebook.com\/reel\/1318337139602127\" data-allowfullscreen=\"true\" data-autoplay=\"false\" data-width=\"\" data-show-text=\"false\" data-show-captions=\"true\"><\/div>\n","protected":false},"excerpt":{"rendered":"<p>\u00darad vl\u00e1dy chce chr\u00e1ni\u0165 \u013eud\u00ed, ktor\u00ed popieraj\u00fa, \u017ee po\u010das druhej svetovej vojny doch\u00e1dzalo k masov\u00e9mu vra\u017edeniu \u017didov. Vypl\u00fdva to z pripomienok, ktor\u00e9 zaslal \u00farad vl\u00e1dy ku n\u00e1vrhu Koncepcie prevencie a boja proti radikaliz\u00e1cii a extr\u00e9mizmu do roku 2028 ministerstva vn\u00fatra. Pod\u013ea Demokratov je to prejav absol\u00fatnej ne\u00facty vo\u010di mili\u00f3nom obet\u00ed holokaustu a ich pozostal\u00fdm. \u201eV [&hellip;]<\/p>\n","protected":false},"author":13,"featured_media":2738,"comment_status":"closed","ping_status":"closed","sticky":false,"template":"","format":"standard","meta":{"_acf_changed":false,"ngg_post_thumbnail":0,"footnotes":""},"categories":[4],"tags":[],"class_list":["post-5877","post","type-post","status-publish","format-standard","has-post-thumbnail","hentry","category-tlacove-spravy"],"acf":[],"yoast_head":"<!-- This site is optimized with the Yoast SEO plugin v27.2 - https:\/\/yoast.com\/product\/yoast-seo-wordpress\/ -->\n<title>\u00darad vl\u00e1dy chce chr\u00e1ni\u0165 popiera\u010dov holokaustu<\/title>\n<meta name=\"robots\" content=\"index, follow, max-snippet:-1, max-image-preview:large, max-video-preview:-1\" \/>\n<link rel=\"canonical\" href=\"https:\/\/www.smedemokrati.sk\/cs\/urad-vlady-chce-chranit-popieracov-holokaustu\/\" \/>\n<meta property=\"og:locale\" content=\"cs_CZ\" \/>\n<meta property=\"og:locale:alternate\" content=\"en_US\" \/>\n<meta property=\"og:locale:alternate\" content=\"hu_HU\" \/>\n<meta property=\"og:locale:alternate\" content=\"sk_SK\" \/>\n<meta property=\"og:locale:alternate\" content=\"sv_SE\" \/>\n<meta property=\"og:type\" content=\"article\" \/>\n<meta property=\"og:title\" content=\"\u00darad vl\u00e1dy chce chr\u00e1ni\u0165 popiera\u010dov holokaustu\" \/>\n<meta property=\"og:description\" content=\"\u00darad vl\u00e1dy chce chr\u00e1ni\u0165 \u013eud\u00ed, ktor\u00ed popieraj\u00fa, \u017ee po\u010das druhej svetovej vojny doch\u00e1dzalo k masov\u00e9mu vra\u017edeniu \u017didov. Vypl\u00fdva to z pripomienok, ktor\u00e9 zaslal \u00farad vl\u00e1dy ku n\u00e1vrhu Koncepcie prevencie a boja proti radikaliz\u00e1cii a extr\u00e9mizmu do roku 2028 ministerstva vn\u00fatra. Pod\u013ea Demokratov je to prejav absol\u00fatnej ne\u00facty vo\u010di mili\u00f3nom obet\u00ed holokaustu a ich pozostal\u00fdm. \u201eV [&hellip;]\" \/>\n<meta property=\"og:url\" content=\"https:\/\/www.smedemokrati.sk\/cs\/urad-vlady-chce-chranit-popieracov-holokaustu\/\" \/>\n<meta property=\"og:site_name\" content=\"Smedemokrati.sk\" \/>\n<meta property=\"article:publisher\" content=\"https:\/\/www.facebook.com\/smedemokrati2023\" \/>\n<meta property=\"article:published_time\" content=\"2024-12-06T09:41:22+00:00\" \/>\n<meta property=\"article:modified_time\" content=\"2024-12-10T12:16:11+00:00\" \/>\n<meta property=\"og:image\" content=\"https:\/\/www.smedemokrati.sk\/wp-content\/uploads\/2024\/02\/urad-vlady.jpg\" \/>\n\t<meta property=\"og:image:width\" content=\"676\" \/>\n\t<meta property=\"og:image:height\" content=\"451\" \/>\n\t<meta property=\"og:image:type\" content=\"image\/jpeg\" \/>\n<meta name=\"author\" content=\"miro.sopko\" \/>\n<meta name=\"twitter:card\" content=\"summary_large_image\" \/>\n<meta name=\"twitter:label1\" content=\"Napsal(a)\" \/>\n\t<meta name=\"twitter:data1\" content=\"miro.sopko\" \/>\n\t<meta name=\"twitter:label2\" content=\"Odhadovan\u00e1 doba \u010dten\u00ed\" \/>\n\t<meta name=\"twitter:data2\" content=\"2 minuty\" \/>\n<script type=\"application\/ld+json\" class=\"yoast-schema-graph\">{\"@context\":\"https:\/\/schema.org\",\"@graph\":[{\"@type\":\"Article\",\"@id\":\"https:\/\/www.smedemokrati.sk\/urad-vlady-chce-chranit-popieracov-holokaustu\/#article\",\"isPartOf\":{\"@id\":\"https:\/\/www.smedemokrati.sk\/urad-vlady-chce-chranit-popieracov-holokaustu\/\"},\"author\":{\"name\":\"miro.sopko\",\"@id\":\"https:\/\/www.smedemokrati.sk\/#\/schema\/person\/21f147c88d605aa7ded900e1e7c344ba\"},\"headline\":\"\u00darad vl\u00e1dy chce chr\u00e1ni\u0165 popiera\u010dov holokaustu\",\"datePublished\":\"2024-12-06T09:41:22+00:00\",\"dateModified\":\"2024-12-10T12:16:11+00:00\",\"mainEntityOfPage\":{\"@id\":\"https:\/\/www.smedemokrati.sk\/urad-vlady-chce-chranit-popieracov-holokaustu\/\"},\"wordCount\":505,\"publisher\":{\"@id\":\"https:\/\/www.smedemokrati.sk\/#organization\"},\"image\":{\"@id\":\"https:\/\/www.smedemokrati.sk\/urad-vlady-chce-chranit-popieracov-holokaustu\/#primaryimage\"},\"thumbnailUrl\":\"https:\/\/www.smedemokrati.sk\/wp-content\/uploads\/2024\/02\/urad-vlady.jpg\",\"articleSection\":[\"Tla\u010dov\u00e9 spr\u00e1vy\"],\"inLanguage\":\"cs-CZ\"},{\"@type\":\"WebPage\",\"@id\":\"https:\/\/www.smedemokrati.sk\/urad-vlady-chce-chranit-popieracov-holokaustu\/\",\"url\":\"https:\/\/www.smedemokrati.sk\/urad-vlady-chce-chranit-popieracov-holokaustu\/\",\"name\":\"\u00darad vl\u00e1dy chce chr\u00e1ni\u0165 popiera\u010dov holokaustu\",\"isPartOf\":{\"@id\":\"https:\/\/www.smedemokrati.sk\/#website\"},\"primaryImageOfPage\":{\"@id\":\"https:\/\/www.smedemokrati.sk\/urad-vlady-chce-chranit-popieracov-holokaustu\/#primaryimage\"},\"image\":{\"@id\":\"https:\/\/www.smedemokrati.sk\/urad-vlady-chce-chranit-popieracov-holokaustu\/#primaryimage\"},\"thumbnailUrl\":\"https:\/\/www.smedemokrati.sk\/wp-content\/uploads\/2024\/02\/urad-vlady.jpg\",\"datePublished\":\"2024-12-06T09:41:22+00:00\",\"dateModified\":\"2024-12-10T12:16:11+00:00\",\"breadcrumb\":{\"@id\":\"https:\/\/www.smedemokrati.sk\/urad-vlady-chce-chranit-popieracov-holokaustu\/#breadcrumb\"},\"inLanguage\":\"cs-CZ\",\"potentialAction\":[{\"@type\":\"ReadAction\",\"target\":[\"https:\/\/www.smedemokrati.sk\/urad-vlady-chce-chranit-popieracov-holokaustu\/\"]}]},{\"@type\":\"ImageObject\",\"inLanguage\":\"cs-CZ\",\"@id\":\"https:\/\/www.smedemokrati.sk\/urad-vlady-chce-chranit-popieracov-holokaustu\/#primaryimage\",\"url\":\"https:\/\/www.smedemokrati.sk\/wp-content\/uploads\/2024\/02\/urad-vlady.jpg\",\"contentUrl\":\"https:\/\/www.smedemokrati.sk\/wp-content\/uploads\/2024\/02\/urad-vlady.jpg\",\"width\":676,\"height\":451},{\"@type\":\"BreadcrumbList\",\"@id\":\"https:\/\/www.smedemokrati.sk\/urad-vlady-chce-chranit-popieracov-holokaustu\/#breadcrumb\",\"itemListElement\":[{\"@type\":\"ListItem\",\"position\":1,\"name\":\"Domovsk\u00e1 str\u00e1nka\",\"item\":\"https:\/\/www.smedemokrati.sk\/\"},{\"@type\":\"ListItem\",\"position\":2,\"name\":\"\u00darad vl\u00e1dy chce chr\u00e1ni\u0165 popiera\u010dov holokaustu\"}]},{\"@type\":\"WebSite\",\"@id\":\"https:\/\/www.smedemokrati.sk\/#website\",\"url\":\"https:\/\/www.smedemokrati.sk\/\",\"name\":\"Smedemokrati.sk\",\"description\":\"Demokracia a slu\u0161nos\u0165 zv\u00ed\u0165az\u00ed\",\"publisher\":{\"@id\":\"https:\/\/www.smedemokrati.sk\/#organization\"},\"potentialAction\":[{\"@type\":\"SearchAction\",\"target\":{\"@type\":\"EntryPoint\",\"urlTemplate\":\"https:\/\/www.smedemokrati.sk\/?s={search_term_string}\"},\"query-input\":{\"@type\":\"PropertyValueSpecification\",\"valueRequired\":true,\"valueName\":\"search_term_string\"}}],\"inLanguage\":\"cs-CZ\"},{\"@type\":\"Organization\",\"@id\":\"https:\/\/www.smedemokrati.sk\/#organization\",\"name\":\"Smedemokrati.sk\",\"url\":\"https:\/\/www.smedemokrati.sk\/\",\"logo\":{\"@type\":\"ImageObject\",\"inLanguage\":\"cs-CZ\",\"@id\":\"https:\/\/www.smedemokrati.sk\/#\/schema\/logo\/image\/\",\"url\":\"https:\/\/www.smedemokrati.sk\/wp-content\/uploads\/2023\/04\/ff.002.jpeg\",\"contentUrl\":\"https:\/\/www.smedemokrati.sk\/wp-content\/uploads\/2023\/04\/ff.002.jpeg\",\"width\":640,\"height\":480,\"caption\":\"Smedemokrati.sk\"},\"image\":{\"@id\":\"https:\/\/www.smedemokrati.sk\/#\/schema\/logo\/image\/\"},\"sameAs\":[\"https:\/\/www.facebook.com\/smedemokrati2023\"]},{\"@type\":\"Person\",\"@id\":\"https:\/\/www.smedemokrati.sk\/#\/schema\/person\/21f147c88d605aa7ded900e1e7c344ba\",\"name\":\"miro.sopko\",\"image\":{\"@type\":\"ImageObject\",\"inLanguage\":\"cs-CZ\",\"@id\":\"https:\/\/secure.gravatar.com\/avatar\/267e4a36f704376c109afe3a78740c1f5dd8675a2180a908699e7863c9247606?s=96&d=mm&r=g\",\"url\":\"https:\/\/secure.gravatar.com\/avatar\/267e4a36f704376c109afe3a78740c1f5dd8675a2180a908699e7863c9247606?s=96&d=mm&r=g\",\"contentUrl\":\"https:\/\/secure.gravatar.com\/avatar\/267e4a36f704376c109afe3a78740c1f5dd8675a2180a908699e7863c9247606?s=96&d=mm&r=g\",\"caption\":\"miro.sopko\"},\"url\":\"https:\/\/www.smedemokrati.sk\/cs\/author\/miro-sopko\/\"}]}<\/script>\n<!-- \/ Yoast SEO plugin. -->","yoast_head_json":{"title":"\u00darad vl\u00e1dy chce chr\u00e1ni\u0165 popiera\u010dov holokaustu","robots":{"index":"index","follow":"follow","max-snippet":"max-snippet:-1","max-image-preview":"max-image-preview:large","max-video-preview":"max-video-preview:-1"},"canonical":"https:\/\/www.smedemokrati.sk\/cs\/urad-vlady-chce-chranit-popieracov-holokaustu\/","og_locale":"cs_CZ","og_type":"article","og_title":"[:sk]\u00darad vl\u00e1dy chce chr\u00e1ni\u0165 popiera\u010dov holokaustu[:] - Smedemokrati.sk","og_description":"\u00darad vl\u00e1dy chce chr\u00e1ni\u0165 \u013eud\u00ed, ktor\u00ed popieraj\u00fa, \u017ee po\u010das druhej svetovej vojny doch\u00e1dzalo k masov\u00e9mu vra\u017edeniu \u017didov. Vypl\u00fdva to z pripomienok, ktor\u00e9 zaslal \u00farad vl\u00e1dy ku n\u00e1vrhu Koncepcie prevencie a boja proti radikaliz\u00e1cii a extr\u00e9mizmu do roku 2028 ministerstva vn\u00fatra. Pod\u013ea Demokratov je to prejav absol\u00fatnej ne\u00facty vo\u010di mili\u00f3nom obet\u00ed holokaustu a ich pozostal\u00fdm. \u201eV [&hellip;]","og_url":"https:\/\/www.smedemokrati.sk\/cs\/urad-vlady-chce-chranit-popieracov-holokaustu\/","og_site_name":"Smedemokrati.sk","article_publisher":"https:\/\/www.facebook.com\/smedemokrati2023","article_published_time":"2024-12-06T09:41:22+00:00","article_modified_time":"2024-12-10T12:16:11+00:00","og_image":[{"width":676,"height":451,"url":"https:\/\/www.smedemokrati.sk\/wp-content\/uploads\/2024\/02\/urad-vlady.jpg","type":"image\/jpeg"}],"author":"miro.sopko","twitter_card":"summary_large_image","twitter_misc":{"Napsal(a)":"miro.sopko","Odhadovan\u00e1 doba \u010dten\u00ed":"2 minuty"},"schema":{"@context":"https:\/\/schema.org","@graph":[{"@type":"Article","@id":"https:\/\/www.smedemokrati.sk\/urad-vlady-chce-chranit-popieracov-holokaustu\/#article","isPartOf":{"@id":"https:\/\/www.smedemokrati.sk\/urad-vlady-chce-chranit-popieracov-holokaustu\/"},"author":{"name":"miro.sopko","@id":"https:\/\/www.smedemokrati.sk\/#\/schema\/person\/21f147c88d605aa7ded900e1e7c344ba"},"headline":"\u00darad vl\u00e1dy chce chr\u00e1ni\u0165 popiera\u010dov holokaustu","datePublished":"2024-12-06T09:41:22+00:00","dateModified":"2024-12-10T12:16:11+00:00","mainEntityOfPage":{"@id":"https:\/\/www.smedemokrati.sk\/urad-vlady-chce-chranit-popieracov-holokaustu\/"},"wordCount":505,"publisher":{"@id":"https:\/\/www.smedemokrati.sk\/#organization"},"image":{"@id":"https:\/\/www.smedemokrati.sk\/urad-vlady-chce-chranit-popieracov-holokaustu\/#primaryimage"},"thumbnailUrl":"https:\/\/www.smedemokrati.sk\/wp-content\/uploads\/2024\/02\/urad-vlady.jpg","articleSection":["Tla\u010dov\u00e9 spr\u00e1vy"],"inLanguage":"cs-CZ"},{"@type":"WebPage","@id":"https:\/\/www.smedemokrati.sk\/urad-vlady-chce-chranit-popieracov-holokaustu\/","url":"https:\/\/www.smedemokrati.sk\/urad-vlady-chce-chranit-popieracov-holokaustu\/","name":"\u00darad vl\u00e1dy chce chr\u00e1ni\u0165 popiera\u010dov holokaustu","isPartOf":{"@id":"https:\/\/www.smedemokrati.sk\/#website"},"primaryImageOfPage":{"@id":"https:\/\/www.smedemokrati.sk\/urad-vlady-chce-chranit-popieracov-holokaustu\/#primaryimage"},"image":{"@id":"https:\/\/www.smedemokrati.sk\/urad-vlady-chce-chranit-popieracov-holokaustu\/#primaryimage"},"thumbnailUrl":"https:\/\/www.smedemokrati.sk\/wp-content\/uploads\/2024\/02\/urad-vlady.jpg","datePublished":"2024-12-06T09:41:22+00:00","dateModified":"2024-12-10T12:16:11+00:00","breadcrumb":{"@id":"https:\/\/www.smedemokrati.sk\/urad-vlady-chce-chranit-popieracov-holokaustu\/#breadcrumb"},"inLanguage":"cs-CZ","potentialAction":[{"@type":"ReadAction","target":["https:\/\/www.smedemokrati.sk\/urad-vlady-chce-chranit-popieracov-holokaustu\/"]}]},{"@type":"ImageObject","inLanguage":"cs-CZ","@id":"https:\/\/www.smedemokrati.sk\/urad-vlady-chce-chranit-popieracov-holokaustu\/#primaryimage","url":"https:\/\/www.smedemokrati.sk\/wp-content\/uploads\/2024\/02\/urad-vlady.jpg","contentUrl":"https:\/\/www.smedemokrati.sk\/wp-content\/uploads\/2024\/02\/urad-vlady.jpg","width":676,"height":451},{"@type":"BreadcrumbList","@id":"https:\/\/www.smedemokrati.sk\/urad-vlady-chce-chranit-popieracov-holokaustu\/#breadcrumb","itemListElement":[{"@type":"ListItem","position":1,"name":"Domovsk\u00e1 str\u00e1nka","item":"https:\/\/www.smedemokrati.sk\/"},{"@type":"ListItem","position":2,"name":"\u00darad vl\u00e1dy chce chr\u00e1ni\u0165 popiera\u010dov holokaustu"}]},{"@type":"WebSite","@id":"https:\/\/www.smedemokrati.sk\/#website","url":"https:\/\/www.smedemokrati.sk\/","name":"Smedemokrati.sk","description":"Demokracia a slu\u0161nos\u0165 zv\u00ed\u0165az\u00ed","publisher":{"@id":"https:\/\/www.smedemokrati.sk\/#organization"},"potentialAction":[{"@type":"SearchAction","target":{"@type":"EntryPoint","urlTemplate":"https:\/\/www.smedemokrati.sk\/?s={search_term_string}"},"query-input":{"@type":"PropertyValueSpecification","valueRequired":true,"valueName":"search_term_string"}}],"inLanguage":"cs-CZ"},{"@type":"Organization","@id":"https:\/\/www.smedemokrati.sk\/#organization","name":"Smedemokrati.sk","url":"https:\/\/www.smedemokrati.sk\/","logo":{"@type":"ImageObject","inLanguage":"cs-CZ","@id":"https:\/\/www.smedemokrati.sk\/#\/schema\/logo\/image\/","url":"https:\/\/www.smedemokrati.sk\/wp-content\/uploads\/2023\/04\/ff.002.jpeg","contentUrl":"https:\/\/www.smedemokrati.sk\/wp-content\/uploads\/2023\/04\/ff.002.jpeg","width":640,"height":480,"caption":"Smedemokrati.sk"},"image":{"@id":"https:\/\/www.smedemokrati.sk\/#\/schema\/logo\/image\/"},"sameAs":["https:\/\/www.facebook.com\/smedemokrati2023"]},{"@type":"Person","@id":"https:\/\/www.smedemokrati.sk\/#\/schema\/person\/21f147c88d605aa7ded900e1e7c344ba","name":"miro.sopko","image":{"@type":"ImageObject","inLanguage":"cs-CZ","@id":"https:\/\/secure.gravatar.com\/avatar\/267e4a36f704376c109afe3a78740c1f5dd8675a2180a908699e7863c9247606?s=96&d=mm&r=g","url":"https:\/\/secure.gravatar.com\/avatar\/267e4a36f704376c109afe3a78740c1f5dd8675a2180a908699e7863c9247606?s=96&d=mm&r=g","contentUrl":"https:\/\/secure.gravatar.com\/avatar\/267e4a36f704376c109afe3a78740c1f5dd8675a2180a908699e7863c9247606?s=96&d=mm&r=g","caption":"miro.sopko"},"url":"https:\/\/www.smedemokrati.sk\/cs\/author\/miro-sopko\/"}]}},"_links":{"self":[{"href":"https:\/\/www.smedemokrati.sk\/cs\/wp-json\/wp\/v2\/posts\/5877","targetHints":{"allow":["GET"]}}],"collection":[{"href":"https:\/\/www.smedemokrati.sk\/cs\/wp-json\/wp\/v2\/posts"}],"about":[{"href":"https:\/\/www.smedemokrati.sk\/cs\/wp-json\/wp\/v2\/types\/post"}],"author":[{"embeddable":true,"href":"https:\/\/www.smedemokrati.sk\/cs\/wp-json\/wp\/v2\/users\/13"}],"replies":[{"embeddable":true,"href":"https:\/\/www.smedemokrati.sk\/cs\/wp-json\/wp\/v2\/comments?post=5877"}],"version-history":[{"count":1,"href":"https:\/\/www.smedemokrati.sk\/cs\/wp-json\/wp\/v2\/posts\/5877\/revisions"}],"predecessor-version":[{"id":5878,"href":"https:\/\/www.smedemokrati.sk\/cs\/wp-json\/wp\/v2\/posts\/5877\/revisions\/5878"}],"wp:featuredmedia":[{"embeddable":true,"href":"https:\/\/www.smedemokrati.sk\/cs\/wp-json\/wp\/v2\/media\/2738"}],"wp:attachment":[{"href":"https:\/\/www.smedemokrati.sk\/cs\/wp-json\/wp\/v2\/media?parent=5877"}],"wp:term":[{"taxonomy":"category","embeddable":true,"href":"https:\/\/www.smedemokrati.sk\/cs\/wp-json\/wp\/v2\/categories?post=5877"},{"taxonomy":"post_tag","embeddable":true,"href":"https:\/\/www.smedemokrati.sk\/cs\/wp-json\/wp\/v2\/tags?post=5877"}],"curies":[{"name":"wp","href":"https:\/\/api.w.org\/{rel}","templated":true}]}}