{"id":5845,"date":"2024-11-28T15:11:51","date_gmt":"2024-11-28T14:11:51","guid":{"rendered":"https:\/\/www.smedemokrati.sk\/?p=5845"},"modified":"2024-11-28T15:11:53","modified_gmt":"2024-11-28T14:11:53","slug":"pre-obnovu-lovu-vlka-draveho-nema-vlada-ani-jeden-argument-preto-podavame-staznost-europskej-komisii","status":"publish","type":"post","link":"https:\/\/www.smedemokrati.sk\/cs\/pre-obnovu-lovu-vlka-draveho-nema-vlada-ani-jeden-argument-preto-podavame-staznost-europskej-komisii\/","title":{"rendered":"Pre obnovu lovu vlka drav\u00e9ho nem\u00e1 vl\u00e1da ani jeden argument, preto pod\u00e1vame s\u0165a\u017enos\u0165 Eur\u00f3pskej komisii"},"content":{"rendered":"<div id=\"fb-root\"><\/div>\n\n<p><strong>Ur\u010denie kv\u00f3ty lovu vlka drav\u00e9ho a d\u00f4vody na zru\u0161enie jeho celoro\u010dnej ochrany presk\u00fama Eur\u00f3pska komisia. S\u0165a\u017enos\u0165 pre mo\u017en\u00e9 poru\u0161enie pr\u00e1va Eur\u00f3pskej \u00fanie dnes gener\u00e1lnemu riadite\u013estvu Eur\u00f3pskej komisie pre \u017eivotn\u00e9 prostredie pod\u00e1va Michal Ki\u010da, environment\u00e1lny expert strany Demokrati. D\u00f4vodom je neexistencia relevantn\u00fdch argumentov pre tieto rozhodnutia a nedodr\u017eanie smernice E\u00da o biotopoch.&nbsp;<\/strong><\/p>\n\n\n\n<p>Ministerstvo p\u00f4dohospod\u00e1rstva a rozvoja vidieka pod veden\u00edm Richarda Tak\u00e1\u010da ur\u010dilo ro\u010dn\u00fa kv\u00f3tu lovu vlka na sez\u00f3nu 2024\/2025 v po\u010dte 74 kusov. Aby sa mohli vlky op\u00e4\u0165 lovi\u0165, minister \u017eivotn\u00e9ho prostredia Tom\u00e1\u0161 Taraba ide naviac meni\u0165 vyhl\u00e1\u0161ku, v\u010faka ktorej vl\u00e1da Eduarda Hegera spravila z vlka drav\u00e9ho v roku 2021 celoro\u010dne chr\u00e1nen\u00e9ho \u017eivo\u010d\u00edcha.&nbsp;<\/p>\n\n\n\n<p>Napriek tomu, \u017ee vlk za t\u00fato dobu nesp\u00f4sobil \u017eiadne v\u00fdznamn\u00e9 hospod\u00e1rske \u0161kody, neexistuj\u00fa \u017eiadne d\u00e1ta o jeho premno\u017een\u00ed a ani nepri\u0161lo k \u017eiadnemu \u00fatoku vlka na \u010dloveka, \u0161t\u00e1t smeruje k obnove jeho lovu, a to v bezprecedentnom po\u010dte. \u201e<em>Pre tento krok v\u0161ak absentuj\u00fa odborn\u00e9 argumenty. Povinnos\u0165ou Slovenska je za ka\u017ed\u00fdch okolnost\u00ed zachova\u0165 popul\u00e1ciu vlka v priaznivom stave, \u010do je s mas\u00edvnym kv\u00f3tov\u00fdm lovom nezlu\u010dite\u013en\u00e9. Naopak, zo \u0161t\u00fadie na z\u00e1klade anal\u00fdzy DNA vypl\u00fdva, \u017ee tak\u00fdto mas\u00edvny z\u00e1sah m\u00f4\u017ee ohrozi\u0165 \u017eivotaschopnos\u0165 karpatskej popul\u00e1cie vlka drav\u00e9ho. Jednalo by sa o z\u00e1va\u017en\u00e9 poru\u0161enie smernice E\u00da o biotopoch. V minulosti Slovensko u\u017e jedn\u00e9mu konaniu pre poru\u0161enie pr\u00e1va E\u00da \u010delilo a podarilo sa ho odvr\u00e1ti\u0165 aj v\u010faka jeho celoro\u010dnej ochrane. Teraz id\u00fa Taraba s Kuffom tento probl\u00e9m o\u017eivi\u0165,<\/em>\u201d uv\u00e1dza Michal Ki\u010da.<\/p>\n\n\n\n<p>Upozor\u0148ujeme, \u017ee napr\u00edklad aj rezort vn\u00fatra v pripomienkovan\u00ed n\u00e1vrhu vyhl\u00e1\u0161ky vytkol, \u017ee nie s\u00fa uveden\u00e9 \u017eiadne relevantn\u00e9 d\u00f4vody, pre\u010do by ochrana vlka mala by\u0165 zn\u00ed\u017een\u00e1. Zru\u0161en\u00edm celoro\u010dnej ochrany vlka strat\u00ed ministerstvo ak\u00fdko\u013evek vplyv na u\u010denie kv\u00f3ty zo strany ministerstva p\u00f4dohospod\u00e1rstva. M\u00f4\u017ee to vies\u0165 k ich masakru v bud\u00facnosti. Vl\u00e1da svoje rozhodnutia nepri\u0161la vysvet\u013eova\u0165 ani na v\u00fdbor pre p\u00f4dohospod\u00e1rstvo a \u017eivotn\u00e9 prostredie.<\/p>\n\n\n\n<p>\u201e<em>Za t\u00fdmto krokom vid\u00edm len snahu o pr\u00edzemn\u00e9 kupovanie si politick\u00fdch bodov zo strany Kuffu a Tarabu. Preferencie SNS padaj\u00fa, Rudolf Huliak broj\u00ed proti Tarabovi, a preto pri\u0161iel \u010das uvari\u0165 r\u00fdchlokvasen\u00e9 rozhodnutia bez \u017eiadnych re\u00e1lnych d\u00e1t a podkladov. Tie v\u0161ak bud\u00fa ma\u0165 fat\u00e1lny vplyv na ochranu pr\u00edrody a slovensk\u00e9mu ov\u010diarstvu nijako nepom\u00f4\u017eu,<\/em>&#8220; vysvet\u013euje Michal Ki\u010da.<\/p>\n","protected":false},"excerpt":{"rendered":"<p>Ur\u010denie kv\u00f3ty lovu vlka drav\u00e9ho a d\u00f4vody na zru\u0161enie jeho celoro\u010dnej ochrany presk\u00fama Eur\u00f3pska komisia. S\u0165a\u017enos\u0165 pre mo\u017en\u00e9 poru\u0161enie pr\u00e1va Eur\u00f3pskej \u00fanie dnes gener\u00e1lnemu riadite\u013estvu Eur\u00f3pskej komisie pre \u017eivotn\u00e9 prostredie pod\u00e1va Michal Ki\u010da, environment\u00e1lny expert strany Demokrati. D\u00f4vodom je neexistencia relevantn\u00fdch argumentov pre tieto rozhodnutia a nedodr\u017eanie smernice E\u00da o biotopoch.&nbsp; Ministerstvo p\u00f4dohospod\u00e1rstva a rozvoja [&hellip;]<\/p>\n","protected":false},"author":13,"featured_media":5846,"comment_status":"closed","ping_status":"closed","sticky":false,"template":"","format":"standard","meta":{"_acf_changed":false,"ngg_post_thumbnail":0,"footnotes":""},"categories":[4],"tags":[],"class_list":["post-5845","post","type-post","status-publish","format-standard","has-post-thumbnail","hentry","category-tlacove-spravy"],"acf":[],"yoast_head":"<!-- This site is optimized with the Yoast SEO plugin v27.2 - https:\/\/yoast.com\/product\/yoast-seo-wordpress\/ -->\n<title>Pre obnovu lovu vlka drav\u00e9ho nem\u00e1 vl\u00e1da ani jeden argument, preto pod\u00e1vame s\u0165a\u017enos\u0165 Eur\u00f3pskej komisii<\/title>\n<meta name=\"robots\" content=\"index, follow, max-snippet:-1, max-image-preview:large, max-video-preview:-1\" \/>\n<link rel=\"canonical\" href=\"https:\/\/www.smedemokrati.sk\/cs\/pre-obnovu-lovu-vlka-draveho-nema-vlada-ani-jeden-argument-preto-podavame-staznost-europskej-komisii\/\" \/>\n<meta property=\"og:locale\" content=\"cs_CZ\" \/>\n<meta property=\"og:locale:alternate\" content=\"en_US\" \/>\n<meta property=\"og:locale:alternate\" content=\"hu_HU\" \/>\n<meta property=\"og:locale:alternate\" content=\"sk_SK\" \/>\n<meta property=\"og:locale:alternate\" content=\"sv_SE\" \/>\n<meta property=\"og:type\" content=\"article\" \/>\n<meta property=\"og:title\" content=\"Pre obnovu lovu vlka drav\u00e9ho nem\u00e1 vl\u00e1da ani jeden argument, preto pod\u00e1vame s\u0165a\u017enos\u0165 Eur\u00f3pskej komisii\" \/>\n<meta property=\"og:description\" content=\"Ur\u010denie kv\u00f3ty lovu vlka drav\u00e9ho a d\u00f4vody na zru\u0161enie jeho celoro\u010dnej ochrany presk\u00fama Eur\u00f3pska komisia. S\u0165a\u017enos\u0165 pre mo\u017en\u00e9 poru\u0161enie pr\u00e1va Eur\u00f3pskej \u00fanie dnes gener\u00e1lnemu riadite\u013estvu Eur\u00f3pskej komisie pre \u017eivotn\u00e9 prostredie pod\u00e1va Michal Ki\u010da, environment\u00e1lny expert strany Demokrati. D\u00f4vodom je neexistencia relevantn\u00fdch argumentov pre tieto rozhodnutia a nedodr\u017eanie smernice E\u00da o biotopoch.&nbsp; Ministerstvo p\u00f4dohospod\u00e1rstva a rozvoja [&hellip;]\" \/>\n<meta property=\"og:url\" content=\"https:\/\/www.smedemokrati.sk\/cs\/pre-obnovu-lovu-vlka-draveho-nema-vlada-ani-jeden-argument-preto-podavame-staznost-europskej-komisii\/\" \/>\n<meta property=\"og:site_name\" content=\"Smedemokrati.sk\" \/>\n<meta property=\"article:publisher\" content=\"https:\/\/www.facebook.com\/smedemokrati2023\" \/>\n<meta property=\"article:published_time\" content=\"2024-11-28T14:11:51+00:00\" \/>\n<meta property=\"article:modified_time\" content=\"2024-11-28T14:11:53+00:00\" \/>\n<meta property=\"og:image\" content=\"https:\/\/www.smedemokrati.sk\/wp-content\/uploads\/2024\/11\/m-l-ghtTSfjSBoE-unsplash-1.jpg\" \/>\n\t<meta property=\"og:image:width\" content=\"640\" \/>\n\t<meta property=\"og:image:height\" content=\"427\" \/>\n\t<meta property=\"og:image:type\" content=\"image\/jpeg\" \/>\n<meta name=\"author\" content=\"miro.sopko\" \/>\n<meta name=\"twitter:card\" content=\"summary_large_image\" \/>\n<meta name=\"twitter:label1\" content=\"Napsal(a)\" \/>\n\t<meta name=\"twitter:data1\" content=\"miro.sopko\" \/>\n\t<meta name=\"twitter:label2\" content=\"Odhadovan\u00e1 doba \u010dten\u00ed\" \/>\n\t<meta name=\"twitter:data2\" content=\"2 minuty\" \/>\n<script type=\"application\/ld+json\" class=\"yoast-schema-graph\">{\"@context\":\"https:\/\/schema.org\",\"@graph\":[{\"@type\":\"Article\",\"@id\":\"https:\/\/www.smedemokrati.sk\/pre-obnovu-lovu-vlka-draveho-nema-vlada-ani-jeden-argument-preto-podavame-staznost-europskej-komisii\/#article\",\"isPartOf\":{\"@id\":\"https:\/\/www.smedemokrati.sk\/pre-obnovu-lovu-vlka-draveho-nema-vlada-ani-jeden-argument-preto-podavame-staznost-europskej-komisii\/\"},\"author\":{\"name\":\"miro.sopko\",\"@id\":\"https:\/\/www.smedemokrati.sk\/#\/schema\/person\/21f147c88d605aa7ded900e1e7c344ba\"},\"headline\":\"Pre obnovu lovu vlka drav\u00e9ho nem\u00e1 vl\u00e1da ani jeden argument, preto pod\u00e1vame s\u0165a\u017enos\u0165 Eur\u00f3pskej komisii\",\"datePublished\":\"2024-11-28T14:11:51+00:00\",\"dateModified\":\"2024-11-28T14:11:53+00:00\",\"mainEntityOfPage\":{\"@id\":\"https:\/\/www.smedemokrati.sk\/pre-obnovu-lovu-vlka-draveho-nema-vlada-ani-jeden-argument-preto-podavame-staznost-europskej-komisii\/\"},\"wordCount\":489,\"publisher\":{\"@id\":\"https:\/\/www.smedemokrati.sk\/#organization\"},\"image\":{\"@id\":\"https:\/\/www.smedemokrati.sk\/pre-obnovu-lovu-vlka-draveho-nema-vlada-ani-jeden-argument-preto-podavame-staznost-europskej-komisii\/#primaryimage\"},\"thumbnailUrl\":\"https:\/\/www.smedemokrati.sk\/wp-content\/uploads\/2024\/11\/m-l-ghtTSfjSBoE-unsplash-1.jpg\",\"articleSection\":[\"Tla\u010dov\u00e9 spr\u00e1vy\"],\"inLanguage\":\"cs-CZ\"},{\"@type\":\"WebPage\",\"@id\":\"https:\/\/www.smedemokrati.sk\/pre-obnovu-lovu-vlka-draveho-nema-vlada-ani-jeden-argument-preto-podavame-staznost-europskej-komisii\/\",\"url\":\"https:\/\/www.smedemokrati.sk\/pre-obnovu-lovu-vlka-draveho-nema-vlada-ani-jeden-argument-preto-podavame-staznost-europskej-komisii\/\",\"name\":\"Pre obnovu lovu vlka drav\u00e9ho nem\u00e1 vl\u00e1da ani jeden argument, preto pod\u00e1vame s\u0165a\u017enos\u0165 Eur\u00f3pskej komisii\",\"isPartOf\":{\"@id\":\"https:\/\/www.smedemokrati.sk\/#website\"},\"primaryImageOfPage\":{\"@id\":\"https:\/\/www.smedemokrati.sk\/pre-obnovu-lovu-vlka-draveho-nema-vlada-ani-jeden-argument-preto-podavame-staznost-europskej-komisii\/#primaryimage\"},\"image\":{\"@id\":\"https:\/\/www.smedemokrati.sk\/pre-obnovu-lovu-vlka-draveho-nema-vlada-ani-jeden-argument-preto-podavame-staznost-europskej-komisii\/#primaryimage\"},\"thumbnailUrl\":\"https:\/\/www.smedemokrati.sk\/wp-content\/uploads\/2024\/11\/m-l-ghtTSfjSBoE-unsplash-1.jpg\",\"datePublished\":\"2024-11-28T14:11:51+00:00\",\"dateModified\":\"2024-11-28T14:11:53+00:00\",\"breadcrumb\":{\"@id\":\"https:\/\/www.smedemokrati.sk\/pre-obnovu-lovu-vlka-draveho-nema-vlada-ani-jeden-argument-preto-podavame-staznost-europskej-komisii\/#breadcrumb\"},\"inLanguage\":\"cs-CZ\",\"potentialAction\":[{\"@type\":\"ReadAction\",\"target\":[\"https:\/\/www.smedemokrati.sk\/pre-obnovu-lovu-vlka-draveho-nema-vlada-ani-jeden-argument-preto-podavame-staznost-europskej-komisii\/\"]}]},{\"@type\":\"ImageObject\",\"inLanguage\":\"cs-CZ\",\"@id\":\"https:\/\/www.smedemokrati.sk\/pre-obnovu-lovu-vlka-draveho-nema-vlada-ani-jeden-argument-preto-podavame-staznost-europskej-komisii\/#primaryimage\",\"url\":\"https:\/\/www.smedemokrati.sk\/wp-content\/uploads\/2024\/11\/m-l-ghtTSfjSBoE-unsplash-1.jpg\",\"contentUrl\":\"https:\/\/www.smedemokrati.sk\/wp-content\/uploads\/2024\/11\/m-l-ghtTSfjSBoE-unsplash-1.jpg\",\"width\":640,\"height\":427},{\"@type\":\"BreadcrumbList\",\"@id\":\"https:\/\/www.smedemokrati.sk\/pre-obnovu-lovu-vlka-draveho-nema-vlada-ani-jeden-argument-preto-podavame-staznost-europskej-komisii\/#breadcrumb\",\"itemListElement\":[{\"@type\":\"ListItem\",\"position\":1,\"name\":\"Domovsk\u00e1 str\u00e1nka\",\"item\":\"https:\/\/www.smedemokrati.sk\/\"},{\"@type\":\"ListItem\",\"position\":2,\"name\":\"Pre obnovu lovu vlka drav\u00e9ho nem\u00e1 vl\u00e1da ani jeden argument, preto pod\u00e1vame s\u0165a\u017enos\u0165 Eur\u00f3pskej komisii\"}]},{\"@type\":\"WebSite\",\"@id\":\"https:\/\/www.smedemokrati.sk\/#website\",\"url\":\"https:\/\/www.smedemokrati.sk\/\",\"name\":\"Smedemokrati.sk\",\"description\":\"Demokracia a slu\u0161nos\u0165 zv\u00ed\u0165az\u00ed\",\"publisher\":{\"@id\":\"https:\/\/www.smedemokrati.sk\/#organization\"},\"potentialAction\":[{\"@type\":\"SearchAction\",\"target\":{\"@type\":\"EntryPoint\",\"urlTemplate\":\"https:\/\/www.smedemokrati.sk\/?s={search_term_string}\"},\"query-input\":{\"@type\":\"PropertyValueSpecification\",\"valueRequired\":true,\"valueName\":\"search_term_string\"}}],\"inLanguage\":\"cs-CZ\"},{\"@type\":\"Organization\",\"@id\":\"https:\/\/www.smedemokrati.sk\/#organization\",\"name\":\"Smedemokrati.sk\",\"url\":\"https:\/\/www.smedemokrati.sk\/\",\"logo\":{\"@type\":\"ImageObject\",\"inLanguage\":\"cs-CZ\",\"@id\":\"https:\/\/www.smedemokrati.sk\/#\/schema\/logo\/image\/\",\"url\":\"https:\/\/www.smedemokrati.sk\/wp-content\/uploads\/2023\/04\/ff.002.jpeg\",\"contentUrl\":\"https:\/\/www.smedemokrati.sk\/wp-content\/uploads\/2023\/04\/ff.002.jpeg\",\"width\":640,\"height\":480,\"caption\":\"Smedemokrati.sk\"},\"image\":{\"@id\":\"https:\/\/www.smedemokrati.sk\/#\/schema\/logo\/image\/\"},\"sameAs\":[\"https:\/\/www.facebook.com\/smedemokrati2023\"]},{\"@type\":\"Person\",\"@id\":\"https:\/\/www.smedemokrati.sk\/#\/schema\/person\/21f147c88d605aa7ded900e1e7c344ba\",\"name\":\"miro.sopko\",\"image\":{\"@type\":\"ImageObject\",\"inLanguage\":\"cs-CZ\",\"@id\":\"https:\/\/secure.gravatar.com\/avatar\/267e4a36f704376c109afe3a78740c1f5dd8675a2180a908699e7863c9247606?s=96&d=mm&r=g\",\"url\":\"https:\/\/secure.gravatar.com\/avatar\/267e4a36f704376c109afe3a78740c1f5dd8675a2180a908699e7863c9247606?s=96&d=mm&r=g\",\"contentUrl\":\"https:\/\/secure.gravatar.com\/avatar\/267e4a36f704376c109afe3a78740c1f5dd8675a2180a908699e7863c9247606?s=96&d=mm&r=g\",\"caption\":\"miro.sopko\"},\"url\":\"https:\/\/www.smedemokrati.sk\/cs\/author\/miro-sopko\/\"}]}<\/script>\n<!-- \/ Yoast SEO plugin. -->","yoast_head_json":{"title":"Pre obnovu lovu vlka drav\u00e9ho nem\u00e1 vl\u00e1da ani jeden argument, preto pod\u00e1vame s\u0165a\u017enos\u0165 Eur\u00f3pskej komisii","robots":{"index":"index","follow":"follow","max-snippet":"max-snippet:-1","max-image-preview":"max-image-preview:large","max-video-preview":"max-video-preview:-1"},"canonical":"https:\/\/www.smedemokrati.sk\/cs\/pre-obnovu-lovu-vlka-draveho-nema-vlada-ani-jeden-argument-preto-podavame-staznost-europskej-komisii\/","og_locale":"cs_CZ","og_type":"article","og_title":"[:sk]Pre obnovu lovu vlka drav\u00e9ho nem\u00e1 vl\u00e1da ani jeden argument, preto pod\u00e1vame s\u0165a\u017enos\u0165 Eur\u00f3pskej komisii[:] - Smedemokrati.sk","og_description":"Ur\u010denie kv\u00f3ty lovu vlka drav\u00e9ho a d\u00f4vody na zru\u0161enie jeho celoro\u010dnej ochrany presk\u00fama Eur\u00f3pska komisia. S\u0165a\u017enos\u0165 pre mo\u017en\u00e9 poru\u0161enie pr\u00e1va Eur\u00f3pskej \u00fanie dnes gener\u00e1lnemu riadite\u013estvu Eur\u00f3pskej komisie pre \u017eivotn\u00e9 prostredie pod\u00e1va Michal Ki\u010da, environment\u00e1lny expert strany Demokrati. D\u00f4vodom je neexistencia relevantn\u00fdch argumentov pre tieto rozhodnutia a nedodr\u017eanie smernice E\u00da o biotopoch.&nbsp; Ministerstvo p\u00f4dohospod\u00e1rstva a rozvoja [&hellip;]","og_url":"https:\/\/www.smedemokrati.sk\/cs\/pre-obnovu-lovu-vlka-draveho-nema-vlada-ani-jeden-argument-preto-podavame-staznost-europskej-komisii\/","og_site_name":"Smedemokrati.sk","article_publisher":"https:\/\/www.facebook.com\/smedemokrati2023","article_published_time":"2024-11-28T14:11:51+00:00","article_modified_time":"2024-11-28T14:11:53+00:00","og_image":[{"width":640,"height":427,"url":"https:\/\/www.smedemokrati.sk\/wp-content\/uploads\/2024\/11\/m-l-ghtTSfjSBoE-unsplash-1.jpg","type":"image\/jpeg"}],"author":"miro.sopko","twitter_card":"summary_large_image","twitter_misc":{"Napsal(a)":"miro.sopko","Odhadovan\u00e1 doba \u010dten\u00ed":"2 minuty"},"schema":{"@context":"https:\/\/schema.org","@graph":[{"@type":"Article","@id":"https:\/\/www.smedemokrati.sk\/pre-obnovu-lovu-vlka-draveho-nema-vlada-ani-jeden-argument-preto-podavame-staznost-europskej-komisii\/#article","isPartOf":{"@id":"https:\/\/www.smedemokrati.sk\/pre-obnovu-lovu-vlka-draveho-nema-vlada-ani-jeden-argument-preto-podavame-staznost-europskej-komisii\/"},"author":{"name":"miro.sopko","@id":"https:\/\/www.smedemokrati.sk\/#\/schema\/person\/21f147c88d605aa7ded900e1e7c344ba"},"headline":"Pre obnovu lovu vlka drav\u00e9ho nem\u00e1 vl\u00e1da ani jeden argument, preto pod\u00e1vame s\u0165a\u017enos\u0165 Eur\u00f3pskej komisii","datePublished":"2024-11-28T14:11:51+00:00","dateModified":"2024-11-28T14:11:53+00:00","mainEntityOfPage":{"@id":"https:\/\/www.smedemokrati.sk\/pre-obnovu-lovu-vlka-draveho-nema-vlada-ani-jeden-argument-preto-podavame-staznost-europskej-komisii\/"},"wordCount":489,"publisher":{"@id":"https:\/\/www.smedemokrati.sk\/#organization"},"image":{"@id":"https:\/\/www.smedemokrati.sk\/pre-obnovu-lovu-vlka-draveho-nema-vlada-ani-jeden-argument-preto-podavame-staznost-europskej-komisii\/#primaryimage"},"thumbnailUrl":"https:\/\/www.smedemokrati.sk\/wp-content\/uploads\/2024\/11\/m-l-ghtTSfjSBoE-unsplash-1.jpg","articleSection":["Tla\u010dov\u00e9 spr\u00e1vy"],"inLanguage":"cs-CZ"},{"@type":"WebPage","@id":"https:\/\/www.smedemokrati.sk\/pre-obnovu-lovu-vlka-draveho-nema-vlada-ani-jeden-argument-preto-podavame-staznost-europskej-komisii\/","url":"https:\/\/www.smedemokrati.sk\/pre-obnovu-lovu-vlka-draveho-nema-vlada-ani-jeden-argument-preto-podavame-staznost-europskej-komisii\/","name":"Pre obnovu lovu vlka drav\u00e9ho nem\u00e1 vl\u00e1da ani jeden argument, preto pod\u00e1vame s\u0165a\u017enos\u0165 Eur\u00f3pskej komisii","isPartOf":{"@id":"https:\/\/www.smedemokrati.sk\/#website"},"primaryImageOfPage":{"@id":"https:\/\/www.smedemokrati.sk\/pre-obnovu-lovu-vlka-draveho-nema-vlada-ani-jeden-argument-preto-podavame-staznost-europskej-komisii\/#primaryimage"},"image":{"@id":"https:\/\/www.smedemokrati.sk\/pre-obnovu-lovu-vlka-draveho-nema-vlada-ani-jeden-argument-preto-podavame-staznost-europskej-komisii\/#primaryimage"},"thumbnailUrl":"https:\/\/www.smedemokrati.sk\/wp-content\/uploads\/2024\/11\/m-l-ghtTSfjSBoE-unsplash-1.jpg","datePublished":"2024-11-28T14:11:51+00:00","dateModified":"2024-11-28T14:11:53+00:00","breadcrumb":{"@id":"https:\/\/www.smedemokrati.sk\/pre-obnovu-lovu-vlka-draveho-nema-vlada-ani-jeden-argument-preto-podavame-staznost-europskej-komisii\/#breadcrumb"},"inLanguage":"cs-CZ","potentialAction":[{"@type":"ReadAction","target":["https:\/\/www.smedemokrati.sk\/pre-obnovu-lovu-vlka-draveho-nema-vlada-ani-jeden-argument-preto-podavame-staznost-europskej-komisii\/"]}]},{"@type":"ImageObject","inLanguage":"cs-CZ","@id":"https:\/\/www.smedemokrati.sk\/pre-obnovu-lovu-vlka-draveho-nema-vlada-ani-jeden-argument-preto-podavame-staznost-europskej-komisii\/#primaryimage","url":"https:\/\/www.smedemokrati.sk\/wp-content\/uploads\/2024\/11\/m-l-ghtTSfjSBoE-unsplash-1.jpg","contentUrl":"https:\/\/www.smedemokrati.sk\/wp-content\/uploads\/2024\/11\/m-l-ghtTSfjSBoE-unsplash-1.jpg","width":640,"height":427},{"@type":"BreadcrumbList","@id":"https:\/\/www.smedemokrati.sk\/pre-obnovu-lovu-vlka-draveho-nema-vlada-ani-jeden-argument-preto-podavame-staznost-europskej-komisii\/#breadcrumb","itemListElement":[{"@type":"ListItem","position":1,"name":"Domovsk\u00e1 str\u00e1nka","item":"https:\/\/www.smedemokrati.sk\/"},{"@type":"ListItem","position":2,"name":"Pre obnovu lovu vlka drav\u00e9ho nem\u00e1 vl\u00e1da ani jeden argument, preto pod\u00e1vame s\u0165a\u017enos\u0165 Eur\u00f3pskej komisii"}]},{"@type":"WebSite","@id":"https:\/\/www.smedemokrati.sk\/#website","url":"https:\/\/www.smedemokrati.sk\/","name":"Smedemokrati.sk","description":"Demokracia a slu\u0161nos\u0165 zv\u00ed\u0165az\u00ed","publisher":{"@id":"https:\/\/www.smedemokrati.sk\/#organization"},"potentialAction":[{"@type":"SearchAction","target":{"@type":"EntryPoint","urlTemplate":"https:\/\/www.smedemokrati.sk\/?s={search_term_string}"},"query-input":{"@type":"PropertyValueSpecification","valueRequired":true,"valueName":"search_term_string"}}],"inLanguage":"cs-CZ"},{"@type":"Organization","@id":"https:\/\/www.smedemokrati.sk\/#organization","name":"Smedemokrati.sk","url":"https:\/\/www.smedemokrati.sk\/","logo":{"@type":"ImageObject","inLanguage":"cs-CZ","@id":"https:\/\/www.smedemokrati.sk\/#\/schema\/logo\/image\/","url":"https:\/\/www.smedemokrati.sk\/wp-content\/uploads\/2023\/04\/ff.002.jpeg","contentUrl":"https:\/\/www.smedemokrati.sk\/wp-content\/uploads\/2023\/04\/ff.002.jpeg","width":640,"height":480,"caption":"Smedemokrati.sk"},"image":{"@id":"https:\/\/www.smedemokrati.sk\/#\/schema\/logo\/image\/"},"sameAs":["https:\/\/www.facebook.com\/smedemokrati2023"]},{"@type":"Person","@id":"https:\/\/www.smedemokrati.sk\/#\/schema\/person\/21f147c88d605aa7ded900e1e7c344ba","name":"miro.sopko","image":{"@type":"ImageObject","inLanguage":"cs-CZ","@id":"https:\/\/secure.gravatar.com\/avatar\/267e4a36f704376c109afe3a78740c1f5dd8675a2180a908699e7863c9247606?s=96&d=mm&r=g","url":"https:\/\/secure.gravatar.com\/avatar\/267e4a36f704376c109afe3a78740c1f5dd8675a2180a908699e7863c9247606?s=96&d=mm&r=g","contentUrl":"https:\/\/secure.gravatar.com\/avatar\/267e4a36f704376c109afe3a78740c1f5dd8675a2180a908699e7863c9247606?s=96&d=mm&r=g","caption":"miro.sopko"},"url":"https:\/\/www.smedemokrati.sk\/cs\/author\/miro-sopko\/"}]}},"_links":{"self":[{"href":"https:\/\/www.smedemokrati.sk\/cs\/wp-json\/wp\/v2\/posts\/5845","targetHints":{"allow":["GET"]}}],"collection":[{"href":"https:\/\/www.smedemokrati.sk\/cs\/wp-json\/wp\/v2\/posts"}],"about":[{"href":"https:\/\/www.smedemokrati.sk\/cs\/wp-json\/wp\/v2\/types\/post"}],"author":[{"embeddable":true,"href":"https:\/\/www.smedemokrati.sk\/cs\/wp-json\/wp\/v2\/users\/13"}],"replies":[{"embeddable":true,"href":"https:\/\/www.smedemokrati.sk\/cs\/wp-json\/wp\/v2\/comments?post=5845"}],"version-history":[{"count":1,"href":"https:\/\/www.smedemokrati.sk\/cs\/wp-json\/wp\/v2\/posts\/5845\/revisions"}],"predecessor-version":[{"id":5847,"href":"https:\/\/www.smedemokrati.sk\/cs\/wp-json\/wp\/v2\/posts\/5845\/revisions\/5847"}],"wp:featuredmedia":[{"embeddable":true,"href":"https:\/\/www.smedemokrati.sk\/cs\/wp-json\/wp\/v2\/media\/5846"}],"wp:attachment":[{"href":"https:\/\/www.smedemokrati.sk\/cs\/wp-json\/wp\/v2\/media?parent=5845"}],"wp:term":[{"taxonomy":"category","embeddable":true,"href":"https:\/\/www.smedemokrati.sk\/cs\/wp-json\/wp\/v2\/categories?post=5845"},{"taxonomy":"post_tag","embeddable":true,"href":"https:\/\/www.smedemokrati.sk\/cs\/wp-json\/wp\/v2\/tags?post=5845"}],"curies":[{"name":"wp","href":"https:\/\/api.w.org\/{rel}","templated":true}]}}