{"id":5815,"date":"2024-11-21T18:38:10","date_gmt":"2024-11-21T17:38:10","guid":{"rendered":"https:\/\/www.smedemokrati.sk\/?p=5815"},"modified":"2024-11-26T18:04:32","modified_gmt":"2024-11-26T17:04:32","slug":"prepustanie-v-narodnych-parkoch-a-zatvaranie-muzei-to-je-rozvoj-cestovneho-ruchu-v-podani-sns","status":"publish","type":"post","link":"https:\/\/www.smedemokrati.sk\/cs\/prepustanie-v-narodnych-parkoch-a-zatvaranie-muzei-to-je-rozvoj-cestovneho-ruchu-v-podani-sns\/","title":{"rendered":"Prep\u00fa\u0161\u0165anie v n\u00e1rodn\u00fdch parkoch a zatv\u00e1ranie m\u00faze\u00ed, to je &#8222;rozvoj&#8220; cestovn\u00e9ho ruchu v podan\u00ed SNS"},"content":{"rendered":"<div id=\"fb-root\"><\/div>\n\n<p><strong>Likvid\u00e1cia pr\u00edrody a kult\u00fary pokra\u010duje, peniaze na ich ochranu v\u0161ak vl\u00e1da m\u00e1. Pod\u013ea Michala Ki\u010du sa SNS chyst\u00e1 prepusti\u0165 v n\u00e1rodn\u00fdch parkoch 45 zamestnancov a v prvom kole 25 \u013eud\u00ed v \u0160t\u00e1tnej ochrane pr\u00edrody SR, \u010do v\u00e1\u017ene ochrom\u00ed ich fungovanie. Ranu od SNS ut\u0155\u017ei aj kult\u00farna oblas\u0165, preto\u017ee Martina \u0160imkovi\u010dov\u00e1 sa chyst\u00e1 zatvori\u0165 m\u00fazeum v Medzeve, v Spi\u0161skej Belej a m\u00e1me ind\u00edcie o rozpusten\u00ed t\u00edmu, ktor\u00fd rie\u0161i obnovu po\u017eiarom zni\u010denej Kr\u00e1snej H\u00f4rky.<\/strong><\/p>\n\n\n\n<p>Pod\u013ea Michala Ki\u010du chyst\u00e1 minister \u017eivotn\u00e9ho prostredia \u010fal\u0161ie prep\u00fa\u0161\u0165anie vo svojom rezorte. \u201ePod\u013ea na\u0161ich inform\u00e1ci\u00ed m\u00e1 \u00eds\u0165 o 25 zamestnancov v n\u00e1rodn\u00fdch parkoch a nateraz by malo zo \u0160t\u00e1tnej ochrany pr\u00edrody od\u00eds\u0165 25 \u013eud\u00ed. Ak id\u00fa prep\u00fa\u0161\u0165a\u0165 zamestnancov, ktor\u00ed zabezpe\u010duj\u00fa element\u00e1rnu starostlivos\u0165 o na\u0161u pr\u00edrodu, p\u00fdtam sa, kto to bude robi\u0165?&#8220; hovor\u00ed Michal Ki\u010da a podot\u00fdka, \u017ee argument o \u0161etren\u00ed neobstoj\u00ed, preto\u017ee je zauj\u00edmav\u00e9, \u017ee rezort na\u0161iel napr\u00edklad 577-tis\u00edc eur na nov\u00e9 vozidl\u00e1, na presklenie kancel\u00e1rie ministra a gener\u00e1lneho tajomn\u00edka 22-tis\u00edc eur alebo investovali 42-tis\u00edc eur do renov\u00e1cie slu\u017eobn\u00e9ho bytu a dali vy\u0161e 500 mil. eur za sch\u00e1tran\u00fa budovu v Modre, odkia\u013e poch\u00e1dza Taraba. \u0160t\u00e1t d\u00e1 na financovanie n\u00e1rodn\u00fdch parkov v roku 2025 zo \u0161t\u00e1tneho rozpo\u010dtu okrem Ve\u013ekej Fatry nula eur. Tie ostan\u00fa odk\u00e1zan\u00e9 len na pr\u00edjem z envirofondu a \u0165a\u017ebu dreva. Ochrana pr\u00edrody a rozvoj m\u00e4kk\u00fdch foriem cestovn\u00e9ho ruchu t\u00fdm bude ochromen\u00fd a spr\u00e1vy n\u00e1rodn\u00fdch parkov a chr\u00e1nen\u00fdch krajinn\u00fdch oblast\u00ed nebud\u00fa m\u00f4c\u0165 plni\u0165 ani svoje z\u00e1kladn\u00e9 povinnosti vypl\u00fdvaj\u00face zo z\u00e1kona.<\/p>\n\n\n\n<p>\u010clen predsedn\u00edctva Michal Ki\u010da pokra\u010duje, \u017ee SNS ide op\u00e4\u0165 za\u00fato\u010di\u0165 aj na oblas\u0165 kult\u00fary a za\u010dali t\u00fdm, \u017ee zn\u00ed\u017eili objem financi\u00ed, ktor\u00fd m\u00e1 \u00eds\u0165 na obnovu pamiatok z doteraj\u0161\u00edch 16 mil. eur na 9 mil. eur. \u201eHovoria, \u017ee nemaj\u00fa peniaze, no 46-tis\u00edc eur na prer\u00e1bku hymny sa n\u00e1jde, no \u00fadajne sa nen\u00e1jde 30 tis\u00edc eur, ktor\u00e9 ro\u010dne potrebuje Petzvalovo m\u00fazeum v Spi\u0161skej Belej, a preto sa ho chystaj\u00fa zavrie\u0165. Tie\u017e po\u010d\u00favame, \u017ee chc\u00fa zatvori\u0165 M\u00fazeum kinematografie a h\u00e1mru v&nbsp;Medzeve, \u010di rozpusti\u0165 \u010das\u0165 t\u00edmu zabezpe\u010duj\u00faceho obnovu Kr\u00e1snej H\u00f4rky. Nehovoriac o tom, \u017ee u\u017e pol roka je zatvoren\u00fd ka\u0161tie\u013e v Budmericiach a chc\u00fa prepusti\u0165 \u0161pi\u010dkov\u00fdch kur\u00e1torov v Slovenskej n\u00e1rodnej gal\u00e9rii,&#8220; uzatv\u00e1ra Michal Ki\u010da a dod\u00e1va, \u017ee \u0161t\u00e1t na obe oblasti &#8211; kult\u00faru aj \u017eivotn\u00e9 prostredie finan\u010dn\u00e9 prostriedky m\u00e1, no pre neodbornos\u0165 a nez\u00e1ujem ich zodpovedn\u00ed ministri nevedia efekt\u00edvne vyu\u017ei\u0165.<\/p>\n\n\n\n<p>Vodohospod\u00e1rska v\u00fdstavba je ziskov\u00fd \u0161t\u00e1tny podnik, ktor\u00fd minul\u00fd rok daroval ministerstvu pribli\u017ene 3 mil. eur okrem in\u00e9ho aj na pr\u00e1vne slu\u017eby. Zlomok z tejto sumy by vedel nahradi\u0165 mzdov\u00e9 prostriedky pre ochranu pr\u00edrody a prep\u00fa\u0161\u0165a\u0165 by sa nemuselo v\u00f4bec. \u0160t\u00e1tna ochrana pr\u00edrody naviac z\u00edskala nen\u00e1vratn\u00fd finan\u010dn\u00fd pr\u00edspevok z eurofondov v sume pribli\u017ene 21 mil. eur na mapovanie biotopov, z ktor\u00fdch m\u00e1 \u00eds\u0165 podstatn\u00e1 suma pr\u00e1ve na mzdov\u00e9 prostriedky. Po \u00faprave projektu by sa tieto prostriedky mohli vyu\u017ei\u0165 na dofinancovanie miezd prep\u00fa\u0161\u0165an\u00fdch zamestnancov. V pr\u00edpade kult\u00fary m\u00f4\u017eu ru\u0161eniu kult\u00farnych in\u0161tit\u00faci\u00ed zabr\u00e1ni\u0165 financie TIPOS-u, ktor\u00fd je v p\u00f4sobnosti ministerstva cestovn\u00e9ho ruchu.<\/p>\n\n\n\n<p>Demokrati kritizuj\u00fa, \u017ee v\u0161etky tieto kroky v\u00e1\u017ene ubl\u00ed\u017eia cestovn\u00e9mu ruchu na Slovensku, ktor\u00fd pr\u00e1ve pre svoje kult\u00farne a pr\u00edrodn\u00e9 pamiatky nav\u0161t\u00edvilo okolo 2,6 mili\u00f3na \u013eud\u00ed. V\u0161etky rezorty s\u00fa v p\u00f4sobnosti SNS a toto je vizitka ich skuto\u010dnej \u201cpomoci\u201d cestovn\u00e9mu ruchu.<\/p>\n\n\n\n<p>(Na tla\u010dovej konferencii sme sa tomu venovali od 16:50)<\/p>\n\n\n<div class=\"fb-video\" data-href=\"https:\/\/fb.watch\/v_ZfF-MtQr\" data-allowfullscreen=\"true\" data-autoplay=\"false\" data-width=\"\" data-show-text=\"false\" data-show-captions=\"true\"><\/div>\n","protected":false},"excerpt":{"rendered":"<p>Likvid\u00e1cia pr\u00edrody a kult\u00fary pokra\u010duje, peniaze na ich ochranu v\u0161ak vl\u00e1da m\u00e1. Pod\u013ea Michala Ki\u010du sa SNS chyst\u00e1 prepusti\u0165 v n\u00e1rodn\u00fdch parkoch 45 zamestnancov a v prvom kole 25 \u013eud\u00ed v \u0160t\u00e1tnej ochrane pr\u00edrody SR, \u010do v\u00e1\u017ene ochrom\u00ed ich fungovanie. Ranu od SNS ut\u0155\u017ei aj kult\u00farna oblas\u0165, preto\u017ee Martina \u0160imkovi\u010dov\u00e1 sa chyst\u00e1 zatvori\u0165 m\u00fazeum v [&hellip;]<\/p>\n","protected":false},"author":13,"featured_media":3097,"comment_status":"closed","ping_status":"closed","sticky":false,"template":"","format":"standard","meta":{"_acf_changed":false,"ngg_post_thumbnail":0,"footnotes":""},"categories":[4],"tags":[],"class_list":["post-5815","post","type-post","status-publish","format-standard","has-post-thumbnail","hentry","category-tlacove-spravy"],"acf":[],"yoast_head":"<!-- This site is optimized with the Yoast SEO plugin v27.2 - https:\/\/yoast.com\/product\/yoast-seo-wordpress\/ -->\n<title>Prep\u00fa\u0161\u0165anie v n\u00e1rodn\u00fdch parkoch a zatv\u00e1ranie m\u00faze\u00ed, to je &quot;rozvoj&quot; cestovn\u00e9ho ruchu v podan\u00ed SNS<\/title>\n<meta name=\"robots\" content=\"index, follow, max-snippet:-1, max-image-preview:large, max-video-preview:-1\" \/>\n<link rel=\"canonical\" href=\"https:\/\/www.smedemokrati.sk\/cs\/prepustanie-v-narodnych-parkoch-a-zatvaranie-muzei-to-je-rozvoj-cestovneho-ruchu-v-podani-sns\/\" \/>\n<meta property=\"og:locale\" content=\"cs_CZ\" \/>\n<meta property=\"og:locale:alternate\" content=\"en_US\" \/>\n<meta property=\"og:locale:alternate\" content=\"hu_HU\" \/>\n<meta property=\"og:locale:alternate\" content=\"sk_SK\" \/>\n<meta property=\"og:locale:alternate\" content=\"sv_SE\" \/>\n<meta property=\"og:type\" content=\"article\" \/>\n<meta property=\"og:title\" content=\"Prep\u00fa\u0161\u0165anie v n\u00e1rodn\u00fdch parkoch a zatv\u00e1ranie m\u00faze\u00ed, to je &quot;rozvoj&quot; cestovn\u00e9ho ruchu v podan\u00ed SNS\" \/>\n<meta property=\"og:description\" content=\"Likvid\u00e1cia pr\u00edrody a kult\u00fary pokra\u010duje, peniaze na ich ochranu v\u0161ak vl\u00e1da m\u00e1. Pod\u013ea Michala Ki\u010du sa SNS chyst\u00e1 prepusti\u0165 v n\u00e1rodn\u00fdch parkoch 45 zamestnancov a v prvom kole 25 \u013eud\u00ed v \u0160t\u00e1tnej ochrane pr\u00edrody SR, \u010do v\u00e1\u017ene ochrom\u00ed ich fungovanie. Ranu od SNS ut\u0155\u017ei aj kult\u00farna oblas\u0165, preto\u017ee Martina \u0160imkovi\u010dov\u00e1 sa chyst\u00e1 zatvori\u0165 m\u00fazeum v [&hellip;]\" \/>\n<meta property=\"og:url\" content=\"https:\/\/www.smedemokrati.sk\/cs\/prepustanie-v-narodnych-parkoch-a-zatvaranie-muzei-to-je-rozvoj-cestovneho-ruchu-v-podani-sns\/\" \/>\n<meta property=\"og:site_name\" content=\"Smedemokrati.sk\" \/>\n<meta property=\"article:publisher\" content=\"https:\/\/www.facebook.com\/smedemokrati2023\" \/>\n<meta property=\"article:published_time\" content=\"2024-11-21T17:38:10+00:00\" \/>\n<meta property=\"article:modified_time\" content=\"2024-11-26T17:04:32+00:00\" \/>\n<meta property=\"og:image\" content=\"https:\/\/www.smedemokrati.sk\/wp-content\/uploads\/2024\/03\/simkovicova-1.jpg\" \/>\n\t<meta property=\"og:image:width\" content=\"800\" \/>\n\t<meta property=\"og:image:height\" content=\"448\" \/>\n\t<meta property=\"og:image:type\" content=\"image\/jpeg\" \/>\n<meta name=\"author\" content=\"miro.sopko\" \/>\n<meta name=\"twitter:card\" content=\"summary_large_image\" \/>\n<meta name=\"twitter:label1\" content=\"Napsal(a)\" \/>\n\t<meta name=\"twitter:data1\" content=\"miro.sopko\" \/>\n\t<meta name=\"twitter:label2\" content=\"Odhadovan\u00e1 doba \u010dten\u00ed\" \/>\n\t<meta name=\"twitter:data2\" content=\"3 minuty\" \/>\n<script type=\"application\/ld+json\" class=\"yoast-schema-graph\">{\"@context\":\"https:\/\/schema.org\",\"@graph\":[{\"@type\":\"Article\",\"@id\":\"https:\/\/www.smedemokrati.sk\/prepustanie-v-narodnych-parkoch-a-zatvaranie-muzei-to-je-rozvoj-cestovneho-ruchu-v-podani-sns\/#article\",\"isPartOf\":{\"@id\":\"https:\/\/www.smedemokrati.sk\/prepustanie-v-narodnych-parkoch-a-zatvaranie-muzei-to-je-rozvoj-cestovneho-ruchu-v-podani-sns\/\"},\"author\":{\"name\":\"miro.sopko\",\"@id\":\"https:\/\/www.smedemokrati.sk\/#\/schema\/person\/21f147c88d605aa7ded900e1e7c344ba\"},\"headline\":\"Prep\u00fa\u0161\u0165anie v n\u00e1rodn\u00fdch parkoch a zatv\u00e1ranie m\u00faze\u00ed, to je &#8222;rozvoj&#8220; cestovn\u00e9ho ruchu v podan\u00ed SNS\",\"datePublished\":\"2024-11-21T17:38:10+00:00\",\"dateModified\":\"2024-11-26T17:04:32+00:00\",\"mainEntityOfPage\":{\"@id\":\"https:\/\/www.smedemokrati.sk\/prepustanie-v-narodnych-parkoch-a-zatvaranie-muzei-to-je-rozvoj-cestovneho-ruchu-v-podani-sns\/\"},\"wordCount\":716,\"publisher\":{\"@id\":\"https:\/\/www.smedemokrati.sk\/#organization\"},\"image\":{\"@id\":\"https:\/\/www.smedemokrati.sk\/prepustanie-v-narodnych-parkoch-a-zatvaranie-muzei-to-je-rozvoj-cestovneho-ruchu-v-podani-sns\/#primaryimage\"},\"thumbnailUrl\":\"https:\/\/www.smedemokrati.sk\/wp-content\/uploads\/2024\/03\/simkovicova-1.jpg\",\"articleSection\":[\"Tla\u010dov\u00e9 spr\u00e1vy\"],\"inLanguage\":\"cs-CZ\"},{\"@type\":\"WebPage\",\"@id\":\"https:\/\/www.smedemokrati.sk\/prepustanie-v-narodnych-parkoch-a-zatvaranie-muzei-to-je-rozvoj-cestovneho-ruchu-v-podani-sns\/\",\"url\":\"https:\/\/www.smedemokrati.sk\/prepustanie-v-narodnych-parkoch-a-zatvaranie-muzei-to-je-rozvoj-cestovneho-ruchu-v-podani-sns\/\",\"name\":\"Prep\u00fa\u0161\u0165anie v n\u00e1rodn\u00fdch parkoch a zatv\u00e1ranie m\u00faze\u00ed, to je \\\"rozvoj\\\" cestovn\u00e9ho ruchu v podan\u00ed SNS\",\"isPartOf\":{\"@id\":\"https:\/\/www.smedemokrati.sk\/#website\"},\"primaryImageOfPage\":{\"@id\":\"https:\/\/www.smedemokrati.sk\/prepustanie-v-narodnych-parkoch-a-zatvaranie-muzei-to-je-rozvoj-cestovneho-ruchu-v-podani-sns\/#primaryimage\"},\"image\":{\"@id\":\"https:\/\/www.smedemokrati.sk\/prepustanie-v-narodnych-parkoch-a-zatvaranie-muzei-to-je-rozvoj-cestovneho-ruchu-v-podani-sns\/#primaryimage\"},\"thumbnailUrl\":\"https:\/\/www.smedemokrati.sk\/wp-content\/uploads\/2024\/03\/simkovicova-1.jpg\",\"datePublished\":\"2024-11-21T17:38:10+00:00\",\"dateModified\":\"2024-11-26T17:04:32+00:00\",\"breadcrumb\":{\"@id\":\"https:\/\/www.smedemokrati.sk\/prepustanie-v-narodnych-parkoch-a-zatvaranie-muzei-to-je-rozvoj-cestovneho-ruchu-v-podani-sns\/#breadcrumb\"},\"inLanguage\":\"cs-CZ\",\"potentialAction\":[{\"@type\":\"ReadAction\",\"target\":[\"https:\/\/www.smedemokrati.sk\/prepustanie-v-narodnych-parkoch-a-zatvaranie-muzei-to-je-rozvoj-cestovneho-ruchu-v-podani-sns\/\"]}]},{\"@type\":\"ImageObject\",\"inLanguage\":\"cs-CZ\",\"@id\":\"https:\/\/www.smedemokrati.sk\/prepustanie-v-narodnych-parkoch-a-zatvaranie-muzei-to-je-rozvoj-cestovneho-ruchu-v-podani-sns\/#primaryimage\",\"url\":\"https:\/\/www.smedemokrati.sk\/wp-content\/uploads\/2024\/03\/simkovicova-1.jpg\",\"contentUrl\":\"https:\/\/www.smedemokrati.sk\/wp-content\/uploads\/2024\/03\/simkovicova-1.jpg\",\"width\":800,\"height\":448},{\"@type\":\"BreadcrumbList\",\"@id\":\"https:\/\/www.smedemokrati.sk\/prepustanie-v-narodnych-parkoch-a-zatvaranie-muzei-to-je-rozvoj-cestovneho-ruchu-v-podani-sns\/#breadcrumb\",\"itemListElement\":[{\"@type\":\"ListItem\",\"position\":1,\"name\":\"Domovsk\u00e1 str\u00e1nka\",\"item\":\"https:\/\/www.smedemokrati.sk\/\"},{\"@type\":\"ListItem\",\"position\":2,\"name\":\"Prep\u00fa\u0161\u0165anie v n\u00e1rodn\u00fdch parkoch a zatv\u00e1ranie m\u00faze\u00ed, to je &#8220;rozvoj&#8221; cestovn\u00e9ho ruchu v podan\u00ed SNS\"}]},{\"@type\":\"WebSite\",\"@id\":\"https:\/\/www.smedemokrati.sk\/#website\",\"url\":\"https:\/\/www.smedemokrati.sk\/\",\"name\":\"Smedemokrati.sk\",\"description\":\"Demokracia a slu\u0161nos\u0165 zv\u00ed\u0165az\u00ed\",\"publisher\":{\"@id\":\"https:\/\/www.smedemokrati.sk\/#organization\"},\"potentialAction\":[{\"@type\":\"SearchAction\",\"target\":{\"@type\":\"EntryPoint\",\"urlTemplate\":\"https:\/\/www.smedemokrati.sk\/?s={search_term_string}\"},\"query-input\":{\"@type\":\"PropertyValueSpecification\",\"valueRequired\":true,\"valueName\":\"search_term_string\"}}],\"inLanguage\":\"cs-CZ\"},{\"@type\":\"Organization\",\"@id\":\"https:\/\/www.smedemokrati.sk\/#organization\",\"name\":\"Smedemokrati.sk\",\"url\":\"https:\/\/www.smedemokrati.sk\/\",\"logo\":{\"@type\":\"ImageObject\",\"inLanguage\":\"cs-CZ\",\"@id\":\"https:\/\/www.smedemokrati.sk\/#\/schema\/logo\/image\/\",\"url\":\"https:\/\/www.smedemokrati.sk\/wp-content\/uploads\/2023\/04\/ff.002.jpeg\",\"contentUrl\":\"https:\/\/www.smedemokrati.sk\/wp-content\/uploads\/2023\/04\/ff.002.jpeg\",\"width\":640,\"height\":480,\"caption\":\"Smedemokrati.sk\"},\"image\":{\"@id\":\"https:\/\/www.smedemokrati.sk\/#\/schema\/logo\/image\/\"},\"sameAs\":[\"https:\/\/www.facebook.com\/smedemokrati2023\"]},{\"@type\":\"Person\",\"@id\":\"https:\/\/www.smedemokrati.sk\/#\/schema\/person\/21f147c88d605aa7ded900e1e7c344ba\",\"name\":\"miro.sopko\",\"image\":{\"@type\":\"ImageObject\",\"inLanguage\":\"cs-CZ\",\"@id\":\"https:\/\/secure.gravatar.com\/avatar\/267e4a36f704376c109afe3a78740c1f5dd8675a2180a908699e7863c9247606?s=96&d=mm&r=g\",\"url\":\"https:\/\/secure.gravatar.com\/avatar\/267e4a36f704376c109afe3a78740c1f5dd8675a2180a908699e7863c9247606?s=96&d=mm&r=g\",\"contentUrl\":\"https:\/\/secure.gravatar.com\/avatar\/267e4a36f704376c109afe3a78740c1f5dd8675a2180a908699e7863c9247606?s=96&d=mm&r=g\",\"caption\":\"miro.sopko\"},\"url\":\"https:\/\/www.smedemokrati.sk\/cs\/author\/miro-sopko\/\"}]}<\/script>\n<!-- \/ Yoast SEO plugin. -->","yoast_head_json":{"title":"Prep\u00fa\u0161\u0165anie v n\u00e1rodn\u00fdch parkoch a zatv\u00e1ranie m\u00faze\u00ed, to je \"rozvoj\" cestovn\u00e9ho ruchu v podan\u00ed SNS","robots":{"index":"index","follow":"follow","max-snippet":"max-snippet:-1","max-image-preview":"max-image-preview:large","max-video-preview":"max-video-preview:-1"},"canonical":"https:\/\/www.smedemokrati.sk\/cs\/prepustanie-v-narodnych-parkoch-a-zatvaranie-muzei-to-je-rozvoj-cestovneho-ruchu-v-podani-sns\/","og_locale":"cs_CZ","og_type":"article","og_title":"[:sk]Prep\u00fa\u0161\u0165anie v n\u00e1rodn\u00fdch parkoch a zatv\u00e1ranie m\u00faze\u00ed, to je \"rozvoj\" cestovn\u00e9ho ruchu v podan\u00ed SNS[:] - Smedemokrati.sk","og_description":"Likvid\u00e1cia pr\u00edrody a kult\u00fary pokra\u010duje, peniaze na ich ochranu v\u0161ak vl\u00e1da m\u00e1. Pod\u013ea Michala Ki\u010du sa SNS chyst\u00e1 prepusti\u0165 v n\u00e1rodn\u00fdch parkoch 45 zamestnancov a v prvom kole 25 \u013eud\u00ed v \u0160t\u00e1tnej ochrane pr\u00edrody SR, \u010do v\u00e1\u017ene ochrom\u00ed ich fungovanie. Ranu od SNS ut\u0155\u017ei aj kult\u00farna oblas\u0165, preto\u017ee Martina \u0160imkovi\u010dov\u00e1 sa chyst\u00e1 zatvori\u0165 m\u00fazeum v [&hellip;]","og_url":"https:\/\/www.smedemokrati.sk\/cs\/prepustanie-v-narodnych-parkoch-a-zatvaranie-muzei-to-je-rozvoj-cestovneho-ruchu-v-podani-sns\/","og_site_name":"Smedemokrati.sk","article_publisher":"https:\/\/www.facebook.com\/smedemokrati2023","article_published_time":"2024-11-21T17:38:10+00:00","article_modified_time":"2024-11-26T17:04:32+00:00","og_image":[{"width":800,"height":448,"url":"https:\/\/www.smedemokrati.sk\/wp-content\/uploads\/2024\/03\/simkovicova-1.jpg","type":"image\/jpeg"}],"author":"miro.sopko","twitter_card":"summary_large_image","twitter_misc":{"Napsal(a)":"miro.sopko","Odhadovan\u00e1 doba \u010dten\u00ed":"3 minuty"},"schema":{"@context":"https:\/\/schema.org","@graph":[{"@type":"Article","@id":"https:\/\/www.smedemokrati.sk\/prepustanie-v-narodnych-parkoch-a-zatvaranie-muzei-to-je-rozvoj-cestovneho-ruchu-v-podani-sns\/#article","isPartOf":{"@id":"https:\/\/www.smedemokrati.sk\/prepustanie-v-narodnych-parkoch-a-zatvaranie-muzei-to-je-rozvoj-cestovneho-ruchu-v-podani-sns\/"},"author":{"name":"miro.sopko","@id":"https:\/\/www.smedemokrati.sk\/#\/schema\/person\/21f147c88d605aa7ded900e1e7c344ba"},"headline":"Prep\u00fa\u0161\u0165anie v n\u00e1rodn\u00fdch parkoch a zatv\u00e1ranie m\u00faze\u00ed, to je &#8222;rozvoj&#8220; cestovn\u00e9ho ruchu v podan\u00ed SNS","datePublished":"2024-11-21T17:38:10+00:00","dateModified":"2024-11-26T17:04:32+00:00","mainEntityOfPage":{"@id":"https:\/\/www.smedemokrati.sk\/prepustanie-v-narodnych-parkoch-a-zatvaranie-muzei-to-je-rozvoj-cestovneho-ruchu-v-podani-sns\/"},"wordCount":716,"publisher":{"@id":"https:\/\/www.smedemokrati.sk\/#organization"},"image":{"@id":"https:\/\/www.smedemokrati.sk\/prepustanie-v-narodnych-parkoch-a-zatvaranie-muzei-to-je-rozvoj-cestovneho-ruchu-v-podani-sns\/#primaryimage"},"thumbnailUrl":"https:\/\/www.smedemokrati.sk\/wp-content\/uploads\/2024\/03\/simkovicova-1.jpg","articleSection":["Tla\u010dov\u00e9 spr\u00e1vy"],"inLanguage":"cs-CZ"},{"@type":"WebPage","@id":"https:\/\/www.smedemokrati.sk\/prepustanie-v-narodnych-parkoch-a-zatvaranie-muzei-to-je-rozvoj-cestovneho-ruchu-v-podani-sns\/","url":"https:\/\/www.smedemokrati.sk\/prepustanie-v-narodnych-parkoch-a-zatvaranie-muzei-to-je-rozvoj-cestovneho-ruchu-v-podani-sns\/","name":"Prep\u00fa\u0161\u0165anie v n\u00e1rodn\u00fdch parkoch a zatv\u00e1ranie m\u00faze\u00ed, to je \"rozvoj\" cestovn\u00e9ho ruchu v podan\u00ed SNS","isPartOf":{"@id":"https:\/\/www.smedemokrati.sk\/#website"},"primaryImageOfPage":{"@id":"https:\/\/www.smedemokrati.sk\/prepustanie-v-narodnych-parkoch-a-zatvaranie-muzei-to-je-rozvoj-cestovneho-ruchu-v-podani-sns\/#primaryimage"},"image":{"@id":"https:\/\/www.smedemokrati.sk\/prepustanie-v-narodnych-parkoch-a-zatvaranie-muzei-to-je-rozvoj-cestovneho-ruchu-v-podani-sns\/#primaryimage"},"thumbnailUrl":"https:\/\/www.smedemokrati.sk\/wp-content\/uploads\/2024\/03\/simkovicova-1.jpg","datePublished":"2024-11-21T17:38:10+00:00","dateModified":"2024-11-26T17:04:32+00:00","breadcrumb":{"@id":"https:\/\/www.smedemokrati.sk\/prepustanie-v-narodnych-parkoch-a-zatvaranie-muzei-to-je-rozvoj-cestovneho-ruchu-v-podani-sns\/#breadcrumb"},"inLanguage":"cs-CZ","potentialAction":[{"@type":"ReadAction","target":["https:\/\/www.smedemokrati.sk\/prepustanie-v-narodnych-parkoch-a-zatvaranie-muzei-to-je-rozvoj-cestovneho-ruchu-v-podani-sns\/"]}]},{"@type":"ImageObject","inLanguage":"cs-CZ","@id":"https:\/\/www.smedemokrati.sk\/prepustanie-v-narodnych-parkoch-a-zatvaranie-muzei-to-je-rozvoj-cestovneho-ruchu-v-podani-sns\/#primaryimage","url":"https:\/\/www.smedemokrati.sk\/wp-content\/uploads\/2024\/03\/simkovicova-1.jpg","contentUrl":"https:\/\/www.smedemokrati.sk\/wp-content\/uploads\/2024\/03\/simkovicova-1.jpg","width":800,"height":448},{"@type":"BreadcrumbList","@id":"https:\/\/www.smedemokrati.sk\/prepustanie-v-narodnych-parkoch-a-zatvaranie-muzei-to-je-rozvoj-cestovneho-ruchu-v-podani-sns\/#breadcrumb","itemListElement":[{"@type":"ListItem","position":1,"name":"Domovsk\u00e1 str\u00e1nka","item":"https:\/\/www.smedemokrati.sk\/"},{"@type":"ListItem","position":2,"name":"Prep\u00fa\u0161\u0165anie v n\u00e1rodn\u00fdch parkoch a zatv\u00e1ranie m\u00faze\u00ed, to je &#8220;rozvoj&#8221; cestovn\u00e9ho ruchu v podan\u00ed SNS"}]},{"@type":"WebSite","@id":"https:\/\/www.smedemokrati.sk\/#website","url":"https:\/\/www.smedemokrati.sk\/","name":"Smedemokrati.sk","description":"Demokracia a slu\u0161nos\u0165 zv\u00ed\u0165az\u00ed","publisher":{"@id":"https:\/\/www.smedemokrati.sk\/#organization"},"potentialAction":[{"@type":"SearchAction","target":{"@type":"EntryPoint","urlTemplate":"https:\/\/www.smedemokrati.sk\/?s={search_term_string}"},"query-input":{"@type":"PropertyValueSpecification","valueRequired":true,"valueName":"search_term_string"}}],"inLanguage":"cs-CZ"},{"@type":"Organization","@id":"https:\/\/www.smedemokrati.sk\/#organization","name":"Smedemokrati.sk","url":"https:\/\/www.smedemokrati.sk\/","logo":{"@type":"ImageObject","inLanguage":"cs-CZ","@id":"https:\/\/www.smedemokrati.sk\/#\/schema\/logo\/image\/","url":"https:\/\/www.smedemokrati.sk\/wp-content\/uploads\/2023\/04\/ff.002.jpeg","contentUrl":"https:\/\/www.smedemokrati.sk\/wp-content\/uploads\/2023\/04\/ff.002.jpeg","width":640,"height":480,"caption":"Smedemokrati.sk"},"image":{"@id":"https:\/\/www.smedemokrati.sk\/#\/schema\/logo\/image\/"},"sameAs":["https:\/\/www.facebook.com\/smedemokrati2023"]},{"@type":"Person","@id":"https:\/\/www.smedemokrati.sk\/#\/schema\/person\/21f147c88d605aa7ded900e1e7c344ba","name":"miro.sopko","image":{"@type":"ImageObject","inLanguage":"cs-CZ","@id":"https:\/\/secure.gravatar.com\/avatar\/267e4a36f704376c109afe3a78740c1f5dd8675a2180a908699e7863c9247606?s=96&d=mm&r=g","url":"https:\/\/secure.gravatar.com\/avatar\/267e4a36f704376c109afe3a78740c1f5dd8675a2180a908699e7863c9247606?s=96&d=mm&r=g","contentUrl":"https:\/\/secure.gravatar.com\/avatar\/267e4a36f704376c109afe3a78740c1f5dd8675a2180a908699e7863c9247606?s=96&d=mm&r=g","caption":"miro.sopko"},"url":"https:\/\/www.smedemokrati.sk\/cs\/author\/miro-sopko\/"}]}},"_links":{"self":[{"href":"https:\/\/www.smedemokrati.sk\/cs\/wp-json\/wp\/v2\/posts\/5815","targetHints":{"allow":["GET"]}}],"collection":[{"href":"https:\/\/www.smedemokrati.sk\/cs\/wp-json\/wp\/v2\/posts"}],"about":[{"href":"https:\/\/www.smedemokrati.sk\/cs\/wp-json\/wp\/v2\/types\/post"}],"author":[{"embeddable":true,"href":"https:\/\/www.smedemokrati.sk\/cs\/wp-json\/wp\/v2\/users\/13"}],"replies":[{"embeddable":true,"href":"https:\/\/www.smedemokrati.sk\/cs\/wp-json\/wp\/v2\/comments?post=5815"}],"version-history":[{"count":1,"href":"https:\/\/www.smedemokrati.sk\/cs\/wp-json\/wp\/v2\/posts\/5815\/revisions"}],"predecessor-version":[{"id":5816,"href":"https:\/\/www.smedemokrati.sk\/cs\/wp-json\/wp\/v2\/posts\/5815\/revisions\/5816"}],"wp:featuredmedia":[{"embeddable":true,"href":"https:\/\/www.smedemokrati.sk\/cs\/wp-json\/wp\/v2\/media\/3097"}],"wp:attachment":[{"href":"https:\/\/www.smedemokrati.sk\/cs\/wp-json\/wp\/v2\/media?parent=5815"}],"wp:term":[{"taxonomy":"category","embeddable":true,"href":"https:\/\/www.smedemokrati.sk\/cs\/wp-json\/wp\/v2\/categories?post=5815"},{"taxonomy":"post_tag","embeddable":true,"href":"https:\/\/www.smedemokrati.sk\/cs\/wp-json\/wp\/v2\/tags?post=5815"}],"curies":[{"name":"wp","href":"https:\/\/api.w.org\/{rel}","templated":true}]}}