{"id":5811,"date":"2024-11-21T12:05:14","date_gmt":"2024-11-21T11:05:14","guid":{"rendered":"https:\/\/www.smedemokrati.sk\/?p=5811"},"modified":"2024-11-26T18:04:38","modified_gmt":"2024-11-26T17:04:38","slug":"my-sa-vas-nebojime-svoje-zlyhania-neprekryjete-pani-sutaj-estok-a-solak","status":"publish","type":"post","link":"https:\/\/www.smedemokrati.sk\/cs\/my-sa-vas-nebojime-svoje-zlyhania-neprekryjete-pani-sutaj-estok-a-solak\/","title":{"rendered":"My sa V\u00e1s neboj\u00edme! Svoje zlyhania neprekryjete p\u00e1ni \u0160utaj E\u0161tok a Sol\u00e1k"},"content":{"rendered":"<div id=\"fb-root\"><\/div>\n\n<p><strong>Minister vn\u00fatra Mat\u00fa\u0161 \u0160utaj E\u0161tok a policajn\u00fd prezident Sol\u00e1k s\u00fa preuk\u00e1zate\u013ene v \u00fazkych. Vedia, \u017ee maj\u00fa obrovsk\u00fd probl\u00e9m v policajnom zbore a vedia, \u017ee v Ko\u0161iciach, kde bol zabit\u00fd \u010dlovek, syst\u00e9movo zlyhali a preto sa rozhodli prekr\u00fdva\u0165.<\/strong><\/p>\n\n\n\n<p>Miesto toho, aby si priznali chybu a odst\u00fapili, sa rozhodli za\u00fato\u010di\u0165 konkr\u00e9tne\u00a0na Jaroslava Na\u010fa a zriadi\u0165 vy\u0161etrovac\u00ed t\u00edm.<em>\u00a0\u201eVieme, \u017ee Demokrati im le\u017eia v \u017eal\u00fadku, preto\u017ee ne\u00fanavne poukazujeme na zlyhanie \u0160utaj E\u0161toka a policajn\u00e9ho prezidenta, tak sa rozhodli za\u010da\u0165 politick\u00fd proti\u00fatok, ktor\u00fd m\u00e1 odvr\u00e1ti\u0165 pozornos\u0165 od ich zlyhan\u00ed. Policajn\u00fd zbor sa im rozpad\u00e1, \u0160utaj E\u0161tokovi sa rozpad\u00e1 strana a vl\u00e1dna koal\u00edcia sa rozpad\u00e1 rovnako,&#8220;<\/em>\u00a0hovor\u00ed Juraj \u0160eliga, ktor\u00fd je podpredseda strany a dod\u00e1va, \u017ee vl\u00e1da nerie\u0161i probl\u00e9my \u013eud\u00ed na Slovensku, zdra\u017eovanie \u010di zdravotn\u00edctvo a \u0161kolstvo. Naopak rie\u0161ia ako svoje zlyhania prekry\u0165 a ako rozd\u00fachava\u0165 nen\u00e1vis\u0165.\u00a0<\/p>\n\n\n\n<p>Vy\u0161etrovac\u00ed t\u00edm, ktor\u00fd dnes \u0160utaj E\u0161tok ozn\u00e1mil ako minister vn\u00fatra, je pod\u013ea Demokratov ni\u010d in\u00e9 ako akt politickej pomsty. U\u017e X trestn\u00fdch ozn\u00e1men\u00ed bolo odmietnut\u00fdch, veci opakovane vysvetlen\u00e9, ale Smer a Hlas potrebuj\u00fa politick\u00fa pomstu. Za ka\u017ed\u00fdch okolnost\u00ed.<\/p>\n\n\n\n<p><em>\u201eRozhodnutie pom\u00f4c\u0165 Ukrajine bolo spr\u00e1vne, z\u00e1konn\u00e9 a mor\u00e1lne. V n\u00fadzi je na\u0161ou povinnos\u0165ou pom\u00e1ha\u0165 slab\u0161\u00edm a br\u00e1niacim sa. Ukrajina sa br\u00e1ni pred Putinovou agresiou. Ukrajina br\u00e1ni aj n\u00e1s. Darovanie nepotrebnej vojenskej techniky, ktor\u00e1 bola zavret\u00e1 v gar\u00e1\u017ei, je to najmenej, \u010do sme mohli urobi\u0165,&#8220;<\/em>\u00a0 hovor\u00ed vtedaj\u0161\u00ed predseda vl\u00e1dy Eduard Heger a vyjadruje podporu Jarovi Na\u010fovi. Pod\u013ea Demokratov by t\u00e1to vl\u00e1da najrad\u0161ej k\u013ea\u010dala pred Putinom a prosila ho o pozornos\u0165.\u00a0<em>\u201eSuver\u00e9nne a hrd\u00e9 krajiny a vl\u00e1dy pred tyranmi a agresormi neustupuj\u00fa. Naopak, br\u00e1nia sa a stoja na strane svojich spojencov,&#8220;\u00a0<\/em>uzatv\u00e1ra Heger.<\/p>\n","protected":false},"excerpt":{"rendered":"<p>Minister vn\u00fatra Mat\u00fa\u0161 \u0160utaj E\u0161tok a policajn\u00fd prezident Sol\u00e1k s\u00fa preuk\u00e1zate\u013ene v \u00fazkych. Vedia, \u017ee maj\u00fa obrovsk\u00fd probl\u00e9m v policajnom zbore a vedia, \u017ee v Ko\u0161iciach, kde bol zabit\u00fd \u010dlovek, syst\u00e9movo zlyhali a preto sa rozhodli prekr\u00fdva\u0165. Miesto toho, aby si priznali chybu a odst\u00fapili, sa rozhodli za\u00fato\u010di\u0165 konkr\u00e9tne\u00a0na Jaroslava Na\u010fa a zriadi\u0165 vy\u0161etrovac\u00ed t\u00edm.\u00a0\u201eVieme, [&hellip;]<\/p>\n","protected":false},"author":13,"featured_media":5812,"comment_status":"closed","ping_status":"closed","sticky":false,"template":"","format":"standard","meta":{"_acf_changed":false,"ngg_post_thumbnail":0,"footnotes":""},"categories":[4],"tags":[],"class_list":["post-5811","post","type-post","status-publish","format-standard","has-post-thumbnail","hentry","category-tlacove-spravy"],"acf":[],"yoast_head":"<!-- This site is optimized with the Yoast SEO plugin v27.2 - https:\/\/yoast.com\/product\/yoast-seo-wordpress\/ -->\n<title>My sa V\u00e1s neboj\u00edme! Svoje zlyhania neprekryjete p\u00e1ni \u0160utaj E\u0161tok a Sol\u00e1k<\/title>\n<meta name=\"robots\" content=\"index, follow, max-snippet:-1, max-image-preview:large, max-video-preview:-1\" \/>\n<link rel=\"canonical\" href=\"https:\/\/www.smedemokrati.sk\/cs\/my-sa-vas-nebojime-svoje-zlyhania-neprekryjete-pani-sutaj-estok-a-solak\/\" \/>\n<meta property=\"og:locale\" content=\"cs_CZ\" \/>\n<meta property=\"og:locale:alternate\" content=\"en_US\" \/>\n<meta property=\"og:locale:alternate\" content=\"hu_HU\" \/>\n<meta property=\"og:locale:alternate\" content=\"sk_SK\" \/>\n<meta property=\"og:locale:alternate\" content=\"sv_SE\" \/>\n<meta property=\"og:type\" content=\"article\" \/>\n<meta property=\"og:title\" content=\"My sa V\u00e1s neboj\u00edme! Svoje zlyhania neprekryjete p\u00e1ni \u0160utaj E\u0161tok a Sol\u00e1k\" \/>\n<meta property=\"og:description\" content=\"Minister vn\u00fatra Mat\u00fa\u0161 \u0160utaj E\u0161tok a policajn\u00fd prezident Sol\u00e1k s\u00fa preuk\u00e1zate\u013ene v \u00fazkych. Vedia, \u017ee maj\u00fa obrovsk\u00fd probl\u00e9m v policajnom zbore a vedia, \u017ee v Ko\u0161iciach, kde bol zabit\u00fd \u010dlovek, syst\u00e9movo zlyhali a preto sa rozhodli prekr\u00fdva\u0165. Miesto toho, aby si priznali chybu a odst\u00fapili, sa rozhodli za\u00fato\u010di\u0165 konkr\u00e9tne\u00a0na Jaroslava Na\u010fa a zriadi\u0165 vy\u0161etrovac\u00ed t\u00edm.\u00a0\u201eVieme, [&hellip;]\" \/>\n<meta property=\"og:url\" content=\"https:\/\/www.smedemokrati.sk\/cs\/my-sa-vas-nebojime-svoje-zlyhania-neprekryjete-pani-sutaj-estok-a-solak\/\" \/>\n<meta property=\"og:site_name\" content=\"Smedemokrati.sk\" \/>\n<meta property=\"article:publisher\" content=\"https:\/\/www.facebook.com\/smedemokrati2023\" \/>\n<meta property=\"article:published_time\" content=\"2024-11-21T11:05:14+00:00\" \/>\n<meta property=\"article:modified_time\" content=\"2024-11-26T17:04:38+00:00\" \/>\n<meta property=\"og:image\" content=\"https:\/\/www.smedemokrati.sk\/wp-content\/uploads\/2024\/11\/demokrati.jpg\" \/>\n\t<meta property=\"og:image:width\" content=\"2048\" \/>\n\t<meta property=\"og:image:height\" content=\"1536\" \/>\n\t<meta property=\"og:image:type\" content=\"image\/jpeg\" \/>\n<meta name=\"author\" content=\"miro.sopko\" \/>\n<meta name=\"twitter:card\" content=\"summary_large_image\" \/>\n<meta name=\"twitter:label1\" content=\"Napsal(a)\" \/>\n\t<meta name=\"twitter:data1\" content=\"miro.sopko\" \/>\n\t<meta name=\"twitter:label2\" content=\"Odhadovan\u00e1 doba \u010dten\u00ed\" \/>\n\t<meta name=\"twitter:data2\" content=\"2 minuty\" \/>\n<script type=\"application\/ld+json\" class=\"yoast-schema-graph\">{\"@context\":\"https:\/\/schema.org\",\"@graph\":[{\"@type\":\"Article\",\"@id\":\"https:\/\/www.smedemokrati.sk\/my-sa-vas-nebojime-svoje-zlyhania-neprekryjete-pani-sutaj-estok-a-solak\/#article\",\"isPartOf\":{\"@id\":\"https:\/\/www.smedemokrati.sk\/my-sa-vas-nebojime-svoje-zlyhania-neprekryjete-pani-sutaj-estok-a-solak\/\"},\"author\":{\"name\":\"miro.sopko\",\"@id\":\"https:\/\/www.smedemokrati.sk\/#\/schema\/person\/21f147c88d605aa7ded900e1e7c344ba\"},\"headline\":\"My sa V\u00e1s neboj\u00edme! Svoje zlyhania neprekryjete p\u00e1ni \u0160utaj E\u0161tok a Sol\u00e1k\",\"datePublished\":\"2024-11-21T11:05:14+00:00\",\"dateModified\":\"2024-11-26T17:04:38+00:00\",\"mainEntityOfPage\":{\"@id\":\"https:\/\/www.smedemokrati.sk\/my-sa-vas-nebojime-svoje-zlyhania-neprekryjete-pani-sutaj-estok-a-solak\/\"},\"wordCount\":355,\"publisher\":{\"@id\":\"https:\/\/www.smedemokrati.sk\/#organization\"},\"image\":{\"@id\":\"https:\/\/www.smedemokrati.sk\/my-sa-vas-nebojime-svoje-zlyhania-neprekryjete-pani-sutaj-estok-a-solak\/#primaryimage\"},\"thumbnailUrl\":\"https:\/\/www.smedemokrati.sk\/wp-content\/uploads\/2024\/11\/demokrati.jpg\",\"articleSection\":[\"Tla\u010dov\u00e9 spr\u00e1vy\"],\"inLanguage\":\"cs-CZ\"},{\"@type\":\"WebPage\",\"@id\":\"https:\/\/www.smedemokrati.sk\/my-sa-vas-nebojime-svoje-zlyhania-neprekryjete-pani-sutaj-estok-a-solak\/\",\"url\":\"https:\/\/www.smedemokrati.sk\/my-sa-vas-nebojime-svoje-zlyhania-neprekryjete-pani-sutaj-estok-a-solak\/\",\"name\":\"My sa V\u00e1s neboj\u00edme! Svoje zlyhania neprekryjete p\u00e1ni \u0160utaj E\u0161tok a Sol\u00e1k\",\"isPartOf\":{\"@id\":\"https:\/\/www.smedemokrati.sk\/#website\"},\"primaryImageOfPage\":{\"@id\":\"https:\/\/www.smedemokrati.sk\/my-sa-vas-nebojime-svoje-zlyhania-neprekryjete-pani-sutaj-estok-a-solak\/#primaryimage\"},\"image\":{\"@id\":\"https:\/\/www.smedemokrati.sk\/my-sa-vas-nebojime-svoje-zlyhania-neprekryjete-pani-sutaj-estok-a-solak\/#primaryimage\"},\"thumbnailUrl\":\"https:\/\/www.smedemokrati.sk\/wp-content\/uploads\/2024\/11\/demokrati.jpg\",\"datePublished\":\"2024-11-21T11:05:14+00:00\",\"dateModified\":\"2024-11-26T17:04:38+00:00\",\"breadcrumb\":{\"@id\":\"https:\/\/www.smedemokrati.sk\/my-sa-vas-nebojime-svoje-zlyhania-neprekryjete-pani-sutaj-estok-a-solak\/#breadcrumb\"},\"inLanguage\":\"cs-CZ\",\"potentialAction\":[{\"@type\":\"ReadAction\",\"target\":[\"https:\/\/www.smedemokrati.sk\/my-sa-vas-nebojime-svoje-zlyhania-neprekryjete-pani-sutaj-estok-a-solak\/\"]}]},{\"@type\":\"ImageObject\",\"inLanguage\":\"cs-CZ\",\"@id\":\"https:\/\/www.smedemokrati.sk\/my-sa-vas-nebojime-svoje-zlyhania-neprekryjete-pani-sutaj-estok-a-solak\/#primaryimage\",\"url\":\"https:\/\/www.smedemokrati.sk\/wp-content\/uploads\/2024\/11\/demokrati.jpg\",\"contentUrl\":\"https:\/\/www.smedemokrati.sk\/wp-content\/uploads\/2024\/11\/demokrati.jpg\",\"width\":2048,\"height\":1536},{\"@type\":\"BreadcrumbList\",\"@id\":\"https:\/\/www.smedemokrati.sk\/my-sa-vas-nebojime-svoje-zlyhania-neprekryjete-pani-sutaj-estok-a-solak\/#breadcrumb\",\"itemListElement\":[{\"@type\":\"ListItem\",\"position\":1,\"name\":\"Domovsk\u00e1 str\u00e1nka\",\"item\":\"https:\/\/www.smedemokrati.sk\/\"},{\"@type\":\"ListItem\",\"position\":2,\"name\":\"My sa V\u00e1s neboj\u00edme! Svoje zlyhania neprekryjete p\u00e1ni \u0160utaj E\u0161tok a Sol\u00e1k\"}]},{\"@type\":\"WebSite\",\"@id\":\"https:\/\/www.smedemokrati.sk\/#website\",\"url\":\"https:\/\/www.smedemokrati.sk\/\",\"name\":\"Smedemokrati.sk\",\"description\":\"Demokracia a slu\u0161nos\u0165 zv\u00ed\u0165az\u00ed\",\"publisher\":{\"@id\":\"https:\/\/www.smedemokrati.sk\/#organization\"},\"potentialAction\":[{\"@type\":\"SearchAction\",\"target\":{\"@type\":\"EntryPoint\",\"urlTemplate\":\"https:\/\/www.smedemokrati.sk\/?s={search_term_string}\"},\"query-input\":{\"@type\":\"PropertyValueSpecification\",\"valueRequired\":true,\"valueName\":\"search_term_string\"}}],\"inLanguage\":\"cs-CZ\"},{\"@type\":\"Organization\",\"@id\":\"https:\/\/www.smedemokrati.sk\/#organization\",\"name\":\"Smedemokrati.sk\",\"url\":\"https:\/\/www.smedemokrati.sk\/\",\"logo\":{\"@type\":\"ImageObject\",\"inLanguage\":\"cs-CZ\",\"@id\":\"https:\/\/www.smedemokrati.sk\/#\/schema\/logo\/image\/\",\"url\":\"https:\/\/www.smedemokrati.sk\/wp-content\/uploads\/2023\/04\/ff.002.jpeg\",\"contentUrl\":\"https:\/\/www.smedemokrati.sk\/wp-content\/uploads\/2023\/04\/ff.002.jpeg\",\"width\":640,\"height\":480,\"caption\":\"Smedemokrati.sk\"},\"image\":{\"@id\":\"https:\/\/www.smedemokrati.sk\/#\/schema\/logo\/image\/\"},\"sameAs\":[\"https:\/\/www.facebook.com\/smedemokrati2023\"]},{\"@type\":\"Person\",\"@id\":\"https:\/\/www.smedemokrati.sk\/#\/schema\/person\/21f147c88d605aa7ded900e1e7c344ba\",\"name\":\"miro.sopko\",\"image\":{\"@type\":\"ImageObject\",\"inLanguage\":\"cs-CZ\",\"@id\":\"https:\/\/secure.gravatar.com\/avatar\/267e4a36f704376c109afe3a78740c1f5dd8675a2180a908699e7863c9247606?s=96&d=mm&r=g\",\"url\":\"https:\/\/secure.gravatar.com\/avatar\/267e4a36f704376c109afe3a78740c1f5dd8675a2180a908699e7863c9247606?s=96&d=mm&r=g\",\"contentUrl\":\"https:\/\/secure.gravatar.com\/avatar\/267e4a36f704376c109afe3a78740c1f5dd8675a2180a908699e7863c9247606?s=96&d=mm&r=g\",\"caption\":\"miro.sopko\"},\"url\":\"https:\/\/www.smedemokrati.sk\/cs\/author\/miro-sopko\/\"}]}<\/script>\n<!-- \/ Yoast SEO plugin. -->","yoast_head_json":{"title":"My sa V\u00e1s neboj\u00edme! Svoje zlyhania neprekryjete p\u00e1ni \u0160utaj E\u0161tok a Sol\u00e1k","robots":{"index":"index","follow":"follow","max-snippet":"max-snippet:-1","max-image-preview":"max-image-preview:large","max-video-preview":"max-video-preview:-1"},"canonical":"https:\/\/www.smedemokrati.sk\/cs\/my-sa-vas-nebojime-svoje-zlyhania-neprekryjete-pani-sutaj-estok-a-solak\/","og_locale":"cs_CZ","og_type":"article","og_title":"[:sk]My sa V\u00e1s neboj\u00edme! Svoje zlyhania neprekryjete p\u00e1ni \u0160utaj E\u0161tok a Sol\u00e1k[:] - Smedemokrati.sk","og_description":"Minister vn\u00fatra Mat\u00fa\u0161 \u0160utaj E\u0161tok a policajn\u00fd prezident Sol\u00e1k s\u00fa preuk\u00e1zate\u013ene v \u00fazkych. Vedia, \u017ee maj\u00fa obrovsk\u00fd probl\u00e9m v policajnom zbore a vedia, \u017ee v Ko\u0161iciach, kde bol zabit\u00fd \u010dlovek, syst\u00e9movo zlyhali a preto sa rozhodli prekr\u00fdva\u0165. Miesto toho, aby si priznali chybu a odst\u00fapili, sa rozhodli za\u00fato\u010di\u0165 konkr\u00e9tne\u00a0na Jaroslava Na\u010fa a zriadi\u0165 vy\u0161etrovac\u00ed t\u00edm.\u00a0\u201eVieme, [&hellip;]","og_url":"https:\/\/www.smedemokrati.sk\/cs\/my-sa-vas-nebojime-svoje-zlyhania-neprekryjete-pani-sutaj-estok-a-solak\/","og_site_name":"Smedemokrati.sk","article_publisher":"https:\/\/www.facebook.com\/smedemokrati2023","article_published_time":"2024-11-21T11:05:14+00:00","article_modified_time":"2024-11-26T17:04:38+00:00","og_image":[{"width":2048,"height":1536,"url":"https:\/\/www.smedemokrati.sk\/wp-content\/uploads\/2024\/11\/demokrati.jpg","type":"image\/jpeg"}],"author":"miro.sopko","twitter_card":"summary_large_image","twitter_misc":{"Napsal(a)":"miro.sopko","Odhadovan\u00e1 doba \u010dten\u00ed":"2 minuty"},"schema":{"@context":"https:\/\/schema.org","@graph":[{"@type":"Article","@id":"https:\/\/www.smedemokrati.sk\/my-sa-vas-nebojime-svoje-zlyhania-neprekryjete-pani-sutaj-estok-a-solak\/#article","isPartOf":{"@id":"https:\/\/www.smedemokrati.sk\/my-sa-vas-nebojime-svoje-zlyhania-neprekryjete-pani-sutaj-estok-a-solak\/"},"author":{"name":"miro.sopko","@id":"https:\/\/www.smedemokrati.sk\/#\/schema\/person\/21f147c88d605aa7ded900e1e7c344ba"},"headline":"My sa V\u00e1s neboj\u00edme! Svoje zlyhania neprekryjete p\u00e1ni \u0160utaj E\u0161tok a Sol\u00e1k","datePublished":"2024-11-21T11:05:14+00:00","dateModified":"2024-11-26T17:04:38+00:00","mainEntityOfPage":{"@id":"https:\/\/www.smedemokrati.sk\/my-sa-vas-nebojime-svoje-zlyhania-neprekryjete-pani-sutaj-estok-a-solak\/"},"wordCount":355,"publisher":{"@id":"https:\/\/www.smedemokrati.sk\/#organization"},"image":{"@id":"https:\/\/www.smedemokrati.sk\/my-sa-vas-nebojime-svoje-zlyhania-neprekryjete-pani-sutaj-estok-a-solak\/#primaryimage"},"thumbnailUrl":"https:\/\/www.smedemokrati.sk\/wp-content\/uploads\/2024\/11\/demokrati.jpg","articleSection":["Tla\u010dov\u00e9 spr\u00e1vy"],"inLanguage":"cs-CZ"},{"@type":"WebPage","@id":"https:\/\/www.smedemokrati.sk\/my-sa-vas-nebojime-svoje-zlyhania-neprekryjete-pani-sutaj-estok-a-solak\/","url":"https:\/\/www.smedemokrati.sk\/my-sa-vas-nebojime-svoje-zlyhania-neprekryjete-pani-sutaj-estok-a-solak\/","name":"My sa V\u00e1s neboj\u00edme! Svoje zlyhania neprekryjete p\u00e1ni \u0160utaj E\u0161tok a Sol\u00e1k","isPartOf":{"@id":"https:\/\/www.smedemokrati.sk\/#website"},"primaryImageOfPage":{"@id":"https:\/\/www.smedemokrati.sk\/my-sa-vas-nebojime-svoje-zlyhania-neprekryjete-pani-sutaj-estok-a-solak\/#primaryimage"},"image":{"@id":"https:\/\/www.smedemokrati.sk\/my-sa-vas-nebojime-svoje-zlyhania-neprekryjete-pani-sutaj-estok-a-solak\/#primaryimage"},"thumbnailUrl":"https:\/\/www.smedemokrati.sk\/wp-content\/uploads\/2024\/11\/demokrati.jpg","datePublished":"2024-11-21T11:05:14+00:00","dateModified":"2024-11-26T17:04:38+00:00","breadcrumb":{"@id":"https:\/\/www.smedemokrati.sk\/my-sa-vas-nebojime-svoje-zlyhania-neprekryjete-pani-sutaj-estok-a-solak\/#breadcrumb"},"inLanguage":"cs-CZ","potentialAction":[{"@type":"ReadAction","target":["https:\/\/www.smedemokrati.sk\/my-sa-vas-nebojime-svoje-zlyhania-neprekryjete-pani-sutaj-estok-a-solak\/"]}]},{"@type":"ImageObject","inLanguage":"cs-CZ","@id":"https:\/\/www.smedemokrati.sk\/my-sa-vas-nebojime-svoje-zlyhania-neprekryjete-pani-sutaj-estok-a-solak\/#primaryimage","url":"https:\/\/www.smedemokrati.sk\/wp-content\/uploads\/2024\/11\/demokrati.jpg","contentUrl":"https:\/\/www.smedemokrati.sk\/wp-content\/uploads\/2024\/11\/demokrati.jpg","width":2048,"height":1536},{"@type":"BreadcrumbList","@id":"https:\/\/www.smedemokrati.sk\/my-sa-vas-nebojime-svoje-zlyhania-neprekryjete-pani-sutaj-estok-a-solak\/#breadcrumb","itemListElement":[{"@type":"ListItem","position":1,"name":"Domovsk\u00e1 str\u00e1nka","item":"https:\/\/www.smedemokrati.sk\/"},{"@type":"ListItem","position":2,"name":"My sa V\u00e1s neboj\u00edme! Svoje zlyhania neprekryjete p\u00e1ni \u0160utaj E\u0161tok a Sol\u00e1k"}]},{"@type":"WebSite","@id":"https:\/\/www.smedemokrati.sk\/#website","url":"https:\/\/www.smedemokrati.sk\/","name":"Smedemokrati.sk","description":"Demokracia a slu\u0161nos\u0165 zv\u00ed\u0165az\u00ed","publisher":{"@id":"https:\/\/www.smedemokrati.sk\/#organization"},"potentialAction":[{"@type":"SearchAction","target":{"@type":"EntryPoint","urlTemplate":"https:\/\/www.smedemokrati.sk\/?s={search_term_string}"},"query-input":{"@type":"PropertyValueSpecification","valueRequired":true,"valueName":"search_term_string"}}],"inLanguage":"cs-CZ"},{"@type":"Organization","@id":"https:\/\/www.smedemokrati.sk\/#organization","name":"Smedemokrati.sk","url":"https:\/\/www.smedemokrati.sk\/","logo":{"@type":"ImageObject","inLanguage":"cs-CZ","@id":"https:\/\/www.smedemokrati.sk\/#\/schema\/logo\/image\/","url":"https:\/\/www.smedemokrati.sk\/wp-content\/uploads\/2023\/04\/ff.002.jpeg","contentUrl":"https:\/\/www.smedemokrati.sk\/wp-content\/uploads\/2023\/04\/ff.002.jpeg","width":640,"height":480,"caption":"Smedemokrati.sk"},"image":{"@id":"https:\/\/www.smedemokrati.sk\/#\/schema\/logo\/image\/"},"sameAs":["https:\/\/www.facebook.com\/smedemokrati2023"]},{"@type":"Person","@id":"https:\/\/www.smedemokrati.sk\/#\/schema\/person\/21f147c88d605aa7ded900e1e7c344ba","name":"miro.sopko","image":{"@type":"ImageObject","inLanguage":"cs-CZ","@id":"https:\/\/secure.gravatar.com\/avatar\/267e4a36f704376c109afe3a78740c1f5dd8675a2180a908699e7863c9247606?s=96&d=mm&r=g","url":"https:\/\/secure.gravatar.com\/avatar\/267e4a36f704376c109afe3a78740c1f5dd8675a2180a908699e7863c9247606?s=96&d=mm&r=g","contentUrl":"https:\/\/secure.gravatar.com\/avatar\/267e4a36f704376c109afe3a78740c1f5dd8675a2180a908699e7863c9247606?s=96&d=mm&r=g","caption":"miro.sopko"},"url":"https:\/\/www.smedemokrati.sk\/cs\/author\/miro-sopko\/"}]}},"_links":{"self":[{"href":"https:\/\/www.smedemokrati.sk\/cs\/wp-json\/wp\/v2\/posts\/5811","targetHints":{"allow":["GET"]}}],"collection":[{"href":"https:\/\/www.smedemokrati.sk\/cs\/wp-json\/wp\/v2\/posts"}],"about":[{"href":"https:\/\/www.smedemokrati.sk\/cs\/wp-json\/wp\/v2\/types\/post"}],"author":[{"embeddable":true,"href":"https:\/\/www.smedemokrati.sk\/cs\/wp-json\/wp\/v2\/users\/13"}],"replies":[{"embeddable":true,"href":"https:\/\/www.smedemokrati.sk\/cs\/wp-json\/wp\/v2\/comments?post=5811"}],"version-history":[{"count":1,"href":"https:\/\/www.smedemokrati.sk\/cs\/wp-json\/wp\/v2\/posts\/5811\/revisions"}],"predecessor-version":[{"id":5813,"href":"https:\/\/www.smedemokrati.sk\/cs\/wp-json\/wp\/v2\/posts\/5811\/revisions\/5813"}],"wp:featuredmedia":[{"embeddable":true,"href":"https:\/\/www.smedemokrati.sk\/cs\/wp-json\/wp\/v2\/media\/5812"}],"wp:attachment":[{"href":"https:\/\/www.smedemokrati.sk\/cs\/wp-json\/wp\/v2\/media?parent=5811"}],"wp:term":[{"taxonomy":"category","embeddable":true,"href":"https:\/\/www.smedemokrati.sk\/cs\/wp-json\/wp\/v2\/categories?post=5811"},{"taxonomy":"post_tag","embeddable":true,"href":"https:\/\/www.smedemokrati.sk\/cs\/wp-json\/wp\/v2\/tags?post=5811"}],"curies":[{"name":"wp","href":"https:\/\/api.w.org\/{rel}","templated":true}]}}