{"id":5801,"date":"2024-11-19T21:55:28","date_gmt":"2024-11-19T20:55:28","guid":{"rendered":"https:\/\/www.smedemokrati.sk\/?p=5801"},"modified":"2024-11-20T21:12:02","modified_gmt":"2024-11-20T20:12:02","slug":"klucove-rozhodnutie-pre-vystavbu-vodnych-diel-preskuma-sud","status":"publish","type":"post","link":"https:\/\/www.smedemokrati.sk\/cs\/klucove-rozhodnutie-pre-vystavbu-vodnych-diel-preskuma-sud\/","title":{"rendered":"K\u013e\u00fa\u010dov\u00e9 rozhodnutie pre v\u00fdstavbu vodn\u00fdch diel presk\u00fama s\u00fad"},"content":{"rendered":"<div id=\"fb-root\"><\/div>\n\n<p><strong>Rozhodnutie Ministerstva \u017eivotn\u00e9ho prostredia SR z okt\u00f3bra 2024 z procesu posudzovania vplyvov na \u017eivotn\u00e9 prostredie, ktor\u00fdm rozhodlo, \u017ee Aktualiz\u00e1cia Koncepcie vodnej politiky 2030 nemus\u00ed prejs\u0165 riadnym pos\u00faden\u00edm vplyvov na \u017eivotn\u00e9 prostredie, presk\u00fama Spr\u00e1vny s\u00fad v Bratislave. \u017dalobu podal 8. novembra ako advok\u00e1t za ob\u010danov a mimovl\u00e1dne organiz\u00e1cie Michal Ki\u010da, environment\u00e1lny expert Demokratov. \u017dalobou napadnut\u00e9 rozhodnutie pribli\u017euje k realiz\u00e1cii v\u00fdstavbu sporn\u00fdch vodn\u00fdch diel na Slatinke, Tichom Potoku \u010di hornom Ipli (\u010eub\u00e1kovo).<\/strong><\/p>\n\n\n\n<p>Vl\u00e1da m\u00f4\u017ee o schv\u00e1len\u00ed zmeny p\u00f4vodnej Koncepcie vodnej politiky do roku 2030, ktor\u00e1 v\u00fdstavbu t\u00fdchto vodn\u00fdch diel vylu\u010dovala, rokova\u0165 u\u017e zajtra. Pr\u00edpadn\u00e9mu schva\u013eovaniu vl\u00e1dou ale predch\u00e1dza nez\u00e1konn\u00e9 rozhodnutie ministerstva \u017eivotn\u00e9ho prostredia z procesu posudzovania vplyvov na \u017eivotn\u00e9 prostredie, pod\u013ea ktor\u00e9ho zru\u0161enie z\u00e1kazu v\u00fdstavby sporn\u00fdch vodn\u00fdch diel nebude ma\u0165 v\u00fdrazne negat\u00edvne vplyvy na \u017eivotn\u00e9 prostredie. <em>\u201eJedn\u00e1 sa o flagrantn\u00e9 ignorovanie z\u00e1konu ale aj z\u00e1v\u00e4zn\u00fdch stanov\u00edsk odborn\u00fdch \u00fatvarov ministerstva, ktor\u00e9 na negat\u00edvne vplyvy zru\u0161enia z\u00e1kazu upozor\u0148ovali a navrhovali presne opa\u010dn\u00fd postup, ako nakoniec rozhodlo ministerstvo. Preto sme boli n\u00faten\u00ed poda\u0165 \u017ealobu a po\u017eadujeme aj priznanie jej odkladn\u00e9ho \u00fa\u010dinku,\u201d<\/em>\u00a0vysvet\u013euje Michal Ki\u010da.<\/p>\n\n\n\n<p>\u201e<em>Vyz\u00fdvame vl\u00e1du, aby do rozhodnutia o \u017ealobe a o na\u0161om n\u00e1vrhu neprij\u00edmala \u017eiadne strategick\u00e9 rozhodnutie, ktor\u00e9 bude nezvratn\u00e9. Upozor\u0148ujeme \u010dlenov vl\u00e1dy, \u017ee by tak vykonali na podklade nez\u00e1konn\u00e9ho rozhodnutia ministerstva \u017eivotn\u00e9ho prostredia, ktor\u00fdm sa okrem n\u00e1\u0161ho z\u00e1kona mohlo poru\u0161i\u0165 aj pr\u00e1vo Eur\u00f3pskej \u00fanie. Ak vl\u00e1da napriek n\u00e1\u0161mu upozorneniu prist\u00fapi k schv\u00e1leniu zmeny koncepcie, \u017ealobu roz\u0161\u00edrime aj o rozhodnutie vl\u00e1dy<\/em>,\u201d uv\u00e1dza Michal Ki\u010da.\u00a0\u00a0<\/p>\n\n\n\n<p>Ki\u010da pova\u017euje \u010dastokr\u00e1t nezmyseln\u00e9 pl\u00e1ny ministra Tarabu za barbarstvo proti \u013eu\u010fom, pr\u00edrode ale aj verejn\u00fdm financi\u00e1m. Nikto nepreuk\u00e1zal nevyhnutnos\u0165 budova\u0165 Vodn\u00e9 dielo Slatinka a pripravi\u0165 tak o domovy desiatky \u013eud\u00ed a zdevastova\u0165 12 km toku patriaceho medzi \u00fazemia eur\u00f3pskeho v\u00fdznamu. V pr\u00edpade Tich\u00e9ho Potoku je situ\u00e1cia identick\u00e1, na zabezpe\u010denie z\u00e1sobovania v\u00fdchodn\u00e9ho Slovenska pitnou vodou sta\u010d\u00ed neohrozova\u0165 Starinu. \u010eub\u00e1kovo je \u010fal\u0161\u00ed megalomansk\u00fd projekt, ktor\u00fd najnov\u0161ie pote\u0161\u00ed \u010d\u00ednske z\u00e1ujmy.<\/p>\n\n\n\n<p>\u201e<em>Obyvate\u013eom t\u00fdchto obc\u00ed sme s\u013e\u00fabili, \u017ee sa za nich postav\u00edme. Svoj s\u013eub pln\u00edme a budeme ich pr\u00e1va pred megalomansk\u00fdmi pl\u00e1nmi vl\u00e1dy a proti poru\u0161ovaniu z\u00e1konov aj na\u010falej akt\u00edvne br\u00e1ni\u0165,<\/em>\u201d uzavrel Michal Ki\u010da.\u00a0<\/p>\n","protected":false},"excerpt":{"rendered":"<p>Rozhodnutie Ministerstva \u017eivotn\u00e9ho prostredia SR z okt\u00f3bra 2024 z procesu posudzovania vplyvov na \u017eivotn\u00e9 prostredie, ktor\u00fdm rozhodlo, \u017ee Aktualiz\u00e1cia Koncepcie vodnej politiky 2030 nemus\u00ed prejs\u0165 riadnym pos\u00faden\u00edm vplyvov na \u017eivotn\u00e9 prostredie, presk\u00fama Spr\u00e1vny s\u00fad v Bratislave. \u017dalobu podal 8. novembra ako advok\u00e1t za ob\u010danov a mimovl\u00e1dne organiz\u00e1cie Michal Ki\u010da, environment\u00e1lny expert Demokratov. \u017dalobou napadnut\u00e9 rozhodnutie [&hellip;]<\/p>\n","protected":false},"author":13,"featured_media":2460,"comment_status":"closed","ping_status":"closed","sticky":false,"template":"","format":"standard","meta":{"_acf_changed":false,"ngg_post_thumbnail":0,"footnotes":""},"categories":[4],"tags":[],"class_list":["post-5801","post","type-post","status-publish","format-standard","has-post-thumbnail","hentry","category-tlacove-spravy"],"acf":[],"yoast_head":"<!-- This site is optimized with the Yoast SEO plugin v27.2 - https:\/\/yoast.com\/product\/yoast-seo-wordpress\/ -->\n<title>K\u013e\u00fa\u010dov\u00e9 rozhodnutie pre v\u00fdstavbu vodn\u00fdch diel presk\u00fama s\u00fad<\/title>\n<meta name=\"robots\" content=\"index, follow, max-snippet:-1, max-image-preview:large, max-video-preview:-1\" \/>\n<link rel=\"canonical\" href=\"https:\/\/www.smedemokrati.sk\/cs\/klucove-rozhodnutie-pre-vystavbu-vodnych-diel-preskuma-sud\/\" \/>\n<meta property=\"og:locale\" content=\"cs_CZ\" \/>\n<meta property=\"og:locale:alternate\" content=\"en_US\" \/>\n<meta property=\"og:locale:alternate\" content=\"hu_HU\" \/>\n<meta property=\"og:locale:alternate\" content=\"sk_SK\" \/>\n<meta property=\"og:locale:alternate\" content=\"sv_SE\" \/>\n<meta property=\"og:type\" content=\"article\" \/>\n<meta property=\"og:title\" content=\"K\u013e\u00fa\u010dov\u00e9 rozhodnutie pre v\u00fdstavbu vodn\u00fdch diel presk\u00fama s\u00fad\" \/>\n<meta property=\"og:description\" content=\"Rozhodnutie Ministerstva \u017eivotn\u00e9ho prostredia SR z okt\u00f3bra 2024 z procesu posudzovania vplyvov na \u017eivotn\u00e9 prostredie, ktor\u00fdm rozhodlo, \u017ee Aktualiz\u00e1cia Koncepcie vodnej politiky 2030 nemus\u00ed prejs\u0165 riadnym pos\u00faden\u00edm vplyvov na \u017eivotn\u00e9 prostredie, presk\u00fama Spr\u00e1vny s\u00fad v Bratislave. \u017dalobu podal 8. novembra ako advok\u00e1t za ob\u010danov a mimovl\u00e1dne organiz\u00e1cie Michal Ki\u010da, environment\u00e1lny expert Demokratov. \u017dalobou napadnut\u00e9 rozhodnutie [&hellip;]\" \/>\n<meta property=\"og:url\" content=\"https:\/\/www.smedemokrati.sk\/cs\/klucove-rozhodnutie-pre-vystavbu-vodnych-diel-preskuma-sud\/\" \/>\n<meta property=\"og:site_name\" content=\"Smedemokrati.sk\" \/>\n<meta property=\"article:publisher\" content=\"https:\/\/www.facebook.com\/smedemokrati2023\" \/>\n<meta property=\"article:published_time\" content=\"2024-11-19T20:55:28+00:00\" \/>\n<meta property=\"article:modified_time\" content=\"2024-11-20T20:12:02+00:00\" \/>\n<meta property=\"og:image\" content=\"https:\/\/www.smedemokrati.sk\/wp-content\/uploads\/2023\/12\/miso.jpg\" \/>\n\t<meta property=\"og:image:width\" content=\"1904\" \/>\n\t<meta property=\"og:image:height\" content=\"1066\" \/>\n\t<meta property=\"og:image:type\" content=\"image\/jpeg\" \/>\n<meta name=\"author\" content=\"miro.sopko\" \/>\n<meta name=\"twitter:card\" content=\"summary_large_image\" \/>\n<meta name=\"twitter:label1\" content=\"Napsal(a)\" \/>\n\t<meta name=\"twitter:data1\" content=\"miro.sopko\" \/>\n\t<meta name=\"twitter:label2\" content=\"Odhadovan\u00e1 doba \u010dten\u00ed\" \/>\n\t<meta name=\"twitter:data2\" content=\"2 minuty\" \/>\n<script type=\"application\/ld+json\" class=\"yoast-schema-graph\">{\"@context\":\"https:\/\/schema.org\",\"@graph\":[{\"@type\":\"Article\",\"@id\":\"https:\/\/www.smedemokrati.sk\/klucove-rozhodnutie-pre-vystavbu-vodnych-diel-preskuma-sud\/#article\",\"isPartOf\":{\"@id\":\"https:\/\/www.smedemokrati.sk\/klucove-rozhodnutie-pre-vystavbu-vodnych-diel-preskuma-sud\/\"},\"author\":{\"name\":\"miro.sopko\",\"@id\":\"https:\/\/www.smedemokrati.sk\/#\/schema\/person\/21f147c88d605aa7ded900e1e7c344ba\"},\"headline\":\"K\u013e\u00fa\u010dov\u00e9 rozhodnutie pre v\u00fdstavbu vodn\u00fdch diel presk\u00fama s\u00fad\",\"datePublished\":\"2024-11-19T20:55:28+00:00\",\"dateModified\":\"2024-11-20T20:12:02+00:00\",\"mainEntityOfPage\":{\"@id\":\"https:\/\/www.smedemokrati.sk\/klucove-rozhodnutie-pre-vystavbu-vodnych-diel-preskuma-sud\/\"},\"wordCount\":462,\"publisher\":{\"@id\":\"https:\/\/www.smedemokrati.sk\/#organization\"},\"image\":{\"@id\":\"https:\/\/www.smedemokrati.sk\/klucove-rozhodnutie-pre-vystavbu-vodnych-diel-preskuma-sud\/#primaryimage\"},\"thumbnailUrl\":\"https:\/\/www.smedemokrati.sk\/wp-content\/uploads\/2023\/12\/miso.jpg\",\"articleSection\":[\"Tla\u010dov\u00e9 spr\u00e1vy\"],\"inLanguage\":\"cs-CZ\"},{\"@type\":\"WebPage\",\"@id\":\"https:\/\/www.smedemokrati.sk\/klucove-rozhodnutie-pre-vystavbu-vodnych-diel-preskuma-sud\/\",\"url\":\"https:\/\/www.smedemokrati.sk\/klucove-rozhodnutie-pre-vystavbu-vodnych-diel-preskuma-sud\/\",\"name\":\"K\u013e\u00fa\u010dov\u00e9 rozhodnutie pre v\u00fdstavbu vodn\u00fdch diel presk\u00fama s\u00fad\",\"isPartOf\":{\"@id\":\"https:\/\/www.smedemokrati.sk\/#website\"},\"primaryImageOfPage\":{\"@id\":\"https:\/\/www.smedemokrati.sk\/klucove-rozhodnutie-pre-vystavbu-vodnych-diel-preskuma-sud\/#primaryimage\"},\"image\":{\"@id\":\"https:\/\/www.smedemokrati.sk\/klucove-rozhodnutie-pre-vystavbu-vodnych-diel-preskuma-sud\/#primaryimage\"},\"thumbnailUrl\":\"https:\/\/www.smedemokrati.sk\/wp-content\/uploads\/2023\/12\/miso.jpg\",\"datePublished\":\"2024-11-19T20:55:28+00:00\",\"dateModified\":\"2024-11-20T20:12:02+00:00\",\"breadcrumb\":{\"@id\":\"https:\/\/www.smedemokrati.sk\/klucove-rozhodnutie-pre-vystavbu-vodnych-diel-preskuma-sud\/#breadcrumb\"},\"inLanguage\":\"cs-CZ\",\"potentialAction\":[{\"@type\":\"ReadAction\",\"target\":[\"https:\/\/www.smedemokrati.sk\/klucove-rozhodnutie-pre-vystavbu-vodnych-diel-preskuma-sud\/\"]}]},{\"@type\":\"ImageObject\",\"inLanguage\":\"cs-CZ\",\"@id\":\"https:\/\/www.smedemokrati.sk\/klucove-rozhodnutie-pre-vystavbu-vodnych-diel-preskuma-sud\/#primaryimage\",\"url\":\"https:\/\/www.smedemokrati.sk\/wp-content\/uploads\/2023\/12\/miso.jpg\",\"contentUrl\":\"https:\/\/www.smedemokrati.sk\/wp-content\/uploads\/2023\/12\/miso.jpg\",\"width\":1904,\"height\":1066},{\"@type\":\"BreadcrumbList\",\"@id\":\"https:\/\/www.smedemokrati.sk\/klucove-rozhodnutie-pre-vystavbu-vodnych-diel-preskuma-sud\/#breadcrumb\",\"itemListElement\":[{\"@type\":\"ListItem\",\"position\":1,\"name\":\"Domovsk\u00e1 str\u00e1nka\",\"item\":\"https:\/\/www.smedemokrati.sk\/\"},{\"@type\":\"ListItem\",\"position\":2,\"name\":\"K\u013e\u00fa\u010dov\u00e9 rozhodnutie pre v\u00fdstavbu vodn\u00fdch diel presk\u00fama s\u00fad\"}]},{\"@type\":\"WebSite\",\"@id\":\"https:\/\/www.smedemokrati.sk\/#website\",\"url\":\"https:\/\/www.smedemokrati.sk\/\",\"name\":\"Smedemokrati.sk\",\"description\":\"Demokracia a slu\u0161nos\u0165 zv\u00ed\u0165az\u00ed\",\"publisher\":{\"@id\":\"https:\/\/www.smedemokrati.sk\/#organization\"},\"potentialAction\":[{\"@type\":\"SearchAction\",\"target\":{\"@type\":\"EntryPoint\",\"urlTemplate\":\"https:\/\/www.smedemokrati.sk\/?s={search_term_string}\"},\"query-input\":{\"@type\":\"PropertyValueSpecification\",\"valueRequired\":true,\"valueName\":\"search_term_string\"}}],\"inLanguage\":\"cs-CZ\"},{\"@type\":\"Organization\",\"@id\":\"https:\/\/www.smedemokrati.sk\/#organization\",\"name\":\"Smedemokrati.sk\",\"url\":\"https:\/\/www.smedemokrati.sk\/\",\"logo\":{\"@type\":\"ImageObject\",\"inLanguage\":\"cs-CZ\",\"@id\":\"https:\/\/www.smedemokrati.sk\/#\/schema\/logo\/image\/\",\"url\":\"https:\/\/www.smedemokrati.sk\/wp-content\/uploads\/2023\/04\/ff.002.jpeg\",\"contentUrl\":\"https:\/\/www.smedemokrati.sk\/wp-content\/uploads\/2023\/04\/ff.002.jpeg\",\"width\":640,\"height\":480,\"caption\":\"Smedemokrati.sk\"},\"image\":{\"@id\":\"https:\/\/www.smedemokrati.sk\/#\/schema\/logo\/image\/\"},\"sameAs\":[\"https:\/\/www.facebook.com\/smedemokrati2023\"]},{\"@type\":\"Person\",\"@id\":\"https:\/\/www.smedemokrati.sk\/#\/schema\/person\/21f147c88d605aa7ded900e1e7c344ba\",\"name\":\"miro.sopko\",\"image\":{\"@type\":\"ImageObject\",\"inLanguage\":\"cs-CZ\",\"@id\":\"https:\/\/secure.gravatar.com\/avatar\/267e4a36f704376c109afe3a78740c1f5dd8675a2180a908699e7863c9247606?s=96&d=mm&r=g\",\"url\":\"https:\/\/secure.gravatar.com\/avatar\/267e4a36f704376c109afe3a78740c1f5dd8675a2180a908699e7863c9247606?s=96&d=mm&r=g\",\"contentUrl\":\"https:\/\/secure.gravatar.com\/avatar\/267e4a36f704376c109afe3a78740c1f5dd8675a2180a908699e7863c9247606?s=96&d=mm&r=g\",\"caption\":\"miro.sopko\"},\"url\":\"https:\/\/www.smedemokrati.sk\/cs\/author\/miro-sopko\/\"}]}<\/script>\n<!-- \/ Yoast SEO plugin. -->","yoast_head_json":{"title":"K\u013e\u00fa\u010dov\u00e9 rozhodnutie pre v\u00fdstavbu vodn\u00fdch diel presk\u00fama s\u00fad","robots":{"index":"index","follow":"follow","max-snippet":"max-snippet:-1","max-image-preview":"max-image-preview:large","max-video-preview":"max-video-preview:-1"},"canonical":"https:\/\/www.smedemokrati.sk\/cs\/klucove-rozhodnutie-pre-vystavbu-vodnych-diel-preskuma-sud\/","og_locale":"cs_CZ","og_type":"article","og_title":"[:sk]K\u013e\u00fa\u010dov\u00e9 rozhodnutie pre v\u00fdstavbu vodn\u00fdch diel presk\u00fama s\u00fad[:] - Smedemokrati.sk","og_description":"Rozhodnutie Ministerstva \u017eivotn\u00e9ho prostredia SR z okt\u00f3bra 2024 z procesu posudzovania vplyvov na \u017eivotn\u00e9 prostredie, ktor\u00fdm rozhodlo, \u017ee Aktualiz\u00e1cia Koncepcie vodnej politiky 2030 nemus\u00ed prejs\u0165 riadnym pos\u00faden\u00edm vplyvov na \u017eivotn\u00e9 prostredie, presk\u00fama Spr\u00e1vny s\u00fad v Bratislave. \u017dalobu podal 8. novembra ako advok\u00e1t za ob\u010danov a mimovl\u00e1dne organiz\u00e1cie Michal Ki\u010da, environment\u00e1lny expert Demokratov. \u017dalobou napadnut\u00e9 rozhodnutie [&hellip;]","og_url":"https:\/\/www.smedemokrati.sk\/cs\/klucove-rozhodnutie-pre-vystavbu-vodnych-diel-preskuma-sud\/","og_site_name":"Smedemokrati.sk","article_publisher":"https:\/\/www.facebook.com\/smedemokrati2023","article_published_time":"2024-11-19T20:55:28+00:00","article_modified_time":"2024-11-20T20:12:02+00:00","og_image":[{"width":1904,"height":1066,"url":"https:\/\/www.smedemokrati.sk\/wp-content\/uploads\/2023\/12\/miso.jpg","type":"image\/jpeg"}],"author":"miro.sopko","twitter_card":"summary_large_image","twitter_misc":{"Napsal(a)":"miro.sopko","Odhadovan\u00e1 doba \u010dten\u00ed":"2 minuty"},"schema":{"@context":"https:\/\/schema.org","@graph":[{"@type":"Article","@id":"https:\/\/www.smedemokrati.sk\/klucove-rozhodnutie-pre-vystavbu-vodnych-diel-preskuma-sud\/#article","isPartOf":{"@id":"https:\/\/www.smedemokrati.sk\/klucove-rozhodnutie-pre-vystavbu-vodnych-diel-preskuma-sud\/"},"author":{"name":"miro.sopko","@id":"https:\/\/www.smedemokrati.sk\/#\/schema\/person\/21f147c88d605aa7ded900e1e7c344ba"},"headline":"K\u013e\u00fa\u010dov\u00e9 rozhodnutie pre v\u00fdstavbu vodn\u00fdch diel presk\u00fama s\u00fad","datePublished":"2024-11-19T20:55:28+00:00","dateModified":"2024-11-20T20:12:02+00:00","mainEntityOfPage":{"@id":"https:\/\/www.smedemokrati.sk\/klucove-rozhodnutie-pre-vystavbu-vodnych-diel-preskuma-sud\/"},"wordCount":462,"publisher":{"@id":"https:\/\/www.smedemokrati.sk\/#organization"},"image":{"@id":"https:\/\/www.smedemokrati.sk\/klucove-rozhodnutie-pre-vystavbu-vodnych-diel-preskuma-sud\/#primaryimage"},"thumbnailUrl":"https:\/\/www.smedemokrati.sk\/wp-content\/uploads\/2023\/12\/miso.jpg","articleSection":["Tla\u010dov\u00e9 spr\u00e1vy"],"inLanguage":"cs-CZ"},{"@type":"WebPage","@id":"https:\/\/www.smedemokrati.sk\/klucove-rozhodnutie-pre-vystavbu-vodnych-diel-preskuma-sud\/","url":"https:\/\/www.smedemokrati.sk\/klucove-rozhodnutie-pre-vystavbu-vodnych-diel-preskuma-sud\/","name":"K\u013e\u00fa\u010dov\u00e9 rozhodnutie pre v\u00fdstavbu vodn\u00fdch diel presk\u00fama s\u00fad","isPartOf":{"@id":"https:\/\/www.smedemokrati.sk\/#website"},"primaryImageOfPage":{"@id":"https:\/\/www.smedemokrati.sk\/klucove-rozhodnutie-pre-vystavbu-vodnych-diel-preskuma-sud\/#primaryimage"},"image":{"@id":"https:\/\/www.smedemokrati.sk\/klucove-rozhodnutie-pre-vystavbu-vodnych-diel-preskuma-sud\/#primaryimage"},"thumbnailUrl":"https:\/\/www.smedemokrati.sk\/wp-content\/uploads\/2023\/12\/miso.jpg","datePublished":"2024-11-19T20:55:28+00:00","dateModified":"2024-11-20T20:12:02+00:00","breadcrumb":{"@id":"https:\/\/www.smedemokrati.sk\/klucove-rozhodnutie-pre-vystavbu-vodnych-diel-preskuma-sud\/#breadcrumb"},"inLanguage":"cs-CZ","potentialAction":[{"@type":"ReadAction","target":["https:\/\/www.smedemokrati.sk\/klucove-rozhodnutie-pre-vystavbu-vodnych-diel-preskuma-sud\/"]}]},{"@type":"ImageObject","inLanguage":"cs-CZ","@id":"https:\/\/www.smedemokrati.sk\/klucove-rozhodnutie-pre-vystavbu-vodnych-diel-preskuma-sud\/#primaryimage","url":"https:\/\/www.smedemokrati.sk\/wp-content\/uploads\/2023\/12\/miso.jpg","contentUrl":"https:\/\/www.smedemokrati.sk\/wp-content\/uploads\/2023\/12\/miso.jpg","width":1904,"height":1066},{"@type":"BreadcrumbList","@id":"https:\/\/www.smedemokrati.sk\/klucove-rozhodnutie-pre-vystavbu-vodnych-diel-preskuma-sud\/#breadcrumb","itemListElement":[{"@type":"ListItem","position":1,"name":"Domovsk\u00e1 str\u00e1nka","item":"https:\/\/www.smedemokrati.sk\/"},{"@type":"ListItem","position":2,"name":"K\u013e\u00fa\u010dov\u00e9 rozhodnutie pre v\u00fdstavbu vodn\u00fdch diel presk\u00fama s\u00fad"}]},{"@type":"WebSite","@id":"https:\/\/www.smedemokrati.sk\/#website","url":"https:\/\/www.smedemokrati.sk\/","name":"Smedemokrati.sk","description":"Demokracia a slu\u0161nos\u0165 zv\u00ed\u0165az\u00ed","publisher":{"@id":"https:\/\/www.smedemokrati.sk\/#organization"},"potentialAction":[{"@type":"SearchAction","target":{"@type":"EntryPoint","urlTemplate":"https:\/\/www.smedemokrati.sk\/?s={search_term_string}"},"query-input":{"@type":"PropertyValueSpecification","valueRequired":true,"valueName":"search_term_string"}}],"inLanguage":"cs-CZ"},{"@type":"Organization","@id":"https:\/\/www.smedemokrati.sk\/#organization","name":"Smedemokrati.sk","url":"https:\/\/www.smedemokrati.sk\/","logo":{"@type":"ImageObject","inLanguage":"cs-CZ","@id":"https:\/\/www.smedemokrati.sk\/#\/schema\/logo\/image\/","url":"https:\/\/www.smedemokrati.sk\/wp-content\/uploads\/2023\/04\/ff.002.jpeg","contentUrl":"https:\/\/www.smedemokrati.sk\/wp-content\/uploads\/2023\/04\/ff.002.jpeg","width":640,"height":480,"caption":"Smedemokrati.sk"},"image":{"@id":"https:\/\/www.smedemokrati.sk\/#\/schema\/logo\/image\/"},"sameAs":["https:\/\/www.facebook.com\/smedemokrati2023"]},{"@type":"Person","@id":"https:\/\/www.smedemokrati.sk\/#\/schema\/person\/21f147c88d605aa7ded900e1e7c344ba","name":"miro.sopko","image":{"@type":"ImageObject","inLanguage":"cs-CZ","@id":"https:\/\/secure.gravatar.com\/avatar\/267e4a36f704376c109afe3a78740c1f5dd8675a2180a908699e7863c9247606?s=96&d=mm&r=g","url":"https:\/\/secure.gravatar.com\/avatar\/267e4a36f704376c109afe3a78740c1f5dd8675a2180a908699e7863c9247606?s=96&d=mm&r=g","contentUrl":"https:\/\/secure.gravatar.com\/avatar\/267e4a36f704376c109afe3a78740c1f5dd8675a2180a908699e7863c9247606?s=96&d=mm&r=g","caption":"miro.sopko"},"url":"https:\/\/www.smedemokrati.sk\/cs\/author\/miro-sopko\/"}]}},"_links":{"self":[{"href":"https:\/\/www.smedemokrati.sk\/cs\/wp-json\/wp\/v2\/posts\/5801","targetHints":{"allow":["GET"]}}],"collection":[{"href":"https:\/\/www.smedemokrati.sk\/cs\/wp-json\/wp\/v2\/posts"}],"about":[{"href":"https:\/\/www.smedemokrati.sk\/cs\/wp-json\/wp\/v2\/types\/post"}],"author":[{"embeddable":true,"href":"https:\/\/www.smedemokrati.sk\/cs\/wp-json\/wp\/v2\/users\/13"}],"replies":[{"embeddable":true,"href":"https:\/\/www.smedemokrati.sk\/cs\/wp-json\/wp\/v2\/comments?post=5801"}],"version-history":[{"count":1,"href":"https:\/\/www.smedemokrati.sk\/cs\/wp-json\/wp\/v2\/posts\/5801\/revisions"}],"predecessor-version":[{"id":5802,"href":"https:\/\/www.smedemokrati.sk\/cs\/wp-json\/wp\/v2\/posts\/5801\/revisions\/5802"}],"wp:featuredmedia":[{"embeddable":true,"href":"https:\/\/www.smedemokrati.sk\/cs\/wp-json\/wp\/v2\/media\/2460"}],"wp:attachment":[{"href":"https:\/\/www.smedemokrati.sk\/cs\/wp-json\/wp\/v2\/media?parent=5801"}],"wp:term":[{"taxonomy":"category","embeddable":true,"href":"https:\/\/www.smedemokrati.sk\/cs\/wp-json\/wp\/v2\/categories?post=5801"},{"taxonomy":"post_tag","embeddable":true,"href":"https:\/\/www.smedemokrati.sk\/cs\/wp-json\/wp\/v2\/tags?post=5801"}],"curies":[{"name":"wp","href":"https:\/\/api.w.org\/{rel}","templated":true}]}}