{"id":5520,"date":"2024-11-13T19:31:58","date_gmt":"2024-11-13T18:31:58","guid":{"rendered":"https:\/\/www.smedemokrati.sk\/?p=5520"},"modified":"2024-11-19T13:24:44","modified_gmt":"2024-11-19T12:24:44","slug":"ziadame-ministra-vnutra-matusa-sutaja-estoka-aby-okamzite-vyvodil-zodpovednost-voci-policajnemu-prezidentovi-solakovi-a-sefovi-inspekcie-zurianovi","status":"publish","type":"post","link":"https:\/\/www.smedemokrati.sk\/cs\/ziadame-ministra-vnutra-matusa-sutaja-estoka-aby-okamzite-vyvodil-zodpovednost-voci-policajnemu-prezidentovi-solakovi-a-sefovi-inspekcie-zurianovi\/","title":{"rendered":"\u017diadame ministra vn\u00fatra Mat\u00fa\u0161a \u0160utaja E\u0161toka, aby okam\u017eite vyvodil zodpovednos\u0165 vo\u010di policajn\u00e9mu prezidentovi Sol\u00e1kovi a\u00a0\u0161\u00e9fovi in\u0161pekcie Zurianovi"},"content":{"rendered":"<div id=\"fb-root\"><\/div>\n\n<p><strong>\u00damrtie mu\u017ea po z\u00e1kroku na policajnej stanici v&nbsp;Ko\u0161iciach malo by\u0165 pod\u013ea Demokratov okam\u017eite predmetom vy\u0161etrovania. Demokrati sa p\u00fdtaj\u00fa, pre\u010do sa policajn\u00e1 in\u0161pekcia za\u010dala pr\u00edpadom zaobera\u0165 a\u017e po \u0161iestich d\u0148och a&nbsp;pre\u010do minister vn\u00fatra \u0160utaj E\u0161tok, policajn\u00fd prezident Sol\u00e1k a&nbsp;\u0161\u00e9f in\u0161pekcie Zurian dodnes o&nbsp;celom incidente ml\u010dia.<\/strong><\/p>\n\n\n\n<p><em>\u201ePova\u017eovali sme za samozrejm\u00e9, \u017ee po tragick\u00fdch udalostiach v&nbsp;Ko\u0161iciach vyst\u00fapi minister vn\u00fatra \u0160utaj E\u0161tok, policajn\u00fd prezident Sol\u00e1k a&nbsp;\u0161\u00e9f policajnej in\u0161pekcie Zurian. Aby verejnos\u0165 ubezpe\u010dili, ak\u00e9 kroky podnikli v&nbsp;minulosti, a&nbsp;ak\u00e9 pl\u00e1nuj\u00fa vykona\u0165 do bud\u00facnosti, aby sa tak\u00fdto incident nemohol zopakova\u0165. Ni\u010d tak\u00e9 sa nestalo, preto sa opr\u00e1vnene p\u00fdtame, \u010do pred nami taja?\u201c,<\/em>&nbsp;otv\u00e1ra t\u00e9mu policajn\u00e9ho n\u00e1silia podpredseda Demokratov Juraj \u0160eliga.<\/p>\n\n\n\n<p><em>\u201eZ inform\u00e1ci\u00ed, ktor\u00fdmi disponujeme, vypl\u00fdva, \u017ee incident sa stal 5. novembra. No mu\u017e, ktor\u00fd skutok sp\u00e1chal, bol zadr\u017ean\u00fd a\u017e 11. novembra. Pre\u010do policajn\u00e1 in\u0161pekcia nekonala sk\u00f4r?\u201c,<\/em>&nbsp;p\u00fdta sa \u0160eliga. Dod\u00e1va:&nbsp;<em>\u201ePolicajn\u00e1 in\u0161pekcia dnes venuje enormn\u00e9 mno\u017estvo energie na vytv\u00e1ranie anti-t\u00edmov, h\u013eadanie \u0161piny na policajn\u00fdch vy\u0161etrovate\u013eov okolo \u010curillu, \u010di politick\u00fdch oponentov, namiesto toho, aby robila to, \u010do od nej verejnos\u0165 o\u010dak\u00e1va, rozpt\u00fdlila pochybnosti v&nbsp;pr\u00edpade pochyben\u00ed\u201c.<\/em><\/p>\n\n\n\n<p><em>\u201eTento incident je \u010fal\u0161\u00ed z pr\u00edkladov absol\u00fatneho rozkladu v&nbsp;policajnom zbore a&nbsp;s\u00e9rii politick\u00fdch aj odborn\u00fdch zlyhan\u00ed ako ministra vn\u00fatra \u0160utaja E\u0161toka, tak policajn\u00e9ho prezidenta Sol\u00e1ka, ktor\u00ed s\u013eubovali stabilizova\u0165 situ\u00e1ciu v&nbsp;policajnom zbore. Vid\u00edme v\u0161ak presn\u00fd opak. Tento rok z&nbsp;policajn\u00e9ho zboru od\u00edde rekordn\u00fd po\u010det policajtov. Na jednej strane tak bud\u00fa ch\u00fdba\u0165 star\u0161\u00ed sk\u00fasenej\u0161\u00ed policajti, ktor\u00ed mlad\u0161\u00edm kolegom pom\u00e1hali z\u00edska\u0165 potrebn\u00fa prax. Z\u00e1rove\u0148 t\u00ed policajti, ktor\u00ed ost\u00e1vaj\u00fa, s\u00fa pod enormn\u00fdm tlakom, nako\u013eko musia vykry\u0165 ch\u00fdbaj\u00face kapacity. Tento incident, \u017eia\u013ebohu, nemus\u00ed by\u0165 posledn\u00fd\u201c,<\/em>&nbsp;varuje Juraj \u0160eliga.<\/p>\n\n\n\n<p><em>\u201eVyz\u00fdvam preto ministra \u0160utaja E\u0161toka, aby okam\u017eite odvolal prezidenta policajn\u00e9ho zboru Sol\u00e1ka a&nbsp;\u0161\u00e9fa in\u0161pekcie Zuriana. Aj tento incident z&nbsp;Ko\u0161\u00edc potvrdzuje, \u017ee rie\u0161ia iba seba. Ak tak p\u00e1n minister neurob\u00ed, a&nbsp;bude podobne ako v&nbsp;pr\u00edpade atent\u00e1tu na premi\u00e9ra predstiera\u0165, \u017ee k&nbsp;\u017eiadnemu zlyhaniu nedo\u0161lo, budeme spolu s&nbsp;p\u00e1nom poslancom Galkom presadzova\u0165 odvol\u00e1vanie ministra vn\u00fatra v&nbsp;parlamente.\u201c<\/em>&nbsp;uzatv\u00e1ra Juraj \u0160eliga.<\/p>\n\n\n<div class=\"fb-video\" data-href=\"https:\/\/fb.watch\/vQBmXI-uyi\" data-allowfullscreen=\"true\" data-autoplay=\"false\" data-width=\"\" data-show-text=\"false\" data-show-captions=\"true\"><\/div>\n","protected":false},"excerpt":{"rendered":"<p>\u00damrtie mu\u017ea po z\u00e1kroku na policajnej stanici v&nbsp;Ko\u0161iciach malo by\u0165 pod\u013ea Demokratov okam\u017eite predmetom vy\u0161etrovania. Demokrati sa p\u00fdtaj\u00fa, pre\u010do sa policajn\u00e1 in\u0161pekcia za\u010dala pr\u00edpadom zaobera\u0165 a\u017e po \u0161iestich d\u0148och a&nbsp;pre\u010do minister vn\u00fatra \u0160utaj E\u0161tok, policajn\u00fd prezident Sol\u00e1k a&nbsp;\u0161\u00e9f in\u0161pekcie Zurian dodnes o&nbsp;celom incidente ml\u010dia. \u201ePova\u017eovali sme za samozrejm\u00e9, \u017ee po tragick\u00fdch udalostiach v&nbsp;Ko\u0161iciach vyst\u00fapi minister [&hellip;]<\/p>\n","protected":false},"author":13,"featured_media":2535,"comment_status":"closed","ping_status":"closed","sticky":false,"template":"","format":"standard","meta":{"_acf_changed":false,"ngg_post_thumbnail":0,"footnotes":""},"categories":[4],"tags":[],"class_list":["post-5520","post","type-post","status-publish","format-standard","has-post-thumbnail","hentry","category-tlacove-spravy"],"acf":[],"yoast_head":"<!-- This site is optimized with the Yoast SEO plugin v27.2 - https:\/\/yoast.com\/product\/yoast-seo-wordpress\/ -->\n<title>\u017diadame ministra vn\u00fatra Mat\u00fa\u0161a \u0160utaja E\u0161toka, aby okam\u017eite vyvodil zodpovednos\u0165 vo\u010di policajn\u00e9mu prezidentovi Sol\u00e1kovi a\u00a0\u0161\u00e9fovi in\u0161pekcie Zurianovi<\/title>\n<meta name=\"robots\" content=\"index, follow, max-snippet:-1, max-image-preview:large, max-video-preview:-1\" \/>\n<link rel=\"canonical\" href=\"https:\/\/www.smedemokrati.sk\/cs\/ziadame-ministra-vnutra-matusa-sutaja-estoka-aby-okamzite-vyvodil-zodpovednost-voci-policajnemu-prezidentovi-solakovi-a-sefovi-inspekcie-zurianovi\/\" \/>\n<meta property=\"og:locale\" content=\"cs_CZ\" \/>\n<meta property=\"og:locale:alternate\" content=\"en_US\" \/>\n<meta property=\"og:locale:alternate\" content=\"hu_HU\" \/>\n<meta property=\"og:locale:alternate\" content=\"sk_SK\" \/>\n<meta property=\"og:locale:alternate\" content=\"sv_SE\" \/>\n<meta property=\"og:type\" content=\"article\" \/>\n<meta property=\"og:title\" content=\"\u017diadame ministra vn\u00fatra Mat\u00fa\u0161a \u0160utaja E\u0161toka, aby okam\u017eite vyvodil zodpovednos\u0165 vo\u010di policajn\u00e9mu prezidentovi Sol\u00e1kovi a\u00a0\u0161\u00e9fovi in\u0161pekcie Zurianovi\" \/>\n<meta property=\"og:description\" content=\"\u00damrtie mu\u017ea po z\u00e1kroku na policajnej stanici v&nbsp;Ko\u0161iciach malo by\u0165 pod\u013ea Demokratov okam\u017eite predmetom vy\u0161etrovania. Demokrati sa p\u00fdtaj\u00fa, pre\u010do sa policajn\u00e1 in\u0161pekcia za\u010dala pr\u00edpadom zaobera\u0165 a\u017e po \u0161iestich d\u0148och a&nbsp;pre\u010do minister vn\u00fatra \u0160utaj E\u0161tok, policajn\u00fd prezident Sol\u00e1k a&nbsp;\u0161\u00e9f in\u0161pekcie Zurian dodnes o&nbsp;celom incidente ml\u010dia. \u201ePova\u017eovali sme za samozrejm\u00e9, \u017ee po tragick\u00fdch udalostiach v&nbsp;Ko\u0161iciach vyst\u00fapi minister [&hellip;]\" \/>\n<meta property=\"og:url\" content=\"https:\/\/www.smedemokrati.sk\/cs\/ziadame-ministra-vnutra-matusa-sutaja-estoka-aby-okamzite-vyvodil-zodpovednost-voci-policajnemu-prezidentovi-solakovi-a-sefovi-inspekcie-zurianovi\/\" \/>\n<meta property=\"og:site_name\" content=\"Smedemokrati.sk\" \/>\n<meta property=\"article:publisher\" content=\"https:\/\/www.facebook.com\/smedemokrati2023\" \/>\n<meta property=\"article:published_time\" content=\"2024-11-13T18:31:58+00:00\" \/>\n<meta property=\"article:modified_time\" content=\"2024-11-19T12:24:44+00:00\" \/>\n<meta property=\"og:image\" content=\"https:\/\/www.smedemokrati.sk\/wp-content\/uploads\/2024\/01\/417380087_866287571960610_7386015243223049987_n.jpg\" \/>\n\t<meta property=\"og:image:width\" content=\"1920\" \/>\n\t<meta property=\"og:image:height\" content=\"1281\" \/>\n\t<meta property=\"og:image:type\" content=\"image\/jpeg\" \/>\n<meta name=\"author\" content=\"miro.sopko\" \/>\n<meta name=\"twitter:card\" content=\"summary_large_image\" \/>\n<meta name=\"twitter:label1\" content=\"Napsal(a)\" \/>\n\t<meta name=\"twitter:data1\" content=\"miro.sopko\" \/>\n\t<meta name=\"twitter:label2\" content=\"Odhadovan\u00e1 doba \u010dten\u00ed\" \/>\n\t<meta name=\"twitter:data2\" content=\"2 minuty\" \/>\n<script type=\"application\/ld+json\" class=\"yoast-schema-graph\">{\"@context\":\"https:\/\/schema.org\",\"@graph\":[{\"@type\":\"Article\",\"@id\":\"https:\/\/www.smedemokrati.sk\/ziadame-ministra-vnutra-matusa-sutaja-estoka-aby-okamzite-vyvodil-zodpovednost-voci-policajnemu-prezidentovi-solakovi-a-sefovi-inspekcie-zurianovi\/#article\",\"isPartOf\":{\"@id\":\"https:\/\/www.smedemokrati.sk\/ziadame-ministra-vnutra-matusa-sutaja-estoka-aby-okamzite-vyvodil-zodpovednost-voci-policajnemu-prezidentovi-solakovi-a-sefovi-inspekcie-zurianovi\/\"},\"author\":{\"name\":\"miro.sopko\",\"@id\":\"https:\/\/www.smedemokrati.sk\/#\/schema\/person\/21f147c88d605aa7ded900e1e7c344ba\"},\"headline\":\"\u017diadame ministra vn\u00fatra Mat\u00fa\u0161a \u0160utaja E\u0161toka, aby okam\u017eite vyvodil zodpovednos\u0165 vo\u010di policajn\u00e9mu prezidentovi Sol\u00e1kovi a\u00a0\u0161\u00e9fovi in\u0161pekcie Zurianovi\",\"datePublished\":\"2024-11-13T18:31:58+00:00\",\"dateModified\":\"2024-11-19T12:24:44+00:00\",\"mainEntityOfPage\":{\"@id\":\"https:\/\/www.smedemokrati.sk\/ziadame-ministra-vnutra-matusa-sutaja-estoka-aby-okamzite-vyvodil-zodpovednost-voci-policajnemu-prezidentovi-solakovi-a-sefovi-inspekcie-zurianovi\/\"},\"wordCount\":485,\"publisher\":{\"@id\":\"https:\/\/www.smedemokrati.sk\/#organization\"},\"image\":{\"@id\":\"https:\/\/www.smedemokrati.sk\/ziadame-ministra-vnutra-matusa-sutaja-estoka-aby-okamzite-vyvodil-zodpovednost-voci-policajnemu-prezidentovi-solakovi-a-sefovi-inspekcie-zurianovi\/#primaryimage\"},\"thumbnailUrl\":\"https:\/\/www.smedemokrati.sk\/wp-content\/uploads\/2024\/01\/417380087_866287571960610_7386015243223049987_n.jpg\",\"articleSection\":[\"Tla\u010dov\u00e9 spr\u00e1vy\"],\"inLanguage\":\"cs-CZ\"},{\"@type\":\"WebPage\",\"@id\":\"https:\/\/www.smedemokrati.sk\/ziadame-ministra-vnutra-matusa-sutaja-estoka-aby-okamzite-vyvodil-zodpovednost-voci-policajnemu-prezidentovi-solakovi-a-sefovi-inspekcie-zurianovi\/\",\"url\":\"https:\/\/www.smedemokrati.sk\/ziadame-ministra-vnutra-matusa-sutaja-estoka-aby-okamzite-vyvodil-zodpovednost-voci-policajnemu-prezidentovi-solakovi-a-sefovi-inspekcie-zurianovi\/\",\"name\":\"\u017diadame ministra vn\u00fatra Mat\u00fa\u0161a \u0160utaja E\u0161toka, aby okam\u017eite vyvodil zodpovednos\u0165 vo\u010di policajn\u00e9mu prezidentovi Sol\u00e1kovi a\u00a0\u0161\u00e9fovi in\u0161pekcie Zurianovi\",\"isPartOf\":{\"@id\":\"https:\/\/www.smedemokrati.sk\/#website\"},\"primaryImageOfPage\":{\"@id\":\"https:\/\/www.smedemokrati.sk\/ziadame-ministra-vnutra-matusa-sutaja-estoka-aby-okamzite-vyvodil-zodpovednost-voci-policajnemu-prezidentovi-solakovi-a-sefovi-inspekcie-zurianovi\/#primaryimage\"},\"image\":{\"@id\":\"https:\/\/www.smedemokrati.sk\/ziadame-ministra-vnutra-matusa-sutaja-estoka-aby-okamzite-vyvodil-zodpovednost-voci-policajnemu-prezidentovi-solakovi-a-sefovi-inspekcie-zurianovi\/#primaryimage\"},\"thumbnailUrl\":\"https:\/\/www.smedemokrati.sk\/wp-content\/uploads\/2024\/01\/417380087_866287571960610_7386015243223049987_n.jpg\",\"datePublished\":\"2024-11-13T18:31:58+00:00\",\"dateModified\":\"2024-11-19T12:24:44+00:00\",\"breadcrumb\":{\"@id\":\"https:\/\/www.smedemokrati.sk\/ziadame-ministra-vnutra-matusa-sutaja-estoka-aby-okamzite-vyvodil-zodpovednost-voci-policajnemu-prezidentovi-solakovi-a-sefovi-inspekcie-zurianovi\/#breadcrumb\"},\"inLanguage\":\"cs-CZ\",\"potentialAction\":[{\"@type\":\"ReadAction\",\"target\":[\"https:\/\/www.smedemokrati.sk\/ziadame-ministra-vnutra-matusa-sutaja-estoka-aby-okamzite-vyvodil-zodpovednost-voci-policajnemu-prezidentovi-solakovi-a-sefovi-inspekcie-zurianovi\/\"]}]},{\"@type\":\"ImageObject\",\"inLanguage\":\"cs-CZ\",\"@id\":\"https:\/\/www.smedemokrati.sk\/ziadame-ministra-vnutra-matusa-sutaja-estoka-aby-okamzite-vyvodil-zodpovednost-voci-policajnemu-prezidentovi-solakovi-a-sefovi-inspekcie-zurianovi\/#primaryimage\",\"url\":\"https:\/\/www.smedemokrati.sk\/wp-content\/uploads\/2024\/01\/417380087_866287571960610_7386015243223049987_n.jpg\",\"contentUrl\":\"https:\/\/www.smedemokrati.sk\/wp-content\/uploads\/2024\/01\/417380087_866287571960610_7386015243223049987_n.jpg\",\"width\":1920,\"height\":1281},{\"@type\":\"BreadcrumbList\",\"@id\":\"https:\/\/www.smedemokrati.sk\/ziadame-ministra-vnutra-matusa-sutaja-estoka-aby-okamzite-vyvodil-zodpovednost-voci-policajnemu-prezidentovi-solakovi-a-sefovi-inspekcie-zurianovi\/#breadcrumb\",\"itemListElement\":[{\"@type\":\"ListItem\",\"position\":1,\"name\":\"Domovsk\u00e1 str\u00e1nka\",\"item\":\"https:\/\/www.smedemokrati.sk\/\"},{\"@type\":\"ListItem\",\"position\":2,\"name\":\"\u017diadame ministra vn\u00fatra Mat\u00fa\u0161a \u0160utaja E\u0161toka, aby okam\u017eite vyvodil zodpovednos\u0165 vo\u010di policajn\u00e9mu prezidentovi Sol\u00e1kovi a\u00a0\u0161\u00e9fovi in\u0161pekcie Zurianovi\"}]},{\"@type\":\"WebSite\",\"@id\":\"https:\/\/www.smedemokrati.sk\/#website\",\"url\":\"https:\/\/www.smedemokrati.sk\/\",\"name\":\"Smedemokrati.sk\",\"description\":\"Demokracia a slu\u0161nos\u0165 zv\u00ed\u0165az\u00ed\",\"publisher\":{\"@id\":\"https:\/\/www.smedemokrati.sk\/#organization\"},\"potentialAction\":[{\"@type\":\"SearchAction\",\"target\":{\"@type\":\"EntryPoint\",\"urlTemplate\":\"https:\/\/www.smedemokrati.sk\/?s={search_term_string}\"},\"query-input\":{\"@type\":\"PropertyValueSpecification\",\"valueRequired\":true,\"valueName\":\"search_term_string\"}}],\"inLanguage\":\"cs-CZ\"},{\"@type\":\"Organization\",\"@id\":\"https:\/\/www.smedemokrati.sk\/#organization\",\"name\":\"Smedemokrati.sk\",\"url\":\"https:\/\/www.smedemokrati.sk\/\",\"logo\":{\"@type\":\"ImageObject\",\"inLanguage\":\"cs-CZ\",\"@id\":\"https:\/\/www.smedemokrati.sk\/#\/schema\/logo\/image\/\",\"url\":\"https:\/\/www.smedemokrati.sk\/wp-content\/uploads\/2023\/04\/ff.002.jpeg\",\"contentUrl\":\"https:\/\/www.smedemokrati.sk\/wp-content\/uploads\/2023\/04\/ff.002.jpeg\",\"width\":640,\"height\":480,\"caption\":\"Smedemokrati.sk\"},\"image\":{\"@id\":\"https:\/\/www.smedemokrati.sk\/#\/schema\/logo\/image\/\"},\"sameAs\":[\"https:\/\/www.facebook.com\/smedemokrati2023\"]},{\"@type\":\"Person\",\"@id\":\"https:\/\/www.smedemokrati.sk\/#\/schema\/person\/21f147c88d605aa7ded900e1e7c344ba\",\"name\":\"miro.sopko\",\"image\":{\"@type\":\"ImageObject\",\"inLanguage\":\"cs-CZ\",\"@id\":\"https:\/\/secure.gravatar.com\/avatar\/267e4a36f704376c109afe3a78740c1f5dd8675a2180a908699e7863c9247606?s=96&d=mm&r=g\",\"url\":\"https:\/\/secure.gravatar.com\/avatar\/267e4a36f704376c109afe3a78740c1f5dd8675a2180a908699e7863c9247606?s=96&d=mm&r=g\",\"contentUrl\":\"https:\/\/secure.gravatar.com\/avatar\/267e4a36f704376c109afe3a78740c1f5dd8675a2180a908699e7863c9247606?s=96&d=mm&r=g\",\"caption\":\"miro.sopko\"},\"url\":\"https:\/\/www.smedemokrati.sk\/cs\/author\/miro-sopko\/\"}]}<\/script>\n<!-- \/ Yoast SEO plugin. -->","yoast_head_json":{"title":"\u017diadame ministra vn\u00fatra Mat\u00fa\u0161a \u0160utaja E\u0161toka, aby okam\u017eite vyvodil zodpovednos\u0165 vo\u010di policajn\u00e9mu prezidentovi Sol\u00e1kovi a\u00a0\u0161\u00e9fovi in\u0161pekcie Zurianovi","robots":{"index":"index","follow":"follow","max-snippet":"max-snippet:-1","max-image-preview":"max-image-preview:large","max-video-preview":"max-video-preview:-1"},"canonical":"https:\/\/www.smedemokrati.sk\/cs\/ziadame-ministra-vnutra-matusa-sutaja-estoka-aby-okamzite-vyvodil-zodpovednost-voci-policajnemu-prezidentovi-solakovi-a-sefovi-inspekcie-zurianovi\/","og_locale":"cs_CZ","og_type":"article","og_title":"[:sk]\u017diadame ministra vn\u00fatra Mat\u00fa\u0161a \u0160utaja E\u0161toka, aby okam\u017eite vyvodil zodpovednos\u0165 vo\u010di policajn\u00e9mu prezidentovi Sol\u00e1kovi a\u00a0\u0161\u00e9fovi in\u0161pekcie Zurianovi[:] - Smedemokrati.sk","og_description":"\u00damrtie mu\u017ea po z\u00e1kroku na policajnej stanici v&nbsp;Ko\u0161iciach malo by\u0165 pod\u013ea Demokratov okam\u017eite predmetom vy\u0161etrovania. Demokrati sa p\u00fdtaj\u00fa, pre\u010do sa policajn\u00e1 in\u0161pekcia za\u010dala pr\u00edpadom zaobera\u0165 a\u017e po \u0161iestich d\u0148och a&nbsp;pre\u010do minister vn\u00fatra \u0160utaj E\u0161tok, policajn\u00fd prezident Sol\u00e1k a&nbsp;\u0161\u00e9f in\u0161pekcie Zurian dodnes o&nbsp;celom incidente ml\u010dia. \u201ePova\u017eovali sme za samozrejm\u00e9, \u017ee po tragick\u00fdch udalostiach v&nbsp;Ko\u0161iciach vyst\u00fapi minister [&hellip;]","og_url":"https:\/\/www.smedemokrati.sk\/cs\/ziadame-ministra-vnutra-matusa-sutaja-estoka-aby-okamzite-vyvodil-zodpovednost-voci-policajnemu-prezidentovi-solakovi-a-sefovi-inspekcie-zurianovi\/","og_site_name":"Smedemokrati.sk","article_publisher":"https:\/\/www.facebook.com\/smedemokrati2023","article_published_time":"2024-11-13T18:31:58+00:00","article_modified_time":"2024-11-19T12:24:44+00:00","og_image":[{"width":1920,"height":1281,"url":"https:\/\/www.smedemokrati.sk\/wp-content\/uploads\/2024\/01\/417380087_866287571960610_7386015243223049987_n.jpg","type":"image\/jpeg"}],"author":"miro.sopko","twitter_card":"summary_large_image","twitter_misc":{"Napsal(a)":"miro.sopko","Odhadovan\u00e1 doba \u010dten\u00ed":"2 minuty"},"schema":{"@context":"https:\/\/schema.org","@graph":[{"@type":"Article","@id":"https:\/\/www.smedemokrati.sk\/ziadame-ministra-vnutra-matusa-sutaja-estoka-aby-okamzite-vyvodil-zodpovednost-voci-policajnemu-prezidentovi-solakovi-a-sefovi-inspekcie-zurianovi\/#article","isPartOf":{"@id":"https:\/\/www.smedemokrati.sk\/ziadame-ministra-vnutra-matusa-sutaja-estoka-aby-okamzite-vyvodil-zodpovednost-voci-policajnemu-prezidentovi-solakovi-a-sefovi-inspekcie-zurianovi\/"},"author":{"name":"miro.sopko","@id":"https:\/\/www.smedemokrati.sk\/#\/schema\/person\/21f147c88d605aa7ded900e1e7c344ba"},"headline":"\u017diadame ministra vn\u00fatra Mat\u00fa\u0161a \u0160utaja E\u0161toka, aby okam\u017eite vyvodil zodpovednos\u0165 vo\u010di policajn\u00e9mu prezidentovi Sol\u00e1kovi a\u00a0\u0161\u00e9fovi in\u0161pekcie Zurianovi","datePublished":"2024-11-13T18:31:58+00:00","dateModified":"2024-11-19T12:24:44+00:00","mainEntityOfPage":{"@id":"https:\/\/www.smedemokrati.sk\/ziadame-ministra-vnutra-matusa-sutaja-estoka-aby-okamzite-vyvodil-zodpovednost-voci-policajnemu-prezidentovi-solakovi-a-sefovi-inspekcie-zurianovi\/"},"wordCount":485,"publisher":{"@id":"https:\/\/www.smedemokrati.sk\/#organization"},"image":{"@id":"https:\/\/www.smedemokrati.sk\/ziadame-ministra-vnutra-matusa-sutaja-estoka-aby-okamzite-vyvodil-zodpovednost-voci-policajnemu-prezidentovi-solakovi-a-sefovi-inspekcie-zurianovi\/#primaryimage"},"thumbnailUrl":"https:\/\/www.smedemokrati.sk\/wp-content\/uploads\/2024\/01\/417380087_866287571960610_7386015243223049987_n.jpg","articleSection":["Tla\u010dov\u00e9 spr\u00e1vy"],"inLanguage":"cs-CZ"},{"@type":"WebPage","@id":"https:\/\/www.smedemokrati.sk\/ziadame-ministra-vnutra-matusa-sutaja-estoka-aby-okamzite-vyvodil-zodpovednost-voci-policajnemu-prezidentovi-solakovi-a-sefovi-inspekcie-zurianovi\/","url":"https:\/\/www.smedemokrati.sk\/ziadame-ministra-vnutra-matusa-sutaja-estoka-aby-okamzite-vyvodil-zodpovednost-voci-policajnemu-prezidentovi-solakovi-a-sefovi-inspekcie-zurianovi\/","name":"\u017diadame ministra vn\u00fatra Mat\u00fa\u0161a \u0160utaja E\u0161toka, aby okam\u017eite vyvodil zodpovednos\u0165 vo\u010di policajn\u00e9mu prezidentovi Sol\u00e1kovi a\u00a0\u0161\u00e9fovi in\u0161pekcie Zurianovi","isPartOf":{"@id":"https:\/\/www.smedemokrati.sk\/#website"},"primaryImageOfPage":{"@id":"https:\/\/www.smedemokrati.sk\/ziadame-ministra-vnutra-matusa-sutaja-estoka-aby-okamzite-vyvodil-zodpovednost-voci-policajnemu-prezidentovi-solakovi-a-sefovi-inspekcie-zurianovi\/#primaryimage"},"image":{"@id":"https:\/\/www.smedemokrati.sk\/ziadame-ministra-vnutra-matusa-sutaja-estoka-aby-okamzite-vyvodil-zodpovednost-voci-policajnemu-prezidentovi-solakovi-a-sefovi-inspekcie-zurianovi\/#primaryimage"},"thumbnailUrl":"https:\/\/www.smedemokrati.sk\/wp-content\/uploads\/2024\/01\/417380087_866287571960610_7386015243223049987_n.jpg","datePublished":"2024-11-13T18:31:58+00:00","dateModified":"2024-11-19T12:24:44+00:00","breadcrumb":{"@id":"https:\/\/www.smedemokrati.sk\/ziadame-ministra-vnutra-matusa-sutaja-estoka-aby-okamzite-vyvodil-zodpovednost-voci-policajnemu-prezidentovi-solakovi-a-sefovi-inspekcie-zurianovi\/#breadcrumb"},"inLanguage":"cs-CZ","potentialAction":[{"@type":"ReadAction","target":["https:\/\/www.smedemokrati.sk\/ziadame-ministra-vnutra-matusa-sutaja-estoka-aby-okamzite-vyvodil-zodpovednost-voci-policajnemu-prezidentovi-solakovi-a-sefovi-inspekcie-zurianovi\/"]}]},{"@type":"ImageObject","inLanguage":"cs-CZ","@id":"https:\/\/www.smedemokrati.sk\/ziadame-ministra-vnutra-matusa-sutaja-estoka-aby-okamzite-vyvodil-zodpovednost-voci-policajnemu-prezidentovi-solakovi-a-sefovi-inspekcie-zurianovi\/#primaryimage","url":"https:\/\/www.smedemokrati.sk\/wp-content\/uploads\/2024\/01\/417380087_866287571960610_7386015243223049987_n.jpg","contentUrl":"https:\/\/www.smedemokrati.sk\/wp-content\/uploads\/2024\/01\/417380087_866287571960610_7386015243223049987_n.jpg","width":1920,"height":1281},{"@type":"BreadcrumbList","@id":"https:\/\/www.smedemokrati.sk\/ziadame-ministra-vnutra-matusa-sutaja-estoka-aby-okamzite-vyvodil-zodpovednost-voci-policajnemu-prezidentovi-solakovi-a-sefovi-inspekcie-zurianovi\/#breadcrumb","itemListElement":[{"@type":"ListItem","position":1,"name":"Domovsk\u00e1 str\u00e1nka","item":"https:\/\/www.smedemokrati.sk\/"},{"@type":"ListItem","position":2,"name":"\u017diadame ministra vn\u00fatra Mat\u00fa\u0161a \u0160utaja E\u0161toka, aby okam\u017eite vyvodil zodpovednos\u0165 vo\u010di policajn\u00e9mu prezidentovi Sol\u00e1kovi a\u00a0\u0161\u00e9fovi in\u0161pekcie Zurianovi"}]},{"@type":"WebSite","@id":"https:\/\/www.smedemokrati.sk\/#website","url":"https:\/\/www.smedemokrati.sk\/","name":"Smedemokrati.sk","description":"Demokracia a slu\u0161nos\u0165 zv\u00ed\u0165az\u00ed","publisher":{"@id":"https:\/\/www.smedemokrati.sk\/#organization"},"potentialAction":[{"@type":"SearchAction","target":{"@type":"EntryPoint","urlTemplate":"https:\/\/www.smedemokrati.sk\/?s={search_term_string}"},"query-input":{"@type":"PropertyValueSpecification","valueRequired":true,"valueName":"search_term_string"}}],"inLanguage":"cs-CZ"},{"@type":"Organization","@id":"https:\/\/www.smedemokrati.sk\/#organization","name":"Smedemokrati.sk","url":"https:\/\/www.smedemokrati.sk\/","logo":{"@type":"ImageObject","inLanguage":"cs-CZ","@id":"https:\/\/www.smedemokrati.sk\/#\/schema\/logo\/image\/","url":"https:\/\/www.smedemokrati.sk\/wp-content\/uploads\/2023\/04\/ff.002.jpeg","contentUrl":"https:\/\/www.smedemokrati.sk\/wp-content\/uploads\/2023\/04\/ff.002.jpeg","width":640,"height":480,"caption":"Smedemokrati.sk"},"image":{"@id":"https:\/\/www.smedemokrati.sk\/#\/schema\/logo\/image\/"},"sameAs":["https:\/\/www.facebook.com\/smedemokrati2023"]},{"@type":"Person","@id":"https:\/\/www.smedemokrati.sk\/#\/schema\/person\/21f147c88d605aa7ded900e1e7c344ba","name":"miro.sopko","image":{"@type":"ImageObject","inLanguage":"cs-CZ","@id":"https:\/\/secure.gravatar.com\/avatar\/267e4a36f704376c109afe3a78740c1f5dd8675a2180a908699e7863c9247606?s=96&d=mm&r=g","url":"https:\/\/secure.gravatar.com\/avatar\/267e4a36f704376c109afe3a78740c1f5dd8675a2180a908699e7863c9247606?s=96&d=mm&r=g","contentUrl":"https:\/\/secure.gravatar.com\/avatar\/267e4a36f704376c109afe3a78740c1f5dd8675a2180a908699e7863c9247606?s=96&d=mm&r=g","caption":"miro.sopko"},"url":"https:\/\/www.smedemokrati.sk\/cs\/author\/miro-sopko\/"}]}},"_links":{"self":[{"href":"https:\/\/www.smedemokrati.sk\/cs\/wp-json\/wp\/v2\/posts\/5520","targetHints":{"allow":["GET"]}}],"collection":[{"href":"https:\/\/www.smedemokrati.sk\/cs\/wp-json\/wp\/v2\/posts"}],"about":[{"href":"https:\/\/www.smedemokrati.sk\/cs\/wp-json\/wp\/v2\/types\/post"}],"author":[{"embeddable":true,"href":"https:\/\/www.smedemokrati.sk\/cs\/wp-json\/wp\/v2\/users\/13"}],"replies":[{"embeddable":true,"href":"https:\/\/www.smedemokrati.sk\/cs\/wp-json\/wp\/v2\/comments?post=5520"}],"version-history":[{"count":1,"href":"https:\/\/www.smedemokrati.sk\/cs\/wp-json\/wp\/v2\/posts\/5520\/revisions"}],"predecessor-version":[{"id":5521,"href":"https:\/\/www.smedemokrati.sk\/cs\/wp-json\/wp\/v2\/posts\/5520\/revisions\/5521"}],"wp:featuredmedia":[{"embeddable":true,"href":"https:\/\/www.smedemokrati.sk\/cs\/wp-json\/wp\/v2\/media\/2535"}],"wp:attachment":[{"href":"https:\/\/www.smedemokrati.sk\/cs\/wp-json\/wp\/v2\/media?parent=5520"}],"wp:term":[{"taxonomy":"category","embeddable":true,"href":"https:\/\/www.smedemokrati.sk\/cs\/wp-json\/wp\/v2\/categories?post=5520"},{"taxonomy":"post_tag","embeddable":true,"href":"https:\/\/www.smedemokrati.sk\/cs\/wp-json\/wp\/v2\/tags?post=5520"}],"curies":[{"name":"wp","href":"https:\/\/api.w.org\/{rel}","templated":true}]}}