{"id":5515,"date":"2024-11-13T13:05:52","date_gmt":"2024-11-13T12:05:52","guid":{"rendered":"https:\/\/www.smedemokrati.sk\/?p=5515"},"modified":"2024-11-19T13:24:38","modified_gmt":"2024-11-19T12:24:38","slug":"rozhodnutie-koalicie-o-odklade-upravy-odpadov-bude-pre-samospravy-likvidacne-sposobi-chaos-a-vyhovuje-lobistom","status":"publish","type":"post","link":"https:\/\/www.smedemokrati.sk\/cs\/rozhodnutie-koalicie-o-odklade-upravy-odpadov-bude-pre-samospravy-likvidacne-sposobi-chaos-a-vyhovuje-lobistom\/","title":{"rendered":"Rozhodnutie koal\u00edcie o odklade \u00fapravy odpadov bude pre samospr\u00e1vy likvida\u010dn\u00e9, sp\u00f4sob\u00ed chaos a vyhovuje lobistom"},"content":{"rendered":"<div id=\"fb-root\"><\/div>\n\n<p><strong>Dne\u0161n\u00e9 rozhodnutie vl\u00e1dy vzia\u0165 sp\u00e4\u0165 n\u00e1vrh z\u00e1kona o poplatkoch za ulo\u017eenie odpadov na skl\u00e1dky a zru\u0161i\u0165 vykon\u00e1vacie nariadenie vl\u00e1dy so sadzbami poplatkov sp\u00f4sob\u00ed zodpovedn\u00fdm samospr\u00e1vam mili\u00f3nov\u00e9 \u0161kody a uvrhne odpadov\u00e9 hospod\u00e1rstvo na Slovensku do chaosu. Vyhovuje to akur\u00e1t tak siln\u00fdm hr\u00e1\u010dom prepojen\u00fdm na HLAS-SD s biznisov\u00fdmi z\u00e1ujmami v odpadovom hospod\u00e1rstve, presadzuj\u00facim budovanie spa\u013eovn\u00ed. Vl\u00e1du vyz\u00fdvame na kompenz\u00e1cie n\u00e1kladov pre zodpovedn\u00e9 samospr\u00e1vy.<\/strong><\/p>\n\n\n\n<p>Od 1. janu\u00e1ra 2025&nbsp;sa na Slovensku mala povinne vykon\u00e1va\u0165 mechanicko-biologick\u00e1 \u00faprava odpadov, teda dotriedenie, pred ich ulo\u017een\u00edm na skl\u00e1dku. V rozpore s minuloro\u010dn\u00fdm uisten\u00edm ministra \u017eivotn\u00e9ho prostredia Tarabu v\u0161ak poslanci bez akejko\u013evek diskusie pr\u00edlepkom t\u00fato povinnos\u0165 odlo\u017eili na rok 2027. No a dnes vl\u00e1da naviac zru\u0161ila svoje minulot\u00fd\u017ed\u0148ov\u00e9 nariadenie o sadzb\u00e1ch za ulo\u017eenie odpadov na skl\u00e1dky, ktor\u00e9 malo finan\u010dne zv\u00fdhodnova\u0165 zodpovedn\u00e9 obce, ktor\u00e9 sa na povinnos\u0165 mechanicko biologickej \u00fapravy zodpovedne pripravili.&nbsp;<\/p>\n\n\n\n<p>\u201e<em>Pribli\u017ene 80% miest a obc\u00ed na Slovensku tak m\u00f4\u017eu vznikn\u00fa\u0165 rozsiahle \u0161kody. Odpadov\u00fd sektor a samospr\u00e1vy sa zodpovedne pripravovali aj na z\u00e1klade minuloro\u010dn\u00e9ho stanoviska ministra Tarabu, \u017ee k odkladu u\u017e ned\u00f4jde. Vynalo\u017eili mili\u00f3nov\u00e9 invest\u00edcie do triediacich liniek, zazmluvnili si dod\u00e1vate\u013eov, av\u0161ak v\u0161etko v d\u00f4sledku dne\u0161n\u00e9ho rozhodnutia vl\u00e1dy zbyto\u010dne. Pre mnoh\u00e9 mest\u00e1 a obce to bude ma\u0165 doslova katastrof\u00e1lne a likvida\u010dn\u00e9 dopady v oblasti odpadov\u00e9ho hospod\u00e1rstva a ich financovania, ktor\u00e9 zaplatia ich obyvatelia. Jedn\u00e1 sa o zmarenie invest\u00edci\u00ed v rozsahu desiatok mili\u00f3nov eur a o\u010dak\u00e1vam, \u017ee mnoh\u00e9 subjekty si uplatnia v d\u00f4sledku rozhodnutia vl\u00e1dy n\u00e1hradu \u0161kody vo\u010di \u0161t\u00e1tu v identickej v\u00fd\u0161ke,<\/em>\u201d kritizuje Michal Ki\u010da, environment\u00e1lny expert a \u010dlen predsedn\u00edctva Demokratov.\u00a0<\/p>\n\n\n\n<p>V\u00fdhovorky HLAS-u a ministra Tarabu na konsolid\u00e1ciu s\u00fa pokryteck\u00e9. Nesed\u00ed ani argument, \u017ee Slovensko nebolo pripraven\u00e9 na plnenie tejto povinnosti, naopak, pribli\u017ene 80 % samospr\u00e1v pripraven\u00fdch bolo, dokonca uk\u00e1\u017ekovo, ako napr. v Partiz\u00e1nskom alebo Krompachoch. \u201e<em>V skuto\u010dnosti tento odklad vyhovuje jedine siln\u00fdm hr\u00e1\u010dom na pozad\u00ed HLAS-u p\u00f4sobiacim v odpadovom hospod\u00e1rstve, ktor\u00fdm sa takto zlikviduje konkurencia a bud\u00fa m\u00f4c\u0165 realizova\u0165 svoje z\u00e1mery s budovan\u00edm spa\u013eovn\u00ed,\u201d <\/em>vysvet\u013euje Michal Ki\u010da.<\/p>\n\n\n\n<p>Ki\u010da \u010falej tvrd\u00ed, \u017ee sp\u00f4sob prijatia rozhodnutia, teda n\u00e1hle, chaoticky a bez diskusie, nasved\u010duje plneniu lobistick\u00fdch z\u00e1ujmov, nie z\u00e1ujmov samospr\u00e1v, ob\u010danov a \u017eivotn\u00e9ho prostredia. Jedn\u00e1 sa aj o flagrantn\u00e9 poru\u0161enie memoranda o spolupr\u00e1ci medzi vl\u00e1dnymi stranami a Zdru\u017een\u00edm miest a obc\u00ed Slovenska. Cel\u00e9 sa to nemohlo udia\u0165 bez s\u00fahlasu ministra Tarabu. Vl\u00e1da oklamala samospr\u00e1vy v priamom prenose a vyjadrenia ministrov a poslancov u\u017e skuto\u010dne nem\u00f4\u017ee bra\u0165 nikto v\u00e1\u017ene. Naviac, sp\u00f4sob, ak\u00fdm vl\u00e1da dnes zru\u0161ila svoje minulot\u00fd\u017ed\u0148ov\u00e9 uznesenie, m\u00f4\u017ee by\u0165 aj v rozpore s \u00dastavou SR.&nbsp;<\/p>\n\n\n\n<p>\u201e<em>D\u00f4sledkom bude s vysokou pravdepodobnos\u0165ou aj \u010fal\u0161ia \u017ealoba zo strany Eur\u00f3pskej komisie pre neplnenie dlhoro\u010dn\u00fdch povinnost\u00ed v odpadovom hospod\u00e1rstve s hrozbami mili\u00f3nov\u00fdch pok\u00fat. Slovensko zostane skl\u00e1dkovacou ve\u013emocou. Vyz\u00fdvame vl\u00e1du, aby okam\u017eite pripravila kompenz\u00e1cie n\u00e1kladov pre tie mest\u00e1 a obce, ktor\u00e9 sa spr\u00e1vali zodpovedne a do pr\u00edpravy \u00fapravy odpadov pred skl\u00e1dkovan\u00edm investovali nemal\u00e9 prostriedky,<\/em>\u201d uzavrel Michal Ki\u010da.<\/p>\n","protected":false},"excerpt":{"rendered":"<p>Dne\u0161n\u00e9 rozhodnutie vl\u00e1dy vzia\u0165 sp\u00e4\u0165 n\u00e1vrh z\u00e1kona o poplatkoch za ulo\u017eenie odpadov na skl\u00e1dky a zru\u0161i\u0165 vykon\u00e1vacie nariadenie vl\u00e1dy so sadzbami poplatkov sp\u00f4sob\u00ed zodpovedn\u00fdm samospr\u00e1vam mili\u00f3nov\u00e9 \u0161kody a uvrhne odpadov\u00e9 hospod\u00e1rstvo na Slovensku do chaosu. Vyhovuje to akur\u00e1t tak siln\u00fdm hr\u00e1\u010dom prepojen\u00fdm na HLAS-SD s biznisov\u00fdmi z\u00e1ujmami v odpadovom hospod\u00e1rstve, presadzuj\u00facim budovanie spa\u013eovn\u00ed. Vl\u00e1du vyz\u00fdvame [&hellip;]<\/p>\n","protected":false},"author":13,"featured_media":4340,"comment_status":"closed","ping_status":"closed","sticky":false,"template":"","format":"standard","meta":{"_acf_changed":false,"ngg_post_thumbnail":0,"footnotes":""},"categories":[4],"tags":[],"class_list":["post-5515","post","type-post","status-publish","format-standard","has-post-thumbnail","hentry","category-tlacove-spravy"],"acf":[],"yoast_head":"<!-- This site is optimized with the Yoast SEO plugin v27.2 - https:\/\/yoast.com\/product\/yoast-seo-wordpress\/ -->\n<title>Rozhodnutie koal\u00edcie o odklade \u00fapravy odpadov bude pre samospr\u00e1vy likvida\u010dn\u00e9, sp\u00f4sob\u00ed chaos a vyhovuje lobistom<\/title>\n<meta name=\"robots\" content=\"index, follow, max-snippet:-1, max-image-preview:large, max-video-preview:-1\" \/>\n<link rel=\"canonical\" href=\"https:\/\/www.smedemokrati.sk\/cs\/rozhodnutie-koalicie-o-odklade-upravy-odpadov-bude-pre-samospravy-likvidacne-sposobi-chaos-a-vyhovuje-lobistom\/\" \/>\n<meta property=\"og:locale\" content=\"cs_CZ\" \/>\n<meta property=\"og:locale:alternate\" content=\"en_US\" \/>\n<meta property=\"og:locale:alternate\" content=\"hu_HU\" \/>\n<meta property=\"og:locale:alternate\" content=\"sk_SK\" \/>\n<meta property=\"og:locale:alternate\" content=\"sv_SE\" \/>\n<meta property=\"og:type\" content=\"article\" \/>\n<meta property=\"og:title\" content=\"Rozhodnutie koal\u00edcie o odklade \u00fapravy odpadov bude pre samospr\u00e1vy likvida\u010dn\u00e9, sp\u00f4sob\u00ed chaos a vyhovuje lobistom\" \/>\n<meta property=\"og:description\" content=\"Dne\u0161n\u00e9 rozhodnutie vl\u00e1dy vzia\u0165 sp\u00e4\u0165 n\u00e1vrh z\u00e1kona o poplatkoch za ulo\u017eenie odpadov na skl\u00e1dky a zru\u0161i\u0165 vykon\u00e1vacie nariadenie vl\u00e1dy so sadzbami poplatkov sp\u00f4sob\u00ed zodpovedn\u00fdm samospr\u00e1vam mili\u00f3nov\u00e9 \u0161kody a uvrhne odpadov\u00e9 hospod\u00e1rstvo na Slovensku do chaosu. Vyhovuje to akur\u00e1t tak siln\u00fdm hr\u00e1\u010dom prepojen\u00fdm na HLAS-SD s biznisov\u00fdmi z\u00e1ujmami v odpadovom hospod\u00e1rstve, presadzuj\u00facim budovanie spa\u013eovn\u00ed. Vl\u00e1du vyz\u00fdvame [&hellip;]\" \/>\n<meta property=\"og:url\" content=\"https:\/\/www.smedemokrati.sk\/cs\/rozhodnutie-koalicie-o-odklade-upravy-odpadov-bude-pre-samospravy-likvidacne-sposobi-chaos-a-vyhovuje-lobistom\/\" \/>\n<meta property=\"og:site_name\" content=\"Smedemokrati.sk\" \/>\n<meta property=\"article:publisher\" content=\"https:\/\/www.facebook.com\/smedemokrati2023\" \/>\n<meta property=\"article:published_time\" content=\"2024-11-13T12:05:52+00:00\" \/>\n<meta property=\"article:modified_time\" content=\"2024-11-19T12:24:38+00:00\" \/>\n<meta property=\"og:image\" content=\"https:\/\/www.smedemokrati.sk\/wp-content\/uploads\/2024\/06\/kica-miliardy.jpg\" \/>\n\t<meta property=\"og:image:width\" content=\"2025\" \/>\n\t<meta property=\"og:image:height\" content=\"1179\" \/>\n\t<meta property=\"og:image:type\" content=\"image\/jpeg\" \/>\n<meta name=\"author\" content=\"miro.sopko\" \/>\n<meta name=\"twitter:card\" content=\"summary_large_image\" \/>\n<meta name=\"twitter:label1\" content=\"Napsal(a)\" \/>\n\t<meta name=\"twitter:data1\" content=\"miro.sopko\" \/>\n\t<meta name=\"twitter:label2\" content=\"Odhadovan\u00e1 doba \u010dten\u00ed\" \/>\n\t<meta name=\"twitter:data2\" content=\"3 minuty\" \/>\n<script type=\"application\/ld+json\" class=\"yoast-schema-graph\">{\"@context\":\"https:\/\/schema.org\",\"@graph\":[{\"@type\":\"Article\",\"@id\":\"https:\/\/www.smedemokrati.sk\/rozhodnutie-koalicie-o-odklade-upravy-odpadov-bude-pre-samospravy-likvidacne-sposobi-chaos-a-vyhovuje-lobistom\/#article\",\"isPartOf\":{\"@id\":\"https:\/\/www.smedemokrati.sk\/rozhodnutie-koalicie-o-odklade-upravy-odpadov-bude-pre-samospravy-likvidacne-sposobi-chaos-a-vyhovuje-lobistom\/\"},\"author\":{\"name\":\"miro.sopko\",\"@id\":\"https:\/\/www.smedemokrati.sk\/#\/schema\/person\/21f147c88d605aa7ded900e1e7c344ba\"},\"headline\":\"Rozhodnutie koal\u00edcie o odklade \u00fapravy odpadov bude pre samospr\u00e1vy likvida\u010dn\u00e9, sp\u00f4sob\u00ed chaos a vyhovuje lobistom\",\"datePublished\":\"2024-11-13T12:05:52+00:00\",\"dateModified\":\"2024-11-19T12:24:38+00:00\",\"mainEntityOfPage\":{\"@id\":\"https:\/\/www.smedemokrati.sk\/rozhodnutie-koalicie-o-odklade-upravy-odpadov-bude-pre-samospravy-likvidacne-sposobi-chaos-a-vyhovuje-lobistom\/\"},\"wordCount\":624,\"publisher\":{\"@id\":\"https:\/\/www.smedemokrati.sk\/#organization\"},\"image\":{\"@id\":\"https:\/\/www.smedemokrati.sk\/rozhodnutie-koalicie-o-odklade-upravy-odpadov-bude-pre-samospravy-likvidacne-sposobi-chaos-a-vyhovuje-lobistom\/#primaryimage\"},\"thumbnailUrl\":\"https:\/\/www.smedemokrati.sk\/wp-content\/uploads\/2024\/06\/kica-miliardy.jpg\",\"articleSection\":[\"Tla\u010dov\u00e9 spr\u00e1vy\"],\"inLanguage\":\"cs-CZ\"},{\"@type\":\"WebPage\",\"@id\":\"https:\/\/www.smedemokrati.sk\/rozhodnutie-koalicie-o-odklade-upravy-odpadov-bude-pre-samospravy-likvidacne-sposobi-chaos-a-vyhovuje-lobistom\/\",\"url\":\"https:\/\/www.smedemokrati.sk\/rozhodnutie-koalicie-o-odklade-upravy-odpadov-bude-pre-samospravy-likvidacne-sposobi-chaos-a-vyhovuje-lobistom\/\",\"name\":\"Rozhodnutie koal\u00edcie o odklade \u00fapravy odpadov bude pre samospr\u00e1vy likvida\u010dn\u00e9, sp\u00f4sob\u00ed chaos a vyhovuje lobistom\",\"isPartOf\":{\"@id\":\"https:\/\/www.smedemokrati.sk\/#website\"},\"primaryImageOfPage\":{\"@id\":\"https:\/\/www.smedemokrati.sk\/rozhodnutie-koalicie-o-odklade-upravy-odpadov-bude-pre-samospravy-likvidacne-sposobi-chaos-a-vyhovuje-lobistom\/#primaryimage\"},\"image\":{\"@id\":\"https:\/\/www.smedemokrati.sk\/rozhodnutie-koalicie-o-odklade-upravy-odpadov-bude-pre-samospravy-likvidacne-sposobi-chaos-a-vyhovuje-lobistom\/#primaryimage\"},\"thumbnailUrl\":\"https:\/\/www.smedemokrati.sk\/wp-content\/uploads\/2024\/06\/kica-miliardy.jpg\",\"datePublished\":\"2024-11-13T12:05:52+00:00\",\"dateModified\":\"2024-11-19T12:24:38+00:00\",\"breadcrumb\":{\"@id\":\"https:\/\/www.smedemokrati.sk\/rozhodnutie-koalicie-o-odklade-upravy-odpadov-bude-pre-samospravy-likvidacne-sposobi-chaos-a-vyhovuje-lobistom\/#breadcrumb\"},\"inLanguage\":\"cs-CZ\",\"potentialAction\":[{\"@type\":\"ReadAction\",\"target\":[\"https:\/\/www.smedemokrati.sk\/rozhodnutie-koalicie-o-odklade-upravy-odpadov-bude-pre-samospravy-likvidacne-sposobi-chaos-a-vyhovuje-lobistom\/\"]}]},{\"@type\":\"ImageObject\",\"inLanguage\":\"cs-CZ\",\"@id\":\"https:\/\/www.smedemokrati.sk\/rozhodnutie-koalicie-o-odklade-upravy-odpadov-bude-pre-samospravy-likvidacne-sposobi-chaos-a-vyhovuje-lobistom\/#primaryimage\",\"url\":\"https:\/\/www.smedemokrati.sk\/wp-content\/uploads\/2024\/06\/kica-miliardy.jpg\",\"contentUrl\":\"https:\/\/www.smedemokrati.sk\/wp-content\/uploads\/2024\/06\/kica-miliardy.jpg\",\"width\":2025,\"height\":1179},{\"@type\":\"BreadcrumbList\",\"@id\":\"https:\/\/www.smedemokrati.sk\/rozhodnutie-koalicie-o-odklade-upravy-odpadov-bude-pre-samospravy-likvidacne-sposobi-chaos-a-vyhovuje-lobistom\/#breadcrumb\",\"itemListElement\":[{\"@type\":\"ListItem\",\"position\":1,\"name\":\"Domovsk\u00e1 str\u00e1nka\",\"item\":\"https:\/\/www.smedemokrati.sk\/\"},{\"@type\":\"ListItem\",\"position\":2,\"name\":\"Rozhodnutie koal\u00edcie o odklade \u00fapravy odpadov bude pre samospr\u00e1vy likvida\u010dn\u00e9, sp\u00f4sob\u00ed chaos a vyhovuje lobistom\"}]},{\"@type\":\"WebSite\",\"@id\":\"https:\/\/www.smedemokrati.sk\/#website\",\"url\":\"https:\/\/www.smedemokrati.sk\/\",\"name\":\"Smedemokrati.sk\",\"description\":\"Demokracia a slu\u0161nos\u0165 zv\u00ed\u0165az\u00ed\",\"publisher\":{\"@id\":\"https:\/\/www.smedemokrati.sk\/#organization\"},\"potentialAction\":[{\"@type\":\"SearchAction\",\"target\":{\"@type\":\"EntryPoint\",\"urlTemplate\":\"https:\/\/www.smedemokrati.sk\/?s={search_term_string}\"},\"query-input\":{\"@type\":\"PropertyValueSpecification\",\"valueRequired\":true,\"valueName\":\"search_term_string\"}}],\"inLanguage\":\"cs-CZ\"},{\"@type\":\"Organization\",\"@id\":\"https:\/\/www.smedemokrati.sk\/#organization\",\"name\":\"Smedemokrati.sk\",\"url\":\"https:\/\/www.smedemokrati.sk\/\",\"logo\":{\"@type\":\"ImageObject\",\"inLanguage\":\"cs-CZ\",\"@id\":\"https:\/\/www.smedemokrati.sk\/#\/schema\/logo\/image\/\",\"url\":\"https:\/\/www.smedemokrati.sk\/wp-content\/uploads\/2023\/04\/ff.002.jpeg\",\"contentUrl\":\"https:\/\/www.smedemokrati.sk\/wp-content\/uploads\/2023\/04\/ff.002.jpeg\",\"width\":640,\"height\":480,\"caption\":\"Smedemokrati.sk\"},\"image\":{\"@id\":\"https:\/\/www.smedemokrati.sk\/#\/schema\/logo\/image\/\"},\"sameAs\":[\"https:\/\/www.facebook.com\/smedemokrati2023\"]},{\"@type\":\"Person\",\"@id\":\"https:\/\/www.smedemokrati.sk\/#\/schema\/person\/21f147c88d605aa7ded900e1e7c344ba\",\"name\":\"miro.sopko\",\"image\":{\"@type\":\"ImageObject\",\"inLanguage\":\"cs-CZ\",\"@id\":\"https:\/\/secure.gravatar.com\/avatar\/267e4a36f704376c109afe3a78740c1f5dd8675a2180a908699e7863c9247606?s=96&d=mm&r=g\",\"url\":\"https:\/\/secure.gravatar.com\/avatar\/267e4a36f704376c109afe3a78740c1f5dd8675a2180a908699e7863c9247606?s=96&d=mm&r=g\",\"contentUrl\":\"https:\/\/secure.gravatar.com\/avatar\/267e4a36f704376c109afe3a78740c1f5dd8675a2180a908699e7863c9247606?s=96&d=mm&r=g\",\"caption\":\"miro.sopko\"},\"url\":\"https:\/\/www.smedemokrati.sk\/cs\/author\/miro-sopko\/\"}]}<\/script>\n<!-- \/ Yoast SEO plugin. -->","yoast_head_json":{"title":"Rozhodnutie koal\u00edcie o odklade \u00fapravy odpadov bude pre samospr\u00e1vy likvida\u010dn\u00e9, sp\u00f4sob\u00ed chaos a vyhovuje lobistom","robots":{"index":"index","follow":"follow","max-snippet":"max-snippet:-1","max-image-preview":"max-image-preview:large","max-video-preview":"max-video-preview:-1"},"canonical":"https:\/\/www.smedemokrati.sk\/cs\/rozhodnutie-koalicie-o-odklade-upravy-odpadov-bude-pre-samospravy-likvidacne-sposobi-chaos-a-vyhovuje-lobistom\/","og_locale":"cs_CZ","og_type":"article","og_title":"[:sk]Rozhodnutie koal\u00edcie o odklade \u00fapravy odpadov bude pre samospr\u00e1vy likvida\u010dn\u00e9, sp\u00f4sob\u00ed chaos a vyhovuje lobistom[:] - Smedemokrati.sk","og_description":"Dne\u0161n\u00e9 rozhodnutie vl\u00e1dy vzia\u0165 sp\u00e4\u0165 n\u00e1vrh z\u00e1kona o poplatkoch za ulo\u017eenie odpadov na skl\u00e1dky a zru\u0161i\u0165 vykon\u00e1vacie nariadenie vl\u00e1dy so sadzbami poplatkov sp\u00f4sob\u00ed zodpovedn\u00fdm samospr\u00e1vam mili\u00f3nov\u00e9 \u0161kody a uvrhne odpadov\u00e9 hospod\u00e1rstvo na Slovensku do chaosu. Vyhovuje to akur\u00e1t tak siln\u00fdm hr\u00e1\u010dom prepojen\u00fdm na HLAS-SD s biznisov\u00fdmi z\u00e1ujmami v odpadovom hospod\u00e1rstve, presadzuj\u00facim budovanie spa\u013eovn\u00ed. Vl\u00e1du vyz\u00fdvame [&hellip;]","og_url":"https:\/\/www.smedemokrati.sk\/cs\/rozhodnutie-koalicie-o-odklade-upravy-odpadov-bude-pre-samospravy-likvidacne-sposobi-chaos-a-vyhovuje-lobistom\/","og_site_name":"Smedemokrati.sk","article_publisher":"https:\/\/www.facebook.com\/smedemokrati2023","article_published_time":"2024-11-13T12:05:52+00:00","article_modified_time":"2024-11-19T12:24:38+00:00","og_image":[{"width":2025,"height":1179,"url":"https:\/\/www.smedemokrati.sk\/wp-content\/uploads\/2024\/06\/kica-miliardy.jpg","type":"image\/jpeg"}],"author":"miro.sopko","twitter_card":"summary_large_image","twitter_misc":{"Napsal(a)":"miro.sopko","Odhadovan\u00e1 doba \u010dten\u00ed":"3 minuty"},"schema":{"@context":"https:\/\/schema.org","@graph":[{"@type":"Article","@id":"https:\/\/www.smedemokrati.sk\/rozhodnutie-koalicie-o-odklade-upravy-odpadov-bude-pre-samospravy-likvidacne-sposobi-chaos-a-vyhovuje-lobistom\/#article","isPartOf":{"@id":"https:\/\/www.smedemokrati.sk\/rozhodnutie-koalicie-o-odklade-upravy-odpadov-bude-pre-samospravy-likvidacne-sposobi-chaos-a-vyhovuje-lobistom\/"},"author":{"name":"miro.sopko","@id":"https:\/\/www.smedemokrati.sk\/#\/schema\/person\/21f147c88d605aa7ded900e1e7c344ba"},"headline":"Rozhodnutie koal\u00edcie o odklade \u00fapravy odpadov bude pre samospr\u00e1vy likvida\u010dn\u00e9, sp\u00f4sob\u00ed chaos a vyhovuje lobistom","datePublished":"2024-11-13T12:05:52+00:00","dateModified":"2024-11-19T12:24:38+00:00","mainEntityOfPage":{"@id":"https:\/\/www.smedemokrati.sk\/rozhodnutie-koalicie-o-odklade-upravy-odpadov-bude-pre-samospravy-likvidacne-sposobi-chaos-a-vyhovuje-lobistom\/"},"wordCount":624,"publisher":{"@id":"https:\/\/www.smedemokrati.sk\/#organization"},"image":{"@id":"https:\/\/www.smedemokrati.sk\/rozhodnutie-koalicie-o-odklade-upravy-odpadov-bude-pre-samospravy-likvidacne-sposobi-chaos-a-vyhovuje-lobistom\/#primaryimage"},"thumbnailUrl":"https:\/\/www.smedemokrati.sk\/wp-content\/uploads\/2024\/06\/kica-miliardy.jpg","articleSection":["Tla\u010dov\u00e9 spr\u00e1vy"],"inLanguage":"cs-CZ"},{"@type":"WebPage","@id":"https:\/\/www.smedemokrati.sk\/rozhodnutie-koalicie-o-odklade-upravy-odpadov-bude-pre-samospravy-likvidacne-sposobi-chaos-a-vyhovuje-lobistom\/","url":"https:\/\/www.smedemokrati.sk\/rozhodnutie-koalicie-o-odklade-upravy-odpadov-bude-pre-samospravy-likvidacne-sposobi-chaos-a-vyhovuje-lobistom\/","name":"Rozhodnutie koal\u00edcie o odklade \u00fapravy odpadov bude pre samospr\u00e1vy likvida\u010dn\u00e9, sp\u00f4sob\u00ed chaos a vyhovuje lobistom","isPartOf":{"@id":"https:\/\/www.smedemokrati.sk\/#website"},"primaryImageOfPage":{"@id":"https:\/\/www.smedemokrati.sk\/rozhodnutie-koalicie-o-odklade-upravy-odpadov-bude-pre-samospravy-likvidacne-sposobi-chaos-a-vyhovuje-lobistom\/#primaryimage"},"image":{"@id":"https:\/\/www.smedemokrati.sk\/rozhodnutie-koalicie-o-odklade-upravy-odpadov-bude-pre-samospravy-likvidacne-sposobi-chaos-a-vyhovuje-lobistom\/#primaryimage"},"thumbnailUrl":"https:\/\/www.smedemokrati.sk\/wp-content\/uploads\/2024\/06\/kica-miliardy.jpg","datePublished":"2024-11-13T12:05:52+00:00","dateModified":"2024-11-19T12:24:38+00:00","breadcrumb":{"@id":"https:\/\/www.smedemokrati.sk\/rozhodnutie-koalicie-o-odklade-upravy-odpadov-bude-pre-samospravy-likvidacne-sposobi-chaos-a-vyhovuje-lobistom\/#breadcrumb"},"inLanguage":"cs-CZ","potentialAction":[{"@type":"ReadAction","target":["https:\/\/www.smedemokrati.sk\/rozhodnutie-koalicie-o-odklade-upravy-odpadov-bude-pre-samospravy-likvidacne-sposobi-chaos-a-vyhovuje-lobistom\/"]}]},{"@type":"ImageObject","inLanguage":"cs-CZ","@id":"https:\/\/www.smedemokrati.sk\/rozhodnutie-koalicie-o-odklade-upravy-odpadov-bude-pre-samospravy-likvidacne-sposobi-chaos-a-vyhovuje-lobistom\/#primaryimage","url":"https:\/\/www.smedemokrati.sk\/wp-content\/uploads\/2024\/06\/kica-miliardy.jpg","contentUrl":"https:\/\/www.smedemokrati.sk\/wp-content\/uploads\/2024\/06\/kica-miliardy.jpg","width":2025,"height":1179},{"@type":"BreadcrumbList","@id":"https:\/\/www.smedemokrati.sk\/rozhodnutie-koalicie-o-odklade-upravy-odpadov-bude-pre-samospravy-likvidacne-sposobi-chaos-a-vyhovuje-lobistom\/#breadcrumb","itemListElement":[{"@type":"ListItem","position":1,"name":"Domovsk\u00e1 str\u00e1nka","item":"https:\/\/www.smedemokrati.sk\/"},{"@type":"ListItem","position":2,"name":"Rozhodnutie koal\u00edcie o odklade \u00fapravy odpadov bude pre samospr\u00e1vy likvida\u010dn\u00e9, sp\u00f4sob\u00ed chaos a vyhovuje lobistom"}]},{"@type":"WebSite","@id":"https:\/\/www.smedemokrati.sk\/#website","url":"https:\/\/www.smedemokrati.sk\/","name":"Smedemokrati.sk","description":"Demokracia a slu\u0161nos\u0165 zv\u00ed\u0165az\u00ed","publisher":{"@id":"https:\/\/www.smedemokrati.sk\/#organization"},"potentialAction":[{"@type":"SearchAction","target":{"@type":"EntryPoint","urlTemplate":"https:\/\/www.smedemokrati.sk\/?s={search_term_string}"},"query-input":{"@type":"PropertyValueSpecification","valueRequired":true,"valueName":"search_term_string"}}],"inLanguage":"cs-CZ"},{"@type":"Organization","@id":"https:\/\/www.smedemokrati.sk\/#organization","name":"Smedemokrati.sk","url":"https:\/\/www.smedemokrati.sk\/","logo":{"@type":"ImageObject","inLanguage":"cs-CZ","@id":"https:\/\/www.smedemokrati.sk\/#\/schema\/logo\/image\/","url":"https:\/\/www.smedemokrati.sk\/wp-content\/uploads\/2023\/04\/ff.002.jpeg","contentUrl":"https:\/\/www.smedemokrati.sk\/wp-content\/uploads\/2023\/04\/ff.002.jpeg","width":640,"height":480,"caption":"Smedemokrati.sk"},"image":{"@id":"https:\/\/www.smedemokrati.sk\/#\/schema\/logo\/image\/"},"sameAs":["https:\/\/www.facebook.com\/smedemokrati2023"]},{"@type":"Person","@id":"https:\/\/www.smedemokrati.sk\/#\/schema\/person\/21f147c88d605aa7ded900e1e7c344ba","name":"miro.sopko","image":{"@type":"ImageObject","inLanguage":"cs-CZ","@id":"https:\/\/secure.gravatar.com\/avatar\/267e4a36f704376c109afe3a78740c1f5dd8675a2180a908699e7863c9247606?s=96&d=mm&r=g","url":"https:\/\/secure.gravatar.com\/avatar\/267e4a36f704376c109afe3a78740c1f5dd8675a2180a908699e7863c9247606?s=96&d=mm&r=g","contentUrl":"https:\/\/secure.gravatar.com\/avatar\/267e4a36f704376c109afe3a78740c1f5dd8675a2180a908699e7863c9247606?s=96&d=mm&r=g","caption":"miro.sopko"},"url":"https:\/\/www.smedemokrati.sk\/cs\/author\/miro-sopko\/"}]}},"_links":{"self":[{"href":"https:\/\/www.smedemokrati.sk\/cs\/wp-json\/wp\/v2\/posts\/5515","targetHints":{"allow":["GET"]}}],"collection":[{"href":"https:\/\/www.smedemokrati.sk\/cs\/wp-json\/wp\/v2\/posts"}],"about":[{"href":"https:\/\/www.smedemokrati.sk\/cs\/wp-json\/wp\/v2\/types\/post"}],"author":[{"embeddable":true,"href":"https:\/\/www.smedemokrati.sk\/cs\/wp-json\/wp\/v2\/users\/13"}],"replies":[{"embeddable":true,"href":"https:\/\/www.smedemokrati.sk\/cs\/wp-json\/wp\/v2\/comments?post=5515"}],"version-history":[{"count":1,"href":"https:\/\/www.smedemokrati.sk\/cs\/wp-json\/wp\/v2\/posts\/5515\/revisions"}],"predecessor-version":[{"id":5516,"href":"https:\/\/www.smedemokrati.sk\/cs\/wp-json\/wp\/v2\/posts\/5515\/revisions\/5516"}],"wp:featuredmedia":[{"embeddable":true,"href":"https:\/\/www.smedemokrati.sk\/cs\/wp-json\/wp\/v2\/media\/4340"}],"wp:attachment":[{"href":"https:\/\/www.smedemokrati.sk\/cs\/wp-json\/wp\/v2\/media?parent=5515"}],"wp:term":[{"taxonomy":"category","embeddable":true,"href":"https:\/\/www.smedemokrati.sk\/cs\/wp-json\/wp\/v2\/categories?post=5515"},{"taxonomy":"post_tag","embeddable":true,"href":"https:\/\/www.smedemokrati.sk\/cs\/wp-json\/wp\/v2\/tags?post=5515"}],"curies":[{"name":"wp","href":"https:\/\/api.w.org\/{rel}","templated":true}]}}