{"id":5448,"date":"2024-11-02T22:32:10","date_gmt":"2024-11-02T21:32:10","guid":{"rendered":"https:\/\/www.smedemokrati.sk\/?p=5448"},"modified":"2024-11-13T13:07:47","modified_gmt":"2024-11-13T12:07:47","slug":"odmietam-ficovu-kritiku-britskeho-velvyslanca-kritiku-by-si-zasluzil-rusky-velvyslanec-no-na-toho-fico-utocit-nemoze","status":"publish","type":"post","link":"https:\/\/www.smedemokrati.sk\/cs\/odmietam-ficovu-kritiku-britskeho-velvyslanca-kritiku-by-si-zasluzil-rusky-velvyslanec-no-na-toho-fico-utocit-nemoze\/","title":{"rendered":"Odmietam Ficovu kritiku britsk\u00e9ho ve\u013evyslanca, kritiku by si zasl\u00fa\u017eil rusk\u00fd ve\u013evyslanec, no na toho Fico \u00fato\u010di\u0165 nem\u00f4\u017ee"},"content":{"rendered":"<div id=\"fb-root\"><\/div>\n\n<p><strong>Bezhodnotov\u00e1 politika na &#8222;v\u0161etky svetov\u00e9&#8220; strany Ficovej vl\u00e1dy skon\u010d\u00ed v\u017edy na v\u00fdchode. Jaroslav Na\u010f kritizuje vyst\u00fapenie premi\u00e9ra v propagandistickej ruskej telev\u00edzii a podporuje vyjadrenia britsk\u00e9ho ve\u013evyslanca N. Bakera, ktor\u00fd toto vyst\u00fapenia ozna\u010dil za po\u013eutovaniahodn\u00e9. Pod\u013ea exministra obrany sa premi\u00e9r stal najv\u00e4\u010d\u0161\u00edm ohrozen\u00edm tejto krajiny a v\u00e1\u017ene po\u0161pinil renom\u00e9 Slovenska v zahrani\u010d\u00ed.&nbsp;<\/strong><\/p>\n\n\n\n<p><em>\u201eTo \u010do urobil Fico si nedovolil \u017eiaden in\u00fd premi\u00e9r demokratickej krajiny. T\u00e1to vl\u00e1da si mysl\u00ed, \u017ee je to prejav sily, kamar\u00e1ti\u0165 sa s vrahmi, no ka\u017ed\u00fd odborn\u00edk, bezpe\u010dnostn\u00fd analytik \u010di zodpovedn\u00fd politik v\u00e1m povie, \u017ee je to v\u00e1\u017ene ohrozenie slovensk\u00fdch z\u00e1ujmov, hanb\u00edm sa za Roberta Fica&#8220;\u00a0<\/em>hovor\u00ed Jaroslav Na\u010f, ktor\u00fd je presved\u010den\u00fd, \u017ee takto sa prikloni\u0165 na stranu Ruska znamen\u00e1 odkloni\u0165 sa od organiz\u00e1ci\u00ed do ktor\u00fdch patr\u00edme a z ktor\u00fdch pozit\u00edvne, ako ich \u010dlenovia, \u0165a\u017e\u00edme. \u010ci u\u017e je to Severoatlantick\u00e1 aliancia alebo Eur\u00f3pska \u00fania.\u00a0<em>\u201eZatia\u013e s nami maj\u00fa spojenci, ktor\u00ed s\u00fa na rozdiel od Ruska pripraven\u00ed n\u00e1s chr\u00e1ni\u0165, trpezlivos\u0165, no verte zo spr\u00e1v, ktor\u00e9 mi chodia od s\u00fa\u010dasn\u00fdch ministrov obrany, Kali\u0148\u00e1kov\u00fdch kolegov viem, \u017ee Ficovej bezhodnotovej proruskej politiky maj\u00fa pln\u00e9 zuby.&#8220;<\/em><\/p>\n\n\n\n<p>Jaroslav Na\u010f sa zast\u00e1va vyjadren\u00ed britsk\u00e9ho ve\u013evyslanca N. Bakera, ktor\u00fd ozna\u010dil \u00fa\u010dinkovanie premi\u00e9ra v ruskej telev\u00edzii za po\u013eutovaniahodn\u00e9:\u00a0<em>\u201eJe smutn\u00e9, \u017ee britsk\u00fd ve\u013evyslanec m\u00e1 viac proslovensk\u00e9 c\u00edtenie ako slovensk\u00fd premi\u00e9r. V\u0161imli ste si, \u017ee Fico sa nikdy negat\u00edvne nevyjadril k rusk\u00e9mu ve\u013evyslancovi Brat\u010dikovi? Je zauj\u00edmav\u00e9, \u017ee ten tu m\u00f4\u017ee zav\u00e1dza\u0165 od r\u00e1na do ve\u010dera, \u0161\u00edri\u0165 rusk\u00fa krvav\u00fa propagandu na na\u0161om \u00fazem\u00ed, klama\u0165 o zni\u010den\u00fdch hroboch v Ladomirovej, \u010di priamo zasahova\u0165 do predvolebnej kampane na Slovensku, Fico v\u017edy stiahne chvost a \u010du\u0161\u00ed. Pre\u010do? Odpove\u010f by dalo zodpovedn\u00e9 vy\u0161etrovanie zahrani\u010dn\u00fdch spravodajsk\u00fdch inform\u00e1ci\u00ed o prepojen\u00ed strany Smer na Rusko a jeho spravodajsk\u00e9 slu\u017eby.&#8220;<\/em><\/p>\n","protected":false},"excerpt":{"rendered":"<p>Bezhodnotov\u00e1 politika na &#8222;v\u0161etky svetov\u00e9&#8220; strany Ficovej vl\u00e1dy skon\u010d\u00ed v\u017edy na v\u00fdchode. Jaroslav Na\u010f kritizuje vyst\u00fapenie premi\u00e9ra v propagandistickej ruskej telev\u00edzii a podporuje vyjadrenia britsk\u00e9ho ve\u013evyslanca N. Bakera, ktor\u00fd toto vyst\u00fapenia ozna\u010dil za po\u013eutovaniahodn\u00e9. Pod\u013ea exministra obrany sa premi\u00e9r stal najv\u00e4\u010d\u0161\u00edm ohrozen\u00edm tejto krajiny a v\u00e1\u017ene po\u0161pinil renom\u00e9 Slovenska v zahrani\u010d\u00ed.&nbsp; \u201eTo \u010do urobil Fico [&hellip;]<\/p>\n","protected":false},"author":13,"featured_media":2986,"comment_status":"closed","ping_status":"closed","sticky":false,"template":"","format":"standard","meta":{"_acf_changed":false,"ngg_post_thumbnail":0,"footnotes":""},"categories":[4],"tags":[],"class_list":["post-5448","post","type-post","status-publish","format-standard","has-post-thumbnail","hentry","category-tlacove-spravy"],"acf":[],"yoast_head":"<!-- This site is optimized with the Yoast SEO plugin v27.2 - https:\/\/yoast.com\/product\/yoast-seo-wordpress\/ -->\n<title>Odmietam Ficovu kritiku britsk\u00e9ho ve\u013evyslanca, kritiku by si zasl\u00fa\u017eil rusk\u00fd ve\u013evyslanec, no na toho Fico \u00fato\u010di\u0165 nem\u00f4\u017ee<\/title>\n<meta name=\"robots\" content=\"index, follow, max-snippet:-1, max-image-preview:large, max-video-preview:-1\" \/>\n<link rel=\"canonical\" href=\"https:\/\/www.smedemokrati.sk\/cs\/odmietam-ficovu-kritiku-britskeho-velvyslanca-kritiku-by-si-zasluzil-rusky-velvyslanec-no-na-toho-fico-utocit-nemoze\/\" \/>\n<meta property=\"og:locale\" content=\"cs_CZ\" \/>\n<meta property=\"og:locale:alternate\" content=\"en_US\" \/>\n<meta property=\"og:locale:alternate\" content=\"hu_HU\" \/>\n<meta property=\"og:locale:alternate\" content=\"sk_SK\" \/>\n<meta property=\"og:locale:alternate\" content=\"sv_SE\" \/>\n<meta property=\"og:type\" content=\"article\" \/>\n<meta property=\"og:title\" content=\"Odmietam Ficovu kritiku britsk\u00e9ho ve\u013evyslanca, kritiku by si zasl\u00fa\u017eil rusk\u00fd ve\u013evyslanec, no na toho Fico \u00fato\u010di\u0165 nem\u00f4\u017ee\" \/>\n<meta property=\"og:description\" content=\"Bezhodnotov\u00e1 politika na &#8222;v\u0161etky svetov\u00e9&#8220; strany Ficovej vl\u00e1dy skon\u010d\u00ed v\u017edy na v\u00fdchode. Jaroslav Na\u010f kritizuje vyst\u00fapenie premi\u00e9ra v propagandistickej ruskej telev\u00edzii a podporuje vyjadrenia britsk\u00e9ho ve\u013evyslanca N. Bakera, ktor\u00fd toto vyst\u00fapenia ozna\u010dil za po\u013eutovaniahodn\u00e9. Pod\u013ea exministra obrany sa premi\u00e9r stal najv\u00e4\u010d\u0161\u00edm ohrozen\u00edm tejto krajiny a v\u00e1\u017ene po\u0161pinil renom\u00e9 Slovenska v zahrani\u010d\u00ed.&nbsp; \u201eTo \u010do urobil Fico [&hellip;]\" \/>\n<meta property=\"og:url\" content=\"https:\/\/www.smedemokrati.sk\/cs\/odmietam-ficovu-kritiku-britskeho-velvyslanca-kritiku-by-si-zasluzil-rusky-velvyslanec-no-na-toho-fico-utocit-nemoze\/\" \/>\n<meta property=\"og:site_name\" content=\"Smedemokrati.sk\" \/>\n<meta property=\"article:publisher\" content=\"https:\/\/www.facebook.com\/smedemokrati2023\" \/>\n<meta property=\"article:published_time\" content=\"2024-11-02T21:32:10+00:00\" \/>\n<meta property=\"article:modified_time\" content=\"2024-11-13T12:07:47+00:00\" \/>\n<meta property=\"og:image\" content=\"https:\/\/www.smedemokrati.sk\/wp-content\/uploads\/2024\/03\/JN_6-2-1.jpg\" \/>\n\t<meta property=\"og:image:width\" content=\"2048\" \/>\n\t<meta property=\"og:image:height\" content=\"1365\" \/>\n\t<meta property=\"og:image:type\" content=\"image\/jpeg\" \/>\n<meta name=\"author\" content=\"miro.sopko\" \/>\n<meta name=\"twitter:card\" content=\"summary_large_image\" \/>\n<meta name=\"twitter:label1\" content=\"Napsal(a)\" \/>\n\t<meta name=\"twitter:data1\" content=\"miro.sopko\" \/>\n\t<meta name=\"twitter:label2\" content=\"Odhadovan\u00e1 doba \u010dten\u00ed\" \/>\n\t<meta name=\"twitter:data2\" content=\"2 minuty\" \/>\n<script type=\"application\/ld+json\" class=\"yoast-schema-graph\">{\"@context\":\"https:\/\/schema.org\",\"@graph\":[{\"@type\":\"Article\",\"@id\":\"https:\/\/www.smedemokrati.sk\/odmietam-ficovu-kritiku-britskeho-velvyslanca-kritiku-by-si-zasluzil-rusky-velvyslanec-no-na-toho-fico-utocit-nemoze\/#article\",\"isPartOf\":{\"@id\":\"https:\/\/www.smedemokrati.sk\/odmietam-ficovu-kritiku-britskeho-velvyslanca-kritiku-by-si-zasluzil-rusky-velvyslanec-no-na-toho-fico-utocit-nemoze\/\"},\"author\":{\"name\":\"miro.sopko\",\"@id\":\"https:\/\/www.smedemokrati.sk\/#\/schema\/person\/21f147c88d605aa7ded900e1e7c344ba\"},\"headline\":\"Odmietam Ficovu kritiku britsk\u00e9ho ve\u013evyslanca, kritiku by si zasl\u00fa\u017eil rusk\u00fd ve\u013evyslanec, no na toho Fico \u00fato\u010di\u0165 nem\u00f4\u017ee\",\"datePublished\":\"2024-11-02T21:32:10+00:00\",\"dateModified\":\"2024-11-13T12:07:47+00:00\",\"mainEntityOfPage\":{\"@id\":\"https:\/\/www.smedemokrati.sk\/odmietam-ficovu-kritiku-britskeho-velvyslanca-kritiku-by-si-zasluzil-rusky-velvyslanec-no-na-toho-fico-utocit-nemoze\/\"},\"wordCount\":374,\"publisher\":{\"@id\":\"https:\/\/www.smedemokrati.sk\/#organization\"},\"image\":{\"@id\":\"https:\/\/www.smedemokrati.sk\/odmietam-ficovu-kritiku-britskeho-velvyslanca-kritiku-by-si-zasluzil-rusky-velvyslanec-no-na-toho-fico-utocit-nemoze\/#primaryimage\"},\"thumbnailUrl\":\"https:\/\/www.smedemokrati.sk\/wp-content\/uploads\/2024\/03\/JN_6-2-1.jpg\",\"articleSection\":[\"Tla\u010dov\u00e9 spr\u00e1vy\"],\"inLanguage\":\"cs-CZ\"},{\"@type\":\"WebPage\",\"@id\":\"https:\/\/www.smedemokrati.sk\/odmietam-ficovu-kritiku-britskeho-velvyslanca-kritiku-by-si-zasluzil-rusky-velvyslanec-no-na-toho-fico-utocit-nemoze\/\",\"url\":\"https:\/\/www.smedemokrati.sk\/odmietam-ficovu-kritiku-britskeho-velvyslanca-kritiku-by-si-zasluzil-rusky-velvyslanec-no-na-toho-fico-utocit-nemoze\/\",\"name\":\"Odmietam Ficovu kritiku britsk\u00e9ho ve\u013evyslanca, kritiku by si zasl\u00fa\u017eil rusk\u00fd ve\u013evyslanec, no na toho Fico \u00fato\u010di\u0165 nem\u00f4\u017ee\",\"isPartOf\":{\"@id\":\"https:\/\/www.smedemokrati.sk\/#website\"},\"primaryImageOfPage\":{\"@id\":\"https:\/\/www.smedemokrati.sk\/odmietam-ficovu-kritiku-britskeho-velvyslanca-kritiku-by-si-zasluzil-rusky-velvyslanec-no-na-toho-fico-utocit-nemoze\/#primaryimage\"},\"image\":{\"@id\":\"https:\/\/www.smedemokrati.sk\/odmietam-ficovu-kritiku-britskeho-velvyslanca-kritiku-by-si-zasluzil-rusky-velvyslanec-no-na-toho-fico-utocit-nemoze\/#primaryimage\"},\"thumbnailUrl\":\"https:\/\/www.smedemokrati.sk\/wp-content\/uploads\/2024\/03\/JN_6-2-1.jpg\",\"datePublished\":\"2024-11-02T21:32:10+00:00\",\"dateModified\":\"2024-11-13T12:07:47+00:00\",\"breadcrumb\":{\"@id\":\"https:\/\/www.smedemokrati.sk\/odmietam-ficovu-kritiku-britskeho-velvyslanca-kritiku-by-si-zasluzil-rusky-velvyslanec-no-na-toho-fico-utocit-nemoze\/#breadcrumb\"},\"inLanguage\":\"cs-CZ\",\"potentialAction\":[{\"@type\":\"ReadAction\",\"target\":[\"https:\/\/www.smedemokrati.sk\/odmietam-ficovu-kritiku-britskeho-velvyslanca-kritiku-by-si-zasluzil-rusky-velvyslanec-no-na-toho-fico-utocit-nemoze\/\"]}]},{\"@type\":\"ImageObject\",\"inLanguage\":\"cs-CZ\",\"@id\":\"https:\/\/www.smedemokrati.sk\/odmietam-ficovu-kritiku-britskeho-velvyslanca-kritiku-by-si-zasluzil-rusky-velvyslanec-no-na-toho-fico-utocit-nemoze\/#primaryimage\",\"url\":\"https:\/\/www.smedemokrati.sk\/wp-content\/uploads\/2024\/03\/JN_6-2-1.jpg\",\"contentUrl\":\"https:\/\/www.smedemokrati.sk\/wp-content\/uploads\/2024\/03\/JN_6-2-1.jpg\",\"width\":2048,\"height\":1365},{\"@type\":\"BreadcrumbList\",\"@id\":\"https:\/\/www.smedemokrati.sk\/odmietam-ficovu-kritiku-britskeho-velvyslanca-kritiku-by-si-zasluzil-rusky-velvyslanec-no-na-toho-fico-utocit-nemoze\/#breadcrumb\",\"itemListElement\":[{\"@type\":\"ListItem\",\"position\":1,\"name\":\"Domovsk\u00e1 str\u00e1nka\",\"item\":\"https:\/\/www.smedemokrati.sk\/\"},{\"@type\":\"ListItem\",\"position\":2,\"name\":\"Odmietam Ficovu kritiku britsk\u00e9ho ve\u013evyslanca, kritiku by si zasl\u00fa\u017eil rusk\u00fd ve\u013evyslanec, no na toho Fico \u00fato\u010di\u0165 nem\u00f4\u017ee\"}]},{\"@type\":\"WebSite\",\"@id\":\"https:\/\/www.smedemokrati.sk\/#website\",\"url\":\"https:\/\/www.smedemokrati.sk\/\",\"name\":\"Smedemokrati.sk\",\"description\":\"Demokracia a slu\u0161nos\u0165 zv\u00ed\u0165az\u00ed\",\"publisher\":{\"@id\":\"https:\/\/www.smedemokrati.sk\/#organization\"},\"potentialAction\":[{\"@type\":\"SearchAction\",\"target\":{\"@type\":\"EntryPoint\",\"urlTemplate\":\"https:\/\/www.smedemokrati.sk\/?s={search_term_string}\"},\"query-input\":{\"@type\":\"PropertyValueSpecification\",\"valueRequired\":true,\"valueName\":\"search_term_string\"}}],\"inLanguage\":\"cs-CZ\"},{\"@type\":\"Organization\",\"@id\":\"https:\/\/www.smedemokrati.sk\/#organization\",\"name\":\"Smedemokrati.sk\",\"url\":\"https:\/\/www.smedemokrati.sk\/\",\"logo\":{\"@type\":\"ImageObject\",\"inLanguage\":\"cs-CZ\",\"@id\":\"https:\/\/www.smedemokrati.sk\/#\/schema\/logo\/image\/\",\"url\":\"https:\/\/www.smedemokrati.sk\/wp-content\/uploads\/2023\/04\/ff.002.jpeg\",\"contentUrl\":\"https:\/\/www.smedemokrati.sk\/wp-content\/uploads\/2023\/04\/ff.002.jpeg\",\"width\":640,\"height\":480,\"caption\":\"Smedemokrati.sk\"},\"image\":{\"@id\":\"https:\/\/www.smedemokrati.sk\/#\/schema\/logo\/image\/\"},\"sameAs\":[\"https:\/\/www.facebook.com\/smedemokrati2023\"]},{\"@type\":\"Person\",\"@id\":\"https:\/\/www.smedemokrati.sk\/#\/schema\/person\/21f147c88d605aa7ded900e1e7c344ba\",\"name\":\"miro.sopko\",\"image\":{\"@type\":\"ImageObject\",\"inLanguage\":\"cs-CZ\",\"@id\":\"https:\/\/secure.gravatar.com\/avatar\/267e4a36f704376c109afe3a78740c1f5dd8675a2180a908699e7863c9247606?s=96&d=mm&r=g\",\"url\":\"https:\/\/secure.gravatar.com\/avatar\/267e4a36f704376c109afe3a78740c1f5dd8675a2180a908699e7863c9247606?s=96&d=mm&r=g\",\"contentUrl\":\"https:\/\/secure.gravatar.com\/avatar\/267e4a36f704376c109afe3a78740c1f5dd8675a2180a908699e7863c9247606?s=96&d=mm&r=g\",\"caption\":\"miro.sopko\"},\"url\":\"https:\/\/www.smedemokrati.sk\/cs\/author\/miro-sopko\/\"}]}<\/script>\n<!-- \/ Yoast SEO plugin. -->","yoast_head_json":{"title":"Odmietam Ficovu kritiku britsk\u00e9ho ve\u013evyslanca, kritiku by si zasl\u00fa\u017eil rusk\u00fd ve\u013evyslanec, no na toho Fico \u00fato\u010di\u0165 nem\u00f4\u017ee","robots":{"index":"index","follow":"follow","max-snippet":"max-snippet:-1","max-image-preview":"max-image-preview:large","max-video-preview":"max-video-preview:-1"},"canonical":"https:\/\/www.smedemokrati.sk\/cs\/odmietam-ficovu-kritiku-britskeho-velvyslanca-kritiku-by-si-zasluzil-rusky-velvyslanec-no-na-toho-fico-utocit-nemoze\/","og_locale":"cs_CZ","og_type":"article","og_title":"[:sk]Odmietam Ficovu kritiku britsk\u00e9ho ve\u013evyslanca, kritiku by si zasl\u00fa\u017eil rusk\u00fd ve\u013evyslanec, no na toho Fico \u00fato\u010di\u0165 nem\u00f4\u017ee[:] - Smedemokrati.sk","og_description":"Bezhodnotov\u00e1 politika na &#8222;v\u0161etky svetov\u00e9&#8220; strany Ficovej vl\u00e1dy skon\u010d\u00ed v\u017edy na v\u00fdchode. Jaroslav Na\u010f kritizuje vyst\u00fapenie premi\u00e9ra v propagandistickej ruskej telev\u00edzii a podporuje vyjadrenia britsk\u00e9ho ve\u013evyslanca N. Bakera, ktor\u00fd toto vyst\u00fapenia ozna\u010dil za po\u013eutovaniahodn\u00e9. Pod\u013ea exministra obrany sa premi\u00e9r stal najv\u00e4\u010d\u0161\u00edm ohrozen\u00edm tejto krajiny a v\u00e1\u017ene po\u0161pinil renom\u00e9 Slovenska v zahrani\u010d\u00ed.&nbsp; \u201eTo \u010do urobil Fico [&hellip;]","og_url":"https:\/\/www.smedemokrati.sk\/cs\/odmietam-ficovu-kritiku-britskeho-velvyslanca-kritiku-by-si-zasluzil-rusky-velvyslanec-no-na-toho-fico-utocit-nemoze\/","og_site_name":"Smedemokrati.sk","article_publisher":"https:\/\/www.facebook.com\/smedemokrati2023","article_published_time":"2024-11-02T21:32:10+00:00","article_modified_time":"2024-11-13T12:07:47+00:00","og_image":[{"width":2048,"height":1365,"url":"https:\/\/www.smedemokrati.sk\/wp-content\/uploads\/2024\/03\/JN_6-2-1.jpg","type":"image\/jpeg"}],"author":"miro.sopko","twitter_card":"summary_large_image","twitter_misc":{"Napsal(a)":"miro.sopko","Odhadovan\u00e1 doba \u010dten\u00ed":"2 minuty"},"schema":{"@context":"https:\/\/schema.org","@graph":[{"@type":"Article","@id":"https:\/\/www.smedemokrati.sk\/odmietam-ficovu-kritiku-britskeho-velvyslanca-kritiku-by-si-zasluzil-rusky-velvyslanec-no-na-toho-fico-utocit-nemoze\/#article","isPartOf":{"@id":"https:\/\/www.smedemokrati.sk\/odmietam-ficovu-kritiku-britskeho-velvyslanca-kritiku-by-si-zasluzil-rusky-velvyslanec-no-na-toho-fico-utocit-nemoze\/"},"author":{"name":"miro.sopko","@id":"https:\/\/www.smedemokrati.sk\/#\/schema\/person\/21f147c88d605aa7ded900e1e7c344ba"},"headline":"Odmietam Ficovu kritiku britsk\u00e9ho ve\u013evyslanca, kritiku by si zasl\u00fa\u017eil rusk\u00fd ve\u013evyslanec, no na toho Fico \u00fato\u010di\u0165 nem\u00f4\u017ee","datePublished":"2024-11-02T21:32:10+00:00","dateModified":"2024-11-13T12:07:47+00:00","mainEntityOfPage":{"@id":"https:\/\/www.smedemokrati.sk\/odmietam-ficovu-kritiku-britskeho-velvyslanca-kritiku-by-si-zasluzil-rusky-velvyslanec-no-na-toho-fico-utocit-nemoze\/"},"wordCount":374,"publisher":{"@id":"https:\/\/www.smedemokrati.sk\/#organization"},"image":{"@id":"https:\/\/www.smedemokrati.sk\/odmietam-ficovu-kritiku-britskeho-velvyslanca-kritiku-by-si-zasluzil-rusky-velvyslanec-no-na-toho-fico-utocit-nemoze\/#primaryimage"},"thumbnailUrl":"https:\/\/www.smedemokrati.sk\/wp-content\/uploads\/2024\/03\/JN_6-2-1.jpg","articleSection":["Tla\u010dov\u00e9 spr\u00e1vy"],"inLanguage":"cs-CZ"},{"@type":"WebPage","@id":"https:\/\/www.smedemokrati.sk\/odmietam-ficovu-kritiku-britskeho-velvyslanca-kritiku-by-si-zasluzil-rusky-velvyslanec-no-na-toho-fico-utocit-nemoze\/","url":"https:\/\/www.smedemokrati.sk\/odmietam-ficovu-kritiku-britskeho-velvyslanca-kritiku-by-si-zasluzil-rusky-velvyslanec-no-na-toho-fico-utocit-nemoze\/","name":"Odmietam Ficovu kritiku britsk\u00e9ho ve\u013evyslanca, kritiku by si zasl\u00fa\u017eil rusk\u00fd ve\u013evyslanec, no na toho Fico \u00fato\u010di\u0165 nem\u00f4\u017ee","isPartOf":{"@id":"https:\/\/www.smedemokrati.sk\/#website"},"primaryImageOfPage":{"@id":"https:\/\/www.smedemokrati.sk\/odmietam-ficovu-kritiku-britskeho-velvyslanca-kritiku-by-si-zasluzil-rusky-velvyslanec-no-na-toho-fico-utocit-nemoze\/#primaryimage"},"image":{"@id":"https:\/\/www.smedemokrati.sk\/odmietam-ficovu-kritiku-britskeho-velvyslanca-kritiku-by-si-zasluzil-rusky-velvyslanec-no-na-toho-fico-utocit-nemoze\/#primaryimage"},"thumbnailUrl":"https:\/\/www.smedemokrati.sk\/wp-content\/uploads\/2024\/03\/JN_6-2-1.jpg","datePublished":"2024-11-02T21:32:10+00:00","dateModified":"2024-11-13T12:07:47+00:00","breadcrumb":{"@id":"https:\/\/www.smedemokrati.sk\/odmietam-ficovu-kritiku-britskeho-velvyslanca-kritiku-by-si-zasluzil-rusky-velvyslanec-no-na-toho-fico-utocit-nemoze\/#breadcrumb"},"inLanguage":"cs-CZ","potentialAction":[{"@type":"ReadAction","target":["https:\/\/www.smedemokrati.sk\/odmietam-ficovu-kritiku-britskeho-velvyslanca-kritiku-by-si-zasluzil-rusky-velvyslanec-no-na-toho-fico-utocit-nemoze\/"]}]},{"@type":"ImageObject","inLanguage":"cs-CZ","@id":"https:\/\/www.smedemokrati.sk\/odmietam-ficovu-kritiku-britskeho-velvyslanca-kritiku-by-si-zasluzil-rusky-velvyslanec-no-na-toho-fico-utocit-nemoze\/#primaryimage","url":"https:\/\/www.smedemokrati.sk\/wp-content\/uploads\/2024\/03\/JN_6-2-1.jpg","contentUrl":"https:\/\/www.smedemokrati.sk\/wp-content\/uploads\/2024\/03\/JN_6-2-1.jpg","width":2048,"height":1365},{"@type":"BreadcrumbList","@id":"https:\/\/www.smedemokrati.sk\/odmietam-ficovu-kritiku-britskeho-velvyslanca-kritiku-by-si-zasluzil-rusky-velvyslanec-no-na-toho-fico-utocit-nemoze\/#breadcrumb","itemListElement":[{"@type":"ListItem","position":1,"name":"Domovsk\u00e1 str\u00e1nka","item":"https:\/\/www.smedemokrati.sk\/"},{"@type":"ListItem","position":2,"name":"Odmietam Ficovu kritiku britsk\u00e9ho ve\u013evyslanca, kritiku by si zasl\u00fa\u017eil rusk\u00fd ve\u013evyslanec, no na toho Fico \u00fato\u010di\u0165 nem\u00f4\u017ee"}]},{"@type":"WebSite","@id":"https:\/\/www.smedemokrati.sk\/#website","url":"https:\/\/www.smedemokrati.sk\/","name":"Smedemokrati.sk","description":"Demokracia a slu\u0161nos\u0165 zv\u00ed\u0165az\u00ed","publisher":{"@id":"https:\/\/www.smedemokrati.sk\/#organization"},"potentialAction":[{"@type":"SearchAction","target":{"@type":"EntryPoint","urlTemplate":"https:\/\/www.smedemokrati.sk\/?s={search_term_string}"},"query-input":{"@type":"PropertyValueSpecification","valueRequired":true,"valueName":"search_term_string"}}],"inLanguage":"cs-CZ"},{"@type":"Organization","@id":"https:\/\/www.smedemokrati.sk\/#organization","name":"Smedemokrati.sk","url":"https:\/\/www.smedemokrati.sk\/","logo":{"@type":"ImageObject","inLanguage":"cs-CZ","@id":"https:\/\/www.smedemokrati.sk\/#\/schema\/logo\/image\/","url":"https:\/\/www.smedemokrati.sk\/wp-content\/uploads\/2023\/04\/ff.002.jpeg","contentUrl":"https:\/\/www.smedemokrati.sk\/wp-content\/uploads\/2023\/04\/ff.002.jpeg","width":640,"height":480,"caption":"Smedemokrati.sk"},"image":{"@id":"https:\/\/www.smedemokrati.sk\/#\/schema\/logo\/image\/"},"sameAs":["https:\/\/www.facebook.com\/smedemokrati2023"]},{"@type":"Person","@id":"https:\/\/www.smedemokrati.sk\/#\/schema\/person\/21f147c88d605aa7ded900e1e7c344ba","name":"miro.sopko","image":{"@type":"ImageObject","inLanguage":"cs-CZ","@id":"https:\/\/secure.gravatar.com\/avatar\/267e4a36f704376c109afe3a78740c1f5dd8675a2180a908699e7863c9247606?s=96&d=mm&r=g","url":"https:\/\/secure.gravatar.com\/avatar\/267e4a36f704376c109afe3a78740c1f5dd8675a2180a908699e7863c9247606?s=96&d=mm&r=g","contentUrl":"https:\/\/secure.gravatar.com\/avatar\/267e4a36f704376c109afe3a78740c1f5dd8675a2180a908699e7863c9247606?s=96&d=mm&r=g","caption":"miro.sopko"},"url":"https:\/\/www.smedemokrati.sk\/cs\/author\/miro-sopko\/"}]}},"_links":{"self":[{"href":"https:\/\/www.smedemokrati.sk\/cs\/wp-json\/wp\/v2\/posts\/5448","targetHints":{"allow":["GET"]}}],"collection":[{"href":"https:\/\/www.smedemokrati.sk\/cs\/wp-json\/wp\/v2\/posts"}],"about":[{"href":"https:\/\/www.smedemokrati.sk\/cs\/wp-json\/wp\/v2\/types\/post"}],"author":[{"embeddable":true,"href":"https:\/\/www.smedemokrati.sk\/cs\/wp-json\/wp\/v2\/users\/13"}],"replies":[{"embeddable":true,"href":"https:\/\/www.smedemokrati.sk\/cs\/wp-json\/wp\/v2\/comments?post=5448"}],"version-history":[{"count":1,"href":"https:\/\/www.smedemokrati.sk\/cs\/wp-json\/wp\/v2\/posts\/5448\/revisions"}],"predecessor-version":[{"id":5449,"href":"https:\/\/www.smedemokrati.sk\/cs\/wp-json\/wp\/v2\/posts\/5448\/revisions\/5449"}],"wp:featuredmedia":[{"embeddable":true,"href":"https:\/\/www.smedemokrati.sk\/cs\/wp-json\/wp\/v2\/media\/2986"}],"wp:attachment":[{"href":"https:\/\/www.smedemokrati.sk\/cs\/wp-json\/wp\/v2\/media?parent=5448"}],"wp:term":[{"taxonomy":"category","embeddable":true,"href":"https:\/\/www.smedemokrati.sk\/cs\/wp-json\/wp\/v2\/categories?post=5448"},{"taxonomy":"post_tag","embeddable":true,"href":"https:\/\/www.smedemokrati.sk\/cs\/wp-json\/wp\/v2\/tags?post=5448"}],"curies":[{"name":"wp","href":"https:\/\/api.w.org\/{rel}","templated":true}]}}