{"id":5442,"date":"2024-10-31T13:50:47","date_gmt":"2024-10-31T12:50:47","guid":{"rendered":"https:\/\/www.smedemokrati.sk\/?p=5442"},"modified":"2024-11-13T13:07:43","modified_gmt":"2024-11-13T12:07:43","slug":"slovenske-hydinarstvo-je-v-krize-minister-takac-sedi-necinne-na-miliarde-urcenej-na-jej-riesenie","status":"publish","type":"post","link":"https:\/\/www.smedemokrati.sk\/cs\/slovenske-hydinarstvo-je-v-krize-minister-takac-sedi-necinne-na-miliarde-urcenej-na-jej-riesenie\/","title":{"rendered":"Slovensk\u00e9 hydin\u00e1rstvo je v kr\u00edze, minister Tak\u00e1\u010d sed\u00ed ne\u010dinne na miliarde ur\u010denej na jej rie\u0161enie"},"content":{"rendered":"<div id=\"fb-root\"><\/div>\n\n<p><strong>Prechod od klietkov\u00fdch chovov k vo\u013en\u00e9mu v\u00fdbehu a epid\u00e9mia vt\u00e1\u010dej chr\u00edpky s\u00fa v\u00fdzvami slovensk\u00e9ho hydin\u00e1rstva, ktor\u00e9 vl\u00e1da nijako nerie\u0161i. D\u00f4sledkom m\u00f4\u017ee by\u0165 praktick\u00fd z\u00e1nik produkcie slovensk\u00fdch vajec alebo ich raketov\u00e1 cena. Slovensko nevy\u010derpalo st\u00e1le 1 mld. eur, z ktorej m\u00f4\u017eeme financova\u0165 invest\u00edcie na ich rie\u0161enie. Hydin\u00e1ri s\u00fa pripraven\u00ed, no vl\u00e1da je \u00faplne pas\u00edvna. Demokrati predkladaj\u00fa ministrovi Tak\u00e1\u010dovi s\u00fabor opatren\u00ed na z\u00e1chranu sektora a vyz\u00fdvaj\u00fa ho, aby konal.<\/strong><\/p>\n\n\n\n<p>Ve\u013ek\u00e9 zahrani\u010dn\u00e9 obchodn\u00e9 re\u0165azce p\u00f4sobiace na slovenskom trhu u\u017e od roku 2025 nebud\u00fa pred\u00e1va\u0165 vo svojich prev\u00e1dzkach \u017eiadne vajcia z klietkov\u00fdch chovov. \u201e<em>Pritom dnes je v tak\u00fdchto chovoch st\u00e1le pribli\u017ene 60 % nosn\u00edc. V\u00a0priebehu roka bude nutn\u00e9 zrekon\u0161truova\u0165 \u010fal\u0161\u00edch minim\u00e1lne 25 % klietkov\u00fdch chovov. V\u0161etky okolit\u00e9 \u0161t\u00e1ty u\u017e maj\u00fa transform\u00e1ciu chovov na vo\u013en\u00e9 v\u00fdbehy za sebou, alebo sa na \u0148u intenz\u00edvne pripravuj\u00fa. Na Slovensku m\u00e1 o tak\u00e9 vaj\u00ed\u010dka z\u00e1ujem 60 % spotrebite\u013eov. Chovy vo vo\u013en\u00fdch v\u00fdbehoch s\u00fa odolnej\u0161ie aj vo\u010di vt\u00e1\u010dej chr\u00edpke, ktor\u00e1 aktu\u00e1lne dramaticky obmedzuje slovensk\u00fa produkciu vajec,<\/em>\u201d vysvet\u013euje Michal Ki\u010da, \u010dlen predsedn\u00edctva Demokratov a environment\u00e1lny expert.\u00a0<\/p>\n\n\n\n<p>Hydin\u00e1ri maj\u00fa pripraven\u00e9 projekty na transform\u00e1ciu sektora, pri\u010dom n\u00e1klady dosiahnu pribli\u017ene 64 mil. eur, ktor\u00e9 m\u00f4\u017eu by\u0165 financovan\u00e9 z eur\u00f3pskych dot\u00e1ci\u00ed. Zo 6 najv\u00e4\u010d\u0161\u00edch producentov vajec na Slovensku boli schv\u00e1lene projekty z eur\u00f3pskych prostriedkov iba dvom, kv\u00f4li ve\u013emi re\u0161trikt\u00edvnym kriteri\u00e1m v\u00fdzvy. Pri v\u00fdzve pre mal\u00fdch farm\u00e1rov P\u00f4dohospod\u00e1rska platobn\u00e1 agent\u00fara zase zamietla mno\u017estvo \u017eiadost\u00ed pre nedostatok prostriedkov. Pritom Slovensko m\u00e1 k dispoz\u00edcii do roku 2025 e\u0161te st\u00e1le pribli\u017ene 1 mld. eur, ktor\u00e9 nie s\u00fa vy\u010derpan\u00e9 a m\u00f4\u017eu by\u0165 pou\u017eit\u00e9 na financovanie t\u00fdchto invest\u00edci\u00ed. &nbsp;<\/p>\n\n\n\n<p>\u201e<em>Vyz\u00fdvame ministra p\u00f4dohospod\u00e1rstva Tak\u00e1\u010da, aby okam\u017eite konal a nav\u00fd\u0161il prostriedky v t\u00fdchto v\u00fdzvach. Projekty by sa mohli okam\u017eite realizova\u0165. \u013dudia chc\u00fa zdrav\u00e9 slovensk\u00e9 vajcia, hydin\u00e1ri s\u00fa pripraven\u00ed, Slovensko disponuje eur\u00f3pskymi prostriedkami, len bezradn\u00fd minister Tak\u00e1\u010d nerob\u00ed u\u017e rok v\u00f4bec ni\u010d, len sa fot\u00ed. Pritom sta\u010d\u00ed podp\u00edsa\u0165 jedin\u00e9 rozhodnutie. \u010eal\u0161\u00edm opatren\u00edm je vyp\u00edsanie osobitnej v\u00fdzvy na invest\u00edcie do hydin\u00e1rskeho sektoru<\/em>,\u201d kritizuje Michal Ki\u010da.\u00a0<\/p>\n\n\n\n<p>\u201e<em>Premi\u00e9ra Fica vyz\u00fdvame, aby skuto\u010dn\u00fdmi krokmi naplnil svoj pr\u00eds\u013eub preradi\u0165 vajcia do kateg\u00f3rie z\u00e1kladn\u00fdch potrav\u00edn s 5 % sadzbou DPH. V tejto veci zatia\u013e nekon\u00e1, \u017eivot be\u017en\u00fdch \u013eud\u00ed ho nezauj\u00edma a rie\u0161i len vl\u00e1dne h\u00e1dky o fleky. V\u0161etky n\u00e1vrhy konzultovan\u00e9 s odborn\u00edkmi im doru\u010dujeme aj v podrobnom liste,<\/em>\u201d dop\u013a\u0148a Michal Ki\u010da. \u00a0<\/p>\n\n\n\n<p>\u201e<em>Ak Fico s Tak\u00e1\u010dom ostatn\u00fa tak\u00ed nekompetentn\u00ed a \u013eahostajn\u00ed ako doteraz, budeme svedkami n\u00e1rastu cien a nedostatku vaj\u00ed\u010dok na na\u0161ich pultoch pr\u00e1ve v obdob\u00ed pred Vianocami. Slovensk\u00e9mu hydin\u00e1rstvu u\u0161tedria tvrd\u00fa ranu, ktorej d\u00f4sledkom bude prakticky jeho z\u00e1nik a n\u00e1\u0161 trh zaplav\u00ed zahrani\u010dn\u00e1 produkcia. Toto je potravinov\u00e1 sebesta\u010dnos\u0165 v ich podan\u00ed,<\/em>\u201d uzatvoril t\u00e9mu Juraj \u0160eliga, podpredseda strany.\u00a0<\/p>\n\n\n<div class=\"fb-video\" data-href=\"https:\/\/fb.watch\/vybURuiUFw\" data-allowfullscreen=\"true\" data-autoplay=\"false\" data-width=\"\" data-show-text=\"false\" data-show-captions=\"true\"><\/div>\n","protected":false},"excerpt":{"rendered":"<p>Prechod od klietkov\u00fdch chovov k vo\u013en\u00e9mu v\u00fdbehu a epid\u00e9mia vt\u00e1\u010dej chr\u00edpky s\u00fa v\u00fdzvami slovensk\u00e9ho hydin\u00e1rstva, ktor\u00e9 vl\u00e1da nijako nerie\u0161i. D\u00f4sledkom m\u00f4\u017ee by\u0165 praktick\u00fd z\u00e1nik produkcie slovensk\u00fdch vajec alebo ich raketov\u00e1 cena. Slovensko nevy\u010derpalo st\u00e1le 1 mld. eur, z ktorej m\u00f4\u017eeme financova\u0165 invest\u00edcie na ich rie\u0161enie. Hydin\u00e1ri s\u00fa pripraven\u00ed, no vl\u00e1da je \u00faplne pas\u00edvna. Demokrati predkladaj\u00fa [&hellip;]<\/p>\n","protected":false},"author":13,"featured_media":5444,"comment_status":"closed","ping_status":"closed","sticky":false,"template":"","format":"standard","meta":{"_acf_changed":false,"ngg_post_thumbnail":0,"footnotes":""},"categories":[4],"tags":[],"class_list":["post-5442","post","type-post","status-publish","format-standard","has-post-thumbnail","hentry","category-tlacove-spravy"],"acf":[],"yoast_head":"<!-- This site is optimized with the Yoast SEO plugin v27.2 - https:\/\/yoast.com\/product\/yoast-seo-wordpress\/ -->\n<title>Slovensk\u00e9 hydin\u00e1rstvo je v kr\u00edze, minister Tak\u00e1\u010d sed\u00ed ne\u010dinne na miliarde ur\u010denej na jej rie\u0161enie<\/title>\n<meta name=\"robots\" content=\"index, follow, max-snippet:-1, max-image-preview:large, max-video-preview:-1\" \/>\n<link rel=\"canonical\" href=\"https:\/\/www.smedemokrati.sk\/cs\/slovenske-hydinarstvo-je-v-krize-minister-takac-sedi-necinne-na-miliarde-urcenej-na-jej-riesenie\/\" \/>\n<meta property=\"og:locale\" content=\"cs_CZ\" \/>\n<meta property=\"og:locale:alternate\" content=\"en_US\" \/>\n<meta property=\"og:locale:alternate\" content=\"hu_HU\" \/>\n<meta property=\"og:locale:alternate\" content=\"sk_SK\" \/>\n<meta property=\"og:locale:alternate\" content=\"sv_SE\" \/>\n<meta property=\"og:type\" content=\"article\" \/>\n<meta property=\"og:title\" content=\"Slovensk\u00e9 hydin\u00e1rstvo je v kr\u00edze, minister Tak\u00e1\u010d sed\u00ed ne\u010dinne na miliarde ur\u010denej na jej rie\u0161enie\" \/>\n<meta property=\"og:description\" content=\"Prechod od klietkov\u00fdch chovov k vo\u013en\u00e9mu v\u00fdbehu a epid\u00e9mia vt\u00e1\u010dej chr\u00edpky s\u00fa v\u00fdzvami slovensk\u00e9ho hydin\u00e1rstva, ktor\u00e9 vl\u00e1da nijako nerie\u0161i. D\u00f4sledkom m\u00f4\u017ee by\u0165 praktick\u00fd z\u00e1nik produkcie slovensk\u00fdch vajec alebo ich raketov\u00e1 cena. Slovensko nevy\u010derpalo st\u00e1le 1 mld. eur, z ktorej m\u00f4\u017eeme financova\u0165 invest\u00edcie na ich rie\u0161enie. Hydin\u00e1ri s\u00fa pripraven\u00ed, no vl\u00e1da je \u00faplne pas\u00edvna. Demokrati predkladaj\u00fa [&hellip;]\" \/>\n<meta property=\"og:url\" content=\"https:\/\/www.smedemokrati.sk\/cs\/slovenske-hydinarstvo-je-v-krize-minister-takac-sedi-necinne-na-miliarde-urcenej-na-jej-riesenie\/\" \/>\n<meta property=\"og:site_name\" content=\"Smedemokrati.sk\" \/>\n<meta property=\"article:publisher\" content=\"https:\/\/www.facebook.com\/smedemokrati2023\" \/>\n<meta property=\"article:published_time\" content=\"2024-10-31T12:50:47+00:00\" \/>\n<meta property=\"article:modified_time\" content=\"2024-11-13T12:07:43+00:00\" \/>\n<meta property=\"og:image\" content=\"https:\/\/www.smedemokrati.sk\/wp-content\/uploads\/2024\/10\/luxusne-ranajky-02.jpg\" \/>\n\t<meta property=\"og:image:width\" content=\"900\" \/>\n\t<meta property=\"og:image:height\" content=\"772\" \/>\n\t<meta property=\"og:image:type\" content=\"image\/jpeg\" \/>\n<meta name=\"author\" content=\"miro.sopko\" \/>\n<meta name=\"twitter:card\" content=\"summary_large_image\" \/>\n<meta name=\"twitter:label1\" content=\"Napsal(a)\" \/>\n\t<meta name=\"twitter:data1\" content=\"miro.sopko\" \/>\n\t<meta name=\"twitter:label2\" content=\"Odhadovan\u00e1 doba \u010dten\u00ed\" \/>\n\t<meta name=\"twitter:data2\" content=\"3 minuty\" \/>\n<script type=\"application\/ld+json\" class=\"yoast-schema-graph\">{\"@context\":\"https:\/\/schema.org\",\"@graph\":[{\"@type\":\"Article\",\"@id\":\"https:\/\/www.smedemokrati.sk\/slovenske-hydinarstvo-je-v-krize-minister-takac-sedi-necinne-na-miliarde-urcenej-na-jej-riesenie\/#article\",\"isPartOf\":{\"@id\":\"https:\/\/www.smedemokrati.sk\/slovenske-hydinarstvo-je-v-krize-minister-takac-sedi-necinne-na-miliarde-urcenej-na-jej-riesenie\/\"},\"author\":{\"name\":\"miro.sopko\",\"@id\":\"https:\/\/www.smedemokrati.sk\/#\/schema\/person\/21f147c88d605aa7ded900e1e7c344ba\"},\"headline\":\"Slovensk\u00e9 hydin\u00e1rstvo je v kr\u00edze, minister Tak\u00e1\u010d sed\u00ed ne\u010dinne na miliarde ur\u010denej na jej rie\u0161enie\",\"datePublished\":\"2024-10-31T12:50:47+00:00\",\"dateModified\":\"2024-11-13T12:07:43+00:00\",\"mainEntityOfPage\":{\"@id\":\"https:\/\/www.smedemokrati.sk\/slovenske-hydinarstvo-je-v-krize-minister-takac-sedi-necinne-na-miliarde-urcenej-na-jej-riesenie\/\"},\"wordCount\":586,\"publisher\":{\"@id\":\"https:\/\/www.smedemokrati.sk\/#organization\"},\"image\":{\"@id\":\"https:\/\/www.smedemokrati.sk\/slovenske-hydinarstvo-je-v-krize-minister-takac-sedi-necinne-na-miliarde-urcenej-na-jej-riesenie\/#primaryimage\"},\"thumbnailUrl\":\"https:\/\/www.smedemokrati.sk\/wp-content\/uploads\/2024\/10\/luxusne-ranajky-02.jpg\",\"articleSection\":[\"Tla\u010dov\u00e9 spr\u00e1vy\"],\"inLanguage\":\"cs-CZ\"},{\"@type\":\"WebPage\",\"@id\":\"https:\/\/www.smedemokrati.sk\/slovenske-hydinarstvo-je-v-krize-minister-takac-sedi-necinne-na-miliarde-urcenej-na-jej-riesenie\/\",\"url\":\"https:\/\/www.smedemokrati.sk\/slovenske-hydinarstvo-je-v-krize-minister-takac-sedi-necinne-na-miliarde-urcenej-na-jej-riesenie\/\",\"name\":\"Slovensk\u00e9 hydin\u00e1rstvo je v kr\u00edze, minister Tak\u00e1\u010d sed\u00ed ne\u010dinne na miliarde ur\u010denej na jej rie\u0161enie\",\"isPartOf\":{\"@id\":\"https:\/\/www.smedemokrati.sk\/#website\"},\"primaryImageOfPage\":{\"@id\":\"https:\/\/www.smedemokrati.sk\/slovenske-hydinarstvo-je-v-krize-minister-takac-sedi-necinne-na-miliarde-urcenej-na-jej-riesenie\/#primaryimage\"},\"image\":{\"@id\":\"https:\/\/www.smedemokrati.sk\/slovenske-hydinarstvo-je-v-krize-minister-takac-sedi-necinne-na-miliarde-urcenej-na-jej-riesenie\/#primaryimage\"},\"thumbnailUrl\":\"https:\/\/www.smedemokrati.sk\/wp-content\/uploads\/2024\/10\/luxusne-ranajky-02.jpg\",\"datePublished\":\"2024-10-31T12:50:47+00:00\",\"dateModified\":\"2024-11-13T12:07:43+00:00\",\"breadcrumb\":{\"@id\":\"https:\/\/www.smedemokrati.sk\/slovenske-hydinarstvo-je-v-krize-minister-takac-sedi-necinne-na-miliarde-urcenej-na-jej-riesenie\/#breadcrumb\"},\"inLanguage\":\"cs-CZ\",\"potentialAction\":[{\"@type\":\"ReadAction\",\"target\":[\"https:\/\/www.smedemokrati.sk\/slovenske-hydinarstvo-je-v-krize-minister-takac-sedi-necinne-na-miliarde-urcenej-na-jej-riesenie\/\"]}]},{\"@type\":\"ImageObject\",\"inLanguage\":\"cs-CZ\",\"@id\":\"https:\/\/www.smedemokrati.sk\/slovenske-hydinarstvo-je-v-krize-minister-takac-sedi-necinne-na-miliarde-urcenej-na-jej-riesenie\/#primaryimage\",\"url\":\"https:\/\/www.smedemokrati.sk\/wp-content\/uploads\/2024\/10\/luxusne-ranajky-02.jpg\",\"contentUrl\":\"https:\/\/www.smedemokrati.sk\/wp-content\/uploads\/2024\/10\/luxusne-ranajky-02.jpg\",\"width\":900,\"height\":772},{\"@type\":\"BreadcrumbList\",\"@id\":\"https:\/\/www.smedemokrati.sk\/slovenske-hydinarstvo-je-v-krize-minister-takac-sedi-necinne-na-miliarde-urcenej-na-jej-riesenie\/#breadcrumb\",\"itemListElement\":[{\"@type\":\"ListItem\",\"position\":1,\"name\":\"Domovsk\u00e1 str\u00e1nka\",\"item\":\"https:\/\/www.smedemokrati.sk\/\"},{\"@type\":\"ListItem\",\"position\":2,\"name\":\"Slovensk\u00e9 hydin\u00e1rstvo je v kr\u00edze, minister Tak\u00e1\u010d sed\u00ed ne\u010dinne na miliarde ur\u010denej na jej rie\u0161enie\"}]},{\"@type\":\"WebSite\",\"@id\":\"https:\/\/www.smedemokrati.sk\/#website\",\"url\":\"https:\/\/www.smedemokrati.sk\/\",\"name\":\"Smedemokrati.sk\",\"description\":\"Demokracia a slu\u0161nos\u0165 zv\u00ed\u0165az\u00ed\",\"publisher\":{\"@id\":\"https:\/\/www.smedemokrati.sk\/#organization\"},\"potentialAction\":[{\"@type\":\"SearchAction\",\"target\":{\"@type\":\"EntryPoint\",\"urlTemplate\":\"https:\/\/www.smedemokrati.sk\/?s={search_term_string}\"},\"query-input\":{\"@type\":\"PropertyValueSpecification\",\"valueRequired\":true,\"valueName\":\"search_term_string\"}}],\"inLanguage\":\"cs-CZ\"},{\"@type\":\"Organization\",\"@id\":\"https:\/\/www.smedemokrati.sk\/#organization\",\"name\":\"Smedemokrati.sk\",\"url\":\"https:\/\/www.smedemokrati.sk\/\",\"logo\":{\"@type\":\"ImageObject\",\"inLanguage\":\"cs-CZ\",\"@id\":\"https:\/\/www.smedemokrati.sk\/#\/schema\/logo\/image\/\",\"url\":\"https:\/\/www.smedemokrati.sk\/wp-content\/uploads\/2023\/04\/ff.002.jpeg\",\"contentUrl\":\"https:\/\/www.smedemokrati.sk\/wp-content\/uploads\/2023\/04\/ff.002.jpeg\",\"width\":640,\"height\":480,\"caption\":\"Smedemokrati.sk\"},\"image\":{\"@id\":\"https:\/\/www.smedemokrati.sk\/#\/schema\/logo\/image\/\"},\"sameAs\":[\"https:\/\/www.facebook.com\/smedemokrati2023\"]},{\"@type\":\"Person\",\"@id\":\"https:\/\/www.smedemokrati.sk\/#\/schema\/person\/21f147c88d605aa7ded900e1e7c344ba\",\"name\":\"miro.sopko\",\"image\":{\"@type\":\"ImageObject\",\"inLanguage\":\"cs-CZ\",\"@id\":\"https:\/\/secure.gravatar.com\/avatar\/267e4a36f704376c109afe3a78740c1f5dd8675a2180a908699e7863c9247606?s=96&d=mm&r=g\",\"url\":\"https:\/\/secure.gravatar.com\/avatar\/267e4a36f704376c109afe3a78740c1f5dd8675a2180a908699e7863c9247606?s=96&d=mm&r=g\",\"contentUrl\":\"https:\/\/secure.gravatar.com\/avatar\/267e4a36f704376c109afe3a78740c1f5dd8675a2180a908699e7863c9247606?s=96&d=mm&r=g\",\"caption\":\"miro.sopko\"},\"url\":\"https:\/\/www.smedemokrati.sk\/cs\/author\/miro-sopko\/\"}]}<\/script>\n<!-- \/ Yoast SEO plugin. -->","yoast_head_json":{"title":"Slovensk\u00e9 hydin\u00e1rstvo je v kr\u00edze, minister Tak\u00e1\u010d sed\u00ed ne\u010dinne na miliarde ur\u010denej na jej rie\u0161enie","robots":{"index":"index","follow":"follow","max-snippet":"max-snippet:-1","max-image-preview":"max-image-preview:large","max-video-preview":"max-video-preview:-1"},"canonical":"https:\/\/www.smedemokrati.sk\/cs\/slovenske-hydinarstvo-je-v-krize-minister-takac-sedi-necinne-na-miliarde-urcenej-na-jej-riesenie\/","og_locale":"cs_CZ","og_type":"article","og_title":"[:sk]Slovensk\u00e9 hydin\u00e1rstvo je v kr\u00edze, minister Tak\u00e1\u010d sed\u00ed ne\u010dinne na miliarde ur\u010denej na jej rie\u0161enie[:] - Smedemokrati.sk","og_description":"Prechod od klietkov\u00fdch chovov k vo\u013en\u00e9mu v\u00fdbehu a epid\u00e9mia vt\u00e1\u010dej chr\u00edpky s\u00fa v\u00fdzvami slovensk\u00e9ho hydin\u00e1rstva, ktor\u00e9 vl\u00e1da nijako nerie\u0161i. D\u00f4sledkom m\u00f4\u017ee by\u0165 praktick\u00fd z\u00e1nik produkcie slovensk\u00fdch vajec alebo ich raketov\u00e1 cena. Slovensko nevy\u010derpalo st\u00e1le 1 mld. eur, z ktorej m\u00f4\u017eeme financova\u0165 invest\u00edcie na ich rie\u0161enie. Hydin\u00e1ri s\u00fa pripraven\u00ed, no vl\u00e1da je \u00faplne pas\u00edvna. Demokrati predkladaj\u00fa [&hellip;]","og_url":"https:\/\/www.smedemokrati.sk\/cs\/slovenske-hydinarstvo-je-v-krize-minister-takac-sedi-necinne-na-miliarde-urcenej-na-jej-riesenie\/","og_site_name":"Smedemokrati.sk","article_publisher":"https:\/\/www.facebook.com\/smedemokrati2023","article_published_time":"2024-10-31T12:50:47+00:00","article_modified_time":"2024-11-13T12:07:43+00:00","og_image":[{"width":900,"height":772,"url":"https:\/\/www.smedemokrati.sk\/wp-content\/uploads\/2024\/10\/luxusne-ranajky-02.jpg","type":"image\/jpeg"}],"author":"miro.sopko","twitter_card":"summary_large_image","twitter_misc":{"Napsal(a)":"miro.sopko","Odhadovan\u00e1 doba \u010dten\u00ed":"3 minuty"},"schema":{"@context":"https:\/\/schema.org","@graph":[{"@type":"Article","@id":"https:\/\/www.smedemokrati.sk\/slovenske-hydinarstvo-je-v-krize-minister-takac-sedi-necinne-na-miliarde-urcenej-na-jej-riesenie\/#article","isPartOf":{"@id":"https:\/\/www.smedemokrati.sk\/slovenske-hydinarstvo-je-v-krize-minister-takac-sedi-necinne-na-miliarde-urcenej-na-jej-riesenie\/"},"author":{"name":"miro.sopko","@id":"https:\/\/www.smedemokrati.sk\/#\/schema\/person\/21f147c88d605aa7ded900e1e7c344ba"},"headline":"Slovensk\u00e9 hydin\u00e1rstvo je v kr\u00edze, minister Tak\u00e1\u010d sed\u00ed ne\u010dinne na miliarde ur\u010denej na jej rie\u0161enie","datePublished":"2024-10-31T12:50:47+00:00","dateModified":"2024-11-13T12:07:43+00:00","mainEntityOfPage":{"@id":"https:\/\/www.smedemokrati.sk\/slovenske-hydinarstvo-je-v-krize-minister-takac-sedi-necinne-na-miliarde-urcenej-na-jej-riesenie\/"},"wordCount":586,"publisher":{"@id":"https:\/\/www.smedemokrati.sk\/#organization"},"image":{"@id":"https:\/\/www.smedemokrati.sk\/slovenske-hydinarstvo-je-v-krize-minister-takac-sedi-necinne-na-miliarde-urcenej-na-jej-riesenie\/#primaryimage"},"thumbnailUrl":"https:\/\/www.smedemokrati.sk\/wp-content\/uploads\/2024\/10\/luxusne-ranajky-02.jpg","articleSection":["Tla\u010dov\u00e9 spr\u00e1vy"],"inLanguage":"cs-CZ"},{"@type":"WebPage","@id":"https:\/\/www.smedemokrati.sk\/slovenske-hydinarstvo-je-v-krize-minister-takac-sedi-necinne-na-miliarde-urcenej-na-jej-riesenie\/","url":"https:\/\/www.smedemokrati.sk\/slovenske-hydinarstvo-je-v-krize-minister-takac-sedi-necinne-na-miliarde-urcenej-na-jej-riesenie\/","name":"Slovensk\u00e9 hydin\u00e1rstvo je v kr\u00edze, minister Tak\u00e1\u010d sed\u00ed ne\u010dinne na miliarde ur\u010denej na jej rie\u0161enie","isPartOf":{"@id":"https:\/\/www.smedemokrati.sk\/#website"},"primaryImageOfPage":{"@id":"https:\/\/www.smedemokrati.sk\/slovenske-hydinarstvo-je-v-krize-minister-takac-sedi-necinne-na-miliarde-urcenej-na-jej-riesenie\/#primaryimage"},"image":{"@id":"https:\/\/www.smedemokrati.sk\/slovenske-hydinarstvo-je-v-krize-minister-takac-sedi-necinne-na-miliarde-urcenej-na-jej-riesenie\/#primaryimage"},"thumbnailUrl":"https:\/\/www.smedemokrati.sk\/wp-content\/uploads\/2024\/10\/luxusne-ranajky-02.jpg","datePublished":"2024-10-31T12:50:47+00:00","dateModified":"2024-11-13T12:07:43+00:00","breadcrumb":{"@id":"https:\/\/www.smedemokrati.sk\/slovenske-hydinarstvo-je-v-krize-minister-takac-sedi-necinne-na-miliarde-urcenej-na-jej-riesenie\/#breadcrumb"},"inLanguage":"cs-CZ","potentialAction":[{"@type":"ReadAction","target":["https:\/\/www.smedemokrati.sk\/slovenske-hydinarstvo-je-v-krize-minister-takac-sedi-necinne-na-miliarde-urcenej-na-jej-riesenie\/"]}]},{"@type":"ImageObject","inLanguage":"cs-CZ","@id":"https:\/\/www.smedemokrati.sk\/slovenske-hydinarstvo-je-v-krize-minister-takac-sedi-necinne-na-miliarde-urcenej-na-jej-riesenie\/#primaryimage","url":"https:\/\/www.smedemokrati.sk\/wp-content\/uploads\/2024\/10\/luxusne-ranajky-02.jpg","contentUrl":"https:\/\/www.smedemokrati.sk\/wp-content\/uploads\/2024\/10\/luxusne-ranajky-02.jpg","width":900,"height":772},{"@type":"BreadcrumbList","@id":"https:\/\/www.smedemokrati.sk\/slovenske-hydinarstvo-je-v-krize-minister-takac-sedi-necinne-na-miliarde-urcenej-na-jej-riesenie\/#breadcrumb","itemListElement":[{"@type":"ListItem","position":1,"name":"Domovsk\u00e1 str\u00e1nka","item":"https:\/\/www.smedemokrati.sk\/"},{"@type":"ListItem","position":2,"name":"Slovensk\u00e9 hydin\u00e1rstvo je v kr\u00edze, minister Tak\u00e1\u010d sed\u00ed ne\u010dinne na miliarde ur\u010denej na jej rie\u0161enie"}]},{"@type":"WebSite","@id":"https:\/\/www.smedemokrati.sk\/#website","url":"https:\/\/www.smedemokrati.sk\/","name":"Smedemokrati.sk","description":"Demokracia a slu\u0161nos\u0165 zv\u00ed\u0165az\u00ed","publisher":{"@id":"https:\/\/www.smedemokrati.sk\/#organization"},"potentialAction":[{"@type":"SearchAction","target":{"@type":"EntryPoint","urlTemplate":"https:\/\/www.smedemokrati.sk\/?s={search_term_string}"},"query-input":{"@type":"PropertyValueSpecification","valueRequired":true,"valueName":"search_term_string"}}],"inLanguage":"cs-CZ"},{"@type":"Organization","@id":"https:\/\/www.smedemokrati.sk\/#organization","name":"Smedemokrati.sk","url":"https:\/\/www.smedemokrati.sk\/","logo":{"@type":"ImageObject","inLanguage":"cs-CZ","@id":"https:\/\/www.smedemokrati.sk\/#\/schema\/logo\/image\/","url":"https:\/\/www.smedemokrati.sk\/wp-content\/uploads\/2023\/04\/ff.002.jpeg","contentUrl":"https:\/\/www.smedemokrati.sk\/wp-content\/uploads\/2023\/04\/ff.002.jpeg","width":640,"height":480,"caption":"Smedemokrati.sk"},"image":{"@id":"https:\/\/www.smedemokrati.sk\/#\/schema\/logo\/image\/"},"sameAs":["https:\/\/www.facebook.com\/smedemokrati2023"]},{"@type":"Person","@id":"https:\/\/www.smedemokrati.sk\/#\/schema\/person\/21f147c88d605aa7ded900e1e7c344ba","name":"miro.sopko","image":{"@type":"ImageObject","inLanguage":"cs-CZ","@id":"https:\/\/secure.gravatar.com\/avatar\/267e4a36f704376c109afe3a78740c1f5dd8675a2180a908699e7863c9247606?s=96&d=mm&r=g","url":"https:\/\/secure.gravatar.com\/avatar\/267e4a36f704376c109afe3a78740c1f5dd8675a2180a908699e7863c9247606?s=96&d=mm&r=g","contentUrl":"https:\/\/secure.gravatar.com\/avatar\/267e4a36f704376c109afe3a78740c1f5dd8675a2180a908699e7863c9247606?s=96&d=mm&r=g","caption":"miro.sopko"},"url":"https:\/\/www.smedemokrati.sk\/cs\/author\/miro-sopko\/"}]}},"_links":{"self":[{"href":"https:\/\/www.smedemokrati.sk\/cs\/wp-json\/wp\/v2\/posts\/5442","targetHints":{"allow":["GET"]}}],"collection":[{"href":"https:\/\/www.smedemokrati.sk\/cs\/wp-json\/wp\/v2\/posts"}],"about":[{"href":"https:\/\/www.smedemokrati.sk\/cs\/wp-json\/wp\/v2\/types\/post"}],"author":[{"embeddable":true,"href":"https:\/\/www.smedemokrati.sk\/cs\/wp-json\/wp\/v2\/users\/13"}],"replies":[{"embeddable":true,"href":"https:\/\/www.smedemokrati.sk\/cs\/wp-json\/wp\/v2\/comments?post=5442"}],"version-history":[{"count":1,"href":"https:\/\/www.smedemokrati.sk\/cs\/wp-json\/wp\/v2\/posts\/5442\/revisions"}],"predecessor-version":[{"id":5445,"href":"https:\/\/www.smedemokrati.sk\/cs\/wp-json\/wp\/v2\/posts\/5442\/revisions\/5445"}],"wp:featuredmedia":[{"embeddable":true,"href":"https:\/\/www.smedemokrati.sk\/cs\/wp-json\/wp\/v2\/media\/5444"}],"wp:attachment":[{"href":"https:\/\/www.smedemokrati.sk\/cs\/wp-json\/wp\/v2\/media?parent=5442"}],"wp:term":[{"taxonomy":"category","embeddable":true,"href":"https:\/\/www.smedemokrati.sk\/cs\/wp-json\/wp\/v2\/categories?post=5442"},{"taxonomy":"post_tag","embeddable":true,"href":"https:\/\/www.smedemokrati.sk\/cs\/wp-json\/wp\/v2\/tags?post=5442"}],"curies":[{"name":"wp","href":"https:\/\/api.w.org\/{rel}","templated":true}]}}