{"id":5385,"date":"2024-10-21T10:36:40","date_gmt":"2024-10-21T09:36:40","guid":{"rendered":"https:\/\/www.smedemokrati.sk\/?p=5385"},"modified":"2024-11-13T13:06:59","modified_gmt":"2024-11-13T12:06:59","slug":"vlada-berie-ludom-ic-vlaky-demokrati-ponukaju-efektivne-riesenie","status":"publish","type":"post","link":"https:\/\/www.smedemokrati.sk\/cs\/vlada-berie-ludom-ic-vlaky-demokrati-ponukaju-efektivne-riesenie\/","title":{"rendered":"Vl\u00e1da berie \u013eu\u010fom IC vlaky. Demokrati pon\u00fakaj\u00fa\u00a0efekt\u00edvne\u00a0rie\u0161enie"},"content":{"rendered":"<div id=\"fb-root\"><\/div>\n\n<p><strong>U\u017e pred 30 rokmi trvala cesta z Bratislavy do Ko\u0161\u00edc menej ako 5 hod\u00edn. V s\u00fa\u010dasnosti trv\u00e1 4 a tri\u0161tvrte hodiny, no\u00a0o p\u00e1r dn\u00ed to bude takmer 5 a pol hodiny. <em>\u201eKv\u00f4li\u00a0neschopnosti tejto vl\u00e1dy, ktor\u00e1 ide ru\u0161i\u0165 IC vlaky, sa cestovanie medzi dvomi najv\u00e4\u010d\u0161\u00edmi mestami na Slovensku pred\u013a\u017ei o takmer tri\u0161tvrte hodinu. T\u00e1to vl\u00e1da n\u00e1s \u0165ah\u00e1 viac ako 30 rokov do minulosti. Je to nonsens. To, \u010do pre \u013eud\u00ed pripravila strana Smer a ich minister R\u00e1\u017e je p\u013euvanec do o\u010d\u00ed cel\u00e9mu Slovensku,\u201d\u00a0<\/em>vyjadril sa Eduard Heger s t\u00fdm, \u017ee strana Demokrati \u00a0vyz\u00fdva vl\u00e1du, aby medzi Bratislavou a Ko\u0161icami ponechal vlakov\u00e9 spojenie za menej ako\u00a05 hod\u00edn!<\/strong><\/p>\n\n\n\n<p>Po zru\u0161en\u00ed IC vlakov sa s\u00edce\u00a0posiln\u00ed\u00a0vlakov\u00e9 spojenie medzi Bratislavou a Ko\u0161icami a r\u00fdchliky\u00a0bud\u00fa jazdi\u0165 ka\u017ed\u00fa hodinu, no ni\u010d\u00a0to nemen\u00ed na tom, \u017ee pre \u013eud\u00ed, ktor\u00ed h\u013eadaj\u00fa r\u00fdchlos\u0165 a komfort sa cestovanie z\u00e1sadne zhor\u0161\u00ed.\u00a0<em>\u201eV r\u00fdchlikoch \u010dasto nie s\u00fa raden\u00e9 ani re\u0161taura\u010dn\u00e9 vozne. Pri 5 a pol hodinovej ceste tak bud\u00fa \u013eudia n\u00faten\u00ed cestova\u0165 s lepe\u0148\u00e1kom a termoskou \u010daju. Takto si Fico, Pellegrini, R\u00e1\u017e a Danko predstavuj\u00fa modern\u00e9 Slovensko v roku 2025,\u201d\u00a0<\/em>zhodnotil Heger.<\/p>\n\n\n\n<p>Niektor\u00ed politici iba rozpr\u00e1vaj\u00fa o tom, \u017ee by sa IC vlaky ru\u0161i\u0165 nemali, ale nepri\u0161li so \u017eiadnym rie\u0161en\u00edm. Demokrati po diskusii s odborn\u00edkmi pripravili efekt\u00edvne rie\u0161enia. T\u00fdm&nbsp;<strong>prv\u00fdm&nbsp;<\/strong>je, \u017ee za norm\u00e1lnych okolnost\u00ed by probl\u00e9m mohol&nbsp;<strong>vyrie\u0161i\u0165 s\u00fakromn\u00fd dopravca<\/strong>. Podobne ako v minulosti, ke\u010f medzi Bratislavou a Ko\u0161icami jazdil Regiojet a popri \u0161t\u00e1tnych r\u00fdchlikoch mohli \u013eudia vyu\u017e\u00edva\u0165 slu\u017eby s\u00fakromn\u00edka, ktor\u00fd jazdil bez dot\u00e1ci\u00ed a na vlastn\u00e9 riziko.&nbsp;<\/p>\n\n\n\n<p><em>\u201eRobert Fico a Andrej Danko v\u0161ak Regiojet v roku 2017 z hlavnej trate doslova vyhnali. Najprv zaviedli bezplatn\u00e9 cestovanie a n\u00e1sledne vr\u00e1tili \u0161t\u00e1tne IC vlaky,\u201d\u00a0<\/em>vysvet\u013euje Kristi\u00e1n \u010cekovsk\u00fd s t\u00fdm, \u017ee teraz je situ\u00e1cia e\u0161te hor\u0161ia. Od decembra bude na trati medzi Bratislavou a Ko\u0161icami jazdi\u0165\u00a0viac r\u00fdchlikov, ktor\u00e9 ve\u013ek\u00fa \u010das\u0165 \u013eud\u00ed vozia\u00a0zadarmo. Aby toho nebolo m\u00e1lo, \u010dak\u00e1 n\u00e1s\u00a0z\u00e1sadn\u00e9 zvy\u0161ovanie dan\u00ed.\u00a0V pr\u00edpade dopravcov to bud\u00fa aj drah\u0161ie energie, \u010di cena za jazdu po ko\u013eajniciach. Prev\u00e1dzkova\u0165 IC vlaky je pre s\u00fakromn\u00edkov ekonomick\u00fd nezmysel.\u00a0<em>\u201eFico s Dankom tu\u00a0dlhodobo klad\u00fa s\u00fakromn\u00fdm dopravcom\u00a0tak\u00e9 prek\u00e1\u017eky, pre ktor\u00e9 nikto z nich nem\u00e1 z\u00e1ujem na Slovensku jazdi\u0165,\u201d\u00a0<\/em>zd\u00f4raznil \u010cekovsk\u00fd.<\/p>\n\n\n\n<p>Ost\u00e1va tak jedin\u00e9 rie\u0161enie. Medzi Bratislavou a Ko\u0161icami p\u00f4jde po novom denne v oboch smeroch 16 r\u00fdchlikov.\u00a0Navrhujeme, aby spomedzi nich vybralo vedenie ministerstva dopravy a \u017eelezni\u010dnej spolo\u010dnosti najvhodnej\u0161ie\u00a0<strong>spojenia, ktor\u00e9 p\u00f4jdu v zr\u00fdchlenom re\u017eime<\/strong>.\u00a0<em>\u201eTo znamen\u00e1, \u017ee v ka\u017edom smere by mohli\u00a0\u00eds\u0165 1-2 r\u00fdchliky denne, ktor\u00e9 bud\u00fa ma\u0165 rovnak\u00fd po\u010det zast\u00e1vok, ako dnes maj\u00fa IC\u010dk\u00e1 a t\u00fdm sa skr\u00e1ti ich \u010das jazdy. \u0160t\u00e1t by tak zachoval aspo\u0148 jedno expresn\u00e9 spojenie medzi dvomi najv\u00e4\u010d\u0161\u00edmi mestami na Slovensku za menej ako 5 hod\u00edn,\u201d<\/em>\u00a0vysvetlil \u010cekovsk\u00fd.\u00a0<\/p>\n\n\n\n<p>V\u0161ade vo svete sa cestovanie vlakom zr\u00fdch\u013euje, iba slovensk\u00e1 vl\u00e1da ide opa\u010dn\u00fdm smerom a \u013eu\u010fom cestovanie predl\u017euje.\u00a0<em>\u201eChod\u00edme po Slovensku, zbierame podpisy pod referendum a rozpr\u00e1vame sa s nimi aj o tejto t\u00e9me. \u013dudia chc\u00fa cestova\u0165 r\u00fdchlo a pohodlne. Andrej Danko tvrd\u00ed, \u017ee ho ru\u0161enie IC vlakov hnev\u00e1, ale ni\u010d s t\u00fdm neurob\u00ed. Ako \u010dlen koal\u00edce by sa mal presta\u0165 vyhov\u00e1ra\u0165. Vid\u00edte, \u017ee my v strane Demokrati prin\u00e1\u0161ame rie\u0161enia pre \u013eud\u00ed,\u201d\u00a0<\/em>uzavrel \u010dlen strany Michal Pavl\u00edk.<\/p>\n\n\n<div class=\"fb-video\" data-href=\"https:\/\/fb.watch\/vlR6DjCLvk\" data-allowfullscreen=\"true\" data-autoplay=\"false\" data-width=\"\" data-show-text=\"false\" data-show-captions=\"true\"><\/div>\n","protected":false},"excerpt":{"rendered":"<p>U\u017e pred 30 rokmi trvala cesta z Bratislavy do Ko\u0161\u00edc menej ako 5 hod\u00edn. V s\u00fa\u010dasnosti trv\u00e1 4 a tri\u0161tvrte hodiny, no\u00a0o p\u00e1r dn\u00ed to bude takmer 5 a pol hodiny. \u201eKv\u00f4li\u00a0neschopnosti tejto vl\u00e1dy, ktor\u00e1 ide ru\u0161i\u0165 IC vlaky, sa cestovanie medzi dvomi najv\u00e4\u010d\u0161\u00edmi mestami na Slovensku pred\u013a\u017ei o takmer tri\u0161tvrte hodinu. T\u00e1to vl\u00e1da n\u00e1s [&hellip;]<\/p>\n","protected":false},"author":13,"featured_media":5386,"comment_status":"closed","ping_status":"closed","sticky":false,"template":"","format":"standard","meta":{"_acf_changed":false,"ngg_post_thumbnail":0,"footnotes":""},"categories":[4],"tags":[],"class_list":["post-5385","post","type-post","status-publish","format-standard","has-post-thumbnail","hentry","category-tlacove-spravy"],"acf":[],"yoast_head":"<!-- This site is optimized with the Yoast SEO plugin v27.2 - https:\/\/yoast.com\/product\/yoast-seo-wordpress\/ -->\n<title>Vl\u00e1da berie \u013eu\u010fom IC vlaky. Demokrati pon\u00fakaj\u00fa\u00a0efekt\u00edvne\u00a0rie\u0161enie<\/title>\n<meta name=\"robots\" content=\"index, follow, max-snippet:-1, max-image-preview:large, max-video-preview:-1\" \/>\n<link rel=\"canonical\" href=\"https:\/\/www.smedemokrati.sk\/cs\/vlada-berie-ludom-ic-vlaky-demokrati-ponukaju-efektivne-riesenie\/\" \/>\n<meta property=\"og:locale\" content=\"cs_CZ\" \/>\n<meta property=\"og:locale:alternate\" content=\"en_US\" \/>\n<meta property=\"og:locale:alternate\" content=\"hu_HU\" \/>\n<meta property=\"og:locale:alternate\" content=\"sk_SK\" \/>\n<meta property=\"og:locale:alternate\" content=\"sv_SE\" \/>\n<meta property=\"og:type\" content=\"article\" \/>\n<meta property=\"og:title\" content=\"Vl\u00e1da berie \u013eu\u010fom IC vlaky. Demokrati pon\u00fakaj\u00fa\u00a0efekt\u00edvne\u00a0rie\u0161enie\" \/>\n<meta property=\"og:description\" content=\"U\u017e pred 30 rokmi trvala cesta z Bratislavy do Ko\u0161\u00edc menej ako 5 hod\u00edn. V s\u00fa\u010dasnosti trv\u00e1 4 a tri\u0161tvrte hodiny, no\u00a0o p\u00e1r dn\u00ed to bude takmer 5 a pol hodiny. \u201eKv\u00f4li\u00a0neschopnosti tejto vl\u00e1dy, ktor\u00e1 ide ru\u0161i\u0165 IC vlaky, sa cestovanie medzi dvomi najv\u00e4\u010d\u0161\u00edmi mestami na Slovensku pred\u013a\u017ei o takmer tri\u0161tvrte hodinu. T\u00e1to vl\u00e1da n\u00e1s [&hellip;]\" \/>\n<meta property=\"og:url\" content=\"https:\/\/www.smedemokrati.sk\/cs\/vlada-berie-ludom-ic-vlaky-demokrati-ponukaju-efektivne-riesenie\/\" \/>\n<meta property=\"og:site_name\" content=\"Smedemokrati.sk\" \/>\n<meta property=\"article:publisher\" content=\"https:\/\/www.facebook.com\/smedemokrati2023\" \/>\n<meta property=\"article:published_time\" content=\"2024-10-21T09:36:40+00:00\" \/>\n<meta property=\"article:modified_time\" content=\"2024-11-13T12:06:59+00:00\" \/>\n<meta property=\"og:image\" content=\"https:\/\/www.smedemokrati.sk\/wp-content\/uploads\/2024\/10\/ic-vlak.jpg\" \/>\n\t<meta property=\"og:image:width\" content=\"899\" \/>\n\t<meta property=\"og:image:height\" content=\"583\" \/>\n\t<meta property=\"og:image:type\" content=\"image\/jpeg\" \/>\n<meta name=\"author\" content=\"miro.sopko\" \/>\n<meta name=\"twitter:card\" content=\"summary_large_image\" \/>\n<meta name=\"twitter:label1\" content=\"Napsal(a)\" \/>\n\t<meta name=\"twitter:data1\" content=\"miro.sopko\" \/>\n\t<meta name=\"twitter:label2\" content=\"Odhadovan\u00e1 doba \u010dten\u00ed\" \/>\n\t<meta name=\"twitter:data2\" content=\"3 minuty\" \/>\n<script type=\"application\/ld+json\" class=\"yoast-schema-graph\">{\"@context\":\"https:\/\/schema.org\",\"@graph\":[{\"@type\":\"Article\",\"@id\":\"https:\/\/www.smedemokrati.sk\/vlada-berie-ludom-ic-vlaky-demokrati-ponukaju-efektivne-riesenie\/#article\",\"isPartOf\":{\"@id\":\"https:\/\/www.smedemokrati.sk\/vlada-berie-ludom-ic-vlaky-demokrati-ponukaju-efektivne-riesenie\/\"},\"author\":{\"name\":\"miro.sopko\",\"@id\":\"https:\/\/www.smedemokrati.sk\/#\/schema\/person\/21f147c88d605aa7ded900e1e7c344ba\"},\"headline\":\"Vl\u00e1da berie \u013eu\u010fom IC vlaky. Demokrati pon\u00fakaj\u00fa\u00a0efekt\u00edvne\u00a0rie\u0161enie\",\"datePublished\":\"2024-10-21T09:36:40+00:00\",\"dateModified\":\"2024-11-13T12:06:59+00:00\",\"mainEntityOfPage\":{\"@id\":\"https:\/\/www.smedemokrati.sk\/vlada-berie-ludom-ic-vlaky-demokrati-ponukaju-efektivne-riesenie\/\"},\"wordCount\":663,\"publisher\":{\"@id\":\"https:\/\/www.smedemokrati.sk\/#organization\"},\"image\":{\"@id\":\"https:\/\/www.smedemokrati.sk\/vlada-berie-ludom-ic-vlaky-demokrati-ponukaju-efektivne-riesenie\/#primaryimage\"},\"thumbnailUrl\":\"https:\/\/www.smedemokrati.sk\/wp-content\/uploads\/2024\/10\/ic-vlak.jpg\",\"articleSection\":[\"Tla\u010dov\u00e9 spr\u00e1vy\"],\"inLanguage\":\"cs-CZ\"},{\"@type\":\"WebPage\",\"@id\":\"https:\/\/www.smedemokrati.sk\/vlada-berie-ludom-ic-vlaky-demokrati-ponukaju-efektivne-riesenie\/\",\"url\":\"https:\/\/www.smedemokrati.sk\/vlada-berie-ludom-ic-vlaky-demokrati-ponukaju-efektivne-riesenie\/\",\"name\":\"Vl\u00e1da berie \u013eu\u010fom IC vlaky. Demokrati pon\u00fakaj\u00fa\u00a0efekt\u00edvne\u00a0rie\u0161enie\",\"isPartOf\":{\"@id\":\"https:\/\/www.smedemokrati.sk\/#website\"},\"primaryImageOfPage\":{\"@id\":\"https:\/\/www.smedemokrati.sk\/vlada-berie-ludom-ic-vlaky-demokrati-ponukaju-efektivne-riesenie\/#primaryimage\"},\"image\":{\"@id\":\"https:\/\/www.smedemokrati.sk\/vlada-berie-ludom-ic-vlaky-demokrati-ponukaju-efektivne-riesenie\/#primaryimage\"},\"thumbnailUrl\":\"https:\/\/www.smedemokrati.sk\/wp-content\/uploads\/2024\/10\/ic-vlak.jpg\",\"datePublished\":\"2024-10-21T09:36:40+00:00\",\"dateModified\":\"2024-11-13T12:06:59+00:00\",\"breadcrumb\":{\"@id\":\"https:\/\/www.smedemokrati.sk\/vlada-berie-ludom-ic-vlaky-demokrati-ponukaju-efektivne-riesenie\/#breadcrumb\"},\"inLanguage\":\"cs-CZ\",\"potentialAction\":[{\"@type\":\"ReadAction\",\"target\":[\"https:\/\/www.smedemokrati.sk\/vlada-berie-ludom-ic-vlaky-demokrati-ponukaju-efektivne-riesenie\/\"]}]},{\"@type\":\"ImageObject\",\"inLanguage\":\"cs-CZ\",\"@id\":\"https:\/\/www.smedemokrati.sk\/vlada-berie-ludom-ic-vlaky-demokrati-ponukaju-efektivne-riesenie\/#primaryimage\",\"url\":\"https:\/\/www.smedemokrati.sk\/wp-content\/uploads\/2024\/10\/ic-vlak.jpg\",\"contentUrl\":\"https:\/\/www.smedemokrati.sk\/wp-content\/uploads\/2024\/10\/ic-vlak.jpg\",\"width\":899,\"height\":583},{\"@type\":\"BreadcrumbList\",\"@id\":\"https:\/\/www.smedemokrati.sk\/vlada-berie-ludom-ic-vlaky-demokrati-ponukaju-efektivne-riesenie\/#breadcrumb\",\"itemListElement\":[{\"@type\":\"ListItem\",\"position\":1,\"name\":\"Domovsk\u00e1 str\u00e1nka\",\"item\":\"https:\/\/www.smedemokrati.sk\/\"},{\"@type\":\"ListItem\",\"position\":2,\"name\":\"Vl\u00e1da berie \u013eu\u010fom IC vlaky. Demokrati pon\u00fakaj\u00fa\u00a0efekt\u00edvne\u00a0rie\u0161enie\"}]},{\"@type\":\"WebSite\",\"@id\":\"https:\/\/www.smedemokrati.sk\/#website\",\"url\":\"https:\/\/www.smedemokrati.sk\/\",\"name\":\"Smedemokrati.sk\",\"description\":\"Demokracia a slu\u0161nos\u0165 zv\u00ed\u0165az\u00ed\",\"publisher\":{\"@id\":\"https:\/\/www.smedemokrati.sk\/#organization\"},\"potentialAction\":[{\"@type\":\"SearchAction\",\"target\":{\"@type\":\"EntryPoint\",\"urlTemplate\":\"https:\/\/www.smedemokrati.sk\/?s={search_term_string}\"},\"query-input\":{\"@type\":\"PropertyValueSpecification\",\"valueRequired\":true,\"valueName\":\"search_term_string\"}}],\"inLanguage\":\"cs-CZ\"},{\"@type\":\"Organization\",\"@id\":\"https:\/\/www.smedemokrati.sk\/#organization\",\"name\":\"Smedemokrati.sk\",\"url\":\"https:\/\/www.smedemokrati.sk\/\",\"logo\":{\"@type\":\"ImageObject\",\"inLanguage\":\"cs-CZ\",\"@id\":\"https:\/\/www.smedemokrati.sk\/#\/schema\/logo\/image\/\",\"url\":\"https:\/\/www.smedemokrati.sk\/wp-content\/uploads\/2023\/04\/ff.002.jpeg\",\"contentUrl\":\"https:\/\/www.smedemokrati.sk\/wp-content\/uploads\/2023\/04\/ff.002.jpeg\",\"width\":640,\"height\":480,\"caption\":\"Smedemokrati.sk\"},\"image\":{\"@id\":\"https:\/\/www.smedemokrati.sk\/#\/schema\/logo\/image\/\"},\"sameAs\":[\"https:\/\/www.facebook.com\/smedemokrati2023\"]},{\"@type\":\"Person\",\"@id\":\"https:\/\/www.smedemokrati.sk\/#\/schema\/person\/21f147c88d605aa7ded900e1e7c344ba\",\"name\":\"miro.sopko\",\"image\":{\"@type\":\"ImageObject\",\"inLanguage\":\"cs-CZ\",\"@id\":\"https:\/\/secure.gravatar.com\/avatar\/267e4a36f704376c109afe3a78740c1f5dd8675a2180a908699e7863c9247606?s=96&d=mm&r=g\",\"url\":\"https:\/\/secure.gravatar.com\/avatar\/267e4a36f704376c109afe3a78740c1f5dd8675a2180a908699e7863c9247606?s=96&d=mm&r=g\",\"contentUrl\":\"https:\/\/secure.gravatar.com\/avatar\/267e4a36f704376c109afe3a78740c1f5dd8675a2180a908699e7863c9247606?s=96&d=mm&r=g\",\"caption\":\"miro.sopko\"},\"url\":\"https:\/\/www.smedemokrati.sk\/cs\/author\/miro-sopko\/\"}]}<\/script>\n<!-- \/ Yoast SEO plugin. -->","yoast_head_json":{"title":"Vl\u00e1da berie \u013eu\u010fom IC vlaky. Demokrati pon\u00fakaj\u00fa\u00a0efekt\u00edvne\u00a0rie\u0161enie","robots":{"index":"index","follow":"follow","max-snippet":"max-snippet:-1","max-image-preview":"max-image-preview:large","max-video-preview":"max-video-preview:-1"},"canonical":"https:\/\/www.smedemokrati.sk\/cs\/vlada-berie-ludom-ic-vlaky-demokrati-ponukaju-efektivne-riesenie\/","og_locale":"cs_CZ","og_type":"article","og_title":"[:sk]Vl\u00e1da berie \u013eu\u010fom IC vlaky. Demokrati pon\u00fakaj\u00fa\u00a0efekt\u00edvne\u00a0rie\u0161enie[:] - Smedemokrati.sk","og_description":"U\u017e pred 30 rokmi trvala cesta z Bratislavy do Ko\u0161\u00edc menej ako 5 hod\u00edn. V s\u00fa\u010dasnosti trv\u00e1 4 a tri\u0161tvrte hodiny, no\u00a0o p\u00e1r dn\u00ed to bude takmer 5 a pol hodiny. \u201eKv\u00f4li\u00a0neschopnosti tejto vl\u00e1dy, ktor\u00e1 ide ru\u0161i\u0165 IC vlaky, sa cestovanie medzi dvomi najv\u00e4\u010d\u0161\u00edmi mestami na Slovensku pred\u013a\u017ei o takmer tri\u0161tvrte hodinu. T\u00e1to vl\u00e1da n\u00e1s [&hellip;]","og_url":"https:\/\/www.smedemokrati.sk\/cs\/vlada-berie-ludom-ic-vlaky-demokrati-ponukaju-efektivne-riesenie\/","og_site_name":"Smedemokrati.sk","article_publisher":"https:\/\/www.facebook.com\/smedemokrati2023","article_published_time":"2024-10-21T09:36:40+00:00","article_modified_time":"2024-11-13T12:06:59+00:00","og_image":[{"width":899,"height":583,"url":"https:\/\/www.smedemokrati.sk\/wp-content\/uploads\/2024\/10\/ic-vlak.jpg","type":"image\/jpeg"}],"author":"miro.sopko","twitter_card":"summary_large_image","twitter_misc":{"Napsal(a)":"miro.sopko","Odhadovan\u00e1 doba \u010dten\u00ed":"3 minuty"},"schema":{"@context":"https:\/\/schema.org","@graph":[{"@type":"Article","@id":"https:\/\/www.smedemokrati.sk\/vlada-berie-ludom-ic-vlaky-demokrati-ponukaju-efektivne-riesenie\/#article","isPartOf":{"@id":"https:\/\/www.smedemokrati.sk\/vlada-berie-ludom-ic-vlaky-demokrati-ponukaju-efektivne-riesenie\/"},"author":{"name":"miro.sopko","@id":"https:\/\/www.smedemokrati.sk\/#\/schema\/person\/21f147c88d605aa7ded900e1e7c344ba"},"headline":"Vl\u00e1da berie \u013eu\u010fom IC vlaky. Demokrati pon\u00fakaj\u00fa\u00a0efekt\u00edvne\u00a0rie\u0161enie","datePublished":"2024-10-21T09:36:40+00:00","dateModified":"2024-11-13T12:06:59+00:00","mainEntityOfPage":{"@id":"https:\/\/www.smedemokrati.sk\/vlada-berie-ludom-ic-vlaky-demokrati-ponukaju-efektivne-riesenie\/"},"wordCount":663,"publisher":{"@id":"https:\/\/www.smedemokrati.sk\/#organization"},"image":{"@id":"https:\/\/www.smedemokrati.sk\/vlada-berie-ludom-ic-vlaky-demokrati-ponukaju-efektivne-riesenie\/#primaryimage"},"thumbnailUrl":"https:\/\/www.smedemokrati.sk\/wp-content\/uploads\/2024\/10\/ic-vlak.jpg","articleSection":["Tla\u010dov\u00e9 spr\u00e1vy"],"inLanguage":"cs-CZ"},{"@type":"WebPage","@id":"https:\/\/www.smedemokrati.sk\/vlada-berie-ludom-ic-vlaky-demokrati-ponukaju-efektivne-riesenie\/","url":"https:\/\/www.smedemokrati.sk\/vlada-berie-ludom-ic-vlaky-demokrati-ponukaju-efektivne-riesenie\/","name":"Vl\u00e1da berie \u013eu\u010fom IC vlaky. Demokrati pon\u00fakaj\u00fa\u00a0efekt\u00edvne\u00a0rie\u0161enie","isPartOf":{"@id":"https:\/\/www.smedemokrati.sk\/#website"},"primaryImageOfPage":{"@id":"https:\/\/www.smedemokrati.sk\/vlada-berie-ludom-ic-vlaky-demokrati-ponukaju-efektivne-riesenie\/#primaryimage"},"image":{"@id":"https:\/\/www.smedemokrati.sk\/vlada-berie-ludom-ic-vlaky-demokrati-ponukaju-efektivne-riesenie\/#primaryimage"},"thumbnailUrl":"https:\/\/www.smedemokrati.sk\/wp-content\/uploads\/2024\/10\/ic-vlak.jpg","datePublished":"2024-10-21T09:36:40+00:00","dateModified":"2024-11-13T12:06:59+00:00","breadcrumb":{"@id":"https:\/\/www.smedemokrati.sk\/vlada-berie-ludom-ic-vlaky-demokrati-ponukaju-efektivne-riesenie\/#breadcrumb"},"inLanguage":"cs-CZ","potentialAction":[{"@type":"ReadAction","target":["https:\/\/www.smedemokrati.sk\/vlada-berie-ludom-ic-vlaky-demokrati-ponukaju-efektivne-riesenie\/"]}]},{"@type":"ImageObject","inLanguage":"cs-CZ","@id":"https:\/\/www.smedemokrati.sk\/vlada-berie-ludom-ic-vlaky-demokrati-ponukaju-efektivne-riesenie\/#primaryimage","url":"https:\/\/www.smedemokrati.sk\/wp-content\/uploads\/2024\/10\/ic-vlak.jpg","contentUrl":"https:\/\/www.smedemokrati.sk\/wp-content\/uploads\/2024\/10\/ic-vlak.jpg","width":899,"height":583},{"@type":"BreadcrumbList","@id":"https:\/\/www.smedemokrati.sk\/vlada-berie-ludom-ic-vlaky-demokrati-ponukaju-efektivne-riesenie\/#breadcrumb","itemListElement":[{"@type":"ListItem","position":1,"name":"Domovsk\u00e1 str\u00e1nka","item":"https:\/\/www.smedemokrati.sk\/"},{"@type":"ListItem","position":2,"name":"Vl\u00e1da berie \u013eu\u010fom IC vlaky. Demokrati pon\u00fakaj\u00fa\u00a0efekt\u00edvne\u00a0rie\u0161enie"}]},{"@type":"WebSite","@id":"https:\/\/www.smedemokrati.sk\/#website","url":"https:\/\/www.smedemokrati.sk\/","name":"Smedemokrati.sk","description":"Demokracia a slu\u0161nos\u0165 zv\u00ed\u0165az\u00ed","publisher":{"@id":"https:\/\/www.smedemokrati.sk\/#organization"},"potentialAction":[{"@type":"SearchAction","target":{"@type":"EntryPoint","urlTemplate":"https:\/\/www.smedemokrati.sk\/?s={search_term_string}"},"query-input":{"@type":"PropertyValueSpecification","valueRequired":true,"valueName":"search_term_string"}}],"inLanguage":"cs-CZ"},{"@type":"Organization","@id":"https:\/\/www.smedemokrati.sk\/#organization","name":"Smedemokrati.sk","url":"https:\/\/www.smedemokrati.sk\/","logo":{"@type":"ImageObject","inLanguage":"cs-CZ","@id":"https:\/\/www.smedemokrati.sk\/#\/schema\/logo\/image\/","url":"https:\/\/www.smedemokrati.sk\/wp-content\/uploads\/2023\/04\/ff.002.jpeg","contentUrl":"https:\/\/www.smedemokrati.sk\/wp-content\/uploads\/2023\/04\/ff.002.jpeg","width":640,"height":480,"caption":"Smedemokrati.sk"},"image":{"@id":"https:\/\/www.smedemokrati.sk\/#\/schema\/logo\/image\/"},"sameAs":["https:\/\/www.facebook.com\/smedemokrati2023"]},{"@type":"Person","@id":"https:\/\/www.smedemokrati.sk\/#\/schema\/person\/21f147c88d605aa7ded900e1e7c344ba","name":"miro.sopko","image":{"@type":"ImageObject","inLanguage":"cs-CZ","@id":"https:\/\/secure.gravatar.com\/avatar\/267e4a36f704376c109afe3a78740c1f5dd8675a2180a908699e7863c9247606?s=96&d=mm&r=g","url":"https:\/\/secure.gravatar.com\/avatar\/267e4a36f704376c109afe3a78740c1f5dd8675a2180a908699e7863c9247606?s=96&d=mm&r=g","contentUrl":"https:\/\/secure.gravatar.com\/avatar\/267e4a36f704376c109afe3a78740c1f5dd8675a2180a908699e7863c9247606?s=96&d=mm&r=g","caption":"miro.sopko"},"url":"https:\/\/www.smedemokrati.sk\/cs\/author\/miro-sopko\/"}]}},"_links":{"self":[{"href":"https:\/\/www.smedemokrati.sk\/cs\/wp-json\/wp\/v2\/posts\/5385","targetHints":{"allow":["GET"]}}],"collection":[{"href":"https:\/\/www.smedemokrati.sk\/cs\/wp-json\/wp\/v2\/posts"}],"about":[{"href":"https:\/\/www.smedemokrati.sk\/cs\/wp-json\/wp\/v2\/types\/post"}],"author":[{"embeddable":true,"href":"https:\/\/www.smedemokrati.sk\/cs\/wp-json\/wp\/v2\/users\/13"}],"replies":[{"embeddable":true,"href":"https:\/\/www.smedemokrati.sk\/cs\/wp-json\/wp\/v2\/comments?post=5385"}],"version-history":[{"count":1,"href":"https:\/\/www.smedemokrati.sk\/cs\/wp-json\/wp\/v2\/posts\/5385\/revisions"}],"predecessor-version":[{"id":5387,"href":"https:\/\/www.smedemokrati.sk\/cs\/wp-json\/wp\/v2\/posts\/5385\/revisions\/5387"}],"wp:featuredmedia":[{"embeddable":true,"href":"https:\/\/www.smedemokrati.sk\/cs\/wp-json\/wp\/v2\/media\/5386"}],"wp:attachment":[{"href":"https:\/\/www.smedemokrati.sk\/cs\/wp-json\/wp\/v2\/media?parent=5385"}],"wp:term":[{"taxonomy":"category","embeddable":true,"href":"https:\/\/www.smedemokrati.sk\/cs\/wp-json\/wp\/v2\/categories?post=5385"},{"taxonomy":"post_tag","embeddable":true,"href":"https:\/\/www.smedemokrati.sk\/cs\/wp-json\/wp\/v2\/tags?post=5385"}],"curies":[{"name":"wp","href":"https:\/\/api.w.org\/{rel}","templated":true}]}}