{"id":5358,"date":"2024-10-16T10:38:38","date_gmt":"2024-10-16T09:38:38","guid":{"rendered":"https:\/\/www.smedemokrati.sk\/?p=5358"},"modified":"2024-11-02T22:33:21","modified_gmt":"2024-11-02T21:33:21","slug":"policia-kolabuje-do-konca-roka-ma-odist-este-2-400-policajtov-vyzyvame-r-fica-aby-zvolal-bezpecnostnu-radu-statu","status":"publish","type":"post","link":"https:\/\/www.smedemokrati.sk\/cs\/policia-kolabuje-do-konca-roka-ma-odist-este-2-400-policajtov-vyzyvame-r-fica-aby-zvolal-bezpecnostnu-radu-statu\/","title":{"rendered":"Pol\u00edcia kolabuje: Do konca roka m\u00e1 od\u00eds\u0165 e\u0161te 2 400 policajtov, vyz\u00fdvame R. Fica, aby zvolal bezpe\u010dnostn\u00fa radu \u0161t\u00e1tu"},"content":{"rendered":"<div id=\"fb-root\"><\/div>\n\n<p><strong>\u017dalostn\u00e1 situ\u00e1cia v policajnom zbore, za ktor\u00fa zodpoved\u00e1 minister \u0160utaj E\u0161tok a policajn\u00fd \u0161\u00e9f Sol\u00e1k predstavuje ohrozenie bezpe\u010dnosti Slovenska. Pod\u013ea inform\u00e1ci\u00ed Demokratov m\u00e1 do konca roka od\u00eds\u0165 \u010fal\u0161\u00edch 2 400 policajtiek a policajtov. Pod veden\u00edm \u0160utaja E\u0161toka bude do konca roka ch\u00fdba\u0165 vy\u0161e 5 000 pr\u00edslu\u0161n\u00edkov zboru, \u010do je smutne rekordn\u00e9 \u010d\u00edslo. Demokrati vyz\u00fdvaj\u00fa premi\u00e9ra Fica, aby pre z\u00e1va\u017enos\u0165 situ\u00e1cie zvolal bezpe\u010dnostn\u00fa radu \u0161t\u00e1tu.<\/strong><\/p>\n\n\n\n<p><em>\u201eK dne\u0161n\u00e9mu d\u0148u je na policajnom zbore 22 601 tabuliek, to znamen\u00e1, \u017ee to\u013eko by sme mali ma\u0165 pr\u00edslu\u0161n\u00edkov policajn\u00e9ho zboru. K prv\u00e9mu okt\u00f3bru bolo z tohto po\u010dtu vy\u0161e 3 000 neobsaden\u00fdch a ak k tomu pripo\u010d\u00edtame \u010fal\u0161\u00edch 2 400, ktor\u00ed chc\u00fa do konca roka od\u00eds\u0165, m\u00f4\u017eeme hovori\u0165 naozaj o neudr\u017eate\u013enej situ\u00e1cii, na ktor\u00fa doplatia len a len ob\u010dania. Ak to prepo\u010d\u00edtame, znamen\u00e1 to, \u017ee v ka\u017edom kraji bude ch\u00fdba\u0165 okolo 300 policajtov. Tak\u00fdto stav si Slovensko nepam\u00e4t\u00e1,\u201d<\/em> otv\u00e1ra t\u00e9mu Juraj \u0160eliga, ktor\u00fd uv\u00e1dza, \u017ee d\u00f4vodom odchodu policajtov nie je prirodzen\u00fd odchod, ale najm\u00e4 politick\u00e9 tlaky, zl\u00e9 pracovn\u00e9 podmienky a \u010doraz \u010dastej\u0161ie po\u010du\u0165 o \u0161ikane na pracovisku. \u010ealej hovor\u00ed, \u017ee pre tis\u00edcky ch\u00fdbaj\u00facich policajtov je m\u00e1lo hliadok, ktor\u00e9 s\u00fa z\u00e1rove\u0148 tak vy\u0165a\u017een\u00e9, \u017ee ak ich ob\u010dan zavol\u00e1, \u010dak\u00e1 na ich pr\u00edchod aj nieko\u013eko hod\u00edn. Tie\u017e je mimoriadne s\u0165a\u017een\u00e1 pr\u00e1ca vy\u0161etrovate\u013eov, ktor\u00ed rie\u0161ia z\u00e1va\u017en\u00fa trestn\u00fa \u010dinnos\u0165, preto\u017ee minister \u0160utaj E\u0161tok sa \u010dasti z nich zbavil a \u010fal\u0161\u00ed odi\u0161li, lebo nes\u00fahlasili s krokmi s\u00fa\u010dasn\u00e9ho mana\u017ementu.<\/p>\n\n\n\n<p><em>\u201eVedeli sme, \u017ee situ\u00e1cia v policajnom zbore je zl\u00e1, ale to, \u010do sme sa dozvedeli dnes je alarmuj\u00face. 2400 policajtov, ktor\u00ed odch\u00e1dzaj\u00fa do konca roka, je \u0161ialen\u00e9 \u010d\u00edslo. T\u00e1to situ\u00e1cia je, ak by sme ju chceli ilustrova\u0165 na praktickom pr\u00edpade, ako keby z jedn\u00e9ho krajsk\u00e9ho riadite\u013estva (pribli\u017ene 2000 policajtov) odi\u0161li v\u0161etci policajti, teda \u013eubovo\u013en\u00fd slovensk\u00fd kraj by bol bez policajtov. Viete si predstavi\u0165, \u010do by nastalo, keby napr\u00edklad v \u017dilinskom alebo Tren\u010dianskom kraji neboli \u017eiadni policajti? Ako sa tam maj\u00fa ob\u010dania c\u00edti\u0165 bezpe\u010dne? Toto je vl\u00e1da, ktor\u00e1 zaru\u010d\u00ed pokoj, bezpe\u010dnos\u0165 a zmier? Ne\u017eartujme.\u201c<\/em> hovor\u00ed Juraj \u0160eliga<\/p>\n\n\n\n<p><em>\u201ePam\u00e4t\u00e1m si slov\u00e1 \u0160utaj E\u0161toka, ktor\u00fd sa b\u00fachal do p\u0155s, \u017ee za tri dni ministrovania narob\u00ed poriadky. Realita je tak\u00e1, \u017ee za jeho vedenia odch\u00e1dza najviac policajtov v hist\u00f3rii policajn\u00e9ho zboru. A to nehovor\u00edm ja, ale policajn\u00e9 odbory a ofici\u00e1lne \u0161tatistiky. Policajti sa s\u0165a\u017euj\u00fa na materi\u00e1lno-technick\u00e9 vybavenie, ale najm\u00e4 na pr\u00edstup vedenia rezortu a policajn\u00e9ho zboru. S\u00fa\u010dasn\u00e1 situ\u00e1cia je neudr\u017eate\u013en\u00e1 a ke\u010f\u017ee na\u0161e opakovan\u00e9 v\u00fdzvy minister ignoruje, ideme vy\u0161\u0161ie. Posielame ofici\u00e1lny list Robertovi Ficovi, aby okam\u017eite zvolal bezpe\u010dnostn\u00fa radu \u0161t\u00e1tu a predstavil konkr\u00e9tne rie\u0161enia,\u201d<\/em> hovor\u00ed Jaroslav Na\u010f a pripom\u00edna \u010dasy, kedy bola zvolan\u00e1 bezpe\u010dnostn\u00e1 rada kv\u00f4li \u201cTomanovej psovi\u201d alebo \u201cdla\u017eobn\u00fdm kock\u00e1m\u201d, ktor\u00e9 boli pred \u00faradom vl\u00e1dy.<\/p>\n\n\n\n<p>Podpredseda Demokratov Eduard Heger hovor\u00ed, \u017ee minister \u0160utaj E\u0161tok a policajn\u00fd prezident Sol\u00e1k absol\u00fatne zlyh\u00e1vaj\u00fa v mana\u017emente: <em>\u201eJe to vl\u00e1da nekompetentn\u00fdch babr\u00e1kov. Boli sme to my, na\u0161a vl\u00e1da, ktor\u00e1 skokovo nav\u00fd\u0161ila platy policajtom, nak\u00fapili sme policajtom nov\u00e9 aut\u00e1, nak\u00fapili sme profesion\u00e1lne motorky a mno\u017estvo \u010fal\u0161\u00edch opatren\u00ed. Dne\u0161n\u00e1 vl\u00e1da neinvestuje do pol\u00edcie a nepripravuje syst\u00e9mov\u00e9 kroky, \u010do odhalil aj ich nov\u00fd rozpo\u010det. Namiesto konkr\u00e9tnych opatren\u00ed si toti\u017e napl\u00e1novali ak\u00fasi rezervu pre pr\u00edslu\u0161n\u00edkov ozbrojen\u00fdch zlo\u017eiek, ktor\u00fa pou\u017eij\u00fa pod\u013ea toho, ak\u00e1 zl\u00e1 situ\u00e1cia bude a ako bud\u00fa musie\u0165 zalepova\u0165 o\u010di policajtom. To v\u0161ak nie je syst\u00e9mov\u00e9 rie\u0161enie, naopak je to klamstvo na policajtoch, ke\u010f\u017ee jednorazov\u00e9 odmeny sa im nezapo\u010d\u00edtavaj\u00fa do d\u00f4chodku ani do pr\u00edpadnej valoriz\u00e1cie platov. \u201d<\/em> uzatv\u00e1ra b\u00fdval\u00fd premi\u00e9r.<\/p>\n\n\n<div class=\"fb-video\" data-href=\"https:\/\/fb.watch\/vfcku5ccQz\" data-allowfullscreen=\"true\" data-autoplay=\"false\" data-width=\"\" data-show-text=\"false\" data-show-captions=\"true\"><\/div>\n","protected":false},"excerpt":{"rendered":"<p>\u017dalostn\u00e1 situ\u00e1cia v policajnom zbore, za ktor\u00fa zodpoved\u00e1 minister \u0160utaj E\u0161tok a policajn\u00fd \u0161\u00e9f Sol\u00e1k predstavuje ohrozenie bezpe\u010dnosti Slovenska. Pod\u013ea inform\u00e1ci\u00ed Demokratov m\u00e1 do konca roka od\u00eds\u0165 \u010fal\u0161\u00edch 2 400 policajtiek a policajtov. Pod veden\u00edm \u0160utaja E\u0161toka bude do konca roka ch\u00fdba\u0165 vy\u0161e 5 000 pr\u00edslu\u0161n\u00edkov zboru, \u010do je smutne rekordn\u00e9 \u010d\u00edslo. Demokrati vyz\u00fdvaj\u00fa premi\u00e9ra [&hellip;]<\/p>\n","protected":false},"author":13,"featured_media":5359,"comment_status":"closed","ping_status":"closed","sticky":false,"template":"","format":"standard","meta":{"_acf_changed":false,"ngg_post_thumbnail":0,"footnotes":""},"categories":[4],"tags":[],"class_list":["post-5358","post","type-post","status-publish","format-standard","has-post-thumbnail","hentry","category-tlacove-spravy"],"acf":[],"yoast_head":"<!-- This site is optimized with the Yoast SEO plugin v27.2 - https:\/\/yoast.com\/product\/yoast-seo-wordpress\/ -->\n<title>Pol\u00edcia kolabuje: Do konca roka m\u00e1 od\u00eds\u0165 e\u0161te 2 400 policajtov, vyz\u00fdvame R. Fica, aby zvolal bezpe\u010dnostn\u00fa radu \u0161t\u00e1tu<\/title>\n<meta name=\"robots\" content=\"index, follow, max-snippet:-1, max-image-preview:large, max-video-preview:-1\" \/>\n<link rel=\"canonical\" href=\"https:\/\/www.smedemokrati.sk\/cs\/policia-kolabuje-do-konca-roka-ma-odist-este-2-400-policajtov-vyzyvame-r-fica-aby-zvolal-bezpecnostnu-radu-statu\/\" \/>\n<meta property=\"og:locale\" content=\"cs_CZ\" \/>\n<meta property=\"og:locale:alternate\" content=\"en_US\" \/>\n<meta property=\"og:locale:alternate\" content=\"hu_HU\" \/>\n<meta property=\"og:locale:alternate\" content=\"sk_SK\" \/>\n<meta property=\"og:locale:alternate\" content=\"sv_SE\" \/>\n<meta property=\"og:type\" content=\"article\" \/>\n<meta property=\"og:title\" content=\"Pol\u00edcia kolabuje: Do konca roka m\u00e1 od\u00eds\u0165 e\u0161te 2 400 policajtov, vyz\u00fdvame R. Fica, aby zvolal bezpe\u010dnostn\u00fa radu \u0161t\u00e1tu\" \/>\n<meta property=\"og:description\" content=\"\u017dalostn\u00e1 situ\u00e1cia v policajnom zbore, za ktor\u00fa zodpoved\u00e1 minister \u0160utaj E\u0161tok a policajn\u00fd \u0161\u00e9f Sol\u00e1k predstavuje ohrozenie bezpe\u010dnosti Slovenska. Pod\u013ea inform\u00e1ci\u00ed Demokratov m\u00e1 do konca roka od\u00eds\u0165 \u010fal\u0161\u00edch 2 400 policajtiek a policajtov. Pod veden\u00edm \u0160utaja E\u0161toka bude do konca roka ch\u00fdba\u0165 vy\u0161e 5 000 pr\u00edslu\u0161n\u00edkov zboru, \u010do je smutne rekordn\u00e9 \u010d\u00edslo. Demokrati vyz\u00fdvaj\u00fa premi\u00e9ra [&hellip;]\" \/>\n<meta property=\"og:url\" content=\"https:\/\/www.smedemokrati.sk\/cs\/policia-kolabuje-do-konca-roka-ma-odist-este-2-400-policajtov-vyzyvame-r-fica-aby-zvolal-bezpecnostnu-radu-statu\/\" \/>\n<meta property=\"og:site_name\" content=\"Smedemokrati.sk\" \/>\n<meta property=\"article:publisher\" content=\"https:\/\/www.facebook.com\/smedemokrati2023\" \/>\n<meta property=\"article:published_time\" content=\"2024-10-16T09:38:38+00:00\" \/>\n<meta property=\"article:modified_time\" content=\"2024-11-02T21:33:21+00:00\" \/>\n<meta property=\"og:image\" content=\"https:\/\/www.smedemokrati.sk\/wp-content\/uploads\/2024\/10\/policia-kolabuje.jpg\" \/>\n\t<meta property=\"og:image:width\" content=\"1475\" \/>\n\t<meta property=\"og:image:height\" content=\"827\" \/>\n\t<meta property=\"og:image:type\" content=\"image\/jpeg\" \/>\n<meta name=\"author\" content=\"miro.sopko\" \/>\n<meta name=\"twitter:card\" content=\"summary_large_image\" \/>\n<meta name=\"twitter:label1\" content=\"Napsal(a)\" \/>\n\t<meta name=\"twitter:data1\" content=\"miro.sopko\" \/>\n\t<meta name=\"twitter:label2\" content=\"Odhadovan\u00e1 doba \u010dten\u00ed\" \/>\n\t<meta name=\"twitter:data2\" content=\"3 minuty\" \/>\n<script type=\"application\/ld+json\" class=\"yoast-schema-graph\">{\"@context\":\"https:\/\/schema.org\",\"@graph\":[{\"@type\":\"Article\",\"@id\":\"https:\/\/www.smedemokrati.sk\/policia-kolabuje-do-konca-roka-ma-odist-este-2-400-policajtov-vyzyvame-r-fica-aby-zvolal-bezpecnostnu-radu-statu\/#article\",\"isPartOf\":{\"@id\":\"https:\/\/www.smedemokrati.sk\/policia-kolabuje-do-konca-roka-ma-odist-este-2-400-policajtov-vyzyvame-r-fica-aby-zvolal-bezpecnostnu-radu-statu\/\"},\"author\":{\"name\":\"miro.sopko\",\"@id\":\"https:\/\/www.smedemokrati.sk\/#\/schema\/person\/21f147c88d605aa7ded900e1e7c344ba\"},\"headline\":\"Pol\u00edcia kolabuje: Do konca roka m\u00e1 od\u00eds\u0165 e\u0161te 2 400 policajtov, vyz\u00fdvame R. Fica, aby zvolal bezpe\u010dnostn\u00fa radu \u0161t\u00e1tu\",\"datePublished\":\"2024-10-16T09:38:38+00:00\",\"dateModified\":\"2024-11-02T21:33:21+00:00\",\"mainEntityOfPage\":{\"@id\":\"https:\/\/www.smedemokrati.sk\/policia-kolabuje-do-konca-roka-ma-odist-este-2-400-policajtov-vyzyvame-r-fica-aby-zvolal-bezpecnostnu-radu-statu\/\"},\"wordCount\":747,\"publisher\":{\"@id\":\"https:\/\/www.smedemokrati.sk\/#organization\"},\"image\":{\"@id\":\"https:\/\/www.smedemokrati.sk\/policia-kolabuje-do-konca-roka-ma-odist-este-2-400-policajtov-vyzyvame-r-fica-aby-zvolal-bezpecnostnu-radu-statu\/#primaryimage\"},\"thumbnailUrl\":\"https:\/\/www.smedemokrati.sk\/wp-content\/uploads\/2024\/10\/policia-kolabuje.jpg\",\"articleSection\":[\"Tla\u010dov\u00e9 spr\u00e1vy\"],\"inLanguage\":\"cs-CZ\"},{\"@type\":\"WebPage\",\"@id\":\"https:\/\/www.smedemokrati.sk\/policia-kolabuje-do-konca-roka-ma-odist-este-2-400-policajtov-vyzyvame-r-fica-aby-zvolal-bezpecnostnu-radu-statu\/\",\"url\":\"https:\/\/www.smedemokrati.sk\/policia-kolabuje-do-konca-roka-ma-odist-este-2-400-policajtov-vyzyvame-r-fica-aby-zvolal-bezpecnostnu-radu-statu\/\",\"name\":\"Pol\u00edcia kolabuje: Do konca roka m\u00e1 od\u00eds\u0165 e\u0161te 2 400 policajtov, vyz\u00fdvame R. Fica, aby zvolal bezpe\u010dnostn\u00fa radu \u0161t\u00e1tu\",\"isPartOf\":{\"@id\":\"https:\/\/www.smedemokrati.sk\/#website\"},\"primaryImageOfPage\":{\"@id\":\"https:\/\/www.smedemokrati.sk\/policia-kolabuje-do-konca-roka-ma-odist-este-2-400-policajtov-vyzyvame-r-fica-aby-zvolal-bezpecnostnu-radu-statu\/#primaryimage\"},\"image\":{\"@id\":\"https:\/\/www.smedemokrati.sk\/policia-kolabuje-do-konca-roka-ma-odist-este-2-400-policajtov-vyzyvame-r-fica-aby-zvolal-bezpecnostnu-radu-statu\/#primaryimage\"},\"thumbnailUrl\":\"https:\/\/www.smedemokrati.sk\/wp-content\/uploads\/2024\/10\/policia-kolabuje.jpg\",\"datePublished\":\"2024-10-16T09:38:38+00:00\",\"dateModified\":\"2024-11-02T21:33:21+00:00\",\"breadcrumb\":{\"@id\":\"https:\/\/www.smedemokrati.sk\/policia-kolabuje-do-konca-roka-ma-odist-este-2-400-policajtov-vyzyvame-r-fica-aby-zvolal-bezpecnostnu-radu-statu\/#breadcrumb\"},\"inLanguage\":\"cs-CZ\",\"potentialAction\":[{\"@type\":\"ReadAction\",\"target\":[\"https:\/\/www.smedemokrati.sk\/policia-kolabuje-do-konca-roka-ma-odist-este-2-400-policajtov-vyzyvame-r-fica-aby-zvolal-bezpecnostnu-radu-statu\/\"]}]},{\"@type\":\"ImageObject\",\"inLanguage\":\"cs-CZ\",\"@id\":\"https:\/\/www.smedemokrati.sk\/policia-kolabuje-do-konca-roka-ma-odist-este-2-400-policajtov-vyzyvame-r-fica-aby-zvolal-bezpecnostnu-radu-statu\/#primaryimage\",\"url\":\"https:\/\/www.smedemokrati.sk\/wp-content\/uploads\/2024\/10\/policia-kolabuje.jpg\",\"contentUrl\":\"https:\/\/www.smedemokrati.sk\/wp-content\/uploads\/2024\/10\/policia-kolabuje.jpg\",\"width\":1475,\"height\":827},{\"@type\":\"BreadcrumbList\",\"@id\":\"https:\/\/www.smedemokrati.sk\/policia-kolabuje-do-konca-roka-ma-odist-este-2-400-policajtov-vyzyvame-r-fica-aby-zvolal-bezpecnostnu-radu-statu\/#breadcrumb\",\"itemListElement\":[{\"@type\":\"ListItem\",\"position\":1,\"name\":\"Domovsk\u00e1 str\u00e1nka\",\"item\":\"https:\/\/www.smedemokrati.sk\/\"},{\"@type\":\"ListItem\",\"position\":2,\"name\":\"Pol\u00edcia kolabuje: Do konca roka m\u00e1 od\u00eds\u0165 e\u0161te 2 400 policajtov, vyz\u00fdvame R. Fica, aby zvolal bezpe\u010dnostn\u00fa radu \u0161t\u00e1tu\"}]},{\"@type\":\"WebSite\",\"@id\":\"https:\/\/www.smedemokrati.sk\/#website\",\"url\":\"https:\/\/www.smedemokrati.sk\/\",\"name\":\"Smedemokrati.sk\",\"description\":\"Demokracia a slu\u0161nos\u0165 zv\u00ed\u0165az\u00ed\",\"publisher\":{\"@id\":\"https:\/\/www.smedemokrati.sk\/#organization\"},\"potentialAction\":[{\"@type\":\"SearchAction\",\"target\":{\"@type\":\"EntryPoint\",\"urlTemplate\":\"https:\/\/www.smedemokrati.sk\/?s={search_term_string}\"},\"query-input\":{\"@type\":\"PropertyValueSpecification\",\"valueRequired\":true,\"valueName\":\"search_term_string\"}}],\"inLanguage\":\"cs-CZ\"},{\"@type\":\"Organization\",\"@id\":\"https:\/\/www.smedemokrati.sk\/#organization\",\"name\":\"Smedemokrati.sk\",\"url\":\"https:\/\/www.smedemokrati.sk\/\",\"logo\":{\"@type\":\"ImageObject\",\"inLanguage\":\"cs-CZ\",\"@id\":\"https:\/\/www.smedemokrati.sk\/#\/schema\/logo\/image\/\",\"url\":\"https:\/\/www.smedemokrati.sk\/wp-content\/uploads\/2023\/04\/ff.002.jpeg\",\"contentUrl\":\"https:\/\/www.smedemokrati.sk\/wp-content\/uploads\/2023\/04\/ff.002.jpeg\",\"width\":640,\"height\":480,\"caption\":\"Smedemokrati.sk\"},\"image\":{\"@id\":\"https:\/\/www.smedemokrati.sk\/#\/schema\/logo\/image\/\"},\"sameAs\":[\"https:\/\/www.facebook.com\/smedemokrati2023\"]},{\"@type\":\"Person\",\"@id\":\"https:\/\/www.smedemokrati.sk\/#\/schema\/person\/21f147c88d605aa7ded900e1e7c344ba\",\"name\":\"miro.sopko\",\"image\":{\"@type\":\"ImageObject\",\"inLanguage\":\"cs-CZ\",\"@id\":\"https:\/\/secure.gravatar.com\/avatar\/267e4a36f704376c109afe3a78740c1f5dd8675a2180a908699e7863c9247606?s=96&d=mm&r=g\",\"url\":\"https:\/\/secure.gravatar.com\/avatar\/267e4a36f704376c109afe3a78740c1f5dd8675a2180a908699e7863c9247606?s=96&d=mm&r=g\",\"contentUrl\":\"https:\/\/secure.gravatar.com\/avatar\/267e4a36f704376c109afe3a78740c1f5dd8675a2180a908699e7863c9247606?s=96&d=mm&r=g\",\"caption\":\"miro.sopko\"},\"url\":\"https:\/\/www.smedemokrati.sk\/cs\/author\/miro-sopko\/\"}]}<\/script>\n<!-- \/ Yoast SEO plugin. -->","yoast_head_json":{"title":"Pol\u00edcia kolabuje: Do konca roka m\u00e1 od\u00eds\u0165 e\u0161te 2 400 policajtov, vyz\u00fdvame R. Fica, aby zvolal bezpe\u010dnostn\u00fa radu \u0161t\u00e1tu","robots":{"index":"index","follow":"follow","max-snippet":"max-snippet:-1","max-image-preview":"max-image-preview:large","max-video-preview":"max-video-preview:-1"},"canonical":"https:\/\/www.smedemokrati.sk\/cs\/policia-kolabuje-do-konca-roka-ma-odist-este-2-400-policajtov-vyzyvame-r-fica-aby-zvolal-bezpecnostnu-radu-statu\/","og_locale":"cs_CZ","og_type":"article","og_title":"[:sk]Pol\u00edcia kolabuje: Do konca roka m\u00e1 od\u00eds\u0165 e\u0161te 2 400 policajtov, vyz\u00fdvame R. Fica, aby zvolal bezpe\u010dnostn\u00fa radu \u0161t\u00e1tu[:] - Smedemokrati.sk","og_description":"\u017dalostn\u00e1 situ\u00e1cia v policajnom zbore, za ktor\u00fa zodpoved\u00e1 minister \u0160utaj E\u0161tok a policajn\u00fd \u0161\u00e9f Sol\u00e1k predstavuje ohrozenie bezpe\u010dnosti Slovenska. Pod\u013ea inform\u00e1ci\u00ed Demokratov m\u00e1 do konca roka od\u00eds\u0165 \u010fal\u0161\u00edch 2 400 policajtiek a policajtov. Pod veden\u00edm \u0160utaja E\u0161toka bude do konca roka ch\u00fdba\u0165 vy\u0161e 5 000 pr\u00edslu\u0161n\u00edkov zboru, \u010do je smutne rekordn\u00e9 \u010d\u00edslo. Demokrati vyz\u00fdvaj\u00fa premi\u00e9ra [&hellip;]","og_url":"https:\/\/www.smedemokrati.sk\/cs\/policia-kolabuje-do-konca-roka-ma-odist-este-2-400-policajtov-vyzyvame-r-fica-aby-zvolal-bezpecnostnu-radu-statu\/","og_site_name":"Smedemokrati.sk","article_publisher":"https:\/\/www.facebook.com\/smedemokrati2023","article_published_time":"2024-10-16T09:38:38+00:00","article_modified_time":"2024-11-02T21:33:21+00:00","og_image":[{"width":1475,"height":827,"url":"https:\/\/www.smedemokrati.sk\/wp-content\/uploads\/2024\/10\/policia-kolabuje.jpg","type":"image\/jpeg"}],"author":"miro.sopko","twitter_card":"summary_large_image","twitter_misc":{"Napsal(a)":"miro.sopko","Odhadovan\u00e1 doba \u010dten\u00ed":"3 minuty"},"schema":{"@context":"https:\/\/schema.org","@graph":[{"@type":"Article","@id":"https:\/\/www.smedemokrati.sk\/policia-kolabuje-do-konca-roka-ma-odist-este-2-400-policajtov-vyzyvame-r-fica-aby-zvolal-bezpecnostnu-radu-statu\/#article","isPartOf":{"@id":"https:\/\/www.smedemokrati.sk\/policia-kolabuje-do-konca-roka-ma-odist-este-2-400-policajtov-vyzyvame-r-fica-aby-zvolal-bezpecnostnu-radu-statu\/"},"author":{"name":"miro.sopko","@id":"https:\/\/www.smedemokrati.sk\/#\/schema\/person\/21f147c88d605aa7ded900e1e7c344ba"},"headline":"Pol\u00edcia kolabuje: Do konca roka m\u00e1 od\u00eds\u0165 e\u0161te 2 400 policajtov, vyz\u00fdvame R. Fica, aby zvolal bezpe\u010dnostn\u00fa radu \u0161t\u00e1tu","datePublished":"2024-10-16T09:38:38+00:00","dateModified":"2024-11-02T21:33:21+00:00","mainEntityOfPage":{"@id":"https:\/\/www.smedemokrati.sk\/policia-kolabuje-do-konca-roka-ma-odist-este-2-400-policajtov-vyzyvame-r-fica-aby-zvolal-bezpecnostnu-radu-statu\/"},"wordCount":747,"publisher":{"@id":"https:\/\/www.smedemokrati.sk\/#organization"},"image":{"@id":"https:\/\/www.smedemokrati.sk\/policia-kolabuje-do-konca-roka-ma-odist-este-2-400-policajtov-vyzyvame-r-fica-aby-zvolal-bezpecnostnu-radu-statu\/#primaryimage"},"thumbnailUrl":"https:\/\/www.smedemokrati.sk\/wp-content\/uploads\/2024\/10\/policia-kolabuje.jpg","articleSection":["Tla\u010dov\u00e9 spr\u00e1vy"],"inLanguage":"cs-CZ"},{"@type":"WebPage","@id":"https:\/\/www.smedemokrati.sk\/policia-kolabuje-do-konca-roka-ma-odist-este-2-400-policajtov-vyzyvame-r-fica-aby-zvolal-bezpecnostnu-radu-statu\/","url":"https:\/\/www.smedemokrati.sk\/policia-kolabuje-do-konca-roka-ma-odist-este-2-400-policajtov-vyzyvame-r-fica-aby-zvolal-bezpecnostnu-radu-statu\/","name":"Pol\u00edcia kolabuje: Do konca roka m\u00e1 od\u00eds\u0165 e\u0161te 2 400 policajtov, vyz\u00fdvame R. Fica, aby zvolal bezpe\u010dnostn\u00fa radu \u0161t\u00e1tu","isPartOf":{"@id":"https:\/\/www.smedemokrati.sk\/#website"},"primaryImageOfPage":{"@id":"https:\/\/www.smedemokrati.sk\/policia-kolabuje-do-konca-roka-ma-odist-este-2-400-policajtov-vyzyvame-r-fica-aby-zvolal-bezpecnostnu-radu-statu\/#primaryimage"},"image":{"@id":"https:\/\/www.smedemokrati.sk\/policia-kolabuje-do-konca-roka-ma-odist-este-2-400-policajtov-vyzyvame-r-fica-aby-zvolal-bezpecnostnu-radu-statu\/#primaryimage"},"thumbnailUrl":"https:\/\/www.smedemokrati.sk\/wp-content\/uploads\/2024\/10\/policia-kolabuje.jpg","datePublished":"2024-10-16T09:38:38+00:00","dateModified":"2024-11-02T21:33:21+00:00","breadcrumb":{"@id":"https:\/\/www.smedemokrati.sk\/policia-kolabuje-do-konca-roka-ma-odist-este-2-400-policajtov-vyzyvame-r-fica-aby-zvolal-bezpecnostnu-radu-statu\/#breadcrumb"},"inLanguage":"cs-CZ","potentialAction":[{"@type":"ReadAction","target":["https:\/\/www.smedemokrati.sk\/policia-kolabuje-do-konca-roka-ma-odist-este-2-400-policajtov-vyzyvame-r-fica-aby-zvolal-bezpecnostnu-radu-statu\/"]}]},{"@type":"ImageObject","inLanguage":"cs-CZ","@id":"https:\/\/www.smedemokrati.sk\/policia-kolabuje-do-konca-roka-ma-odist-este-2-400-policajtov-vyzyvame-r-fica-aby-zvolal-bezpecnostnu-radu-statu\/#primaryimage","url":"https:\/\/www.smedemokrati.sk\/wp-content\/uploads\/2024\/10\/policia-kolabuje.jpg","contentUrl":"https:\/\/www.smedemokrati.sk\/wp-content\/uploads\/2024\/10\/policia-kolabuje.jpg","width":1475,"height":827},{"@type":"BreadcrumbList","@id":"https:\/\/www.smedemokrati.sk\/policia-kolabuje-do-konca-roka-ma-odist-este-2-400-policajtov-vyzyvame-r-fica-aby-zvolal-bezpecnostnu-radu-statu\/#breadcrumb","itemListElement":[{"@type":"ListItem","position":1,"name":"Domovsk\u00e1 str\u00e1nka","item":"https:\/\/www.smedemokrati.sk\/"},{"@type":"ListItem","position":2,"name":"Pol\u00edcia kolabuje: Do konca roka m\u00e1 od\u00eds\u0165 e\u0161te 2 400 policajtov, vyz\u00fdvame R. Fica, aby zvolal bezpe\u010dnostn\u00fa radu \u0161t\u00e1tu"}]},{"@type":"WebSite","@id":"https:\/\/www.smedemokrati.sk\/#website","url":"https:\/\/www.smedemokrati.sk\/","name":"Smedemokrati.sk","description":"Demokracia a slu\u0161nos\u0165 zv\u00ed\u0165az\u00ed","publisher":{"@id":"https:\/\/www.smedemokrati.sk\/#organization"},"potentialAction":[{"@type":"SearchAction","target":{"@type":"EntryPoint","urlTemplate":"https:\/\/www.smedemokrati.sk\/?s={search_term_string}"},"query-input":{"@type":"PropertyValueSpecification","valueRequired":true,"valueName":"search_term_string"}}],"inLanguage":"cs-CZ"},{"@type":"Organization","@id":"https:\/\/www.smedemokrati.sk\/#organization","name":"Smedemokrati.sk","url":"https:\/\/www.smedemokrati.sk\/","logo":{"@type":"ImageObject","inLanguage":"cs-CZ","@id":"https:\/\/www.smedemokrati.sk\/#\/schema\/logo\/image\/","url":"https:\/\/www.smedemokrati.sk\/wp-content\/uploads\/2023\/04\/ff.002.jpeg","contentUrl":"https:\/\/www.smedemokrati.sk\/wp-content\/uploads\/2023\/04\/ff.002.jpeg","width":640,"height":480,"caption":"Smedemokrati.sk"},"image":{"@id":"https:\/\/www.smedemokrati.sk\/#\/schema\/logo\/image\/"},"sameAs":["https:\/\/www.facebook.com\/smedemokrati2023"]},{"@type":"Person","@id":"https:\/\/www.smedemokrati.sk\/#\/schema\/person\/21f147c88d605aa7ded900e1e7c344ba","name":"miro.sopko","image":{"@type":"ImageObject","inLanguage":"cs-CZ","@id":"https:\/\/secure.gravatar.com\/avatar\/267e4a36f704376c109afe3a78740c1f5dd8675a2180a908699e7863c9247606?s=96&d=mm&r=g","url":"https:\/\/secure.gravatar.com\/avatar\/267e4a36f704376c109afe3a78740c1f5dd8675a2180a908699e7863c9247606?s=96&d=mm&r=g","contentUrl":"https:\/\/secure.gravatar.com\/avatar\/267e4a36f704376c109afe3a78740c1f5dd8675a2180a908699e7863c9247606?s=96&d=mm&r=g","caption":"miro.sopko"},"url":"https:\/\/www.smedemokrati.sk\/cs\/author\/miro-sopko\/"}]}},"_links":{"self":[{"href":"https:\/\/www.smedemokrati.sk\/cs\/wp-json\/wp\/v2\/posts\/5358","targetHints":{"allow":["GET"]}}],"collection":[{"href":"https:\/\/www.smedemokrati.sk\/cs\/wp-json\/wp\/v2\/posts"}],"about":[{"href":"https:\/\/www.smedemokrati.sk\/cs\/wp-json\/wp\/v2\/types\/post"}],"author":[{"embeddable":true,"href":"https:\/\/www.smedemokrati.sk\/cs\/wp-json\/wp\/v2\/users\/13"}],"replies":[{"embeddable":true,"href":"https:\/\/www.smedemokrati.sk\/cs\/wp-json\/wp\/v2\/comments?post=5358"}],"version-history":[{"count":1,"href":"https:\/\/www.smedemokrati.sk\/cs\/wp-json\/wp\/v2\/posts\/5358\/revisions"}],"predecessor-version":[{"id":5360,"href":"https:\/\/www.smedemokrati.sk\/cs\/wp-json\/wp\/v2\/posts\/5358\/revisions\/5360"}],"wp:featuredmedia":[{"embeddable":true,"href":"https:\/\/www.smedemokrati.sk\/cs\/wp-json\/wp\/v2\/media\/5359"}],"wp:attachment":[{"href":"https:\/\/www.smedemokrati.sk\/cs\/wp-json\/wp\/v2\/media?parent=5358"}],"wp:term":[{"taxonomy":"category","embeddable":true,"href":"https:\/\/www.smedemokrati.sk\/cs\/wp-json\/wp\/v2\/categories?post=5358"},{"taxonomy":"post_tag","embeddable":true,"href":"https:\/\/www.smedemokrati.sk\/cs\/wp-json\/wp\/v2\/tags?post=5358"}],"curies":[{"name":"wp","href":"https:\/\/api.w.org\/{rel}","templated":true}]}}