{"id":5321,"date":"2024-10-11T10:20:27","date_gmt":"2024-10-11T09:20:27","guid":{"rendered":"https:\/\/www.smedemokrati.sk\/?p=5321"},"modified":"2024-11-02T22:32:53","modified_gmt":"2024-11-02T21:32:53","slug":"symbolom-vlady-r-fica-bude-uz-navzdy-drahe-maslo-a-aj-to-na-jeho-hlave","status":"publish","type":"post","link":"https:\/\/www.smedemokrati.sk\/cs\/symbolom-vlady-r-fica-bude-uz-navzdy-drahe-maslo-a-aj-to-na-jeho-hlave\/","title":{"rendered":"Symbolom vl\u00e1dy R. Fica bude u\u017e nav\u017edy drah\u00e9 maslo a aj to na jeho hlave"},"content":{"rendered":"<div id=\"fb-root\"><\/div>\n\n<p><strong>Demokrati doru\u010dili predsedovi vl\u00e1dy 11 konkr\u00e9tnych opatren\u00ed, ktor\u00fdmi m\u00f4\u017ee vl\u00e1da okam\u017eite pom\u00f4c\u0165 drastickej situ\u00e1cii okolo cien potrav\u00edn. T\u00fa pova\u017euj\u00fa Demokrati za likvida\u010dn\u00fa najm\u00e4 pre stredn\u00fa triedu a ak vl\u00e1da okam\u017eite neza\u010dne kona\u0165, negat\u00edvne dopady poc\u00edtia nielen p\u00f4dohospod\u00e1ri, ale aj stovky tis\u00edc rod\u00edn na Slovensku.<\/strong><\/p>\n\n\n\n<p>Na pr\u00edklade predra\u017een\u00e9ho masla, ktor\u00e9ho cena p\u00f4jde pod\u013ea odborn\u00edkov e\u0161te hore, Demokrati ilustruj\u00fa, \u017ee Robert Fico nedodr\u017eiava svoje predvolebn\u00e9 s\u013euby a jeho minister p\u00f4dohospod\u00e1rstva neurobil v pomoci \u013eu\u010fom, ktor\u00fdch tr\u00e1pi potravinov\u00e1 chudoba, absol\u00fatne ni\u010d:&nbsp;<em>\u201eRoberta Fica u\u017e netr\u00e1pi, ako sa \u017eije \u013eu\u010fom na Slovensku, preto\u017ee u\u017e sa stal premi\u00e9rom. Je absurdn\u00e9, \u017ee ro\u017eok s maslom dnes v na\u0161ej krajine m\u00f4\u017eeme ozna\u010di\u0165 za luxusn\u00e9 ra\u0148ajky, pri\u010dom minul\u00fd rok si t\u00e1to vl\u00e1da stanovila, \u017ee zastabilizuje ceny potrav\u00edn a podarilo sa im to tak, \u017ee s\u00fa stabilne jedny z najdrah\u0161\u00edch v Eur\u00f3pe a ceny \u010falej st\u00fapaj\u00fa,&#8220;<\/em>&nbsp;otv\u00e1ra t\u00e9mu Juraj \u0160eliga, podpredseda Demokratov, a dod\u00e1va, \u017ee opatrenie, s ktor\u00fdm pri\u0161la vl\u00e1da R. Fica, a teda 5% DPH na potraviny v \u017eiadnom pr\u00edpade ceny potrav\u00edn nezn\u00ed\u017ei.<\/p>\n\n\n\n<p><em>\u201eRobert Fico vykrikoval, \u017ee vtedaj\u0161iemu premi\u00e9rovi Hegerovi str\u010d\u00ed ro\u017eok s&nbsp;maslom do \u00fast, aby c\u00edtil ako chut\u00ed chudoba. Dnes je kde p\u00e1n Fico, ke\u010f cena masla atakuje 4 eur\u00e1 a&nbsp;\u013eu\u010fom v\u0161etko dra\u017eie? A&nbsp;to e\u0161te nie je ani za\u010diatok roka, ke\u010f nast\u00fapi nov\u00e1 DPH, transak\u010dn\u00e1 da\u0148, vy\u0161\u0161ie ceny energi\u00ed a&nbsp;tak aj vy\u0161\u0161ie ceny potrav\u00edn. Robert Fico m\u00e1 r\u00e1d luxus, pr\u00e1ve preto sme mu teda priniesli dnes u\u017e na Slovensku luxusn\u00fd tovar \u2013 ro\u017eok s&nbsp;maslom.\u201c<\/em>&nbsp;hovor\u00ed Juraj \u0160eliga<\/p>\n\n\n\n<p>Enviroexpert Michal Ki\u010da predstavuje 11 konkr\u00e9tnych opatren\u00ed, ktor\u00fd doru\u010duje predsedovi vl\u00e1dy:&nbsp;<em>\u201eNechceme ni\u010d extra iba to, aby ceny na Slovensku boli ako v\u0161ade inde v Eur\u00f3pe. Vl\u00e1da sama prijala uznesenie, pod\u013ea ktor\u00e9ho mali jeden rok sledova\u0165 ceny potrav\u00edn a \u010do urobili za tento rok? Ni\u010d. Minister Tak\u00e1\u010d predlo\u017eil za tento rok 4 n\u00e1vrhy z\u00e1konov a ani jeden sa net\u00fdkal cien potrav\u00edn,&#8220;<\/em>&nbsp;za\u010d\u00edna \u010dlen predsedn\u00edctva Ki\u010da a hovor\u00ed, \u017ee ani samotn\u00fd premi\u00e9r Fico neurobil vo veci ani jeden krok.&nbsp;<em>\u201eV\u00fdsledkom tejto ro\u010dnej ne\u010dinnosti je horibiln\u00e1 cena masla a \u010fal\u0161\u00edch potrav\u00edn. My v\u0161ak vieme \u010do robi\u0165 a na\u0161e rie\u0161enia si pokojne osvojte, p\u00e1n premi\u00e9r, len u\u017e hlavne pom\u00f4\u017ete \u013eu\u010fom a p\u00f4dohospod\u00e1rom. Navrhujeme zastropovanie cien potrav\u00edn, no nie regul\u00e1ciou. Tie\u017e navrhujeme adresn\u00e9 opatrenie formou potravinov\u00fdch \u0161ekov a okam\u017eit\u00fa maximaliz\u00e1ciou \u010derpania prostriedkov z Programu rozvoja vidieka. \u010eal\u0161\u00edm opatren\u00edm je napr\u00edklad je zru\u0161enie alebo aspo\u0148 \u010dasov\u00e9 posunutie zavedenia transak\u010dnej dane, preto\u017ee to bude ma\u0165 fat\u00e1lne dopady na potravin\u00e1rov,&#8220;<\/em>&nbsp;hovor\u00ed Michal Ki\u010da.<\/p>\n\n\n\n<p><em>\u201eAk vl\u00e1da neza\u010dne kona\u0165 vr\u00e1tia sa \u010dasy ke\u010f miesto masla bud\u00fa na\u0161e mamy pou\u017e\u00edva\u0165 margar\u00edn, tak ako za komunistov.\u201c<\/em>&nbsp;kon\u0161tatuje Michal Ki\u010da a uzatv\u00e1ra, \u017ee ak vl\u00e1da okam\u017eite t\u00fato doslova chlebov\u00fa t\u00e9mu neza\u010dne akt\u00edvne a odborne rie\u0161i\u0165, nasleduj\u00face obdobie bude likvida\u010dn\u00e9 najm\u00e4 pre stredn\u00fa triedu, ktor\u00e1 vytv\u00e1ra hodnoty, \u017eiv\u00ed rodiny a tvrdo pracuje.&nbsp;<\/p>\n\n\n\n<p>List pre premi\u00e9ra s 11 opatreniami priklad\u00e1me v&nbsp;pr\u00edlohe.<\/p>\n\n\n\n<div data-wp-interactive=\"core\/file\" class=\"wp-block-file\"><object data-wp-bind--hidden=\"!state.hasPdfPreview\" hidden class=\"wp-block-file__embed\" data=\"https:\/\/www.smedemokrati.sk\/wp-content\/uploads\/2024\/10\/List_Demokrati_11.okt-2024.pdf\" type=\"application\/pdf\" style=\"width:100%;height:600px\" aria-label=\"Vlo\u017eit z List_Demokrati_11.okt 2024.\"><\/object><a id=\"wp-block-file--media-03002a89-8551-4560-adf8-741ff2a5c192\" href=\"https:\/\/www.smedemokrati.sk\/wp-content\/uploads\/2024\/10\/List_Demokrati_11.okt-2024.pdf\">List_Demokrati_11.okt 2024<\/a><a href=\"https:\/\/www.smedemokrati.sk\/wp-content\/uploads\/2024\/10\/List_Demokrati_11.okt-2024.pdf\" class=\"wp-block-file__button wp-element-button\" download aria-describedby=\"wp-block-file--media-03002a89-8551-4560-adf8-741ff2a5c192\">Stiahnu\u0165<\/a><\/div>\n\n\n<div class=\"fb-video\" data-href=\"https:\/\/fb.watch\/v8CcDUQ3J5\" data-allowfullscreen=\"true\" data-autoplay=\"false\" data-width=\"\" data-show-text=\"false\" data-show-captions=\"true\"><\/div>\n","protected":false},"excerpt":{"rendered":"<p>Demokrati doru\u010dili predsedovi vl\u00e1dy 11 konkr\u00e9tnych opatren\u00ed, ktor\u00fdmi m\u00f4\u017ee vl\u00e1da okam\u017eite pom\u00f4c\u0165 drastickej situ\u00e1cii okolo cien potrav\u00edn. T\u00fa pova\u017euj\u00fa Demokrati za likvida\u010dn\u00fa najm\u00e4 pre stredn\u00fa triedu a ak vl\u00e1da okam\u017eite neza\u010dne kona\u0165, negat\u00edvne dopady poc\u00edtia nielen p\u00f4dohospod\u00e1ri, ale aj stovky tis\u00edc rod\u00edn na Slovensku. Na pr\u00edklade predra\u017een\u00e9ho masla, ktor\u00e9ho cena p\u00f4jde pod\u013ea odborn\u00edkov e\u0161te hore, [&hellip;]<\/p>\n","protected":false},"author":13,"featured_media":5323,"comment_status":"closed","ping_status":"closed","sticky":false,"template":"","format":"standard","meta":{"_acf_changed":false,"ngg_post_thumbnail":0,"footnotes":""},"categories":[4],"tags":[],"class_list":["post-5321","post","type-post","status-publish","format-standard","has-post-thumbnail","hentry","category-tlacove-spravy"],"acf":[],"yoast_head":"<!-- This site is optimized with the Yoast SEO plugin v27.2 - https:\/\/yoast.com\/product\/yoast-seo-wordpress\/ -->\n<title>Symbolom vl\u00e1dy R. Fica bude u\u017e nav\u017edy drah\u00e9 maslo a aj to na jeho hlave<\/title>\n<meta name=\"robots\" content=\"index, follow, max-snippet:-1, max-image-preview:large, max-video-preview:-1\" \/>\n<link rel=\"canonical\" href=\"https:\/\/www.smedemokrati.sk\/cs\/symbolom-vlady-r-fica-bude-uz-navzdy-drahe-maslo-a-aj-to-na-jeho-hlave\/\" \/>\n<meta property=\"og:locale\" content=\"cs_CZ\" \/>\n<meta property=\"og:locale:alternate\" content=\"en_US\" \/>\n<meta property=\"og:locale:alternate\" content=\"hu_HU\" \/>\n<meta property=\"og:locale:alternate\" content=\"sk_SK\" \/>\n<meta property=\"og:locale:alternate\" content=\"sv_SE\" \/>\n<meta property=\"og:type\" content=\"article\" \/>\n<meta property=\"og:title\" content=\"Symbolom vl\u00e1dy R. Fica bude u\u017e nav\u017edy drah\u00e9 maslo a aj to na jeho hlave\" \/>\n<meta property=\"og:description\" content=\"Demokrati doru\u010dili predsedovi vl\u00e1dy 11 konkr\u00e9tnych opatren\u00ed, ktor\u00fdmi m\u00f4\u017ee vl\u00e1da okam\u017eite pom\u00f4c\u0165 drastickej situ\u00e1cii okolo cien potrav\u00edn. T\u00fa pova\u017euj\u00fa Demokrati za likvida\u010dn\u00fa najm\u00e4 pre stredn\u00fa triedu a ak vl\u00e1da okam\u017eite neza\u010dne kona\u0165, negat\u00edvne dopady poc\u00edtia nielen p\u00f4dohospod\u00e1ri, ale aj stovky tis\u00edc rod\u00edn na Slovensku. Na pr\u00edklade predra\u017een\u00e9ho masla, ktor\u00e9ho cena p\u00f4jde pod\u013ea odborn\u00edkov e\u0161te hore, [&hellip;]\" \/>\n<meta property=\"og:url\" content=\"https:\/\/www.smedemokrati.sk\/cs\/symbolom-vlady-r-fica-bude-uz-navzdy-drahe-maslo-a-aj-to-na-jeho-hlave\/\" \/>\n<meta property=\"og:site_name\" content=\"Smedemokrati.sk\" \/>\n<meta property=\"article:publisher\" content=\"https:\/\/www.facebook.com\/smedemokrati2023\" \/>\n<meta property=\"article:published_time\" content=\"2024-10-11T09:20:27+00:00\" \/>\n<meta property=\"article:modified_time\" content=\"2024-11-02T21:32:53+00:00\" \/>\n<meta property=\"og:image\" content=\"https:\/\/www.smedemokrati.sk\/wp-content\/uploads\/2024\/10\/fico-maslo-e1728638828295.jpg\" \/>\n\t<meta property=\"og:image:width\" content=\"990\" \/>\n\t<meta property=\"og:image:height\" content=\"544\" \/>\n\t<meta property=\"og:image:type\" content=\"image\/jpeg\" \/>\n<meta name=\"author\" content=\"miro.sopko\" \/>\n<meta name=\"twitter:card\" content=\"summary_large_image\" \/>\n<meta name=\"twitter:label1\" content=\"Napsal(a)\" \/>\n\t<meta name=\"twitter:data1\" content=\"miro.sopko\" \/>\n\t<meta name=\"twitter:label2\" content=\"Odhadovan\u00e1 doba \u010dten\u00ed\" \/>\n\t<meta name=\"twitter:data2\" content=\"3 minuty\" \/>\n<script type=\"application\/ld+json\" class=\"yoast-schema-graph\">{\"@context\":\"https:\/\/schema.org\",\"@graph\":[{\"@type\":\"Article\",\"@id\":\"https:\/\/www.smedemokrati.sk\/symbolom-vlady-r-fica-bude-uz-navzdy-drahe-maslo-a-aj-to-na-jeho-hlave\/#article\",\"isPartOf\":{\"@id\":\"https:\/\/www.smedemokrati.sk\/symbolom-vlady-r-fica-bude-uz-navzdy-drahe-maslo-a-aj-to-na-jeho-hlave\/\"},\"author\":{\"name\":\"miro.sopko\",\"@id\":\"https:\/\/www.smedemokrati.sk\/#\/schema\/person\/21f147c88d605aa7ded900e1e7c344ba\"},\"headline\":\"Symbolom vl\u00e1dy R. Fica bude u\u017e nav\u017edy drah\u00e9 maslo a aj to na jeho hlave\",\"datePublished\":\"2024-10-11T09:20:27+00:00\",\"dateModified\":\"2024-11-02T21:32:53+00:00\",\"mainEntityOfPage\":{\"@id\":\"https:\/\/www.smedemokrati.sk\/symbolom-vlady-r-fica-bude-uz-navzdy-drahe-maslo-a-aj-to-na-jeho-hlave\/\"},\"wordCount\":653,\"publisher\":{\"@id\":\"https:\/\/www.smedemokrati.sk\/#organization\"},\"image\":{\"@id\":\"https:\/\/www.smedemokrati.sk\/symbolom-vlady-r-fica-bude-uz-navzdy-drahe-maslo-a-aj-to-na-jeho-hlave\/#primaryimage\"},\"thumbnailUrl\":\"https:\/\/www.smedemokrati.sk\/wp-content\/uploads\/2024\/10\/fico-maslo-e1728638828295.jpg\",\"articleSection\":[\"Tla\u010dov\u00e9 spr\u00e1vy\"],\"inLanguage\":\"cs-CZ\"},{\"@type\":\"WebPage\",\"@id\":\"https:\/\/www.smedemokrati.sk\/symbolom-vlady-r-fica-bude-uz-navzdy-drahe-maslo-a-aj-to-na-jeho-hlave\/\",\"url\":\"https:\/\/www.smedemokrati.sk\/symbolom-vlady-r-fica-bude-uz-navzdy-drahe-maslo-a-aj-to-na-jeho-hlave\/\",\"name\":\"Symbolom vl\u00e1dy R. Fica bude u\u017e nav\u017edy drah\u00e9 maslo a aj to na jeho hlave\",\"isPartOf\":{\"@id\":\"https:\/\/www.smedemokrati.sk\/#website\"},\"primaryImageOfPage\":{\"@id\":\"https:\/\/www.smedemokrati.sk\/symbolom-vlady-r-fica-bude-uz-navzdy-drahe-maslo-a-aj-to-na-jeho-hlave\/#primaryimage\"},\"image\":{\"@id\":\"https:\/\/www.smedemokrati.sk\/symbolom-vlady-r-fica-bude-uz-navzdy-drahe-maslo-a-aj-to-na-jeho-hlave\/#primaryimage\"},\"thumbnailUrl\":\"https:\/\/www.smedemokrati.sk\/wp-content\/uploads\/2024\/10\/fico-maslo-e1728638828295.jpg\",\"datePublished\":\"2024-10-11T09:20:27+00:00\",\"dateModified\":\"2024-11-02T21:32:53+00:00\",\"breadcrumb\":{\"@id\":\"https:\/\/www.smedemokrati.sk\/symbolom-vlady-r-fica-bude-uz-navzdy-drahe-maslo-a-aj-to-na-jeho-hlave\/#breadcrumb\"},\"inLanguage\":\"cs-CZ\",\"potentialAction\":[{\"@type\":\"ReadAction\",\"target\":[\"https:\/\/www.smedemokrati.sk\/symbolom-vlady-r-fica-bude-uz-navzdy-drahe-maslo-a-aj-to-na-jeho-hlave\/\"]}]},{\"@type\":\"ImageObject\",\"inLanguage\":\"cs-CZ\",\"@id\":\"https:\/\/www.smedemokrati.sk\/symbolom-vlady-r-fica-bude-uz-navzdy-drahe-maslo-a-aj-to-na-jeho-hlave\/#primaryimage\",\"url\":\"https:\/\/www.smedemokrati.sk\/wp-content\/uploads\/2024\/10\/fico-maslo-e1728638828295.jpg\",\"contentUrl\":\"https:\/\/www.smedemokrati.sk\/wp-content\/uploads\/2024\/10\/fico-maslo-e1728638828295.jpg\",\"width\":990,\"height\":544},{\"@type\":\"BreadcrumbList\",\"@id\":\"https:\/\/www.smedemokrati.sk\/symbolom-vlady-r-fica-bude-uz-navzdy-drahe-maslo-a-aj-to-na-jeho-hlave\/#breadcrumb\",\"itemListElement\":[{\"@type\":\"ListItem\",\"position\":1,\"name\":\"Domovsk\u00e1 str\u00e1nka\",\"item\":\"https:\/\/www.smedemokrati.sk\/\"},{\"@type\":\"ListItem\",\"position\":2,\"name\":\"Symbolom vl\u00e1dy R. Fica bude u\u017e nav\u017edy drah\u00e9 maslo a aj to na jeho hlave\"}]},{\"@type\":\"WebSite\",\"@id\":\"https:\/\/www.smedemokrati.sk\/#website\",\"url\":\"https:\/\/www.smedemokrati.sk\/\",\"name\":\"Smedemokrati.sk\",\"description\":\"Demokracia a slu\u0161nos\u0165 zv\u00ed\u0165az\u00ed\",\"publisher\":{\"@id\":\"https:\/\/www.smedemokrati.sk\/#organization\"},\"potentialAction\":[{\"@type\":\"SearchAction\",\"target\":{\"@type\":\"EntryPoint\",\"urlTemplate\":\"https:\/\/www.smedemokrati.sk\/?s={search_term_string}\"},\"query-input\":{\"@type\":\"PropertyValueSpecification\",\"valueRequired\":true,\"valueName\":\"search_term_string\"}}],\"inLanguage\":\"cs-CZ\"},{\"@type\":\"Organization\",\"@id\":\"https:\/\/www.smedemokrati.sk\/#organization\",\"name\":\"Smedemokrati.sk\",\"url\":\"https:\/\/www.smedemokrati.sk\/\",\"logo\":{\"@type\":\"ImageObject\",\"inLanguage\":\"cs-CZ\",\"@id\":\"https:\/\/www.smedemokrati.sk\/#\/schema\/logo\/image\/\",\"url\":\"https:\/\/www.smedemokrati.sk\/wp-content\/uploads\/2023\/04\/ff.002.jpeg\",\"contentUrl\":\"https:\/\/www.smedemokrati.sk\/wp-content\/uploads\/2023\/04\/ff.002.jpeg\",\"width\":640,\"height\":480,\"caption\":\"Smedemokrati.sk\"},\"image\":{\"@id\":\"https:\/\/www.smedemokrati.sk\/#\/schema\/logo\/image\/\"},\"sameAs\":[\"https:\/\/www.facebook.com\/smedemokrati2023\"]},{\"@type\":\"Person\",\"@id\":\"https:\/\/www.smedemokrati.sk\/#\/schema\/person\/21f147c88d605aa7ded900e1e7c344ba\",\"name\":\"miro.sopko\",\"image\":{\"@type\":\"ImageObject\",\"inLanguage\":\"cs-CZ\",\"@id\":\"https:\/\/secure.gravatar.com\/avatar\/267e4a36f704376c109afe3a78740c1f5dd8675a2180a908699e7863c9247606?s=96&d=mm&r=g\",\"url\":\"https:\/\/secure.gravatar.com\/avatar\/267e4a36f704376c109afe3a78740c1f5dd8675a2180a908699e7863c9247606?s=96&d=mm&r=g\",\"contentUrl\":\"https:\/\/secure.gravatar.com\/avatar\/267e4a36f704376c109afe3a78740c1f5dd8675a2180a908699e7863c9247606?s=96&d=mm&r=g\",\"caption\":\"miro.sopko\"},\"url\":\"https:\/\/www.smedemokrati.sk\/cs\/author\/miro-sopko\/\"}]}<\/script>\n<!-- \/ Yoast SEO plugin. -->","yoast_head_json":{"title":"Symbolom vl\u00e1dy R. Fica bude u\u017e nav\u017edy drah\u00e9 maslo a aj to na jeho hlave","robots":{"index":"index","follow":"follow","max-snippet":"max-snippet:-1","max-image-preview":"max-image-preview:large","max-video-preview":"max-video-preview:-1"},"canonical":"https:\/\/www.smedemokrati.sk\/cs\/symbolom-vlady-r-fica-bude-uz-navzdy-drahe-maslo-a-aj-to-na-jeho-hlave\/","og_locale":"cs_CZ","og_type":"article","og_title":"[:sk]Symbolom vl\u00e1dy R. Fica bude u\u017e nav\u017edy drah\u00e9 maslo a aj to na jeho hlave[:] - Smedemokrati.sk","og_description":"Demokrati doru\u010dili predsedovi vl\u00e1dy 11 konkr\u00e9tnych opatren\u00ed, ktor\u00fdmi m\u00f4\u017ee vl\u00e1da okam\u017eite pom\u00f4c\u0165 drastickej situ\u00e1cii okolo cien potrav\u00edn. T\u00fa pova\u017euj\u00fa Demokrati za likvida\u010dn\u00fa najm\u00e4 pre stredn\u00fa triedu a ak vl\u00e1da okam\u017eite neza\u010dne kona\u0165, negat\u00edvne dopady poc\u00edtia nielen p\u00f4dohospod\u00e1ri, ale aj stovky tis\u00edc rod\u00edn na Slovensku. Na pr\u00edklade predra\u017een\u00e9ho masla, ktor\u00e9ho cena p\u00f4jde pod\u013ea odborn\u00edkov e\u0161te hore, [&hellip;]","og_url":"https:\/\/www.smedemokrati.sk\/cs\/symbolom-vlady-r-fica-bude-uz-navzdy-drahe-maslo-a-aj-to-na-jeho-hlave\/","og_site_name":"Smedemokrati.sk","article_publisher":"https:\/\/www.facebook.com\/smedemokrati2023","article_published_time":"2024-10-11T09:20:27+00:00","article_modified_time":"2024-11-02T21:32:53+00:00","og_image":[{"width":990,"height":544,"url":"https:\/\/www.smedemokrati.sk\/wp-content\/uploads\/2024\/10\/fico-maslo-e1728638828295.jpg","type":"image\/jpeg"}],"author":"miro.sopko","twitter_card":"summary_large_image","twitter_misc":{"Napsal(a)":"miro.sopko","Odhadovan\u00e1 doba \u010dten\u00ed":"3 minuty"},"schema":{"@context":"https:\/\/schema.org","@graph":[{"@type":"Article","@id":"https:\/\/www.smedemokrati.sk\/symbolom-vlady-r-fica-bude-uz-navzdy-drahe-maslo-a-aj-to-na-jeho-hlave\/#article","isPartOf":{"@id":"https:\/\/www.smedemokrati.sk\/symbolom-vlady-r-fica-bude-uz-navzdy-drahe-maslo-a-aj-to-na-jeho-hlave\/"},"author":{"name":"miro.sopko","@id":"https:\/\/www.smedemokrati.sk\/#\/schema\/person\/21f147c88d605aa7ded900e1e7c344ba"},"headline":"Symbolom vl\u00e1dy R. Fica bude u\u017e nav\u017edy drah\u00e9 maslo a aj to na jeho hlave","datePublished":"2024-10-11T09:20:27+00:00","dateModified":"2024-11-02T21:32:53+00:00","mainEntityOfPage":{"@id":"https:\/\/www.smedemokrati.sk\/symbolom-vlady-r-fica-bude-uz-navzdy-drahe-maslo-a-aj-to-na-jeho-hlave\/"},"wordCount":653,"publisher":{"@id":"https:\/\/www.smedemokrati.sk\/#organization"},"image":{"@id":"https:\/\/www.smedemokrati.sk\/symbolom-vlady-r-fica-bude-uz-navzdy-drahe-maslo-a-aj-to-na-jeho-hlave\/#primaryimage"},"thumbnailUrl":"https:\/\/www.smedemokrati.sk\/wp-content\/uploads\/2024\/10\/fico-maslo-e1728638828295.jpg","articleSection":["Tla\u010dov\u00e9 spr\u00e1vy"],"inLanguage":"cs-CZ"},{"@type":"WebPage","@id":"https:\/\/www.smedemokrati.sk\/symbolom-vlady-r-fica-bude-uz-navzdy-drahe-maslo-a-aj-to-na-jeho-hlave\/","url":"https:\/\/www.smedemokrati.sk\/symbolom-vlady-r-fica-bude-uz-navzdy-drahe-maslo-a-aj-to-na-jeho-hlave\/","name":"Symbolom vl\u00e1dy R. Fica bude u\u017e nav\u017edy drah\u00e9 maslo a aj to na jeho hlave","isPartOf":{"@id":"https:\/\/www.smedemokrati.sk\/#website"},"primaryImageOfPage":{"@id":"https:\/\/www.smedemokrati.sk\/symbolom-vlady-r-fica-bude-uz-navzdy-drahe-maslo-a-aj-to-na-jeho-hlave\/#primaryimage"},"image":{"@id":"https:\/\/www.smedemokrati.sk\/symbolom-vlady-r-fica-bude-uz-navzdy-drahe-maslo-a-aj-to-na-jeho-hlave\/#primaryimage"},"thumbnailUrl":"https:\/\/www.smedemokrati.sk\/wp-content\/uploads\/2024\/10\/fico-maslo-e1728638828295.jpg","datePublished":"2024-10-11T09:20:27+00:00","dateModified":"2024-11-02T21:32:53+00:00","breadcrumb":{"@id":"https:\/\/www.smedemokrati.sk\/symbolom-vlady-r-fica-bude-uz-navzdy-drahe-maslo-a-aj-to-na-jeho-hlave\/#breadcrumb"},"inLanguage":"cs-CZ","potentialAction":[{"@type":"ReadAction","target":["https:\/\/www.smedemokrati.sk\/symbolom-vlady-r-fica-bude-uz-navzdy-drahe-maslo-a-aj-to-na-jeho-hlave\/"]}]},{"@type":"ImageObject","inLanguage":"cs-CZ","@id":"https:\/\/www.smedemokrati.sk\/symbolom-vlady-r-fica-bude-uz-navzdy-drahe-maslo-a-aj-to-na-jeho-hlave\/#primaryimage","url":"https:\/\/www.smedemokrati.sk\/wp-content\/uploads\/2024\/10\/fico-maslo-e1728638828295.jpg","contentUrl":"https:\/\/www.smedemokrati.sk\/wp-content\/uploads\/2024\/10\/fico-maslo-e1728638828295.jpg","width":990,"height":544},{"@type":"BreadcrumbList","@id":"https:\/\/www.smedemokrati.sk\/symbolom-vlady-r-fica-bude-uz-navzdy-drahe-maslo-a-aj-to-na-jeho-hlave\/#breadcrumb","itemListElement":[{"@type":"ListItem","position":1,"name":"Domovsk\u00e1 str\u00e1nka","item":"https:\/\/www.smedemokrati.sk\/"},{"@type":"ListItem","position":2,"name":"Symbolom vl\u00e1dy R. Fica bude u\u017e nav\u017edy drah\u00e9 maslo a aj to na jeho hlave"}]},{"@type":"WebSite","@id":"https:\/\/www.smedemokrati.sk\/#website","url":"https:\/\/www.smedemokrati.sk\/","name":"Smedemokrati.sk","description":"Demokracia a slu\u0161nos\u0165 zv\u00ed\u0165az\u00ed","publisher":{"@id":"https:\/\/www.smedemokrati.sk\/#organization"},"potentialAction":[{"@type":"SearchAction","target":{"@type":"EntryPoint","urlTemplate":"https:\/\/www.smedemokrati.sk\/?s={search_term_string}"},"query-input":{"@type":"PropertyValueSpecification","valueRequired":true,"valueName":"search_term_string"}}],"inLanguage":"cs-CZ"},{"@type":"Organization","@id":"https:\/\/www.smedemokrati.sk\/#organization","name":"Smedemokrati.sk","url":"https:\/\/www.smedemokrati.sk\/","logo":{"@type":"ImageObject","inLanguage":"cs-CZ","@id":"https:\/\/www.smedemokrati.sk\/#\/schema\/logo\/image\/","url":"https:\/\/www.smedemokrati.sk\/wp-content\/uploads\/2023\/04\/ff.002.jpeg","contentUrl":"https:\/\/www.smedemokrati.sk\/wp-content\/uploads\/2023\/04\/ff.002.jpeg","width":640,"height":480,"caption":"Smedemokrati.sk"},"image":{"@id":"https:\/\/www.smedemokrati.sk\/#\/schema\/logo\/image\/"},"sameAs":["https:\/\/www.facebook.com\/smedemokrati2023"]},{"@type":"Person","@id":"https:\/\/www.smedemokrati.sk\/#\/schema\/person\/21f147c88d605aa7ded900e1e7c344ba","name":"miro.sopko","image":{"@type":"ImageObject","inLanguage":"cs-CZ","@id":"https:\/\/secure.gravatar.com\/avatar\/267e4a36f704376c109afe3a78740c1f5dd8675a2180a908699e7863c9247606?s=96&d=mm&r=g","url":"https:\/\/secure.gravatar.com\/avatar\/267e4a36f704376c109afe3a78740c1f5dd8675a2180a908699e7863c9247606?s=96&d=mm&r=g","contentUrl":"https:\/\/secure.gravatar.com\/avatar\/267e4a36f704376c109afe3a78740c1f5dd8675a2180a908699e7863c9247606?s=96&d=mm&r=g","caption":"miro.sopko"},"url":"https:\/\/www.smedemokrati.sk\/cs\/author\/miro-sopko\/"}]}},"_links":{"self":[{"href":"https:\/\/www.smedemokrati.sk\/cs\/wp-json\/wp\/v2\/posts\/5321","targetHints":{"allow":["GET"]}}],"collection":[{"href":"https:\/\/www.smedemokrati.sk\/cs\/wp-json\/wp\/v2\/posts"}],"about":[{"href":"https:\/\/www.smedemokrati.sk\/cs\/wp-json\/wp\/v2\/types\/post"}],"author":[{"embeddable":true,"href":"https:\/\/www.smedemokrati.sk\/cs\/wp-json\/wp\/v2\/users\/13"}],"replies":[{"embeddable":true,"href":"https:\/\/www.smedemokrati.sk\/cs\/wp-json\/wp\/v2\/comments?post=5321"}],"version-history":[{"count":1,"href":"https:\/\/www.smedemokrati.sk\/cs\/wp-json\/wp\/v2\/posts\/5321\/revisions"}],"predecessor-version":[{"id":5324,"href":"https:\/\/www.smedemokrati.sk\/cs\/wp-json\/wp\/v2\/posts\/5321\/revisions\/5324"}],"wp:featuredmedia":[{"embeddable":true,"href":"https:\/\/www.smedemokrati.sk\/cs\/wp-json\/wp\/v2\/media\/5323"}],"wp:attachment":[{"href":"https:\/\/www.smedemokrati.sk\/cs\/wp-json\/wp\/v2\/media?parent=5321"}],"wp:term":[{"taxonomy":"category","embeddable":true,"href":"https:\/\/www.smedemokrati.sk\/cs\/wp-json\/wp\/v2\/categories?post=5321"},{"taxonomy":"post_tag","embeddable":true,"href":"https:\/\/www.smedemokrati.sk\/cs\/wp-json\/wp\/v2\/tags?post=5321"}],"curies":[{"name":"wp","href":"https:\/\/api.w.org\/{rel}","templated":true}]}}