{"id":5310,"date":"2024-10-09T14:17:42","date_gmt":"2024-10-09T13:17:42","guid":{"rendered":"https:\/\/www.smedemokrati.sk\/?p=5310"},"modified":"2024-10-21T11:08:09","modified_gmt":"2024-10-21T10:08:09","slug":"vyzyvame-roberta-fica-aby-sa-ospravedlnil-profesorom-na-trencianskom-gymnaziu","status":"publish","type":"post","link":"https:\/\/www.smedemokrati.sk\/cs\/vyzyvame-roberta-fica-aby-sa-ospravedlnil-profesorom-na-trencianskom-gymnaziu\/","title":{"rendered":"Vyz\u00fdvame Roberta Fica aby sa ospravedlnil profesorom na tren\u010dianskom gymn\u00e1ziu"},"content":{"rendered":"<div id=\"fb-root\"><\/div>\n\n<p><strong>Robert Fico potvrdzuje, \u017ee nie je premi\u00e9rom Slovenska ako tak\u00e9ho ale iba t\u00fdch, ktor\u00ed s n\u00edm s\u00fahlasia. Nielen\u017ee ako vysok\u00fd \u00fastavn\u00fd predstavite\u013e nere\u0161pektuje opa\u010dn\u00fd n\u00e1zor a slobodu slova, t\u00fdch, s ktor\u00fdmi sa nezhodne ur\u00e1\u017ea a nad\u00e1va. Predseda vl\u00e1dy najnov\u0161ie kritizoval tren\u010dianske gymn\u00e1zium za to, \u017ee chcelo pripravi\u0165 podujatie k v\u00fdro\u010diu dvojn\u00e1sobnej vra\u017edy v Tepl\u00e1rni. Pod\u013ea neho si ju vymyslel \u201enejak\u00fd pom\u00e4ten\u00fd profesor&#8220; a jeho vl\u00e1da sa od toho di\u0161tancuje. Demokrati vyz\u00fdvaj\u00fa premi\u00e9ra aby sa ospravedlnil.\u00a0<\/strong><\/p>\n\n\n\n<p><em>\u201eKa\u017ed\u00fd u\u010dite\u013e na slovensk\u00fdch \u0161kol\u00e1ch sa m\u00e1 pod\u013ea z\u00e1kona o pedagogick\u00fdch zamestnancov a odborn\u00fdch zamestnancov spr\u00e1va\u0165 v s\u00falade s Etick\u00fdm k\u00f3dexom. Tam je uveden\u00e9, \u017ee poslan\u00edm pedagogick\u00e9ho zamestnanca je okrem in\u00e9ho \u017eiakov u\u010di\u0165 d\u00f4vere a \u00facte k \u010dloveku, schopnosti v\u00e1\u017ei\u0165 si slobodu, prij\u00edma\u0165 zodpovednos\u0165 a by\u0165 spravodliv\u00fdm,&#8220;<\/em>\u00a0pripom\u00edna expert Demokratov pre \u0161kolstvo a u\u010dite\u013e Miroslav Sopko.\u00a0<\/p>\n\n\n\n<p>\u201e<em>\u017diadam predsedu vl\u00e1dy Roberta Fica, aby sa ospravedlnil za svoje ur\u00e1\u017eky vo\u010di slovensk\u00fdm u\u010dite\u013eom, pripom\u00ednam, \u017ee sa tren\u010dianskeho gymn\u00e1zia zastalo ministerstvo \u0161kolstva a jeho minister. Slovensk\u00ed u\u010ditelia si robia iba svoju pr\u00e1cu, ke\u010f ved\u00fa mlad\u00fdch \u013eud\u00ed k \u00facte k \u013eudsk\u00e9mu \u017eivotu a chceli im pripomen\u00fa\u0165 kam vedie cesta nen\u00e1visti, kedy sa za\u010dne prelieva\u0165 krv. Nen\u00e1vis\u0165 je ako povode\u0148, strhne so sebou ka\u017ed\u00e9ho, aj t\u00fdch ktor\u00ed rozoberaj\u00fa hr\u00e1dzu tolerancie a \u013eudskosti,&#8220;<\/em>\u00a0doplnil Sopko.<\/p>\n\n\n\n<p><em>\u201eRobert Fico prer\u00e1\u017ea jedno dno za druh\u00fdm, no zaka\u017ed\u00fdm plat\u00ed, \u017ee na to doplatia slu\u0161n\u00ed poctiv\u00ed \u013eudia. Tak\u00e9to v\u00fdroky od jedn\u00e9ho z najvy\u0161\u0161\u00edch \u00fastavn\u00fdch \u010dinite\u013eov, s\u00fa smutn\u00fdm pr\u00edbehom, ktor\u00e9mu ale nesmieme ustupova\u0165. Pros\u00edm v\u0161etk\u00fdch, ak sa dostan\u00fa do podobnej situ\u00e1cie, verte, \u017ee rozumiem tomu, ak\u00e9 je to n\u00e1ro\u010dn\u00e9, no zlu sa za \u017eiadnych okolnost\u00ed neustupuje,<\/em>&#8220; vyhl\u00e1sil predseda Demokratov Jaroslav Na\u010f.<\/p>\n","protected":false},"excerpt":{"rendered":"<p>Robert Fico potvrdzuje, \u017ee nie je premi\u00e9rom Slovenska ako tak\u00e9ho ale iba t\u00fdch, ktor\u00ed s n\u00edm s\u00fahlasia. Nielen\u017ee ako vysok\u00fd \u00fastavn\u00fd predstavite\u013e nere\u0161pektuje opa\u010dn\u00fd n\u00e1zor a slobodu slova, t\u00fdch, s ktor\u00fdmi sa nezhodne ur\u00e1\u017ea a nad\u00e1va. Predseda vl\u00e1dy najnov\u0161ie kritizoval tren\u010dianske gymn\u00e1zium za to, \u017ee chcelo pripravi\u0165 podujatie k v\u00fdro\u010diu dvojn\u00e1sobnej vra\u017edy v Tepl\u00e1rni. Pod\u013ea [&hellip;]<\/p>\n","protected":false},"author":13,"featured_media":5311,"comment_status":"closed","ping_status":"closed","sticky":false,"template":"","format":"standard","meta":{"_acf_changed":false,"ngg_post_thumbnail":0,"footnotes":""},"categories":[4],"tags":[],"class_list":["post-5310","post","type-post","status-publish","format-standard","has-post-thumbnail","hentry","category-tlacove-spravy"],"acf":[],"yoast_head":"<!-- This site is optimized with the Yoast SEO plugin v27.2 - https:\/\/yoast.com\/product\/yoast-seo-wordpress\/ -->\n<title>Vyz\u00fdvame Roberta Fica aby sa ospravedlnil profesorom na tren\u010dianskom gymn\u00e1ziu<\/title>\n<meta name=\"robots\" content=\"index, follow, max-snippet:-1, max-image-preview:large, max-video-preview:-1\" \/>\n<link rel=\"canonical\" href=\"https:\/\/www.smedemokrati.sk\/cs\/vyzyvame-roberta-fica-aby-sa-ospravedlnil-profesorom-na-trencianskom-gymnaziu\/\" \/>\n<meta property=\"og:locale\" content=\"cs_CZ\" \/>\n<meta property=\"og:locale:alternate\" content=\"en_US\" \/>\n<meta property=\"og:locale:alternate\" content=\"hu_HU\" \/>\n<meta property=\"og:locale:alternate\" content=\"sk_SK\" \/>\n<meta property=\"og:locale:alternate\" content=\"sv_SE\" \/>\n<meta property=\"og:type\" content=\"article\" \/>\n<meta property=\"og:title\" content=\"Vyz\u00fdvame Roberta Fica aby sa ospravedlnil profesorom na tren\u010dianskom gymn\u00e1ziu\" \/>\n<meta property=\"og:description\" content=\"Robert Fico potvrdzuje, \u017ee nie je premi\u00e9rom Slovenska ako tak\u00e9ho ale iba t\u00fdch, ktor\u00ed s n\u00edm s\u00fahlasia. Nielen\u017ee ako vysok\u00fd \u00fastavn\u00fd predstavite\u013e nere\u0161pektuje opa\u010dn\u00fd n\u00e1zor a slobodu slova, t\u00fdch, s ktor\u00fdmi sa nezhodne ur\u00e1\u017ea a nad\u00e1va. Predseda vl\u00e1dy najnov\u0161ie kritizoval tren\u010dianske gymn\u00e1zium za to, \u017ee chcelo pripravi\u0165 podujatie k v\u00fdro\u010diu dvojn\u00e1sobnej vra\u017edy v Tepl\u00e1rni. Pod\u013ea [&hellip;]\" \/>\n<meta property=\"og:url\" content=\"https:\/\/www.smedemokrati.sk\/cs\/vyzyvame-roberta-fica-aby-sa-ospravedlnil-profesorom-na-trencianskom-gymnaziu\/\" \/>\n<meta property=\"og:site_name\" content=\"Smedemokrati.sk\" \/>\n<meta property=\"article:publisher\" content=\"https:\/\/www.facebook.com\/smedemokrati2023\" \/>\n<meta property=\"article:published_time\" content=\"2024-10-09T13:17:42+00:00\" \/>\n<meta property=\"article:modified_time\" content=\"2024-10-21T10:08:09+00:00\" \/>\n<meta property=\"og:image\" content=\"https:\/\/www.smedemokrati.sk\/wp-content\/uploads\/2024\/10\/ucitelka.jpg\" \/>\n\t<meta property=\"og:image:width\" content=\"1000\" \/>\n\t<meta property=\"og:image:height\" content=\"626\" \/>\n\t<meta property=\"og:image:type\" content=\"image\/jpeg\" \/>\n<meta name=\"author\" content=\"miro.sopko\" \/>\n<meta name=\"twitter:card\" content=\"summary_large_image\" \/>\n<meta name=\"twitter:label1\" content=\"Napsal(a)\" \/>\n\t<meta name=\"twitter:data1\" content=\"miro.sopko\" \/>\n\t<meta name=\"twitter:label2\" content=\"Odhadovan\u00e1 doba \u010dten\u00ed\" \/>\n\t<meta name=\"twitter:data2\" content=\"2 minuty\" \/>\n<script type=\"application\/ld+json\" class=\"yoast-schema-graph\">{\"@context\":\"https:\/\/schema.org\",\"@graph\":[{\"@type\":\"Article\",\"@id\":\"https:\/\/www.smedemokrati.sk\/vyzyvame-roberta-fica-aby-sa-ospravedlnil-profesorom-na-trencianskom-gymnaziu\/#article\",\"isPartOf\":{\"@id\":\"https:\/\/www.smedemokrati.sk\/vyzyvame-roberta-fica-aby-sa-ospravedlnil-profesorom-na-trencianskom-gymnaziu\/\"},\"author\":{\"name\":\"miro.sopko\",\"@id\":\"https:\/\/www.smedemokrati.sk\/#\/schema\/person\/21f147c88d605aa7ded900e1e7c344ba\"},\"headline\":\"Vyz\u00fdvame Roberta Fica aby sa ospravedlnil profesorom na tren\u010dianskom gymn\u00e1ziu\",\"datePublished\":\"2024-10-09T13:17:42+00:00\",\"dateModified\":\"2024-10-21T10:08:09+00:00\",\"mainEntityOfPage\":{\"@id\":\"https:\/\/www.smedemokrati.sk\/vyzyvame-roberta-fica-aby-sa-ospravedlnil-profesorom-na-trencianskom-gymnaziu\/\"},\"wordCount\":369,\"publisher\":{\"@id\":\"https:\/\/www.smedemokrati.sk\/#organization\"},\"image\":{\"@id\":\"https:\/\/www.smedemokrati.sk\/vyzyvame-roberta-fica-aby-sa-ospravedlnil-profesorom-na-trencianskom-gymnaziu\/#primaryimage\"},\"thumbnailUrl\":\"https:\/\/www.smedemokrati.sk\/wp-content\/uploads\/2024\/10\/ucitelka.jpg\",\"articleSection\":[\"Tla\u010dov\u00e9 spr\u00e1vy\"],\"inLanguage\":\"cs-CZ\"},{\"@type\":\"WebPage\",\"@id\":\"https:\/\/www.smedemokrati.sk\/vyzyvame-roberta-fica-aby-sa-ospravedlnil-profesorom-na-trencianskom-gymnaziu\/\",\"url\":\"https:\/\/www.smedemokrati.sk\/vyzyvame-roberta-fica-aby-sa-ospravedlnil-profesorom-na-trencianskom-gymnaziu\/\",\"name\":\"Vyz\u00fdvame Roberta Fica aby sa ospravedlnil profesorom na tren\u010dianskom gymn\u00e1ziu\",\"isPartOf\":{\"@id\":\"https:\/\/www.smedemokrati.sk\/#website\"},\"primaryImageOfPage\":{\"@id\":\"https:\/\/www.smedemokrati.sk\/vyzyvame-roberta-fica-aby-sa-ospravedlnil-profesorom-na-trencianskom-gymnaziu\/#primaryimage\"},\"image\":{\"@id\":\"https:\/\/www.smedemokrati.sk\/vyzyvame-roberta-fica-aby-sa-ospravedlnil-profesorom-na-trencianskom-gymnaziu\/#primaryimage\"},\"thumbnailUrl\":\"https:\/\/www.smedemokrati.sk\/wp-content\/uploads\/2024\/10\/ucitelka.jpg\",\"datePublished\":\"2024-10-09T13:17:42+00:00\",\"dateModified\":\"2024-10-21T10:08:09+00:00\",\"breadcrumb\":{\"@id\":\"https:\/\/www.smedemokrati.sk\/vyzyvame-roberta-fica-aby-sa-ospravedlnil-profesorom-na-trencianskom-gymnaziu\/#breadcrumb\"},\"inLanguage\":\"cs-CZ\",\"potentialAction\":[{\"@type\":\"ReadAction\",\"target\":[\"https:\/\/www.smedemokrati.sk\/vyzyvame-roberta-fica-aby-sa-ospravedlnil-profesorom-na-trencianskom-gymnaziu\/\"]}]},{\"@type\":\"ImageObject\",\"inLanguage\":\"cs-CZ\",\"@id\":\"https:\/\/www.smedemokrati.sk\/vyzyvame-roberta-fica-aby-sa-ospravedlnil-profesorom-na-trencianskom-gymnaziu\/#primaryimage\",\"url\":\"https:\/\/www.smedemokrati.sk\/wp-content\/uploads\/2024\/10\/ucitelka.jpg\",\"contentUrl\":\"https:\/\/www.smedemokrati.sk\/wp-content\/uploads\/2024\/10\/ucitelka.jpg\",\"width\":1000,\"height\":626},{\"@type\":\"BreadcrumbList\",\"@id\":\"https:\/\/www.smedemokrati.sk\/vyzyvame-roberta-fica-aby-sa-ospravedlnil-profesorom-na-trencianskom-gymnaziu\/#breadcrumb\",\"itemListElement\":[{\"@type\":\"ListItem\",\"position\":1,\"name\":\"Domovsk\u00e1 str\u00e1nka\",\"item\":\"https:\/\/www.smedemokrati.sk\/\"},{\"@type\":\"ListItem\",\"position\":2,\"name\":\"Vyz\u00fdvame Roberta Fica aby sa ospravedlnil profesorom na tren\u010dianskom gymn\u00e1ziu\"}]},{\"@type\":\"WebSite\",\"@id\":\"https:\/\/www.smedemokrati.sk\/#website\",\"url\":\"https:\/\/www.smedemokrati.sk\/\",\"name\":\"Smedemokrati.sk\",\"description\":\"Demokracia a slu\u0161nos\u0165 zv\u00ed\u0165az\u00ed\",\"publisher\":{\"@id\":\"https:\/\/www.smedemokrati.sk\/#organization\"},\"potentialAction\":[{\"@type\":\"SearchAction\",\"target\":{\"@type\":\"EntryPoint\",\"urlTemplate\":\"https:\/\/www.smedemokrati.sk\/?s={search_term_string}\"},\"query-input\":{\"@type\":\"PropertyValueSpecification\",\"valueRequired\":true,\"valueName\":\"search_term_string\"}}],\"inLanguage\":\"cs-CZ\"},{\"@type\":\"Organization\",\"@id\":\"https:\/\/www.smedemokrati.sk\/#organization\",\"name\":\"Smedemokrati.sk\",\"url\":\"https:\/\/www.smedemokrati.sk\/\",\"logo\":{\"@type\":\"ImageObject\",\"inLanguage\":\"cs-CZ\",\"@id\":\"https:\/\/www.smedemokrati.sk\/#\/schema\/logo\/image\/\",\"url\":\"https:\/\/www.smedemokrati.sk\/wp-content\/uploads\/2023\/04\/ff.002.jpeg\",\"contentUrl\":\"https:\/\/www.smedemokrati.sk\/wp-content\/uploads\/2023\/04\/ff.002.jpeg\",\"width\":640,\"height\":480,\"caption\":\"Smedemokrati.sk\"},\"image\":{\"@id\":\"https:\/\/www.smedemokrati.sk\/#\/schema\/logo\/image\/\"},\"sameAs\":[\"https:\/\/www.facebook.com\/smedemokrati2023\"]},{\"@type\":\"Person\",\"@id\":\"https:\/\/www.smedemokrati.sk\/#\/schema\/person\/21f147c88d605aa7ded900e1e7c344ba\",\"name\":\"miro.sopko\",\"image\":{\"@type\":\"ImageObject\",\"inLanguage\":\"cs-CZ\",\"@id\":\"https:\/\/secure.gravatar.com\/avatar\/267e4a36f704376c109afe3a78740c1f5dd8675a2180a908699e7863c9247606?s=96&d=mm&r=g\",\"url\":\"https:\/\/secure.gravatar.com\/avatar\/267e4a36f704376c109afe3a78740c1f5dd8675a2180a908699e7863c9247606?s=96&d=mm&r=g\",\"contentUrl\":\"https:\/\/secure.gravatar.com\/avatar\/267e4a36f704376c109afe3a78740c1f5dd8675a2180a908699e7863c9247606?s=96&d=mm&r=g\",\"caption\":\"miro.sopko\"},\"url\":\"https:\/\/www.smedemokrati.sk\/cs\/author\/miro-sopko\/\"}]}<\/script>\n<!-- \/ Yoast SEO plugin. -->","yoast_head_json":{"title":"Vyz\u00fdvame Roberta Fica aby sa ospravedlnil profesorom na tren\u010dianskom gymn\u00e1ziu","robots":{"index":"index","follow":"follow","max-snippet":"max-snippet:-1","max-image-preview":"max-image-preview:large","max-video-preview":"max-video-preview:-1"},"canonical":"https:\/\/www.smedemokrati.sk\/cs\/vyzyvame-roberta-fica-aby-sa-ospravedlnil-profesorom-na-trencianskom-gymnaziu\/","og_locale":"cs_CZ","og_type":"article","og_title":"[:sk]Vyz\u00fdvame Roberta Fica aby sa ospravedlnil profesorom na tren\u010dianskom gymn\u00e1ziu[:] - Smedemokrati.sk","og_description":"Robert Fico potvrdzuje, \u017ee nie je premi\u00e9rom Slovenska ako tak\u00e9ho ale iba t\u00fdch, ktor\u00ed s n\u00edm s\u00fahlasia. Nielen\u017ee ako vysok\u00fd \u00fastavn\u00fd predstavite\u013e nere\u0161pektuje opa\u010dn\u00fd n\u00e1zor a slobodu slova, t\u00fdch, s ktor\u00fdmi sa nezhodne ur\u00e1\u017ea a nad\u00e1va. Predseda vl\u00e1dy najnov\u0161ie kritizoval tren\u010dianske gymn\u00e1zium za to, \u017ee chcelo pripravi\u0165 podujatie k v\u00fdro\u010diu dvojn\u00e1sobnej vra\u017edy v Tepl\u00e1rni. Pod\u013ea [&hellip;]","og_url":"https:\/\/www.smedemokrati.sk\/cs\/vyzyvame-roberta-fica-aby-sa-ospravedlnil-profesorom-na-trencianskom-gymnaziu\/","og_site_name":"Smedemokrati.sk","article_publisher":"https:\/\/www.facebook.com\/smedemokrati2023","article_published_time":"2024-10-09T13:17:42+00:00","article_modified_time":"2024-10-21T10:08:09+00:00","og_image":[{"width":1000,"height":626,"url":"https:\/\/www.smedemokrati.sk\/wp-content\/uploads\/2024\/10\/ucitelka.jpg","type":"image\/jpeg"}],"author":"miro.sopko","twitter_card":"summary_large_image","twitter_misc":{"Napsal(a)":"miro.sopko","Odhadovan\u00e1 doba \u010dten\u00ed":"2 minuty"},"schema":{"@context":"https:\/\/schema.org","@graph":[{"@type":"Article","@id":"https:\/\/www.smedemokrati.sk\/vyzyvame-roberta-fica-aby-sa-ospravedlnil-profesorom-na-trencianskom-gymnaziu\/#article","isPartOf":{"@id":"https:\/\/www.smedemokrati.sk\/vyzyvame-roberta-fica-aby-sa-ospravedlnil-profesorom-na-trencianskom-gymnaziu\/"},"author":{"name":"miro.sopko","@id":"https:\/\/www.smedemokrati.sk\/#\/schema\/person\/21f147c88d605aa7ded900e1e7c344ba"},"headline":"Vyz\u00fdvame Roberta Fica aby sa ospravedlnil profesorom na tren\u010dianskom gymn\u00e1ziu","datePublished":"2024-10-09T13:17:42+00:00","dateModified":"2024-10-21T10:08:09+00:00","mainEntityOfPage":{"@id":"https:\/\/www.smedemokrati.sk\/vyzyvame-roberta-fica-aby-sa-ospravedlnil-profesorom-na-trencianskom-gymnaziu\/"},"wordCount":369,"publisher":{"@id":"https:\/\/www.smedemokrati.sk\/#organization"},"image":{"@id":"https:\/\/www.smedemokrati.sk\/vyzyvame-roberta-fica-aby-sa-ospravedlnil-profesorom-na-trencianskom-gymnaziu\/#primaryimage"},"thumbnailUrl":"https:\/\/www.smedemokrati.sk\/wp-content\/uploads\/2024\/10\/ucitelka.jpg","articleSection":["Tla\u010dov\u00e9 spr\u00e1vy"],"inLanguage":"cs-CZ"},{"@type":"WebPage","@id":"https:\/\/www.smedemokrati.sk\/vyzyvame-roberta-fica-aby-sa-ospravedlnil-profesorom-na-trencianskom-gymnaziu\/","url":"https:\/\/www.smedemokrati.sk\/vyzyvame-roberta-fica-aby-sa-ospravedlnil-profesorom-na-trencianskom-gymnaziu\/","name":"Vyz\u00fdvame Roberta Fica aby sa ospravedlnil profesorom na tren\u010dianskom gymn\u00e1ziu","isPartOf":{"@id":"https:\/\/www.smedemokrati.sk\/#website"},"primaryImageOfPage":{"@id":"https:\/\/www.smedemokrati.sk\/vyzyvame-roberta-fica-aby-sa-ospravedlnil-profesorom-na-trencianskom-gymnaziu\/#primaryimage"},"image":{"@id":"https:\/\/www.smedemokrati.sk\/vyzyvame-roberta-fica-aby-sa-ospravedlnil-profesorom-na-trencianskom-gymnaziu\/#primaryimage"},"thumbnailUrl":"https:\/\/www.smedemokrati.sk\/wp-content\/uploads\/2024\/10\/ucitelka.jpg","datePublished":"2024-10-09T13:17:42+00:00","dateModified":"2024-10-21T10:08:09+00:00","breadcrumb":{"@id":"https:\/\/www.smedemokrati.sk\/vyzyvame-roberta-fica-aby-sa-ospravedlnil-profesorom-na-trencianskom-gymnaziu\/#breadcrumb"},"inLanguage":"cs-CZ","potentialAction":[{"@type":"ReadAction","target":["https:\/\/www.smedemokrati.sk\/vyzyvame-roberta-fica-aby-sa-ospravedlnil-profesorom-na-trencianskom-gymnaziu\/"]}]},{"@type":"ImageObject","inLanguage":"cs-CZ","@id":"https:\/\/www.smedemokrati.sk\/vyzyvame-roberta-fica-aby-sa-ospravedlnil-profesorom-na-trencianskom-gymnaziu\/#primaryimage","url":"https:\/\/www.smedemokrati.sk\/wp-content\/uploads\/2024\/10\/ucitelka.jpg","contentUrl":"https:\/\/www.smedemokrati.sk\/wp-content\/uploads\/2024\/10\/ucitelka.jpg","width":1000,"height":626},{"@type":"BreadcrumbList","@id":"https:\/\/www.smedemokrati.sk\/vyzyvame-roberta-fica-aby-sa-ospravedlnil-profesorom-na-trencianskom-gymnaziu\/#breadcrumb","itemListElement":[{"@type":"ListItem","position":1,"name":"Domovsk\u00e1 str\u00e1nka","item":"https:\/\/www.smedemokrati.sk\/"},{"@type":"ListItem","position":2,"name":"Vyz\u00fdvame Roberta Fica aby sa ospravedlnil profesorom na tren\u010dianskom gymn\u00e1ziu"}]},{"@type":"WebSite","@id":"https:\/\/www.smedemokrati.sk\/#website","url":"https:\/\/www.smedemokrati.sk\/","name":"Smedemokrati.sk","description":"Demokracia a slu\u0161nos\u0165 zv\u00ed\u0165az\u00ed","publisher":{"@id":"https:\/\/www.smedemokrati.sk\/#organization"},"potentialAction":[{"@type":"SearchAction","target":{"@type":"EntryPoint","urlTemplate":"https:\/\/www.smedemokrati.sk\/?s={search_term_string}"},"query-input":{"@type":"PropertyValueSpecification","valueRequired":true,"valueName":"search_term_string"}}],"inLanguage":"cs-CZ"},{"@type":"Organization","@id":"https:\/\/www.smedemokrati.sk\/#organization","name":"Smedemokrati.sk","url":"https:\/\/www.smedemokrati.sk\/","logo":{"@type":"ImageObject","inLanguage":"cs-CZ","@id":"https:\/\/www.smedemokrati.sk\/#\/schema\/logo\/image\/","url":"https:\/\/www.smedemokrati.sk\/wp-content\/uploads\/2023\/04\/ff.002.jpeg","contentUrl":"https:\/\/www.smedemokrati.sk\/wp-content\/uploads\/2023\/04\/ff.002.jpeg","width":640,"height":480,"caption":"Smedemokrati.sk"},"image":{"@id":"https:\/\/www.smedemokrati.sk\/#\/schema\/logo\/image\/"},"sameAs":["https:\/\/www.facebook.com\/smedemokrati2023"]},{"@type":"Person","@id":"https:\/\/www.smedemokrati.sk\/#\/schema\/person\/21f147c88d605aa7ded900e1e7c344ba","name":"miro.sopko","image":{"@type":"ImageObject","inLanguage":"cs-CZ","@id":"https:\/\/secure.gravatar.com\/avatar\/267e4a36f704376c109afe3a78740c1f5dd8675a2180a908699e7863c9247606?s=96&d=mm&r=g","url":"https:\/\/secure.gravatar.com\/avatar\/267e4a36f704376c109afe3a78740c1f5dd8675a2180a908699e7863c9247606?s=96&d=mm&r=g","contentUrl":"https:\/\/secure.gravatar.com\/avatar\/267e4a36f704376c109afe3a78740c1f5dd8675a2180a908699e7863c9247606?s=96&d=mm&r=g","caption":"miro.sopko"},"url":"https:\/\/www.smedemokrati.sk\/cs\/author\/miro-sopko\/"}]}},"_links":{"self":[{"href":"https:\/\/www.smedemokrati.sk\/cs\/wp-json\/wp\/v2\/posts\/5310","targetHints":{"allow":["GET"]}}],"collection":[{"href":"https:\/\/www.smedemokrati.sk\/cs\/wp-json\/wp\/v2\/posts"}],"about":[{"href":"https:\/\/www.smedemokrati.sk\/cs\/wp-json\/wp\/v2\/types\/post"}],"author":[{"embeddable":true,"href":"https:\/\/www.smedemokrati.sk\/cs\/wp-json\/wp\/v2\/users\/13"}],"replies":[{"embeddable":true,"href":"https:\/\/www.smedemokrati.sk\/cs\/wp-json\/wp\/v2\/comments?post=5310"}],"version-history":[{"count":1,"href":"https:\/\/www.smedemokrati.sk\/cs\/wp-json\/wp\/v2\/posts\/5310\/revisions"}],"predecessor-version":[{"id":5312,"href":"https:\/\/www.smedemokrati.sk\/cs\/wp-json\/wp\/v2\/posts\/5310\/revisions\/5312"}],"wp:featuredmedia":[{"embeddable":true,"href":"https:\/\/www.smedemokrati.sk\/cs\/wp-json\/wp\/v2\/media\/5311"}],"wp:attachment":[{"href":"https:\/\/www.smedemokrati.sk\/cs\/wp-json\/wp\/v2\/media?parent=5310"}],"wp:term":[{"taxonomy":"category","embeddable":true,"href":"https:\/\/www.smedemokrati.sk\/cs\/wp-json\/wp\/v2\/categories?post=5310"},{"taxonomy":"post_tag","embeddable":true,"href":"https:\/\/www.smedemokrati.sk\/cs\/wp-json\/wp\/v2\/tags?post=5310"}],"curies":[{"name":"wp","href":"https:\/\/api.w.org\/{rel}","templated":true}]}}