{"id":5250,"date":"2024-10-01T17:48:43","date_gmt":"2024-10-01T16:48:43","guid":{"rendered":"https:\/\/www.smedemokrati.sk\/?p=5250"},"modified":"2024-10-09T14:15:02","modified_gmt":"2024-10-09T13:15:02","slug":"pirati-sa-pridavaju-k-zberu-podpisov-za-referendum-podporuju-peticiu-stacilo-fica","status":"publish","type":"post","link":"https:\/\/www.smedemokrati.sk\/cs\/pirati-sa-pridavaju-k-zberu-podpisov-za-referendum-podporuju-peticiu-stacilo-fica\/","title":{"rendered":"Pir\u00e1ti sa prid\u00e1vaj\u00fa k zberu podpisov za referendum, podporuj\u00fa pet\u00edciu \u201cSta\u010dilo Fica\u201d"},"content":{"rendered":"<div id=\"fb-root\"><\/div>\n\n<p><strong>Pir\u00e1tska strana Slovensko oce\u0148uje iniciat\u00edvu Demokratov, ktorou chc\u00fa skr\u00e1tenie volebn\u00e9ho obdobia Roberta Fica, zru\u0161enie do\u017eivotnej renty premi\u00e9ra a tie\u017e obnovenie \u00da\u0160P a NAKA. Pir\u00e1ti bud\u00fa akt\u00edvne zbiera\u0165 podpisy a z\u00fa\u010dast\u0148ova\u0165 sa \u010fal\u0161\u00edch aktivity, na podporu pet\u00edcie \u201cSta\u010dilo Fica\u201d.<\/strong><\/p>\n\n\n\n<p><em>\u201eM\u00e1me iba dve mo\u017enosti, a to bu\u010f neurobi\u0165 ni\u010d alebo urobi\u0165 v\u0161etko pre to, aby sme \u013eu\u010fom dali nielen n\u00e1dej pre lep\u0161ie Slovensko, ale najm\u00e4 re\u00e1lnu mo\u017enos\u0165 ako to dosiahnu\u0165. Tou jedinou mo\u017enos\u0165ou je referendum, preto poz\u00fdvame na\u0161ich \u010dlenov, priaznivcov ale aj \u0161irok\u00fa verejnos\u0165, aby sa pridala bu\u010f v jednotliv\u00fdch mest\u00e1ch, alebo si stiahla h\u00e1rok na webovej str\u00e1nke,\u201d<\/em> hovor\u00ed Zuzana \u0160ubov\u00e1, predsedn\u00ed\u010dka Pir\u00e1tov. Dod\u00e1va, \u017ee ostatn\u00fd rok vl\u00e1dy Roberta Fica je snahou o nastolenie autorit\u00e1rskeho re\u017eimu a spolo\u010dnos\u0165 by mala na to adekv\u00e1tne reagova\u0165, aj preto sa Pir\u00e1ti k iniciat\u00edve prid\u00e1vaj\u00fa.<\/p>\n\n\n\n<p>Predseda Demokratov Jaroslav Na\u010f hovor\u00ed, \u017ee s Pir\u00e1tmi spolupracuj\u00fa dlhodobo a te\u0161ia sa aj na t\u00fato aktivitu: <em>\u201eS Pir\u00e1tmi \u010dasto konzultujeme t\u00e9my a stret\u00e1vame sa na r\u00f4znych podujatiach v regi\u00f3noch. Te\u0161\u00edme sa na \u010fal\u0161iu spolupr\u00e1cu pri tak z\u00e1sadnom projekte. Ka\u017ed\u00fd podpis je d\u00f4le\u017eit\u00fd, viem, \u017ee Pir\u00e1ti prilo\u017eia ruku k dielu, preto\u017ee im z\u00e1le\u017e\u00ed na spravodlivom, bezpe\u010dnom a prosperuj\u00facom Slovensku. To v\u0161ak vieme dosiahnu\u0165 jedine vtedy, ke\u010f na premi\u00e9rskej stoli\u010dke a v ministersk\u00fdch kresl\u00e1ch nebud\u00fa sedie\u0165 \u013eudia, ktor\u00ed chc\u00fa pracova\u0165 pre svoje blaho, nie v prospech \u013eud\u00ed,\u201d<\/em> na z\u00e1ver dod\u00e1va, \u017ee ponuka pre ostatn\u00e9 strany plat\u00ed aj na\u010falej. \u010eakuje tie\u017e za pozit\u00edvnu sp\u00e4tn\u00fa v\u00e4zbu od verejnosti: <em>\u201ePodpisy zbierame od nedele a sme si vedom\u00ed, \u017ee n\u00e1s \u010dak\u00e1 n\u00e1ro\u010dn\u00e1 cesta. Nebudeme ale st\u00e1\u0165 so zalo\u017een\u00fdmi rukami a lamentova\u0165, \u017ee sa veci nedaj\u00fa. Ke\u010f vid\u00edme hoc aj percentn\u00fa \u0161ancu, aby Fico skon\u010dil, ideme do toho, preto\u017ee Demokrati neustupuj\u00fa.\u201d<\/em><\/p>\n","protected":false},"excerpt":{"rendered":"<p>Pir\u00e1tska strana Slovensko oce\u0148uje iniciat\u00edvu Demokratov, ktorou chc\u00fa skr\u00e1tenie volebn\u00e9ho obdobia Roberta Fica, zru\u0161enie do\u017eivotnej renty premi\u00e9ra a tie\u017e obnovenie \u00da\u0160P a NAKA. Pir\u00e1ti bud\u00fa akt\u00edvne zbiera\u0165 podpisy a z\u00fa\u010dast\u0148ova\u0165 sa \u010fal\u0161\u00edch aktivity, na podporu pet\u00edcie \u201cSta\u010dilo Fica\u201d. \u201eM\u00e1me iba dve mo\u017enosti, a to bu\u010f neurobi\u0165 ni\u010d alebo urobi\u0165 v\u0161etko pre to, aby sme \u013eu\u010fom [&hellip;]<\/p>\n","protected":false},"author":13,"featured_media":5251,"comment_status":"closed","ping_status":"closed","sticky":false,"template":"","format":"standard","meta":{"_acf_changed":false,"ngg_post_thumbnail":0,"footnotes":""},"categories":[4],"tags":[],"class_list":["post-5250","post","type-post","status-publish","format-standard","has-post-thumbnail","hentry","category-tlacove-spravy"],"acf":[],"yoast_head":"<!-- This site is optimized with the Yoast SEO plugin v27.2 - https:\/\/yoast.com\/product\/yoast-seo-wordpress\/ -->\n<title>Pir\u00e1ti sa prid\u00e1vaj\u00fa k zberu podpisov za referendum, podporuj\u00fa pet\u00edciu \u201cSta\u010dilo Fica\u201d<\/title>\n<meta name=\"robots\" content=\"index, follow, max-snippet:-1, max-image-preview:large, max-video-preview:-1\" \/>\n<link rel=\"canonical\" href=\"https:\/\/www.smedemokrati.sk\/cs\/pirati-sa-pridavaju-k-zberu-podpisov-za-referendum-podporuju-peticiu-stacilo-fica\/\" \/>\n<meta property=\"og:locale\" content=\"cs_CZ\" \/>\n<meta property=\"og:locale:alternate\" content=\"en_US\" \/>\n<meta property=\"og:locale:alternate\" content=\"hu_HU\" \/>\n<meta property=\"og:locale:alternate\" content=\"sk_SK\" \/>\n<meta property=\"og:locale:alternate\" content=\"sv_SE\" \/>\n<meta property=\"og:type\" content=\"article\" \/>\n<meta property=\"og:title\" content=\"Pir\u00e1ti sa prid\u00e1vaj\u00fa k zberu podpisov za referendum, podporuj\u00fa pet\u00edciu \u201cSta\u010dilo Fica\u201d\" \/>\n<meta property=\"og:description\" content=\"Pir\u00e1tska strana Slovensko oce\u0148uje iniciat\u00edvu Demokratov, ktorou chc\u00fa skr\u00e1tenie volebn\u00e9ho obdobia Roberta Fica, zru\u0161enie do\u017eivotnej renty premi\u00e9ra a tie\u017e obnovenie \u00da\u0160P a NAKA. Pir\u00e1ti bud\u00fa akt\u00edvne zbiera\u0165 podpisy a z\u00fa\u010dast\u0148ova\u0165 sa \u010fal\u0161\u00edch aktivity, na podporu pet\u00edcie \u201cSta\u010dilo Fica\u201d. \u201eM\u00e1me iba dve mo\u017enosti, a to bu\u010f neurobi\u0165 ni\u010d alebo urobi\u0165 v\u0161etko pre to, aby sme \u013eu\u010fom [&hellip;]\" \/>\n<meta property=\"og:url\" content=\"https:\/\/www.smedemokrati.sk\/cs\/pirati-sa-pridavaju-k-zberu-podpisov-za-referendum-podporuju-peticiu-stacilo-fica\/\" \/>\n<meta property=\"og:site_name\" content=\"Smedemokrati.sk\" \/>\n<meta property=\"article:publisher\" content=\"https:\/\/www.facebook.com\/smedemokrati2023\" \/>\n<meta property=\"article:published_time\" content=\"2024-10-01T16:48:43+00:00\" \/>\n<meta property=\"article:modified_time\" content=\"2024-10-09T13:15:02+00:00\" \/>\n<meta property=\"og:image\" content=\"https:\/\/www.smedemokrati.sk\/wp-content\/uploads\/2024\/10\/1727800845907.jpg\" \/>\n\t<meta property=\"og:image:width\" content=\"771\" \/>\n\t<meta property=\"og:image:height\" content=\"505\" \/>\n\t<meta property=\"og:image:type\" content=\"image\/jpeg\" \/>\n<meta name=\"author\" content=\"miro.sopko\" \/>\n<meta name=\"twitter:card\" content=\"summary_large_image\" \/>\n<meta name=\"twitter:label1\" content=\"Napsal(a)\" \/>\n\t<meta name=\"twitter:data1\" content=\"miro.sopko\" \/>\n\t<meta name=\"twitter:label2\" content=\"Odhadovan\u00e1 doba \u010dten\u00ed\" \/>\n\t<meta name=\"twitter:data2\" content=\"2 minuty\" \/>\n<script type=\"application\/ld+json\" class=\"yoast-schema-graph\">{\"@context\":\"https:\/\/schema.org\",\"@graph\":[{\"@type\":\"Article\",\"@id\":\"https:\/\/www.smedemokrati.sk\/pirati-sa-pridavaju-k-zberu-podpisov-za-referendum-podporuju-peticiu-stacilo-fica\/#article\",\"isPartOf\":{\"@id\":\"https:\/\/www.smedemokrati.sk\/pirati-sa-pridavaju-k-zberu-podpisov-za-referendum-podporuju-peticiu-stacilo-fica\/\"},\"author\":{\"name\":\"miro.sopko\",\"@id\":\"https:\/\/www.smedemokrati.sk\/#\/schema\/person\/21f147c88d605aa7ded900e1e7c344ba\"},\"headline\":\"Pir\u00e1ti sa prid\u00e1vaj\u00fa k zberu podpisov za referendum, podporuj\u00fa pet\u00edciu \u201cSta\u010dilo Fica\u201d\",\"datePublished\":\"2024-10-01T16:48:43+00:00\",\"dateModified\":\"2024-10-09T13:15:02+00:00\",\"mainEntityOfPage\":{\"@id\":\"https:\/\/www.smedemokrati.sk\/pirati-sa-pridavaju-k-zberu-podpisov-za-referendum-podporuju-peticiu-stacilo-fica\/\"},\"wordCount\":374,\"publisher\":{\"@id\":\"https:\/\/www.smedemokrati.sk\/#organization\"},\"image\":{\"@id\":\"https:\/\/www.smedemokrati.sk\/pirati-sa-pridavaju-k-zberu-podpisov-za-referendum-podporuju-peticiu-stacilo-fica\/#primaryimage\"},\"thumbnailUrl\":\"https:\/\/www.smedemokrati.sk\/wp-content\/uploads\/2024\/10\/1727800845907.jpg\",\"articleSection\":[\"Tla\u010dov\u00e9 spr\u00e1vy\"],\"inLanguage\":\"cs-CZ\"},{\"@type\":\"WebPage\",\"@id\":\"https:\/\/www.smedemokrati.sk\/pirati-sa-pridavaju-k-zberu-podpisov-za-referendum-podporuju-peticiu-stacilo-fica\/\",\"url\":\"https:\/\/www.smedemokrati.sk\/pirati-sa-pridavaju-k-zberu-podpisov-za-referendum-podporuju-peticiu-stacilo-fica\/\",\"name\":\"Pir\u00e1ti sa prid\u00e1vaj\u00fa k zberu podpisov za referendum, podporuj\u00fa pet\u00edciu \u201cSta\u010dilo Fica\u201d\",\"isPartOf\":{\"@id\":\"https:\/\/www.smedemokrati.sk\/#website\"},\"primaryImageOfPage\":{\"@id\":\"https:\/\/www.smedemokrati.sk\/pirati-sa-pridavaju-k-zberu-podpisov-za-referendum-podporuju-peticiu-stacilo-fica\/#primaryimage\"},\"image\":{\"@id\":\"https:\/\/www.smedemokrati.sk\/pirati-sa-pridavaju-k-zberu-podpisov-za-referendum-podporuju-peticiu-stacilo-fica\/#primaryimage\"},\"thumbnailUrl\":\"https:\/\/www.smedemokrati.sk\/wp-content\/uploads\/2024\/10\/1727800845907.jpg\",\"datePublished\":\"2024-10-01T16:48:43+00:00\",\"dateModified\":\"2024-10-09T13:15:02+00:00\",\"breadcrumb\":{\"@id\":\"https:\/\/www.smedemokrati.sk\/pirati-sa-pridavaju-k-zberu-podpisov-za-referendum-podporuju-peticiu-stacilo-fica\/#breadcrumb\"},\"inLanguage\":\"cs-CZ\",\"potentialAction\":[{\"@type\":\"ReadAction\",\"target\":[\"https:\/\/www.smedemokrati.sk\/pirati-sa-pridavaju-k-zberu-podpisov-za-referendum-podporuju-peticiu-stacilo-fica\/\"]}]},{\"@type\":\"ImageObject\",\"inLanguage\":\"cs-CZ\",\"@id\":\"https:\/\/www.smedemokrati.sk\/pirati-sa-pridavaju-k-zberu-podpisov-za-referendum-podporuju-peticiu-stacilo-fica\/#primaryimage\",\"url\":\"https:\/\/www.smedemokrati.sk\/wp-content\/uploads\/2024\/10\/1727800845907.jpg\",\"contentUrl\":\"https:\/\/www.smedemokrati.sk\/wp-content\/uploads\/2024\/10\/1727800845907.jpg\",\"width\":771,\"height\":505},{\"@type\":\"BreadcrumbList\",\"@id\":\"https:\/\/www.smedemokrati.sk\/pirati-sa-pridavaju-k-zberu-podpisov-za-referendum-podporuju-peticiu-stacilo-fica\/#breadcrumb\",\"itemListElement\":[{\"@type\":\"ListItem\",\"position\":1,\"name\":\"Domovsk\u00e1 str\u00e1nka\",\"item\":\"https:\/\/www.smedemokrati.sk\/\"},{\"@type\":\"ListItem\",\"position\":2,\"name\":\"Pir\u00e1ti sa prid\u00e1vaj\u00fa k zberu podpisov za referendum, podporuj\u00fa pet\u00edciu \u201cSta\u010dilo Fica\u201d\"}]},{\"@type\":\"WebSite\",\"@id\":\"https:\/\/www.smedemokrati.sk\/#website\",\"url\":\"https:\/\/www.smedemokrati.sk\/\",\"name\":\"Smedemokrati.sk\",\"description\":\"Demokracia a slu\u0161nos\u0165 zv\u00ed\u0165az\u00ed\",\"publisher\":{\"@id\":\"https:\/\/www.smedemokrati.sk\/#organization\"},\"potentialAction\":[{\"@type\":\"SearchAction\",\"target\":{\"@type\":\"EntryPoint\",\"urlTemplate\":\"https:\/\/www.smedemokrati.sk\/?s={search_term_string}\"},\"query-input\":{\"@type\":\"PropertyValueSpecification\",\"valueRequired\":true,\"valueName\":\"search_term_string\"}}],\"inLanguage\":\"cs-CZ\"},{\"@type\":\"Organization\",\"@id\":\"https:\/\/www.smedemokrati.sk\/#organization\",\"name\":\"Smedemokrati.sk\",\"url\":\"https:\/\/www.smedemokrati.sk\/\",\"logo\":{\"@type\":\"ImageObject\",\"inLanguage\":\"cs-CZ\",\"@id\":\"https:\/\/www.smedemokrati.sk\/#\/schema\/logo\/image\/\",\"url\":\"https:\/\/www.smedemokrati.sk\/wp-content\/uploads\/2023\/04\/ff.002.jpeg\",\"contentUrl\":\"https:\/\/www.smedemokrati.sk\/wp-content\/uploads\/2023\/04\/ff.002.jpeg\",\"width\":640,\"height\":480,\"caption\":\"Smedemokrati.sk\"},\"image\":{\"@id\":\"https:\/\/www.smedemokrati.sk\/#\/schema\/logo\/image\/\"},\"sameAs\":[\"https:\/\/www.facebook.com\/smedemokrati2023\"]},{\"@type\":\"Person\",\"@id\":\"https:\/\/www.smedemokrati.sk\/#\/schema\/person\/21f147c88d605aa7ded900e1e7c344ba\",\"name\":\"miro.sopko\",\"image\":{\"@type\":\"ImageObject\",\"inLanguage\":\"cs-CZ\",\"@id\":\"https:\/\/secure.gravatar.com\/avatar\/267e4a36f704376c109afe3a78740c1f5dd8675a2180a908699e7863c9247606?s=96&d=mm&r=g\",\"url\":\"https:\/\/secure.gravatar.com\/avatar\/267e4a36f704376c109afe3a78740c1f5dd8675a2180a908699e7863c9247606?s=96&d=mm&r=g\",\"contentUrl\":\"https:\/\/secure.gravatar.com\/avatar\/267e4a36f704376c109afe3a78740c1f5dd8675a2180a908699e7863c9247606?s=96&d=mm&r=g\",\"caption\":\"miro.sopko\"},\"url\":\"https:\/\/www.smedemokrati.sk\/cs\/author\/miro-sopko\/\"}]}<\/script>\n<!-- \/ Yoast SEO plugin. -->","yoast_head_json":{"title":"Pir\u00e1ti sa prid\u00e1vaj\u00fa k zberu podpisov za referendum, podporuj\u00fa pet\u00edciu \u201cSta\u010dilo Fica\u201d","robots":{"index":"index","follow":"follow","max-snippet":"max-snippet:-1","max-image-preview":"max-image-preview:large","max-video-preview":"max-video-preview:-1"},"canonical":"https:\/\/www.smedemokrati.sk\/cs\/pirati-sa-pridavaju-k-zberu-podpisov-za-referendum-podporuju-peticiu-stacilo-fica\/","og_locale":"cs_CZ","og_type":"article","og_title":"[:sk]Pir\u00e1ti sa prid\u00e1vaj\u00fa k zberu podpisov za referendum, podporuj\u00fa pet\u00edciu \u201cSta\u010dilo Fica\u201d[:] - Smedemokrati.sk","og_description":"Pir\u00e1tska strana Slovensko oce\u0148uje iniciat\u00edvu Demokratov, ktorou chc\u00fa skr\u00e1tenie volebn\u00e9ho obdobia Roberta Fica, zru\u0161enie do\u017eivotnej renty premi\u00e9ra a tie\u017e obnovenie \u00da\u0160P a NAKA. Pir\u00e1ti bud\u00fa akt\u00edvne zbiera\u0165 podpisy a z\u00fa\u010dast\u0148ova\u0165 sa \u010fal\u0161\u00edch aktivity, na podporu pet\u00edcie \u201cSta\u010dilo Fica\u201d. \u201eM\u00e1me iba dve mo\u017enosti, a to bu\u010f neurobi\u0165 ni\u010d alebo urobi\u0165 v\u0161etko pre to, aby sme \u013eu\u010fom [&hellip;]","og_url":"https:\/\/www.smedemokrati.sk\/cs\/pirati-sa-pridavaju-k-zberu-podpisov-za-referendum-podporuju-peticiu-stacilo-fica\/","og_site_name":"Smedemokrati.sk","article_publisher":"https:\/\/www.facebook.com\/smedemokrati2023","article_published_time":"2024-10-01T16:48:43+00:00","article_modified_time":"2024-10-09T13:15:02+00:00","og_image":[{"width":771,"height":505,"url":"https:\/\/www.smedemokrati.sk\/wp-content\/uploads\/2024\/10\/1727800845907.jpg","type":"image\/jpeg"}],"author":"miro.sopko","twitter_card":"summary_large_image","twitter_misc":{"Napsal(a)":"miro.sopko","Odhadovan\u00e1 doba \u010dten\u00ed":"2 minuty"},"schema":{"@context":"https:\/\/schema.org","@graph":[{"@type":"Article","@id":"https:\/\/www.smedemokrati.sk\/pirati-sa-pridavaju-k-zberu-podpisov-za-referendum-podporuju-peticiu-stacilo-fica\/#article","isPartOf":{"@id":"https:\/\/www.smedemokrati.sk\/pirati-sa-pridavaju-k-zberu-podpisov-za-referendum-podporuju-peticiu-stacilo-fica\/"},"author":{"name":"miro.sopko","@id":"https:\/\/www.smedemokrati.sk\/#\/schema\/person\/21f147c88d605aa7ded900e1e7c344ba"},"headline":"Pir\u00e1ti sa prid\u00e1vaj\u00fa k zberu podpisov za referendum, podporuj\u00fa pet\u00edciu \u201cSta\u010dilo Fica\u201d","datePublished":"2024-10-01T16:48:43+00:00","dateModified":"2024-10-09T13:15:02+00:00","mainEntityOfPage":{"@id":"https:\/\/www.smedemokrati.sk\/pirati-sa-pridavaju-k-zberu-podpisov-za-referendum-podporuju-peticiu-stacilo-fica\/"},"wordCount":374,"publisher":{"@id":"https:\/\/www.smedemokrati.sk\/#organization"},"image":{"@id":"https:\/\/www.smedemokrati.sk\/pirati-sa-pridavaju-k-zberu-podpisov-za-referendum-podporuju-peticiu-stacilo-fica\/#primaryimage"},"thumbnailUrl":"https:\/\/www.smedemokrati.sk\/wp-content\/uploads\/2024\/10\/1727800845907.jpg","articleSection":["Tla\u010dov\u00e9 spr\u00e1vy"],"inLanguage":"cs-CZ"},{"@type":"WebPage","@id":"https:\/\/www.smedemokrati.sk\/pirati-sa-pridavaju-k-zberu-podpisov-za-referendum-podporuju-peticiu-stacilo-fica\/","url":"https:\/\/www.smedemokrati.sk\/pirati-sa-pridavaju-k-zberu-podpisov-za-referendum-podporuju-peticiu-stacilo-fica\/","name":"Pir\u00e1ti sa prid\u00e1vaj\u00fa k zberu podpisov za referendum, podporuj\u00fa pet\u00edciu \u201cSta\u010dilo Fica\u201d","isPartOf":{"@id":"https:\/\/www.smedemokrati.sk\/#website"},"primaryImageOfPage":{"@id":"https:\/\/www.smedemokrati.sk\/pirati-sa-pridavaju-k-zberu-podpisov-za-referendum-podporuju-peticiu-stacilo-fica\/#primaryimage"},"image":{"@id":"https:\/\/www.smedemokrati.sk\/pirati-sa-pridavaju-k-zberu-podpisov-za-referendum-podporuju-peticiu-stacilo-fica\/#primaryimage"},"thumbnailUrl":"https:\/\/www.smedemokrati.sk\/wp-content\/uploads\/2024\/10\/1727800845907.jpg","datePublished":"2024-10-01T16:48:43+00:00","dateModified":"2024-10-09T13:15:02+00:00","breadcrumb":{"@id":"https:\/\/www.smedemokrati.sk\/pirati-sa-pridavaju-k-zberu-podpisov-za-referendum-podporuju-peticiu-stacilo-fica\/#breadcrumb"},"inLanguage":"cs-CZ","potentialAction":[{"@type":"ReadAction","target":["https:\/\/www.smedemokrati.sk\/pirati-sa-pridavaju-k-zberu-podpisov-za-referendum-podporuju-peticiu-stacilo-fica\/"]}]},{"@type":"ImageObject","inLanguage":"cs-CZ","@id":"https:\/\/www.smedemokrati.sk\/pirati-sa-pridavaju-k-zberu-podpisov-za-referendum-podporuju-peticiu-stacilo-fica\/#primaryimage","url":"https:\/\/www.smedemokrati.sk\/wp-content\/uploads\/2024\/10\/1727800845907.jpg","contentUrl":"https:\/\/www.smedemokrati.sk\/wp-content\/uploads\/2024\/10\/1727800845907.jpg","width":771,"height":505},{"@type":"BreadcrumbList","@id":"https:\/\/www.smedemokrati.sk\/pirati-sa-pridavaju-k-zberu-podpisov-za-referendum-podporuju-peticiu-stacilo-fica\/#breadcrumb","itemListElement":[{"@type":"ListItem","position":1,"name":"Domovsk\u00e1 str\u00e1nka","item":"https:\/\/www.smedemokrati.sk\/"},{"@type":"ListItem","position":2,"name":"Pir\u00e1ti sa prid\u00e1vaj\u00fa k zberu podpisov za referendum, podporuj\u00fa pet\u00edciu \u201cSta\u010dilo Fica\u201d"}]},{"@type":"WebSite","@id":"https:\/\/www.smedemokrati.sk\/#website","url":"https:\/\/www.smedemokrati.sk\/","name":"Smedemokrati.sk","description":"Demokracia a slu\u0161nos\u0165 zv\u00ed\u0165az\u00ed","publisher":{"@id":"https:\/\/www.smedemokrati.sk\/#organization"},"potentialAction":[{"@type":"SearchAction","target":{"@type":"EntryPoint","urlTemplate":"https:\/\/www.smedemokrati.sk\/?s={search_term_string}"},"query-input":{"@type":"PropertyValueSpecification","valueRequired":true,"valueName":"search_term_string"}}],"inLanguage":"cs-CZ"},{"@type":"Organization","@id":"https:\/\/www.smedemokrati.sk\/#organization","name":"Smedemokrati.sk","url":"https:\/\/www.smedemokrati.sk\/","logo":{"@type":"ImageObject","inLanguage":"cs-CZ","@id":"https:\/\/www.smedemokrati.sk\/#\/schema\/logo\/image\/","url":"https:\/\/www.smedemokrati.sk\/wp-content\/uploads\/2023\/04\/ff.002.jpeg","contentUrl":"https:\/\/www.smedemokrati.sk\/wp-content\/uploads\/2023\/04\/ff.002.jpeg","width":640,"height":480,"caption":"Smedemokrati.sk"},"image":{"@id":"https:\/\/www.smedemokrati.sk\/#\/schema\/logo\/image\/"},"sameAs":["https:\/\/www.facebook.com\/smedemokrati2023"]},{"@type":"Person","@id":"https:\/\/www.smedemokrati.sk\/#\/schema\/person\/21f147c88d605aa7ded900e1e7c344ba","name":"miro.sopko","image":{"@type":"ImageObject","inLanguage":"cs-CZ","@id":"https:\/\/secure.gravatar.com\/avatar\/267e4a36f704376c109afe3a78740c1f5dd8675a2180a908699e7863c9247606?s=96&d=mm&r=g","url":"https:\/\/secure.gravatar.com\/avatar\/267e4a36f704376c109afe3a78740c1f5dd8675a2180a908699e7863c9247606?s=96&d=mm&r=g","contentUrl":"https:\/\/secure.gravatar.com\/avatar\/267e4a36f704376c109afe3a78740c1f5dd8675a2180a908699e7863c9247606?s=96&d=mm&r=g","caption":"miro.sopko"},"url":"https:\/\/www.smedemokrati.sk\/cs\/author\/miro-sopko\/"}]}},"_links":{"self":[{"href":"https:\/\/www.smedemokrati.sk\/cs\/wp-json\/wp\/v2\/posts\/5250","targetHints":{"allow":["GET"]}}],"collection":[{"href":"https:\/\/www.smedemokrati.sk\/cs\/wp-json\/wp\/v2\/posts"}],"about":[{"href":"https:\/\/www.smedemokrati.sk\/cs\/wp-json\/wp\/v2\/types\/post"}],"author":[{"embeddable":true,"href":"https:\/\/www.smedemokrati.sk\/cs\/wp-json\/wp\/v2\/users\/13"}],"replies":[{"embeddable":true,"href":"https:\/\/www.smedemokrati.sk\/cs\/wp-json\/wp\/v2\/comments?post=5250"}],"version-history":[{"count":1,"href":"https:\/\/www.smedemokrati.sk\/cs\/wp-json\/wp\/v2\/posts\/5250\/revisions"}],"predecessor-version":[{"id":5252,"href":"https:\/\/www.smedemokrati.sk\/cs\/wp-json\/wp\/v2\/posts\/5250\/revisions\/5252"}],"wp:featuredmedia":[{"embeddable":true,"href":"https:\/\/www.smedemokrati.sk\/cs\/wp-json\/wp\/v2\/media\/5251"}],"wp:attachment":[{"href":"https:\/\/www.smedemokrati.sk\/cs\/wp-json\/wp\/v2\/media?parent=5250"}],"wp:term":[{"taxonomy":"category","embeddable":true,"href":"https:\/\/www.smedemokrati.sk\/cs\/wp-json\/wp\/v2\/categories?post=5250"},{"taxonomy":"post_tag","embeddable":true,"href":"https:\/\/www.smedemokrati.sk\/cs\/wp-json\/wp\/v2\/tags?post=5250"}],"curies":[{"name":"wp","href":"https:\/\/api.w.org\/{rel}","templated":true}]}}