{"id":5206,"date":"2024-09-27T16:25:36","date_gmt":"2024-09-27T15:25:36","guid":{"rendered":"https:\/\/www.smedemokrati.sk\/?p=5206"},"modified":"2024-10-24T15:18:43","modified_gmt":"2024-10-24T14:18:43","slug":"vladna-koalicia-chce-dodatocne-zdanit-aj-charitu","status":"publish","type":"post","link":"https:\/\/www.smedemokrati.sk\/cs\/vladna-koalicia-chce-dodatocne-zdanit-aj-charitu\/","title":{"rendered":"Vl\u00e1dna koal\u00edcia chce dodato\u010dne zdani\u0165 aj charitu"},"content":{"rendered":"<div id=\"fb-root\"><\/div>\n\n<p><strong>Vl\u00e1dna koal\u00edcia cez tzv. konsolida\u010dn\u00fd bal\u00ed\u010dek, nielen \u017ee chce zavies\u0165 transak\u010dn\u00fa da\u0148 pre podnikate\u013eov (\u017eivnostn\u00edci a&nbsp;firmy), ktor\u00e1 zv\u00fd\u0161i n\u00e1klady a&nbsp;ceny v\u0161etk\u00fdch v\u00fdrobkov a&nbsp;slu\u017eieb, ale dokonca aj pre ob\u010dianske zdru\u017eenia, charity a&nbsp;dokonca aj neverejn\u00fdch poskytovate\u013eov soci\u00e1lnych slu\u017eieb. Dnes na to upozornila napr\u00edklad Slovensk\u00e1 katol\u00edcka charita svojim listom.<\/strong><\/p>\n\n\n\n<p><em>\u201eTransak\u010dn\u00fa da\u0148 bud\u00fa pod\u013ea vl\u00e1dneho n\u00e1vrhu z\u00e1kona plati\u0165 aj ob\u010dianske zdru\u017eenia, nad\u00e1cie, neziskov\u00e9 organiz\u00e1cie, ale aj neverejn\u00ed poskytovatelia slu\u017eieb. Napr\u00edklad pre Slovensk\u00fa katol\u00edcku charitu to bude predstavova\u0165 135 tis\u00edc eur ro\u010dne. Tieto peniaze bud\u00fa ch\u00fdba\u0165 centr\u00e1m pre deti a&nbsp;rodiny, hospicom, zariadeniam soci\u00e1lnych slu\u017eieb. Tam, kde dnes peniaze ch\u00fdbaj\u00fa a&nbsp;je dobr\u00e9 ka\u017ed\u00e9 euro, tam ide \u0161t\u00e1t e\u0161te bra\u0165. Je to v\u00fdsmechom ob\u010danom a&nbsp;pracovn\u00edkom najm\u00e4 v charite, preto\u017ee na toto opatrenie doplatia t\u00ed najzranite\u013enej\u0161\u00ed,\u201c&nbsp;<\/em>hovor\u00ed Jana \u017dit\u0148ansk\u00e1, expertka pre oblas\u0165 soci\u00e1lnych vec\u00ed.<\/p>\n\n\n\n<p><em>\u201eHanba a&nbsp;hyenizmus. Nijako inak sa to nazva\u0165 ned\u00e1. Chudobn\u00fdm a&nbsp;chor\u00fdm sa neberie, chudobn\u00fdm a&nbsp;chor\u00fdm sa d\u00e1va. To, \u017ee Fico a&nbsp;spol. chc\u00fa &nbsp;dodato\u010dne zdani\u0165 charitu pova\u017eujem za absol\u00fatne perf\u00eddne. Ak s\u00fa aspo\u0148 trochu \u013eudia, vyz\u00fdvame ich, nech to zmenia,\u201c &nbsp;<\/em>hovor\u00ed&nbsp;Juraj \u0160eliga, podpredseda strany Demokrati.<\/p>\n\n\n\n<p>Vyz\u00fdvame vl\u00e1dnych poslancov, aby tento n\u00e1vrh zmenili a&nbsp;neni\u010dili prostredie, ktor\u00e9 \u010dastokr\u00e1t supluje \u0161t\u00e1t.<\/p>\n","protected":false},"excerpt":{"rendered":"<p>Vl\u00e1dna koal\u00edcia cez tzv. konsolida\u010dn\u00fd bal\u00ed\u010dek, nielen \u017ee chce zavies\u0165 transak\u010dn\u00fa da\u0148 pre podnikate\u013eov (\u017eivnostn\u00edci a&nbsp;firmy), ktor\u00e1 zv\u00fd\u0161i n\u00e1klady a&nbsp;ceny v\u0161etk\u00fdch v\u00fdrobkov a&nbsp;slu\u017eieb, ale dokonca aj pre ob\u010dianske zdru\u017eenia, charity a&nbsp;dokonca aj neverejn\u00fdch poskytovate\u013eov soci\u00e1lnych slu\u017eieb. Dnes na to upozornila napr\u00edklad Slovensk\u00e1 katol\u00edcka charita svojim listom. \u201eTransak\u010dn\u00fa da\u0148 bud\u00fa pod\u013ea vl\u00e1dneho n\u00e1vrhu z\u00e1kona plati\u0165 aj [&hellip;]<\/p>\n","protected":false},"author":13,"featured_media":5209,"comment_status":"closed","ping_status":"closed","sticky":false,"template":"","format":"standard","meta":{"_acf_changed":false,"ngg_post_thumbnail":0,"footnotes":""},"categories":[4],"tags":[],"class_list":["post-5206","post","type-post","status-publish","format-standard","has-post-thumbnail","hentry","category-tlacove-spravy"],"acf":[],"yoast_head":"<!-- This site is optimized with the Yoast SEO plugin v27.2 - https:\/\/yoast.com\/product\/yoast-seo-wordpress\/ -->\n<title>Vl\u00e1dna koal\u00edcia chce dodato\u010dne zdani\u0165 aj charitu<\/title>\n<meta name=\"robots\" content=\"index, follow, max-snippet:-1, max-image-preview:large, max-video-preview:-1\" \/>\n<link rel=\"canonical\" href=\"https:\/\/www.smedemokrati.sk\/cs\/vladna-koalicia-chce-dodatocne-zdanit-aj-charitu\/\" \/>\n<meta property=\"og:locale\" content=\"cs_CZ\" \/>\n<meta property=\"og:locale:alternate\" content=\"en_US\" \/>\n<meta property=\"og:locale:alternate\" content=\"hu_HU\" \/>\n<meta property=\"og:locale:alternate\" content=\"sk_SK\" \/>\n<meta property=\"og:locale:alternate\" content=\"sv_SE\" \/>\n<meta property=\"og:type\" content=\"article\" \/>\n<meta property=\"og:title\" content=\"Vl\u00e1dna koal\u00edcia chce dodato\u010dne zdani\u0165 aj charitu\" \/>\n<meta property=\"og:description\" content=\"Vl\u00e1dna koal\u00edcia cez tzv. konsolida\u010dn\u00fd bal\u00ed\u010dek, nielen \u017ee chce zavies\u0165 transak\u010dn\u00fa da\u0148 pre podnikate\u013eov (\u017eivnostn\u00edci a&nbsp;firmy), ktor\u00e1 zv\u00fd\u0161i n\u00e1klady a&nbsp;ceny v\u0161etk\u00fdch v\u00fdrobkov a&nbsp;slu\u017eieb, ale dokonca aj pre ob\u010dianske zdru\u017eenia, charity a&nbsp;dokonca aj neverejn\u00fdch poskytovate\u013eov soci\u00e1lnych slu\u017eieb. Dnes na to upozornila napr\u00edklad Slovensk\u00e1 katol\u00edcka charita svojim listom. \u201eTransak\u010dn\u00fa da\u0148 bud\u00fa pod\u013ea vl\u00e1dneho n\u00e1vrhu z\u00e1kona plati\u0165 aj [&hellip;]\" \/>\n<meta property=\"og:url\" content=\"https:\/\/www.smedemokrati.sk\/cs\/vladna-koalicia-chce-dodatocne-zdanit-aj-charitu\/\" \/>\n<meta property=\"og:site_name\" content=\"Smedemokrati.sk\" \/>\n<meta property=\"article:publisher\" content=\"https:\/\/www.facebook.com\/smedemokrati2023\" \/>\n<meta property=\"article:published_time\" content=\"2024-09-27T15:25:36+00:00\" \/>\n<meta property=\"article:modified_time\" content=\"2024-10-24T14:18:43+00:00\" \/>\n<meta property=\"og:image\" content=\"https:\/\/www.smedemokrati.sk\/wp-content\/uploads\/2024\/09\/nedovolme-1-scaled.jpg\" \/>\n\t<meta property=\"og:image:width\" content=\"2560\" \/>\n\t<meta property=\"og:image:height\" content=\"1369\" \/>\n\t<meta property=\"og:image:type\" content=\"image\/jpeg\" \/>\n<meta name=\"author\" content=\"miro.sopko\" \/>\n<meta name=\"twitter:card\" content=\"summary_large_image\" \/>\n<meta name=\"twitter:label1\" content=\"Napsal(a)\" \/>\n\t<meta name=\"twitter:data1\" content=\"miro.sopko\" \/>\n\t<meta name=\"twitter:label2\" content=\"Odhadovan\u00e1 doba \u010dten\u00ed\" \/>\n\t<meta name=\"twitter:data2\" content=\"2 minuty\" \/>\n<script type=\"application\/ld+json\" class=\"yoast-schema-graph\">{\"@context\":\"https:\/\/schema.org\",\"@graph\":[{\"@type\":\"Article\",\"@id\":\"https:\/\/www.smedemokrati.sk\/vladna-koalicia-chce-dodatocne-zdanit-aj-charitu\/#article\",\"isPartOf\":{\"@id\":\"https:\/\/www.smedemokrati.sk\/vladna-koalicia-chce-dodatocne-zdanit-aj-charitu\/\"},\"author\":{\"name\":\"miro.sopko\",\"@id\":\"https:\/\/www.smedemokrati.sk\/#\/schema\/person\/21f147c88d605aa7ded900e1e7c344ba\"},\"headline\":\"Vl\u00e1dna koal\u00edcia chce dodato\u010dne zdani\u0165 aj charitu\",\"datePublished\":\"2024-09-27T15:25:36+00:00\",\"dateModified\":\"2024-10-24T14:18:43+00:00\",\"mainEntityOfPage\":{\"@id\":\"https:\/\/www.smedemokrati.sk\/vladna-koalicia-chce-dodatocne-zdanit-aj-charitu\/\"},\"wordCount\":288,\"publisher\":{\"@id\":\"https:\/\/www.smedemokrati.sk\/#organization\"},\"image\":{\"@id\":\"https:\/\/www.smedemokrati.sk\/vladna-koalicia-chce-dodatocne-zdanit-aj-charitu\/#primaryimage\"},\"thumbnailUrl\":\"https:\/\/www.smedemokrati.sk\/wp-content\/uploads\/2024\/09\/nedovolme-1-scaled.jpg\",\"articleSection\":[\"Tla\u010dov\u00e9 spr\u00e1vy\"],\"inLanguage\":\"cs-CZ\"},{\"@type\":\"WebPage\",\"@id\":\"https:\/\/www.smedemokrati.sk\/vladna-koalicia-chce-dodatocne-zdanit-aj-charitu\/\",\"url\":\"https:\/\/www.smedemokrati.sk\/vladna-koalicia-chce-dodatocne-zdanit-aj-charitu\/\",\"name\":\"Vl\u00e1dna koal\u00edcia chce dodato\u010dne zdani\u0165 aj charitu\",\"isPartOf\":{\"@id\":\"https:\/\/www.smedemokrati.sk\/#website\"},\"primaryImageOfPage\":{\"@id\":\"https:\/\/www.smedemokrati.sk\/vladna-koalicia-chce-dodatocne-zdanit-aj-charitu\/#primaryimage\"},\"image\":{\"@id\":\"https:\/\/www.smedemokrati.sk\/vladna-koalicia-chce-dodatocne-zdanit-aj-charitu\/#primaryimage\"},\"thumbnailUrl\":\"https:\/\/www.smedemokrati.sk\/wp-content\/uploads\/2024\/09\/nedovolme-1-scaled.jpg\",\"datePublished\":\"2024-09-27T15:25:36+00:00\",\"dateModified\":\"2024-10-24T14:18:43+00:00\",\"breadcrumb\":{\"@id\":\"https:\/\/www.smedemokrati.sk\/vladna-koalicia-chce-dodatocne-zdanit-aj-charitu\/#breadcrumb\"},\"inLanguage\":\"cs-CZ\",\"potentialAction\":[{\"@type\":\"ReadAction\",\"target\":[\"https:\/\/www.smedemokrati.sk\/vladna-koalicia-chce-dodatocne-zdanit-aj-charitu\/\"]}]},{\"@type\":\"ImageObject\",\"inLanguage\":\"cs-CZ\",\"@id\":\"https:\/\/www.smedemokrati.sk\/vladna-koalicia-chce-dodatocne-zdanit-aj-charitu\/#primaryimage\",\"url\":\"https:\/\/www.smedemokrati.sk\/wp-content\/uploads\/2024\/09\/nedovolme-1-scaled.jpg\",\"contentUrl\":\"https:\/\/www.smedemokrati.sk\/wp-content\/uploads\/2024\/09\/nedovolme-1-scaled.jpg\",\"width\":2560,\"height\":1369},{\"@type\":\"BreadcrumbList\",\"@id\":\"https:\/\/www.smedemokrati.sk\/vladna-koalicia-chce-dodatocne-zdanit-aj-charitu\/#breadcrumb\",\"itemListElement\":[{\"@type\":\"ListItem\",\"position\":1,\"name\":\"Domovsk\u00e1 str\u00e1nka\",\"item\":\"https:\/\/www.smedemokrati.sk\/\"},{\"@type\":\"ListItem\",\"position\":2,\"name\":\"Vl\u00e1dna koal\u00edcia chce dodato\u010dne zdani\u0165 aj charitu\"}]},{\"@type\":\"WebSite\",\"@id\":\"https:\/\/www.smedemokrati.sk\/#website\",\"url\":\"https:\/\/www.smedemokrati.sk\/\",\"name\":\"Smedemokrati.sk\",\"description\":\"Demokracia a slu\u0161nos\u0165 zv\u00ed\u0165az\u00ed\",\"publisher\":{\"@id\":\"https:\/\/www.smedemokrati.sk\/#organization\"},\"potentialAction\":[{\"@type\":\"SearchAction\",\"target\":{\"@type\":\"EntryPoint\",\"urlTemplate\":\"https:\/\/www.smedemokrati.sk\/?s={search_term_string}\"},\"query-input\":{\"@type\":\"PropertyValueSpecification\",\"valueRequired\":true,\"valueName\":\"search_term_string\"}}],\"inLanguage\":\"cs-CZ\"},{\"@type\":\"Organization\",\"@id\":\"https:\/\/www.smedemokrati.sk\/#organization\",\"name\":\"Smedemokrati.sk\",\"url\":\"https:\/\/www.smedemokrati.sk\/\",\"logo\":{\"@type\":\"ImageObject\",\"inLanguage\":\"cs-CZ\",\"@id\":\"https:\/\/www.smedemokrati.sk\/#\/schema\/logo\/image\/\",\"url\":\"https:\/\/www.smedemokrati.sk\/wp-content\/uploads\/2023\/04\/ff.002.jpeg\",\"contentUrl\":\"https:\/\/www.smedemokrati.sk\/wp-content\/uploads\/2023\/04\/ff.002.jpeg\",\"width\":640,\"height\":480,\"caption\":\"Smedemokrati.sk\"},\"image\":{\"@id\":\"https:\/\/www.smedemokrati.sk\/#\/schema\/logo\/image\/\"},\"sameAs\":[\"https:\/\/www.facebook.com\/smedemokrati2023\"]},{\"@type\":\"Person\",\"@id\":\"https:\/\/www.smedemokrati.sk\/#\/schema\/person\/21f147c88d605aa7ded900e1e7c344ba\",\"name\":\"miro.sopko\",\"image\":{\"@type\":\"ImageObject\",\"inLanguage\":\"cs-CZ\",\"@id\":\"https:\/\/secure.gravatar.com\/avatar\/267e4a36f704376c109afe3a78740c1f5dd8675a2180a908699e7863c9247606?s=96&d=mm&r=g\",\"url\":\"https:\/\/secure.gravatar.com\/avatar\/267e4a36f704376c109afe3a78740c1f5dd8675a2180a908699e7863c9247606?s=96&d=mm&r=g\",\"contentUrl\":\"https:\/\/secure.gravatar.com\/avatar\/267e4a36f704376c109afe3a78740c1f5dd8675a2180a908699e7863c9247606?s=96&d=mm&r=g\",\"caption\":\"miro.sopko\"},\"url\":\"https:\/\/www.smedemokrati.sk\/cs\/author\/miro-sopko\/\"}]}<\/script>\n<!-- \/ Yoast SEO plugin. -->","yoast_head_json":{"title":"Vl\u00e1dna koal\u00edcia chce dodato\u010dne zdani\u0165 aj charitu","robots":{"index":"index","follow":"follow","max-snippet":"max-snippet:-1","max-image-preview":"max-image-preview:large","max-video-preview":"max-video-preview:-1"},"canonical":"https:\/\/www.smedemokrati.sk\/cs\/vladna-koalicia-chce-dodatocne-zdanit-aj-charitu\/","og_locale":"cs_CZ","og_type":"article","og_title":"[:sk]Vl\u00e1dna koal\u00edcia chce dodato\u010dne zdani\u0165 aj charitu[:] - Smedemokrati.sk","og_description":"Vl\u00e1dna koal\u00edcia cez tzv. konsolida\u010dn\u00fd bal\u00ed\u010dek, nielen \u017ee chce zavies\u0165 transak\u010dn\u00fa da\u0148 pre podnikate\u013eov (\u017eivnostn\u00edci a&nbsp;firmy), ktor\u00e1 zv\u00fd\u0161i n\u00e1klady a&nbsp;ceny v\u0161etk\u00fdch v\u00fdrobkov a&nbsp;slu\u017eieb, ale dokonca aj pre ob\u010dianske zdru\u017eenia, charity a&nbsp;dokonca aj neverejn\u00fdch poskytovate\u013eov soci\u00e1lnych slu\u017eieb. Dnes na to upozornila napr\u00edklad Slovensk\u00e1 katol\u00edcka charita svojim listom. \u201eTransak\u010dn\u00fa da\u0148 bud\u00fa pod\u013ea vl\u00e1dneho n\u00e1vrhu z\u00e1kona plati\u0165 aj [&hellip;]","og_url":"https:\/\/www.smedemokrati.sk\/cs\/vladna-koalicia-chce-dodatocne-zdanit-aj-charitu\/","og_site_name":"Smedemokrati.sk","article_publisher":"https:\/\/www.facebook.com\/smedemokrati2023","article_published_time":"2024-09-27T15:25:36+00:00","article_modified_time":"2024-10-24T14:18:43+00:00","og_image":[{"width":2560,"height":1369,"url":"https:\/\/www.smedemokrati.sk\/wp-content\/uploads\/2024\/09\/nedovolme-1-scaled.jpg","type":"image\/jpeg"}],"author":"miro.sopko","twitter_card":"summary_large_image","twitter_misc":{"Napsal(a)":"miro.sopko","Odhadovan\u00e1 doba \u010dten\u00ed":"2 minuty"},"schema":{"@context":"https:\/\/schema.org","@graph":[{"@type":"Article","@id":"https:\/\/www.smedemokrati.sk\/vladna-koalicia-chce-dodatocne-zdanit-aj-charitu\/#article","isPartOf":{"@id":"https:\/\/www.smedemokrati.sk\/vladna-koalicia-chce-dodatocne-zdanit-aj-charitu\/"},"author":{"name":"miro.sopko","@id":"https:\/\/www.smedemokrati.sk\/#\/schema\/person\/21f147c88d605aa7ded900e1e7c344ba"},"headline":"Vl\u00e1dna koal\u00edcia chce dodato\u010dne zdani\u0165 aj charitu","datePublished":"2024-09-27T15:25:36+00:00","dateModified":"2024-10-24T14:18:43+00:00","mainEntityOfPage":{"@id":"https:\/\/www.smedemokrati.sk\/vladna-koalicia-chce-dodatocne-zdanit-aj-charitu\/"},"wordCount":288,"publisher":{"@id":"https:\/\/www.smedemokrati.sk\/#organization"},"image":{"@id":"https:\/\/www.smedemokrati.sk\/vladna-koalicia-chce-dodatocne-zdanit-aj-charitu\/#primaryimage"},"thumbnailUrl":"https:\/\/www.smedemokrati.sk\/wp-content\/uploads\/2024\/09\/nedovolme-1-scaled.jpg","articleSection":["Tla\u010dov\u00e9 spr\u00e1vy"],"inLanguage":"cs-CZ"},{"@type":"WebPage","@id":"https:\/\/www.smedemokrati.sk\/vladna-koalicia-chce-dodatocne-zdanit-aj-charitu\/","url":"https:\/\/www.smedemokrati.sk\/vladna-koalicia-chce-dodatocne-zdanit-aj-charitu\/","name":"Vl\u00e1dna koal\u00edcia chce dodato\u010dne zdani\u0165 aj charitu","isPartOf":{"@id":"https:\/\/www.smedemokrati.sk\/#website"},"primaryImageOfPage":{"@id":"https:\/\/www.smedemokrati.sk\/vladna-koalicia-chce-dodatocne-zdanit-aj-charitu\/#primaryimage"},"image":{"@id":"https:\/\/www.smedemokrati.sk\/vladna-koalicia-chce-dodatocne-zdanit-aj-charitu\/#primaryimage"},"thumbnailUrl":"https:\/\/www.smedemokrati.sk\/wp-content\/uploads\/2024\/09\/nedovolme-1-scaled.jpg","datePublished":"2024-09-27T15:25:36+00:00","dateModified":"2024-10-24T14:18:43+00:00","breadcrumb":{"@id":"https:\/\/www.smedemokrati.sk\/vladna-koalicia-chce-dodatocne-zdanit-aj-charitu\/#breadcrumb"},"inLanguage":"cs-CZ","potentialAction":[{"@type":"ReadAction","target":["https:\/\/www.smedemokrati.sk\/vladna-koalicia-chce-dodatocne-zdanit-aj-charitu\/"]}]},{"@type":"ImageObject","inLanguage":"cs-CZ","@id":"https:\/\/www.smedemokrati.sk\/vladna-koalicia-chce-dodatocne-zdanit-aj-charitu\/#primaryimage","url":"https:\/\/www.smedemokrati.sk\/wp-content\/uploads\/2024\/09\/nedovolme-1-scaled.jpg","contentUrl":"https:\/\/www.smedemokrati.sk\/wp-content\/uploads\/2024\/09\/nedovolme-1-scaled.jpg","width":2560,"height":1369},{"@type":"BreadcrumbList","@id":"https:\/\/www.smedemokrati.sk\/vladna-koalicia-chce-dodatocne-zdanit-aj-charitu\/#breadcrumb","itemListElement":[{"@type":"ListItem","position":1,"name":"Domovsk\u00e1 str\u00e1nka","item":"https:\/\/www.smedemokrati.sk\/"},{"@type":"ListItem","position":2,"name":"Vl\u00e1dna koal\u00edcia chce dodato\u010dne zdani\u0165 aj charitu"}]},{"@type":"WebSite","@id":"https:\/\/www.smedemokrati.sk\/#website","url":"https:\/\/www.smedemokrati.sk\/","name":"Smedemokrati.sk","description":"Demokracia a slu\u0161nos\u0165 zv\u00ed\u0165az\u00ed","publisher":{"@id":"https:\/\/www.smedemokrati.sk\/#organization"},"potentialAction":[{"@type":"SearchAction","target":{"@type":"EntryPoint","urlTemplate":"https:\/\/www.smedemokrati.sk\/?s={search_term_string}"},"query-input":{"@type":"PropertyValueSpecification","valueRequired":true,"valueName":"search_term_string"}}],"inLanguage":"cs-CZ"},{"@type":"Organization","@id":"https:\/\/www.smedemokrati.sk\/#organization","name":"Smedemokrati.sk","url":"https:\/\/www.smedemokrati.sk\/","logo":{"@type":"ImageObject","inLanguage":"cs-CZ","@id":"https:\/\/www.smedemokrati.sk\/#\/schema\/logo\/image\/","url":"https:\/\/www.smedemokrati.sk\/wp-content\/uploads\/2023\/04\/ff.002.jpeg","contentUrl":"https:\/\/www.smedemokrati.sk\/wp-content\/uploads\/2023\/04\/ff.002.jpeg","width":640,"height":480,"caption":"Smedemokrati.sk"},"image":{"@id":"https:\/\/www.smedemokrati.sk\/#\/schema\/logo\/image\/"},"sameAs":["https:\/\/www.facebook.com\/smedemokrati2023"]},{"@type":"Person","@id":"https:\/\/www.smedemokrati.sk\/#\/schema\/person\/21f147c88d605aa7ded900e1e7c344ba","name":"miro.sopko","image":{"@type":"ImageObject","inLanguage":"cs-CZ","@id":"https:\/\/secure.gravatar.com\/avatar\/267e4a36f704376c109afe3a78740c1f5dd8675a2180a908699e7863c9247606?s=96&d=mm&r=g","url":"https:\/\/secure.gravatar.com\/avatar\/267e4a36f704376c109afe3a78740c1f5dd8675a2180a908699e7863c9247606?s=96&d=mm&r=g","contentUrl":"https:\/\/secure.gravatar.com\/avatar\/267e4a36f704376c109afe3a78740c1f5dd8675a2180a908699e7863c9247606?s=96&d=mm&r=g","caption":"miro.sopko"},"url":"https:\/\/www.smedemokrati.sk\/cs\/author\/miro-sopko\/"}]}},"_links":{"self":[{"href":"https:\/\/www.smedemokrati.sk\/cs\/wp-json\/wp\/v2\/posts\/5206","targetHints":{"allow":["GET"]}}],"collection":[{"href":"https:\/\/www.smedemokrati.sk\/cs\/wp-json\/wp\/v2\/posts"}],"about":[{"href":"https:\/\/www.smedemokrati.sk\/cs\/wp-json\/wp\/v2\/types\/post"}],"author":[{"embeddable":true,"href":"https:\/\/www.smedemokrati.sk\/cs\/wp-json\/wp\/v2\/users\/13"}],"replies":[{"embeddable":true,"href":"https:\/\/www.smedemokrati.sk\/cs\/wp-json\/wp\/v2\/comments?post=5206"}],"version-history":[{"count":1,"href":"https:\/\/www.smedemokrati.sk\/cs\/wp-json\/wp\/v2\/posts\/5206\/revisions"}],"predecessor-version":[{"id":5208,"href":"https:\/\/www.smedemokrati.sk\/cs\/wp-json\/wp\/v2\/posts\/5206\/revisions\/5208"}],"wp:featuredmedia":[{"embeddable":true,"href":"https:\/\/www.smedemokrati.sk\/cs\/wp-json\/wp\/v2\/media\/5209"}],"wp:attachment":[{"href":"https:\/\/www.smedemokrati.sk\/cs\/wp-json\/wp\/v2\/media?parent=5206"}],"wp:term":[{"taxonomy":"category","embeddable":true,"href":"https:\/\/www.smedemokrati.sk\/cs\/wp-json\/wp\/v2\/categories?post=5206"},{"taxonomy":"post_tag","embeddable":true,"href":"https:\/\/www.smedemokrati.sk\/cs\/wp-json\/wp\/v2\/tags?post=5206"}],"curies":[{"name":"wp","href":"https:\/\/api.w.org\/{rel}","templated":true}]}}