{"id":5179,"date":"2024-09-20T17:47:02","date_gmt":"2024-09-20T16:47:02","guid":{"rendered":"https:\/\/www.smedemokrati.sk\/?p=5179"},"modified":"2024-10-01T15:06:45","modified_gmt":"2024-10-01T14:06:45","slug":"zastrasovanie-na-policii-a-zurianova-bitka","status":"publish","type":"post","link":"https:\/\/www.smedemokrati.sk\/cs\/zastrasovanie-na-policii-a-zurianova-bitka\/","title":{"rendered":"Zastra\u0161ovanie na pol\u00edcii a Zurianova bitka"},"content":{"rendered":"<div id=\"fb-root\"><\/div>\n\n<p>Strana Demokrati dnes na tla\u010dovej konferencii ostro kritizovala aktu\u00e1lnu situ\u00e1ciu v Policajnom zbore Slovenskej republiky, poukazuj\u00fac na nez\u00e1konn\u00e9 praktiky a klamstv\u00e1 vo veden\u00ed pol\u00edcie. Predlo\u017eila nov\u00fd d\u00f4kaz vo vz\u0165ahu k&nbsp;bitiu svedka, ktor\u00e9 mal sp\u00e1cha\u0165 Zurian.&nbsp;<\/p>\n\n\n\n<p>Juraj \u0160eliga, podpredseda strany Demokrati, upozornil na nez\u00e1konn\u00e9 zru\u0161enie N\u00e1rodnej krimin\u00e1lnej agent\u00fary (NAKA) policajn\u00fdm prezidentom bez prerokovania s odborov\u00fdmi organiz\u00e1ciami. \u201e<strong>P\u00e1n Sol\u00e1k oklamal policajtov, odbory m\u00e1 za handru a navy\u0161e dnes pod\u013ea na\u0161ich inform\u00e1ci\u00ed tla\u010d\u00ed na policajtov a zastra\u0161uje ich, aby sa nebr\u00e1nili vo\u010di nez\u00e1konn\u00e9mu zru\u0161eniu NAKA a nepod\u00e1vali odvolania vo\u010di person\u00e1lnym rozhodnutiam, ktor\u00fdmi boli degradovan\u00ed na ni\u017e\u0161ie funkcie,<\/strong>\u201c uviedol \u0160eliga.<\/p>\n\n\n\n<p>\u201ePolicajn\u00fd prezident Sol\u00e1k preuk\u00e1zate\u013ene poru\u0161il z\u00e1kon, klame verejne a&nbsp;je tu podozrenie, \u017ee mohol sp\u00e1cha\u0165 trestn\u00fd \u010din. P\u00fdtam sa toto je \u010dlovek, ktor\u00fd m\u00e1 by\u0165 pov\u00fd\u0161en\u00fd do hodnosti gener\u00e1la? P\u00fdtam sa, za \u010do? Za \u0161ikanu policajtov, za rozpr\u00e1\u0161enie NAKA, za to, \u017ee sa mst\u00ed nepohodln\u00fdm policajtom?\u201c hovor\u00ed Juraj \u0160eliga<\/p>\n\n\n\n<p><strong>Pr\u00e1ve z&nbsp;tohto d\u00f4vodu sme po\u017eiadali o&nbsp;zvolanie mimoriadneho branobezpe\u010dnostn\u00e9ho v\u00fdboru, aby p\u00e1n Sol\u00e1k odpovedal na ot\u00e1zky, ktor\u00e9 s\u00fa legit\u00edmne. Ak vl\u00e1dna koal\u00edcia neotvor\u00ed v\u00fdbor, tak sme pripraven\u00ed prostredn\u00edctvom poslanca Galka za\u010da\u0165 zbiera\u0165 podpisy na mimoriadnu sch\u00f4dzu na odvolanie ministra vn\u00fatra \u0160utaja E\u0161toka. Hnutie Slovensko, pani Hole\u010dkov\u00e1 aj p\u00e1n Tank\u00f3 u\u017e svoje podpisy pris\u013eubili, ver\u00edme, \u017ee nebude probl\u00e9m ani z&nbsp;KDH ani SaS ani PS.<\/strong><\/p>\n\n\n\n<p>V \u010fal\u0161ej \u010dasti tla\u010dovej konferencie \u0160eliga predstavil nov\u00e9 skuto\u010dnosti v kauze Branislava Zuriana, o&nbsp;ktor\u00fdch hovorila strana Demokrati v\u010dera. P\u00e1n Zurian v\u010dera neodpovedal na ot\u00e1zky, s&nbsp;m\u00e9diami nekomunikuje, pri\u010dom je tu s\u00e9ria legit\u00edmnych ot\u00e1zok vo verejnom z\u00e1ujme.<\/p>\n\n\n\n<p><strong>Pod\u013ea dnes predlo\u017een\u00fdch podkladov, ktor\u00e9 boli v&nbsp;minulosti podan\u00e9 na Gener\u00e1lnu prokurat\u00faru<\/strong>, svedok opakovane, nielen pred s\u00fadom vypoved\u00e1 o n\u00e1silnostiach a bitke, ktor\u00fdch sa mal vo\u010di nemu dopusti\u0165 Branislav Zurian, aby ho prin\u00fatil vypoveda\u0165 ako chce. \u201e<strong>P\u00e1n Zurian neodpoved\u00e1 na v\u00e1\u017ene podozrenia, \u017ee bil svedka a pripravoval ho na v\u00fdpove\u010f. P\u00fdtam sa teda verejne, je toto jedin\u00fd pr\u00edpad? Dnes je tu \u010fal\u0161\u00ed materi\u00e1l, kde svedok pod\u00e1va podnet na gener\u00e1lnu prokurat\u00faru, \u017ee mal by\u0165 bit\u00fd.<\/strong>\u201c zd\u00f4raznil \u0160eliga.<\/p>\n\n\n\n<p>\u201eAk m\u00e1 p\u00e1n Zurian podklady, ktor\u00e9 vyvracaj\u00fa tieto v\u00fdpovede, teraz je \u010das, aby ich uk\u00e1zal. Koniec koncov, v\u010dera prik\u00e1zal policajtom v&nbsp;Poprade, aby v&nbsp;arch\u00edve na\u0161li v\u0161etko k&nbsp;t\u00fdmto pr\u00edpadom. Tak ako to je p\u00e1n Zurian? Zvol\u00e1te tla\u010dov\u00fa konferenciu? Budete odpoveda\u0165 na ot\u00e1zky? Poviete n\u00e1m, \u010do ste robili v&nbsp;Bielorusku, \u010di ste bili svedkov, \u010di m\u00e1te bezpe\u010dnostn\u00fa previerku a&nbsp;pre\u010do m\u00e1te dosta\u0165 hodnos\u0165 gener\u00e1la?\u201c p\u00fdta sa verejne Juraj \u0160eliga<\/p>\n\n\n\n<p>\u201e<strong>Rovnako sa p\u00fdtam, kde je Robert Fico? Si predstavte, \u017ee existuje tak\u00fdto list alebo svedeck\u00e1 v\u00fdpove\u010f na p\u00e1na Lip\u0161ica alebo \u0160ureka alebo \u010curillu? \u010co by sa dialo, v\u00fdpove\u010f, ktor\u00e1 hovor\u00ed, \u017ee mali bi\u0165 svedka, aby vypovedal, ako chc\u00fa? Teraz u\u017e rovnos\u0165 pred z\u00e1konom neplat\u00ed? Ve\u010f vy ste robili tla\u010dovky o&nbsp;mu\u010den\u00ed p\u00e1n Fico o&nbsp;pr\u00edprave na v\u00fdsluchy, kde ste dnes? Ke\u010f ide o&nbsp;v\u00e1\u0161ho Zuriana, tak ste ticho?<\/strong>\u201c opakovane sa p\u00fdtaj Juraj \u0160eliga<\/p>\n\n\n\n<p>Strana Demokrati dlhodobo upozor\u0148uje na minulos\u0165 a poves\u0165 s\u00fa\u010dasn\u00fdch policajn\u00fdch funkcion\u00e1rov. \u201eJe nepr\u00edpustn\u00e9, aby vo veden\u00ed pol\u00edcie p\u00f4sobili osoby s tak\u00fdmito z\u00e1va\u017en\u00fdmi podozreniami. Je to hanba pre cel\u00fd policajn\u00fd zbor. Z\u00e1rove\u0148 chceme ve\u013emi pekne po\u010fakova\u0165 v\u0161etk\u00fdm policajtom, ktor\u00ed napriek \u0165a\u017ek\u00fdm podmienka a&nbsp;vedeniu pol\u00edcie st\u00e1le sl\u00fa\u017eia v&nbsp;policajnom zbore.\u201c dodal \u0160eliga.<\/p>\n\n\n<div class=\"fb-video\" data-href=\"https:\/\/fb.watch\/uI-WBX4JdG\" data-allowfullscreen=\"true\" data-autoplay=\"false\" data-width=\"\" data-show-text=\"false\" data-show-captions=\"true\"><\/div>\n","protected":false},"excerpt":{"rendered":"<p>Strana Demokrati dnes na tla\u010dovej konferencii ostro kritizovala aktu\u00e1lnu situ\u00e1ciu v Policajnom zbore Slovenskej republiky, poukazuj\u00fac na nez\u00e1konn\u00e9 praktiky a klamstv\u00e1 vo veden\u00ed pol\u00edcie. Predlo\u017eila nov\u00fd d\u00f4kaz vo vz\u0165ahu k&nbsp;bitiu svedka, ktor\u00e9 mal sp\u00e1cha\u0165 Zurian.&nbsp; Juraj \u0160eliga, podpredseda strany Demokrati, upozornil na nez\u00e1konn\u00e9 zru\u0161enie N\u00e1rodnej krimin\u00e1lnej agent\u00fary (NAKA) policajn\u00fdm prezidentom bez prerokovania s odborov\u00fdmi organiz\u00e1ciami. [&hellip;]<\/p>\n","protected":false},"author":13,"featured_media":5183,"comment_status":"closed","ping_status":"closed","sticky":false,"template":"","format":"standard","meta":{"_acf_changed":false,"ngg_post_thumbnail":0,"footnotes":""},"categories":[4],"tags":[],"class_list":["post-5179","post","type-post","status-publish","format-standard","has-post-thumbnail","hentry","category-tlacove-spravy"],"acf":[],"yoast_head":"<!-- This site is optimized with the Yoast SEO plugin v27.2 - https:\/\/yoast.com\/product\/yoast-seo-wordpress\/ -->\n<title>Zastra\u0161ovanie na pol\u00edcii a Zurianova bitka<\/title>\n<meta name=\"robots\" content=\"index, follow, max-snippet:-1, max-image-preview:large, max-video-preview:-1\" \/>\n<link rel=\"canonical\" href=\"https:\/\/www.smedemokrati.sk\/cs\/zastrasovanie-na-policii-a-zurianova-bitka\/\" \/>\n<meta property=\"og:locale\" content=\"cs_CZ\" \/>\n<meta property=\"og:locale:alternate\" content=\"en_US\" \/>\n<meta property=\"og:locale:alternate\" content=\"hu_HU\" \/>\n<meta property=\"og:locale:alternate\" content=\"sk_SK\" \/>\n<meta property=\"og:locale:alternate\" content=\"sv_SE\" \/>\n<meta property=\"og:type\" content=\"article\" \/>\n<meta property=\"og:title\" content=\"Zastra\u0161ovanie na pol\u00edcii a Zurianova bitka\" \/>\n<meta property=\"og:description\" content=\"Strana Demokrati dnes na tla\u010dovej konferencii ostro kritizovala aktu\u00e1lnu situ\u00e1ciu v Policajnom zbore Slovenskej republiky, poukazuj\u00fac na nez\u00e1konn\u00e9 praktiky a klamstv\u00e1 vo veden\u00ed pol\u00edcie. Predlo\u017eila nov\u00fd d\u00f4kaz vo vz\u0165ahu k&nbsp;bitiu svedka, ktor\u00e9 mal sp\u00e1cha\u0165 Zurian.&nbsp; Juraj \u0160eliga, podpredseda strany Demokrati, upozornil na nez\u00e1konn\u00e9 zru\u0161enie N\u00e1rodnej krimin\u00e1lnej agent\u00fary (NAKA) policajn\u00fdm prezidentom bez prerokovania s odborov\u00fdmi organiz\u00e1ciami. [&hellip;]\" \/>\n<meta property=\"og:url\" content=\"https:\/\/www.smedemokrati.sk\/cs\/zastrasovanie-na-policii-a-zurianova-bitka\/\" \/>\n<meta property=\"og:site_name\" content=\"Smedemokrati.sk\" \/>\n<meta property=\"article:publisher\" content=\"https:\/\/www.facebook.com\/smedemokrati2023\" \/>\n<meta property=\"article:published_time\" content=\"2024-09-20T16:47:02+00:00\" \/>\n<meta property=\"article:modified_time\" content=\"2024-10-01T14:06:45+00:00\" \/>\n<meta property=\"og:image\" content=\"https:\/\/www.smedemokrati.sk\/wp-content\/uploads\/2024\/09\/zurian.jpg\" \/>\n\t<meta property=\"og:image:width\" content=\"825\" \/>\n\t<meta property=\"og:image:height\" content=\"464\" \/>\n\t<meta property=\"og:image:type\" content=\"image\/jpeg\" \/>\n<meta name=\"author\" content=\"miro.sopko\" \/>\n<meta name=\"twitter:card\" content=\"summary_large_image\" \/>\n<meta name=\"twitter:label1\" content=\"Napsal(a)\" \/>\n\t<meta name=\"twitter:data1\" content=\"miro.sopko\" \/>\n\t<meta name=\"twitter:label2\" content=\"Odhadovan\u00e1 doba \u010dten\u00ed\" \/>\n\t<meta name=\"twitter:data2\" content=\"3 minuty\" \/>\n<script type=\"application\/ld+json\" class=\"yoast-schema-graph\">{\"@context\":\"https:\/\/schema.org\",\"@graph\":[{\"@type\":\"Article\",\"@id\":\"https:\/\/www.smedemokrati.sk\/zastrasovanie-na-policii-a-zurianova-bitka\/#article\",\"isPartOf\":{\"@id\":\"https:\/\/www.smedemokrati.sk\/zastrasovanie-na-policii-a-zurianova-bitka\/\"},\"author\":{\"name\":\"miro.sopko\",\"@id\":\"https:\/\/www.smedemokrati.sk\/#\/schema\/person\/21f147c88d605aa7ded900e1e7c344ba\"},\"headline\":\"Zastra\u0161ovanie na pol\u00edcii a Zurianova bitka\",\"datePublished\":\"2024-09-20T16:47:02+00:00\",\"dateModified\":\"2024-10-01T14:06:45+00:00\",\"mainEntityOfPage\":{\"@id\":\"https:\/\/www.smedemokrati.sk\/zastrasovanie-na-policii-a-zurianova-bitka\/\"},\"wordCount\":716,\"publisher\":{\"@id\":\"https:\/\/www.smedemokrati.sk\/#organization\"},\"image\":{\"@id\":\"https:\/\/www.smedemokrati.sk\/zastrasovanie-na-policii-a-zurianova-bitka\/#primaryimage\"},\"thumbnailUrl\":\"https:\/\/www.smedemokrati.sk\/wp-content\/uploads\/2024\/09\/zurian.jpg\",\"articleSection\":[\"Tla\u010dov\u00e9 spr\u00e1vy\"],\"inLanguage\":\"cs-CZ\"},{\"@type\":\"WebPage\",\"@id\":\"https:\/\/www.smedemokrati.sk\/zastrasovanie-na-policii-a-zurianova-bitka\/\",\"url\":\"https:\/\/www.smedemokrati.sk\/zastrasovanie-na-policii-a-zurianova-bitka\/\",\"name\":\"Zastra\u0161ovanie na pol\u00edcii a Zurianova bitka\",\"isPartOf\":{\"@id\":\"https:\/\/www.smedemokrati.sk\/#website\"},\"primaryImageOfPage\":{\"@id\":\"https:\/\/www.smedemokrati.sk\/zastrasovanie-na-policii-a-zurianova-bitka\/#primaryimage\"},\"image\":{\"@id\":\"https:\/\/www.smedemokrati.sk\/zastrasovanie-na-policii-a-zurianova-bitka\/#primaryimage\"},\"thumbnailUrl\":\"https:\/\/www.smedemokrati.sk\/wp-content\/uploads\/2024\/09\/zurian.jpg\",\"datePublished\":\"2024-09-20T16:47:02+00:00\",\"dateModified\":\"2024-10-01T14:06:45+00:00\",\"breadcrumb\":{\"@id\":\"https:\/\/www.smedemokrati.sk\/zastrasovanie-na-policii-a-zurianova-bitka\/#breadcrumb\"},\"inLanguage\":\"cs-CZ\",\"potentialAction\":[{\"@type\":\"ReadAction\",\"target\":[\"https:\/\/www.smedemokrati.sk\/zastrasovanie-na-policii-a-zurianova-bitka\/\"]}]},{\"@type\":\"ImageObject\",\"inLanguage\":\"cs-CZ\",\"@id\":\"https:\/\/www.smedemokrati.sk\/zastrasovanie-na-policii-a-zurianova-bitka\/#primaryimage\",\"url\":\"https:\/\/www.smedemokrati.sk\/wp-content\/uploads\/2024\/09\/zurian.jpg\",\"contentUrl\":\"https:\/\/www.smedemokrati.sk\/wp-content\/uploads\/2024\/09\/zurian.jpg\",\"width\":825,\"height\":464},{\"@type\":\"BreadcrumbList\",\"@id\":\"https:\/\/www.smedemokrati.sk\/zastrasovanie-na-policii-a-zurianova-bitka\/#breadcrumb\",\"itemListElement\":[{\"@type\":\"ListItem\",\"position\":1,\"name\":\"Domovsk\u00e1 str\u00e1nka\",\"item\":\"https:\/\/www.smedemokrati.sk\/\"},{\"@type\":\"ListItem\",\"position\":2,\"name\":\"Zastra\u0161ovanie na pol\u00edcii a Zurianova bitka\"}]},{\"@type\":\"WebSite\",\"@id\":\"https:\/\/www.smedemokrati.sk\/#website\",\"url\":\"https:\/\/www.smedemokrati.sk\/\",\"name\":\"Smedemokrati.sk\",\"description\":\"Demokracia a slu\u0161nos\u0165 zv\u00ed\u0165az\u00ed\",\"publisher\":{\"@id\":\"https:\/\/www.smedemokrati.sk\/#organization\"},\"potentialAction\":[{\"@type\":\"SearchAction\",\"target\":{\"@type\":\"EntryPoint\",\"urlTemplate\":\"https:\/\/www.smedemokrati.sk\/?s={search_term_string}\"},\"query-input\":{\"@type\":\"PropertyValueSpecification\",\"valueRequired\":true,\"valueName\":\"search_term_string\"}}],\"inLanguage\":\"cs-CZ\"},{\"@type\":\"Organization\",\"@id\":\"https:\/\/www.smedemokrati.sk\/#organization\",\"name\":\"Smedemokrati.sk\",\"url\":\"https:\/\/www.smedemokrati.sk\/\",\"logo\":{\"@type\":\"ImageObject\",\"inLanguage\":\"cs-CZ\",\"@id\":\"https:\/\/www.smedemokrati.sk\/#\/schema\/logo\/image\/\",\"url\":\"https:\/\/www.smedemokrati.sk\/wp-content\/uploads\/2023\/04\/ff.002.jpeg\",\"contentUrl\":\"https:\/\/www.smedemokrati.sk\/wp-content\/uploads\/2023\/04\/ff.002.jpeg\",\"width\":640,\"height\":480,\"caption\":\"Smedemokrati.sk\"},\"image\":{\"@id\":\"https:\/\/www.smedemokrati.sk\/#\/schema\/logo\/image\/\"},\"sameAs\":[\"https:\/\/www.facebook.com\/smedemokrati2023\"]},{\"@type\":\"Person\",\"@id\":\"https:\/\/www.smedemokrati.sk\/#\/schema\/person\/21f147c88d605aa7ded900e1e7c344ba\",\"name\":\"miro.sopko\",\"image\":{\"@type\":\"ImageObject\",\"inLanguage\":\"cs-CZ\",\"@id\":\"https:\/\/secure.gravatar.com\/avatar\/267e4a36f704376c109afe3a78740c1f5dd8675a2180a908699e7863c9247606?s=96&d=mm&r=g\",\"url\":\"https:\/\/secure.gravatar.com\/avatar\/267e4a36f704376c109afe3a78740c1f5dd8675a2180a908699e7863c9247606?s=96&d=mm&r=g\",\"contentUrl\":\"https:\/\/secure.gravatar.com\/avatar\/267e4a36f704376c109afe3a78740c1f5dd8675a2180a908699e7863c9247606?s=96&d=mm&r=g\",\"caption\":\"miro.sopko\"},\"url\":\"https:\/\/www.smedemokrati.sk\/cs\/author\/miro-sopko\/\"}]}<\/script>\n<!-- \/ Yoast SEO plugin. -->","yoast_head_json":{"title":"Zastra\u0161ovanie na pol\u00edcii a Zurianova bitka","robots":{"index":"index","follow":"follow","max-snippet":"max-snippet:-1","max-image-preview":"max-image-preview:large","max-video-preview":"max-video-preview:-1"},"canonical":"https:\/\/www.smedemokrati.sk\/cs\/zastrasovanie-na-policii-a-zurianova-bitka\/","og_locale":"cs_CZ","og_type":"article","og_title":"[:sk]Zastra\u0161ovanie na pol\u00edcii a Zurianova bitka[:] - Smedemokrati.sk","og_description":"Strana Demokrati dnes na tla\u010dovej konferencii ostro kritizovala aktu\u00e1lnu situ\u00e1ciu v Policajnom zbore Slovenskej republiky, poukazuj\u00fac na nez\u00e1konn\u00e9 praktiky a klamstv\u00e1 vo veden\u00ed pol\u00edcie. Predlo\u017eila nov\u00fd d\u00f4kaz vo vz\u0165ahu k&nbsp;bitiu svedka, ktor\u00e9 mal sp\u00e1cha\u0165 Zurian.&nbsp; Juraj \u0160eliga, podpredseda strany Demokrati, upozornil na nez\u00e1konn\u00e9 zru\u0161enie N\u00e1rodnej krimin\u00e1lnej agent\u00fary (NAKA) policajn\u00fdm prezidentom bez prerokovania s odborov\u00fdmi organiz\u00e1ciami. [&hellip;]","og_url":"https:\/\/www.smedemokrati.sk\/cs\/zastrasovanie-na-policii-a-zurianova-bitka\/","og_site_name":"Smedemokrati.sk","article_publisher":"https:\/\/www.facebook.com\/smedemokrati2023","article_published_time":"2024-09-20T16:47:02+00:00","article_modified_time":"2024-10-01T14:06:45+00:00","og_image":[{"width":825,"height":464,"url":"https:\/\/www.smedemokrati.sk\/wp-content\/uploads\/2024\/09\/zurian.jpg","type":"image\/jpeg"}],"author":"miro.sopko","twitter_card":"summary_large_image","twitter_misc":{"Napsal(a)":"miro.sopko","Odhadovan\u00e1 doba \u010dten\u00ed":"3 minuty"},"schema":{"@context":"https:\/\/schema.org","@graph":[{"@type":"Article","@id":"https:\/\/www.smedemokrati.sk\/zastrasovanie-na-policii-a-zurianova-bitka\/#article","isPartOf":{"@id":"https:\/\/www.smedemokrati.sk\/zastrasovanie-na-policii-a-zurianova-bitka\/"},"author":{"name":"miro.sopko","@id":"https:\/\/www.smedemokrati.sk\/#\/schema\/person\/21f147c88d605aa7ded900e1e7c344ba"},"headline":"Zastra\u0161ovanie na pol\u00edcii a Zurianova bitka","datePublished":"2024-09-20T16:47:02+00:00","dateModified":"2024-10-01T14:06:45+00:00","mainEntityOfPage":{"@id":"https:\/\/www.smedemokrati.sk\/zastrasovanie-na-policii-a-zurianova-bitka\/"},"wordCount":716,"publisher":{"@id":"https:\/\/www.smedemokrati.sk\/#organization"},"image":{"@id":"https:\/\/www.smedemokrati.sk\/zastrasovanie-na-policii-a-zurianova-bitka\/#primaryimage"},"thumbnailUrl":"https:\/\/www.smedemokrati.sk\/wp-content\/uploads\/2024\/09\/zurian.jpg","articleSection":["Tla\u010dov\u00e9 spr\u00e1vy"],"inLanguage":"cs-CZ"},{"@type":"WebPage","@id":"https:\/\/www.smedemokrati.sk\/zastrasovanie-na-policii-a-zurianova-bitka\/","url":"https:\/\/www.smedemokrati.sk\/zastrasovanie-na-policii-a-zurianova-bitka\/","name":"Zastra\u0161ovanie na pol\u00edcii a Zurianova bitka","isPartOf":{"@id":"https:\/\/www.smedemokrati.sk\/#website"},"primaryImageOfPage":{"@id":"https:\/\/www.smedemokrati.sk\/zastrasovanie-na-policii-a-zurianova-bitka\/#primaryimage"},"image":{"@id":"https:\/\/www.smedemokrati.sk\/zastrasovanie-na-policii-a-zurianova-bitka\/#primaryimage"},"thumbnailUrl":"https:\/\/www.smedemokrati.sk\/wp-content\/uploads\/2024\/09\/zurian.jpg","datePublished":"2024-09-20T16:47:02+00:00","dateModified":"2024-10-01T14:06:45+00:00","breadcrumb":{"@id":"https:\/\/www.smedemokrati.sk\/zastrasovanie-na-policii-a-zurianova-bitka\/#breadcrumb"},"inLanguage":"cs-CZ","potentialAction":[{"@type":"ReadAction","target":["https:\/\/www.smedemokrati.sk\/zastrasovanie-na-policii-a-zurianova-bitka\/"]}]},{"@type":"ImageObject","inLanguage":"cs-CZ","@id":"https:\/\/www.smedemokrati.sk\/zastrasovanie-na-policii-a-zurianova-bitka\/#primaryimage","url":"https:\/\/www.smedemokrati.sk\/wp-content\/uploads\/2024\/09\/zurian.jpg","contentUrl":"https:\/\/www.smedemokrati.sk\/wp-content\/uploads\/2024\/09\/zurian.jpg","width":825,"height":464},{"@type":"BreadcrumbList","@id":"https:\/\/www.smedemokrati.sk\/zastrasovanie-na-policii-a-zurianova-bitka\/#breadcrumb","itemListElement":[{"@type":"ListItem","position":1,"name":"Domovsk\u00e1 str\u00e1nka","item":"https:\/\/www.smedemokrati.sk\/"},{"@type":"ListItem","position":2,"name":"Zastra\u0161ovanie na pol\u00edcii a Zurianova bitka"}]},{"@type":"WebSite","@id":"https:\/\/www.smedemokrati.sk\/#website","url":"https:\/\/www.smedemokrati.sk\/","name":"Smedemokrati.sk","description":"Demokracia a slu\u0161nos\u0165 zv\u00ed\u0165az\u00ed","publisher":{"@id":"https:\/\/www.smedemokrati.sk\/#organization"},"potentialAction":[{"@type":"SearchAction","target":{"@type":"EntryPoint","urlTemplate":"https:\/\/www.smedemokrati.sk\/?s={search_term_string}"},"query-input":{"@type":"PropertyValueSpecification","valueRequired":true,"valueName":"search_term_string"}}],"inLanguage":"cs-CZ"},{"@type":"Organization","@id":"https:\/\/www.smedemokrati.sk\/#organization","name":"Smedemokrati.sk","url":"https:\/\/www.smedemokrati.sk\/","logo":{"@type":"ImageObject","inLanguage":"cs-CZ","@id":"https:\/\/www.smedemokrati.sk\/#\/schema\/logo\/image\/","url":"https:\/\/www.smedemokrati.sk\/wp-content\/uploads\/2023\/04\/ff.002.jpeg","contentUrl":"https:\/\/www.smedemokrati.sk\/wp-content\/uploads\/2023\/04\/ff.002.jpeg","width":640,"height":480,"caption":"Smedemokrati.sk"},"image":{"@id":"https:\/\/www.smedemokrati.sk\/#\/schema\/logo\/image\/"},"sameAs":["https:\/\/www.facebook.com\/smedemokrati2023"]},{"@type":"Person","@id":"https:\/\/www.smedemokrati.sk\/#\/schema\/person\/21f147c88d605aa7ded900e1e7c344ba","name":"miro.sopko","image":{"@type":"ImageObject","inLanguage":"cs-CZ","@id":"https:\/\/secure.gravatar.com\/avatar\/267e4a36f704376c109afe3a78740c1f5dd8675a2180a908699e7863c9247606?s=96&d=mm&r=g","url":"https:\/\/secure.gravatar.com\/avatar\/267e4a36f704376c109afe3a78740c1f5dd8675a2180a908699e7863c9247606?s=96&d=mm&r=g","contentUrl":"https:\/\/secure.gravatar.com\/avatar\/267e4a36f704376c109afe3a78740c1f5dd8675a2180a908699e7863c9247606?s=96&d=mm&r=g","caption":"miro.sopko"},"url":"https:\/\/www.smedemokrati.sk\/cs\/author\/miro-sopko\/"}]}},"_links":{"self":[{"href":"https:\/\/www.smedemokrati.sk\/cs\/wp-json\/wp\/v2\/posts\/5179","targetHints":{"allow":["GET"]}}],"collection":[{"href":"https:\/\/www.smedemokrati.sk\/cs\/wp-json\/wp\/v2\/posts"}],"about":[{"href":"https:\/\/www.smedemokrati.sk\/cs\/wp-json\/wp\/v2\/types\/post"}],"author":[{"embeddable":true,"href":"https:\/\/www.smedemokrati.sk\/cs\/wp-json\/wp\/v2\/users\/13"}],"replies":[{"embeddable":true,"href":"https:\/\/www.smedemokrati.sk\/cs\/wp-json\/wp\/v2\/comments?post=5179"}],"version-history":[{"count":1,"href":"https:\/\/www.smedemokrati.sk\/cs\/wp-json\/wp\/v2\/posts\/5179\/revisions"}],"predecessor-version":[{"id":5181,"href":"https:\/\/www.smedemokrati.sk\/cs\/wp-json\/wp\/v2\/posts\/5179\/revisions\/5181"}],"wp:featuredmedia":[{"embeddable":true,"href":"https:\/\/www.smedemokrati.sk\/cs\/wp-json\/wp\/v2\/media\/5183"}],"wp:attachment":[{"href":"https:\/\/www.smedemokrati.sk\/cs\/wp-json\/wp\/v2\/media?parent=5179"}],"wp:term":[{"taxonomy":"category","embeddable":true,"href":"https:\/\/www.smedemokrati.sk\/cs\/wp-json\/wp\/v2\/categories?post=5179"},{"taxonomy":"post_tag","embeddable":true,"href":"https:\/\/www.smedemokrati.sk\/cs\/wp-json\/wp\/v2\/tags?post=5179"}],"curies":[{"name":"wp","href":"https:\/\/api.w.org\/{rel}","templated":true}]}}