{"id":5152,"date":"2024-09-17T15:39:19","date_gmt":"2024-09-17T14:39:19","guid":{"rendered":"https:\/\/www.smedemokrati.sk\/?p=5152"},"modified":"2024-10-01T15:06:16","modified_gmt":"2024-10-01T14:06:16","slug":"fico-je-socialny-netvor-ktory-ozobracuje-obcanov-slovenskej-republiky","status":"publish","type":"post","link":"https:\/\/www.smedemokrati.sk\/cs\/fico-je-socialny-netvor-ktory-ozobracuje-obcanov-slovenskej-republiky\/","title":{"rendered":"Fico je soci\u00e1lny netvor, ktor\u00fd o\u017eobra\u010duje ob\u010danov Slovenskej republiky"},"content":{"rendered":"<div id=\"fb-root\"><\/div>\n\n<p><strong>Ficova konsolid\u00e1cia je oby\u010dajn\u00e9 o\u017eobra\u010dovanie \u013eud\u00ed, ktor\u00e9 z\u00e1sadne negat\u00edvne poc\u00edtia vo svojich pe\u0148a\u017eenk\u00e1ch. Slovensko sa t\u00fdmito opatreniami m\u00f4\u017ee rozl\u00fa\u010di\u0165 s lacn\u00fdmi potravinami, energiami \u010di bytmi.\u00a0Robert Fico sa spr\u00e1va ako soci\u00e1lny netvor.<\/strong><\/p>\n\n\n\n<p><em>\u201eSlovensk\u00e1 republika m\u00e1 pod\u013ea Rady pre rozpo\u010dtov\u00fa zodpovednos\u0165 v r\u00e1mci E\u00da najhor\u0161iu udr\u017eate\u013enos\u0165 verejn\u00fdch financi\u00ed. Toto bol cit\u00e1t z febru\u00e1ra 2020, ke\u010f sme nastupovali do vl\u00e1dy, a toto bol v\u00fdsledok Ficov\u00fdch vl\u00e1d. Museli sme si po\u017ei\u010diava\u0165 peniaze, lebo nebolo ani na v\u00fdplaty \u0161t\u00e1tnych zamestnancov,&#8220; <\/em>otv\u00e1ra t\u00e9mu okolo konsolid\u00e1cie verejn\u00fdch financi\u00ed Jaroslav Na\u010f a hovor\u00ed, \u017ee na pozad\u00ed vojny na Ukrajine, energokr\u00edzy, infla\u010dnej \u010di migra\u010dnej kr\u00edzy tieto dopady \u013eudia c\u00edtili minim\u00e1lne a je preto nemyslite\u013en\u00e9, \u017ee s\u00fa\u010dasn\u00e1 vl\u00e1da nevie za ide\u00e1lnych podmienok utiahnu\u0165 vlastn\u00fd opasok, ale siaha do pe\u0148a\u017eeniek \u013eud\u00ed.<\/p>\n\n\n\n<p><em>\u201e<strong>Chystaj\u00fa zv\u00fd\u0161enie sadzby DPH o 3%, ukon\u010denie zastropovania cien energi\u00ed, da\u0148 z finan\u010dn\u00fdch transakci\u00ed, zv\u00fd\u0161enie dan\u00ed z pr\u00edjmu pr\u00e1vnick\u00fdch os\u00f4b, fyzick\u00fdch os\u00f4b, u\u017e zv\u00fd\u0161ili ceny m\u00fdta, zv\u00fd\u0161enie dane za sladen\u00e9 n\u00e1poje, tabak, osobitn\u00e9 zdanenie mobiln\u00fdch oper\u00e1torov, no a popritom zv\u00fd\u0161enie odvodov a zoznam pokra\u010duje \u010falej. D\u00e1my a\u00a0p\u00e1ni, toto v\u0161etko zaplat\u00edme my v\u0161etci, be\u017en\u00ed \u013eudia. Toto nie je konsolid\u00e1cia, hodi\u0165 v\u0161etko na \u013eud\u00ed, m\u00f4\u017eete sa hanbi\u0165 p\u00e1n Fico<\/strong>,&#8220;<\/em> pokra\u010duje predseda Demokratov a hovor\u00ed, \u017ee t\u00fdmito opatreniami sa Slovensko lacnej\u0161\u00edch potrav\u00edn zaru\u010dene nedo\u010dk\u00e1, preto\u017ee v\u00fdrobcovia \u010di farm\u00e1ri v\u0161etky tieto zv\u00fd\u0161ene n\u00e1klady premietnu do kone\u010dn\u00fdch cien potrav\u00edn.<\/p>\n\n\n\n<p><em>\u201e<strong>N\u00e1klady na opravu mostov alebo ciest nemo\u017eno len tak zapo\u010d\u00edta\u0165 do 2% z\u00e1v\u00e4zku v\u00fddavkov na obranu, ktor\u00fa mus\u00edme plni\u0165 k NATO. Je to klamstvo Fica a Kali\u0148\u00e1ka a gener\u00e1lny tajomn\u00edk NATO to jasne povedal a tlmo\u010dil aj Ficovi aj Kali\u0148\u00e1kovi. Op\u00e4\u0165 je to \u010fal\u0161\u00ed pokus oklama\u0165 verejnos\u0165 a aj na\u0161ich spojencov.<\/strong>\u201d<\/em> vysvet\u013euje \u010falej Jaroslav Na\u010f, b\u00fdval\u00fd minister obrany a predseda strany Demokrati.<\/p>\n\n\n\n<p>Eduard Heger, b\u00fdval\u00fd premi\u00e9r krajiny upozor\u0148uje, \u017ee tieto opatrenia bud\u00fa ma\u0165 negat\u00edvne dopady nielen na \u017eivot be\u017en\u00fdch ob\u010danov, ale zna\u010dne negat\u00edvne ovplyvnia aj ekonomick\u00e9 prostredie: <em>\u201e<strong>\u010clovek by \u010dakal, \u017ee trojn\u00e1sobn\u00fd premi\u00e9r by z\u00faro\u010dil svoje sk\u00fasenosti v prospech n\u00e1s v\u0161etk\u00fdch. S\u013e\u00fabil bezpe\u010dnej\u0161\u00ed a pokojnej\u0161\u00ed \u017eivot, no jeho kroky tak\u00fdto \u017eivot zabezpe\u010duj\u00fa iba \u00fazkej skupine vybran\u00fdch \u013eud\u00ed. Ficova nov\u00e1 sadzba DPH o plus tri percent\u00e1 znamen\u00e1, \u017ee st\u00fapnu ceny v\u0161etk\u00e9ho, vr\u00e1tane energi\u00ed \u010di bytov, aj ke\u010f samozrejme, pred vo\u013ebami to bola in\u00e1 pesni\u010dka. Chcem upozorni\u0165, \u017ee toto v\u0161etko m\u00e1 dopad aj na podnikate\u013eov. Ak\u00fa motiv\u00e1ciu maj\u00fa zahrani\u010dn\u00ed investori aby pri\u0161li na Slovensko podnika\u0165? A ak\u00fa motiv\u00e1ciu maj\u00fa slovensk\u00ed podnikatelia, aby svoj tzv. domicil ponechali na Slovensku, ke\u010f m\u00f4\u017eu \u00eds\u0165 do susednej krajiny, kde ho dane nezruinuj\u00fa?<\/strong>\u201c<\/em><\/p>\n\n\n\n<p><em>\u201e<strong>Len zopakujem, Robert Fico n\u00e1m hovor\u00ed, \u017ee zn\u00ed\u017ei da\u0148 na potraviny a\u00a0bud\u00fa potraviny lacnej\u0161ie. Ale to je klamstvo, preto\u017ee podnikatelia po tom, ako im Fico zvy\u0161uje dane a\u00a0odvody a\u00a0n\u00e1klady na energie alebo da\u0148 z\u00a0obratu, v\u0161etky tieto n\u00e1klady premietnu do cien potrav\u00edn, tak\u017ee na konci d\u0148a, \u017eia\u013e, cena potrav\u00edn bude st\u00fapa\u0165<\/strong>,&#8220;<\/em> vysvet\u013euje \u010falej Eduard Heger.<\/p>\n\n\n\n<p>Monika Podhor\u00e1ny Masarikov\u00e1 upozor\u0148uje, \u017ee vl\u00e1da dnes op\u00e4\u0165 postavila \u013eud\u00ed pred falo\u0161n\u00fa mor\u00e1lnu dilemu: <em>\u201eKamenick\u00fd dnes op\u00e4\u0165 za\u00fato\u010dil na mimovl\u00e1dny sektor, a to ke\u010f povedal, \u017ee \u013eudia si bud\u00fa musie\u0165 vybra\u0165, komu bud\u00fa chcie\u0165 pom\u00f4c\u0165, \u010di svoj\u00edm rodi\u010dom alebo prospe\u0161n\u00fdm projektom, ktor\u00e9 realizuj\u00fa pr\u00e1ve neziskov\u00e9 organiz\u00e1cie z 2% dan\u00ed. Je nehor\u00e1zne takto tla\u010di\u0165 na \u013eud\u00ed, len pre to, \u017ee sami nie s\u00fa schopn\u00ed predstavi\u0165 jedno jedin\u00e9 opatrenie, ktor\u00fdm by \u0161t\u00e1t pomohol na\u0161im rodi\u010dom.\u201d<\/em>\u00a0<\/p>\n\n\n<div class=\"fb-video\" data-href=\"https:\/\/fb.watch\/uFgtgwoaFd\" data-allowfullscreen=\"true\" data-autoplay=\"false\" data-width=\"\" data-show-text=\"false\" data-show-captions=\"true\"><\/div>\n\n\n\n<p><\/p>\n","protected":false},"excerpt":{"rendered":"<p>Ficova konsolid\u00e1cia je oby\u010dajn\u00e9 o\u017eobra\u010dovanie \u013eud\u00ed, ktor\u00e9 z\u00e1sadne negat\u00edvne poc\u00edtia vo svojich pe\u0148a\u017eenk\u00e1ch. Slovensko sa t\u00fdmito opatreniami m\u00f4\u017ee rozl\u00fa\u010di\u0165 s lacn\u00fdmi potravinami, energiami \u010di bytmi.\u00a0Robert Fico sa spr\u00e1va ako soci\u00e1lny netvor. \u201eSlovensk\u00e1 republika m\u00e1 pod\u013ea Rady pre rozpo\u010dtov\u00fa zodpovednos\u0165 v r\u00e1mci E\u00da najhor\u0161iu udr\u017eate\u013enos\u0165 verejn\u00fdch financi\u00ed. Toto bol cit\u00e1t z febru\u00e1ra 2020, ke\u010f sme nastupovali [&hellip;]<\/p>\n","protected":false},"author":13,"featured_media":1849,"comment_status":"closed","ping_status":"closed","sticky":false,"template":"","format":"standard","meta":{"_acf_changed":false,"ngg_post_thumbnail":0,"footnotes":""},"categories":[4],"tags":[],"class_list":["post-5152","post","type-post","status-publish","format-standard","has-post-thumbnail","hentry","category-tlacove-spravy"],"acf":[],"yoast_head":"<!-- This site is optimized with the Yoast SEO plugin v27.2 - https:\/\/yoast.com\/product\/yoast-seo-wordpress\/ -->\n<title>Fico je soci\u00e1lny netvor, ktor\u00fd o\u017eobra\u010duje ob\u010danov Slovenskej republiky<\/title>\n<meta name=\"robots\" content=\"index, follow, max-snippet:-1, max-image-preview:large, max-video-preview:-1\" \/>\n<link rel=\"canonical\" href=\"https:\/\/www.smedemokrati.sk\/cs\/fico-je-socialny-netvor-ktory-ozobracuje-obcanov-slovenskej-republiky\/\" \/>\n<meta property=\"og:locale\" content=\"cs_CZ\" \/>\n<meta property=\"og:locale:alternate\" content=\"en_US\" \/>\n<meta property=\"og:locale:alternate\" content=\"hu_HU\" \/>\n<meta property=\"og:locale:alternate\" content=\"sk_SK\" \/>\n<meta property=\"og:locale:alternate\" content=\"sv_SE\" \/>\n<meta property=\"og:type\" content=\"article\" \/>\n<meta property=\"og:title\" content=\"Fico je soci\u00e1lny netvor, ktor\u00fd o\u017eobra\u010duje ob\u010danov Slovenskej republiky\" \/>\n<meta property=\"og:description\" content=\"Ficova konsolid\u00e1cia je oby\u010dajn\u00e9 o\u017eobra\u010dovanie \u013eud\u00ed, ktor\u00e9 z\u00e1sadne negat\u00edvne poc\u00edtia vo svojich pe\u0148a\u017eenk\u00e1ch. Slovensko sa t\u00fdmito opatreniami m\u00f4\u017ee rozl\u00fa\u010di\u0165 s lacn\u00fdmi potravinami, energiami \u010di bytmi.\u00a0Robert Fico sa spr\u00e1va ako soci\u00e1lny netvor. \u201eSlovensk\u00e1 republika m\u00e1 pod\u013ea Rady pre rozpo\u010dtov\u00fa zodpovednos\u0165 v r\u00e1mci E\u00da najhor\u0161iu udr\u017eate\u013enos\u0165 verejn\u00fdch financi\u00ed. Toto bol cit\u00e1t z febru\u00e1ra 2020, ke\u010f sme nastupovali [&hellip;]\" \/>\n<meta property=\"og:url\" content=\"https:\/\/www.smedemokrati.sk\/cs\/fico-je-socialny-netvor-ktory-ozobracuje-obcanov-slovenskej-republiky\/\" \/>\n<meta property=\"og:site_name\" content=\"Smedemokrati.sk\" \/>\n<meta property=\"article:publisher\" content=\"https:\/\/www.facebook.com\/smedemokrati2023\" \/>\n<meta property=\"article:published_time\" content=\"2024-09-17T14:39:19+00:00\" \/>\n<meta property=\"article:modified_time\" content=\"2024-10-01T14:06:16+00:00\" \/>\n<meta property=\"og:image\" content=\"https:\/\/www.smedemokrati.sk\/wp-content\/uploads\/2023\/08\/smer-lubos-blaha-robert-fico-zvolen-oslavy-snp-miroslav-suja_06-galeria.jpg\" \/>\n\t<meta property=\"og:image:width\" content=\"1200\" \/>\n\t<meta property=\"og:image:height\" content=\"800\" \/>\n\t<meta property=\"og:image:type\" content=\"image\/jpeg\" \/>\n<meta name=\"author\" content=\"miro.sopko\" \/>\n<meta name=\"twitter:card\" content=\"summary_large_image\" \/>\n<meta name=\"twitter:label1\" content=\"Napsal(a)\" \/>\n\t<meta name=\"twitter:data1\" content=\"miro.sopko\" \/>\n\t<meta name=\"twitter:label2\" content=\"Odhadovan\u00e1 doba \u010dten\u00ed\" \/>\n\t<meta name=\"twitter:data2\" content=\"3 minuty\" \/>\n<script type=\"application\/ld+json\" class=\"yoast-schema-graph\">{\"@context\":\"https:\/\/schema.org\",\"@graph\":[{\"@type\":\"Article\",\"@id\":\"https:\/\/www.smedemokrati.sk\/fico-je-socialny-netvor-ktory-ozobracuje-obcanov-slovenskej-republiky\/#article\",\"isPartOf\":{\"@id\":\"https:\/\/www.smedemokrati.sk\/fico-je-socialny-netvor-ktory-ozobracuje-obcanov-slovenskej-republiky\/\"},\"author\":{\"name\":\"miro.sopko\",\"@id\":\"https:\/\/www.smedemokrati.sk\/#\/schema\/person\/21f147c88d605aa7ded900e1e7c344ba\"},\"headline\":\"Fico je soci\u00e1lny netvor, ktor\u00fd o\u017eobra\u010duje ob\u010danov Slovenskej republiky\",\"datePublished\":\"2024-09-17T14:39:19+00:00\",\"dateModified\":\"2024-10-01T14:06:16+00:00\",\"mainEntityOfPage\":{\"@id\":\"https:\/\/www.smedemokrati.sk\/fico-je-socialny-netvor-ktory-ozobracuje-obcanov-slovenskej-republiky\/\"},\"wordCount\":730,\"publisher\":{\"@id\":\"https:\/\/www.smedemokrati.sk\/#organization\"},\"image\":{\"@id\":\"https:\/\/www.smedemokrati.sk\/fico-je-socialny-netvor-ktory-ozobracuje-obcanov-slovenskej-republiky\/#primaryimage\"},\"thumbnailUrl\":\"https:\/\/www.smedemokrati.sk\/wp-content\/uploads\/2023\/08\/smer-lubos-blaha-robert-fico-zvolen-oslavy-snp-miroslav-suja_06-galeria.jpg\",\"articleSection\":[\"Tla\u010dov\u00e9 spr\u00e1vy\"],\"inLanguage\":\"cs-CZ\"},{\"@type\":\"WebPage\",\"@id\":\"https:\/\/www.smedemokrati.sk\/fico-je-socialny-netvor-ktory-ozobracuje-obcanov-slovenskej-republiky\/\",\"url\":\"https:\/\/www.smedemokrati.sk\/fico-je-socialny-netvor-ktory-ozobracuje-obcanov-slovenskej-republiky\/\",\"name\":\"Fico je soci\u00e1lny netvor, ktor\u00fd o\u017eobra\u010duje ob\u010danov Slovenskej republiky\",\"isPartOf\":{\"@id\":\"https:\/\/www.smedemokrati.sk\/#website\"},\"primaryImageOfPage\":{\"@id\":\"https:\/\/www.smedemokrati.sk\/fico-je-socialny-netvor-ktory-ozobracuje-obcanov-slovenskej-republiky\/#primaryimage\"},\"image\":{\"@id\":\"https:\/\/www.smedemokrati.sk\/fico-je-socialny-netvor-ktory-ozobracuje-obcanov-slovenskej-republiky\/#primaryimage\"},\"thumbnailUrl\":\"https:\/\/www.smedemokrati.sk\/wp-content\/uploads\/2023\/08\/smer-lubos-blaha-robert-fico-zvolen-oslavy-snp-miroslav-suja_06-galeria.jpg\",\"datePublished\":\"2024-09-17T14:39:19+00:00\",\"dateModified\":\"2024-10-01T14:06:16+00:00\",\"breadcrumb\":{\"@id\":\"https:\/\/www.smedemokrati.sk\/fico-je-socialny-netvor-ktory-ozobracuje-obcanov-slovenskej-republiky\/#breadcrumb\"},\"inLanguage\":\"cs-CZ\",\"potentialAction\":[{\"@type\":\"ReadAction\",\"target\":[\"https:\/\/www.smedemokrati.sk\/fico-je-socialny-netvor-ktory-ozobracuje-obcanov-slovenskej-republiky\/\"]}]},{\"@type\":\"ImageObject\",\"inLanguage\":\"cs-CZ\",\"@id\":\"https:\/\/www.smedemokrati.sk\/fico-je-socialny-netvor-ktory-ozobracuje-obcanov-slovenskej-republiky\/#primaryimage\",\"url\":\"https:\/\/www.smedemokrati.sk\/wp-content\/uploads\/2023\/08\/smer-lubos-blaha-robert-fico-zvolen-oslavy-snp-miroslav-suja_06-galeria.jpg\",\"contentUrl\":\"https:\/\/www.smedemokrati.sk\/wp-content\/uploads\/2023\/08\/smer-lubos-blaha-robert-fico-zvolen-oslavy-snp-miroslav-suja_06-galeria.jpg\",\"width\":1200,\"height\":800},{\"@type\":\"BreadcrumbList\",\"@id\":\"https:\/\/www.smedemokrati.sk\/fico-je-socialny-netvor-ktory-ozobracuje-obcanov-slovenskej-republiky\/#breadcrumb\",\"itemListElement\":[{\"@type\":\"ListItem\",\"position\":1,\"name\":\"Domovsk\u00e1 str\u00e1nka\",\"item\":\"https:\/\/www.smedemokrati.sk\/\"},{\"@type\":\"ListItem\",\"position\":2,\"name\":\"Fico je soci\u00e1lny netvor, ktor\u00fd o\u017eobra\u010duje ob\u010danov Slovenskej republiky\"}]},{\"@type\":\"WebSite\",\"@id\":\"https:\/\/www.smedemokrati.sk\/#website\",\"url\":\"https:\/\/www.smedemokrati.sk\/\",\"name\":\"Smedemokrati.sk\",\"description\":\"Demokracia a slu\u0161nos\u0165 zv\u00ed\u0165az\u00ed\",\"publisher\":{\"@id\":\"https:\/\/www.smedemokrati.sk\/#organization\"},\"potentialAction\":[{\"@type\":\"SearchAction\",\"target\":{\"@type\":\"EntryPoint\",\"urlTemplate\":\"https:\/\/www.smedemokrati.sk\/?s={search_term_string}\"},\"query-input\":{\"@type\":\"PropertyValueSpecification\",\"valueRequired\":true,\"valueName\":\"search_term_string\"}}],\"inLanguage\":\"cs-CZ\"},{\"@type\":\"Organization\",\"@id\":\"https:\/\/www.smedemokrati.sk\/#organization\",\"name\":\"Smedemokrati.sk\",\"url\":\"https:\/\/www.smedemokrati.sk\/\",\"logo\":{\"@type\":\"ImageObject\",\"inLanguage\":\"cs-CZ\",\"@id\":\"https:\/\/www.smedemokrati.sk\/#\/schema\/logo\/image\/\",\"url\":\"https:\/\/www.smedemokrati.sk\/wp-content\/uploads\/2023\/04\/ff.002.jpeg\",\"contentUrl\":\"https:\/\/www.smedemokrati.sk\/wp-content\/uploads\/2023\/04\/ff.002.jpeg\",\"width\":640,\"height\":480,\"caption\":\"Smedemokrati.sk\"},\"image\":{\"@id\":\"https:\/\/www.smedemokrati.sk\/#\/schema\/logo\/image\/\"},\"sameAs\":[\"https:\/\/www.facebook.com\/smedemokrati2023\"]},{\"@type\":\"Person\",\"@id\":\"https:\/\/www.smedemokrati.sk\/#\/schema\/person\/21f147c88d605aa7ded900e1e7c344ba\",\"name\":\"miro.sopko\",\"image\":{\"@type\":\"ImageObject\",\"inLanguage\":\"cs-CZ\",\"@id\":\"https:\/\/secure.gravatar.com\/avatar\/267e4a36f704376c109afe3a78740c1f5dd8675a2180a908699e7863c9247606?s=96&d=mm&r=g\",\"url\":\"https:\/\/secure.gravatar.com\/avatar\/267e4a36f704376c109afe3a78740c1f5dd8675a2180a908699e7863c9247606?s=96&d=mm&r=g\",\"contentUrl\":\"https:\/\/secure.gravatar.com\/avatar\/267e4a36f704376c109afe3a78740c1f5dd8675a2180a908699e7863c9247606?s=96&d=mm&r=g\",\"caption\":\"miro.sopko\"},\"url\":\"https:\/\/www.smedemokrati.sk\/cs\/author\/miro-sopko\/\"}]}<\/script>\n<!-- \/ Yoast SEO plugin. -->","yoast_head_json":{"title":"Fico je soci\u00e1lny netvor, ktor\u00fd o\u017eobra\u010duje ob\u010danov Slovenskej republiky","robots":{"index":"index","follow":"follow","max-snippet":"max-snippet:-1","max-image-preview":"max-image-preview:large","max-video-preview":"max-video-preview:-1"},"canonical":"https:\/\/www.smedemokrati.sk\/cs\/fico-je-socialny-netvor-ktory-ozobracuje-obcanov-slovenskej-republiky\/","og_locale":"cs_CZ","og_type":"article","og_title":"[:sk]Fico je soci\u00e1lny netvor, ktor\u00fd o\u017eobra\u010duje ob\u010danov Slovenskej republiky[:] - Smedemokrati.sk","og_description":"Ficova konsolid\u00e1cia je oby\u010dajn\u00e9 o\u017eobra\u010dovanie \u013eud\u00ed, ktor\u00e9 z\u00e1sadne negat\u00edvne poc\u00edtia vo svojich pe\u0148a\u017eenk\u00e1ch. Slovensko sa t\u00fdmito opatreniami m\u00f4\u017ee rozl\u00fa\u010di\u0165 s lacn\u00fdmi potravinami, energiami \u010di bytmi.\u00a0Robert Fico sa spr\u00e1va ako soci\u00e1lny netvor. \u201eSlovensk\u00e1 republika m\u00e1 pod\u013ea Rady pre rozpo\u010dtov\u00fa zodpovednos\u0165 v r\u00e1mci E\u00da najhor\u0161iu udr\u017eate\u013enos\u0165 verejn\u00fdch financi\u00ed. Toto bol cit\u00e1t z febru\u00e1ra 2020, ke\u010f sme nastupovali [&hellip;]","og_url":"https:\/\/www.smedemokrati.sk\/cs\/fico-je-socialny-netvor-ktory-ozobracuje-obcanov-slovenskej-republiky\/","og_site_name":"Smedemokrati.sk","article_publisher":"https:\/\/www.facebook.com\/smedemokrati2023","article_published_time":"2024-09-17T14:39:19+00:00","article_modified_time":"2024-10-01T14:06:16+00:00","og_image":[{"width":1200,"height":800,"url":"https:\/\/www.smedemokrati.sk\/wp-content\/uploads\/2023\/08\/smer-lubos-blaha-robert-fico-zvolen-oslavy-snp-miroslav-suja_06-galeria.jpg","type":"image\/jpeg"}],"author":"miro.sopko","twitter_card":"summary_large_image","twitter_misc":{"Napsal(a)":"miro.sopko","Odhadovan\u00e1 doba \u010dten\u00ed":"3 minuty"},"schema":{"@context":"https:\/\/schema.org","@graph":[{"@type":"Article","@id":"https:\/\/www.smedemokrati.sk\/fico-je-socialny-netvor-ktory-ozobracuje-obcanov-slovenskej-republiky\/#article","isPartOf":{"@id":"https:\/\/www.smedemokrati.sk\/fico-je-socialny-netvor-ktory-ozobracuje-obcanov-slovenskej-republiky\/"},"author":{"name":"miro.sopko","@id":"https:\/\/www.smedemokrati.sk\/#\/schema\/person\/21f147c88d605aa7ded900e1e7c344ba"},"headline":"Fico je soci\u00e1lny netvor, ktor\u00fd o\u017eobra\u010duje ob\u010danov Slovenskej republiky","datePublished":"2024-09-17T14:39:19+00:00","dateModified":"2024-10-01T14:06:16+00:00","mainEntityOfPage":{"@id":"https:\/\/www.smedemokrati.sk\/fico-je-socialny-netvor-ktory-ozobracuje-obcanov-slovenskej-republiky\/"},"wordCount":730,"publisher":{"@id":"https:\/\/www.smedemokrati.sk\/#organization"},"image":{"@id":"https:\/\/www.smedemokrati.sk\/fico-je-socialny-netvor-ktory-ozobracuje-obcanov-slovenskej-republiky\/#primaryimage"},"thumbnailUrl":"https:\/\/www.smedemokrati.sk\/wp-content\/uploads\/2023\/08\/smer-lubos-blaha-robert-fico-zvolen-oslavy-snp-miroslav-suja_06-galeria.jpg","articleSection":["Tla\u010dov\u00e9 spr\u00e1vy"],"inLanguage":"cs-CZ"},{"@type":"WebPage","@id":"https:\/\/www.smedemokrati.sk\/fico-je-socialny-netvor-ktory-ozobracuje-obcanov-slovenskej-republiky\/","url":"https:\/\/www.smedemokrati.sk\/fico-je-socialny-netvor-ktory-ozobracuje-obcanov-slovenskej-republiky\/","name":"Fico je soci\u00e1lny netvor, ktor\u00fd o\u017eobra\u010duje ob\u010danov Slovenskej republiky","isPartOf":{"@id":"https:\/\/www.smedemokrati.sk\/#website"},"primaryImageOfPage":{"@id":"https:\/\/www.smedemokrati.sk\/fico-je-socialny-netvor-ktory-ozobracuje-obcanov-slovenskej-republiky\/#primaryimage"},"image":{"@id":"https:\/\/www.smedemokrati.sk\/fico-je-socialny-netvor-ktory-ozobracuje-obcanov-slovenskej-republiky\/#primaryimage"},"thumbnailUrl":"https:\/\/www.smedemokrati.sk\/wp-content\/uploads\/2023\/08\/smer-lubos-blaha-robert-fico-zvolen-oslavy-snp-miroslav-suja_06-galeria.jpg","datePublished":"2024-09-17T14:39:19+00:00","dateModified":"2024-10-01T14:06:16+00:00","breadcrumb":{"@id":"https:\/\/www.smedemokrati.sk\/fico-je-socialny-netvor-ktory-ozobracuje-obcanov-slovenskej-republiky\/#breadcrumb"},"inLanguage":"cs-CZ","potentialAction":[{"@type":"ReadAction","target":["https:\/\/www.smedemokrati.sk\/fico-je-socialny-netvor-ktory-ozobracuje-obcanov-slovenskej-republiky\/"]}]},{"@type":"ImageObject","inLanguage":"cs-CZ","@id":"https:\/\/www.smedemokrati.sk\/fico-je-socialny-netvor-ktory-ozobracuje-obcanov-slovenskej-republiky\/#primaryimage","url":"https:\/\/www.smedemokrati.sk\/wp-content\/uploads\/2023\/08\/smer-lubos-blaha-robert-fico-zvolen-oslavy-snp-miroslav-suja_06-galeria.jpg","contentUrl":"https:\/\/www.smedemokrati.sk\/wp-content\/uploads\/2023\/08\/smer-lubos-blaha-robert-fico-zvolen-oslavy-snp-miroslav-suja_06-galeria.jpg","width":1200,"height":800},{"@type":"BreadcrumbList","@id":"https:\/\/www.smedemokrati.sk\/fico-je-socialny-netvor-ktory-ozobracuje-obcanov-slovenskej-republiky\/#breadcrumb","itemListElement":[{"@type":"ListItem","position":1,"name":"Domovsk\u00e1 str\u00e1nka","item":"https:\/\/www.smedemokrati.sk\/"},{"@type":"ListItem","position":2,"name":"Fico je soci\u00e1lny netvor, ktor\u00fd o\u017eobra\u010duje ob\u010danov Slovenskej republiky"}]},{"@type":"WebSite","@id":"https:\/\/www.smedemokrati.sk\/#website","url":"https:\/\/www.smedemokrati.sk\/","name":"Smedemokrati.sk","description":"Demokracia a slu\u0161nos\u0165 zv\u00ed\u0165az\u00ed","publisher":{"@id":"https:\/\/www.smedemokrati.sk\/#organization"},"potentialAction":[{"@type":"SearchAction","target":{"@type":"EntryPoint","urlTemplate":"https:\/\/www.smedemokrati.sk\/?s={search_term_string}"},"query-input":{"@type":"PropertyValueSpecification","valueRequired":true,"valueName":"search_term_string"}}],"inLanguage":"cs-CZ"},{"@type":"Organization","@id":"https:\/\/www.smedemokrati.sk\/#organization","name":"Smedemokrati.sk","url":"https:\/\/www.smedemokrati.sk\/","logo":{"@type":"ImageObject","inLanguage":"cs-CZ","@id":"https:\/\/www.smedemokrati.sk\/#\/schema\/logo\/image\/","url":"https:\/\/www.smedemokrati.sk\/wp-content\/uploads\/2023\/04\/ff.002.jpeg","contentUrl":"https:\/\/www.smedemokrati.sk\/wp-content\/uploads\/2023\/04\/ff.002.jpeg","width":640,"height":480,"caption":"Smedemokrati.sk"},"image":{"@id":"https:\/\/www.smedemokrati.sk\/#\/schema\/logo\/image\/"},"sameAs":["https:\/\/www.facebook.com\/smedemokrati2023"]},{"@type":"Person","@id":"https:\/\/www.smedemokrati.sk\/#\/schema\/person\/21f147c88d605aa7ded900e1e7c344ba","name":"miro.sopko","image":{"@type":"ImageObject","inLanguage":"cs-CZ","@id":"https:\/\/secure.gravatar.com\/avatar\/267e4a36f704376c109afe3a78740c1f5dd8675a2180a908699e7863c9247606?s=96&d=mm&r=g","url":"https:\/\/secure.gravatar.com\/avatar\/267e4a36f704376c109afe3a78740c1f5dd8675a2180a908699e7863c9247606?s=96&d=mm&r=g","contentUrl":"https:\/\/secure.gravatar.com\/avatar\/267e4a36f704376c109afe3a78740c1f5dd8675a2180a908699e7863c9247606?s=96&d=mm&r=g","caption":"miro.sopko"},"url":"https:\/\/www.smedemokrati.sk\/cs\/author\/miro-sopko\/"}]}},"_links":{"self":[{"href":"https:\/\/www.smedemokrati.sk\/cs\/wp-json\/wp\/v2\/posts\/5152","targetHints":{"allow":["GET"]}}],"collection":[{"href":"https:\/\/www.smedemokrati.sk\/cs\/wp-json\/wp\/v2\/posts"}],"about":[{"href":"https:\/\/www.smedemokrati.sk\/cs\/wp-json\/wp\/v2\/types\/post"}],"author":[{"embeddable":true,"href":"https:\/\/www.smedemokrati.sk\/cs\/wp-json\/wp\/v2\/users\/13"}],"replies":[{"embeddable":true,"href":"https:\/\/www.smedemokrati.sk\/cs\/wp-json\/wp\/v2\/comments?post=5152"}],"version-history":[{"count":1,"href":"https:\/\/www.smedemokrati.sk\/cs\/wp-json\/wp\/v2\/posts\/5152\/revisions"}],"predecessor-version":[{"id":5153,"href":"https:\/\/www.smedemokrati.sk\/cs\/wp-json\/wp\/v2\/posts\/5152\/revisions\/5153"}],"wp:featuredmedia":[{"embeddable":true,"href":"https:\/\/www.smedemokrati.sk\/cs\/wp-json\/wp\/v2\/media\/1849"}],"wp:attachment":[{"href":"https:\/\/www.smedemokrati.sk\/cs\/wp-json\/wp\/v2\/media?parent=5152"}],"wp:term":[{"taxonomy":"category","embeddable":true,"href":"https:\/\/www.smedemokrati.sk\/cs\/wp-json\/wp\/v2\/categories?post=5152"},{"taxonomy":"post_tag","embeddable":true,"href":"https:\/\/www.smedemokrati.sk\/cs\/wp-json\/wp\/v2\/tags?post=5152"}],"curies":[{"name":"wp","href":"https:\/\/api.w.org\/{rel}","templated":true}]}}