{"id":5144,"date":"2024-09-16T17:32:26","date_gmt":"2024-09-16T16:32:26","guid":{"rendered":"https:\/\/www.smedemokrati.sk\/?p=5144"},"modified":"2024-10-01T15:06:06","modified_gmt":"2024-10-01T14:06:06","slug":"nezakonne-zrusenie-naka-a-babractvo-solaka-a-sutaja-estoka-ohrozuje-slovensko","status":"publish","type":"post","link":"https:\/\/www.smedemokrati.sk\/cs\/nezakonne-zrusenie-naka-a-babractvo-solaka-a-sutaja-estoka-ohrozuje-slovensko\/","title":{"rendered":"Nez\u00e1konn\u00e9 zru\u0161enie NAKA a babr\u00e1ctvo Sol\u00e1ka a \u0160utaja E\u0161toka ohrozuje Slovensko"},"content":{"rendered":"<div id=\"fb-root\"><\/div>\n\n<p><strong>Vl\u00e1dna koal\u00edcia nez\u00e1konn\u00fdm sp\u00f4sobom zru\u0161ila NAKA. Minister vn\u00fatra \u0160utaj E\u0161tok a policajn\u00fd prezident Sol\u00e1k oklamali policajtov a oklamali Slovensko, ke\u010f tvrdili, \u017ee pri zru\u0161en\u00ed NAKA v\u0161etko prebehlo v s\u00falade so z\u00e1konom. Zru\u0161enie NAKA bez riadneho prerokovania s policajn\u00fdmi odbormi je neplatn\u00e9 a naviac sp\u00f4sob\u00ed chaos a \u017eiadosti policajtov o doplatky k ich nez\u00e1konne od\u0148atej mzde. <\/strong><\/p>\n\n\n\n<p><em>\u201eZru\u0161ili NAKA, ohrozili bezpe\u010dnos\u0165 Slovenska. Mstili sa policajtom, spolo\u010dne so Sol\u00e1kom ich preradzovali mimo svojho bydliska napriek tomu, \u017ee hovorili opak. A dnes vy\u0161lo najavo, \u017ee v\u0161etko sa to dialo nez\u00e1konn\u00fdm sp\u00f4sobom. \u0160utaj E\u0161tok a policajn\u00fd prezident Sol\u00e1k poru\u0161ili z\u00e1kon, <strong>preto\u017ee neprerokovali zmenu v organiz\u00e1cii policajn\u00e9ho zboru s policajn\u00fdmi odbormi<\/strong>. To je v\u0161ak explicitne ich z\u00e1konn\u00e1 povinnos\u0165. Aj toto ukazuje, ako neschopn\u00fd je mana\u017ement policajn\u00e9ho zboru, a \u017ee jedin\u00fdm \u00fa\u010delom zru\u0161enia NAKA bola pomsta a rozpr\u00e1\u0161enie policajtov, ktor\u00ed vy\u0161etrovali z\u00e1va\u017en\u00fa trestn\u00fa \u010dinnos\u0165. <strong>Policajti maj\u00fa teraz pr\u00e1vo \u017eiada\u0165 o doplatok k ich mzde, preto\u017ee person\u00e1lne rozkazy s\u00fa neplatn\u00e9.<\/strong>\u201d<\/em> hovor\u00ed Juraj \u0160eliga, podpredseda strany Demokrati.  <\/p>\n\n\n\n<p><em><strong>\u201ePolicajn\u00fd prezident explicitne klamal, preto\u017ee na person\u00e1lnych rozkazoch, ktor\u00e9 m\u00e1me k dispoz\u00edcii, je jeho podpis a tvrdenie, \u017ee person\u00e1lny rozkaz bol prerokovan\u00fd s policajn\u00fdmi odbormi, av\u0161ak publikovan\u00fd list policajn\u00fdch odborov usved\u010duje Sol\u00e1ka z klamstva. Predseda policajn\u00fdch odborov tvrd\u00ed, \u017ee s policajn\u00fdmi odbormi nebolo prerokovan\u00e9 zru\u0161enie NAKA a prevelenie policajtov po celom Slovensku.\u201d<\/strong><\/em> vysvet\u013euje \u010falej Juraj \u0160eliga.  <\/p>\n\n\n\n<p><em>\u201ePolicajn\u00fd prezident Sol\u00e1k sa spr\u00e1va ako figov\u00fd list tejto vl\u00e1dy, ktor\u00fd sl\u00fa\u017ei len na to, aby pomohol realizova\u0165 politick\u00fa pomstu vl\u00e1dnej koal\u00edcie a osobne Roberta Fica a Mat\u00fa\u0161a \u0160utaja E\u0161toka. On, ktor\u00fd by sa mal stara\u0165 o policajtov, na policajtov ka\u0161le. P\u00e1n Sol\u00e1k skon\u010dite a odst\u00fapte, ste usved\u010den\u00fd klam\u00e1r,\u201d <\/em>hovor\u00ed Juraj \u0160eliga.<\/p>\n\n\n\n<p><em>\u201eNez\u00e1konn\u00e9 zru\u0161enie NAKA bude ma\u0165 negat\u00edvny dopad na ob\u010danov Slovenska. Za prv\u00e9 ako na atmosf\u00e9ru v policajnom zbore, kedy policajti vidia, \u017ee vedenie rezortu sa k nim spr\u00e1va ako k handr\u00e1m. Rovnako to \u017eia\u013e bude znamena\u0165 aj pravdepodobn\u00e9 zastavenie eurofondov. Preto\u017ee Eur\u00f3pska komisia sa intenz\u00edvne zauj\u00edma o situ\u00e1ciu v policajnom zbore. <strong>Nez\u00e1konn\u00e9 zru\u0161enie NAKA len prispieva k negat\u00edvnemu obrazu, ktor\u00fd vytv\u00e1ra t\u00e1to vl\u00e1da pomsty.<\/strong> Najprv amnestovali sami seba trestn\u00fdm z\u00e1konom, potom zru\u0161ili \u00darad \u0161peci\u00e1lnej prokurat\u00fary a n\u00e1sledne rozbili nez\u00e1konne NAKA. To v\u0161etko Eur\u00f3pska komisia vid\u00ed a <strong>bude to znamena\u0165, \u017ee n\u00e1m stopn\u00fa eurofondy.<\/strong> T\u00fdm bud\u00fa trpie\u0165 na\u0161i ob\u010dania.\u201d<\/em> hovor\u00ed Jaroslav Na\u010f, predseda strany Demokrati. <\/p>\n\n\n\n<p><strong><em>\u201eMinister vn\u00fatra \u0160utaj E\u0161tok sa naoblieka do policajn\u00e9ho tri\u010dka a tv\u00e1ri sa ako rambo, ale pritom sa ka\u017ed\u00fd de\u0148 ukazuje jeho neschopnos\u0165. Koniec koncov, je to vidie\u0165 aj pri tom, ako nezvl\u00e1dnut\u00fd je mana\u017ement aktu\u00e1lnych povodn\u00ed. Detto plat\u00ed o Tarabovi, ktor\u00e9ho z klamstiev usved\u010duj\u00fa jeho podriaden\u00ed. Minister vn\u00fatra nem\u00e1 by\u0165 ministrom u\u017e ani min\u00fatu. Pr\u00e1ve preto n\u00e1\u0161 poslanec Galko bude kontaktova\u0165 \u010fal\u0161\u00edch kolegov z opoz\u00edcie, aby sme za\u010dali zbiera\u0165 podpisy na sch\u00f4dzu za jeho odvolanie. To, ako nemana\u017eovan\u00fd je policajn\u00fd zbor nem\u00e1 v hist\u00f3rii Slovenska obdobu. P\u00e1n \u0160utaj E\u0161tok a Sol\u00e1k nemaj\u00fa \u010do robi\u0165 na svojich stoli\u010dk\u00e1ch.\u201d<\/em><\/strong> uzatv\u00e1ra predseda strany Demokrati Jaroslav Na\u010f. <\/p>\n\n\n<div class=\"fb-video\" data-href=\"https:\/\/fb.watch\/uE3l_A5Czb\" data-allowfullscreen=\"true\" data-autoplay=\"false\" data-width=\"\" data-show-text=\"false\" data-show-captions=\"true\"><\/div>\n","protected":false},"excerpt":{"rendered":"<p>Vl\u00e1dna koal\u00edcia nez\u00e1konn\u00fdm sp\u00f4sobom zru\u0161ila NAKA. Minister vn\u00fatra \u0160utaj E\u0161tok a policajn\u00fd prezident Sol\u00e1k oklamali policajtov a oklamali Slovensko, ke\u010f tvrdili, \u017ee pri zru\u0161en\u00ed NAKA v\u0161etko prebehlo v s\u00falade so z\u00e1konom. Zru\u0161enie NAKA bez riadneho prerokovania s policajn\u00fdmi odbormi je neplatn\u00e9 a naviac sp\u00f4sob\u00ed chaos a \u017eiadosti policajtov o doplatky k ich nez\u00e1konne od\u0148atej mzde. [&hellip;]<\/p>\n","protected":false},"author":13,"featured_media":5147,"comment_status":"closed","ping_status":"closed","sticky":false,"template":"","format":"standard","meta":{"_acf_changed":false,"ngg_post_thumbnail":0,"footnotes":""},"categories":[4],"tags":[],"class_list":["post-5144","post","type-post","status-publish","format-standard","has-post-thumbnail","hentry","category-tlacove-spravy"],"acf":[],"yoast_head":"<!-- This site is optimized with the Yoast SEO plugin v27.2 - https:\/\/yoast.com\/product\/yoast-seo-wordpress\/ -->\n<title>Nez\u00e1konn\u00e9 zru\u0161enie NAKA a babr\u00e1ctvo Sol\u00e1ka a \u0160utaja E\u0161toka ohrozuje Slovensko<\/title>\n<meta name=\"robots\" content=\"index, follow, max-snippet:-1, max-image-preview:large, max-video-preview:-1\" \/>\n<link rel=\"canonical\" href=\"https:\/\/www.smedemokrati.sk\/cs\/nezakonne-zrusenie-naka-a-babractvo-solaka-a-sutaja-estoka-ohrozuje-slovensko\/\" \/>\n<meta property=\"og:locale\" content=\"cs_CZ\" \/>\n<meta property=\"og:locale:alternate\" content=\"en_US\" \/>\n<meta property=\"og:locale:alternate\" content=\"hu_HU\" \/>\n<meta property=\"og:locale:alternate\" content=\"sk_SK\" \/>\n<meta property=\"og:locale:alternate\" content=\"sv_SE\" \/>\n<meta property=\"og:type\" content=\"article\" \/>\n<meta property=\"og:title\" content=\"Nez\u00e1konn\u00e9 zru\u0161enie NAKA a babr\u00e1ctvo Sol\u00e1ka a \u0160utaja E\u0161toka ohrozuje Slovensko\" \/>\n<meta property=\"og:description\" content=\"Vl\u00e1dna koal\u00edcia nez\u00e1konn\u00fdm sp\u00f4sobom zru\u0161ila NAKA. Minister vn\u00fatra \u0160utaj E\u0161tok a policajn\u00fd prezident Sol\u00e1k oklamali policajtov a oklamali Slovensko, ke\u010f tvrdili, \u017ee pri zru\u0161en\u00ed NAKA v\u0161etko prebehlo v s\u00falade so z\u00e1konom. Zru\u0161enie NAKA bez riadneho prerokovania s policajn\u00fdmi odbormi je neplatn\u00e9 a naviac sp\u00f4sob\u00ed chaos a \u017eiadosti policajtov o doplatky k ich nez\u00e1konne od\u0148atej mzde. [&hellip;]\" \/>\n<meta property=\"og:url\" content=\"https:\/\/www.smedemokrati.sk\/cs\/nezakonne-zrusenie-naka-a-babractvo-solaka-a-sutaja-estoka-ohrozuje-slovensko\/\" \/>\n<meta property=\"og:site_name\" content=\"Smedemokrati.sk\" \/>\n<meta property=\"article:publisher\" content=\"https:\/\/www.facebook.com\/smedemokrati2023\" \/>\n<meta property=\"article:published_time\" content=\"2024-09-16T16:32:26+00:00\" \/>\n<meta property=\"article:modified_time\" content=\"2024-10-01T14:06:06+00:00\" \/>\n<meta property=\"og:image\" content=\"https:\/\/www.smedemokrati.sk\/wp-content\/uploads\/2024\/09\/IMG_20240916_183428.jpg\" \/>\n\t<meta property=\"og:image:width\" content=\"1536\" \/>\n\t<meta property=\"og:image:height\" content=\"1335\" \/>\n\t<meta property=\"og:image:type\" content=\"image\/jpeg\" \/>\n<meta name=\"author\" content=\"miro.sopko\" \/>\n<meta name=\"twitter:card\" content=\"summary_large_image\" \/>\n<meta name=\"twitter:label1\" content=\"Napsal(a)\" \/>\n\t<meta name=\"twitter:data1\" content=\"miro.sopko\" \/>\n\t<meta name=\"twitter:label2\" content=\"Odhadovan\u00e1 doba \u010dten\u00ed\" \/>\n\t<meta name=\"twitter:data2\" content=\"3 minuty\" \/>\n<script type=\"application\/ld+json\" class=\"yoast-schema-graph\">{\"@context\":\"https:\/\/schema.org\",\"@graph\":[{\"@type\":\"Article\",\"@id\":\"https:\/\/www.smedemokrati.sk\/nezakonne-zrusenie-naka-a-babractvo-solaka-a-sutaja-estoka-ohrozuje-slovensko\/#article\",\"isPartOf\":{\"@id\":\"https:\/\/www.smedemokrati.sk\/nezakonne-zrusenie-naka-a-babractvo-solaka-a-sutaja-estoka-ohrozuje-slovensko\/\"},\"author\":{\"name\":\"miro.sopko\",\"@id\":\"https:\/\/www.smedemokrati.sk\/#\/schema\/person\/21f147c88d605aa7ded900e1e7c344ba\"},\"headline\":\"Nez\u00e1konn\u00e9 zru\u0161enie NAKA a babr\u00e1ctvo Sol\u00e1ka a \u0160utaja E\u0161toka ohrozuje Slovensko\",\"datePublished\":\"2024-09-16T16:32:26+00:00\",\"dateModified\":\"2024-10-01T14:06:06+00:00\",\"mainEntityOfPage\":{\"@id\":\"https:\/\/www.smedemokrati.sk\/nezakonne-zrusenie-naka-a-babractvo-solaka-a-sutaja-estoka-ohrozuje-slovensko\/\"},\"wordCount\":636,\"publisher\":{\"@id\":\"https:\/\/www.smedemokrati.sk\/#organization\"},\"image\":{\"@id\":\"https:\/\/www.smedemokrati.sk\/nezakonne-zrusenie-naka-a-babractvo-solaka-a-sutaja-estoka-ohrozuje-slovensko\/#primaryimage\"},\"thumbnailUrl\":\"https:\/\/www.smedemokrati.sk\/wp-content\/uploads\/2024\/09\/IMG_20240916_183428.jpg\",\"articleSection\":[\"Tla\u010dov\u00e9 spr\u00e1vy\"],\"inLanguage\":\"cs-CZ\"},{\"@type\":\"WebPage\",\"@id\":\"https:\/\/www.smedemokrati.sk\/nezakonne-zrusenie-naka-a-babractvo-solaka-a-sutaja-estoka-ohrozuje-slovensko\/\",\"url\":\"https:\/\/www.smedemokrati.sk\/nezakonne-zrusenie-naka-a-babractvo-solaka-a-sutaja-estoka-ohrozuje-slovensko\/\",\"name\":\"Nez\u00e1konn\u00e9 zru\u0161enie NAKA a babr\u00e1ctvo Sol\u00e1ka a \u0160utaja E\u0161toka ohrozuje Slovensko\",\"isPartOf\":{\"@id\":\"https:\/\/www.smedemokrati.sk\/#website\"},\"primaryImageOfPage\":{\"@id\":\"https:\/\/www.smedemokrati.sk\/nezakonne-zrusenie-naka-a-babractvo-solaka-a-sutaja-estoka-ohrozuje-slovensko\/#primaryimage\"},\"image\":{\"@id\":\"https:\/\/www.smedemokrati.sk\/nezakonne-zrusenie-naka-a-babractvo-solaka-a-sutaja-estoka-ohrozuje-slovensko\/#primaryimage\"},\"thumbnailUrl\":\"https:\/\/www.smedemokrati.sk\/wp-content\/uploads\/2024\/09\/IMG_20240916_183428.jpg\",\"datePublished\":\"2024-09-16T16:32:26+00:00\",\"dateModified\":\"2024-10-01T14:06:06+00:00\",\"breadcrumb\":{\"@id\":\"https:\/\/www.smedemokrati.sk\/nezakonne-zrusenie-naka-a-babractvo-solaka-a-sutaja-estoka-ohrozuje-slovensko\/#breadcrumb\"},\"inLanguage\":\"cs-CZ\",\"potentialAction\":[{\"@type\":\"ReadAction\",\"target\":[\"https:\/\/www.smedemokrati.sk\/nezakonne-zrusenie-naka-a-babractvo-solaka-a-sutaja-estoka-ohrozuje-slovensko\/\"]}]},{\"@type\":\"ImageObject\",\"inLanguage\":\"cs-CZ\",\"@id\":\"https:\/\/www.smedemokrati.sk\/nezakonne-zrusenie-naka-a-babractvo-solaka-a-sutaja-estoka-ohrozuje-slovensko\/#primaryimage\",\"url\":\"https:\/\/www.smedemokrati.sk\/wp-content\/uploads\/2024\/09\/IMG_20240916_183428.jpg\",\"contentUrl\":\"https:\/\/www.smedemokrati.sk\/wp-content\/uploads\/2024\/09\/IMG_20240916_183428.jpg\",\"width\":1536,\"height\":1335},{\"@type\":\"BreadcrumbList\",\"@id\":\"https:\/\/www.smedemokrati.sk\/nezakonne-zrusenie-naka-a-babractvo-solaka-a-sutaja-estoka-ohrozuje-slovensko\/#breadcrumb\",\"itemListElement\":[{\"@type\":\"ListItem\",\"position\":1,\"name\":\"Domovsk\u00e1 str\u00e1nka\",\"item\":\"https:\/\/www.smedemokrati.sk\/\"},{\"@type\":\"ListItem\",\"position\":2,\"name\":\"Nez\u00e1konn\u00e9 zru\u0161enie NAKA a babr\u00e1ctvo Sol\u00e1ka a \u0160utaja E\u0161toka ohrozuje Slovensko\"}]},{\"@type\":\"WebSite\",\"@id\":\"https:\/\/www.smedemokrati.sk\/#website\",\"url\":\"https:\/\/www.smedemokrati.sk\/\",\"name\":\"Smedemokrati.sk\",\"description\":\"Demokracia a slu\u0161nos\u0165 zv\u00ed\u0165az\u00ed\",\"publisher\":{\"@id\":\"https:\/\/www.smedemokrati.sk\/#organization\"},\"potentialAction\":[{\"@type\":\"SearchAction\",\"target\":{\"@type\":\"EntryPoint\",\"urlTemplate\":\"https:\/\/www.smedemokrati.sk\/?s={search_term_string}\"},\"query-input\":{\"@type\":\"PropertyValueSpecification\",\"valueRequired\":true,\"valueName\":\"search_term_string\"}}],\"inLanguage\":\"cs-CZ\"},{\"@type\":\"Organization\",\"@id\":\"https:\/\/www.smedemokrati.sk\/#organization\",\"name\":\"Smedemokrati.sk\",\"url\":\"https:\/\/www.smedemokrati.sk\/\",\"logo\":{\"@type\":\"ImageObject\",\"inLanguage\":\"cs-CZ\",\"@id\":\"https:\/\/www.smedemokrati.sk\/#\/schema\/logo\/image\/\",\"url\":\"https:\/\/www.smedemokrati.sk\/wp-content\/uploads\/2023\/04\/ff.002.jpeg\",\"contentUrl\":\"https:\/\/www.smedemokrati.sk\/wp-content\/uploads\/2023\/04\/ff.002.jpeg\",\"width\":640,\"height\":480,\"caption\":\"Smedemokrati.sk\"},\"image\":{\"@id\":\"https:\/\/www.smedemokrati.sk\/#\/schema\/logo\/image\/\"},\"sameAs\":[\"https:\/\/www.facebook.com\/smedemokrati2023\"]},{\"@type\":\"Person\",\"@id\":\"https:\/\/www.smedemokrati.sk\/#\/schema\/person\/21f147c88d605aa7ded900e1e7c344ba\",\"name\":\"miro.sopko\",\"image\":{\"@type\":\"ImageObject\",\"inLanguage\":\"cs-CZ\",\"@id\":\"https:\/\/secure.gravatar.com\/avatar\/267e4a36f704376c109afe3a78740c1f5dd8675a2180a908699e7863c9247606?s=96&d=mm&r=g\",\"url\":\"https:\/\/secure.gravatar.com\/avatar\/267e4a36f704376c109afe3a78740c1f5dd8675a2180a908699e7863c9247606?s=96&d=mm&r=g\",\"contentUrl\":\"https:\/\/secure.gravatar.com\/avatar\/267e4a36f704376c109afe3a78740c1f5dd8675a2180a908699e7863c9247606?s=96&d=mm&r=g\",\"caption\":\"miro.sopko\"},\"url\":\"https:\/\/www.smedemokrati.sk\/cs\/author\/miro-sopko\/\"}]}<\/script>\n<!-- \/ Yoast SEO plugin. -->","yoast_head_json":{"title":"Nez\u00e1konn\u00e9 zru\u0161enie NAKA a babr\u00e1ctvo Sol\u00e1ka a \u0160utaja E\u0161toka ohrozuje Slovensko","robots":{"index":"index","follow":"follow","max-snippet":"max-snippet:-1","max-image-preview":"max-image-preview:large","max-video-preview":"max-video-preview:-1"},"canonical":"https:\/\/www.smedemokrati.sk\/cs\/nezakonne-zrusenie-naka-a-babractvo-solaka-a-sutaja-estoka-ohrozuje-slovensko\/","og_locale":"cs_CZ","og_type":"article","og_title":"[:sk]Nez\u00e1konn\u00e9 zru\u0161enie NAKA a babr\u00e1ctvo Sol\u00e1ka a \u0160utaja E\u0161toka ohrozuje Slovensko[:] - Smedemokrati.sk","og_description":"Vl\u00e1dna koal\u00edcia nez\u00e1konn\u00fdm sp\u00f4sobom zru\u0161ila NAKA. Minister vn\u00fatra \u0160utaj E\u0161tok a policajn\u00fd prezident Sol\u00e1k oklamali policajtov a oklamali Slovensko, ke\u010f tvrdili, \u017ee pri zru\u0161en\u00ed NAKA v\u0161etko prebehlo v s\u00falade so z\u00e1konom. Zru\u0161enie NAKA bez riadneho prerokovania s policajn\u00fdmi odbormi je neplatn\u00e9 a naviac sp\u00f4sob\u00ed chaos a \u017eiadosti policajtov o doplatky k ich nez\u00e1konne od\u0148atej mzde. [&hellip;]","og_url":"https:\/\/www.smedemokrati.sk\/cs\/nezakonne-zrusenie-naka-a-babractvo-solaka-a-sutaja-estoka-ohrozuje-slovensko\/","og_site_name":"Smedemokrati.sk","article_publisher":"https:\/\/www.facebook.com\/smedemokrati2023","article_published_time":"2024-09-16T16:32:26+00:00","article_modified_time":"2024-10-01T14:06:06+00:00","og_image":[{"width":1536,"height":1335,"url":"https:\/\/www.smedemokrati.sk\/wp-content\/uploads\/2024\/09\/IMG_20240916_183428.jpg","type":"image\/jpeg"}],"author":"miro.sopko","twitter_card":"summary_large_image","twitter_misc":{"Napsal(a)":"miro.sopko","Odhadovan\u00e1 doba \u010dten\u00ed":"3 minuty"},"schema":{"@context":"https:\/\/schema.org","@graph":[{"@type":"Article","@id":"https:\/\/www.smedemokrati.sk\/nezakonne-zrusenie-naka-a-babractvo-solaka-a-sutaja-estoka-ohrozuje-slovensko\/#article","isPartOf":{"@id":"https:\/\/www.smedemokrati.sk\/nezakonne-zrusenie-naka-a-babractvo-solaka-a-sutaja-estoka-ohrozuje-slovensko\/"},"author":{"name":"miro.sopko","@id":"https:\/\/www.smedemokrati.sk\/#\/schema\/person\/21f147c88d605aa7ded900e1e7c344ba"},"headline":"Nez\u00e1konn\u00e9 zru\u0161enie NAKA a babr\u00e1ctvo Sol\u00e1ka a \u0160utaja E\u0161toka ohrozuje Slovensko","datePublished":"2024-09-16T16:32:26+00:00","dateModified":"2024-10-01T14:06:06+00:00","mainEntityOfPage":{"@id":"https:\/\/www.smedemokrati.sk\/nezakonne-zrusenie-naka-a-babractvo-solaka-a-sutaja-estoka-ohrozuje-slovensko\/"},"wordCount":636,"publisher":{"@id":"https:\/\/www.smedemokrati.sk\/#organization"},"image":{"@id":"https:\/\/www.smedemokrati.sk\/nezakonne-zrusenie-naka-a-babractvo-solaka-a-sutaja-estoka-ohrozuje-slovensko\/#primaryimage"},"thumbnailUrl":"https:\/\/www.smedemokrati.sk\/wp-content\/uploads\/2024\/09\/IMG_20240916_183428.jpg","articleSection":["Tla\u010dov\u00e9 spr\u00e1vy"],"inLanguage":"cs-CZ"},{"@type":"WebPage","@id":"https:\/\/www.smedemokrati.sk\/nezakonne-zrusenie-naka-a-babractvo-solaka-a-sutaja-estoka-ohrozuje-slovensko\/","url":"https:\/\/www.smedemokrati.sk\/nezakonne-zrusenie-naka-a-babractvo-solaka-a-sutaja-estoka-ohrozuje-slovensko\/","name":"Nez\u00e1konn\u00e9 zru\u0161enie NAKA a babr\u00e1ctvo Sol\u00e1ka a \u0160utaja E\u0161toka ohrozuje Slovensko","isPartOf":{"@id":"https:\/\/www.smedemokrati.sk\/#website"},"primaryImageOfPage":{"@id":"https:\/\/www.smedemokrati.sk\/nezakonne-zrusenie-naka-a-babractvo-solaka-a-sutaja-estoka-ohrozuje-slovensko\/#primaryimage"},"image":{"@id":"https:\/\/www.smedemokrati.sk\/nezakonne-zrusenie-naka-a-babractvo-solaka-a-sutaja-estoka-ohrozuje-slovensko\/#primaryimage"},"thumbnailUrl":"https:\/\/www.smedemokrati.sk\/wp-content\/uploads\/2024\/09\/IMG_20240916_183428.jpg","datePublished":"2024-09-16T16:32:26+00:00","dateModified":"2024-10-01T14:06:06+00:00","breadcrumb":{"@id":"https:\/\/www.smedemokrati.sk\/nezakonne-zrusenie-naka-a-babractvo-solaka-a-sutaja-estoka-ohrozuje-slovensko\/#breadcrumb"},"inLanguage":"cs-CZ","potentialAction":[{"@type":"ReadAction","target":["https:\/\/www.smedemokrati.sk\/nezakonne-zrusenie-naka-a-babractvo-solaka-a-sutaja-estoka-ohrozuje-slovensko\/"]}]},{"@type":"ImageObject","inLanguage":"cs-CZ","@id":"https:\/\/www.smedemokrati.sk\/nezakonne-zrusenie-naka-a-babractvo-solaka-a-sutaja-estoka-ohrozuje-slovensko\/#primaryimage","url":"https:\/\/www.smedemokrati.sk\/wp-content\/uploads\/2024\/09\/IMG_20240916_183428.jpg","contentUrl":"https:\/\/www.smedemokrati.sk\/wp-content\/uploads\/2024\/09\/IMG_20240916_183428.jpg","width":1536,"height":1335},{"@type":"BreadcrumbList","@id":"https:\/\/www.smedemokrati.sk\/nezakonne-zrusenie-naka-a-babractvo-solaka-a-sutaja-estoka-ohrozuje-slovensko\/#breadcrumb","itemListElement":[{"@type":"ListItem","position":1,"name":"Domovsk\u00e1 str\u00e1nka","item":"https:\/\/www.smedemokrati.sk\/"},{"@type":"ListItem","position":2,"name":"Nez\u00e1konn\u00e9 zru\u0161enie NAKA a babr\u00e1ctvo Sol\u00e1ka a \u0160utaja E\u0161toka ohrozuje Slovensko"}]},{"@type":"WebSite","@id":"https:\/\/www.smedemokrati.sk\/#website","url":"https:\/\/www.smedemokrati.sk\/","name":"Smedemokrati.sk","description":"Demokracia a slu\u0161nos\u0165 zv\u00ed\u0165az\u00ed","publisher":{"@id":"https:\/\/www.smedemokrati.sk\/#organization"},"potentialAction":[{"@type":"SearchAction","target":{"@type":"EntryPoint","urlTemplate":"https:\/\/www.smedemokrati.sk\/?s={search_term_string}"},"query-input":{"@type":"PropertyValueSpecification","valueRequired":true,"valueName":"search_term_string"}}],"inLanguage":"cs-CZ"},{"@type":"Organization","@id":"https:\/\/www.smedemokrati.sk\/#organization","name":"Smedemokrati.sk","url":"https:\/\/www.smedemokrati.sk\/","logo":{"@type":"ImageObject","inLanguage":"cs-CZ","@id":"https:\/\/www.smedemokrati.sk\/#\/schema\/logo\/image\/","url":"https:\/\/www.smedemokrati.sk\/wp-content\/uploads\/2023\/04\/ff.002.jpeg","contentUrl":"https:\/\/www.smedemokrati.sk\/wp-content\/uploads\/2023\/04\/ff.002.jpeg","width":640,"height":480,"caption":"Smedemokrati.sk"},"image":{"@id":"https:\/\/www.smedemokrati.sk\/#\/schema\/logo\/image\/"},"sameAs":["https:\/\/www.facebook.com\/smedemokrati2023"]},{"@type":"Person","@id":"https:\/\/www.smedemokrati.sk\/#\/schema\/person\/21f147c88d605aa7ded900e1e7c344ba","name":"miro.sopko","image":{"@type":"ImageObject","inLanguage":"cs-CZ","@id":"https:\/\/secure.gravatar.com\/avatar\/267e4a36f704376c109afe3a78740c1f5dd8675a2180a908699e7863c9247606?s=96&d=mm&r=g","url":"https:\/\/secure.gravatar.com\/avatar\/267e4a36f704376c109afe3a78740c1f5dd8675a2180a908699e7863c9247606?s=96&d=mm&r=g","contentUrl":"https:\/\/secure.gravatar.com\/avatar\/267e4a36f704376c109afe3a78740c1f5dd8675a2180a908699e7863c9247606?s=96&d=mm&r=g","caption":"miro.sopko"},"url":"https:\/\/www.smedemokrati.sk\/cs\/author\/miro-sopko\/"}]}},"_links":{"self":[{"href":"https:\/\/www.smedemokrati.sk\/cs\/wp-json\/wp\/v2\/posts\/5144","targetHints":{"allow":["GET"]}}],"collection":[{"href":"https:\/\/www.smedemokrati.sk\/cs\/wp-json\/wp\/v2\/posts"}],"about":[{"href":"https:\/\/www.smedemokrati.sk\/cs\/wp-json\/wp\/v2\/types\/post"}],"author":[{"embeddable":true,"href":"https:\/\/www.smedemokrati.sk\/cs\/wp-json\/wp\/v2\/users\/13"}],"replies":[{"embeddable":true,"href":"https:\/\/www.smedemokrati.sk\/cs\/wp-json\/wp\/v2\/comments?post=5144"}],"version-history":[{"count":1,"href":"https:\/\/www.smedemokrati.sk\/cs\/wp-json\/wp\/v2\/posts\/5144\/revisions"}],"predecessor-version":[{"id":5146,"href":"https:\/\/www.smedemokrati.sk\/cs\/wp-json\/wp\/v2\/posts\/5144\/revisions\/5146"}],"wp:featuredmedia":[{"embeddable":true,"href":"https:\/\/www.smedemokrati.sk\/cs\/wp-json\/wp\/v2\/media\/5147"}],"wp:attachment":[{"href":"https:\/\/www.smedemokrati.sk\/cs\/wp-json\/wp\/v2\/media?parent=5144"}],"wp:term":[{"taxonomy":"category","embeddable":true,"href":"https:\/\/www.smedemokrati.sk\/cs\/wp-json\/wp\/v2\/categories?post=5144"},{"taxonomy":"post_tag","embeddable":true,"href":"https:\/\/www.smedemokrati.sk\/cs\/wp-json\/wp\/v2\/tags?post=5144"}],"curies":[{"name":"wp","href":"https:\/\/api.w.org\/{rel}","templated":true}]}}