{"id":5125,"date":"2024-09-11T16:37:32","date_gmt":"2024-09-11T15:37:32","guid":{"rendered":"https:\/\/www.smedemokrati.sk\/?p=5125"},"modified":"2024-10-01T15:05:39","modified_gmt":"2024-10-01T14:05:39","slug":"vlada-ide-opat-vytahovat-peniaze-od-ludi-no-da-sa-to-aj-inak","status":"publish","type":"post","link":"https:\/\/www.smedemokrati.sk\/cs\/vlada-ide-opat-vytahovat-peniaze-od-ludi-no-da-sa-to-aj-inak\/","title":{"rendered":"Vl\u00e1da ide op\u00e4\u0165 vy\u0165ahova\u0165 peniaze od \u013eud\u00ed, no d\u00e1 sa to aj inak"},"content":{"rendered":"<div id=\"fb-root\"><\/div>\n\n<p><strong>Pod\u013ea Demokratov vl\u00e1da Roberta Fica zaviedla u\u017e 8 opatren\u00ed, aby z\u00edskala peniaze do svojho rozpo\u010dtu a chyst\u00e1 \u010fal\u0161\u00edch 12. Probl\u00e9mom je, \u017ee v\u0161etky tieto kroky znamenaj\u00fa vy\u0165ahovanie pe\u0148az\u00ed od be\u017en\u00fdch \u013eud\u00ed. Pod\u013ea strany je \u00faspora mo\u017en\u00e1 aj inak, a to \u0161etren\u00edm pr\u00e1ve na strane \u0161t\u00e1tu.&nbsp;<\/strong><\/p>\n\n\n\n<p><em>\u201eRobert Fico sa op\u00e4\u0165 ukazuje ako nezodpovedn\u00fd hospod\u00e1r, ktor\u00fd si nevie utiahnu\u0165 opasok. \u0164ah\u00e1 peniaze z vreciek ob\u010danov a ide ve\u013emi hlboko. Je to v\u0161ak \u0161t\u00e1t, kto m\u00e1 \u0161etri\u0165 a nie h\u013eada\u0165 peniaze do \u0161t\u00e1tnej kasy cez zvy\u0161ovanie dan\u00ed alebo negat\u00edvne kroky vo\u010di podnikate\u013eom,\u201d\u00a0<\/em>otv\u00e1ra t\u00e9mu b\u00fdval\u00fd minister financi\u00ed Eduard Heger a hovor\u00ed, \u017ee vl\u00e1da chyst\u00e1 a\u017e 12 opatren\u00ed, ktor\u00e9 sa priamo dotkn\u00fa v\u0161etk\u00fdch Slov\u00e1kov.\u00a0<em>\u201ePam\u00e4t\u00e1te si, ako pred vo\u013ebami dnes premi\u00e9r vyhlasoval, \u017ee je pripraven\u00fd okam\u017eite zabezpe\u010di\u0165 ni\u017e\u0161ie ceny potrav\u00edn? Dnes je r\u00e9torika pri konsolid\u00e1cii absol\u00fatne opa\u010dn\u00e1 a hovor\u00ed, \u017ee potraviny m\u00f4\u017eu by\u0165 lacnej\u0161ie no p\u00fdta sa, odkia\u013e bude sanovan\u00fd v\u00fdpadok v \u0161t\u00e1tnom rozpo\u010dte, ktor\u00fd s t\u00fdmto priamo s\u00favis\u00ed. To sa p\u00fdtame aj my a p\u00fdtali sme sa to u\u017e pred vo\u013ebami. Klamstvo za klamstvom a \u013eudia chudobnej\u00fa, preto\u017ee s\u00fa vo vl\u00e1de u\u017e takmer rok a nepredstavili jedno jedin\u00e9 opatrenie na re\u00e1lnu pomoc,\u201d<\/em>\u00a0hovor\u00ed Eduard Heger, ktor\u00fd je podpredseda strany Demokrati.\u00a0<\/p>\n\n\n\n<p><em>\u201eId\u00fa zni\u017eova\u0165 da\u0148ov\u00fd bonus, zvy\u0161ova\u0165 DPH, zv\u00fd\u0161i\u0165 minim\u00e1lne odvody pre \u017eivnostn\u00edkov a dokonca, zru\u0161i\u0165 energopomoc. V\u0161etko s\u00fa v \u00favodzovk\u00e1ch opatrenia, ktor\u00e9 maj\u00fa dopad na n\u00e1s v\u0161etk\u00fdch. Dokedy bude vl\u00e1da svojou neschopnos\u0165ou tresta\u0165 pracuj\u00facich a d\u00f4chodcov? Demokrati s\u00fa stranou rie\u0161en\u00ed, m\u00e1me n\u00e1vrh na efekt\u00edvnu konsolid\u00e1ciu, ktorou u\u0161etr\u00edme mili\u00f3ny.\u201d<\/em>\u00a0Povedal \u010dlen Demokratov Michal Pavl\u00edk.<\/p>\n\n\n\n<p>Dominik Sumbal pokra\u010duje, \u017ee spolupr\u00e1ca verejn\u00fdch in\u0161tit\u00faci\u00ed a ministerstiev napr\u00edklad v oblasti obstar\u00e1vania, m\u00f4\u017ee u\u0161etri\u0165 mili\u00f3ny:\u00a0<em>\u201eNavrhujeme centraliz\u00e1ciu niektor\u00fdch n\u00e1kupov verejn\u00fdch in\u0161tit\u00faci\u00ed preto\u017ee nie je mo\u017en\u00e9, \u017ee jednotliv\u00e9 ministerstv\u00e1 obstar\u00e1vaj\u00fa jednotliv\u00e9 tovary a slu\u017eby za tak diametr\u00e1lne odli\u0161n\u00e9 sumy. \u010eal\u0161\u00edm opatren\u00edm je zn\u00ed\u017eenie v\u00fddavkov na extern\u00e9 poradensk\u00e9 slu\u017eby. Pionierom je v tomto minister Taraba, ktor\u00fd svojmu susedovi dal za 600 tis\u00edc eur z\u00e1kazku, na extern\u00e9 advok\u00e1tske slu\u017eby. Domnievame sa tie\u017e, \u017ee ak by in\u0161tit\u00facie zdie\u013eali navz\u00e1jom infra\u0161trukt\u00faru, vieme v\u00fdrazne u\u0161etri\u0165. No a v neposlednom rade je to celkov\u00e1 efektivita pri spr\u00e1ve hmotn\u00e9ho majetku.\u201d<\/em>\u00a0Demokrati r\u00e1taj\u00fa, \u017ee t\u00fdmito opatreniami, vie \u0161t\u00e1t ro\u010dne u\u0161etri\u0165 minim\u00e1lne 500 mili\u00f3nov eur ro\u010dne.\u00a0<\/p>\n\n\n<div class=\"fb-video\" data-href=\"https:\/\/fb.watch\/uxrQ4GPAt3\" data-allowfullscreen=\"true\" data-autoplay=\"false\" data-width=\"\" data-show-text=\"false\" data-show-captions=\"true\"><\/div>\n","protected":false},"excerpt":{"rendered":"<p>Pod\u013ea Demokratov vl\u00e1da Roberta Fica zaviedla u\u017e 8 opatren\u00ed, aby z\u00edskala peniaze do svojho rozpo\u010dtu a chyst\u00e1 \u010fal\u0161\u00edch 12. Probl\u00e9mom je, \u017ee v\u0161etky tieto kroky znamenaj\u00fa vy\u0165ahovanie pe\u0148az\u00ed od be\u017en\u00fdch \u013eud\u00ed. Pod\u013ea strany je \u00faspora mo\u017en\u00e1 aj inak, a to \u0161etren\u00edm pr\u00e1ve na strane \u0161t\u00e1tu.&nbsp; \u201eRobert Fico sa op\u00e4\u0165 ukazuje ako nezodpovedn\u00fd hospod\u00e1r, ktor\u00fd si [&hellip;]<\/p>\n","protected":false},"author":13,"featured_media":5126,"comment_status":"closed","ping_status":"closed","sticky":false,"template":"","format":"standard","meta":{"_acf_changed":false,"ngg_post_thumbnail":0,"footnotes":""},"categories":[4],"tags":[],"class_list":["post-5125","post","type-post","status-publish","format-standard","has-post-thumbnail","hentry","category-tlacove-spravy"],"acf":[],"yoast_head":"<!-- This site is optimized with the Yoast SEO plugin v27.2 - https:\/\/yoast.com\/product\/yoast-seo-wordpress\/ -->\n<title>Vl\u00e1da ide op\u00e4\u0165 vy\u0165ahova\u0165 peniaze od \u013eud\u00ed, no d\u00e1 sa to aj inak<\/title>\n<meta name=\"robots\" content=\"index, follow, max-snippet:-1, max-image-preview:large, max-video-preview:-1\" \/>\n<link rel=\"canonical\" href=\"https:\/\/www.smedemokrati.sk\/cs\/vlada-ide-opat-vytahovat-peniaze-od-ludi-no-da-sa-to-aj-inak\/\" \/>\n<meta property=\"og:locale\" content=\"cs_CZ\" \/>\n<meta property=\"og:locale:alternate\" content=\"en_US\" \/>\n<meta property=\"og:locale:alternate\" content=\"hu_HU\" \/>\n<meta property=\"og:locale:alternate\" content=\"sk_SK\" \/>\n<meta property=\"og:locale:alternate\" content=\"sv_SE\" \/>\n<meta property=\"og:type\" content=\"article\" \/>\n<meta property=\"og:title\" content=\"Vl\u00e1da ide op\u00e4\u0165 vy\u0165ahova\u0165 peniaze od \u013eud\u00ed, no d\u00e1 sa to aj inak\" \/>\n<meta property=\"og:description\" content=\"Pod\u013ea Demokratov vl\u00e1da Roberta Fica zaviedla u\u017e 8 opatren\u00ed, aby z\u00edskala peniaze do svojho rozpo\u010dtu a chyst\u00e1 \u010fal\u0161\u00edch 12. Probl\u00e9mom je, \u017ee v\u0161etky tieto kroky znamenaj\u00fa vy\u0165ahovanie pe\u0148az\u00ed od be\u017en\u00fdch \u013eud\u00ed. Pod\u013ea strany je \u00faspora mo\u017en\u00e1 aj inak, a to \u0161etren\u00edm pr\u00e1ve na strane \u0161t\u00e1tu.&nbsp; \u201eRobert Fico sa op\u00e4\u0165 ukazuje ako nezodpovedn\u00fd hospod\u00e1r, ktor\u00fd si [&hellip;]\" \/>\n<meta property=\"og:url\" content=\"https:\/\/www.smedemokrati.sk\/cs\/vlada-ide-opat-vytahovat-peniaze-od-ludi-no-da-sa-to-aj-inak\/\" \/>\n<meta property=\"og:site_name\" content=\"Smedemokrati.sk\" \/>\n<meta property=\"article:publisher\" content=\"https:\/\/www.facebook.com\/smedemokrati2023\" \/>\n<meta property=\"article:published_time\" content=\"2024-09-11T15:37:32+00:00\" \/>\n<meta property=\"article:modified_time\" content=\"2024-10-01T14:05:39+00:00\" \/>\n<meta property=\"og:image\" content=\"https:\/\/www.smedemokrati.sk\/wp-content\/uploads\/2024\/09\/demokrati-setrenie.jpg\" \/>\n\t<meta property=\"og:image:width\" content=\"1267\" \/>\n\t<meta property=\"og:image:height\" content=\"733\" \/>\n\t<meta property=\"og:image:type\" content=\"image\/jpeg\" \/>\n<meta name=\"author\" content=\"miro.sopko\" \/>\n<meta name=\"twitter:card\" content=\"summary_large_image\" \/>\n<meta name=\"twitter:label1\" content=\"Napsal(a)\" \/>\n\t<meta name=\"twitter:data1\" content=\"miro.sopko\" \/>\n\t<meta name=\"twitter:label2\" content=\"Odhadovan\u00e1 doba \u010dten\u00ed\" \/>\n\t<meta name=\"twitter:data2\" content=\"2 minuty\" \/>\n<script type=\"application\/ld+json\" class=\"yoast-schema-graph\">{\"@context\":\"https:\/\/schema.org\",\"@graph\":[{\"@type\":\"Article\",\"@id\":\"https:\/\/www.smedemokrati.sk\/vlada-ide-opat-vytahovat-peniaze-od-ludi-no-da-sa-to-aj-inak\/#article\",\"isPartOf\":{\"@id\":\"https:\/\/www.smedemokrati.sk\/vlada-ide-opat-vytahovat-peniaze-od-ludi-no-da-sa-to-aj-inak\/\"},\"author\":{\"name\":\"miro.sopko\",\"@id\":\"https:\/\/www.smedemokrati.sk\/#\/schema\/person\/21f147c88d605aa7ded900e1e7c344ba\"},\"headline\":\"Vl\u00e1da ide op\u00e4\u0165 vy\u0165ahova\u0165 peniaze od \u013eud\u00ed, no d\u00e1 sa to aj inak\",\"datePublished\":\"2024-09-11T15:37:32+00:00\",\"dateModified\":\"2024-10-01T14:05:39+00:00\",\"mainEntityOfPage\":{\"@id\":\"https:\/\/www.smedemokrati.sk\/vlada-ide-opat-vytahovat-peniaze-od-ludi-no-da-sa-to-aj-inak\/\"},\"wordCount\":512,\"publisher\":{\"@id\":\"https:\/\/www.smedemokrati.sk\/#organization\"},\"image\":{\"@id\":\"https:\/\/www.smedemokrati.sk\/vlada-ide-opat-vytahovat-peniaze-od-ludi-no-da-sa-to-aj-inak\/#primaryimage\"},\"thumbnailUrl\":\"https:\/\/www.smedemokrati.sk\/wp-content\/uploads\/2024\/09\/demokrati-setrenie.jpg\",\"articleSection\":[\"Tla\u010dov\u00e9 spr\u00e1vy\"],\"inLanguage\":\"cs-CZ\"},{\"@type\":\"WebPage\",\"@id\":\"https:\/\/www.smedemokrati.sk\/vlada-ide-opat-vytahovat-peniaze-od-ludi-no-da-sa-to-aj-inak\/\",\"url\":\"https:\/\/www.smedemokrati.sk\/vlada-ide-opat-vytahovat-peniaze-od-ludi-no-da-sa-to-aj-inak\/\",\"name\":\"Vl\u00e1da ide op\u00e4\u0165 vy\u0165ahova\u0165 peniaze od \u013eud\u00ed, no d\u00e1 sa to aj inak\",\"isPartOf\":{\"@id\":\"https:\/\/www.smedemokrati.sk\/#website\"},\"primaryImageOfPage\":{\"@id\":\"https:\/\/www.smedemokrati.sk\/vlada-ide-opat-vytahovat-peniaze-od-ludi-no-da-sa-to-aj-inak\/#primaryimage\"},\"image\":{\"@id\":\"https:\/\/www.smedemokrati.sk\/vlada-ide-opat-vytahovat-peniaze-od-ludi-no-da-sa-to-aj-inak\/#primaryimage\"},\"thumbnailUrl\":\"https:\/\/www.smedemokrati.sk\/wp-content\/uploads\/2024\/09\/demokrati-setrenie.jpg\",\"datePublished\":\"2024-09-11T15:37:32+00:00\",\"dateModified\":\"2024-10-01T14:05:39+00:00\",\"breadcrumb\":{\"@id\":\"https:\/\/www.smedemokrati.sk\/vlada-ide-opat-vytahovat-peniaze-od-ludi-no-da-sa-to-aj-inak\/#breadcrumb\"},\"inLanguage\":\"cs-CZ\",\"potentialAction\":[{\"@type\":\"ReadAction\",\"target\":[\"https:\/\/www.smedemokrati.sk\/vlada-ide-opat-vytahovat-peniaze-od-ludi-no-da-sa-to-aj-inak\/\"]}]},{\"@type\":\"ImageObject\",\"inLanguage\":\"cs-CZ\",\"@id\":\"https:\/\/www.smedemokrati.sk\/vlada-ide-opat-vytahovat-peniaze-od-ludi-no-da-sa-to-aj-inak\/#primaryimage\",\"url\":\"https:\/\/www.smedemokrati.sk\/wp-content\/uploads\/2024\/09\/demokrati-setrenie.jpg\",\"contentUrl\":\"https:\/\/www.smedemokrati.sk\/wp-content\/uploads\/2024\/09\/demokrati-setrenie.jpg\",\"width\":1267,\"height\":733},{\"@type\":\"BreadcrumbList\",\"@id\":\"https:\/\/www.smedemokrati.sk\/vlada-ide-opat-vytahovat-peniaze-od-ludi-no-da-sa-to-aj-inak\/#breadcrumb\",\"itemListElement\":[{\"@type\":\"ListItem\",\"position\":1,\"name\":\"Domovsk\u00e1 str\u00e1nka\",\"item\":\"https:\/\/www.smedemokrati.sk\/\"},{\"@type\":\"ListItem\",\"position\":2,\"name\":\"Vl\u00e1da ide op\u00e4\u0165 vy\u0165ahova\u0165 peniaze od \u013eud\u00ed, no d\u00e1 sa to aj inak\"}]},{\"@type\":\"WebSite\",\"@id\":\"https:\/\/www.smedemokrati.sk\/#website\",\"url\":\"https:\/\/www.smedemokrati.sk\/\",\"name\":\"Smedemokrati.sk\",\"description\":\"Demokracia a slu\u0161nos\u0165 zv\u00ed\u0165az\u00ed\",\"publisher\":{\"@id\":\"https:\/\/www.smedemokrati.sk\/#organization\"},\"potentialAction\":[{\"@type\":\"SearchAction\",\"target\":{\"@type\":\"EntryPoint\",\"urlTemplate\":\"https:\/\/www.smedemokrati.sk\/?s={search_term_string}\"},\"query-input\":{\"@type\":\"PropertyValueSpecification\",\"valueRequired\":true,\"valueName\":\"search_term_string\"}}],\"inLanguage\":\"cs-CZ\"},{\"@type\":\"Organization\",\"@id\":\"https:\/\/www.smedemokrati.sk\/#organization\",\"name\":\"Smedemokrati.sk\",\"url\":\"https:\/\/www.smedemokrati.sk\/\",\"logo\":{\"@type\":\"ImageObject\",\"inLanguage\":\"cs-CZ\",\"@id\":\"https:\/\/www.smedemokrati.sk\/#\/schema\/logo\/image\/\",\"url\":\"https:\/\/www.smedemokrati.sk\/wp-content\/uploads\/2023\/04\/ff.002.jpeg\",\"contentUrl\":\"https:\/\/www.smedemokrati.sk\/wp-content\/uploads\/2023\/04\/ff.002.jpeg\",\"width\":640,\"height\":480,\"caption\":\"Smedemokrati.sk\"},\"image\":{\"@id\":\"https:\/\/www.smedemokrati.sk\/#\/schema\/logo\/image\/\"},\"sameAs\":[\"https:\/\/www.facebook.com\/smedemokrati2023\"]},{\"@type\":\"Person\",\"@id\":\"https:\/\/www.smedemokrati.sk\/#\/schema\/person\/21f147c88d605aa7ded900e1e7c344ba\",\"name\":\"miro.sopko\",\"image\":{\"@type\":\"ImageObject\",\"inLanguage\":\"cs-CZ\",\"@id\":\"https:\/\/secure.gravatar.com\/avatar\/267e4a36f704376c109afe3a78740c1f5dd8675a2180a908699e7863c9247606?s=96&d=mm&r=g\",\"url\":\"https:\/\/secure.gravatar.com\/avatar\/267e4a36f704376c109afe3a78740c1f5dd8675a2180a908699e7863c9247606?s=96&d=mm&r=g\",\"contentUrl\":\"https:\/\/secure.gravatar.com\/avatar\/267e4a36f704376c109afe3a78740c1f5dd8675a2180a908699e7863c9247606?s=96&d=mm&r=g\",\"caption\":\"miro.sopko\"},\"url\":\"https:\/\/www.smedemokrati.sk\/cs\/author\/miro-sopko\/\"}]}<\/script>\n<!-- \/ Yoast SEO plugin. -->","yoast_head_json":{"title":"Vl\u00e1da ide op\u00e4\u0165 vy\u0165ahova\u0165 peniaze od \u013eud\u00ed, no d\u00e1 sa to aj inak","robots":{"index":"index","follow":"follow","max-snippet":"max-snippet:-1","max-image-preview":"max-image-preview:large","max-video-preview":"max-video-preview:-1"},"canonical":"https:\/\/www.smedemokrati.sk\/cs\/vlada-ide-opat-vytahovat-peniaze-od-ludi-no-da-sa-to-aj-inak\/","og_locale":"cs_CZ","og_type":"article","og_title":"[:sk]Vl\u00e1da ide op\u00e4\u0165 vy\u0165ahova\u0165 peniaze od \u013eud\u00ed, no d\u00e1 sa to aj inak[:] - Smedemokrati.sk","og_description":"Pod\u013ea Demokratov vl\u00e1da Roberta Fica zaviedla u\u017e 8 opatren\u00ed, aby z\u00edskala peniaze do svojho rozpo\u010dtu a chyst\u00e1 \u010fal\u0161\u00edch 12. Probl\u00e9mom je, \u017ee v\u0161etky tieto kroky znamenaj\u00fa vy\u0165ahovanie pe\u0148az\u00ed od be\u017en\u00fdch \u013eud\u00ed. Pod\u013ea strany je \u00faspora mo\u017en\u00e1 aj inak, a to \u0161etren\u00edm pr\u00e1ve na strane \u0161t\u00e1tu.&nbsp; \u201eRobert Fico sa op\u00e4\u0165 ukazuje ako nezodpovedn\u00fd hospod\u00e1r, ktor\u00fd si [&hellip;]","og_url":"https:\/\/www.smedemokrati.sk\/cs\/vlada-ide-opat-vytahovat-peniaze-od-ludi-no-da-sa-to-aj-inak\/","og_site_name":"Smedemokrati.sk","article_publisher":"https:\/\/www.facebook.com\/smedemokrati2023","article_published_time":"2024-09-11T15:37:32+00:00","article_modified_time":"2024-10-01T14:05:39+00:00","og_image":[{"width":1267,"height":733,"url":"https:\/\/www.smedemokrati.sk\/wp-content\/uploads\/2024\/09\/demokrati-setrenie.jpg","type":"image\/jpeg"}],"author":"miro.sopko","twitter_card":"summary_large_image","twitter_misc":{"Napsal(a)":"miro.sopko","Odhadovan\u00e1 doba \u010dten\u00ed":"2 minuty"},"schema":{"@context":"https:\/\/schema.org","@graph":[{"@type":"Article","@id":"https:\/\/www.smedemokrati.sk\/vlada-ide-opat-vytahovat-peniaze-od-ludi-no-da-sa-to-aj-inak\/#article","isPartOf":{"@id":"https:\/\/www.smedemokrati.sk\/vlada-ide-opat-vytahovat-peniaze-od-ludi-no-da-sa-to-aj-inak\/"},"author":{"name":"miro.sopko","@id":"https:\/\/www.smedemokrati.sk\/#\/schema\/person\/21f147c88d605aa7ded900e1e7c344ba"},"headline":"Vl\u00e1da ide op\u00e4\u0165 vy\u0165ahova\u0165 peniaze od \u013eud\u00ed, no d\u00e1 sa to aj inak","datePublished":"2024-09-11T15:37:32+00:00","dateModified":"2024-10-01T14:05:39+00:00","mainEntityOfPage":{"@id":"https:\/\/www.smedemokrati.sk\/vlada-ide-opat-vytahovat-peniaze-od-ludi-no-da-sa-to-aj-inak\/"},"wordCount":512,"publisher":{"@id":"https:\/\/www.smedemokrati.sk\/#organization"},"image":{"@id":"https:\/\/www.smedemokrati.sk\/vlada-ide-opat-vytahovat-peniaze-od-ludi-no-da-sa-to-aj-inak\/#primaryimage"},"thumbnailUrl":"https:\/\/www.smedemokrati.sk\/wp-content\/uploads\/2024\/09\/demokrati-setrenie.jpg","articleSection":["Tla\u010dov\u00e9 spr\u00e1vy"],"inLanguage":"cs-CZ"},{"@type":"WebPage","@id":"https:\/\/www.smedemokrati.sk\/vlada-ide-opat-vytahovat-peniaze-od-ludi-no-da-sa-to-aj-inak\/","url":"https:\/\/www.smedemokrati.sk\/vlada-ide-opat-vytahovat-peniaze-od-ludi-no-da-sa-to-aj-inak\/","name":"Vl\u00e1da ide op\u00e4\u0165 vy\u0165ahova\u0165 peniaze od \u013eud\u00ed, no d\u00e1 sa to aj inak","isPartOf":{"@id":"https:\/\/www.smedemokrati.sk\/#website"},"primaryImageOfPage":{"@id":"https:\/\/www.smedemokrati.sk\/vlada-ide-opat-vytahovat-peniaze-od-ludi-no-da-sa-to-aj-inak\/#primaryimage"},"image":{"@id":"https:\/\/www.smedemokrati.sk\/vlada-ide-opat-vytahovat-peniaze-od-ludi-no-da-sa-to-aj-inak\/#primaryimage"},"thumbnailUrl":"https:\/\/www.smedemokrati.sk\/wp-content\/uploads\/2024\/09\/demokrati-setrenie.jpg","datePublished":"2024-09-11T15:37:32+00:00","dateModified":"2024-10-01T14:05:39+00:00","breadcrumb":{"@id":"https:\/\/www.smedemokrati.sk\/vlada-ide-opat-vytahovat-peniaze-od-ludi-no-da-sa-to-aj-inak\/#breadcrumb"},"inLanguage":"cs-CZ","potentialAction":[{"@type":"ReadAction","target":["https:\/\/www.smedemokrati.sk\/vlada-ide-opat-vytahovat-peniaze-od-ludi-no-da-sa-to-aj-inak\/"]}]},{"@type":"ImageObject","inLanguage":"cs-CZ","@id":"https:\/\/www.smedemokrati.sk\/vlada-ide-opat-vytahovat-peniaze-od-ludi-no-da-sa-to-aj-inak\/#primaryimage","url":"https:\/\/www.smedemokrati.sk\/wp-content\/uploads\/2024\/09\/demokrati-setrenie.jpg","contentUrl":"https:\/\/www.smedemokrati.sk\/wp-content\/uploads\/2024\/09\/demokrati-setrenie.jpg","width":1267,"height":733},{"@type":"BreadcrumbList","@id":"https:\/\/www.smedemokrati.sk\/vlada-ide-opat-vytahovat-peniaze-od-ludi-no-da-sa-to-aj-inak\/#breadcrumb","itemListElement":[{"@type":"ListItem","position":1,"name":"Domovsk\u00e1 str\u00e1nka","item":"https:\/\/www.smedemokrati.sk\/"},{"@type":"ListItem","position":2,"name":"Vl\u00e1da ide op\u00e4\u0165 vy\u0165ahova\u0165 peniaze od \u013eud\u00ed, no d\u00e1 sa to aj inak"}]},{"@type":"WebSite","@id":"https:\/\/www.smedemokrati.sk\/#website","url":"https:\/\/www.smedemokrati.sk\/","name":"Smedemokrati.sk","description":"Demokracia a slu\u0161nos\u0165 zv\u00ed\u0165az\u00ed","publisher":{"@id":"https:\/\/www.smedemokrati.sk\/#organization"},"potentialAction":[{"@type":"SearchAction","target":{"@type":"EntryPoint","urlTemplate":"https:\/\/www.smedemokrati.sk\/?s={search_term_string}"},"query-input":{"@type":"PropertyValueSpecification","valueRequired":true,"valueName":"search_term_string"}}],"inLanguage":"cs-CZ"},{"@type":"Organization","@id":"https:\/\/www.smedemokrati.sk\/#organization","name":"Smedemokrati.sk","url":"https:\/\/www.smedemokrati.sk\/","logo":{"@type":"ImageObject","inLanguage":"cs-CZ","@id":"https:\/\/www.smedemokrati.sk\/#\/schema\/logo\/image\/","url":"https:\/\/www.smedemokrati.sk\/wp-content\/uploads\/2023\/04\/ff.002.jpeg","contentUrl":"https:\/\/www.smedemokrati.sk\/wp-content\/uploads\/2023\/04\/ff.002.jpeg","width":640,"height":480,"caption":"Smedemokrati.sk"},"image":{"@id":"https:\/\/www.smedemokrati.sk\/#\/schema\/logo\/image\/"},"sameAs":["https:\/\/www.facebook.com\/smedemokrati2023"]},{"@type":"Person","@id":"https:\/\/www.smedemokrati.sk\/#\/schema\/person\/21f147c88d605aa7ded900e1e7c344ba","name":"miro.sopko","image":{"@type":"ImageObject","inLanguage":"cs-CZ","@id":"https:\/\/secure.gravatar.com\/avatar\/267e4a36f704376c109afe3a78740c1f5dd8675a2180a908699e7863c9247606?s=96&d=mm&r=g","url":"https:\/\/secure.gravatar.com\/avatar\/267e4a36f704376c109afe3a78740c1f5dd8675a2180a908699e7863c9247606?s=96&d=mm&r=g","contentUrl":"https:\/\/secure.gravatar.com\/avatar\/267e4a36f704376c109afe3a78740c1f5dd8675a2180a908699e7863c9247606?s=96&d=mm&r=g","caption":"miro.sopko"},"url":"https:\/\/www.smedemokrati.sk\/cs\/author\/miro-sopko\/"}]}},"_links":{"self":[{"href":"https:\/\/www.smedemokrati.sk\/cs\/wp-json\/wp\/v2\/posts\/5125","targetHints":{"allow":["GET"]}}],"collection":[{"href":"https:\/\/www.smedemokrati.sk\/cs\/wp-json\/wp\/v2\/posts"}],"about":[{"href":"https:\/\/www.smedemokrati.sk\/cs\/wp-json\/wp\/v2\/types\/post"}],"author":[{"embeddable":true,"href":"https:\/\/www.smedemokrati.sk\/cs\/wp-json\/wp\/v2\/users\/13"}],"replies":[{"embeddable":true,"href":"https:\/\/www.smedemokrati.sk\/cs\/wp-json\/wp\/v2\/comments?post=5125"}],"version-history":[{"count":1,"href":"https:\/\/www.smedemokrati.sk\/cs\/wp-json\/wp\/v2\/posts\/5125\/revisions"}],"predecessor-version":[{"id":5127,"href":"https:\/\/www.smedemokrati.sk\/cs\/wp-json\/wp\/v2\/posts\/5125\/revisions\/5127"}],"wp:featuredmedia":[{"embeddable":true,"href":"https:\/\/www.smedemokrati.sk\/cs\/wp-json\/wp\/v2\/media\/5126"}],"wp:attachment":[{"href":"https:\/\/www.smedemokrati.sk\/cs\/wp-json\/wp\/v2\/media?parent=5125"}],"wp:term":[{"taxonomy":"category","embeddable":true,"href":"https:\/\/www.smedemokrati.sk\/cs\/wp-json\/wp\/v2\/categories?post=5125"},{"taxonomy":"post_tag","embeddable":true,"href":"https:\/\/www.smedemokrati.sk\/cs\/wp-json\/wp\/v2\/tags?post=5125"}],"curies":[{"name":"wp","href":"https:\/\/api.w.org\/{rel}","templated":true}]}}