{"id":5116,"date":"2024-09-11T10:48:18","date_gmt":"2024-09-11T09:48:18","guid":{"rendered":"https:\/\/www.smedemokrati.sk\/?p=5116"},"modified":"2024-10-01T15:04:54","modified_gmt":"2024-10-01T14:04:54","slug":"vlada-chce-uvolnit-pravidla-na-predaj-chat-a-revirov-v-narodnych-parkoch","status":"publish","type":"post","link":"https:\/\/www.smedemokrati.sk\/cs\/vlada-chce-uvolnit-pravidla-na-predaj-chat-a-revirov-v-narodnych-parkoch\/","title":{"rendered":"Vl\u00e1da chce uvo\u013eni\u0165 pravidl\u00e1 na predaj ch\u00e1t a rev\u00edrov v n\u00e1rodn\u00fdch parkoch"},"content":{"rendered":"<div id=\"fb-root\"><\/div>\n\n<p><strong>Minister p\u00f4dohospod\u00e1rstva Richard Tak\u00e1\u010d navrhuje zru\u0161i\u0165 obmedzenie prevodu nehnute\u013en\u00e9ho majetku, ktor\u00fd m\u00e1 v bud\u00facnosti prejs\u0165 do spr\u00e1vy n\u00e1rodn\u00fdch parkov, teda po dokon\u010den\u00ed tzv. delimit\u00e1ci\u00ed. Dnes m\u00e1 tento materi\u00e1l schva\u013eova\u0165 vl\u00e1da a jeho prijat\u00edm sa v podstate umo\u017en\u00ed predaj \u0161t\u00e1tnych nehnute\u013enost\u00ed, ale aj pozemkov v n\u00e1rodn\u00fdch parkoch.<\/strong><\/p>\n\n\n\n<p>Ide o tis\u00edce hekt\u00e1rov lesn\u00fdch pozemkov, stoviek stavieb, spravidla ch\u00e1t, zastavan\u00fdch a in\u00fdch pl\u00f4ch, ale aj po\u013eovn\u00fdch a ryb\u00e1rskych rev\u00edrov na \u00fazem\u00ed n\u00e1rodn\u00fdch parkov v spr\u00e1ve LESOV SR, \u0161. p., ktor\u00e9 v zmysle uznesen\u00ed vl\u00e1dy SR \u010d. 41 z 19. 1. 2022 a \u010d. 89 z 9. 2. 2022 nie je mo\u017en\u00e9 prev\u00e1dza\u0165 a deli\u0165. Pr\u00e1ve tie maj\u00fa prejs\u0165 do spr\u00e1vy n\u00e1rodn\u00fdch parkov. Aktu\u00e1lne sa obmedzenie t\u00fdka N\u00e1rodn\u00fdch parkov Mal\u00e1 Fatra, N\u00edzke Tatry a Poloniny.<\/p>\n\n\n\n<p>Toto uznesenie navrhuje teraz Tak\u00e1\u010d zru\u0161i\u0165. Umo\u017en\u00ed sa tak prevod, predaj, vypo\u017ei\u010danie, n\u00e1jom \u010di zverenie do u\u017e\u00edvania v\u0161etk\u00fdch t\u00fdchto nehnute\u013enost\u00ed. Doteraz sa tak mohlo dia\u0165 len v od\u00f4vodnen\u00fdch pr\u00edpadoch a za s\u00fahlasu rezortu \u017eivotn\u00e9ho prostredia.\u00a0<em>\u201eSamozrejme, Taraba nem\u00e1 vo\u010di tomuto kroku \u017eiadne v\u00fdhrady. Tradi\u010dne s Tak\u00e1\u010dom ruka v ruke id\u00fa znova u\u0161tedri\u0165 ranu na\u0161im n\u00e1rodn\u00fdm parkom. M\u00f4\u017ee sa pokojne sta\u0165, \u017ee po dokon\u010den\u00ed zon\u00e1ci\u00ed nebude u\u017e \u010do previes\u0165 do spr\u00e1vy n\u00e1rodn\u00fdch parkov. Chaty m\u00f4\u017eu by\u0165 predan\u00e9 ako \u201cprebyto\u010dn\u00e9\u201d a po\u013eovn\u00e9 rev\u00edry prenajat\u00e9 za smie\u0161ne ceny na mnoho rokov,&#8220;<\/em>\u00a0upozor\u0148uje Michal Ki\u010da, expert strany Demokrati na \u017eivotn\u00e9 prostredie a \u010dlen predsedn\u00edctva.<\/p>\n\n\n\n<p>Tento krok prich\u00e1dza pr\u00e1ve v d\u0148och, kedy bol pr\u00e1voplatne ods\u00faden\u00fd riadite\u013e LESOV SR, \u0161. p. z \u010dias vl\u00e1dy SMER-u a SNS Min\u010f\u00e1\u0161, a to za nev\u00fdhodn\u00e9 pren\u00e1jmy rev\u00edrov. S\u00fa tu opr\u00e1vnen\u00e9 obavy, \u017ee sa t\u00e1to hist\u00f3ria bude opakova\u0165.\u00a0<em>\u201eAk si niekto mysl\u00ed, \u017ee sa nepozorovane a \u013eahko dostane k lukrat\u00edvnemu majetku \u0161t\u00e1tu, je na<\/em> <em>omyle. Poslal som info\u017eiados\u0165, v ktorej si \u017eiadam o v\u0161etky \u201e\u010dakaj\u00face\u201d \u017eiadosti o prevod. Sme rozhodnut\u00ed robi\u0165 maxim\u00e1lnu kontrolu, komu a za ak\u00fa cenu p\u00f4jdu \u0161t\u00e1tne majetky,&#8220;<\/em>\u00a0hovor\u00ed Ki\u010da.<\/p>\n\n\n\n<p>V tomto istom materi\u00e1li, op\u00e4\u0165 bez n\u00e1mietok Tarabu, Tak\u00e1\u010d navrhuje aj zru\u0161enie vl\u00e1dneho uznesenia z novembra 2019, ktor\u00e9 garantovalo dohodu medzi hlavn\u00fdm mestom a LESMI SR, \u0161. p. o radik\u00e1lnom obmedzen\u00ed \u0165a\u017eby v lesoch v okol\u00ed Bratislavy. Vl\u00e1da, konkr\u00e9tne vtedaj\u0161ia ministerka p\u00f4dohospod\u00e1rstva Mate\u010dn\u00e1, n\u00edm reagovala na \u0161kandal\u00f3zne v\u00fdruby v bratislavsk\u00fdch lesoch, ktor\u00e9 pob\u00farili verejnos\u0165. Dohoda, do ktorej sa vl\u00e1dne uznesenie pretavilo, umo\u017enila vznik Pr\u00edrodn\u00fdch rezerv\u00e1ci\u00ed Vydrica a Dev\u00ednska kobyla, ktor\u00e9 boli vyhl\u00e1sen\u00e9 v rokoch 2020 a\u017e 2023. U\u017e dlh\u0161ie sa v odbornej verejnosti hovor\u00ed o st\u00fapaj\u00facom tlaku na ich zru\u0161enie a obnovu \u0165a\u017eby. Dnes sme k tomuto kroku op\u00e4\u0165 bli\u017e\u0161ie.<\/p>\n","protected":false},"excerpt":{"rendered":"<p>Minister p\u00f4dohospod\u00e1rstva Richard Tak\u00e1\u010d navrhuje zru\u0161i\u0165 obmedzenie prevodu nehnute\u013en\u00e9ho majetku, ktor\u00fd m\u00e1 v bud\u00facnosti prejs\u0165 do spr\u00e1vy n\u00e1rodn\u00fdch parkov, teda po dokon\u010den\u00ed tzv. delimit\u00e1ci\u00ed. Dnes m\u00e1 tento materi\u00e1l schva\u013eova\u0165 vl\u00e1da a jeho prijat\u00edm sa v podstate umo\u017en\u00ed predaj \u0161t\u00e1tnych nehnute\u013enost\u00ed, ale aj pozemkov v n\u00e1rodn\u00fdch parkoch. Ide o tis\u00edce hekt\u00e1rov lesn\u00fdch pozemkov, stoviek stavieb, spravidla [&hellip;]<\/p>\n","protected":false},"author":13,"featured_media":4814,"comment_status":"closed","ping_status":"closed","sticky":false,"template":"","format":"standard","meta":{"_acf_changed":false,"ngg_post_thumbnail":0,"footnotes":""},"categories":[4],"tags":[],"class_list":["post-5116","post","type-post","status-publish","format-standard","has-post-thumbnail","hentry","category-tlacove-spravy"],"acf":[],"yoast_head":"<!-- This site is optimized with the Yoast SEO plugin v27.2 - https:\/\/yoast.com\/product\/yoast-seo-wordpress\/ -->\n<title>Vl\u00e1da chce uvo\u013eni\u0165 pravidl\u00e1 na predaj ch\u00e1t a rev\u00edrov v n\u00e1rodn\u00fdch parkoch<\/title>\n<meta name=\"robots\" content=\"index, follow, max-snippet:-1, max-image-preview:large, max-video-preview:-1\" \/>\n<link rel=\"canonical\" href=\"https:\/\/www.smedemokrati.sk\/cs\/vlada-chce-uvolnit-pravidla-na-predaj-chat-a-revirov-v-narodnych-parkoch\/\" \/>\n<meta property=\"og:locale\" content=\"cs_CZ\" \/>\n<meta property=\"og:locale:alternate\" content=\"en_US\" \/>\n<meta property=\"og:locale:alternate\" content=\"hu_HU\" \/>\n<meta property=\"og:locale:alternate\" content=\"sk_SK\" \/>\n<meta property=\"og:locale:alternate\" content=\"sv_SE\" \/>\n<meta property=\"og:type\" content=\"article\" \/>\n<meta property=\"og:title\" content=\"Vl\u00e1da chce uvo\u013eni\u0165 pravidl\u00e1 na predaj ch\u00e1t a rev\u00edrov v n\u00e1rodn\u00fdch parkoch\" \/>\n<meta property=\"og:description\" content=\"Minister p\u00f4dohospod\u00e1rstva Richard Tak\u00e1\u010d navrhuje zru\u0161i\u0165 obmedzenie prevodu nehnute\u013en\u00e9ho majetku, ktor\u00fd m\u00e1 v bud\u00facnosti prejs\u0165 do spr\u00e1vy n\u00e1rodn\u00fdch parkov, teda po dokon\u010den\u00ed tzv. delimit\u00e1ci\u00ed. Dnes m\u00e1 tento materi\u00e1l schva\u013eova\u0165 vl\u00e1da a jeho prijat\u00edm sa v podstate umo\u017en\u00ed predaj \u0161t\u00e1tnych nehnute\u013enost\u00ed, ale aj pozemkov v n\u00e1rodn\u00fdch parkoch. Ide o tis\u00edce hekt\u00e1rov lesn\u00fdch pozemkov, stoviek stavieb, spravidla [&hellip;]\" \/>\n<meta property=\"og:url\" content=\"https:\/\/www.smedemokrati.sk\/cs\/vlada-chce-uvolnit-pravidla-na-predaj-chat-a-revirov-v-narodnych-parkoch\/\" \/>\n<meta property=\"og:site_name\" content=\"Smedemokrati.sk\" \/>\n<meta property=\"article:publisher\" content=\"https:\/\/www.facebook.com\/smedemokrati2023\" \/>\n<meta property=\"article:published_time\" content=\"2024-09-11T09:48:18+00:00\" \/>\n<meta property=\"article:modified_time\" content=\"2024-10-01T14:04:54+00:00\" \/>\n<meta property=\"og:image\" content=\"https:\/\/www.smedemokrati.sk\/wp-content\/uploads\/2024\/08\/takac.jpg\" \/>\n\t<meta property=\"og:image:width\" content=\"1080\" \/>\n\t<meta property=\"og:image:height\" content=\"810\" \/>\n\t<meta property=\"og:image:type\" content=\"image\/jpeg\" \/>\n<meta name=\"author\" content=\"miro.sopko\" \/>\n<meta name=\"twitter:card\" content=\"summary_large_image\" \/>\n<meta name=\"twitter:label1\" content=\"Napsal(a)\" \/>\n\t<meta name=\"twitter:data1\" content=\"miro.sopko\" \/>\n\t<meta name=\"twitter:label2\" content=\"Odhadovan\u00e1 doba \u010dten\u00ed\" \/>\n\t<meta name=\"twitter:data2\" content=\"3 minuty\" \/>\n<script type=\"application\/ld+json\" class=\"yoast-schema-graph\">{\"@context\":\"https:\/\/schema.org\",\"@graph\":[{\"@type\":\"Article\",\"@id\":\"https:\/\/www.smedemokrati.sk\/vlada-chce-uvolnit-pravidla-na-predaj-chat-a-revirov-v-narodnych-parkoch\/#article\",\"isPartOf\":{\"@id\":\"https:\/\/www.smedemokrati.sk\/vlada-chce-uvolnit-pravidla-na-predaj-chat-a-revirov-v-narodnych-parkoch\/\"},\"author\":{\"name\":\"miro.sopko\",\"@id\":\"https:\/\/www.smedemokrati.sk\/#\/schema\/person\/21f147c88d605aa7ded900e1e7c344ba\"},\"headline\":\"Vl\u00e1da chce uvo\u013eni\u0165 pravidl\u00e1 na predaj ch\u00e1t a rev\u00edrov v n\u00e1rodn\u00fdch parkoch\",\"datePublished\":\"2024-09-11T09:48:18+00:00\",\"dateModified\":\"2024-10-01T14:04:54+00:00\",\"mainEntityOfPage\":{\"@id\":\"https:\/\/www.smedemokrati.sk\/vlada-chce-uvolnit-pravidla-na-predaj-chat-a-revirov-v-narodnych-parkoch\/\"},\"wordCount\":543,\"publisher\":{\"@id\":\"https:\/\/www.smedemokrati.sk\/#organization\"},\"image\":{\"@id\":\"https:\/\/www.smedemokrati.sk\/vlada-chce-uvolnit-pravidla-na-predaj-chat-a-revirov-v-narodnych-parkoch\/#primaryimage\"},\"thumbnailUrl\":\"https:\/\/www.smedemokrati.sk\/wp-content\/uploads\/2024\/08\/takac.jpg\",\"articleSection\":[\"Tla\u010dov\u00e9 spr\u00e1vy\"],\"inLanguage\":\"cs-CZ\"},{\"@type\":\"WebPage\",\"@id\":\"https:\/\/www.smedemokrati.sk\/vlada-chce-uvolnit-pravidla-na-predaj-chat-a-revirov-v-narodnych-parkoch\/\",\"url\":\"https:\/\/www.smedemokrati.sk\/vlada-chce-uvolnit-pravidla-na-predaj-chat-a-revirov-v-narodnych-parkoch\/\",\"name\":\"Vl\u00e1da chce uvo\u013eni\u0165 pravidl\u00e1 na predaj ch\u00e1t a rev\u00edrov v n\u00e1rodn\u00fdch parkoch\",\"isPartOf\":{\"@id\":\"https:\/\/www.smedemokrati.sk\/#website\"},\"primaryImageOfPage\":{\"@id\":\"https:\/\/www.smedemokrati.sk\/vlada-chce-uvolnit-pravidla-na-predaj-chat-a-revirov-v-narodnych-parkoch\/#primaryimage\"},\"image\":{\"@id\":\"https:\/\/www.smedemokrati.sk\/vlada-chce-uvolnit-pravidla-na-predaj-chat-a-revirov-v-narodnych-parkoch\/#primaryimage\"},\"thumbnailUrl\":\"https:\/\/www.smedemokrati.sk\/wp-content\/uploads\/2024\/08\/takac.jpg\",\"datePublished\":\"2024-09-11T09:48:18+00:00\",\"dateModified\":\"2024-10-01T14:04:54+00:00\",\"breadcrumb\":{\"@id\":\"https:\/\/www.smedemokrati.sk\/vlada-chce-uvolnit-pravidla-na-predaj-chat-a-revirov-v-narodnych-parkoch\/#breadcrumb\"},\"inLanguage\":\"cs-CZ\",\"potentialAction\":[{\"@type\":\"ReadAction\",\"target\":[\"https:\/\/www.smedemokrati.sk\/vlada-chce-uvolnit-pravidla-na-predaj-chat-a-revirov-v-narodnych-parkoch\/\"]}]},{\"@type\":\"ImageObject\",\"inLanguage\":\"cs-CZ\",\"@id\":\"https:\/\/www.smedemokrati.sk\/vlada-chce-uvolnit-pravidla-na-predaj-chat-a-revirov-v-narodnych-parkoch\/#primaryimage\",\"url\":\"https:\/\/www.smedemokrati.sk\/wp-content\/uploads\/2024\/08\/takac.jpg\",\"contentUrl\":\"https:\/\/www.smedemokrati.sk\/wp-content\/uploads\/2024\/08\/takac.jpg\",\"width\":1080,\"height\":810},{\"@type\":\"BreadcrumbList\",\"@id\":\"https:\/\/www.smedemokrati.sk\/vlada-chce-uvolnit-pravidla-na-predaj-chat-a-revirov-v-narodnych-parkoch\/#breadcrumb\",\"itemListElement\":[{\"@type\":\"ListItem\",\"position\":1,\"name\":\"Domovsk\u00e1 str\u00e1nka\",\"item\":\"https:\/\/www.smedemokrati.sk\/\"},{\"@type\":\"ListItem\",\"position\":2,\"name\":\"Vl\u00e1da chce uvo\u013eni\u0165 pravidl\u00e1 na predaj ch\u00e1t a rev\u00edrov v n\u00e1rodn\u00fdch parkoch\"}]},{\"@type\":\"WebSite\",\"@id\":\"https:\/\/www.smedemokrati.sk\/#website\",\"url\":\"https:\/\/www.smedemokrati.sk\/\",\"name\":\"Smedemokrati.sk\",\"description\":\"Demokracia a slu\u0161nos\u0165 zv\u00ed\u0165az\u00ed\",\"publisher\":{\"@id\":\"https:\/\/www.smedemokrati.sk\/#organization\"},\"potentialAction\":[{\"@type\":\"SearchAction\",\"target\":{\"@type\":\"EntryPoint\",\"urlTemplate\":\"https:\/\/www.smedemokrati.sk\/?s={search_term_string}\"},\"query-input\":{\"@type\":\"PropertyValueSpecification\",\"valueRequired\":true,\"valueName\":\"search_term_string\"}}],\"inLanguage\":\"cs-CZ\"},{\"@type\":\"Organization\",\"@id\":\"https:\/\/www.smedemokrati.sk\/#organization\",\"name\":\"Smedemokrati.sk\",\"url\":\"https:\/\/www.smedemokrati.sk\/\",\"logo\":{\"@type\":\"ImageObject\",\"inLanguage\":\"cs-CZ\",\"@id\":\"https:\/\/www.smedemokrati.sk\/#\/schema\/logo\/image\/\",\"url\":\"https:\/\/www.smedemokrati.sk\/wp-content\/uploads\/2023\/04\/ff.002.jpeg\",\"contentUrl\":\"https:\/\/www.smedemokrati.sk\/wp-content\/uploads\/2023\/04\/ff.002.jpeg\",\"width\":640,\"height\":480,\"caption\":\"Smedemokrati.sk\"},\"image\":{\"@id\":\"https:\/\/www.smedemokrati.sk\/#\/schema\/logo\/image\/\"},\"sameAs\":[\"https:\/\/www.facebook.com\/smedemokrati2023\"]},{\"@type\":\"Person\",\"@id\":\"https:\/\/www.smedemokrati.sk\/#\/schema\/person\/21f147c88d605aa7ded900e1e7c344ba\",\"name\":\"miro.sopko\",\"image\":{\"@type\":\"ImageObject\",\"inLanguage\":\"cs-CZ\",\"@id\":\"https:\/\/secure.gravatar.com\/avatar\/267e4a36f704376c109afe3a78740c1f5dd8675a2180a908699e7863c9247606?s=96&d=mm&r=g\",\"url\":\"https:\/\/secure.gravatar.com\/avatar\/267e4a36f704376c109afe3a78740c1f5dd8675a2180a908699e7863c9247606?s=96&d=mm&r=g\",\"contentUrl\":\"https:\/\/secure.gravatar.com\/avatar\/267e4a36f704376c109afe3a78740c1f5dd8675a2180a908699e7863c9247606?s=96&d=mm&r=g\",\"caption\":\"miro.sopko\"},\"url\":\"https:\/\/www.smedemokrati.sk\/cs\/author\/miro-sopko\/\"}]}<\/script>\n<!-- \/ Yoast SEO plugin. -->","yoast_head_json":{"title":"Vl\u00e1da chce uvo\u013eni\u0165 pravidl\u00e1 na predaj ch\u00e1t a rev\u00edrov v n\u00e1rodn\u00fdch parkoch","robots":{"index":"index","follow":"follow","max-snippet":"max-snippet:-1","max-image-preview":"max-image-preview:large","max-video-preview":"max-video-preview:-1"},"canonical":"https:\/\/www.smedemokrati.sk\/cs\/vlada-chce-uvolnit-pravidla-na-predaj-chat-a-revirov-v-narodnych-parkoch\/","og_locale":"cs_CZ","og_type":"article","og_title":"[:sk]Vl\u00e1da chce uvo\u013eni\u0165 pravidl\u00e1 na predaj ch\u00e1t a rev\u00edrov v n\u00e1rodn\u00fdch parkoch[:] - Smedemokrati.sk","og_description":"Minister p\u00f4dohospod\u00e1rstva Richard Tak\u00e1\u010d navrhuje zru\u0161i\u0165 obmedzenie prevodu nehnute\u013en\u00e9ho majetku, ktor\u00fd m\u00e1 v bud\u00facnosti prejs\u0165 do spr\u00e1vy n\u00e1rodn\u00fdch parkov, teda po dokon\u010den\u00ed tzv. delimit\u00e1ci\u00ed. Dnes m\u00e1 tento materi\u00e1l schva\u013eova\u0165 vl\u00e1da a jeho prijat\u00edm sa v podstate umo\u017en\u00ed predaj \u0161t\u00e1tnych nehnute\u013enost\u00ed, ale aj pozemkov v n\u00e1rodn\u00fdch parkoch. Ide o tis\u00edce hekt\u00e1rov lesn\u00fdch pozemkov, stoviek stavieb, spravidla [&hellip;]","og_url":"https:\/\/www.smedemokrati.sk\/cs\/vlada-chce-uvolnit-pravidla-na-predaj-chat-a-revirov-v-narodnych-parkoch\/","og_site_name":"Smedemokrati.sk","article_publisher":"https:\/\/www.facebook.com\/smedemokrati2023","article_published_time":"2024-09-11T09:48:18+00:00","article_modified_time":"2024-10-01T14:04:54+00:00","og_image":[{"width":1080,"height":810,"url":"https:\/\/www.smedemokrati.sk\/wp-content\/uploads\/2024\/08\/takac.jpg","type":"image\/jpeg"}],"author":"miro.sopko","twitter_card":"summary_large_image","twitter_misc":{"Napsal(a)":"miro.sopko","Odhadovan\u00e1 doba \u010dten\u00ed":"3 minuty"},"schema":{"@context":"https:\/\/schema.org","@graph":[{"@type":"Article","@id":"https:\/\/www.smedemokrati.sk\/vlada-chce-uvolnit-pravidla-na-predaj-chat-a-revirov-v-narodnych-parkoch\/#article","isPartOf":{"@id":"https:\/\/www.smedemokrati.sk\/vlada-chce-uvolnit-pravidla-na-predaj-chat-a-revirov-v-narodnych-parkoch\/"},"author":{"name":"miro.sopko","@id":"https:\/\/www.smedemokrati.sk\/#\/schema\/person\/21f147c88d605aa7ded900e1e7c344ba"},"headline":"Vl\u00e1da chce uvo\u013eni\u0165 pravidl\u00e1 na predaj ch\u00e1t a rev\u00edrov v n\u00e1rodn\u00fdch parkoch","datePublished":"2024-09-11T09:48:18+00:00","dateModified":"2024-10-01T14:04:54+00:00","mainEntityOfPage":{"@id":"https:\/\/www.smedemokrati.sk\/vlada-chce-uvolnit-pravidla-na-predaj-chat-a-revirov-v-narodnych-parkoch\/"},"wordCount":543,"publisher":{"@id":"https:\/\/www.smedemokrati.sk\/#organization"},"image":{"@id":"https:\/\/www.smedemokrati.sk\/vlada-chce-uvolnit-pravidla-na-predaj-chat-a-revirov-v-narodnych-parkoch\/#primaryimage"},"thumbnailUrl":"https:\/\/www.smedemokrati.sk\/wp-content\/uploads\/2024\/08\/takac.jpg","articleSection":["Tla\u010dov\u00e9 spr\u00e1vy"],"inLanguage":"cs-CZ"},{"@type":"WebPage","@id":"https:\/\/www.smedemokrati.sk\/vlada-chce-uvolnit-pravidla-na-predaj-chat-a-revirov-v-narodnych-parkoch\/","url":"https:\/\/www.smedemokrati.sk\/vlada-chce-uvolnit-pravidla-na-predaj-chat-a-revirov-v-narodnych-parkoch\/","name":"Vl\u00e1da chce uvo\u013eni\u0165 pravidl\u00e1 na predaj ch\u00e1t a rev\u00edrov v n\u00e1rodn\u00fdch parkoch","isPartOf":{"@id":"https:\/\/www.smedemokrati.sk\/#website"},"primaryImageOfPage":{"@id":"https:\/\/www.smedemokrati.sk\/vlada-chce-uvolnit-pravidla-na-predaj-chat-a-revirov-v-narodnych-parkoch\/#primaryimage"},"image":{"@id":"https:\/\/www.smedemokrati.sk\/vlada-chce-uvolnit-pravidla-na-predaj-chat-a-revirov-v-narodnych-parkoch\/#primaryimage"},"thumbnailUrl":"https:\/\/www.smedemokrati.sk\/wp-content\/uploads\/2024\/08\/takac.jpg","datePublished":"2024-09-11T09:48:18+00:00","dateModified":"2024-10-01T14:04:54+00:00","breadcrumb":{"@id":"https:\/\/www.smedemokrati.sk\/vlada-chce-uvolnit-pravidla-na-predaj-chat-a-revirov-v-narodnych-parkoch\/#breadcrumb"},"inLanguage":"cs-CZ","potentialAction":[{"@type":"ReadAction","target":["https:\/\/www.smedemokrati.sk\/vlada-chce-uvolnit-pravidla-na-predaj-chat-a-revirov-v-narodnych-parkoch\/"]}]},{"@type":"ImageObject","inLanguage":"cs-CZ","@id":"https:\/\/www.smedemokrati.sk\/vlada-chce-uvolnit-pravidla-na-predaj-chat-a-revirov-v-narodnych-parkoch\/#primaryimage","url":"https:\/\/www.smedemokrati.sk\/wp-content\/uploads\/2024\/08\/takac.jpg","contentUrl":"https:\/\/www.smedemokrati.sk\/wp-content\/uploads\/2024\/08\/takac.jpg","width":1080,"height":810},{"@type":"BreadcrumbList","@id":"https:\/\/www.smedemokrati.sk\/vlada-chce-uvolnit-pravidla-na-predaj-chat-a-revirov-v-narodnych-parkoch\/#breadcrumb","itemListElement":[{"@type":"ListItem","position":1,"name":"Domovsk\u00e1 str\u00e1nka","item":"https:\/\/www.smedemokrati.sk\/"},{"@type":"ListItem","position":2,"name":"Vl\u00e1da chce uvo\u013eni\u0165 pravidl\u00e1 na predaj ch\u00e1t a rev\u00edrov v n\u00e1rodn\u00fdch parkoch"}]},{"@type":"WebSite","@id":"https:\/\/www.smedemokrati.sk\/#website","url":"https:\/\/www.smedemokrati.sk\/","name":"Smedemokrati.sk","description":"Demokracia a slu\u0161nos\u0165 zv\u00ed\u0165az\u00ed","publisher":{"@id":"https:\/\/www.smedemokrati.sk\/#organization"},"potentialAction":[{"@type":"SearchAction","target":{"@type":"EntryPoint","urlTemplate":"https:\/\/www.smedemokrati.sk\/?s={search_term_string}"},"query-input":{"@type":"PropertyValueSpecification","valueRequired":true,"valueName":"search_term_string"}}],"inLanguage":"cs-CZ"},{"@type":"Organization","@id":"https:\/\/www.smedemokrati.sk\/#organization","name":"Smedemokrati.sk","url":"https:\/\/www.smedemokrati.sk\/","logo":{"@type":"ImageObject","inLanguage":"cs-CZ","@id":"https:\/\/www.smedemokrati.sk\/#\/schema\/logo\/image\/","url":"https:\/\/www.smedemokrati.sk\/wp-content\/uploads\/2023\/04\/ff.002.jpeg","contentUrl":"https:\/\/www.smedemokrati.sk\/wp-content\/uploads\/2023\/04\/ff.002.jpeg","width":640,"height":480,"caption":"Smedemokrati.sk"},"image":{"@id":"https:\/\/www.smedemokrati.sk\/#\/schema\/logo\/image\/"},"sameAs":["https:\/\/www.facebook.com\/smedemokrati2023"]},{"@type":"Person","@id":"https:\/\/www.smedemokrati.sk\/#\/schema\/person\/21f147c88d605aa7ded900e1e7c344ba","name":"miro.sopko","image":{"@type":"ImageObject","inLanguage":"cs-CZ","@id":"https:\/\/secure.gravatar.com\/avatar\/267e4a36f704376c109afe3a78740c1f5dd8675a2180a908699e7863c9247606?s=96&d=mm&r=g","url":"https:\/\/secure.gravatar.com\/avatar\/267e4a36f704376c109afe3a78740c1f5dd8675a2180a908699e7863c9247606?s=96&d=mm&r=g","contentUrl":"https:\/\/secure.gravatar.com\/avatar\/267e4a36f704376c109afe3a78740c1f5dd8675a2180a908699e7863c9247606?s=96&d=mm&r=g","caption":"miro.sopko"},"url":"https:\/\/www.smedemokrati.sk\/cs\/author\/miro-sopko\/"}]}},"_links":{"self":[{"href":"https:\/\/www.smedemokrati.sk\/cs\/wp-json\/wp\/v2\/posts\/5116","targetHints":{"allow":["GET"]}}],"collection":[{"href":"https:\/\/www.smedemokrati.sk\/cs\/wp-json\/wp\/v2\/posts"}],"about":[{"href":"https:\/\/www.smedemokrati.sk\/cs\/wp-json\/wp\/v2\/types\/post"}],"author":[{"embeddable":true,"href":"https:\/\/www.smedemokrati.sk\/cs\/wp-json\/wp\/v2\/users\/13"}],"replies":[{"embeddable":true,"href":"https:\/\/www.smedemokrati.sk\/cs\/wp-json\/wp\/v2\/comments?post=5116"}],"version-history":[{"count":1,"href":"https:\/\/www.smedemokrati.sk\/cs\/wp-json\/wp\/v2\/posts\/5116\/revisions"}],"predecessor-version":[{"id":5117,"href":"https:\/\/www.smedemokrati.sk\/cs\/wp-json\/wp\/v2\/posts\/5116\/revisions\/5117"}],"wp:featuredmedia":[{"embeddable":true,"href":"https:\/\/www.smedemokrati.sk\/cs\/wp-json\/wp\/v2\/media\/4814"}],"wp:attachment":[{"href":"https:\/\/www.smedemokrati.sk\/cs\/wp-json\/wp\/v2\/media?parent=5116"}],"wp:term":[{"taxonomy":"category","embeddable":true,"href":"https:\/\/www.smedemokrati.sk\/cs\/wp-json\/wp\/v2\/categories?post=5116"},{"taxonomy":"post_tag","embeddable":true,"href":"https:\/\/www.smedemokrati.sk\/cs\/wp-json\/wp\/v2\/tags?post=5116"}],"curies":[{"name":"wp","href":"https:\/\/api.w.org\/{rel}","templated":true}]}}