{"id":5106,"date":"2024-09-09T11:45:02","date_gmt":"2024-09-09T10:45:02","guid":{"rendered":"https:\/\/www.smedemokrati.sk\/?p=5106"},"modified":"2024-09-19T22:34:42","modified_gmt":"2024-09-19T21:34:42","slug":"prezident-policajtov-solak-klame-o-preradeni-policajtov-navyse-zrusenim-naka-mohol-byt-poruseny-zakon","status":"publish","type":"post","link":"https:\/\/www.smedemokrati.sk\/cs\/prezident-policajtov-solak-klame-o-preradeni-policajtov-navyse-zrusenim-naka-mohol-byt-poruseny-zakon\/","title":{"rendered":"Prezident policajtov Sol\u00e1k klame o preraden\u00ed policajtov, navy\u0161e zru\u0161en\u00edm NAKA mohol by\u0165 poru\u0161en\u00fd z\u00e1kon"},"content":{"rendered":"<div id=\"fb-root\"><\/div>\n\n<p><strong>Pod\u013ea inform\u00e1ci\u00ed Juraja \u0160eligu, boli niektor\u00ed policajti, po zru\u0161en\u00ed NAKA prevelen\u00ed mimo miesta svojho trval\u00e9ho bydliska a dokonca, i\u0161li s platmi rap\u00eddne dole. Policajn\u00fd prezident pritom tvrdil, \u017ee v\u0161etci ostan\u00fa v mieste svojho trval\u00e9ho bydliska. Demokrati hovoria, \u017ee ide o politick\u00fa pomstu, preto\u017ee tieto preradenia sa t\u00fdkaj\u00fa policajtov, ktor\u00ed vyjadrili podporu svojim obvinen\u00fdm kolegom. Navy\u0161e, podpredseda Demokratov upozor\u0148uje, \u017ee zru\u0161en\u00edm NAKA mohlo d\u00f4js\u0165 k poru\u0161eniu z\u00e1kona. Rovnako upozor\u0148uje na absurdn\u00fd z\u00e1kaz v\u00fdpo\u010dtu v\u00fdsluhov\u00fdch d\u00f4chodkov.<\/strong><\/p>\n\n\n\n<p><em>\u201ePolicajn\u00e9ho prezidenta som opakovane vyz\u00fdval, aby zverejnil zoznam kde by sme videli, kam boli jednotliv\u00ed policajti preraden\u00ed z NAKA. Do dnes tak neurobil lebo vie, \u017ee klame, ke\u010f s\u013euboval, \u017ee ka\u017ed\u00fd ostane v mieste trval\u00e9ho bydliska. To v\u0161ak nie je pravda, policajti boli preraden\u00ed a zaraden\u00ed bez oh\u013eadu na prax, bydlisko alebo v\u00fdsledky. No za\u0161li e\u0161te \u010falej, ke\u010f zo \u0161pi\u010dkovej vy\u0161etrovate\u013eky s takmer 30 ro\u010dnou praxou urobili radov\u00fa &#8222;administrat\u00edvnu&#8220; silu niekde na okrese, alebo z operat\u00edvca, ktor\u00fd bol tv\u00e1rou v tv\u00e1r tomu najhor\u0161iemu zlo\u010dinu, urobili \u201epoch\u00f4dzk\u00e1rku&#8220;. T\u00fdch pr\u00edkladov je o ve\u013ea viac.\u00a0<\/em><strong><em>Takto sa vl\u00e1da a policajn\u00fd prezident vysmievaj\u00fa policajtom a chc\u00fa ich dotla\u010di\u0165 k odchodu,<\/em><\/strong><em>&#8220;\u00a0<\/em>\u00a0otv\u00e1ra t\u00e9mu Juraj \u0160eliga a podot\u00fdka, \u017ee do t\u00fdchto policajtov \u0161t\u00e1t po\u010das ich kari\u00e9ry investoval st\u00e1tis\u00edce a dnes s\u00fa preradzovan\u00ed na miesta, ktor\u00e9 s\u00fa aj z platov\u00e9ho h\u013eadiska absol\u00fatne neadekv\u00e1tne.\u00a0<\/p>\n\n\n\n<p>Juraj \u0160eliga pokra\u010duje, \u017ee po zru\u0161en\u00ed NAKA neboli riadne odovzdan\u00e9 v\u0161etky utajovan\u00e9 spisy, nevieme \u010do s osobami, ktor\u00e9 vystupuj\u00fa ako tzv. chr\u00e1nen\u00ed svedkovia a dokonca, neboli odovzdan\u00e9 ani odposluchy alebo byty, ktor\u00e9 sl\u00fa\u017eili na \u010dinnos\u0165 vy\u0161etrovate\u013eov:\u00a0<em>\u201e<\/em><strong><em>Komu, kam a na z\u00e1klade \u010doho dnes maj\u00fa policajti odovzda\u0165 odposluchy, utajovan\u00e9 spisy \u010di dokonca kon\u0161pira\u010dn\u00e9 byty, ke\u010f NAKA bola zru\u0161en\u00e1 zo d\u0148a na de\u0148 a na policajnom prez\u00eddiu vl\u00e1dne absol\u00fatny chaos. Navy\u0161e, domnievam sa, \u017ee NAKA mohla by\u0165 zru\u0161en\u00e1 protiz\u00e1konne, preto\u017ee nebola riadne prerokovan\u00e1 odbormi na NAKA tak, ako k\u00e1\u017ee z\u00e1kon. Ak\u00e9 je stanovisko celoslovensk\u00fdch policajn\u00fdch odborov, ktor\u00e9 chr\u00e1nia policajtov?<\/em><\/strong><em>&#8220;\u00a0\u00a0<\/em>Hovor\u00ed Juraj \u0160eliga a opakuje, \u017ee to v\u0161etko vedie k destabiliz\u00e1cii policajn\u00e9ho zboru a ak\u00e9si zalepenie o\u010d\u00ed vlakmi zadarmo pre policajtov nepom\u00f4\u017ee.\u00a0<\/p>\n\n\n\n<p>Juraj \u0160eliga \u010falej upozor\u0148uje na povinnos\u0165 vedenia pol\u00edcie preveri\u0165 jednotliv\u00fdch funkcion\u00e1rov. \u201e<em>Pod\u013ea mojich inform\u00e1ci\u00ed, niektor\u00ed ved\u00faci a riadiaci pracovn\u00edci na novovzniknut\u00fdch odboroch (UBOK, at\u010f.) alebo\u00a0<\/em><strong><em>nemaj\u00fa bezpe\u010dnostn\u00fa previerku<\/em><\/strong><em>\u00a0alebo neboli \u00faspe\u0161n\u00ed na polygrafe a vy\u0161li ako nepravdovravn\u00ed. P\u00e1n Sol\u00e1k by mal zverejni\u0165, \u010di v\u0161etci riadiaci pracovn\u00edci maj\u00fa potrebn\u00e9 bezpe\u010dnostn\u00e9 previerky. Uvid\u00edte, \u017ee budeme po\u010du\u0165 ticho, preto\u017ee nemaj\u00fa!<\/em>&#8220; hovor\u00ed Juraj \u0160eliga.<\/p>\n\n\n\n<p>\u201e<strong><em>M\u00e1m za to, \u017ee \u013dubom\u00edr Sol\u00e1k, by pre svoje pochybenia a nezvl\u00e1dnut\u00fd mana\u017ement policajn\u00e9ho zboru mal skon\u010di\u0165 ako policajn\u00fd prezident. Sl\u00fa\u017ei ako figov\u00fd list Ficovi a E\u0161tokovi, ka\u0161le na policajtov, poru\u0161uje z\u00e1kon a pod jeho veden\u00edm sa zhor\u0161uje bezpe\u010dnostn\u00e1 situ\u00e1cia na Slovensku. P\u00e1n Sol\u00e1k, vy ste sa nikdy nemali sta\u0165 policajn\u00fdm prezidentom. Ka\u017ed\u00fd de\u0148, \u010do ste vo funkcii rob\u00edte hanbu ako sebe, tak policajtom. Ste len b\u00e1bka vl\u00e1dy,<\/em><\/strong>&#8220; hovor\u00ed Juraj \u0160eliga<\/p>\n\n\n\n<p>Z\u00e1rove\u0148 Demokrati opakovane vyz\u00fdvaj\u00fa ministra \u0160utaj E\u0161toka aby predstavil jasn\u00fd pl\u00e1n na re\u00e1lnu z\u00e1chranu rozpadnut\u00e9ho policajn\u00e9ho zboru. Policajti masovo odch\u00e1dzaj\u00fa do civilu a vlak zadarmo alebo 100 eur pr\u00edplatok im \u00fasta nezapch\u00e1 a o\u010di nezavrie. Najnov\u0161\u00ed pokyn \u00fa\u010dtovn\u00edkom a mzd\u00e1rkam, resp. z\u00e1kaz vypo\u010d\u00edtava\u0165 v\u00fd\u0161ku v\u00fdsluhov\u00e9ho d\u00f4chodku len ukazuje z\u00fafalos\u0165 vedenia rezortu vn\u00fatra a policajn\u00e9ho zboru.<\/p>\n\n\n<div class=\"fb-video\" data-href=\"https:\/\/fb.watch\/uuwEtd4L9W\" data-allowfullscreen=\"true\" data-autoplay=\"false\" data-width=\"\" data-show-text=\"false\" data-show-captions=\"true\"><\/div>\n","protected":false},"excerpt":{"rendered":"<p>Pod\u013ea inform\u00e1ci\u00ed Juraja \u0160eligu, boli niektor\u00ed policajti, po zru\u0161en\u00ed NAKA prevelen\u00ed mimo miesta svojho trval\u00e9ho bydliska a dokonca, i\u0161li s platmi rap\u00eddne dole. Policajn\u00fd prezident pritom tvrdil, \u017ee v\u0161etci ostan\u00fa v mieste svojho trval\u00e9ho bydliska. Demokrati hovoria, \u017ee ide o politick\u00fa pomstu, preto\u017ee tieto preradenia sa t\u00fdkaj\u00fa policajtov, ktor\u00ed vyjadrili podporu svojim obvinen\u00fdm kolegom. Navy\u0161e, [&hellip;]<\/p>\n","protected":false},"author":13,"featured_media":5107,"comment_status":"closed","ping_status":"closed","sticky":false,"template":"","format":"standard","meta":{"_acf_changed":false,"ngg_post_thumbnail":0,"footnotes":""},"categories":[4],"tags":[],"class_list":["post-5106","post","type-post","status-publish","format-standard","has-post-thumbnail","hentry","category-tlacove-spravy"],"acf":[],"yoast_head":"<!-- This site is optimized with the Yoast SEO plugin v27.2 - https:\/\/yoast.com\/product\/yoast-seo-wordpress\/ -->\n<title>Prezident policajtov Sol\u00e1k klame o preraden\u00ed policajtov, navy\u0161e zru\u0161en\u00edm NAKA mohol by\u0165 poru\u0161en\u00fd z\u00e1kon<\/title>\n<meta name=\"robots\" content=\"index, follow, max-snippet:-1, max-image-preview:large, max-video-preview:-1\" \/>\n<link rel=\"canonical\" href=\"https:\/\/www.smedemokrati.sk\/cs\/prezident-policajtov-solak-klame-o-preradeni-policajtov-navyse-zrusenim-naka-mohol-byt-poruseny-zakon\/\" \/>\n<meta property=\"og:locale\" content=\"cs_CZ\" \/>\n<meta property=\"og:locale:alternate\" content=\"en_US\" \/>\n<meta property=\"og:locale:alternate\" content=\"hu_HU\" \/>\n<meta property=\"og:locale:alternate\" content=\"sk_SK\" \/>\n<meta property=\"og:locale:alternate\" content=\"sv_SE\" \/>\n<meta property=\"og:type\" content=\"article\" \/>\n<meta property=\"og:title\" content=\"Prezident policajtov Sol\u00e1k klame o preraden\u00ed policajtov, navy\u0161e zru\u0161en\u00edm NAKA mohol by\u0165 poru\u0161en\u00fd z\u00e1kon\" \/>\n<meta property=\"og:description\" content=\"Pod\u013ea inform\u00e1ci\u00ed Juraja \u0160eligu, boli niektor\u00ed policajti, po zru\u0161en\u00ed NAKA prevelen\u00ed mimo miesta svojho trval\u00e9ho bydliska a dokonca, i\u0161li s platmi rap\u00eddne dole. Policajn\u00fd prezident pritom tvrdil, \u017ee v\u0161etci ostan\u00fa v mieste svojho trval\u00e9ho bydliska. Demokrati hovoria, \u017ee ide o politick\u00fa pomstu, preto\u017ee tieto preradenia sa t\u00fdkaj\u00fa policajtov, ktor\u00ed vyjadrili podporu svojim obvinen\u00fdm kolegom. Navy\u0161e, [&hellip;]\" \/>\n<meta property=\"og:url\" content=\"https:\/\/www.smedemokrati.sk\/cs\/prezident-policajtov-solak-klame-o-preradeni-policajtov-navyse-zrusenim-naka-mohol-byt-poruseny-zakon\/\" \/>\n<meta property=\"og:site_name\" content=\"Smedemokrati.sk\" \/>\n<meta property=\"article:publisher\" content=\"https:\/\/www.facebook.com\/smedemokrati2023\" \/>\n<meta property=\"article:published_time\" content=\"2024-09-09T10:45:02+00:00\" \/>\n<meta property=\"article:modified_time\" content=\"2024-09-19T21:34:42+00:00\" \/>\n<meta property=\"og:image\" content=\"https:\/\/www.smedemokrati.sk\/wp-content\/uploads\/2024\/09\/solak.jpg\" \/>\n\t<meta property=\"og:image:width\" content=\"950\" \/>\n\t<meta property=\"og:image:height\" content=\"634\" \/>\n\t<meta property=\"og:image:type\" content=\"image\/jpeg\" \/>\n<meta name=\"author\" content=\"miro.sopko\" \/>\n<meta name=\"twitter:card\" content=\"summary_large_image\" \/>\n<meta name=\"twitter:label1\" content=\"Napsal(a)\" \/>\n\t<meta name=\"twitter:data1\" content=\"miro.sopko\" \/>\n\t<meta name=\"twitter:label2\" content=\"Odhadovan\u00e1 doba \u010dten\u00ed\" \/>\n\t<meta name=\"twitter:data2\" content=\"3 minuty\" \/>\n<script type=\"application\/ld+json\" class=\"yoast-schema-graph\">{\"@context\":\"https:\/\/schema.org\",\"@graph\":[{\"@type\":\"Article\",\"@id\":\"https:\/\/www.smedemokrati.sk\/prezident-policajtov-solak-klame-o-preradeni-policajtov-navyse-zrusenim-naka-mohol-byt-poruseny-zakon\/#article\",\"isPartOf\":{\"@id\":\"https:\/\/www.smedemokrati.sk\/prezident-policajtov-solak-klame-o-preradeni-policajtov-navyse-zrusenim-naka-mohol-byt-poruseny-zakon\/\"},\"author\":{\"name\":\"miro.sopko\",\"@id\":\"https:\/\/www.smedemokrati.sk\/#\/schema\/person\/21f147c88d605aa7ded900e1e7c344ba\"},\"headline\":\"Prezident policajtov Sol\u00e1k klame o preraden\u00ed policajtov, navy\u0161e zru\u0161en\u00edm NAKA mohol by\u0165 poru\u0161en\u00fd z\u00e1kon\",\"datePublished\":\"2024-09-09T10:45:02+00:00\",\"dateModified\":\"2024-09-19T21:34:42+00:00\",\"mainEntityOfPage\":{\"@id\":\"https:\/\/www.smedemokrati.sk\/prezident-policajtov-solak-klame-o-preradeni-policajtov-navyse-zrusenim-naka-mohol-byt-poruseny-zakon\/\"},\"wordCount\":704,\"publisher\":{\"@id\":\"https:\/\/www.smedemokrati.sk\/#organization\"},\"image\":{\"@id\":\"https:\/\/www.smedemokrati.sk\/prezident-policajtov-solak-klame-o-preradeni-policajtov-navyse-zrusenim-naka-mohol-byt-poruseny-zakon\/#primaryimage\"},\"thumbnailUrl\":\"https:\/\/www.smedemokrati.sk\/wp-content\/uploads\/2024\/09\/solak.jpg\",\"articleSection\":[\"Tla\u010dov\u00e9 spr\u00e1vy\"],\"inLanguage\":\"cs-CZ\"},{\"@type\":\"WebPage\",\"@id\":\"https:\/\/www.smedemokrati.sk\/prezident-policajtov-solak-klame-o-preradeni-policajtov-navyse-zrusenim-naka-mohol-byt-poruseny-zakon\/\",\"url\":\"https:\/\/www.smedemokrati.sk\/prezident-policajtov-solak-klame-o-preradeni-policajtov-navyse-zrusenim-naka-mohol-byt-poruseny-zakon\/\",\"name\":\"Prezident policajtov Sol\u00e1k klame o preraden\u00ed policajtov, navy\u0161e zru\u0161en\u00edm NAKA mohol by\u0165 poru\u0161en\u00fd z\u00e1kon\",\"isPartOf\":{\"@id\":\"https:\/\/www.smedemokrati.sk\/#website\"},\"primaryImageOfPage\":{\"@id\":\"https:\/\/www.smedemokrati.sk\/prezident-policajtov-solak-klame-o-preradeni-policajtov-navyse-zrusenim-naka-mohol-byt-poruseny-zakon\/#primaryimage\"},\"image\":{\"@id\":\"https:\/\/www.smedemokrati.sk\/prezident-policajtov-solak-klame-o-preradeni-policajtov-navyse-zrusenim-naka-mohol-byt-poruseny-zakon\/#primaryimage\"},\"thumbnailUrl\":\"https:\/\/www.smedemokrati.sk\/wp-content\/uploads\/2024\/09\/solak.jpg\",\"datePublished\":\"2024-09-09T10:45:02+00:00\",\"dateModified\":\"2024-09-19T21:34:42+00:00\",\"breadcrumb\":{\"@id\":\"https:\/\/www.smedemokrati.sk\/prezident-policajtov-solak-klame-o-preradeni-policajtov-navyse-zrusenim-naka-mohol-byt-poruseny-zakon\/#breadcrumb\"},\"inLanguage\":\"cs-CZ\",\"potentialAction\":[{\"@type\":\"ReadAction\",\"target\":[\"https:\/\/www.smedemokrati.sk\/prezident-policajtov-solak-klame-o-preradeni-policajtov-navyse-zrusenim-naka-mohol-byt-poruseny-zakon\/\"]}]},{\"@type\":\"ImageObject\",\"inLanguage\":\"cs-CZ\",\"@id\":\"https:\/\/www.smedemokrati.sk\/prezident-policajtov-solak-klame-o-preradeni-policajtov-navyse-zrusenim-naka-mohol-byt-poruseny-zakon\/#primaryimage\",\"url\":\"https:\/\/www.smedemokrati.sk\/wp-content\/uploads\/2024\/09\/solak.jpg\",\"contentUrl\":\"https:\/\/www.smedemokrati.sk\/wp-content\/uploads\/2024\/09\/solak.jpg\",\"width\":950,\"height\":634},{\"@type\":\"BreadcrumbList\",\"@id\":\"https:\/\/www.smedemokrati.sk\/prezident-policajtov-solak-klame-o-preradeni-policajtov-navyse-zrusenim-naka-mohol-byt-poruseny-zakon\/#breadcrumb\",\"itemListElement\":[{\"@type\":\"ListItem\",\"position\":1,\"name\":\"Domovsk\u00e1 str\u00e1nka\",\"item\":\"https:\/\/www.smedemokrati.sk\/\"},{\"@type\":\"ListItem\",\"position\":2,\"name\":\"Prezident policajtov Sol\u00e1k klame o preraden\u00ed policajtov, navy\u0161e zru\u0161en\u00edm NAKA mohol by\u0165 poru\u0161en\u00fd z\u00e1kon\"}]},{\"@type\":\"WebSite\",\"@id\":\"https:\/\/www.smedemokrati.sk\/#website\",\"url\":\"https:\/\/www.smedemokrati.sk\/\",\"name\":\"Smedemokrati.sk\",\"description\":\"Demokracia a slu\u0161nos\u0165 zv\u00ed\u0165az\u00ed\",\"publisher\":{\"@id\":\"https:\/\/www.smedemokrati.sk\/#organization\"},\"potentialAction\":[{\"@type\":\"SearchAction\",\"target\":{\"@type\":\"EntryPoint\",\"urlTemplate\":\"https:\/\/www.smedemokrati.sk\/?s={search_term_string}\"},\"query-input\":{\"@type\":\"PropertyValueSpecification\",\"valueRequired\":true,\"valueName\":\"search_term_string\"}}],\"inLanguage\":\"cs-CZ\"},{\"@type\":\"Organization\",\"@id\":\"https:\/\/www.smedemokrati.sk\/#organization\",\"name\":\"Smedemokrati.sk\",\"url\":\"https:\/\/www.smedemokrati.sk\/\",\"logo\":{\"@type\":\"ImageObject\",\"inLanguage\":\"cs-CZ\",\"@id\":\"https:\/\/www.smedemokrati.sk\/#\/schema\/logo\/image\/\",\"url\":\"https:\/\/www.smedemokrati.sk\/wp-content\/uploads\/2023\/04\/ff.002.jpeg\",\"contentUrl\":\"https:\/\/www.smedemokrati.sk\/wp-content\/uploads\/2023\/04\/ff.002.jpeg\",\"width\":640,\"height\":480,\"caption\":\"Smedemokrati.sk\"},\"image\":{\"@id\":\"https:\/\/www.smedemokrati.sk\/#\/schema\/logo\/image\/\"},\"sameAs\":[\"https:\/\/www.facebook.com\/smedemokrati2023\"]},{\"@type\":\"Person\",\"@id\":\"https:\/\/www.smedemokrati.sk\/#\/schema\/person\/21f147c88d605aa7ded900e1e7c344ba\",\"name\":\"miro.sopko\",\"image\":{\"@type\":\"ImageObject\",\"inLanguage\":\"cs-CZ\",\"@id\":\"https:\/\/secure.gravatar.com\/avatar\/267e4a36f704376c109afe3a78740c1f5dd8675a2180a908699e7863c9247606?s=96&d=mm&r=g\",\"url\":\"https:\/\/secure.gravatar.com\/avatar\/267e4a36f704376c109afe3a78740c1f5dd8675a2180a908699e7863c9247606?s=96&d=mm&r=g\",\"contentUrl\":\"https:\/\/secure.gravatar.com\/avatar\/267e4a36f704376c109afe3a78740c1f5dd8675a2180a908699e7863c9247606?s=96&d=mm&r=g\",\"caption\":\"miro.sopko\"},\"url\":\"https:\/\/www.smedemokrati.sk\/cs\/author\/miro-sopko\/\"}]}<\/script>\n<!-- \/ Yoast SEO plugin. -->","yoast_head_json":{"title":"Prezident policajtov Sol\u00e1k klame o preraden\u00ed policajtov, navy\u0161e zru\u0161en\u00edm NAKA mohol by\u0165 poru\u0161en\u00fd z\u00e1kon","robots":{"index":"index","follow":"follow","max-snippet":"max-snippet:-1","max-image-preview":"max-image-preview:large","max-video-preview":"max-video-preview:-1"},"canonical":"https:\/\/www.smedemokrati.sk\/cs\/prezident-policajtov-solak-klame-o-preradeni-policajtov-navyse-zrusenim-naka-mohol-byt-poruseny-zakon\/","og_locale":"cs_CZ","og_type":"article","og_title":"[:sk]Prezident policajtov Sol\u00e1k klame o preraden\u00ed policajtov, navy\u0161e zru\u0161en\u00edm NAKA mohol by\u0165 poru\u0161en\u00fd z\u00e1kon[:] - Smedemokrati.sk","og_description":"Pod\u013ea inform\u00e1ci\u00ed Juraja \u0160eligu, boli niektor\u00ed policajti, po zru\u0161en\u00ed NAKA prevelen\u00ed mimo miesta svojho trval\u00e9ho bydliska a dokonca, i\u0161li s platmi rap\u00eddne dole. Policajn\u00fd prezident pritom tvrdil, \u017ee v\u0161etci ostan\u00fa v mieste svojho trval\u00e9ho bydliska. Demokrati hovoria, \u017ee ide o politick\u00fa pomstu, preto\u017ee tieto preradenia sa t\u00fdkaj\u00fa policajtov, ktor\u00ed vyjadrili podporu svojim obvinen\u00fdm kolegom. Navy\u0161e, [&hellip;]","og_url":"https:\/\/www.smedemokrati.sk\/cs\/prezident-policajtov-solak-klame-o-preradeni-policajtov-navyse-zrusenim-naka-mohol-byt-poruseny-zakon\/","og_site_name":"Smedemokrati.sk","article_publisher":"https:\/\/www.facebook.com\/smedemokrati2023","article_published_time":"2024-09-09T10:45:02+00:00","article_modified_time":"2024-09-19T21:34:42+00:00","og_image":[{"width":950,"height":634,"url":"https:\/\/www.smedemokrati.sk\/wp-content\/uploads\/2024\/09\/solak.jpg","type":"image\/jpeg"}],"author":"miro.sopko","twitter_card":"summary_large_image","twitter_misc":{"Napsal(a)":"miro.sopko","Odhadovan\u00e1 doba \u010dten\u00ed":"3 minuty"},"schema":{"@context":"https:\/\/schema.org","@graph":[{"@type":"Article","@id":"https:\/\/www.smedemokrati.sk\/prezident-policajtov-solak-klame-o-preradeni-policajtov-navyse-zrusenim-naka-mohol-byt-poruseny-zakon\/#article","isPartOf":{"@id":"https:\/\/www.smedemokrati.sk\/prezident-policajtov-solak-klame-o-preradeni-policajtov-navyse-zrusenim-naka-mohol-byt-poruseny-zakon\/"},"author":{"name":"miro.sopko","@id":"https:\/\/www.smedemokrati.sk\/#\/schema\/person\/21f147c88d605aa7ded900e1e7c344ba"},"headline":"Prezident policajtov Sol\u00e1k klame o preraden\u00ed policajtov, navy\u0161e zru\u0161en\u00edm NAKA mohol by\u0165 poru\u0161en\u00fd z\u00e1kon","datePublished":"2024-09-09T10:45:02+00:00","dateModified":"2024-09-19T21:34:42+00:00","mainEntityOfPage":{"@id":"https:\/\/www.smedemokrati.sk\/prezident-policajtov-solak-klame-o-preradeni-policajtov-navyse-zrusenim-naka-mohol-byt-poruseny-zakon\/"},"wordCount":704,"publisher":{"@id":"https:\/\/www.smedemokrati.sk\/#organization"},"image":{"@id":"https:\/\/www.smedemokrati.sk\/prezident-policajtov-solak-klame-o-preradeni-policajtov-navyse-zrusenim-naka-mohol-byt-poruseny-zakon\/#primaryimage"},"thumbnailUrl":"https:\/\/www.smedemokrati.sk\/wp-content\/uploads\/2024\/09\/solak.jpg","articleSection":["Tla\u010dov\u00e9 spr\u00e1vy"],"inLanguage":"cs-CZ"},{"@type":"WebPage","@id":"https:\/\/www.smedemokrati.sk\/prezident-policajtov-solak-klame-o-preradeni-policajtov-navyse-zrusenim-naka-mohol-byt-poruseny-zakon\/","url":"https:\/\/www.smedemokrati.sk\/prezident-policajtov-solak-klame-o-preradeni-policajtov-navyse-zrusenim-naka-mohol-byt-poruseny-zakon\/","name":"Prezident policajtov Sol\u00e1k klame o preraden\u00ed policajtov, navy\u0161e zru\u0161en\u00edm NAKA mohol by\u0165 poru\u0161en\u00fd z\u00e1kon","isPartOf":{"@id":"https:\/\/www.smedemokrati.sk\/#website"},"primaryImageOfPage":{"@id":"https:\/\/www.smedemokrati.sk\/prezident-policajtov-solak-klame-o-preradeni-policajtov-navyse-zrusenim-naka-mohol-byt-poruseny-zakon\/#primaryimage"},"image":{"@id":"https:\/\/www.smedemokrati.sk\/prezident-policajtov-solak-klame-o-preradeni-policajtov-navyse-zrusenim-naka-mohol-byt-poruseny-zakon\/#primaryimage"},"thumbnailUrl":"https:\/\/www.smedemokrati.sk\/wp-content\/uploads\/2024\/09\/solak.jpg","datePublished":"2024-09-09T10:45:02+00:00","dateModified":"2024-09-19T21:34:42+00:00","breadcrumb":{"@id":"https:\/\/www.smedemokrati.sk\/prezident-policajtov-solak-klame-o-preradeni-policajtov-navyse-zrusenim-naka-mohol-byt-poruseny-zakon\/#breadcrumb"},"inLanguage":"cs-CZ","potentialAction":[{"@type":"ReadAction","target":["https:\/\/www.smedemokrati.sk\/prezident-policajtov-solak-klame-o-preradeni-policajtov-navyse-zrusenim-naka-mohol-byt-poruseny-zakon\/"]}]},{"@type":"ImageObject","inLanguage":"cs-CZ","@id":"https:\/\/www.smedemokrati.sk\/prezident-policajtov-solak-klame-o-preradeni-policajtov-navyse-zrusenim-naka-mohol-byt-poruseny-zakon\/#primaryimage","url":"https:\/\/www.smedemokrati.sk\/wp-content\/uploads\/2024\/09\/solak.jpg","contentUrl":"https:\/\/www.smedemokrati.sk\/wp-content\/uploads\/2024\/09\/solak.jpg","width":950,"height":634},{"@type":"BreadcrumbList","@id":"https:\/\/www.smedemokrati.sk\/prezident-policajtov-solak-klame-o-preradeni-policajtov-navyse-zrusenim-naka-mohol-byt-poruseny-zakon\/#breadcrumb","itemListElement":[{"@type":"ListItem","position":1,"name":"Domovsk\u00e1 str\u00e1nka","item":"https:\/\/www.smedemokrati.sk\/"},{"@type":"ListItem","position":2,"name":"Prezident policajtov Sol\u00e1k klame o preraden\u00ed policajtov, navy\u0161e zru\u0161en\u00edm NAKA mohol by\u0165 poru\u0161en\u00fd z\u00e1kon"}]},{"@type":"WebSite","@id":"https:\/\/www.smedemokrati.sk\/#website","url":"https:\/\/www.smedemokrati.sk\/","name":"Smedemokrati.sk","description":"Demokracia a slu\u0161nos\u0165 zv\u00ed\u0165az\u00ed","publisher":{"@id":"https:\/\/www.smedemokrati.sk\/#organization"},"potentialAction":[{"@type":"SearchAction","target":{"@type":"EntryPoint","urlTemplate":"https:\/\/www.smedemokrati.sk\/?s={search_term_string}"},"query-input":{"@type":"PropertyValueSpecification","valueRequired":true,"valueName":"search_term_string"}}],"inLanguage":"cs-CZ"},{"@type":"Organization","@id":"https:\/\/www.smedemokrati.sk\/#organization","name":"Smedemokrati.sk","url":"https:\/\/www.smedemokrati.sk\/","logo":{"@type":"ImageObject","inLanguage":"cs-CZ","@id":"https:\/\/www.smedemokrati.sk\/#\/schema\/logo\/image\/","url":"https:\/\/www.smedemokrati.sk\/wp-content\/uploads\/2023\/04\/ff.002.jpeg","contentUrl":"https:\/\/www.smedemokrati.sk\/wp-content\/uploads\/2023\/04\/ff.002.jpeg","width":640,"height":480,"caption":"Smedemokrati.sk"},"image":{"@id":"https:\/\/www.smedemokrati.sk\/#\/schema\/logo\/image\/"},"sameAs":["https:\/\/www.facebook.com\/smedemokrati2023"]},{"@type":"Person","@id":"https:\/\/www.smedemokrati.sk\/#\/schema\/person\/21f147c88d605aa7ded900e1e7c344ba","name":"miro.sopko","image":{"@type":"ImageObject","inLanguage":"cs-CZ","@id":"https:\/\/secure.gravatar.com\/avatar\/267e4a36f704376c109afe3a78740c1f5dd8675a2180a908699e7863c9247606?s=96&d=mm&r=g","url":"https:\/\/secure.gravatar.com\/avatar\/267e4a36f704376c109afe3a78740c1f5dd8675a2180a908699e7863c9247606?s=96&d=mm&r=g","contentUrl":"https:\/\/secure.gravatar.com\/avatar\/267e4a36f704376c109afe3a78740c1f5dd8675a2180a908699e7863c9247606?s=96&d=mm&r=g","caption":"miro.sopko"},"url":"https:\/\/www.smedemokrati.sk\/cs\/author\/miro-sopko\/"}]}},"_links":{"self":[{"href":"https:\/\/www.smedemokrati.sk\/cs\/wp-json\/wp\/v2\/posts\/5106","targetHints":{"allow":["GET"]}}],"collection":[{"href":"https:\/\/www.smedemokrati.sk\/cs\/wp-json\/wp\/v2\/posts"}],"about":[{"href":"https:\/\/www.smedemokrati.sk\/cs\/wp-json\/wp\/v2\/types\/post"}],"author":[{"embeddable":true,"href":"https:\/\/www.smedemokrati.sk\/cs\/wp-json\/wp\/v2\/users\/13"}],"replies":[{"embeddable":true,"href":"https:\/\/www.smedemokrati.sk\/cs\/wp-json\/wp\/v2\/comments?post=5106"}],"version-history":[{"count":2,"href":"https:\/\/www.smedemokrati.sk\/cs\/wp-json\/wp\/v2\/posts\/5106\/revisions"}],"predecessor-version":[{"id":5112,"href":"https:\/\/www.smedemokrati.sk\/cs\/wp-json\/wp\/v2\/posts\/5106\/revisions\/5112"}],"wp:featuredmedia":[{"embeddable":true,"href":"https:\/\/www.smedemokrati.sk\/cs\/wp-json\/wp\/v2\/media\/5107"}],"wp:attachment":[{"href":"https:\/\/www.smedemokrati.sk\/cs\/wp-json\/wp\/v2\/media?parent=5106"}],"wp:term":[{"taxonomy":"category","embeddable":true,"href":"https:\/\/www.smedemokrati.sk\/cs\/wp-json\/wp\/v2\/categories?post=5106"},{"taxonomy":"post_tag","embeddable":true,"href":"https:\/\/www.smedemokrati.sk\/cs\/wp-json\/wp\/v2\/tags?post=5106"}],"curies":[{"name":"wp","href":"https:\/\/api.w.org\/{rel}","templated":true}]}}