{"id":5032,"date":"2024-08-30T14:38:27","date_gmt":"2024-08-30T13:38:27","guid":{"rendered":"https:\/\/www.smedemokrati.sk\/?p=5032"},"modified":"2024-09-06T15:50:59","modified_gmt":"2024-09-06T14:50:59","slug":"slovensko-stoji-pred-ekonomickou-katastrofou","status":"publish","type":"post","link":"https:\/\/www.smedemokrati.sk\/cs\/slovensko-stoji-pred-ekonomickou-katastrofou\/","title":{"rendered":"Slovensko stoj\u00ed pred ekonomickou katastrofou"},"content":{"rendered":"<div id=\"fb-root\"><\/div>\n\n<p><strong>Strana Demokrati d\u00f4razne upozor\u0148uje na aktu\u00e1lnu ekonomickou situ\u00e1ciu, do ktorej vl\u00e1da Roberta Fica a ministra financi\u00ed Ladislava Kamenick\u00e9ho uvrhla Slovensko. Vl\u00e1da sa ne\u00famerne r\u00fdchlo zadl\u017euje, \u010d\u00edm ohrozuje dlhodob\u00fa udr\u017eate\u013enos\u0165 verejn\u00fdch financi\u00ed a t\u00fdm aj bud\u00facnos\u0165 v\u0161etk\u00fdch ob\u010danov Slovenska.<\/strong><\/p>\n\n\n\n<p><em>\u201eVl\u00e1da Roberta Fica si evidentne neuvedomuje, ak\u00e9 z\u00e1va\u017en\u00e9 rizik\u00e1 spojen\u00e9 s r\u00fdchlym rastom verejn\u00e9ho dlhu prin\u00e1\u0161a. Namiesto toho, aby pri\u0161la s konkr\u00e9tnymi opatreniami na zn\u00ed\u017eenie v\u00fddavkov a efekt\u00edvnej\u0161ie riadenie \u0161t\u00e1tu, sa rozhodla pre cestu ne\u00famern\u00e9ho zadl\u017eovania, ktor\u00e9 bud\u00fa musie\u0165 spl\u00e1ca\u0165 na\u0161e deti a vn\u00fa\u010dat\u00e1,&#8220;<\/em>\u00a0uviedol podpredseda strany Demokrati Eduard Heger.<\/p>\n\n\n\n<p>Ekonomick\u00fd expert strany Dominik Sumbal dod\u00e1va:\u00a0<em>\u201eR\u00fdchlo rast\u00faci verejn\u00fd dlh Slovenska je varovn\u00fdm sign\u00e1lom, \u017ee sa bl\u00ed\u017eime k hranici, kde u\u017e nebudeme ma\u0165 na v\u00fdber a bud\u00fa musie\u0165 pr\u00eds\u0165 brut\u00e1lne konsolida\u010dn\u00e9 opatrenia. Tie v\u0161ak nebud\u00fa ma\u0165 len finan\u010dn\u00e9 d\u00f4sledky, ale aj soci\u00e1lne. Doplatia na ne be\u017en\u00ed \u013eudia a podnikatelia, ktor\u00ed u\u017e teraz \u010delia ve\u013ek\u00fdm v\u00fdzvam.&#8220;<\/em><\/p>\n\n\n\n<p>Rada pre rozpo\u010dtov\u00fa zodpovednos\u0165 (RRZ) vo svojej ned\u00e1vnej spr\u00e1ve kon\u0161tatovala, \u017ee verejn\u00e9 financie sa nach\u00e1dzaj\u00fa v p\u00e1sme vysok\u00e9ho rizika. Odhady ukazuj\u00fa, \u017ee bez dodato\u010dn\u00fdch konsolida\u010dn\u00fdch opatren\u00ed m\u00f4\u017ee hrub\u00fd dlh Slovenska dosiahnu\u0165 alarmuj\u00facich <strong>66,8 %<\/strong> HDP do roku 2028.<\/p>\n\n\n\n<p><em>\u201eJe nevyhnutn\u00e9, aby vl\u00e1da okam\u017eite prehodnotila svoje kroky a pri\u0161la s re\u00e1lnymi opatreniami na zn\u00ed\u017eenie vlastn\u00fdch v\u00fddavkov. Bez toho sa budeme nevyhnutne r\u00fati\u0165 do ekonomick\u00e9ho kolapsu, ktor\u00fd zasiahne ka\u017ed\u00e9ho z n\u00e1s,&#8220;<\/em>\u00a0uzatv\u00e1ra Heger.<\/p>\n\n\n\n<p>Strana Demokrati vyz\u00fdva vl\u00e1du, aby prestala ignorova\u0165 varovania odborn\u00edkov a za\u010dala zodpovedne pristupova\u0165 k verejn\u00fdm financi\u00e1m. V opa\u010dnom pr\u00edpade sa Slovensko m\u00f4\u017ee ocitn\u00fa\u0165 v situ\u00e1cii, ktor\u00e1 bude ma\u0165 katastrof\u00e1lne n\u00e1sledky pre v\u0161etk\u00fdch ob\u010danov.<\/p>\n","protected":false},"excerpt":{"rendered":"<p>Strana Demokrati d\u00f4razne upozor\u0148uje na aktu\u00e1lnu ekonomickou situ\u00e1ciu, do ktorej vl\u00e1da Roberta Fica a ministra financi\u00ed Ladislava Kamenick\u00e9ho uvrhla Slovensko. Vl\u00e1da sa ne\u00famerne r\u00fdchlo zadl\u017euje, \u010d\u00edm ohrozuje dlhodob\u00fa udr\u017eate\u013enos\u0165 verejn\u00fdch financi\u00ed a t\u00fdm aj bud\u00facnos\u0165 v\u0161etk\u00fdch ob\u010danov Slovenska. \u201eVl\u00e1da Roberta Fica si evidentne neuvedomuje, ak\u00e9 z\u00e1va\u017en\u00e9 rizik\u00e1 spojen\u00e9 s r\u00fdchlym rastom verejn\u00e9ho dlhu prin\u00e1\u0161a. Namiesto [&hellip;]<\/p>\n","protected":false},"author":13,"featured_media":5033,"comment_status":"closed","ping_status":"closed","sticky":false,"template":"","format":"standard","meta":{"_acf_changed":false,"ngg_post_thumbnail":0,"footnotes":""},"categories":[4],"tags":[],"class_list":["post-5032","post","type-post","status-publish","format-standard","has-post-thumbnail","hentry","category-tlacove-spravy"],"acf":[],"yoast_head":"<!-- This site is optimized with the Yoast SEO plugin v27.2 - https:\/\/yoast.com\/product\/yoast-seo-wordpress\/ -->\n<title>Slovensko stoj\u00ed pred ekonomickou katastrofou<\/title>\n<meta name=\"robots\" content=\"index, follow, max-snippet:-1, max-image-preview:large, max-video-preview:-1\" \/>\n<link rel=\"canonical\" href=\"https:\/\/www.smedemokrati.sk\/cs\/slovensko-stoji-pred-ekonomickou-katastrofou\/\" \/>\n<meta property=\"og:locale\" content=\"cs_CZ\" \/>\n<meta property=\"og:locale:alternate\" content=\"en_US\" \/>\n<meta property=\"og:locale:alternate\" content=\"hu_HU\" \/>\n<meta property=\"og:locale:alternate\" content=\"sk_SK\" \/>\n<meta property=\"og:locale:alternate\" content=\"sv_SE\" \/>\n<meta property=\"og:type\" content=\"article\" \/>\n<meta property=\"og:title\" content=\"Slovensko stoj\u00ed pred ekonomickou katastrofou\" \/>\n<meta property=\"og:description\" content=\"Strana Demokrati d\u00f4razne upozor\u0148uje na aktu\u00e1lnu ekonomickou situ\u00e1ciu, do ktorej vl\u00e1da Roberta Fica a ministra financi\u00ed Ladislava Kamenick\u00e9ho uvrhla Slovensko. Vl\u00e1da sa ne\u00famerne r\u00fdchlo zadl\u017euje, \u010d\u00edm ohrozuje dlhodob\u00fa udr\u017eate\u013enos\u0165 verejn\u00fdch financi\u00ed a t\u00fdm aj bud\u00facnos\u0165 v\u0161etk\u00fdch ob\u010danov Slovenska. \u201eVl\u00e1da Roberta Fica si evidentne neuvedomuje, ak\u00e9 z\u00e1va\u017en\u00e9 rizik\u00e1 spojen\u00e9 s r\u00fdchlym rastom verejn\u00e9ho dlhu prin\u00e1\u0161a. Namiesto [&hellip;]\" \/>\n<meta property=\"og:url\" content=\"https:\/\/www.smedemokrati.sk\/cs\/slovensko-stoji-pred-ekonomickou-katastrofou\/\" \/>\n<meta property=\"og:site_name\" content=\"Smedemokrati.sk\" \/>\n<meta property=\"article:publisher\" content=\"https:\/\/www.facebook.com\/smedemokrati2023\" \/>\n<meta property=\"article:published_time\" content=\"2024-08-30T13:38:27+00:00\" \/>\n<meta property=\"article:modified_time\" content=\"2024-09-06T14:50:59+00:00\" \/>\n<meta property=\"og:image\" content=\"https:\/\/www.smedemokrati.sk\/wp-content\/uploads\/2024\/08\/slovensko-kriza.jpg\" \/>\n\t<meta property=\"og:image:width\" content=\"900\" \/>\n\t<meta property=\"og:image:height\" content=\"507\" \/>\n\t<meta property=\"og:image:type\" content=\"image\/jpeg\" \/>\n<meta name=\"author\" content=\"miro.sopko\" \/>\n<meta name=\"twitter:card\" content=\"summary_large_image\" \/>\n<meta name=\"twitter:label1\" content=\"Napsal(a)\" \/>\n\t<meta name=\"twitter:data1\" content=\"miro.sopko\" \/>\n\t<meta name=\"twitter:label2\" content=\"Odhadovan\u00e1 doba \u010dten\u00ed\" \/>\n\t<meta name=\"twitter:data2\" content=\"2 minuty\" \/>\n<script type=\"application\/ld+json\" class=\"yoast-schema-graph\">{\"@context\":\"https:\/\/schema.org\",\"@graph\":[{\"@type\":\"Article\",\"@id\":\"https:\/\/www.smedemokrati.sk\/slovensko-stoji-pred-ekonomickou-katastrofou\/#article\",\"isPartOf\":{\"@id\":\"https:\/\/www.smedemokrati.sk\/slovensko-stoji-pred-ekonomickou-katastrofou\/\"},\"author\":{\"name\":\"miro.sopko\",\"@id\":\"https:\/\/www.smedemokrati.sk\/#\/schema\/person\/21f147c88d605aa7ded900e1e7c344ba\"},\"headline\":\"Slovensko stoj\u00ed pred ekonomickou katastrofou\",\"datePublished\":\"2024-08-30T13:38:27+00:00\",\"dateModified\":\"2024-09-06T14:50:59+00:00\",\"mainEntityOfPage\":{\"@id\":\"https:\/\/www.smedemokrati.sk\/slovensko-stoji-pred-ekonomickou-katastrofou\/\"},\"wordCount\":347,\"publisher\":{\"@id\":\"https:\/\/www.smedemokrati.sk\/#organization\"},\"image\":{\"@id\":\"https:\/\/www.smedemokrati.sk\/slovensko-stoji-pred-ekonomickou-katastrofou\/#primaryimage\"},\"thumbnailUrl\":\"https:\/\/www.smedemokrati.sk\/wp-content\/uploads\/2024\/08\/slovensko-kriza.jpg\",\"articleSection\":[\"Tla\u010dov\u00e9 spr\u00e1vy\"],\"inLanguage\":\"cs-CZ\"},{\"@type\":\"WebPage\",\"@id\":\"https:\/\/www.smedemokrati.sk\/slovensko-stoji-pred-ekonomickou-katastrofou\/\",\"url\":\"https:\/\/www.smedemokrati.sk\/slovensko-stoji-pred-ekonomickou-katastrofou\/\",\"name\":\"Slovensko stoj\u00ed pred ekonomickou katastrofou\",\"isPartOf\":{\"@id\":\"https:\/\/www.smedemokrati.sk\/#website\"},\"primaryImageOfPage\":{\"@id\":\"https:\/\/www.smedemokrati.sk\/slovensko-stoji-pred-ekonomickou-katastrofou\/#primaryimage\"},\"image\":{\"@id\":\"https:\/\/www.smedemokrati.sk\/slovensko-stoji-pred-ekonomickou-katastrofou\/#primaryimage\"},\"thumbnailUrl\":\"https:\/\/www.smedemokrati.sk\/wp-content\/uploads\/2024\/08\/slovensko-kriza.jpg\",\"datePublished\":\"2024-08-30T13:38:27+00:00\",\"dateModified\":\"2024-09-06T14:50:59+00:00\",\"breadcrumb\":{\"@id\":\"https:\/\/www.smedemokrati.sk\/slovensko-stoji-pred-ekonomickou-katastrofou\/#breadcrumb\"},\"inLanguage\":\"cs-CZ\",\"potentialAction\":[{\"@type\":\"ReadAction\",\"target\":[\"https:\/\/www.smedemokrati.sk\/slovensko-stoji-pred-ekonomickou-katastrofou\/\"]}]},{\"@type\":\"ImageObject\",\"inLanguage\":\"cs-CZ\",\"@id\":\"https:\/\/www.smedemokrati.sk\/slovensko-stoji-pred-ekonomickou-katastrofou\/#primaryimage\",\"url\":\"https:\/\/www.smedemokrati.sk\/wp-content\/uploads\/2024\/08\/slovensko-kriza.jpg\",\"contentUrl\":\"https:\/\/www.smedemokrati.sk\/wp-content\/uploads\/2024\/08\/slovensko-kriza.jpg\",\"width\":900,\"height\":507},{\"@type\":\"BreadcrumbList\",\"@id\":\"https:\/\/www.smedemokrati.sk\/slovensko-stoji-pred-ekonomickou-katastrofou\/#breadcrumb\",\"itemListElement\":[{\"@type\":\"ListItem\",\"position\":1,\"name\":\"Domovsk\u00e1 str\u00e1nka\",\"item\":\"https:\/\/www.smedemokrati.sk\/\"},{\"@type\":\"ListItem\",\"position\":2,\"name\":\"Slovensko stoj\u00ed pred ekonomickou katastrofou\"}]},{\"@type\":\"WebSite\",\"@id\":\"https:\/\/www.smedemokrati.sk\/#website\",\"url\":\"https:\/\/www.smedemokrati.sk\/\",\"name\":\"Smedemokrati.sk\",\"description\":\"Demokracia a slu\u0161nos\u0165 zv\u00ed\u0165az\u00ed\",\"publisher\":{\"@id\":\"https:\/\/www.smedemokrati.sk\/#organization\"},\"potentialAction\":[{\"@type\":\"SearchAction\",\"target\":{\"@type\":\"EntryPoint\",\"urlTemplate\":\"https:\/\/www.smedemokrati.sk\/?s={search_term_string}\"},\"query-input\":{\"@type\":\"PropertyValueSpecification\",\"valueRequired\":true,\"valueName\":\"search_term_string\"}}],\"inLanguage\":\"cs-CZ\"},{\"@type\":\"Organization\",\"@id\":\"https:\/\/www.smedemokrati.sk\/#organization\",\"name\":\"Smedemokrati.sk\",\"url\":\"https:\/\/www.smedemokrati.sk\/\",\"logo\":{\"@type\":\"ImageObject\",\"inLanguage\":\"cs-CZ\",\"@id\":\"https:\/\/www.smedemokrati.sk\/#\/schema\/logo\/image\/\",\"url\":\"https:\/\/www.smedemokrati.sk\/wp-content\/uploads\/2023\/04\/ff.002.jpeg\",\"contentUrl\":\"https:\/\/www.smedemokrati.sk\/wp-content\/uploads\/2023\/04\/ff.002.jpeg\",\"width\":640,\"height\":480,\"caption\":\"Smedemokrati.sk\"},\"image\":{\"@id\":\"https:\/\/www.smedemokrati.sk\/#\/schema\/logo\/image\/\"},\"sameAs\":[\"https:\/\/www.facebook.com\/smedemokrati2023\"]},{\"@type\":\"Person\",\"@id\":\"https:\/\/www.smedemokrati.sk\/#\/schema\/person\/21f147c88d605aa7ded900e1e7c344ba\",\"name\":\"miro.sopko\",\"image\":{\"@type\":\"ImageObject\",\"inLanguage\":\"cs-CZ\",\"@id\":\"https:\/\/secure.gravatar.com\/avatar\/267e4a36f704376c109afe3a78740c1f5dd8675a2180a908699e7863c9247606?s=96&d=mm&r=g\",\"url\":\"https:\/\/secure.gravatar.com\/avatar\/267e4a36f704376c109afe3a78740c1f5dd8675a2180a908699e7863c9247606?s=96&d=mm&r=g\",\"contentUrl\":\"https:\/\/secure.gravatar.com\/avatar\/267e4a36f704376c109afe3a78740c1f5dd8675a2180a908699e7863c9247606?s=96&d=mm&r=g\",\"caption\":\"miro.sopko\"},\"url\":\"https:\/\/www.smedemokrati.sk\/cs\/author\/miro-sopko\/\"}]}<\/script>\n<!-- \/ Yoast SEO plugin. -->","yoast_head_json":{"title":"Slovensko stoj\u00ed pred ekonomickou katastrofou","robots":{"index":"index","follow":"follow","max-snippet":"max-snippet:-1","max-image-preview":"max-image-preview:large","max-video-preview":"max-video-preview:-1"},"canonical":"https:\/\/www.smedemokrati.sk\/cs\/slovensko-stoji-pred-ekonomickou-katastrofou\/","og_locale":"cs_CZ","og_type":"article","og_title":"[:sk]Slovensko stoj\u00ed pred ekonomickou katastrofou[:] - Smedemokrati.sk","og_description":"Strana Demokrati d\u00f4razne upozor\u0148uje na aktu\u00e1lnu ekonomickou situ\u00e1ciu, do ktorej vl\u00e1da Roberta Fica a ministra financi\u00ed Ladislava Kamenick\u00e9ho uvrhla Slovensko. Vl\u00e1da sa ne\u00famerne r\u00fdchlo zadl\u017euje, \u010d\u00edm ohrozuje dlhodob\u00fa udr\u017eate\u013enos\u0165 verejn\u00fdch financi\u00ed a t\u00fdm aj bud\u00facnos\u0165 v\u0161etk\u00fdch ob\u010danov Slovenska. \u201eVl\u00e1da Roberta Fica si evidentne neuvedomuje, ak\u00e9 z\u00e1va\u017en\u00e9 rizik\u00e1 spojen\u00e9 s r\u00fdchlym rastom verejn\u00e9ho dlhu prin\u00e1\u0161a. Namiesto [&hellip;]","og_url":"https:\/\/www.smedemokrati.sk\/cs\/slovensko-stoji-pred-ekonomickou-katastrofou\/","og_site_name":"Smedemokrati.sk","article_publisher":"https:\/\/www.facebook.com\/smedemokrati2023","article_published_time":"2024-08-30T13:38:27+00:00","article_modified_time":"2024-09-06T14:50:59+00:00","og_image":[{"width":900,"height":507,"url":"https:\/\/www.smedemokrati.sk\/wp-content\/uploads\/2024\/08\/slovensko-kriza.jpg","type":"image\/jpeg"}],"author":"miro.sopko","twitter_card":"summary_large_image","twitter_misc":{"Napsal(a)":"miro.sopko","Odhadovan\u00e1 doba \u010dten\u00ed":"2 minuty"},"schema":{"@context":"https:\/\/schema.org","@graph":[{"@type":"Article","@id":"https:\/\/www.smedemokrati.sk\/slovensko-stoji-pred-ekonomickou-katastrofou\/#article","isPartOf":{"@id":"https:\/\/www.smedemokrati.sk\/slovensko-stoji-pred-ekonomickou-katastrofou\/"},"author":{"name":"miro.sopko","@id":"https:\/\/www.smedemokrati.sk\/#\/schema\/person\/21f147c88d605aa7ded900e1e7c344ba"},"headline":"Slovensko stoj\u00ed pred ekonomickou katastrofou","datePublished":"2024-08-30T13:38:27+00:00","dateModified":"2024-09-06T14:50:59+00:00","mainEntityOfPage":{"@id":"https:\/\/www.smedemokrati.sk\/slovensko-stoji-pred-ekonomickou-katastrofou\/"},"wordCount":347,"publisher":{"@id":"https:\/\/www.smedemokrati.sk\/#organization"},"image":{"@id":"https:\/\/www.smedemokrati.sk\/slovensko-stoji-pred-ekonomickou-katastrofou\/#primaryimage"},"thumbnailUrl":"https:\/\/www.smedemokrati.sk\/wp-content\/uploads\/2024\/08\/slovensko-kriza.jpg","articleSection":["Tla\u010dov\u00e9 spr\u00e1vy"],"inLanguage":"cs-CZ"},{"@type":"WebPage","@id":"https:\/\/www.smedemokrati.sk\/slovensko-stoji-pred-ekonomickou-katastrofou\/","url":"https:\/\/www.smedemokrati.sk\/slovensko-stoji-pred-ekonomickou-katastrofou\/","name":"Slovensko stoj\u00ed pred ekonomickou katastrofou","isPartOf":{"@id":"https:\/\/www.smedemokrati.sk\/#website"},"primaryImageOfPage":{"@id":"https:\/\/www.smedemokrati.sk\/slovensko-stoji-pred-ekonomickou-katastrofou\/#primaryimage"},"image":{"@id":"https:\/\/www.smedemokrati.sk\/slovensko-stoji-pred-ekonomickou-katastrofou\/#primaryimage"},"thumbnailUrl":"https:\/\/www.smedemokrati.sk\/wp-content\/uploads\/2024\/08\/slovensko-kriza.jpg","datePublished":"2024-08-30T13:38:27+00:00","dateModified":"2024-09-06T14:50:59+00:00","breadcrumb":{"@id":"https:\/\/www.smedemokrati.sk\/slovensko-stoji-pred-ekonomickou-katastrofou\/#breadcrumb"},"inLanguage":"cs-CZ","potentialAction":[{"@type":"ReadAction","target":["https:\/\/www.smedemokrati.sk\/slovensko-stoji-pred-ekonomickou-katastrofou\/"]}]},{"@type":"ImageObject","inLanguage":"cs-CZ","@id":"https:\/\/www.smedemokrati.sk\/slovensko-stoji-pred-ekonomickou-katastrofou\/#primaryimage","url":"https:\/\/www.smedemokrati.sk\/wp-content\/uploads\/2024\/08\/slovensko-kriza.jpg","contentUrl":"https:\/\/www.smedemokrati.sk\/wp-content\/uploads\/2024\/08\/slovensko-kriza.jpg","width":900,"height":507},{"@type":"BreadcrumbList","@id":"https:\/\/www.smedemokrati.sk\/slovensko-stoji-pred-ekonomickou-katastrofou\/#breadcrumb","itemListElement":[{"@type":"ListItem","position":1,"name":"Domovsk\u00e1 str\u00e1nka","item":"https:\/\/www.smedemokrati.sk\/"},{"@type":"ListItem","position":2,"name":"Slovensko stoj\u00ed pred ekonomickou katastrofou"}]},{"@type":"WebSite","@id":"https:\/\/www.smedemokrati.sk\/#website","url":"https:\/\/www.smedemokrati.sk\/","name":"Smedemokrati.sk","description":"Demokracia a slu\u0161nos\u0165 zv\u00ed\u0165az\u00ed","publisher":{"@id":"https:\/\/www.smedemokrati.sk\/#organization"},"potentialAction":[{"@type":"SearchAction","target":{"@type":"EntryPoint","urlTemplate":"https:\/\/www.smedemokrati.sk\/?s={search_term_string}"},"query-input":{"@type":"PropertyValueSpecification","valueRequired":true,"valueName":"search_term_string"}}],"inLanguage":"cs-CZ"},{"@type":"Organization","@id":"https:\/\/www.smedemokrati.sk\/#organization","name":"Smedemokrati.sk","url":"https:\/\/www.smedemokrati.sk\/","logo":{"@type":"ImageObject","inLanguage":"cs-CZ","@id":"https:\/\/www.smedemokrati.sk\/#\/schema\/logo\/image\/","url":"https:\/\/www.smedemokrati.sk\/wp-content\/uploads\/2023\/04\/ff.002.jpeg","contentUrl":"https:\/\/www.smedemokrati.sk\/wp-content\/uploads\/2023\/04\/ff.002.jpeg","width":640,"height":480,"caption":"Smedemokrati.sk"},"image":{"@id":"https:\/\/www.smedemokrati.sk\/#\/schema\/logo\/image\/"},"sameAs":["https:\/\/www.facebook.com\/smedemokrati2023"]},{"@type":"Person","@id":"https:\/\/www.smedemokrati.sk\/#\/schema\/person\/21f147c88d605aa7ded900e1e7c344ba","name":"miro.sopko","image":{"@type":"ImageObject","inLanguage":"cs-CZ","@id":"https:\/\/secure.gravatar.com\/avatar\/267e4a36f704376c109afe3a78740c1f5dd8675a2180a908699e7863c9247606?s=96&d=mm&r=g","url":"https:\/\/secure.gravatar.com\/avatar\/267e4a36f704376c109afe3a78740c1f5dd8675a2180a908699e7863c9247606?s=96&d=mm&r=g","contentUrl":"https:\/\/secure.gravatar.com\/avatar\/267e4a36f704376c109afe3a78740c1f5dd8675a2180a908699e7863c9247606?s=96&d=mm&r=g","caption":"miro.sopko"},"url":"https:\/\/www.smedemokrati.sk\/cs\/author\/miro-sopko\/"}]}},"_links":{"self":[{"href":"https:\/\/www.smedemokrati.sk\/cs\/wp-json\/wp\/v2\/posts\/5032","targetHints":{"allow":["GET"]}}],"collection":[{"href":"https:\/\/www.smedemokrati.sk\/cs\/wp-json\/wp\/v2\/posts"}],"about":[{"href":"https:\/\/www.smedemokrati.sk\/cs\/wp-json\/wp\/v2\/types\/post"}],"author":[{"embeddable":true,"href":"https:\/\/www.smedemokrati.sk\/cs\/wp-json\/wp\/v2\/users\/13"}],"replies":[{"embeddable":true,"href":"https:\/\/www.smedemokrati.sk\/cs\/wp-json\/wp\/v2\/comments?post=5032"}],"version-history":[{"count":1,"href":"https:\/\/www.smedemokrati.sk\/cs\/wp-json\/wp\/v2\/posts\/5032\/revisions"}],"predecessor-version":[{"id":5034,"href":"https:\/\/www.smedemokrati.sk\/cs\/wp-json\/wp\/v2\/posts\/5032\/revisions\/5034"}],"wp:featuredmedia":[{"embeddable":true,"href":"https:\/\/www.smedemokrati.sk\/cs\/wp-json\/wp\/v2\/media\/5033"}],"wp:attachment":[{"href":"https:\/\/www.smedemokrati.sk\/cs\/wp-json\/wp\/v2\/media?parent=5032"}],"wp:term":[{"taxonomy":"category","embeddable":true,"href":"https:\/\/www.smedemokrati.sk\/cs\/wp-json\/wp\/v2\/categories?post=5032"},{"taxonomy":"post_tag","embeddable":true,"href":"https:\/\/www.smedemokrati.sk\/cs\/wp-json\/wp\/v2\/tags?post=5032"}],"curies":[{"name":"wp","href":"https:\/\/api.w.org\/{rel}","templated":true}]}}