{"id":5017,"date":"2024-08-28T15:02:36","date_gmt":"2024-08-28T14:02:36","guid":{"rendered":"https:\/\/www.smedemokrati.sk\/?p=5017"},"modified":"2024-09-06T15:50:53","modified_gmt":"2024-09-06T14:50:53","slug":"snp-uz-pocas-povstania-sme-vyjadrili-ze-chceme-patrit-na-zapad-a-vedeli-sme-jasne-pomenovat-agresora-politika-na-vsetky-svetove-strany-je-chimera","status":"publish","type":"post","link":"https:\/\/www.smedemokrati.sk\/cs\/snp-uz-pocas-povstania-sme-vyjadrili-ze-chceme-patrit-na-zapad-a-vedeli-sme-jasne-pomenovat-agresora-politika-na-vsetky-svetove-strany-je-chimera\/","title":{"rendered":"SNP: U\u017e po\u010das povstania sme vyjadrili, \u017ee chceme patri\u0165 na z\u00e1pad a vedeli sme jasne pomenova\u0165 agresora, politika na v\u0161etky svetov\u00e9 strany je chim\u00e9ra"},"content":{"rendered":"<div id=\"fb-root\"><\/div>\n\n<p><strong>Demokrati si pietnym aktom uctili odkaz SNP a pri tejto pr\u00edle\u017eitosti pripom\u00ednaj\u00fa v\u00fdznam medzin\u00e1rodn\u00fdch spojenectiev a negat\u00edvnych d\u00f4sledkov s\u00fa\u010dasnej zahrani\u010dnej politiky Slovenska na v\u0161etky &#8222;svetov\u00e9 strany&#8220; \u010do znamen\u00e1, \u017ee je je v kone\u010dnom d\u00f4sledku absol\u00fatne bezhodnotov\u00e1. Pr\u00e1ve SNP pod\u013ea Demokratov uk\u00e1zalo, ak\u00e9 k\u013e\u00fa\u010dov\u00e9 je budova\u0165 dobr\u00e9 vz\u0165ahy s demokratick\u00fdmi spojencami a jasne sa vymedzi\u0165 vo\u010di agresorovi.&nbsp;<\/strong><\/p>\n\n\n\n<p><em>\u201eSNP v sebe nesie mno\u017estvo odkazov hrdinstva, obety a sily postavi\u0165 sa za dobr\u00fa vec. To v\u0161etko plat\u00ed, je nemenn\u00e9 a malo by by\u0165 v na\u0161ich mysliach zaka\u017ed\u00fdm, ke\u010f vid\u00edme ak\u00fako\u013evek krivdu alebo nepr\u00e1vos\u0165, ktor\u00e1 zasiahne \u013eud\u00ed len pre to, \u017ee si chce niekto uspokoji\u0165 svoje mocensk\u00e9 chute. Dnes v\u0161ak chcem pripomen\u00fa\u0165, \u017ee povstanie uk\u00e1zalo, \u017ee sme sa mohli spo\u013eahn\u00fa\u0165 na krajiny z\u00e1padu a presne tak, ako sme vtedy bojovali proti zlu menom Hitler, dnes nie je Putin v ni\u010dom in\u00fd,\u201d<\/em>\u00a0hovor\u00ed predseda Demokratov a b\u00fdval\u00fd minister obrany Jaroslav Na\u010f a z\u00e1rove\u0148 ozna\u010duje Slovensk\u00e9 n\u00e1rodn\u00e9 povstanie za jednu z najd\u00f4le\u017eitej\u0161\u00edch historick\u00fdch udalost\u00ed, ktor\u00e1 formovala na\u0161u krajinu.\u00a0<\/p>\n\n\n\n<p>\u010ealej pokra\u010duje, \u017ee zahrani\u010dn\u00e1 politika dne\u0161nej vl\u00e1dy kriv\u00ed postavenie Slovenska v medzin\u00e1rodnom kontexte a na pozad\u00ed udalost\u00ed SNP je d\u00f4le\u017eit\u00e9 hovori\u0165 o v\u00fdzname spojenectva:\u00a0<em>\u201ePredstavte si, \u017ee by n\u00e1rod po\u010das SNP vyzn\u00e1val hodnoty politiky na v\u0161etky \u0161tyri svetov\u00e9 strany tak, ako to rob\u00ed s\u00fa\u010dasn\u00e1 vl\u00e1da. Tak\u00e1to politika je bezhodnotov\u00e1. Pom\u00f4\u017eem si Slovami V\u00e1clava Havla, ktor\u00fd povedal, \u017ee nemo\u017eno by\u0165 neutr\u00e1lny medzi dobrom a zlom. U\u017e po\u010das povstania sme povedali, \u017ee chceme patri\u0165 do demokratick\u00e9ho z\u00e1padn\u00e9ho sveta a jasne sme pomenovali agresora a postavili sa mu. Pros\u00edm, nezab\u00fadajme na to a v\u00e1\u017eme si na\u0161e \u010dlenstvo v spolo\u010denstve t\u00fdch, ktor\u00ed s\u00fa ochotn\u00ed postavi\u0165 sa za n\u00e1s, \u010di u\u017e je to Eur\u00f3pska \u00fania alebo Severoatlantick\u00e1 aliancia,\u201d\u00a0<\/em>uzatv\u00e1ra Jaroslav Na\u010f.\u00a0<\/p>\n\n\n\nngg_shortcode_0_placeholder\n","protected":false},"excerpt":{"rendered":"<p>Demokrati si pietnym aktom uctili odkaz SNP a pri tejto pr\u00edle\u017eitosti pripom\u00ednaj\u00fa v\u00fdznam medzin\u00e1rodn\u00fdch spojenectiev a negat\u00edvnych d\u00f4sledkov s\u00fa\u010dasnej zahrani\u010dnej politiky Slovenska na v\u0161etky &#8222;svetov\u00e9 strany&#8220; \u010do znamen\u00e1, \u017ee je je v kone\u010dnom d\u00f4sledku absol\u00fatne bezhodnotov\u00e1. Pr\u00e1ve SNP pod\u013ea Demokratov uk\u00e1zalo, ak\u00e9 k\u013e\u00fa\u010dov\u00e9 je budova\u0165 dobr\u00e9 vz\u0165ahy s demokratick\u00fdmi spojencami a jasne sa vymedzi\u0165 vo\u010di [&hellip;]<\/p>\n","protected":false},"author":13,"featured_media":5018,"comment_status":"closed","ping_status":"closed","sticky":false,"template":"","format":"standard","meta":{"_acf_changed":false,"ngg_post_thumbnail":0,"footnotes":""},"categories":[4],"tags":[],"class_list":["post-5017","post","type-post","status-publish","format-standard","has-post-thumbnail","hentry","category-tlacove-spravy"],"acf":[],"yoast_head":"<!-- This site is optimized with the Yoast SEO plugin v27.2 - https:\/\/yoast.com\/product\/yoast-seo-wordpress\/ -->\n<title>SNP: U\u017e po\u010das povstania sme vyjadrili, \u017ee chceme patri\u0165 na z\u00e1pad a vedeli sme jasne pomenova\u0165 agresora, politika na v\u0161etky svetov\u00e9 strany je chim\u00e9ra<\/title>\n<meta name=\"robots\" content=\"index, follow, max-snippet:-1, max-image-preview:large, max-video-preview:-1\" \/>\n<link rel=\"canonical\" href=\"https:\/\/www.smedemokrati.sk\/cs\/snp-uz-pocas-povstania-sme-vyjadrili-ze-chceme-patrit-na-zapad-a-vedeli-sme-jasne-pomenovat-agresora-politika-na-vsetky-svetove-strany-je-chimera\/\" \/>\n<meta property=\"og:locale\" content=\"cs_CZ\" \/>\n<meta property=\"og:locale:alternate\" content=\"en_US\" \/>\n<meta property=\"og:locale:alternate\" content=\"hu_HU\" \/>\n<meta property=\"og:locale:alternate\" content=\"sk_SK\" \/>\n<meta property=\"og:locale:alternate\" content=\"sv_SE\" \/>\n<meta property=\"og:type\" content=\"article\" \/>\n<meta property=\"og:title\" content=\"SNP: U\u017e po\u010das povstania sme vyjadrili, \u017ee chceme patri\u0165 na z\u00e1pad a vedeli sme jasne pomenova\u0165 agresora, politika na v\u0161etky svetov\u00e9 strany je chim\u00e9ra\" \/>\n<meta property=\"og:description\" content=\"Demokrati si pietnym aktom uctili odkaz SNP a pri tejto pr\u00edle\u017eitosti pripom\u00ednaj\u00fa v\u00fdznam medzin\u00e1rodn\u00fdch spojenectiev a negat\u00edvnych d\u00f4sledkov s\u00fa\u010dasnej zahrani\u010dnej politiky Slovenska na v\u0161etky &#8222;svetov\u00e9 strany&#8220; \u010do znamen\u00e1, \u017ee je je v kone\u010dnom d\u00f4sledku absol\u00fatne bezhodnotov\u00e1. Pr\u00e1ve SNP pod\u013ea Demokratov uk\u00e1zalo, ak\u00e9 k\u013e\u00fa\u010dov\u00e9 je budova\u0165 dobr\u00e9 vz\u0165ahy s demokratick\u00fdmi spojencami a jasne sa vymedzi\u0165 vo\u010di [&hellip;]\" \/>\n<meta property=\"og:url\" content=\"https:\/\/www.smedemokrati.sk\/cs\/snp-uz-pocas-povstania-sme-vyjadrili-ze-chceme-patrit-na-zapad-a-vedeli-sme-jasne-pomenovat-agresora-politika-na-vsetky-svetove-strany-je-chimera\/\" \/>\n<meta property=\"og:site_name\" content=\"Smedemokrati.sk\" \/>\n<meta property=\"article:publisher\" content=\"https:\/\/www.facebook.com\/smedemokrati2023\" \/>\n<meta property=\"article:published_time\" content=\"2024-08-28T14:02:36+00:00\" \/>\n<meta property=\"article:modified_time\" content=\"2024-09-06T14:50:53+00:00\" \/>\n<meta property=\"og:image\" content=\"https:\/\/www.smedemokrati.sk\/wp-content\/uploads\/2024\/08\/Jaro_SNP.jpg\" \/>\n\t<meta property=\"og:image:width\" content=\"900\" \/>\n\t<meta property=\"og:image:height\" content=\"705\" \/>\n\t<meta property=\"og:image:type\" content=\"image\/jpeg\" \/>\n<meta name=\"author\" content=\"miro.sopko\" \/>\n<meta name=\"twitter:card\" content=\"summary_large_image\" \/>\n<meta name=\"twitter:label1\" content=\"Napsal(a)\" \/>\n\t<meta name=\"twitter:data1\" content=\"miro.sopko\" \/>\n\t<meta name=\"twitter:label2\" content=\"Odhadovan\u00e1 doba \u010dten\u00ed\" \/>\n\t<meta name=\"twitter:data2\" content=\"2 minuty\" \/>\n<script type=\"application\/ld+json\" class=\"yoast-schema-graph\">{\"@context\":\"https:\/\/schema.org\",\"@graph\":[{\"@type\":\"Article\",\"@id\":\"https:\/\/www.smedemokrati.sk\/snp-uz-pocas-povstania-sme-vyjadrili-ze-chceme-patrit-na-zapad-a-vedeli-sme-jasne-pomenovat-agresora-politika-na-vsetky-svetove-strany-je-chimera\/#article\",\"isPartOf\":{\"@id\":\"https:\/\/www.smedemokrati.sk\/snp-uz-pocas-povstania-sme-vyjadrili-ze-chceme-patrit-na-zapad-a-vedeli-sme-jasne-pomenovat-agresora-politika-na-vsetky-svetove-strany-je-chimera\/\"},\"author\":{\"name\":\"miro.sopko\",\"@id\":\"https:\/\/www.smedemokrati.sk\/#\/schema\/person\/21f147c88d605aa7ded900e1e7c344ba\"},\"headline\":\"SNP: U\u017e po\u010das povstania sme vyjadrili, \u017ee chceme patri\u0165 na z\u00e1pad a vedeli sme jasne pomenova\u0165 agresora, politika na v\u0161etky svetov\u00e9 strany je chim\u00e9ra\",\"datePublished\":\"2024-08-28T14:02:36+00:00\",\"dateModified\":\"2024-09-06T14:50:53+00:00\",\"mainEntityOfPage\":{\"@id\":\"https:\/\/www.smedemokrati.sk\/snp-uz-pocas-povstania-sme-vyjadrili-ze-chceme-patrit-na-zapad-a-vedeli-sme-jasne-pomenovat-agresora-politika-na-vsetky-svetove-strany-je-chimera\/\"},\"wordCount\":397,\"publisher\":{\"@id\":\"https:\/\/www.smedemokrati.sk\/#organization\"},\"image\":{\"@id\":\"https:\/\/www.smedemokrati.sk\/snp-uz-pocas-povstania-sme-vyjadrili-ze-chceme-patrit-na-zapad-a-vedeli-sme-jasne-pomenovat-agresora-politika-na-vsetky-svetove-strany-je-chimera\/#primaryimage\"},\"thumbnailUrl\":\"https:\/\/www.smedemokrati.sk\/wp-content\/uploads\/2024\/08\/Jaro_SNP.jpg\",\"articleSection\":[\"Tla\u010dov\u00e9 spr\u00e1vy\"],\"inLanguage\":\"cs-CZ\"},{\"@type\":\"WebPage\",\"@id\":\"https:\/\/www.smedemokrati.sk\/snp-uz-pocas-povstania-sme-vyjadrili-ze-chceme-patrit-na-zapad-a-vedeli-sme-jasne-pomenovat-agresora-politika-na-vsetky-svetove-strany-je-chimera\/\",\"url\":\"https:\/\/www.smedemokrati.sk\/snp-uz-pocas-povstania-sme-vyjadrili-ze-chceme-patrit-na-zapad-a-vedeli-sme-jasne-pomenovat-agresora-politika-na-vsetky-svetove-strany-je-chimera\/\",\"name\":\"SNP: U\u017e po\u010das povstania sme vyjadrili, \u017ee chceme patri\u0165 na z\u00e1pad a vedeli sme jasne pomenova\u0165 agresora, politika na v\u0161etky svetov\u00e9 strany je chim\u00e9ra\",\"isPartOf\":{\"@id\":\"https:\/\/www.smedemokrati.sk\/#website\"},\"primaryImageOfPage\":{\"@id\":\"https:\/\/www.smedemokrati.sk\/snp-uz-pocas-povstania-sme-vyjadrili-ze-chceme-patrit-na-zapad-a-vedeli-sme-jasne-pomenovat-agresora-politika-na-vsetky-svetove-strany-je-chimera\/#primaryimage\"},\"image\":{\"@id\":\"https:\/\/www.smedemokrati.sk\/snp-uz-pocas-povstania-sme-vyjadrili-ze-chceme-patrit-na-zapad-a-vedeli-sme-jasne-pomenovat-agresora-politika-na-vsetky-svetove-strany-je-chimera\/#primaryimage\"},\"thumbnailUrl\":\"https:\/\/www.smedemokrati.sk\/wp-content\/uploads\/2024\/08\/Jaro_SNP.jpg\",\"datePublished\":\"2024-08-28T14:02:36+00:00\",\"dateModified\":\"2024-09-06T14:50:53+00:00\",\"breadcrumb\":{\"@id\":\"https:\/\/www.smedemokrati.sk\/snp-uz-pocas-povstania-sme-vyjadrili-ze-chceme-patrit-na-zapad-a-vedeli-sme-jasne-pomenovat-agresora-politika-na-vsetky-svetove-strany-je-chimera\/#breadcrumb\"},\"inLanguage\":\"cs-CZ\",\"potentialAction\":[{\"@type\":\"ReadAction\",\"target\":[\"https:\/\/www.smedemokrati.sk\/snp-uz-pocas-povstania-sme-vyjadrili-ze-chceme-patrit-na-zapad-a-vedeli-sme-jasne-pomenovat-agresora-politika-na-vsetky-svetove-strany-je-chimera\/\"]}]},{\"@type\":\"ImageObject\",\"inLanguage\":\"cs-CZ\",\"@id\":\"https:\/\/www.smedemokrati.sk\/snp-uz-pocas-povstania-sme-vyjadrili-ze-chceme-patrit-na-zapad-a-vedeli-sme-jasne-pomenovat-agresora-politika-na-vsetky-svetove-strany-je-chimera\/#primaryimage\",\"url\":\"https:\/\/www.smedemokrati.sk\/wp-content\/uploads\/2024\/08\/Jaro_SNP.jpg\",\"contentUrl\":\"https:\/\/www.smedemokrati.sk\/wp-content\/uploads\/2024\/08\/Jaro_SNP.jpg\",\"width\":900,\"height\":705},{\"@type\":\"BreadcrumbList\",\"@id\":\"https:\/\/www.smedemokrati.sk\/snp-uz-pocas-povstania-sme-vyjadrili-ze-chceme-patrit-na-zapad-a-vedeli-sme-jasne-pomenovat-agresora-politika-na-vsetky-svetove-strany-je-chimera\/#breadcrumb\",\"itemListElement\":[{\"@type\":\"ListItem\",\"position\":1,\"name\":\"Domovsk\u00e1 str\u00e1nka\",\"item\":\"https:\/\/www.smedemokrati.sk\/\"},{\"@type\":\"ListItem\",\"position\":2,\"name\":\"SNP: U\u017e po\u010das povstania sme vyjadrili, \u017ee chceme patri\u0165 na z\u00e1pad a vedeli sme jasne pomenova\u0165 agresora, politika na v\u0161etky svetov\u00e9 strany je chim\u00e9ra\"}]},{\"@type\":\"WebSite\",\"@id\":\"https:\/\/www.smedemokrati.sk\/#website\",\"url\":\"https:\/\/www.smedemokrati.sk\/\",\"name\":\"Smedemokrati.sk\",\"description\":\"Demokracia a slu\u0161nos\u0165 zv\u00ed\u0165az\u00ed\",\"publisher\":{\"@id\":\"https:\/\/www.smedemokrati.sk\/#organization\"},\"potentialAction\":[{\"@type\":\"SearchAction\",\"target\":{\"@type\":\"EntryPoint\",\"urlTemplate\":\"https:\/\/www.smedemokrati.sk\/?s={search_term_string}\"},\"query-input\":{\"@type\":\"PropertyValueSpecification\",\"valueRequired\":true,\"valueName\":\"search_term_string\"}}],\"inLanguage\":\"cs-CZ\"},{\"@type\":\"Organization\",\"@id\":\"https:\/\/www.smedemokrati.sk\/#organization\",\"name\":\"Smedemokrati.sk\",\"url\":\"https:\/\/www.smedemokrati.sk\/\",\"logo\":{\"@type\":\"ImageObject\",\"inLanguage\":\"cs-CZ\",\"@id\":\"https:\/\/www.smedemokrati.sk\/#\/schema\/logo\/image\/\",\"url\":\"https:\/\/www.smedemokrati.sk\/wp-content\/uploads\/2023\/04\/ff.002.jpeg\",\"contentUrl\":\"https:\/\/www.smedemokrati.sk\/wp-content\/uploads\/2023\/04\/ff.002.jpeg\",\"width\":640,\"height\":480,\"caption\":\"Smedemokrati.sk\"},\"image\":{\"@id\":\"https:\/\/www.smedemokrati.sk\/#\/schema\/logo\/image\/\"},\"sameAs\":[\"https:\/\/www.facebook.com\/smedemokrati2023\"]},{\"@type\":\"Person\",\"@id\":\"https:\/\/www.smedemokrati.sk\/#\/schema\/person\/21f147c88d605aa7ded900e1e7c344ba\",\"name\":\"miro.sopko\",\"image\":{\"@type\":\"ImageObject\",\"inLanguage\":\"cs-CZ\",\"@id\":\"https:\/\/secure.gravatar.com\/avatar\/267e4a36f704376c109afe3a78740c1f5dd8675a2180a908699e7863c9247606?s=96&d=mm&r=g\",\"url\":\"https:\/\/secure.gravatar.com\/avatar\/267e4a36f704376c109afe3a78740c1f5dd8675a2180a908699e7863c9247606?s=96&d=mm&r=g\",\"contentUrl\":\"https:\/\/secure.gravatar.com\/avatar\/267e4a36f704376c109afe3a78740c1f5dd8675a2180a908699e7863c9247606?s=96&d=mm&r=g\",\"caption\":\"miro.sopko\"},\"url\":\"https:\/\/www.smedemokrati.sk\/cs\/author\/miro-sopko\/\"}]}<\/script>\n<!-- \/ Yoast SEO plugin. -->","yoast_head_json":{"title":"SNP: U\u017e po\u010das povstania sme vyjadrili, \u017ee chceme patri\u0165 na z\u00e1pad a vedeli sme jasne pomenova\u0165 agresora, politika na v\u0161etky svetov\u00e9 strany je chim\u00e9ra","robots":{"index":"index","follow":"follow","max-snippet":"max-snippet:-1","max-image-preview":"max-image-preview:large","max-video-preview":"max-video-preview:-1"},"canonical":"https:\/\/www.smedemokrati.sk\/cs\/snp-uz-pocas-povstania-sme-vyjadrili-ze-chceme-patrit-na-zapad-a-vedeli-sme-jasne-pomenovat-agresora-politika-na-vsetky-svetove-strany-je-chimera\/","og_locale":"cs_CZ","og_type":"article","og_title":"[:sk]SNP: U\u017e po\u010das povstania sme vyjadrili, \u017ee chceme patri\u0165 na z\u00e1pad a vedeli sme jasne pomenova\u0165 agresora, politika na v\u0161etky svetov\u00e9 strany je chim\u00e9ra[:] - Smedemokrati.sk","og_description":"Demokrati si pietnym aktom uctili odkaz SNP a pri tejto pr\u00edle\u017eitosti pripom\u00ednaj\u00fa v\u00fdznam medzin\u00e1rodn\u00fdch spojenectiev a negat\u00edvnych d\u00f4sledkov s\u00fa\u010dasnej zahrani\u010dnej politiky Slovenska na v\u0161etky &#8222;svetov\u00e9 strany&#8220; \u010do znamen\u00e1, \u017ee je je v kone\u010dnom d\u00f4sledku absol\u00fatne bezhodnotov\u00e1. Pr\u00e1ve SNP pod\u013ea Demokratov uk\u00e1zalo, ak\u00e9 k\u013e\u00fa\u010dov\u00e9 je budova\u0165 dobr\u00e9 vz\u0165ahy s demokratick\u00fdmi spojencami a jasne sa vymedzi\u0165 vo\u010di [&hellip;]","og_url":"https:\/\/www.smedemokrati.sk\/cs\/snp-uz-pocas-povstania-sme-vyjadrili-ze-chceme-patrit-na-zapad-a-vedeli-sme-jasne-pomenovat-agresora-politika-na-vsetky-svetove-strany-je-chimera\/","og_site_name":"Smedemokrati.sk","article_publisher":"https:\/\/www.facebook.com\/smedemokrati2023","article_published_time":"2024-08-28T14:02:36+00:00","article_modified_time":"2024-09-06T14:50:53+00:00","og_image":[{"width":900,"height":705,"url":"https:\/\/www.smedemokrati.sk\/wp-content\/uploads\/2024\/08\/Jaro_SNP.jpg","type":"image\/jpeg"}],"author":"miro.sopko","twitter_card":"summary_large_image","twitter_misc":{"Napsal(a)":"miro.sopko","Odhadovan\u00e1 doba \u010dten\u00ed":"2 minuty"},"schema":{"@context":"https:\/\/schema.org","@graph":[{"@type":"Article","@id":"https:\/\/www.smedemokrati.sk\/snp-uz-pocas-povstania-sme-vyjadrili-ze-chceme-patrit-na-zapad-a-vedeli-sme-jasne-pomenovat-agresora-politika-na-vsetky-svetove-strany-je-chimera\/#article","isPartOf":{"@id":"https:\/\/www.smedemokrati.sk\/snp-uz-pocas-povstania-sme-vyjadrili-ze-chceme-patrit-na-zapad-a-vedeli-sme-jasne-pomenovat-agresora-politika-na-vsetky-svetove-strany-je-chimera\/"},"author":{"name":"miro.sopko","@id":"https:\/\/www.smedemokrati.sk\/#\/schema\/person\/21f147c88d605aa7ded900e1e7c344ba"},"headline":"SNP: U\u017e po\u010das povstania sme vyjadrili, \u017ee chceme patri\u0165 na z\u00e1pad a vedeli sme jasne pomenova\u0165 agresora, politika na v\u0161etky svetov\u00e9 strany je chim\u00e9ra","datePublished":"2024-08-28T14:02:36+00:00","dateModified":"2024-09-06T14:50:53+00:00","mainEntityOfPage":{"@id":"https:\/\/www.smedemokrati.sk\/snp-uz-pocas-povstania-sme-vyjadrili-ze-chceme-patrit-na-zapad-a-vedeli-sme-jasne-pomenovat-agresora-politika-na-vsetky-svetove-strany-je-chimera\/"},"wordCount":397,"publisher":{"@id":"https:\/\/www.smedemokrati.sk\/#organization"},"image":{"@id":"https:\/\/www.smedemokrati.sk\/snp-uz-pocas-povstania-sme-vyjadrili-ze-chceme-patrit-na-zapad-a-vedeli-sme-jasne-pomenovat-agresora-politika-na-vsetky-svetove-strany-je-chimera\/#primaryimage"},"thumbnailUrl":"https:\/\/www.smedemokrati.sk\/wp-content\/uploads\/2024\/08\/Jaro_SNP.jpg","articleSection":["Tla\u010dov\u00e9 spr\u00e1vy"],"inLanguage":"cs-CZ"},{"@type":"WebPage","@id":"https:\/\/www.smedemokrati.sk\/snp-uz-pocas-povstania-sme-vyjadrili-ze-chceme-patrit-na-zapad-a-vedeli-sme-jasne-pomenovat-agresora-politika-na-vsetky-svetove-strany-je-chimera\/","url":"https:\/\/www.smedemokrati.sk\/snp-uz-pocas-povstania-sme-vyjadrili-ze-chceme-patrit-na-zapad-a-vedeli-sme-jasne-pomenovat-agresora-politika-na-vsetky-svetove-strany-je-chimera\/","name":"SNP: U\u017e po\u010das povstania sme vyjadrili, \u017ee chceme patri\u0165 na z\u00e1pad a vedeli sme jasne pomenova\u0165 agresora, politika na v\u0161etky svetov\u00e9 strany je chim\u00e9ra","isPartOf":{"@id":"https:\/\/www.smedemokrati.sk\/#website"},"primaryImageOfPage":{"@id":"https:\/\/www.smedemokrati.sk\/snp-uz-pocas-povstania-sme-vyjadrili-ze-chceme-patrit-na-zapad-a-vedeli-sme-jasne-pomenovat-agresora-politika-na-vsetky-svetove-strany-je-chimera\/#primaryimage"},"image":{"@id":"https:\/\/www.smedemokrati.sk\/snp-uz-pocas-povstania-sme-vyjadrili-ze-chceme-patrit-na-zapad-a-vedeli-sme-jasne-pomenovat-agresora-politika-na-vsetky-svetove-strany-je-chimera\/#primaryimage"},"thumbnailUrl":"https:\/\/www.smedemokrati.sk\/wp-content\/uploads\/2024\/08\/Jaro_SNP.jpg","datePublished":"2024-08-28T14:02:36+00:00","dateModified":"2024-09-06T14:50:53+00:00","breadcrumb":{"@id":"https:\/\/www.smedemokrati.sk\/snp-uz-pocas-povstania-sme-vyjadrili-ze-chceme-patrit-na-zapad-a-vedeli-sme-jasne-pomenovat-agresora-politika-na-vsetky-svetove-strany-je-chimera\/#breadcrumb"},"inLanguage":"cs-CZ","potentialAction":[{"@type":"ReadAction","target":["https:\/\/www.smedemokrati.sk\/snp-uz-pocas-povstania-sme-vyjadrili-ze-chceme-patrit-na-zapad-a-vedeli-sme-jasne-pomenovat-agresora-politika-na-vsetky-svetove-strany-je-chimera\/"]}]},{"@type":"ImageObject","inLanguage":"cs-CZ","@id":"https:\/\/www.smedemokrati.sk\/snp-uz-pocas-povstania-sme-vyjadrili-ze-chceme-patrit-na-zapad-a-vedeli-sme-jasne-pomenovat-agresora-politika-na-vsetky-svetove-strany-je-chimera\/#primaryimage","url":"https:\/\/www.smedemokrati.sk\/wp-content\/uploads\/2024\/08\/Jaro_SNP.jpg","contentUrl":"https:\/\/www.smedemokrati.sk\/wp-content\/uploads\/2024\/08\/Jaro_SNP.jpg","width":900,"height":705},{"@type":"BreadcrumbList","@id":"https:\/\/www.smedemokrati.sk\/snp-uz-pocas-povstania-sme-vyjadrili-ze-chceme-patrit-na-zapad-a-vedeli-sme-jasne-pomenovat-agresora-politika-na-vsetky-svetove-strany-je-chimera\/#breadcrumb","itemListElement":[{"@type":"ListItem","position":1,"name":"Domovsk\u00e1 str\u00e1nka","item":"https:\/\/www.smedemokrati.sk\/"},{"@type":"ListItem","position":2,"name":"SNP: U\u017e po\u010das povstania sme vyjadrili, \u017ee chceme patri\u0165 na z\u00e1pad a vedeli sme jasne pomenova\u0165 agresora, politika na v\u0161etky svetov\u00e9 strany je chim\u00e9ra"}]},{"@type":"WebSite","@id":"https:\/\/www.smedemokrati.sk\/#website","url":"https:\/\/www.smedemokrati.sk\/","name":"Smedemokrati.sk","description":"Demokracia a slu\u0161nos\u0165 zv\u00ed\u0165az\u00ed","publisher":{"@id":"https:\/\/www.smedemokrati.sk\/#organization"},"potentialAction":[{"@type":"SearchAction","target":{"@type":"EntryPoint","urlTemplate":"https:\/\/www.smedemokrati.sk\/?s={search_term_string}"},"query-input":{"@type":"PropertyValueSpecification","valueRequired":true,"valueName":"search_term_string"}}],"inLanguage":"cs-CZ"},{"@type":"Organization","@id":"https:\/\/www.smedemokrati.sk\/#organization","name":"Smedemokrati.sk","url":"https:\/\/www.smedemokrati.sk\/","logo":{"@type":"ImageObject","inLanguage":"cs-CZ","@id":"https:\/\/www.smedemokrati.sk\/#\/schema\/logo\/image\/","url":"https:\/\/www.smedemokrati.sk\/wp-content\/uploads\/2023\/04\/ff.002.jpeg","contentUrl":"https:\/\/www.smedemokrati.sk\/wp-content\/uploads\/2023\/04\/ff.002.jpeg","width":640,"height":480,"caption":"Smedemokrati.sk"},"image":{"@id":"https:\/\/www.smedemokrati.sk\/#\/schema\/logo\/image\/"},"sameAs":["https:\/\/www.facebook.com\/smedemokrati2023"]},{"@type":"Person","@id":"https:\/\/www.smedemokrati.sk\/#\/schema\/person\/21f147c88d605aa7ded900e1e7c344ba","name":"miro.sopko","image":{"@type":"ImageObject","inLanguage":"cs-CZ","@id":"https:\/\/secure.gravatar.com\/avatar\/267e4a36f704376c109afe3a78740c1f5dd8675a2180a908699e7863c9247606?s=96&d=mm&r=g","url":"https:\/\/secure.gravatar.com\/avatar\/267e4a36f704376c109afe3a78740c1f5dd8675a2180a908699e7863c9247606?s=96&d=mm&r=g","contentUrl":"https:\/\/secure.gravatar.com\/avatar\/267e4a36f704376c109afe3a78740c1f5dd8675a2180a908699e7863c9247606?s=96&d=mm&r=g","caption":"miro.sopko"},"url":"https:\/\/www.smedemokrati.sk\/cs\/author\/miro-sopko\/"}]}},"_links":{"self":[{"href":"https:\/\/www.smedemokrati.sk\/cs\/wp-json\/wp\/v2\/posts\/5017","targetHints":{"allow":["GET"]}}],"collection":[{"href":"https:\/\/www.smedemokrati.sk\/cs\/wp-json\/wp\/v2\/posts"}],"about":[{"href":"https:\/\/www.smedemokrati.sk\/cs\/wp-json\/wp\/v2\/types\/post"}],"author":[{"embeddable":true,"href":"https:\/\/www.smedemokrati.sk\/cs\/wp-json\/wp\/v2\/users\/13"}],"replies":[{"embeddable":true,"href":"https:\/\/www.smedemokrati.sk\/cs\/wp-json\/wp\/v2\/comments?post=5017"}],"version-history":[{"count":1,"href":"https:\/\/www.smedemokrati.sk\/cs\/wp-json\/wp\/v2\/posts\/5017\/revisions"}],"predecessor-version":[{"id":5023,"href":"https:\/\/www.smedemokrati.sk\/cs\/wp-json\/wp\/v2\/posts\/5017\/revisions\/5023"}],"wp:featuredmedia":[{"embeddable":true,"href":"https:\/\/www.smedemokrati.sk\/cs\/wp-json\/wp\/v2\/media\/5018"}],"wp:attachment":[{"href":"https:\/\/www.smedemokrati.sk\/cs\/wp-json\/wp\/v2\/media?parent=5017"}],"wp:term":[{"taxonomy":"category","embeddable":true,"href":"https:\/\/www.smedemokrati.sk\/cs\/wp-json\/wp\/v2\/categories?post=5017"},{"taxonomy":"post_tag","embeddable":true,"href":"https:\/\/www.smedemokrati.sk\/cs\/wp-json\/wp\/v2\/tags?post=5017"}],"curies":[{"name":"wp","href":"https:\/\/api.w.org\/{rel}","templated":true}]}}