{"id":4953,"date":"2024-08-20T14:36:21","date_gmt":"2024-08-20T13:36:21","guid":{"rendered":"https:\/\/www.smedemokrati.sk\/?p=4953"},"modified":"2024-09-05T09:51:41","modified_gmt":"2024-09-05T08:51:41","slug":"ked-sa-vyhrazaju-koalicii-policia-kona-v-superrychlom-konani-ked-sa-vyhrazaju-opozicii-skutok-sa-nestal","status":"publish","type":"post","link":"https:\/\/www.smedemokrati.sk\/cs\/ked-sa-vyhrazaju-koalicii-policia-kona-v-superrychlom-konani-ked-sa-vyhrazaju-opozicii-skutok-sa-nestal\/","title":{"rendered":"Ke\u010f sa vyhr\u00e1\u017eaj\u00fa koal\u00edcii, pol\u00edcia kon\u00e1 v superr\u00fdchlom konan\u00ed, ke\u010f sa vyhr\u00e1\u017eaj\u00fa opoz\u00edcii, skutok sa nestal"},"content":{"rendered":"<div id=\"fb-root\"><\/div>\n\n<p><strong>Mu\u017e, ktor\u00fd sa vyhr\u00e1\u017eal Jaroslavovi Na\u010fovi a Eduardovi Hegerovi, \u017ee ich &#8222;odstr\u00e1ni a odp\u00e1li&#8220;, sp\u00e1chal pod\u013ea pol\u00edcie iba priestupok. Demokrati poukazuj\u00fa na dvojak\u00fd meter, kedy sa vyhr\u00e1\u017eky koali\u010dn\u00fdm predstavite\u013eom rie\u0161ia v superr\u00fdchlom konan\u00ed, pr\u00edslu\u0161n\u00edci NAKA vykop\u00e1vaj\u00fa za podobn\u00e9 koment\u00e1re podozriv\u00fdm dvere, no opoz\u00edcia si pri rovnakom scen\u00e1ri mus\u00ed vysta\u010di\u0165 s t\u00fdm, \u017ee p\u00e1chate\u013e sa dopustil iba priestupku. Strana vyz\u00fdva ministra vn\u00fatra, aby sa dr\u017eal svojich vyhl\u00e1sen\u00ed, \u017ee pol\u00edcia nebude tolerova\u0165 prejavy priamych vyhr\u00e1\u017eok.&nbsp;<\/strong><\/p>\n\n\n\n<p>Jaroslavovi Na\u010fovi bolo doru\u010den\u00e9 Uznesenie vy\u0161etrovate\u013eky OR PZ vo Vranove nad Top\u013eou, pod\u013ea ktor\u00e9ho sa desiatnik v z\u00e1lohe Radoslav D. nedopustil trestn\u00e9ho \u010dinu nebezpe\u010dn\u00e9ho vyhr\u00e1\u017eania za nasleduj\u00faci koment\u00e1r: \u201eNie, bol som slu\u0161n\u00fd, ale toto prezidentka, Heger, Na\u010f. Ja som zlo\u017eil vojensk\u00fa pr\u00edsahu, \u00e1no, som desiatnik v z\u00e1lohe, dajte mi zbra\u0148 a ich odstr\u00e1nim. \u013dudia nemaj\u00fa \u010do jes\u0165 a oni toto tu bud\u00fa rie\u0161i\u0165. Za \u0161t\u00e1tne peniaze sa pekne \u017eije a ke\u010f ma pol\u00edcia chce n\u00e1js\u0165, L\u00fa\u010dna 829\/31 Vranov. Odp\u00e1lim v\u00e1s vy banda debilov, \u010do ste \u013eud\u00ed priviedli do ne\u0161\u0165astia, hanba V\u00e1m!&#8220;&nbsp;<\/p>\n\n\n\n<p>Pod\u013ea exministra ide o dvojak\u00fd meter a rozhodnutie pova\u017euje vzh\u013eadom na ned\u00e1vne vyhl\u00e1senia ministra vn\u00fatra za neprijate\u013en\u00e9:&nbsp;<em>\u201eP\u00e1n minister \u0160utaj E\u0161tok spome\u0148te si na svoje slov\u00e1, ako ste sa zad\u00fa\u0161ali, \u017ee pol\u00edcia sa nebude prizera\u0165 priamym vyhr\u00e1\u017ekam smr\u0165ou na soci\u00e1lnych sie\u0165ach. Hovorili ste, \u017ee je to nepr\u00edpustn\u00e9 a spolo\u010densky nebezpe\u010dn\u00e9. Boli to op\u00e4\u0165 pr\u00e1zdne sil\u00e1cke re\u010di alebo ste zabudli verejnosti poveda\u0165, \u017ee pol\u00edcii d\u00e1vate pr\u00edkaz takpovediac pritvrdi\u0165 len v tom pr\u00edpade, \u017ee sa niekto vyhr\u00e1\u017ea koal\u00edcii?&#8220;&nbsp;&nbsp;<\/em>Predseda Demokratov vyz\u00fdva ministra vn\u00fatra ale tie\u017e gener\u00e1lneho prokur\u00e1tora, aby sa dr\u017eali svojich vyhl\u00e1sen\u00ed a tie\u017e z\u00e1konov, ktor\u00e9 nemaj\u00fa rozli\u0161ova\u0165 \u010di ide o koali\u010dn\u00e9ho alebo opozi\u010dn\u00e9ho politika.&nbsp;<\/p>\n\n\n\n<p>Viac sa do\u010d\u00edtate v stanovisku J. Na\u010fa:<\/p>\n\n\n\n<iframe src=\"https:\/\/www.facebook.com\/plugins\/post.php?href=https%3A%2F%2Fwww.facebook.com%2FJaroNadPublic%2Fposts%2Fpfbid0KQBCEXUeGebKXeqX3oEnzoXNQnd9gvxyjuD6zYBcbxdyFgLXuvLueyF2sPdLKFgXl&#038;show_text=true&#038;width=500\" width=\"500\" height=\"680\" style=\"border:none;overflow:hidden\" scrolling=\"no\" frameborder=\"0\" allowfullscreen=\"true\" allow=\"autoplay; clipboard-write; encrypted-media; picture-in-picture; web-share\"><\/iframe>\n","protected":false},"excerpt":{"rendered":"<p>Mu\u017e, ktor\u00fd sa vyhr\u00e1\u017eal Jaroslavovi Na\u010fovi a Eduardovi Hegerovi, \u017ee ich &#8222;odstr\u00e1ni a odp\u00e1li&#8220;, sp\u00e1chal pod\u013ea pol\u00edcie iba priestupok. Demokrati poukazuj\u00fa na dvojak\u00fd meter, kedy sa vyhr\u00e1\u017eky koali\u010dn\u00fdm predstavite\u013eom rie\u0161ia v superr\u00fdchlom konan\u00ed, pr\u00edslu\u0161n\u00edci NAKA vykop\u00e1vaj\u00fa za podobn\u00e9 koment\u00e1re podozriv\u00fdm dvere, no opoz\u00edcia si pri rovnakom scen\u00e1ri mus\u00ed vysta\u010di\u0165 s t\u00fdm, \u017ee p\u00e1chate\u013e sa dopustil [&hellip;]<\/p>\n","protected":false},"author":13,"featured_media":4954,"comment_status":"closed","ping_status":"closed","sticky":false,"template":"","format":"standard","meta":{"_acf_changed":false,"ngg_post_thumbnail":0,"footnotes":""},"categories":[4],"tags":[],"class_list":["post-4953","post","type-post","status-publish","format-standard","has-post-thumbnail","hentry","category-tlacove-spravy"],"acf":[],"yoast_head":"<!-- This site is optimized with the Yoast SEO plugin v27.2 - https:\/\/yoast.com\/product\/yoast-seo-wordpress\/ -->\n<title>Ke\u010f sa vyhr\u00e1\u017eaj\u00fa koal\u00edcii, pol\u00edcia kon\u00e1 v superr\u00fdchlom konan\u00ed, ke\u010f sa vyhr\u00e1\u017eaj\u00fa opoz\u00edcii, skutok sa nestal<\/title>\n<meta name=\"robots\" content=\"index, follow, max-snippet:-1, max-image-preview:large, max-video-preview:-1\" \/>\n<link rel=\"canonical\" href=\"https:\/\/www.smedemokrati.sk\/cs\/ked-sa-vyhrazaju-koalicii-policia-kona-v-superrychlom-konani-ked-sa-vyhrazaju-opozicii-skutok-sa-nestal\/\" \/>\n<meta property=\"og:locale\" content=\"cs_CZ\" \/>\n<meta property=\"og:locale:alternate\" content=\"en_US\" \/>\n<meta property=\"og:locale:alternate\" content=\"hu_HU\" \/>\n<meta property=\"og:locale:alternate\" content=\"sk_SK\" \/>\n<meta property=\"og:locale:alternate\" content=\"sv_SE\" \/>\n<meta property=\"og:type\" content=\"article\" \/>\n<meta property=\"og:title\" content=\"Ke\u010f sa vyhr\u00e1\u017eaj\u00fa koal\u00edcii, pol\u00edcia kon\u00e1 v superr\u00fdchlom konan\u00ed, ke\u010f sa vyhr\u00e1\u017eaj\u00fa opoz\u00edcii, skutok sa nestal\" \/>\n<meta property=\"og:description\" content=\"Mu\u017e, ktor\u00fd sa vyhr\u00e1\u017eal Jaroslavovi Na\u010fovi a Eduardovi Hegerovi, \u017ee ich &#8222;odstr\u00e1ni a odp\u00e1li&#8220;, sp\u00e1chal pod\u013ea pol\u00edcie iba priestupok. Demokrati poukazuj\u00fa na dvojak\u00fd meter, kedy sa vyhr\u00e1\u017eky koali\u010dn\u00fdm predstavite\u013eom rie\u0161ia v superr\u00fdchlom konan\u00ed, pr\u00edslu\u0161n\u00edci NAKA vykop\u00e1vaj\u00fa za podobn\u00e9 koment\u00e1re podozriv\u00fdm dvere, no opoz\u00edcia si pri rovnakom scen\u00e1ri mus\u00ed vysta\u010di\u0165 s t\u00fdm, \u017ee p\u00e1chate\u013e sa dopustil [&hellip;]\" \/>\n<meta property=\"og:url\" content=\"https:\/\/www.smedemokrati.sk\/cs\/ked-sa-vyhrazaju-koalicii-policia-kona-v-superrychlom-konani-ked-sa-vyhrazaju-opozicii-skutok-sa-nestal\/\" \/>\n<meta property=\"og:site_name\" content=\"Smedemokrati.sk\" \/>\n<meta property=\"article:publisher\" content=\"https:\/\/www.facebook.com\/smedemokrati2023\" \/>\n<meta property=\"article:published_time\" content=\"2024-08-20T13:36:21+00:00\" \/>\n<meta property=\"article:modified_time\" content=\"2024-09-05T08:51:41+00:00\" \/>\n<meta property=\"og:image\" content=\"https:\/\/www.smedemokrati.sk\/wp-content\/uploads\/2024\/08\/uznesenie.jpg\" \/>\n\t<meta property=\"og:image:width\" content=\"2048\" \/>\n\t<meta property=\"og:image:height\" content=\"1760\" \/>\n\t<meta property=\"og:image:type\" content=\"image\/jpeg\" \/>\n<meta name=\"author\" content=\"miro.sopko\" \/>\n<meta name=\"twitter:card\" content=\"summary_large_image\" \/>\n<meta name=\"twitter:label1\" content=\"Napsal(a)\" \/>\n\t<meta name=\"twitter:data1\" content=\"miro.sopko\" \/>\n\t<meta name=\"twitter:label2\" content=\"Odhadovan\u00e1 doba \u010dten\u00ed\" \/>\n\t<meta name=\"twitter:data2\" content=\"2 minuty\" \/>\n<script type=\"application\/ld+json\" class=\"yoast-schema-graph\">{\"@context\":\"https:\/\/schema.org\",\"@graph\":[{\"@type\":\"Article\",\"@id\":\"https:\/\/www.smedemokrati.sk\/ked-sa-vyhrazaju-koalicii-policia-kona-v-superrychlom-konani-ked-sa-vyhrazaju-opozicii-skutok-sa-nestal\/#article\",\"isPartOf\":{\"@id\":\"https:\/\/www.smedemokrati.sk\/ked-sa-vyhrazaju-koalicii-policia-kona-v-superrychlom-konani-ked-sa-vyhrazaju-opozicii-skutok-sa-nestal\/\"},\"author\":{\"name\":\"miro.sopko\",\"@id\":\"https:\/\/www.smedemokrati.sk\/#\/schema\/person\/21f147c88d605aa7ded900e1e7c344ba\"},\"headline\":\"Ke\u010f sa vyhr\u00e1\u017eaj\u00fa koal\u00edcii, pol\u00edcia kon\u00e1 v superr\u00fdchlom konan\u00ed, ke\u010f sa vyhr\u00e1\u017eaj\u00fa opoz\u00edcii, skutok sa nestal\",\"datePublished\":\"2024-08-20T13:36:21+00:00\",\"dateModified\":\"2024-09-05T08:51:41+00:00\",\"mainEntityOfPage\":{\"@id\":\"https:\/\/www.smedemokrati.sk\/ked-sa-vyhrazaju-koalicii-policia-kona-v-superrychlom-konani-ked-sa-vyhrazaju-opozicii-skutok-sa-nestal\/\"},\"wordCount\":403,\"publisher\":{\"@id\":\"https:\/\/www.smedemokrati.sk\/#organization\"},\"image\":{\"@id\":\"https:\/\/www.smedemokrati.sk\/ked-sa-vyhrazaju-koalicii-policia-kona-v-superrychlom-konani-ked-sa-vyhrazaju-opozicii-skutok-sa-nestal\/#primaryimage\"},\"thumbnailUrl\":\"https:\/\/www.smedemokrati.sk\/wp-content\/uploads\/2024\/08\/uznesenie.jpg\",\"articleSection\":[\"Tla\u010dov\u00e9 spr\u00e1vy\"],\"inLanguage\":\"cs-CZ\"},{\"@type\":\"WebPage\",\"@id\":\"https:\/\/www.smedemokrati.sk\/ked-sa-vyhrazaju-koalicii-policia-kona-v-superrychlom-konani-ked-sa-vyhrazaju-opozicii-skutok-sa-nestal\/\",\"url\":\"https:\/\/www.smedemokrati.sk\/ked-sa-vyhrazaju-koalicii-policia-kona-v-superrychlom-konani-ked-sa-vyhrazaju-opozicii-skutok-sa-nestal\/\",\"name\":\"Ke\u010f sa vyhr\u00e1\u017eaj\u00fa koal\u00edcii, pol\u00edcia kon\u00e1 v superr\u00fdchlom konan\u00ed, ke\u010f sa vyhr\u00e1\u017eaj\u00fa opoz\u00edcii, skutok sa nestal\",\"isPartOf\":{\"@id\":\"https:\/\/www.smedemokrati.sk\/#website\"},\"primaryImageOfPage\":{\"@id\":\"https:\/\/www.smedemokrati.sk\/ked-sa-vyhrazaju-koalicii-policia-kona-v-superrychlom-konani-ked-sa-vyhrazaju-opozicii-skutok-sa-nestal\/#primaryimage\"},\"image\":{\"@id\":\"https:\/\/www.smedemokrati.sk\/ked-sa-vyhrazaju-koalicii-policia-kona-v-superrychlom-konani-ked-sa-vyhrazaju-opozicii-skutok-sa-nestal\/#primaryimage\"},\"thumbnailUrl\":\"https:\/\/www.smedemokrati.sk\/wp-content\/uploads\/2024\/08\/uznesenie.jpg\",\"datePublished\":\"2024-08-20T13:36:21+00:00\",\"dateModified\":\"2024-09-05T08:51:41+00:00\",\"breadcrumb\":{\"@id\":\"https:\/\/www.smedemokrati.sk\/ked-sa-vyhrazaju-koalicii-policia-kona-v-superrychlom-konani-ked-sa-vyhrazaju-opozicii-skutok-sa-nestal\/#breadcrumb\"},\"inLanguage\":\"cs-CZ\",\"potentialAction\":[{\"@type\":\"ReadAction\",\"target\":[\"https:\/\/www.smedemokrati.sk\/ked-sa-vyhrazaju-koalicii-policia-kona-v-superrychlom-konani-ked-sa-vyhrazaju-opozicii-skutok-sa-nestal\/\"]}]},{\"@type\":\"ImageObject\",\"inLanguage\":\"cs-CZ\",\"@id\":\"https:\/\/www.smedemokrati.sk\/ked-sa-vyhrazaju-koalicii-policia-kona-v-superrychlom-konani-ked-sa-vyhrazaju-opozicii-skutok-sa-nestal\/#primaryimage\",\"url\":\"https:\/\/www.smedemokrati.sk\/wp-content\/uploads\/2024\/08\/uznesenie.jpg\",\"contentUrl\":\"https:\/\/www.smedemokrati.sk\/wp-content\/uploads\/2024\/08\/uznesenie.jpg\",\"width\":2048,\"height\":1760},{\"@type\":\"BreadcrumbList\",\"@id\":\"https:\/\/www.smedemokrati.sk\/ked-sa-vyhrazaju-koalicii-policia-kona-v-superrychlom-konani-ked-sa-vyhrazaju-opozicii-skutok-sa-nestal\/#breadcrumb\",\"itemListElement\":[{\"@type\":\"ListItem\",\"position\":1,\"name\":\"Domovsk\u00e1 str\u00e1nka\",\"item\":\"https:\/\/www.smedemokrati.sk\/\"},{\"@type\":\"ListItem\",\"position\":2,\"name\":\"Ke\u010f sa vyhr\u00e1\u017eaj\u00fa koal\u00edcii, pol\u00edcia kon\u00e1 v superr\u00fdchlom konan\u00ed, ke\u010f sa vyhr\u00e1\u017eaj\u00fa opoz\u00edcii, skutok sa nestal\"}]},{\"@type\":\"WebSite\",\"@id\":\"https:\/\/www.smedemokrati.sk\/#website\",\"url\":\"https:\/\/www.smedemokrati.sk\/\",\"name\":\"Smedemokrati.sk\",\"description\":\"Demokracia a slu\u0161nos\u0165 zv\u00ed\u0165az\u00ed\",\"publisher\":{\"@id\":\"https:\/\/www.smedemokrati.sk\/#organization\"},\"potentialAction\":[{\"@type\":\"SearchAction\",\"target\":{\"@type\":\"EntryPoint\",\"urlTemplate\":\"https:\/\/www.smedemokrati.sk\/?s={search_term_string}\"},\"query-input\":{\"@type\":\"PropertyValueSpecification\",\"valueRequired\":true,\"valueName\":\"search_term_string\"}}],\"inLanguage\":\"cs-CZ\"},{\"@type\":\"Organization\",\"@id\":\"https:\/\/www.smedemokrati.sk\/#organization\",\"name\":\"Smedemokrati.sk\",\"url\":\"https:\/\/www.smedemokrati.sk\/\",\"logo\":{\"@type\":\"ImageObject\",\"inLanguage\":\"cs-CZ\",\"@id\":\"https:\/\/www.smedemokrati.sk\/#\/schema\/logo\/image\/\",\"url\":\"https:\/\/www.smedemokrati.sk\/wp-content\/uploads\/2023\/04\/ff.002.jpeg\",\"contentUrl\":\"https:\/\/www.smedemokrati.sk\/wp-content\/uploads\/2023\/04\/ff.002.jpeg\",\"width\":640,\"height\":480,\"caption\":\"Smedemokrati.sk\"},\"image\":{\"@id\":\"https:\/\/www.smedemokrati.sk\/#\/schema\/logo\/image\/\"},\"sameAs\":[\"https:\/\/www.facebook.com\/smedemokrati2023\"]},{\"@type\":\"Person\",\"@id\":\"https:\/\/www.smedemokrati.sk\/#\/schema\/person\/21f147c88d605aa7ded900e1e7c344ba\",\"name\":\"miro.sopko\",\"image\":{\"@type\":\"ImageObject\",\"inLanguage\":\"cs-CZ\",\"@id\":\"https:\/\/secure.gravatar.com\/avatar\/267e4a36f704376c109afe3a78740c1f5dd8675a2180a908699e7863c9247606?s=96&d=mm&r=g\",\"url\":\"https:\/\/secure.gravatar.com\/avatar\/267e4a36f704376c109afe3a78740c1f5dd8675a2180a908699e7863c9247606?s=96&d=mm&r=g\",\"contentUrl\":\"https:\/\/secure.gravatar.com\/avatar\/267e4a36f704376c109afe3a78740c1f5dd8675a2180a908699e7863c9247606?s=96&d=mm&r=g\",\"caption\":\"miro.sopko\"},\"url\":\"https:\/\/www.smedemokrati.sk\/cs\/author\/miro-sopko\/\"}]}<\/script>\n<!-- \/ Yoast SEO plugin. -->","yoast_head_json":{"title":"Ke\u010f sa vyhr\u00e1\u017eaj\u00fa koal\u00edcii, pol\u00edcia kon\u00e1 v superr\u00fdchlom konan\u00ed, ke\u010f sa vyhr\u00e1\u017eaj\u00fa opoz\u00edcii, skutok sa nestal","robots":{"index":"index","follow":"follow","max-snippet":"max-snippet:-1","max-image-preview":"max-image-preview:large","max-video-preview":"max-video-preview:-1"},"canonical":"https:\/\/www.smedemokrati.sk\/cs\/ked-sa-vyhrazaju-koalicii-policia-kona-v-superrychlom-konani-ked-sa-vyhrazaju-opozicii-skutok-sa-nestal\/","og_locale":"cs_CZ","og_type":"article","og_title":"[:sk]Ke\u010f sa vyhr\u00e1\u017eaj\u00fa koal\u00edcii, pol\u00edcia kon\u00e1 v superr\u00fdchlom konan\u00ed, ke\u010f sa vyhr\u00e1\u017eaj\u00fa opoz\u00edcii, skutok sa nestal[:] - Smedemokrati.sk","og_description":"Mu\u017e, ktor\u00fd sa vyhr\u00e1\u017eal Jaroslavovi Na\u010fovi a Eduardovi Hegerovi, \u017ee ich &#8222;odstr\u00e1ni a odp\u00e1li&#8220;, sp\u00e1chal pod\u013ea pol\u00edcie iba priestupok. Demokrati poukazuj\u00fa na dvojak\u00fd meter, kedy sa vyhr\u00e1\u017eky koali\u010dn\u00fdm predstavite\u013eom rie\u0161ia v superr\u00fdchlom konan\u00ed, pr\u00edslu\u0161n\u00edci NAKA vykop\u00e1vaj\u00fa za podobn\u00e9 koment\u00e1re podozriv\u00fdm dvere, no opoz\u00edcia si pri rovnakom scen\u00e1ri mus\u00ed vysta\u010di\u0165 s t\u00fdm, \u017ee p\u00e1chate\u013e sa dopustil [&hellip;]","og_url":"https:\/\/www.smedemokrati.sk\/cs\/ked-sa-vyhrazaju-koalicii-policia-kona-v-superrychlom-konani-ked-sa-vyhrazaju-opozicii-skutok-sa-nestal\/","og_site_name":"Smedemokrati.sk","article_publisher":"https:\/\/www.facebook.com\/smedemokrati2023","article_published_time":"2024-08-20T13:36:21+00:00","article_modified_time":"2024-09-05T08:51:41+00:00","og_image":[{"width":2048,"height":1760,"url":"https:\/\/www.smedemokrati.sk\/wp-content\/uploads\/2024\/08\/uznesenie.jpg","type":"image\/jpeg"}],"author":"miro.sopko","twitter_card":"summary_large_image","twitter_misc":{"Napsal(a)":"miro.sopko","Odhadovan\u00e1 doba \u010dten\u00ed":"2 minuty"},"schema":{"@context":"https:\/\/schema.org","@graph":[{"@type":"Article","@id":"https:\/\/www.smedemokrati.sk\/ked-sa-vyhrazaju-koalicii-policia-kona-v-superrychlom-konani-ked-sa-vyhrazaju-opozicii-skutok-sa-nestal\/#article","isPartOf":{"@id":"https:\/\/www.smedemokrati.sk\/ked-sa-vyhrazaju-koalicii-policia-kona-v-superrychlom-konani-ked-sa-vyhrazaju-opozicii-skutok-sa-nestal\/"},"author":{"name":"miro.sopko","@id":"https:\/\/www.smedemokrati.sk\/#\/schema\/person\/21f147c88d605aa7ded900e1e7c344ba"},"headline":"Ke\u010f sa vyhr\u00e1\u017eaj\u00fa koal\u00edcii, pol\u00edcia kon\u00e1 v superr\u00fdchlom konan\u00ed, ke\u010f sa vyhr\u00e1\u017eaj\u00fa opoz\u00edcii, skutok sa nestal","datePublished":"2024-08-20T13:36:21+00:00","dateModified":"2024-09-05T08:51:41+00:00","mainEntityOfPage":{"@id":"https:\/\/www.smedemokrati.sk\/ked-sa-vyhrazaju-koalicii-policia-kona-v-superrychlom-konani-ked-sa-vyhrazaju-opozicii-skutok-sa-nestal\/"},"wordCount":403,"publisher":{"@id":"https:\/\/www.smedemokrati.sk\/#organization"},"image":{"@id":"https:\/\/www.smedemokrati.sk\/ked-sa-vyhrazaju-koalicii-policia-kona-v-superrychlom-konani-ked-sa-vyhrazaju-opozicii-skutok-sa-nestal\/#primaryimage"},"thumbnailUrl":"https:\/\/www.smedemokrati.sk\/wp-content\/uploads\/2024\/08\/uznesenie.jpg","articleSection":["Tla\u010dov\u00e9 spr\u00e1vy"],"inLanguage":"cs-CZ"},{"@type":"WebPage","@id":"https:\/\/www.smedemokrati.sk\/ked-sa-vyhrazaju-koalicii-policia-kona-v-superrychlom-konani-ked-sa-vyhrazaju-opozicii-skutok-sa-nestal\/","url":"https:\/\/www.smedemokrati.sk\/ked-sa-vyhrazaju-koalicii-policia-kona-v-superrychlom-konani-ked-sa-vyhrazaju-opozicii-skutok-sa-nestal\/","name":"Ke\u010f sa vyhr\u00e1\u017eaj\u00fa koal\u00edcii, pol\u00edcia kon\u00e1 v superr\u00fdchlom konan\u00ed, ke\u010f sa vyhr\u00e1\u017eaj\u00fa opoz\u00edcii, skutok sa nestal","isPartOf":{"@id":"https:\/\/www.smedemokrati.sk\/#website"},"primaryImageOfPage":{"@id":"https:\/\/www.smedemokrati.sk\/ked-sa-vyhrazaju-koalicii-policia-kona-v-superrychlom-konani-ked-sa-vyhrazaju-opozicii-skutok-sa-nestal\/#primaryimage"},"image":{"@id":"https:\/\/www.smedemokrati.sk\/ked-sa-vyhrazaju-koalicii-policia-kona-v-superrychlom-konani-ked-sa-vyhrazaju-opozicii-skutok-sa-nestal\/#primaryimage"},"thumbnailUrl":"https:\/\/www.smedemokrati.sk\/wp-content\/uploads\/2024\/08\/uznesenie.jpg","datePublished":"2024-08-20T13:36:21+00:00","dateModified":"2024-09-05T08:51:41+00:00","breadcrumb":{"@id":"https:\/\/www.smedemokrati.sk\/ked-sa-vyhrazaju-koalicii-policia-kona-v-superrychlom-konani-ked-sa-vyhrazaju-opozicii-skutok-sa-nestal\/#breadcrumb"},"inLanguage":"cs-CZ","potentialAction":[{"@type":"ReadAction","target":["https:\/\/www.smedemokrati.sk\/ked-sa-vyhrazaju-koalicii-policia-kona-v-superrychlom-konani-ked-sa-vyhrazaju-opozicii-skutok-sa-nestal\/"]}]},{"@type":"ImageObject","inLanguage":"cs-CZ","@id":"https:\/\/www.smedemokrati.sk\/ked-sa-vyhrazaju-koalicii-policia-kona-v-superrychlom-konani-ked-sa-vyhrazaju-opozicii-skutok-sa-nestal\/#primaryimage","url":"https:\/\/www.smedemokrati.sk\/wp-content\/uploads\/2024\/08\/uznesenie.jpg","contentUrl":"https:\/\/www.smedemokrati.sk\/wp-content\/uploads\/2024\/08\/uznesenie.jpg","width":2048,"height":1760},{"@type":"BreadcrumbList","@id":"https:\/\/www.smedemokrati.sk\/ked-sa-vyhrazaju-koalicii-policia-kona-v-superrychlom-konani-ked-sa-vyhrazaju-opozicii-skutok-sa-nestal\/#breadcrumb","itemListElement":[{"@type":"ListItem","position":1,"name":"Domovsk\u00e1 str\u00e1nka","item":"https:\/\/www.smedemokrati.sk\/"},{"@type":"ListItem","position":2,"name":"Ke\u010f sa vyhr\u00e1\u017eaj\u00fa koal\u00edcii, pol\u00edcia kon\u00e1 v superr\u00fdchlom konan\u00ed, ke\u010f sa vyhr\u00e1\u017eaj\u00fa opoz\u00edcii, skutok sa nestal"}]},{"@type":"WebSite","@id":"https:\/\/www.smedemokrati.sk\/#website","url":"https:\/\/www.smedemokrati.sk\/","name":"Smedemokrati.sk","description":"Demokracia a slu\u0161nos\u0165 zv\u00ed\u0165az\u00ed","publisher":{"@id":"https:\/\/www.smedemokrati.sk\/#organization"},"potentialAction":[{"@type":"SearchAction","target":{"@type":"EntryPoint","urlTemplate":"https:\/\/www.smedemokrati.sk\/?s={search_term_string}"},"query-input":{"@type":"PropertyValueSpecification","valueRequired":true,"valueName":"search_term_string"}}],"inLanguage":"cs-CZ"},{"@type":"Organization","@id":"https:\/\/www.smedemokrati.sk\/#organization","name":"Smedemokrati.sk","url":"https:\/\/www.smedemokrati.sk\/","logo":{"@type":"ImageObject","inLanguage":"cs-CZ","@id":"https:\/\/www.smedemokrati.sk\/#\/schema\/logo\/image\/","url":"https:\/\/www.smedemokrati.sk\/wp-content\/uploads\/2023\/04\/ff.002.jpeg","contentUrl":"https:\/\/www.smedemokrati.sk\/wp-content\/uploads\/2023\/04\/ff.002.jpeg","width":640,"height":480,"caption":"Smedemokrati.sk"},"image":{"@id":"https:\/\/www.smedemokrati.sk\/#\/schema\/logo\/image\/"},"sameAs":["https:\/\/www.facebook.com\/smedemokrati2023"]},{"@type":"Person","@id":"https:\/\/www.smedemokrati.sk\/#\/schema\/person\/21f147c88d605aa7ded900e1e7c344ba","name":"miro.sopko","image":{"@type":"ImageObject","inLanguage":"cs-CZ","@id":"https:\/\/secure.gravatar.com\/avatar\/267e4a36f704376c109afe3a78740c1f5dd8675a2180a908699e7863c9247606?s=96&d=mm&r=g","url":"https:\/\/secure.gravatar.com\/avatar\/267e4a36f704376c109afe3a78740c1f5dd8675a2180a908699e7863c9247606?s=96&d=mm&r=g","contentUrl":"https:\/\/secure.gravatar.com\/avatar\/267e4a36f704376c109afe3a78740c1f5dd8675a2180a908699e7863c9247606?s=96&d=mm&r=g","caption":"miro.sopko"},"url":"https:\/\/www.smedemokrati.sk\/cs\/author\/miro-sopko\/"}]}},"_links":{"self":[{"href":"https:\/\/www.smedemokrati.sk\/cs\/wp-json\/wp\/v2\/posts\/4953","targetHints":{"allow":["GET"]}}],"collection":[{"href":"https:\/\/www.smedemokrati.sk\/cs\/wp-json\/wp\/v2\/posts"}],"about":[{"href":"https:\/\/www.smedemokrati.sk\/cs\/wp-json\/wp\/v2\/types\/post"}],"author":[{"embeddable":true,"href":"https:\/\/www.smedemokrati.sk\/cs\/wp-json\/wp\/v2\/users\/13"}],"replies":[{"embeddable":true,"href":"https:\/\/www.smedemokrati.sk\/cs\/wp-json\/wp\/v2\/comments?post=4953"}],"version-history":[{"count":2,"href":"https:\/\/www.smedemokrati.sk\/cs\/wp-json\/wp\/v2\/posts\/4953\/revisions"}],"predecessor-version":[{"id":4957,"href":"https:\/\/www.smedemokrati.sk\/cs\/wp-json\/wp\/v2\/posts\/4953\/revisions\/4957"}],"wp:featuredmedia":[{"embeddable":true,"href":"https:\/\/www.smedemokrati.sk\/cs\/wp-json\/wp\/v2\/media\/4954"}],"wp:attachment":[{"href":"https:\/\/www.smedemokrati.sk\/cs\/wp-json\/wp\/v2\/media?parent=4953"}],"wp:term":[{"taxonomy":"category","embeddable":true,"href":"https:\/\/www.smedemokrati.sk\/cs\/wp-json\/wp\/v2\/categories?post=4953"},{"taxonomy":"post_tag","embeddable":true,"href":"https:\/\/www.smedemokrati.sk\/cs\/wp-json\/wp\/v2\/tags?post=4953"}],"curies":[{"name":"wp","href":"https:\/\/api.w.org\/{rel}","templated":true}]}}