{"id":4947,"date":"2024-08-20T11:14:27","date_gmt":"2024-08-20T10:14:27","guid":{"rendered":"https:\/\/www.smedemokrati.sk\/?p=4947"},"modified":"2024-09-04T12:16:06","modified_gmt":"2024-09-04T11:16:06","slug":"hladali-sme-firmu-ktorej-simkovicova-zverila-kastiel-v-budmericiach-zistili-sme-dalsie-pochybnosti","status":"publish","type":"post","link":"https:\/\/www.smedemokrati.sk\/cs\/hladali-sme-firmu-ktorej-simkovicova-zverila-kastiel-v-budmericiach-zistili-sme-dalsie-pochybnosti\/","title":{"rendered":"H\u013eadali sme firmu, ktorej \u0160imkovi\u010dov\u00e1 zverila ka\u0161tie\u013e v Budmericiach, zistili sme \u010fal\u0161ie pochybnosti"},"content":{"rendered":"<div id=\"fb-root\"><\/div>\n\n<p><strong>\u017diadne riadne s\u00eddlo, web, zamestnanci, tr\u017eby ani sk\u00fasenosti v oblasti kult\u00fary. Aj tak vyzer\u00e1 firma, ktor\u00e1 m\u00e1 po novom spravova\u0165 ka\u0161tie\u013e v Budmericiach.&nbsp;<\/strong><\/p>\n\n\n\n<p>Ministerstvo kult\u00fary pod veden\u00edm SNS najprv zatvorilo \u013eu\u010fom uprostred leta ka\u0161tie\u013e v Budmericiach t\u00fdm, \u017ee zru\u0161ilo dobre rozbehnut\u00fa spolupr\u00e1cu s tamoj\u0161\u00edm obecn\u00fdm podnikom. Po tom, \u010do Transparency International Slovensko upozornilo na podozriv\u00fa mikrofirmu z C\u00edfera, ktor\u00e1 ma ka\u0161tie\u013e po novom spravova\u0165, boli sme ju osobne h\u013eada\u0165. \u201e<em>Zistili sme, \u017ee do firmy sa ani nedoklopete. Zanedban\u00e9 dvere v zastaranej budove nasved\u010duj\u00fa, \u017ee nem\u00e1 riadne s\u00eddlo ani ozna\u010denie. Nem\u00e1 svoj web, takmer \u017eiadnych zamestnancov a len minim\u00e1lne tr\u017eby. V\u00e1\u017ene pochybnosti vzbudzuje aj to, \u017ee pod\u013ea obchodn\u00e9ho registra nem\u00e1 firma KRINO stav s. r. o. \u017eiadne sk\u00fasenosti so spr\u00e1vou n\u00e1rodn\u00fdch kult\u00farnych pamiatok. Prim\u00e1rne ide o stavebn\u00fa firmu s nejasn\u00fdmi aktivitami,&#8220;<\/em>\u00a0upozornil b\u00fdval\u00fd predseda kult\u00farneho v\u00fdboru Kristi\u00e1n \u010cekovsk\u00fd.\u00a0<\/p>\n\n\n\n<p>Pod\u013ea Demokratov je to d\u00f4sledok \u010fal\u0161ieho &#8222;z\u00e1zraku&#8220; na po\u010dkanie z dielne SNS. Podobne, ako minister Taraba na\u0161iel svojho pr\u00e1vnika vo svojom susedstve, tak ministerka \u0160imkovi\u010dov\u00e1 vybrala nov\u00e9ho spr\u00e1vcu ka\u0161tie\u013ea iba za p\u00e1r dn\u00ed, bez s\u00fa\u0165a\u017ee a bez jasne stanoven\u00fdch krit\u00e9ri\u00ed.\u00a0<em>\u201e\u010eal\u0161\u00edm probl\u00e9mom je, \u017ee SNS t\u00fdmto likviduje soci\u00e1lny podnik v Budmericiach, ktor\u00fd doteraz ka\u0161tie\u013e spravoval a zamestn\u00e1val pritom nieko\u013ek\u00fdch zdravotne postihnut\u00fdch \u013eud\u00ed. Namiesto toho odovzd\u00e1va spr\u00e1vu ka\u0161tie\u013ea nezn\u00e1mej s\u00fakromnej firme, ktor\u00e1 sa navy\u0161e jav\u00ed ako schr\u00e1nkov\u00e1. Samozrejme, za viac pe\u0148az\u00ed, \u010do ned\u00e1va ani ekonomick\u00fd zmysel,&#8220;<\/em>\u00a0doplnil \u010dlen strany Michal Pavl\u00edk s t\u00fdm, \u017ee vl\u00e1da navonok deklaruje podporu soci\u00e1lnym podnikom.\u00a0<\/p>\n\n\n\n<p><em>\u00a0\u201e\u010co je n\u00e1rodnej\u0161ie a soci\u00e1lnej\u0161ie, ako zobra\u0165 ka\u0161tie\u013e obecn\u00e9mu podniku a da\u0165 ho do r\u00fak nezn\u00e1mej mikrofirme z C\u00edfera. Azda u\u017e len nar\u00fa\u0161a\u0165 divadeln\u00e9 predstavenia. Je to \u010fal\u0161\u00ed \u0161kand\u00e1l a hanba SNS vo veden\u00ed rezortov,&#8220;<\/em>\u00a0uzavrel Kristi\u00e1n \u010cekovsk\u00fd.<\/p>\n\n\n<div class=\"fb-video\" data-href=\"https:\/\/fb.watch\/u45FxqNQHw\" data-allowfullscreen=\"true\" data-autoplay=\"false\" data-width=\"\" data-show-text=\"false\" data-show-captions=\"true\"><\/div>\n","protected":false},"excerpt":{"rendered":"<p>\u017diadne riadne s\u00eddlo, web, zamestnanci, tr\u017eby ani sk\u00fasenosti v oblasti kult\u00fary. Aj tak vyzer\u00e1 firma, ktor\u00e1 m\u00e1 po novom spravova\u0165 ka\u0161tie\u013e v Budmericiach.&nbsp; Ministerstvo kult\u00fary pod veden\u00edm SNS najprv zatvorilo \u013eu\u010fom uprostred leta ka\u0161tie\u013e v Budmericiach t\u00fdm, \u017ee zru\u0161ilo dobre rozbehnut\u00fa spolupr\u00e1cu s tamoj\u0161\u00edm obecn\u00fdm podnikom. Po tom, \u010do Transparency International Slovensko upozornilo na podozriv\u00fa [&hellip;]<\/p>\n","protected":false},"author":13,"featured_media":4948,"comment_status":"closed","ping_status":"closed","sticky":false,"template":"","format":"standard","meta":{"_acf_changed":false,"ngg_post_thumbnail":0,"footnotes":""},"categories":[4],"tags":[],"class_list":["post-4947","post","type-post","status-publish","format-standard","has-post-thumbnail","hentry","category-tlacove-spravy"],"acf":[],"yoast_head":"<!-- This site is optimized with the Yoast SEO plugin v27.2 - https:\/\/yoast.com\/product\/yoast-seo-wordpress\/ -->\n<title>H\u013eadali sme firmu, ktorej \u0160imkovi\u010dov\u00e1 zverila ka\u0161tie\u013e v Budmericiach, zistili sme \u010fal\u0161ie pochybnosti<\/title>\n<meta name=\"robots\" content=\"index, follow, max-snippet:-1, max-image-preview:large, max-video-preview:-1\" \/>\n<link rel=\"canonical\" href=\"https:\/\/www.smedemokrati.sk\/cs\/hladali-sme-firmu-ktorej-simkovicova-zverila-kastiel-v-budmericiach-zistili-sme-dalsie-pochybnosti\/\" \/>\n<meta property=\"og:locale\" content=\"cs_CZ\" \/>\n<meta property=\"og:locale:alternate\" content=\"en_US\" \/>\n<meta property=\"og:locale:alternate\" content=\"hu_HU\" \/>\n<meta property=\"og:locale:alternate\" content=\"sk_SK\" \/>\n<meta property=\"og:locale:alternate\" content=\"sv_SE\" \/>\n<meta property=\"og:type\" content=\"article\" \/>\n<meta property=\"og:title\" content=\"H\u013eadali sme firmu, ktorej \u0160imkovi\u010dov\u00e1 zverila ka\u0161tie\u013e v Budmericiach, zistili sme \u010fal\u0161ie pochybnosti\" \/>\n<meta property=\"og:description\" content=\"\u017diadne riadne s\u00eddlo, web, zamestnanci, tr\u017eby ani sk\u00fasenosti v oblasti kult\u00fary. Aj tak vyzer\u00e1 firma, ktor\u00e1 m\u00e1 po novom spravova\u0165 ka\u0161tie\u013e v Budmericiach.&nbsp; Ministerstvo kult\u00fary pod veden\u00edm SNS najprv zatvorilo \u013eu\u010fom uprostred leta ka\u0161tie\u013e v Budmericiach t\u00fdm, \u017ee zru\u0161ilo dobre rozbehnut\u00fa spolupr\u00e1cu s tamoj\u0161\u00edm obecn\u00fdm podnikom. Po tom, \u010do Transparency International Slovensko upozornilo na podozriv\u00fa [&hellip;]\" \/>\n<meta property=\"og:url\" content=\"https:\/\/www.smedemokrati.sk\/cs\/hladali-sme-firmu-ktorej-simkovicova-zverila-kastiel-v-budmericiach-zistili-sme-dalsie-pochybnosti\/\" \/>\n<meta property=\"og:site_name\" content=\"Smedemokrati.sk\" \/>\n<meta property=\"article:publisher\" content=\"https:\/\/www.facebook.com\/smedemokrati2023\" \/>\n<meta property=\"article:published_time\" content=\"2024-08-20T10:14:27+00:00\" \/>\n<meta property=\"article:modified_time\" content=\"2024-09-04T11:16:06+00:00\" \/>\n<meta property=\"og:image\" content=\"https:\/\/www.smedemokrati.sk\/wp-content\/uploads\/2024\/08\/cekovsky-pavlik.jpg\" \/>\n\t<meta property=\"og:image:width\" content=\"612\" \/>\n\t<meta property=\"og:image:height\" content=\"735\" \/>\n\t<meta property=\"og:image:type\" content=\"image\/jpeg\" \/>\n<meta name=\"author\" content=\"miro.sopko\" \/>\n<meta name=\"twitter:card\" content=\"summary_large_image\" \/>\n<meta name=\"twitter:label1\" content=\"Napsal(a)\" \/>\n\t<meta name=\"twitter:data1\" content=\"miro.sopko\" \/>\n\t<meta name=\"twitter:label2\" content=\"Odhadovan\u00e1 doba \u010dten\u00ed\" \/>\n\t<meta name=\"twitter:data2\" content=\"2 minuty\" \/>\n<script type=\"application\/ld+json\" class=\"yoast-schema-graph\">{\"@context\":\"https:\/\/schema.org\",\"@graph\":[{\"@type\":\"Article\",\"@id\":\"https:\/\/www.smedemokrati.sk\/hladali-sme-firmu-ktorej-simkovicova-zverila-kastiel-v-budmericiach-zistili-sme-dalsie-pochybnosti\/#article\",\"isPartOf\":{\"@id\":\"https:\/\/www.smedemokrati.sk\/hladali-sme-firmu-ktorej-simkovicova-zverila-kastiel-v-budmericiach-zistili-sme-dalsie-pochybnosti\/\"},\"author\":{\"name\":\"miro.sopko\",\"@id\":\"https:\/\/www.smedemokrati.sk\/#\/schema\/person\/21f147c88d605aa7ded900e1e7c344ba\"},\"headline\":\"H\u013eadali sme firmu, ktorej \u0160imkovi\u010dov\u00e1 zverila ka\u0161tie\u013e v Budmericiach, zistili sme \u010fal\u0161ie pochybnosti\",\"datePublished\":\"2024-08-20T10:14:27+00:00\",\"dateModified\":\"2024-09-04T11:16:06+00:00\",\"mainEntityOfPage\":{\"@id\":\"https:\/\/www.smedemokrati.sk\/hladali-sme-firmu-ktorej-simkovicova-zverila-kastiel-v-budmericiach-zistili-sme-dalsie-pochybnosti\/\"},\"wordCount\":391,\"publisher\":{\"@id\":\"https:\/\/www.smedemokrati.sk\/#organization\"},\"image\":{\"@id\":\"https:\/\/www.smedemokrati.sk\/hladali-sme-firmu-ktorej-simkovicova-zverila-kastiel-v-budmericiach-zistili-sme-dalsie-pochybnosti\/#primaryimage\"},\"thumbnailUrl\":\"https:\/\/www.smedemokrati.sk\/wp-content\/uploads\/2024\/08\/cekovsky-pavlik.jpg\",\"articleSection\":[\"Tla\u010dov\u00e9 spr\u00e1vy\"],\"inLanguage\":\"cs-CZ\"},{\"@type\":\"WebPage\",\"@id\":\"https:\/\/www.smedemokrati.sk\/hladali-sme-firmu-ktorej-simkovicova-zverila-kastiel-v-budmericiach-zistili-sme-dalsie-pochybnosti\/\",\"url\":\"https:\/\/www.smedemokrati.sk\/hladali-sme-firmu-ktorej-simkovicova-zverila-kastiel-v-budmericiach-zistili-sme-dalsie-pochybnosti\/\",\"name\":\"H\u013eadali sme firmu, ktorej \u0160imkovi\u010dov\u00e1 zverila ka\u0161tie\u013e v Budmericiach, zistili sme \u010fal\u0161ie pochybnosti\",\"isPartOf\":{\"@id\":\"https:\/\/www.smedemokrati.sk\/#website\"},\"primaryImageOfPage\":{\"@id\":\"https:\/\/www.smedemokrati.sk\/hladali-sme-firmu-ktorej-simkovicova-zverila-kastiel-v-budmericiach-zistili-sme-dalsie-pochybnosti\/#primaryimage\"},\"image\":{\"@id\":\"https:\/\/www.smedemokrati.sk\/hladali-sme-firmu-ktorej-simkovicova-zverila-kastiel-v-budmericiach-zistili-sme-dalsie-pochybnosti\/#primaryimage\"},\"thumbnailUrl\":\"https:\/\/www.smedemokrati.sk\/wp-content\/uploads\/2024\/08\/cekovsky-pavlik.jpg\",\"datePublished\":\"2024-08-20T10:14:27+00:00\",\"dateModified\":\"2024-09-04T11:16:06+00:00\",\"breadcrumb\":{\"@id\":\"https:\/\/www.smedemokrati.sk\/hladali-sme-firmu-ktorej-simkovicova-zverila-kastiel-v-budmericiach-zistili-sme-dalsie-pochybnosti\/#breadcrumb\"},\"inLanguage\":\"cs-CZ\",\"potentialAction\":[{\"@type\":\"ReadAction\",\"target\":[\"https:\/\/www.smedemokrati.sk\/hladali-sme-firmu-ktorej-simkovicova-zverila-kastiel-v-budmericiach-zistili-sme-dalsie-pochybnosti\/\"]}]},{\"@type\":\"ImageObject\",\"inLanguage\":\"cs-CZ\",\"@id\":\"https:\/\/www.smedemokrati.sk\/hladali-sme-firmu-ktorej-simkovicova-zverila-kastiel-v-budmericiach-zistili-sme-dalsie-pochybnosti\/#primaryimage\",\"url\":\"https:\/\/www.smedemokrati.sk\/wp-content\/uploads\/2024\/08\/cekovsky-pavlik.jpg\",\"contentUrl\":\"https:\/\/www.smedemokrati.sk\/wp-content\/uploads\/2024\/08\/cekovsky-pavlik.jpg\",\"width\":612,\"height\":735},{\"@type\":\"BreadcrumbList\",\"@id\":\"https:\/\/www.smedemokrati.sk\/hladali-sme-firmu-ktorej-simkovicova-zverila-kastiel-v-budmericiach-zistili-sme-dalsie-pochybnosti\/#breadcrumb\",\"itemListElement\":[{\"@type\":\"ListItem\",\"position\":1,\"name\":\"Domovsk\u00e1 str\u00e1nka\",\"item\":\"https:\/\/www.smedemokrati.sk\/\"},{\"@type\":\"ListItem\",\"position\":2,\"name\":\"H\u013eadali sme firmu, ktorej \u0160imkovi\u010dov\u00e1 zverila ka\u0161tie\u013e v Budmericiach, zistili sme \u010fal\u0161ie pochybnosti\"}]},{\"@type\":\"WebSite\",\"@id\":\"https:\/\/www.smedemokrati.sk\/#website\",\"url\":\"https:\/\/www.smedemokrati.sk\/\",\"name\":\"Smedemokrati.sk\",\"description\":\"Demokracia a slu\u0161nos\u0165 zv\u00ed\u0165az\u00ed\",\"publisher\":{\"@id\":\"https:\/\/www.smedemokrati.sk\/#organization\"},\"potentialAction\":[{\"@type\":\"SearchAction\",\"target\":{\"@type\":\"EntryPoint\",\"urlTemplate\":\"https:\/\/www.smedemokrati.sk\/?s={search_term_string}\"},\"query-input\":{\"@type\":\"PropertyValueSpecification\",\"valueRequired\":true,\"valueName\":\"search_term_string\"}}],\"inLanguage\":\"cs-CZ\"},{\"@type\":\"Organization\",\"@id\":\"https:\/\/www.smedemokrati.sk\/#organization\",\"name\":\"Smedemokrati.sk\",\"url\":\"https:\/\/www.smedemokrati.sk\/\",\"logo\":{\"@type\":\"ImageObject\",\"inLanguage\":\"cs-CZ\",\"@id\":\"https:\/\/www.smedemokrati.sk\/#\/schema\/logo\/image\/\",\"url\":\"https:\/\/www.smedemokrati.sk\/wp-content\/uploads\/2023\/04\/ff.002.jpeg\",\"contentUrl\":\"https:\/\/www.smedemokrati.sk\/wp-content\/uploads\/2023\/04\/ff.002.jpeg\",\"width\":640,\"height\":480,\"caption\":\"Smedemokrati.sk\"},\"image\":{\"@id\":\"https:\/\/www.smedemokrati.sk\/#\/schema\/logo\/image\/\"},\"sameAs\":[\"https:\/\/www.facebook.com\/smedemokrati2023\"]},{\"@type\":\"Person\",\"@id\":\"https:\/\/www.smedemokrati.sk\/#\/schema\/person\/21f147c88d605aa7ded900e1e7c344ba\",\"name\":\"miro.sopko\",\"image\":{\"@type\":\"ImageObject\",\"inLanguage\":\"cs-CZ\",\"@id\":\"https:\/\/secure.gravatar.com\/avatar\/267e4a36f704376c109afe3a78740c1f5dd8675a2180a908699e7863c9247606?s=96&d=mm&r=g\",\"url\":\"https:\/\/secure.gravatar.com\/avatar\/267e4a36f704376c109afe3a78740c1f5dd8675a2180a908699e7863c9247606?s=96&d=mm&r=g\",\"contentUrl\":\"https:\/\/secure.gravatar.com\/avatar\/267e4a36f704376c109afe3a78740c1f5dd8675a2180a908699e7863c9247606?s=96&d=mm&r=g\",\"caption\":\"miro.sopko\"},\"url\":\"https:\/\/www.smedemokrati.sk\/cs\/author\/miro-sopko\/\"}]}<\/script>\n<!-- \/ Yoast SEO plugin. -->","yoast_head_json":{"title":"H\u013eadali sme firmu, ktorej \u0160imkovi\u010dov\u00e1 zverila ka\u0161tie\u013e v Budmericiach, zistili sme \u010fal\u0161ie pochybnosti","robots":{"index":"index","follow":"follow","max-snippet":"max-snippet:-1","max-image-preview":"max-image-preview:large","max-video-preview":"max-video-preview:-1"},"canonical":"https:\/\/www.smedemokrati.sk\/cs\/hladali-sme-firmu-ktorej-simkovicova-zverila-kastiel-v-budmericiach-zistili-sme-dalsie-pochybnosti\/","og_locale":"cs_CZ","og_type":"article","og_title":"[:sk]H\u013eadali sme firmu, ktorej \u0160imkovi\u010dov\u00e1 zverila ka\u0161tie\u013e v Budmericiach, zistili sme \u010fal\u0161ie pochybnosti[:] - Smedemokrati.sk","og_description":"\u017diadne riadne s\u00eddlo, web, zamestnanci, tr\u017eby ani sk\u00fasenosti v oblasti kult\u00fary. Aj tak vyzer\u00e1 firma, ktor\u00e1 m\u00e1 po novom spravova\u0165 ka\u0161tie\u013e v Budmericiach.&nbsp; Ministerstvo kult\u00fary pod veden\u00edm SNS najprv zatvorilo \u013eu\u010fom uprostred leta ka\u0161tie\u013e v Budmericiach t\u00fdm, \u017ee zru\u0161ilo dobre rozbehnut\u00fa spolupr\u00e1cu s tamoj\u0161\u00edm obecn\u00fdm podnikom. Po tom, \u010do Transparency International Slovensko upozornilo na podozriv\u00fa [&hellip;]","og_url":"https:\/\/www.smedemokrati.sk\/cs\/hladali-sme-firmu-ktorej-simkovicova-zverila-kastiel-v-budmericiach-zistili-sme-dalsie-pochybnosti\/","og_site_name":"Smedemokrati.sk","article_publisher":"https:\/\/www.facebook.com\/smedemokrati2023","article_published_time":"2024-08-20T10:14:27+00:00","article_modified_time":"2024-09-04T11:16:06+00:00","og_image":[{"width":612,"height":735,"url":"https:\/\/www.smedemokrati.sk\/wp-content\/uploads\/2024\/08\/cekovsky-pavlik.jpg","type":"image\/jpeg"}],"author":"miro.sopko","twitter_card":"summary_large_image","twitter_misc":{"Napsal(a)":"miro.sopko","Odhadovan\u00e1 doba \u010dten\u00ed":"2 minuty"},"schema":{"@context":"https:\/\/schema.org","@graph":[{"@type":"Article","@id":"https:\/\/www.smedemokrati.sk\/hladali-sme-firmu-ktorej-simkovicova-zverila-kastiel-v-budmericiach-zistili-sme-dalsie-pochybnosti\/#article","isPartOf":{"@id":"https:\/\/www.smedemokrati.sk\/hladali-sme-firmu-ktorej-simkovicova-zverila-kastiel-v-budmericiach-zistili-sme-dalsie-pochybnosti\/"},"author":{"name":"miro.sopko","@id":"https:\/\/www.smedemokrati.sk\/#\/schema\/person\/21f147c88d605aa7ded900e1e7c344ba"},"headline":"H\u013eadali sme firmu, ktorej \u0160imkovi\u010dov\u00e1 zverila ka\u0161tie\u013e v Budmericiach, zistili sme \u010fal\u0161ie pochybnosti","datePublished":"2024-08-20T10:14:27+00:00","dateModified":"2024-09-04T11:16:06+00:00","mainEntityOfPage":{"@id":"https:\/\/www.smedemokrati.sk\/hladali-sme-firmu-ktorej-simkovicova-zverila-kastiel-v-budmericiach-zistili-sme-dalsie-pochybnosti\/"},"wordCount":391,"publisher":{"@id":"https:\/\/www.smedemokrati.sk\/#organization"},"image":{"@id":"https:\/\/www.smedemokrati.sk\/hladali-sme-firmu-ktorej-simkovicova-zverila-kastiel-v-budmericiach-zistili-sme-dalsie-pochybnosti\/#primaryimage"},"thumbnailUrl":"https:\/\/www.smedemokrati.sk\/wp-content\/uploads\/2024\/08\/cekovsky-pavlik.jpg","articleSection":["Tla\u010dov\u00e9 spr\u00e1vy"],"inLanguage":"cs-CZ"},{"@type":"WebPage","@id":"https:\/\/www.smedemokrati.sk\/hladali-sme-firmu-ktorej-simkovicova-zverila-kastiel-v-budmericiach-zistili-sme-dalsie-pochybnosti\/","url":"https:\/\/www.smedemokrati.sk\/hladali-sme-firmu-ktorej-simkovicova-zverila-kastiel-v-budmericiach-zistili-sme-dalsie-pochybnosti\/","name":"H\u013eadali sme firmu, ktorej \u0160imkovi\u010dov\u00e1 zverila ka\u0161tie\u013e v Budmericiach, zistili sme \u010fal\u0161ie pochybnosti","isPartOf":{"@id":"https:\/\/www.smedemokrati.sk\/#website"},"primaryImageOfPage":{"@id":"https:\/\/www.smedemokrati.sk\/hladali-sme-firmu-ktorej-simkovicova-zverila-kastiel-v-budmericiach-zistili-sme-dalsie-pochybnosti\/#primaryimage"},"image":{"@id":"https:\/\/www.smedemokrati.sk\/hladali-sme-firmu-ktorej-simkovicova-zverila-kastiel-v-budmericiach-zistili-sme-dalsie-pochybnosti\/#primaryimage"},"thumbnailUrl":"https:\/\/www.smedemokrati.sk\/wp-content\/uploads\/2024\/08\/cekovsky-pavlik.jpg","datePublished":"2024-08-20T10:14:27+00:00","dateModified":"2024-09-04T11:16:06+00:00","breadcrumb":{"@id":"https:\/\/www.smedemokrati.sk\/hladali-sme-firmu-ktorej-simkovicova-zverila-kastiel-v-budmericiach-zistili-sme-dalsie-pochybnosti\/#breadcrumb"},"inLanguage":"cs-CZ","potentialAction":[{"@type":"ReadAction","target":["https:\/\/www.smedemokrati.sk\/hladali-sme-firmu-ktorej-simkovicova-zverila-kastiel-v-budmericiach-zistili-sme-dalsie-pochybnosti\/"]}]},{"@type":"ImageObject","inLanguage":"cs-CZ","@id":"https:\/\/www.smedemokrati.sk\/hladali-sme-firmu-ktorej-simkovicova-zverila-kastiel-v-budmericiach-zistili-sme-dalsie-pochybnosti\/#primaryimage","url":"https:\/\/www.smedemokrati.sk\/wp-content\/uploads\/2024\/08\/cekovsky-pavlik.jpg","contentUrl":"https:\/\/www.smedemokrati.sk\/wp-content\/uploads\/2024\/08\/cekovsky-pavlik.jpg","width":612,"height":735},{"@type":"BreadcrumbList","@id":"https:\/\/www.smedemokrati.sk\/hladali-sme-firmu-ktorej-simkovicova-zverila-kastiel-v-budmericiach-zistili-sme-dalsie-pochybnosti\/#breadcrumb","itemListElement":[{"@type":"ListItem","position":1,"name":"Domovsk\u00e1 str\u00e1nka","item":"https:\/\/www.smedemokrati.sk\/"},{"@type":"ListItem","position":2,"name":"H\u013eadali sme firmu, ktorej \u0160imkovi\u010dov\u00e1 zverila ka\u0161tie\u013e v Budmericiach, zistili sme \u010fal\u0161ie pochybnosti"}]},{"@type":"WebSite","@id":"https:\/\/www.smedemokrati.sk\/#website","url":"https:\/\/www.smedemokrati.sk\/","name":"Smedemokrati.sk","description":"Demokracia a slu\u0161nos\u0165 zv\u00ed\u0165az\u00ed","publisher":{"@id":"https:\/\/www.smedemokrati.sk\/#organization"},"potentialAction":[{"@type":"SearchAction","target":{"@type":"EntryPoint","urlTemplate":"https:\/\/www.smedemokrati.sk\/?s={search_term_string}"},"query-input":{"@type":"PropertyValueSpecification","valueRequired":true,"valueName":"search_term_string"}}],"inLanguage":"cs-CZ"},{"@type":"Organization","@id":"https:\/\/www.smedemokrati.sk\/#organization","name":"Smedemokrati.sk","url":"https:\/\/www.smedemokrati.sk\/","logo":{"@type":"ImageObject","inLanguage":"cs-CZ","@id":"https:\/\/www.smedemokrati.sk\/#\/schema\/logo\/image\/","url":"https:\/\/www.smedemokrati.sk\/wp-content\/uploads\/2023\/04\/ff.002.jpeg","contentUrl":"https:\/\/www.smedemokrati.sk\/wp-content\/uploads\/2023\/04\/ff.002.jpeg","width":640,"height":480,"caption":"Smedemokrati.sk"},"image":{"@id":"https:\/\/www.smedemokrati.sk\/#\/schema\/logo\/image\/"},"sameAs":["https:\/\/www.facebook.com\/smedemokrati2023"]},{"@type":"Person","@id":"https:\/\/www.smedemokrati.sk\/#\/schema\/person\/21f147c88d605aa7ded900e1e7c344ba","name":"miro.sopko","image":{"@type":"ImageObject","inLanguage":"cs-CZ","@id":"https:\/\/secure.gravatar.com\/avatar\/267e4a36f704376c109afe3a78740c1f5dd8675a2180a908699e7863c9247606?s=96&d=mm&r=g","url":"https:\/\/secure.gravatar.com\/avatar\/267e4a36f704376c109afe3a78740c1f5dd8675a2180a908699e7863c9247606?s=96&d=mm&r=g","contentUrl":"https:\/\/secure.gravatar.com\/avatar\/267e4a36f704376c109afe3a78740c1f5dd8675a2180a908699e7863c9247606?s=96&d=mm&r=g","caption":"miro.sopko"},"url":"https:\/\/www.smedemokrati.sk\/cs\/author\/miro-sopko\/"}]}},"_links":{"self":[{"href":"https:\/\/www.smedemokrati.sk\/cs\/wp-json\/wp\/v2\/posts\/4947","targetHints":{"allow":["GET"]}}],"collection":[{"href":"https:\/\/www.smedemokrati.sk\/cs\/wp-json\/wp\/v2\/posts"}],"about":[{"href":"https:\/\/www.smedemokrati.sk\/cs\/wp-json\/wp\/v2\/types\/post"}],"author":[{"embeddable":true,"href":"https:\/\/www.smedemokrati.sk\/cs\/wp-json\/wp\/v2\/users\/13"}],"replies":[{"embeddable":true,"href":"https:\/\/www.smedemokrati.sk\/cs\/wp-json\/wp\/v2\/comments?post=4947"}],"version-history":[{"count":1,"href":"https:\/\/www.smedemokrati.sk\/cs\/wp-json\/wp\/v2\/posts\/4947\/revisions"}],"predecessor-version":[{"id":4949,"href":"https:\/\/www.smedemokrati.sk\/cs\/wp-json\/wp\/v2\/posts\/4947\/revisions\/4949"}],"wp:featuredmedia":[{"embeddable":true,"href":"https:\/\/www.smedemokrati.sk\/cs\/wp-json\/wp\/v2\/media\/4948"}],"wp:attachment":[{"href":"https:\/\/www.smedemokrati.sk\/cs\/wp-json\/wp\/v2\/media?parent=4947"}],"wp:term":[{"taxonomy":"category","embeddable":true,"href":"https:\/\/www.smedemokrati.sk\/cs\/wp-json\/wp\/v2\/categories?post=4947"},{"taxonomy":"post_tag","embeddable":true,"href":"https:\/\/www.smedemokrati.sk\/cs\/wp-json\/wp\/v2\/tags?post=4947"}],"curies":[{"name":"wp","href":"https:\/\/api.w.org\/{rel}","templated":true}]}}