{"id":4934,"date":"2024-08-20T10:25:53","date_gmt":"2024-08-20T09:25:53","guid":{"rendered":"https:\/\/www.smedemokrati.sk\/?p=4934"},"modified":"2024-09-04T12:15:44","modified_gmt":"2024-09-04T11:15:44","slug":"stefan-kuffa-najnovsie-cenzuruje-uz-aj-vedecke-poznanie","status":"publish","type":"post","link":"https:\/\/www.smedemokrati.sk\/cs\/stefan-kuffa-najnovsie-cenzuruje-uz-aj-vedecke-poznanie\/","title":{"rendered":"\u0160tefan Kuffa najnov\u0161ie cenzuruje u\u017e aj vedeck\u00e9 poznanie"},"content":{"rendered":"<div id=\"fb-root\"><\/div>\n\n<p><strong>\u010eal\u0161\u00ed pr\u00edpad cenz\u00fary zo strany \u0161t\u00e1tneho tajomn\u00edka Ministerstva \u017eivotn\u00e9ho prostredia SR \u0160tefana Kuffu nadob\u00fada a\u017e totalitn\u00e9 rozmery. Slovensk\u00e9 m\u00fazeum ochrany pr\u00edrody a jaskyniarstva v Liptovskom Mikul\u00e1\u0161i (SMOPAJ), ktor\u00e9 spad\u00e1 pod envirorezort a je v priamej riadiacej p\u00f4sobnosti \u0160tefana Kuffu, odstr\u00e1nilo po jeho n\u00e1v\u0161teve podstatn\u00fa \u010das\u0165 prezent\u00e1cie pohansk\u00e9ho ritu\u00e1lu z neskorej doby bronzovej. Zasahova\u0165 do slobody vedeck\u00e9ho b\u00e1dania si naposledy dovolil iba totalitn\u00fd re\u017eim. Demokrati sa preto s podnetom obracaj\u00fa na M\u00fazejn\u00fa a galerijn\u00fa radu a medzin\u00e1rodn\u00e9 in\u0161tit\u00facie.<\/strong><\/p>\n\n\n\n<p>Dior\u00e1ma v speleoarcheologickej \u010dasti expoz\u00edcie Kras a jaskyne Slovenska doned\u00e1vna zobrazovala kultov\u00fd v\u00fdjav pr\u00edpravy \u013eudskej obety pohansk\u00e9mu bo\u017estvu. V\u00fdjav mal n\u00e1v\u0161tevn\u00edkom m\u00fazea pribl\u00ed\u017ei\u0165 uctievanie nezn\u00e1meho bo\u017estva (pravdepodobne zemsk\u00e9ho \u010di &#8222;jelenieho&#8220;), \u010do bolo pre \u013eud\u00ed zo z\u00e1veru doby bronzovej a doby hal\u0161tatskej (cca 800- 400 p.n.l.) neodmyslite\u013enou s\u00fa\u010das\u0165ou ich duchovn\u00e9ho sveta. Nasved\u010duj\u00fa tomu mnoh\u00e9 vz\u00e1cne n\u00e1lezy pr\u00e1ve z jask\u00fd\u0148 na \u00fazem\u00ed Slovenska, ako s\u00fa \u0161perky z drah\u00fdch kovov, ale tie\u017e r\u00f4zne keramick\u00e9 n\u00e1doby, zbrane, ale taktie\u017e \u013eudsk\u00e9 obety \u010di ritu\u00e1lne masky.<\/p>\n\n\n\n<p>Po ned\u00e1vnej n\u00e1v\u0161teve a v\u00fdhrad\u00e1ch \u0160tefana Kuffu v SMOPAJ bola t\u00e1to dior\u00e1ma upraven\u00e1 tak, aby nezobrazovala uctievanie pohansk\u00e9ho bo\u017estva \u013eudskou obetou. Figur\u00edna kla\u0148aj\u00faceho sa obetovan\u00e9ho bola nahraden\u00e1 \u017eitom. (fotodokument\u00e1cia a videdokument\u00e1cia je v pr\u00edlohe).\u00a0<em>\u201e\u0160tefan Kuffa sa doslova vysmieva \u013eudsk\u00e9mu poznaniu a pr\u00e1ci gener\u00e1ci\u00ed archeol\u00f3gov, historikov a speleol\u00f3gov. Ideologick\u00e9 z\u00e1sahy do vedeck\u00e9ho b\u00e1dania s\u00fa v slobodnej<\/em> <em>spolo\u010dnosti neakceptovate\u013en\u00e9. Hrani\u010d\u00ed to s totalitn\u00fdm re\u017eimom. \u0160tefan Kuffa m\u00e1 nulov\u00fa kvalifik\u00e1ciu v oblasti speleoarcheol\u00f3gie a m\u00fazejn\u00edctva, napriek tomu si ako ve\u013ek\u00fd cenzor uzurpuje neobmedzen\u00e9 pr\u00e1vo ovplyv\u0148ova\u0165 vedecko-v\u00fdskumn\u00e9 aktivity odbornej \u0161pecializovanej in\u0161tit\u00facie. Je nemyslite\u013en\u00e9, aby pretl\u00e1\u010dal svoje n\u00e1zory na \u00fakor historick\u00fdch faktov. Tak\u00e9to popieranie a obmedzovanie \u0161\u00edrenia vedeck\u00fdch poznatkov k verejnosti ohrozuje samotn\u00e9 z\u00e1klady usporiadania na\u0161ej spolo\u010dnosti,\u201d\u00a0<\/em>kritizuje Michal Ki\u010da, environment\u00e1lny expert strany Demokrati a \u010dlen predsedn\u00edctva strany.<\/p>\n\n\n\n<p>Tak\u00e9to mocensk\u00e9 zasahovanie zo strany zria\u010fovate\u013ea nem\u00e1 oporu v z\u00e1kone o m\u00faze\u00e1ch a gal\u00e9ri\u00e1ch, \u0161tat\u00fate SMOPAJ \u010di v medzin\u00e1rodn\u00fdch dokumentoch.\u00a0<em>\u201eVyz\u00fdvame \u0160tefana Kuffu, aby re\u0161pektoval v\u00fdsledky a slobodu vedeck\u00e9ho poznania, umo\u017enil jeho spr\u00edstupnenie verejnosti a vlastn\u00fd sveton\u00e1zor nepovy\u0161oval nad objekt\u00edvnu pravdu. So z\u00e1va\u017en\u00fdm znepokojen\u00edm sa obraciame na M\u00fazejn\u00fa a galerijn\u00fa radu pri Ministerstve kult\u00fary SR s podnetom, aby zmeny v expoz\u00edcii pre\u0161etrila a zabezpe\u010dila re\u0161pektovanie z\u00e1kladn\u00fdch princ\u00edpov muze\u00e1lnej \u010dinnosti. O situ\u00e1cii budeme taktie\u017e informova\u0165 Medzin\u00e1rodn\u00fa radu m\u00faze\u00ed (ICOM) a rovnako vyz\u00fdvame odborn\u00fa verejnos\u0165, aby k tak\u00fdmto svojvo\u013en\u00fdm mocensk\u00fdm z\u00e1sahom neostala \u013eahostajn\u00e1,\u201d<\/em>\u00a0uzavrel Michal Ki\u010da.<\/p>\n\n\n\nngg_shortcode_0_placeholder\n\n\n\n<p>Fotografie \u010d. 2 a 3 a videoz\u00e1znam boli vytvoren\u00e9 z verejne dostupnej virtu\u00e1lnej<\/p>\n\n\n\n<p>prehliadky SMOPAJ &#8211; link:&nbsp;<a href=\"https:\/\/www.smopaj.sk\/sk\/virtualna-prehliadka\" target=\"_blank\" rel=\"noreferrer noopener\">https:\/\/www.smopaj.sk\/sk\/virtualna-prehliadka<\/a>&nbsp;(druh\u00e9 video v porad\u00ed, minut\u00e1\u017e od 1:09)<\/p>\n\n\n\n<figure class=\"wp-block-video\"><video height=\"1552\" style=\"aspect-ratio: 882 \/ 1552;\" width=\"882\" controls src=\"https:\/\/www.smedemokrati.sk\/wp-content\/uploads\/2024\/08\/RPReplay_Final1724093632.mov\"><\/video><\/figure>\n","protected":false},"excerpt":{"rendered":"<p>\u010eal\u0161\u00ed pr\u00edpad cenz\u00fary zo strany \u0161t\u00e1tneho tajomn\u00edka Ministerstva \u017eivotn\u00e9ho prostredia SR \u0160tefana Kuffu nadob\u00fada a\u017e totalitn\u00e9 rozmery. Slovensk\u00e9 m\u00fazeum ochrany pr\u00edrody a jaskyniarstva v Liptovskom Mikul\u00e1\u0161i (SMOPAJ), ktor\u00e9 spad\u00e1 pod envirorezort a je v priamej riadiacej p\u00f4sobnosti \u0160tefana Kuffu, odstr\u00e1nilo po jeho n\u00e1v\u0161teve podstatn\u00fa \u010das\u0165 prezent\u00e1cie pohansk\u00e9ho ritu\u00e1lu z neskorej doby bronzovej. Zasahova\u0165 do slobody [&hellip;]<\/p>\n","protected":false},"author":13,"featured_media":4937,"comment_status":"closed","ping_status":"closed","sticky":false,"template":"","format":"standard","meta":{"_acf_changed":false,"ngg_post_thumbnail":0,"footnotes":""},"categories":[4],"tags":[],"class_list":["post-4934","post","type-post","status-publish","format-standard","has-post-thumbnail","hentry","category-tlacove-spravy"],"acf":[],"yoast_head":"<!-- This site is optimized with the Yoast SEO plugin v27.2 - https:\/\/yoast.com\/product\/yoast-seo-wordpress\/ -->\n<title>\u0160tefan Kuffa najnov\u0161ie cenzuruje u\u017e aj vedeck\u00e9 poznanie<\/title>\n<meta name=\"robots\" content=\"index, follow, max-snippet:-1, max-image-preview:large, max-video-preview:-1\" \/>\n<link rel=\"canonical\" href=\"https:\/\/www.smedemokrati.sk\/cs\/stefan-kuffa-najnovsie-cenzuruje-uz-aj-vedecke-poznanie\/\" \/>\n<meta property=\"og:locale\" content=\"cs_CZ\" \/>\n<meta property=\"og:locale:alternate\" content=\"en_US\" \/>\n<meta property=\"og:locale:alternate\" content=\"hu_HU\" \/>\n<meta property=\"og:locale:alternate\" content=\"sk_SK\" \/>\n<meta property=\"og:locale:alternate\" content=\"sv_SE\" \/>\n<meta property=\"og:type\" content=\"article\" \/>\n<meta property=\"og:title\" content=\"\u0160tefan Kuffa najnov\u0161ie cenzuruje u\u017e aj vedeck\u00e9 poznanie\" \/>\n<meta property=\"og:description\" content=\"\u010eal\u0161\u00ed pr\u00edpad cenz\u00fary zo strany \u0161t\u00e1tneho tajomn\u00edka Ministerstva \u017eivotn\u00e9ho prostredia SR \u0160tefana Kuffu nadob\u00fada a\u017e totalitn\u00e9 rozmery. Slovensk\u00e9 m\u00fazeum ochrany pr\u00edrody a jaskyniarstva v Liptovskom Mikul\u00e1\u0161i (SMOPAJ), ktor\u00e9 spad\u00e1 pod envirorezort a je v priamej riadiacej p\u00f4sobnosti \u0160tefana Kuffu, odstr\u00e1nilo po jeho n\u00e1v\u0161teve podstatn\u00fa \u010das\u0165 prezent\u00e1cie pohansk\u00e9ho ritu\u00e1lu z neskorej doby bronzovej. Zasahova\u0165 do slobody [&hellip;]\" \/>\n<meta property=\"og:url\" content=\"https:\/\/www.smedemokrati.sk\/cs\/stefan-kuffa-najnovsie-cenzuruje-uz-aj-vedecke-poznanie\/\" \/>\n<meta property=\"og:site_name\" content=\"Smedemokrati.sk\" \/>\n<meta property=\"article:publisher\" content=\"https:\/\/www.facebook.com\/smedemokrati2023\" \/>\n<meta property=\"article:published_time\" content=\"2024-08-20T09:25:53+00:00\" \/>\n<meta property=\"article:modified_time\" content=\"2024-09-04T11:15:44+00:00\" \/>\n<meta property=\"og:image\" content=\"https:\/\/www.smedemokrati.sk\/wp-content\/uploads\/2024\/08\/stefan-kuffa.jpeg.jpg\" \/>\n\t<meta property=\"og:image:width\" content=\"649\" \/>\n\t<meta property=\"og:image:height\" content=\"365\" \/>\n\t<meta property=\"og:image:type\" content=\"image\/jpeg\" \/>\n<meta name=\"author\" content=\"miro.sopko\" \/>\n<meta name=\"twitter:card\" content=\"summary_large_image\" \/>\n<meta name=\"twitter:label1\" content=\"Napsal(a)\" \/>\n\t<meta name=\"twitter:data1\" content=\"miro.sopko\" \/>\n\t<meta name=\"twitter:label2\" content=\"Odhadovan\u00e1 doba \u010dten\u00ed\" \/>\n\t<meta name=\"twitter:data2\" content=\"3 minuty\" \/>\n<script type=\"application\/ld+json\" class=\"yoast-schema-graph\">{\"@context\":\"https:\/\/schema.org\",\"@graph\":[{\"@type\":\"Article\",\"@id\":\"https:\/\/www.smedemokrati.sk\/stefan-kuffa-najnovsie-cenzuruje-uz-aj-vedecke-poznanie\/#article\",\"isPartOf\":{\"@id\":\"https:\/\/www.smedemokrati.sk\/stefan-kuffa-najnovsie-cenzuruje-uz-aj-vedecke-poznanie\/\"},\"author\":{\"name\":\"miro.sopko\",\"@id\":\"https:\/\/www.smedemokrati.sk\/#\/schema\/person\/21f147c88d605aa7ded900e1e7c344ba\"},\"headline\":\"\u0160tefan Kuffa najnov\u0161ie cenzuruje u\u017e aj vedeck\u00e9 poznanie\",\"datePublished\":\"2024-08-20T09:25:53+00:00\",\"dateModified\":\"2024-09-04T11:15:44+00:00\",\"mainEntityOfPage\":{\"@id\":\"https:\/\/www.smedemokrati.sk\/stefan-kuffa-najnovsie-cenzuruje-uz-aj-vedecke-poznanie\/\"},\"wordCount\":576,\"publisher\":{\"@id\":\"https:\/\/www.smedemokrati.sk\/#organization\"},\"image\":{\"@id\":\"https:\/\/www.smedemokrati.sk\/stefan-kuffa-najnovsie-cenzuruje-uz-aj-vedecke-poznanie\/#primaryimage\"},\"thumbnailUrl\":\"https:\/\/www.smedemokrati.sk\/wp-content\/uploads\/2024\/08\/stefan-kuffa.jpeg.jpg\",\"articleSection\":[\"Tla\u010dov\u00e9 spr\u00e1vy\"],\"inLanguage\":\"cs-CZ\"},{\"@type\":\"WebPage\",\"@id\":\"https:\/\/www.smedemokrati.sk\/stefan-kuffa-najnovsie-cenzuruje-uz-aj-vedecke-poznanie\/\",\"url\":\"https:\/\/www.smedemokrati.sk\/stefan-kuffa-najnovsie-cenzuruje-uz-aj-vedecke-poznanie\/\",\"name\":\"\u0160tefan Kuffa najnov\u0161ie cenzuruje u\u017e aj vedeck\u00e9 poznanie\",\"isPartOf\":{\"@id\":\"https:\/\/www.smedemokrati.sk\/#website\"},\"primaryImageOfPage\":{\"@id\":\"https:\/\/www.smedemokrati.sk\/stefan-kuffa-najnovsie-cenzuruje-uz-aj-vedecke-poznanie\/#primaryimage\"},\"image\":{\"@id\":\"https:\/\/www.smedemokrati.sk\/stefan-kuffa-najnovsie-cenzuruje-uz-aj-vedecke-poznanie\/#primaryimage\"},\"thumbnailUrl\":\"https:\/\/www.smedemokrati.sk\/wp-content\/uploads\/2024\/08\/stefan-kuffa.jpeg.jpg\",\"datePublished\":\"2024-08-20T09:25:53+00:00\",\"dateModified\":\"2024-09-04T11:15:44+00:00\",\"breadcrumb\":{\"@id\":\"https:\/\/www.smedemokrati.sk\/stefan-kuffa-najnovsie-cenzuruje-uz-aj-vedecke-poznanie\/#breadcrumb\"},\"inLanguage\":\"cs-CZ\",\"potentialAction\":[{\"@type\":\"ReadAction\",\"target\":[\"https:\/\/www.smedemokrati.sk\/stefan-kuffa-najnovsie-cenzuruje-uz-aj-vedecke-poznanie\/\"]}]},{\"@type\":\"ImageObject\",\"inLanguage\":\"cs-CZ\",\"@id\":\"https:\/\/www.smedemokrati.sk\/stefan-kuffa-najnovsie-cenzuruje-uz-aj-vedecke-poznanie\/#primaryimage\",\"url\":\"https:\/\/www.smedemokrati.sk\/wp-content\/uploads\/2024\/08\/stefan-kuffa.jpeg.jpg\",\"contentUrl\":\"https:\/\/www.smedemokrati.sk\/wp-content\/uploads\/2024\/08\/stefan-kuffa.jpeg.jpg\",\"width\":649,\"height\":365},{\"@type\":\"BreadcrumbList\",\"@id\":\"https:\/\/www.smedemokrati.sk\/stefan-kuffa-najnovsie-cenzuruje-uz-aj-vedecke-poznanie\/#breadcrumb\",\"itemListElement\":[{\"@type\":\"ListItem\",\"position\":1,\"name\":\"Domovsk\u00e1 str\u00e1nka\",\"item\":\"https:\/\/www.smedemokrati.sk\/\"},{\"@type\":\"ListItem\",\"position\":2,\"name\":\"\u0160tefan Kuffa najnov\u0161ie cenzuruje u\u017e aj vedeck\u00e9 poznanie\"}]},{\"@type\":\"WebSite\",\"@id\":\"https:\/\/www.smedemokrati.sk\/#website\",\"url\":\"https:\/\/www.smedemokrati.sk\/\",\"name\":\"Smedemokrati.sk\",\"description\":\"Demokracia a slu\u0161nos\u0165 zv\u00ed\u0165az\u00ed\",\"publisher\":{\"@id\":\"https:\/\/www.smedemokrati.sk\/#organization\"},\"potentialAction\":[{\"@type\":\"SearchAction\",\"target\":{\"@type\":\"EntryPoint\",\"urlTemplate\":\"https:\/\/www.smedemokrati.sk\/?s={search_term_string}\"},\"query-input\":{\"@type\":\"PropertyValueSpecification\",\"valueRequired\":true,\"valueName\":\"search_term_string\"}}],\"inLanguage\":\"cs-CZ\"},{\"@type\":\"Organization\",\"@id\":\"https:\/\/www.smedemokrati.sk\/#organization\",\"name\":\"Smedemokrati.sk\",\"url\":\"https:\/\/www.smedemokrati.sk\/\",\"logo\":{\"@type\":\"ImageObject\",\"inLanguage\":\"cs-CZ\",\"@id\":\"https:\/\/www.smedemokrati.sk\/#\/schema\/logo\/image\/\",\"url\":\"https:\/\/www.smedemokrati.sk\/wp-content\/uploads\/2023\/04\/ff.002.jpeg\",\"contentUrl\":\"https:\/\/www.smedemokrati.sk\/wp-content\/uploads\/2023\/04\/ff.002.jpeg\",\"width\":640,\"height\":480,\"caption\":\"Smedemokrati.sk\"},\"image\":{\"@id\":\"https:\/\/www.smedemokrati.sk\/#\/schema\/logo\/image\/\"},\"sameAs\":[\"https:\/\/www.facebook.com\/smedemokrati2023\"]},{\"@type\":\"Person\",\"@id\":\"https:\/\/www.smedemokrati.sk\/#\/schema\/person\/21f147c88d605aa7ded900e1e7c344ba\",\"name\":\"miro.sopko\",\"image\":{\"@type\":\"ImageObject\",\"inLanguage\":\"cs-CZ\",\"@id\":\"https:\/\/secure.gravatar.com\/avatar\/267e4a36f704376c109afe3a78740c1f5dd8675a2180a908699e7863c9247606?s=96&d=mm&r=g\",\"url\":\"https:\/\/secure.gravatar.com\/avatar\/267e4a36f704376c109afe3a78740c1f5dd8675a2180a908699e7863c9247606?s=96&d=mm&r=g\",\"contentUrl\":\"https:\/\/secure.gravatar.com\/avatar\/267e4a36f704376c109afe3a78740c1f5dd8675a2180a908699e7863c9247606?s=96&d=mm&r=g\",\"caption\":\"miro.sopko\"},\"url\":\"https:\/\/www.smedemokrati.sk\/cs\/author\/miro-sopko\/\"}]}<\/script>\n<!-- \/ Yoast SEO plugin. -->","yoast_head_json":{"title":"\u0160tefan Kuffa najnov\u0161ie cenzuruje u\u017e aj vedeck\u00e9 poznanie","robots":{"index":"index","follow":"follow","max-snippet":"max-snippet:-1","max-image-preview":"max-image-preview:large","max-video-preview":"max-video-preview:-1"},"canonical":"https:\/\/www.smedemokrati.sk\/cs\/stefan-kuffa-najnovsie-cenzuruje-uz-aj-vedecke-poznanie\/","og_locale":"cs_CZ","og_type":"article","og_title":"[:sk]\u0160tefan Kuffa najnov\u0161ie cenzuruje u\u017e aj vedeck\u00e9 poznanie[:] - Smedemokrati.sk","og_description":"\u010eal\u0161\u00ed pr\u00edpad cenz\u00fary zo strany \u0161t\u00e1tneho tajomn\u00edka Ministerstva \u017eivotn\u00e9ho prostredia SR \u0160tefana Kuffu nadob\u00fada a\u017e totalitn\u00e9 rozmery. Slovensk\u00e9 m\u00fazeum ochrany pr\u00edrody a jaskyniarstva v Liptovskom Mikul\u00e1\u0161i (SMOPAJ), ktor\u00e9 spad\u00e1 pod envirorezort a je v priamej riadiacej p\u00f4sobnosti \u0160tefana Kuffu, odstr\u00e1nilo po jeho n\u00e1v\u0161teve podstatn\u00fa \u010das\u0165 prezent\u00e1cie pohansk\u00e9ho ritu\u00e1lu z neskorej doby bronzovej. Zasahova\u0165 do slobody [&hellip;]","og_url":"https:\/\/www.smedemokrati.sk\/cs\/stefan-kuffa-najnovsie-cenzuruje-uz-aj-vedecke-poznanie\/","og_site_name":"Smedemokrati.sk","article_publisher":"https:\/\/www.facebook.com\/smedemokrati2023","article_published_time":"2024-08-20T09:25:53+00:00","article_modified_time":"2024-09-04T11:15:44+00:00","og_image":[{"width":649,"height":365,"url":"https:\/\/www.smedemokrati.sk\/wp-content\/uploads\/2024\/08\/stefan-kuffa.jpeg.jpg","type":"image\/jpeg"}],"author":"miro.sopko","twitter_card":"summary_large_image","twitter_misc":{"Napsal(a)":"miro.sopko","Odhadovan\u00e1 doba \u010dten\u00ed":"3 minuty"},"schema":{"@context":"https:\/\/schema.org","@graph":[{"@type":"Article","@id":"https:\/\/www.smedemokrati.sk\/stefan-kuffa-najnovsie-cenzuruje-uz-aj-vedecke-poznanie\/#article","isPartOf":{"@id":"https:\/\/www.smedemokrati.sk\/stefan-kuffa-najnovsie-cenzuruje-uz-aj-vedecke-poznanie\/"},"author":{"name":"miro.sopko","@id":"https:\/\/www.smedemokrati.sk\/#\/schema\/person\/21f147c88d605aa7ded900e1e7c344ba"},"headline":"\u0160tefan Kuffa najnov\u0161ie cenzuruje u\u017e aj vedeck\u00e9 poznanie","datePublished":"2024-08-20T09:25:53+00:00","dateModified":"2024-09-04T11:15:44+00:00","mainEntityOfPage":{"@id":"https:\/\/www.smedemokrati.sk\/stefan-kuffa-najnovsie-cenzuruje-uz-aj-vedecke-poznanie\/"},"wordCount":576,"publisher":{"@id":"https:\/\/www.smedemokrati.sk\/#organization"},"image":{"@id":"https:\/\/www.smedemokrati.sk\/stefan-kuffa-najnovsie-cenzuruje-uz-aj-vedecke-poznanie\/#primaryimage"},"thumbnailUrl":"https:\/\/www.smedemokrati.sk\/wp-content\/uploads\/2024\/08\/stefan-kuffa.jpeg.jpg","articleSection":["Tla\u010dov\u00e9 spr\u00e1vy"],"inLanguage":"cs-CZ"},{"@type":"WebPage","@id":"https:\/\/www.smedemokrati.sk\/stefan-kuffa-najnovsie-cenzuruje-uz-aj-vedecke-poznanie\/","url":"https:\/\/www.smedemokrati.sk\/stefan-kuffa-najnovsie-cenzuruje-uz-aj-vedecke-poznanie\/","name":"\u0160tefan Kuffa najnov\u0161ie cenzuruje u\u017e aj vedeck\u00e9 poznanie","isPartOf":{"@id":"https:\/\/www.smedemokrati.sk\/#website"},"primaryImageOfPage":{"@id":"https:\/\/www.smedemokrati.sk\/stefan-kuffa-najnovsie-cenzuruje-uz-aj-vedecke-poznanie\/#primaryimage"},"image":{"@id":"https:\/\/www.smedemokrati.sk\/stefan-kuffa-najnovsie-cenzuruje-uz-aj-vedecke-poznanie\/#primaryimage"},"thumbnailUrl":"https:\/\/www.smedemokrati.sk\/wp-content\/uploads\/2024\/08\/stefan-kuffa.jpeg.jpg","datePublished":"2024-08-20T09:25:53+00:00","dateModified":"2024-09-04T11:15:44+00:00","breadcrumb":{"@id":"https:\/\/www.smedemokrati.sk\/stefan-kuffa-najnovsie-cenzuruje-uz-aj-vedecke-poznanie\/#breadcrumb"},"inLanguage":"cs-CZ","potentialAction":[{"@type":"ReadAction","target":["https:\/\/www.smedemokrati.sk\/stefan-kuffa-najnovsie-cenzuruje-uz-aj-vedecke-poznanie\/"]}]},{"@type":"ImageObject","inLanguage":"cs-CZ","@id":"https:\/\/www.smedemokrati.sk\/stefan-kuffa-najnovsie-cenzuruje-uz-aj-vedecke-poznanie\/#primaryimage","url":"https:\/\/www.smedemokrati.sk\/wp-content\/uploads\/2024\/08\/stefan-kuffa.jpeg.jpg","contentUrl":"https:\/\/www.smedemokrati.sk\/wp-content\/uploads\/2024\/08\/stefan-kuffa.jpeg.jpg","width":649,"height":365},{"@type":"BreadcrumbList","@id":"https:\/\/www.smedemokrati.sk\/stefan-kuffa-najnovsie-cenzuruje-uz-aj-vedecke-poznanie\/#breadcrumb","itemListElement":[{"@type":"ListItem","position":1,"name":"Domovsk\u00e1 str\u00e1nka","item":"https:\/\/www.smedemokrati.sk\/"},{"@type":"ListItem","position":2,"name":"\u0160tefan Kuffa najnov\u0161ie cenzuruje u\u017e aj vedeck\u00e9 poznanie"}]},{"@type":"WebSite","@id":"https:\/\/www.smedemokrati.sk\/#website","url":"https:\/\/www.smedemokrati.sk\/","name":"Smedemokrati.sk","description":"Demokracia a slu\u0161nos\u0165 zv\u00ed\u0165az\u00ed","publisher":{"@id":"https:\/\/www.smedemokrati.sk\/#organization"},"potentialAction":[{"@type":"SearchAction","target":{"@type":"EntryPoint","urlTemplate":"https:\/\/www.smedemokrati.sk\/?s={search_term_string}"},"query-input":{"@type":"PropertyValueSpecification","valueRequired":true,"valueName":"search_term_string"}}],"inLanguage":"cs-CZ"},{"@type":"Organization","@id":"https:\/\/www.smedemokrati.sk\/#organization","name":"Smedemokrati.sk","url":"https:\/\/www.smedemokrati.sk\/","logo":{"@type":"ImageObject","inLanguage":"cs-CZ","@id":"https:\/\/www.smedemokrati.sk\/#\/schema\/logo\/image\/","url":"https:\/\/www.smedemokrati.sk\/wp-content\/uploads\/2023\/04\/ff.002.jpeg","contentUrl":"https:\/\/www.smedemokrati.sk\/wp-content\/uploads\/2023\/04\/ff.002.jpeg","width":640,"height":480,"caption":"Smedemokrati.sk"},"image":{"@id":"https:\/\/www.smedemokrati.sk\/#\/schema\/logo\/image\/"},"sameAs":["https:\/\/www.facebook.com\/smedemokrati2023"]},{"@type":"Person","@id":"https:\/\/www.smedemokrati.sk\/#\/schema\/person\/21f147c88d605aa7ded900e1e7c344ba","name":"miro.sopko","image":{"@type":"ImageObject","inLanguage":"cs-CZ","@id":"https:\/\/secure.gravatar.com\/avatar\/267e4a36f704376c109afe3a78740c1f5dd8675a2180a908699e7863c9247606?s=96&d=mm&r=g","url":"https:\/\/secure.gravatar.com\/avatar\/267e4a36f704376c109afe3a78740c1f5dd8675a2180a908699e7863c9247606?s=96&d=mm&r=g","contentUrl":"https:\/\/secure.gravatar.com\/avatar\/267e4a36f704376c109afe3a78740c1f5dd8675a2180a908699e7863c9247606?s=96&d=mm&r=g","caption":"miro.sopko"},"url":"https:\/\/www.smedemokrati.sk\/cs\/author\/miro-sopko\/"}]}},"_links":{"self":[{"href":"https:\/\/www.smedemokrati.sk\/cs\/wp-json\/wp\/v2\/posts\/4934","targetHints":{"allow":["GET"]}}],"collection":[{"href":"https:\/\/www.smedemokrati.sk\/cs\/wp-json\/wp\/v2\/posts"}],"about":[{"href":"https:\/\/www.smedemokrati.sk\/cs\/wp-json\/wp\/v2\/types\/post"}],"author":[{"embeddable":true,"href":"https:\/\/www.smedemokrati.sk\/cs\/wp-json\/wp\/v2\/users\/13"}],"replies":[{"embeddable":true,"href":"https:\/\/www.smedemokrati.sk\/cs\/wp-json\/wp\/v2\/comments?post=4934"}],"version-history":[{"count":3,"href":"https:\/\/www.smedemokrati.sk\/cs\/wp-json\/wp\/v2\/posts\/4934\/revisions"}],"predecessor-version":[{"id":4946,"href":"https:\/\/www.smedemokrati.sk\/cs\/wp-json\/wp\/v2\/posts\/4934\/revisions\/4946"}],"wp:featuredmedia":[{"embeddable":true,"href":"https:\/\/www.smedemokrati.sk\/cs\/wp-json\/wp\/v2\/media\/4937"}],"wp:attachment":[{"href":"https:\/\/www.smedemokrati.sk\/cs\/wp-json\/wp\/v2\/media?parent=4934"}],"wp:term":[{"taxonomy":"category","embeddable":true,"href":"https:\/\/www.smedemokrati.sk\/cs\/wp-json\/wp\/v2\/categories?post=4934"},{"taxonomy":"post_tag","embeddable":true,"href":"https:\/\/www.smedemokrati.sk\/cs\/wp-json\/wp\/v2\/tags?post=4934"}],"curies":[{"name":"wp","href":"https:\/\/api.w.org\/{rel}","templated":true}]}}