{"id":4930,"date":"2024-08-19T16:01:26","date_gmt":"2024-08-19T15:01:26","guid":{"rendered":"https:\/\/www.smedemokrati.sk\/?p=4930"},"modified":"2024-09-04T12:15:38","modified_gmt":"2024-09-04T11:15:38","slug":"vlada-nielen-ze-ceny-potravin-neznizila-tak-ako-slubovala-najnovsi-krok-ceny-potravin-dokonca-zvysi","status":"publish","type":"post","link":"https:\/\/www.smedemokrati.sk\/cs\/vlada-nielen-ze-ceny-potravin-neznizila-tak-ako-slubovala-najnovsi-krok-ceny-potravin-dokonca-zvysi\/","title":{"rendered":"Vl\u00e1da nielen \u017ee ceny potrav\u00edn nezn\u00ed\u017eila tak, ako s\u013eubovala, najnov\u0161\u00ed krok ceny potrav\u00edn dokonca zv\u00fd\u0161i"},"content":{"rendered":"<div id=\"fb-root\"><\/div>\n\n<p><strong>Demokrati kritizuj\u00fa z\u00e1mer vl\u00e1dy zavies\u0165 nov\u00fd odvod pre maloobchodn\u00e9 re\u0165azce, ktor\u00fd sa v praxi rovn\u00e1 dani na potraviny a z\u00e1kladn\u00fd tovar. Pod\u013ea predstavite\u013eov strany sa tento krok premietne do zv\u00fd\u0161en\u00fdch cien potrav\u00edn a \u010fal\u0161\u00edch tovarov, \u010do najviac zasiahne be\u017en\u00fdch ob\u010danov.<\/strong><\/p>\n\n\n\n<p><em>\u201eChystan\u00e9 zavedenie takzvan\u00e9ho odvodu pre re\u0165azce je jasn\u00fdm d\u00f4kazom, \u017ee vl\u00e1da nie je schopn\u00e1 rozumne hospod\u00e1ri\u0165 a finan\u010dn\u00e9 prostriedky do \u0161t\u00e1tneho rozpo\u010dtu vie zabezpe\u010di\u0165 jedine tak, \u017ee ich vytiahne od vlastn\u00fdch ob\u010danov,\u201c<\/em>&nbsp;uviedol predseda strany Demokrati, Jaroslav Na\u010f.&nbsp;<em>\u201ePred vo\u013ebami s\u013eubovala dne\u0161n\u00e1 vl\u00e1da lacnej\u0161ie potraviny, a to na \u010dele s prezidentom, po ktorom sa mimochodom, z\u013eahla zem. Nielen \u017ee k tomu doteraz nedo\u0161lo, navy\u0161e robia opatrenia, ktor\u00e9 najviac zasiahnu t\u00fdch, &nbsp;ktor\u00ed u\u017e teraz z\u00e1pasia s rast\u00facimi \u017eivotn\u00fdmi n\u00e1kladmi.\u201c<\/em><\/p>\n\n\n\n<p>Podpredseda strany Demokrati a b\u00fdval\u00fd premi\u00e9r Eduard Heger doplnil:&nbsp;<em>\u201eVl\u00e1da sa vyd\u00e1va cestou populistick\u00fdch opatren\u00ed, ktor\u00e9 nepon\u00fakaj\u00fa re\u00e1lne rie\u0161enia, ale len kr\u00e1tkodobo pl\u00e1taj\u00fa diery v rozpo\u010dte. Mali by sme sa u\u010di\u0165 z ch\u00fdb minulosti \u2013 podobn\u00fd odvod u\u017e bol zaveden\u00fd v roku 2019 a ve\u013emi r\u00fdchlo zru\u0161en\u00fd po z\u00e1sahu Eur\u00f3pskej komisie. Nem\u00f4\u017eeme si dovoli\u0165 opakova\u0165 tieto chyby a za\u0165a\u017eova\u0165 t\u00fdm ob\u010danov.\u201c<\/em><\/p>\n\n\n\n<p>Ekonomick\u00fd expert strany Dominik Sumbal varuje pred \u010falekosiahlymi ekonomick\u00fdmi d\u00f4sledkami.&nbsp;<em>\u201eTento odvod je v skuto\u010dnosti da\u0148ou z potrav\u00edn a spotrebn\u00e9ho tovaru, ktor\u00fa v kone\u010dnom d\u00f4sledku zaplatia z\u00e1kazn\u00edci. Maloobchodn\u00e9 re\u0165azce nemaj\u00fa pri n\u00edzkych mar\u017e\u00e1ch in\u00e9 mo\u017enosti, ako prenies\u0165 zv\u00fd\u0161en\u00e9 n\u00e1klady na spotrebite\u013eov. Tento krok vl\u00e1dy navy\u0161e povedie k vy\u0161\u0161ej byrokracii, zn\u00ed\u017eeniu invest\u00edci\u00ed v maloobchode a \u010fal\u0161iemu tlaku na infl\u00e1ciu.\u201c<br><\/em><br>Strana Demokrati vyz\u00fdva vl\u00e1du, aby upustila od tohto neuv\u00e1\u017een\u00e9ho kroku a namiesto toho sa zamerala na re\u00e1lne rie\u0161enia, ktor\u00e9 zabezpe\u010dia udr\u017eate\u013enos\u0165 verejn\u00fdch financi\u00ed bez toho, aby \u010falej zvy\u0161ovali z\u00e1\u0165a\u017e pre ob\u010danov Slovenska.<\/p>\n","protected":false},"excerpt":{"rendered":"<p>Demokrati kritizuj\u00fa z\u00e1mer vl\u00e1dy zavies\u0165 nov\u00fd odvod pre maloobchodn\u00e9 re\u0165azce, ktor\u00fd sa v praxi rovn\u00e1 dani na potraviny a z\u00e1kladn\u00fd tovar. Pod\u013ea predstavite\u013eov strany sa tento krok premietne do zv\u00fd\u0161en\u00fdch cien potrav\u00edn a \u010fal\u0161\u00edch tovarov, \u010do najviac zasiahne be\u017en\u00fdch ob\u010danov. \u201eChystan\u00e9 zavedenie takzvan\u00e9ho odvodu pre re\u0165azce je jasn\u00fdm d\u00f4kazom, \u017ee vl\u00e1da nie je schopn\u00e1 rozumne [&hellip;]<\/p>\n","protected":false},"author":13,"featured_media":4931,"comment_status":"closed","ping_status":"closed","sticky":false,"template":"","format":"standard","meta":{"_acf_changed":false,"ngg_post_thumbnail":0,"footnotes":""},"categories":[4],"tags":[],"class_list":["post-4930","post","type-post","status-publish","format-standard","has-post-thumbnail","hentry","category-tlacove-spravy"],"acf":[],"yoast_head":"<!-- This site is optimized with the Yoast SEO plugin v27.2 - https:\/\/yoast.com\/product\/yoast-seo-wordpress\/ -->\n<title>Vl\u00e1da nielen \u017ee ceny potrav\u00edn nezn\u00ed\u017eila tak, ako s\u013eubovala, najnov\u0161\u00ed krok ceny potrav\u00edn dokonca zv\u00fd\u0161i<\/title>\n<meta name=\"robots\" content=\"index, follow, max-snippet:-1, max-image-preview:large, max-video-preview:-1\" \/>\n<link rel=\"canonical\" href=\"https:\/\/www.smedemokrati.sk\/cs\/vlada-nielen-ze-ceny-potravin-neznizila-tak-ako-slubovala-najnovsi-krok-ceny-potravin-dokonca-zvysi\/\" \/>\n<meta property=\"og:locale\" content=\"cs_CZ\" \/>\n<meta property=\"og:locale:alternate\" content=\"en_US\" \/>\n<meta property=\"og:locale:alternate\" content=\"hu_HU\" \/>\n<meta property=\"og:locale:alternate\" content=\"sk_SK\" \/>\n<meta property=\"og:locale:alternate\" content=\"sv_SE\" \/>\n<meta property=\"og:type\" content=\"article\" \/>\n<meta property=\"og:title\" content=\"Vl\u00e1da nielen \u017ee ceny potrav\u00edn nezn\u00ed\u017eila tak, ako s\u013eubovala, najnov\u0161\u00ed krok ceny potrav\u00edn dokonca zv\u00fd\u0161i\" \/>\n<meta property=\"og:description\" content=\"Demokrati kritizuj\u00fa z\u00e1mer vl\u00e1dy zavies\u0165 nov\u00fd odvod pre maloobchodn\u00e9 re\u0165azce, ktor\u00fd sa v praxi rovn\u00e1 dani na potraviny a z\u00e1kladn\u00fd tovar. Pod\u013ea predstavite\u013eov strany sa tento krok premietne do zv\u00fd\u0161en\u00fdch cien potrav\u00edn a \u010fal\u0161\u00edch tovarov, \u010do najviac zasiahne be\u017en\u00fdch ob\u010danov. \u201eChystan\u00e9 zavedenie takzvan\u00e9ho odvodu pre re\u0165azce je jasn\u00fdm d\u00f4kazom, \u017ee vl\u00e1da nie je schopn\u00e1 rozumne [&hellip;]\" \/>\n<meta property=\"og:url\" content=\"https:\/\/www.smedemokrati.sk\/cs\/vlada-nielen-ze-ceny-potravin-neznizila-tak-ako-slubovala-najnovsi-krok-ceny-potravin-dokonca-zvysi\/\" \/>\n<meta property=\"og:site_name\" content=\"Smedemokrati.sk\" \/>\n<meta property=\"article:publisher\" content=\"https:\/\/www.facebook.com\/smedemokrati2023\" \/>\n<meta property=\"article:published_time\" content=\"2024-08-19T15:01:26+00:00\" \/>\n<meta property=\"article:modified_time\" content=\"2024-09-04T11:15:38+00:00\" \/>\n<meta property=\"og:image\" content=\"https:\/\/www.smedemokrati.sk\/wp-content\/uploads\/2024\/08\/1681.jpg\" \/>\n\t<meta property=\"og:image:width\" content=\"1000\" \/>\n\t<meta property=\"og:image:height\" content=\"667\" \/>\n\t<meta property=\"og:image:type\" content=\"image\/jpeg\" \/>\n<meta name=\"author\" content=\"miro.sopko\" \/>\n<meta name=\"twitter:card\" content=\"summary_large_image\" \/>\n<meta name=\"twitter:label1\" content=\"Napsal(a)\" \/>\n\t<meta name=\"twitter:data1\" content=\"miro.sopko\" \/>\n\t<meta name=\"twitter:label2\" content=\"Odhadovan\u00e1 doba \u010dten\u00ed\" \/>\n\t<meta name=\"twitter:data2\" content=\"2 minuty\" \/>\n<script type=\"application\/ld+json\" class=\"yoast-schema-graph\">{\"@context\":\"https:\/\/schema.org\",\"@graph\":[{\"@type\":\"Article\",\"@id\":\"https:\/\/www.smedemokrati.sk\/vlada-nielen-ze-ceny-potravin-neznizila-tak-ako-slubovala-najnovsi-krok-ceny-potravin-dokonca-zvysi\/#article\",\"isPartOf\":{\"@id\":\"https:\/\/www.smedemokrati.sk\/vlada-nielen-ze-ceny-potravin-neznizila-tak-ako-slubovala-najnovsi-krok-ceny-potravin-dokonca-zvysi\/\"},\"author\":{\"name\":\"miro.sopko\",\"@id\":\"https:\/\/www.smedemokrati.sk\/#\/schema\/person\/21f147c88d605aa7ded900e1e7c344ba\"},\"headline\":\"Vl\u00e1da nielen \u017ee ceny potrav\u00edn nezn\u00ed\u017eila tak, ako s\u013eubovala, najnov\u0161\u00ed krok ceny potrav\u00edn dokonca zv\u00fd\u0161i\",\"datePublished\":\"2024-08-19T15:01:26+00:00\",\"dateModified\":\"2024-09-04T11:15:38+00:00\",\"mainEntityOfPage\":{\"@id\":\"https:\/\/www.smedemokrati.sk\/vlada-nielen-ze-ceny-potravin-neznizila-tak-ako-slubovala-najnovsi-krok-ceny-potravin-dokonca-zvysi\/\"},\"wordCount\":393,\"publisher\":{\"@id\":\"https:\/\/www.smedemokrati.sk\/#organization\"},\"image\":{\"@id\":\"https:\/\/www.smedemokrati.sk\/vlada-nielen-ze-ceny-potravin-neznizila-tak-ako-slubovala-najnovsi-krok-ceny-potravin-dokonca-zvysi\/#primaryimage\"},\"thumbnailUrl\":\"https:\/\/www.smedemokrati.sk\/wp-content\/uploads\/2024\/08\/1681.jpg\",\"articleSection\":[\"Tla\u010dov\u00e9 spr\u00e1vy\"],\"inLanguage\":\"cs-CZ\"},{\"@type\":\"WebPage\",\"@id\":\"https:\/\/www.smedemokrati.sk\/vlada-nielen-ze-ceny-potravin-neznizila-tak-ako-slubovala-najnovsi-krok-ceny-potravin-dokonca-zvysi\/\",\"url\":\"https:\/\/www.smedemokrati.sk\/vlada-nielen-ze-ceny-potravin-neznizila-tak-ako-slubovala-najnovsi-krok-ceny-potravin-dokonca-zvysi\/\",\"name\":\"Vl\u00e1da nielen \u017ee ceny potrav\u00edn nezn\u00ed\u017eila tak, ako s\u013eubovala, najnov\u0161\u00ed krok ceny potrav\u00edn dokonca zv\u00fd\u0161i\",\"isPartOf\":{\"@id\":\"https:\/\/www.smedemokrati.sk\/#website\"},\"primaryImageOfPage\":{\"@id\":\"https:\/\/www.smedemokrati.sk\/vlada-nielen-ze-ceny-potravin-neznizila-tak-ako-slubovala-najnovsi-krok-ceny-potravin-dokonca-zvysi\/#primaryimage\"},\"image\":{\"@id\":\"https:\/\/www.smedemokrati.sk\/vlada-nielen-ze-ceny-potravin-neznizila-tak-ako-slubovala-najnovsi-krok-ceny-potravin-dokonca-zvysi\/#primaryimage\"},\"thumbnailUrl\":\"https:\/\/www.smedemokrati.sk\/wp-content\/uploads\/2024\/08\/1681.jpg\",\"datePublished\":\"2024-08-19T15:01:26+00:00\",\"dateModified\":\"2024-09-04T11:15:38+00:00\",\"breadcrumb\":{\"@id\":\"https:\/\/www.smedemokrati.sk\/vlada-nielen-ze-ceny-potravin-neznizila-tak-ako-slubovala-najnovsi-krok-ceny-potravin-dokonca-zvysi\/#breadcrumb\"},\"inLanguage\":\"cs-CZ\",\"potentialAction\":[{\"@type\":\"ReadAction\",\"target\":[\"https:\/\/www.smedemokrati.sk\/vlada-nielen-ze-ceny-potravin-neznizila-tak-ako-slubovala-najnovsi-krok-ceny-potravin-dokonca-zvysi\/\"]}]},{\"@type\":\"ImageObject\",\"inLanguage\":\"cs-CZ\",\"@id\":\"https:\/\/www.smedemokrati.sk\/vlada-nielen-ze-ceny-potravin-neznizila-tak-ako-slubovala-najnovsi-krok-ceny-potravin-dokonca-zvysi\/#primaryimage\",\"url\":\"https:\/\/www.smedemokrati.sk\/wp-content\/uploads\/2024\/08\/1681.jpg\",\"contentUrl\":\"https:\/\/www.smedemokrati.sk\/wp-content\/uploads\/2024\/08\/1681.jpg\",\"width\":1000,\"height\":667},{\"@type\":\"BreadcrumbList\",\"@id\":\"https:\/\/www.smedemokrati.sk\/vlada-nielen-ze-ceny-potravin-neznizila-tak-ako-slubovala-najnovsi-krok-ceny-potravin-dokonca-zvysi\/#breadcrumb\",\"itemListElement\":[{\"@type\":\"ListItem\",\"position\":1,\"name\":\"Domovsk\u00e1 str\u00e1nka\",\"item\":\"https:\/\/www.smedemokrati.sk\/\"},{\"@type\":\"ListItem\",\"position\":2,\"name\":\"Vl\u00e1da nielen \u017ee ceny potrav\u00edn nezn\u00ed\u017eila tak, ako s\u013eubovala, najnov\u0161\u00ed krok ceny potrav\u00edn dokonca zv\u00fd\u0161i\"}]},{\"@type\":\"WebSite\",\"@id\":\"https:\/\/www.smedemokrati.sk\/#website\",\"url\":\"https:\/\/www.smedemokrati.sk\/\",\"name\":\"Smedemokrati.sk\",\"description\":\"Demokracia a slu\u0161nos\u0165 zv\u00ed\u0165az\u00ed\",\"publisher\":{\"@id\":\"https:\/\/www.smedemokrati.sk\/#organization\"},\"potentialAction\":[{\"@type\":\"SearchAction\",\"target\":{\"@type\":\"EntryPoint\",\"urlTemplate\":\"https:\/\/www.smedemokrati.sk\/?s={search_term_string}\"},\"query-input\":{\"@type\":\"PropertyValueSpecification\",\"valueRequired\":true,\"valueName\":\"search_term_string\"}}],\"inLanguage\":\"cs-CZ\"},{\"@type\":\"Organization\",\"@id\":\"https:\/\/www.smedemokrati.sk\/#organization\",\"name\":\"Smedemokrati.sk\",\"url\":\"https:\/\/www.smedemokrati.sk\/\",\"logo\":{\"@type\":\"ImageObject\",\"inLanguage\":\"cs-CZ\",\"@id\":\"https:\/\/www.smedemokrati.sk\/#\/schema\/logo\/image\/\",\"url\":\"https:\/\/www.smedemokrati.sk\/wp-content\/uploads\/2023\/04\/ff.002.jpeg\",\"contentUrl\":\"https:\/\/www.smedemokrati.sk\/wp-content\/uploads\/2023\/04\/ff.002.jpeg\",\"width\":640,\"height\":480,\"caption\":\"Smedemokrati.sk\"},\"image\":{\"@id\":\"https:\/\/www.smedemokrati.sk\/#\/schema\/logo\/image\/\"},\"sameAs\":[\"https:\/\/www.facebook.com\/smedemokrati2023\"]},{\"@type\":\"Person\",\"@id\":\"https:\/\/www.smedemokrati.sk\/#\/schema\/person\/21f147c88d605aa7ded900e1e7c344ba\",\"name\":\"miro.sopko\",\"image\":{\"@type\":\"ImageObject\",\"inLanguage\":\"cs-CZ\",\"@id\":\"https:\/\/secure.gravatar.com\/avatar\/267e4a36f704376c109afe3a78740c1f5dd8675a2180a908699e7863c9247606?s=96&d=mm&r=g\",\"url\":\"https:\/\/secure.gravatar.com\/avatar\/267e4a36f704376c109afe3a78740c1f5dd8675a2180a908699e7863c9247606?s=96&d=mm&r=g\",\"contentUrl\":\"https:\/\/secure.gravatar.com\/avatar\/267e4a36f704376c109afe3a78740c1f5dd8675a2180a908699e7863c9247606?s=96&d=mm&r=g\",\"caption\":\"miro.sopko\"},\"url\":\"https:\/\/www.smedemokrati.sk\/cs\/author\/miro-sopko\/\"}]}<\/script>\n<!-- \/ Yoast SEO plugin. -->","yoast_head_json":{"title":"Vl\u00e1da nielen \u017ee ceny potrav\u00edn nezn\u00ed\u017eila tak, ako s\u013eubovala, najnov\u0161\u00ed krok ceny potrav\u00edn dokonca zv\u00fd\u0161i","robots":{"index":"index","follow":"follow","max-snippet":"max-snippet:-1","max-image-preview":"max-image-preview:large","max-video-preview":"max-video-preview:-1"},"canonical":"https:\/\/www.smedemokrati.sk\/cs\/vlada-nielen-ze-ceny-potravin-neznizila-tak-ako-slubovala-najnovsi-krok-ceny-potravin-dokonca-zvysi\/","og_locale":"cs_CZ","og_type":"article","og_title":"[:sk]Vl\u00e1da nielen \u017ee ceny potrav\u00edn nezn\u00ed\u017eila tak, ako s\u013eubovala, najnov\u0161\u00ed krok ceny potrav\u00edn dokonca zv\u00fd\u0161i[:] - Smedemokrati.sk","og_description":"Demokrati kritizuj\u00fa z\u00e1mer vl\u00e1dy zavies\u0165 nov\u00fd odvod pre maloobchodn\u00e9 re\u0165azce, ktor\u00fd sa v praxi rovn\u00e1 dani na potraviny a z\u00e1kladn\u00fd tovar. Pod\u013ea predstavite\u013eov strany sa tento krok premietne do zv\u00fd\u0161en\u00fdch cien potrav\u00edn a \u010fal\u0161\u00edch tovarov, \u010do najviac zasiahne be\u017en\u00fdch ob\u010danov. \u201eChystan\u00e9 zavedenie takzvan\u00e9ho odvodu pre re\u0165azce je jasn\u00fdm d\u00f4kazom, \u017ee vl\u00e1da nie je schopn\u00e1 rozumne [&hellip;]","og_url":"https:\/\/www.smedemokrati.sk\/cs\/vlada-nielen-ze-ceny-potravin-neznizila-tak-ako-slubovala-najnovsi-krok-ceny-potravin-dokonca-zvysi\/","og_site_name":"Smedemokrati.sk","article_publisher":"https:\/\/www.facebook.com\/smedemokrati2023","article_published_time":"2024-08-19T15:01:26+00:00","article_modified_time":"2024-09-04T11:15:38+00:00","og_image":[{"width":1000,"height":667,"url":"https:\/\/www.smedemokrati.sk\/wp-content\/uploads\/2024\/08\/1681.jpg","type":"image\/jpeg"}],"author":"miro.sopko","twitter_card":"summary_large_image","twitter_misc":{"Napsal(a)":"miro.sopko","Odhadovan\u00e1 doba \u010dten\u00ed":"2 minuty"},"schema":{"@context":"https:\/\/schema.org","@graph":[{"@type":"Article","@id":"https:\/\/www.smedemokrati.sk\/vlada-nielen-ze-ceny-potravin-neznizila-tak-ako-slubovala-najnovsi-krok-ceny-potravin-dokonca-zvysi\/#article","isPartOf":{"@id":"https:\/\/www.smedemokrati.sk\/vlada-nielen-ze-ceny-potravin-neznizila-tak-ako-slubovala-najnovsi-krok-ceny-potravin-dokonca-zvysi\/"},"author":{"name":"miro.sopko","@id":"https:\/\/www.smedemokrati.sk\/#\/schema\/person\/21f147c88d605aa7ded900e1e7c344ba"},"headline":"Vl\u00e1da nielen \u017ee ceny potrav\u00edn nezn\u00ed\u017eila tak, ako s\u013eubovala, najnov\u0161\u00ed krok ceny potrav\u00edn dokonca zv\u00fd\u0161i","datePublished":"2024-08-19T15:01:26+00:00","dateModified":"2024-09-04T11:15:38+00:00","mainEntityOfPage":{"@id":"https:\/\/www.smedemokrati.sk\/vlada-nielen-ze-ceny-potravin-neznizila-tak-ako-slubovala-najnovsi-krok-ceny-potravin-dokonca-zvysi\/"},"wordCount":393,"publisher":{"@id":"https:\/\/www.smedemokrati.sk\/#organization"},"image":{"@id":"https:\/\/www.smedemokrati.sk\/vlada-nielen-ze-ceny-potravin-neznizila-tak-ako-slubovala-najnovsi-krok-ceny-potravin-dokonca-zvysi\/#primaryimage"},"thumbnailUrl":"https:\/\/www.smedemokrati.sk\/wp-content\/uploads\/2024\/08\/1681.jpg","articleSection":["Tla\u010dov\u00e9 spr\u00e1vy"],"inLanguage":"cs-CZ"},{"@type":"WebPage","@id":"https:\/\/www.smedemokrati.sk\/vlada-nielen-ze-ceny-potravin-neznizila-tak-ako-slubovala-najnovsi-krok-ceny-potravin-dokonca-zvysi\/","url":"https:\/\/www.smedemokrati.sk\/vlada-nielen-ze-ceny-potravin-neznizila-tak-ako-slubovala-najnovsi-krok-ceny-potravin-dokonca-zvysi\/","name":"Vl\u00e1da nielen \u017ee ceny potrav\u00edn nezn\u00ed\u017eila tak, ako s\u013eubovala, najnov\u0161\u00ed krok ceny potrav\u00edn dokonca zv\u00fd\u0161i","isPartOf":{"@id":"https:\/\/www.smedemokrati.sk\/#website"},"primaryImageOfPage":{"@id":"https:\/\/www.smedemokrati.sk\/vlada-nielen-ze-ceny-potravin-neznizila-tak-ako-slubovala-najnovsi-krok-ceny-potravin-dokonca-zvysi\/#primaryimage"},"image":{"@id":"https:\/\/www.smedemokrati.sk\/vlada-nielen-ze-ceny-potravin-neznizila-tak-ako-slubovala-najnovsi-krok-ceny-potravin-dokonca-zvysi\/#primaryimage"},"thumbnailUrl":"https:\/\/www.smedemokrati.sk\/wp-content\/uploads\/2024\/08\/1681.jpg","datePublished":"2024-08-19T15:01:26+00:00","dateModified":"2024-09-04T11:15:38+00:00","breadcrumb":{"@id":"https:\/\/www.smedemokrati.sk\/vlada-nielen-ze-ceny-potravin-neznizila-tak-ako-slubovala-najnovsi-krok-ceny-potravin-dokonca-zvysi\/#breadcrumb"},"inLanguage":"cs-CZ","potentialAction":[{"@type":"ReadAction","target":["https:\/\/www.smedemokrati.sk\/vlada-nielen-ze-ceny-potravin-neznizila-tak-ako-slubovala-najnovsi-krok-ceny-potravin-dokonca-zvysi\/"]}]},{"@type":"ImageObject","inLanguage":"cs-CZ","@id":"https:\/\/www.smedemokrati.sk\/vlada-nielen-ze-ceny-potravin-neznizila-tak-ako-slubovala-najnovsi-krok-ceny-potravin-dokonca-zvysi\/#primaryimage","url":"https:\/\/www.smedemokrati.sk\/wp-content\/uploads\/2024\/08\/1681.jpg","contentUrl":"https:\/\/www.smedemokrati.sk\/wp-content\/uploads\/2024\/08\/1681.jpg","width":1000,"height":667},{"@type":"BreadcrumbList","@id":"https:\/\/www.smedemokrati.sk\/vlada-nielen-ze-ceny-potravin-neznizila-tak-ako-slubovala-najnovsi-krok-ceny-potravin-dokonca-zvysi\/#breadcrumb","itemListElement":[{"@type":"ListItem","position":1,"name":"Domovsk\u00e1 str\u00e1nka","item":"https:\/\/www.smedemokrati.sk\/"},{"@type":"ListItem","position":2,"name":"Vl\u00e1da nielen \u017ee ceny potrav\u00edn nezn\u00ed\u017eila tak, ako s\u013eubovala, najnov\u0161\u00ed krok ceny potrav\u00edn dokonca zv\u00fd\u0161i"}]},{"@type":"WebSite","@id":"https:\/\/www.smedemokrati.sk\/#website","url":"https:\/\/www.smedemokrati.sk\/","name":"Smedemokrati.sk","description":"Demokracia a slu\u0161nos\u0165 zv\u00ed\u0165az\u00ed","publisher":{"@id":"https:\/\/www.smedemokrati.sk\/#organization"},"potentialAction":[{"@type":"SearchAction","target":{"@type":"EntryPoint","urlTemplate":"https:\/\/www.smedemokrati.sk\/?s={search_term_string}"},"query-input":{"@type":"PropertyValueSpecification","valueRequired":true,"valueName":"search_term_string"}}],"inLanguage":"cs-CZ"},{"@type":"Organization","@id":"https:\/\/www.smedemokrati.sk\/#organization","name":"Smedemokrati.sk","url":"https:\/\/www.smedemokrati.sk\/","logo":{"@type":"ImageObject","inLanguage":"cs-CZ","@id":"https:\/\/www.smedemokrati.sk\/#\/schema\/logo\/image\/","url":"https:\/\/www.smedemokrati.sk\/wp-content\/uploads\/2023\/04\/ff.002.jpeg","contentUrl":"https:\/\/www.smedemokrati.sk\/wp-content\/uploads\/2023\/04\/ff.002.jpeg","width":640,"height":480,"caption":"Smedemokrati.sk"},"image":{"@id":"https:\/\/www.smedemokrati.sk\/#\/schema\/logo\/image\/"},"sameAs":["https:\/\/www.facebook.com\/smedemokrati2023"]},{"@type":"Person","@id":"https:\/\/www.smedemokrati.sk\/#\/schema\/person\/21f147c88d605aa7ded900e1e7c344ba","name":"miro.sopko","image":{"@type":"ImageObject","inLanguage":"cs-CZ","@id":"https:\/\/secure.gravatar.com\/avatar\/267e4a36f704376c109afe3a78740c1f5dd8675a2180a908699e7863c9247606?s=96&d=mm&r=g","url":"https:\/\/secure.gravatar.com\/avatar\/267e4a36f704376c109afe3a78740c1f5dd8675a2180a908699e7863c9247606?s=96&d=mm&r=g","contentUrl":"https:\/\/secure.gravatar.com\/avatar\/267e4a36f704376c109afe3a78740c1f5dd8675a2180a908699e7863c9247606?s=96&d=mm&r=g","caption":"miro.sopko"},"url":"https:\/\/www.smedemokrati.sk\/cs\/author\/miro-sopko\/"}]}},"_links":{"self":[{"href":"https:\/\/www.smedemokrati.sk\/cs\/wp-json\/wp\/v2\/posts\/4930","targetHints":{"allow":["GET"]}}],"collection":[{"href":"https:\/\/www.smedemokrati.sk\/cs\/wp-json\/wp\/v2\/posts"}],"about":[{"href":"https:\/\/www.smedemokrati.sk\/cs\/wp-json\/wp\/v2\/types\/post"}],"author":[{"embeddable":true,"href":"https:\/\/www.smedemokrati.sk\/cs\/wp-json\/wp\/v2\/users\/13"}],"replies":[{"embeddable":true,"href":"https:\/\/www.smedemokrati.sk\/cs\/wp-json\/wp\/v2\/comments?post=4930"}],"version-history":[{"count":1,"href":"https:\/\/www.smedemokrati.sk\/cs\/wp-json\/wp\/v2\/posts\/4930\/revisions"}],"predecessor-version":[{"id":4932,"href":"https:\/\/www.smedemokrati.sk\/cs\/wp-json\/wp\/v2\/posts\/4930\/revisions\/4932"}],"wp:featuredmedia":[{"embeddable":true,"href":"https:\/\/www.smedemokrati.sk\/cs\/wp-json\/wp\/v2\/media\/4931"}],"wp:attachment":[{"href":"https:\/\/www.smedemokrati.sk\/cs\/wp-json\/wp\/v2\/media?parent=4930"}],"wp:term":[{"taxonomy":"category","embeddable":true,"href":"https:\/\/www.smedemokrati.sk\/cs\/wp-json\/wp\/v2\/categories?post=4930"},{"taxonomy":"post_tag","embeddable":true,"href":"https:\/\/www.smedemokrati.sk\/cs\/wp-json\/wp\/v2\/tags?post=4930"}],"curies":[{"name":"wp","href":"https:\/\/api.w.org\/{rel}","templated":true}]}}