{"id":4897,"date":"2024-08-15T07:51:25","date_gmt":"2024-08-15T06:51:25","guid":{"rendered":"https:\/\/www.smedemokrati.sk\/?p=4897"},"modified":"2024-08-28T12:33:56","modified_gmt":"2024-08-28T11:33:56","slug":"vyzva-ministerke-dolinkovej","status":"publish","type":"post","link":"https:\/\/www.smedemokrati.sk\/cs\/vyzva-ministerke-dolinkovej\/","title":{"rendered":"V\u00fdzva ministerke Dolinkovej"},"content":{"rendered":"<div id=\"fb-root\"><\/div>\n\n<p><strong>Strana Demokrati d\u00f4razne vyz\u00fdva ministerku zdravotn\u00edctva Zuzanu Dolinkov\u00fa, aby bezodkladne zverejnila rozpisy slu\u017eieb na oddelen\u00ed kardiol\u00f3gie v tren\u010dianskej nemocnici. Inform\u00e1cie, ktor\u00e9 sa k n\u00e1m dost\u00e1vaj\u00fa od zamestnancov nemocnice a ktor\u00e9 boli aj medializovan\u00e9, nazna\u010duj\u00fa, \u017ee toto oddelenie funguje len na papieri. Pod\u013ea t\u00fdchto inform\u00e1ci\u00ed s\u00fa slu\u017eby rozp\u00edsan\u00e9 na jedn\u00e9ho lek\u00e1ra, \u010do by znamenalo v\u00e1\u017ene poru\u0161enie Z\u00e1konn\u00edka pr\u00e1ce.<\/strong><\/p>\n\n\n\n<p>Vzh\u013eadom na tieto zistenia vyz\u00fdvame aj ministra pr\u00e1ce Erika Tom\u00e1\u0161a, aby okam\u017eite podal podnet na in\u0161pektor\u00e1t pr\u00e1ce na pre\u0161etrenie tejto situ\u00e1cie:\u00a0<em>\u201eJe nemyslite\u013en\u00e9, aby vl\u00e1da nechala situ\u00e1ciu v nemocnici z\u00e1js\u0165 takto \u010faleko a tv\u00e1ri sa, \u017ee je v\u0161etko v poriadku. Je to maslo na hlave ministerky Dolinkovej, ktor\u00e1 by mala namiesto v\u00fdhovoriek za\u010da\u0165 okam\u017eite kona\u0165. Tie\u017e sa m\u00f4\u017eeme ve\u013emi \u013eahko domnieva\u0165, \u017ee je vo veci poru\u0161ovan\u00fd z\u00e1konn\u00edk pr\u00e1ce a od toho je minister Tom\u00e1\u0161, \u017eiadam v\u00e1s konajte! Ide o zdravie a \u017eivoty \u013eud\u00ed,&#8220; hovor\u00ed b\u00fdval\u00fd premi\u00e9r Eduard Heger<\/em><\/p>\n\n\n\n<p>Ministerka Dolinkov\u00e1 e\u0161te pred p\u00e1r t\u00fd\u017ed\u0148ami ubezpe\u010dovala verejnos\u0165, \u017ee oddelenie kardiol\u00f3gie funguje bez probl\u00e9mov, av\u0161ak ka\u017ed\u00fdm d\u0148om sa objavuj\u00fa nov\u00e9 inform\u00e1cie, ktor\u00e9 tento obraz spochyb\u0148uj\u00fa. Zdravie a \u017eivoty ob\u010danov v Tren\u010dianskom kraji s\u00fa tak v\u00e1\u017ene ohrozen\u00e9.<\/p>\n\n\n\n<p>Z\u00e1rove\u0148 vyz\u00fdvame premi\u00e9ra Roberta Fica, aby bezodkladne zasiahol a vyzval ministerku Dolinkov\u00fa k okam\u017eitej n\u00e1prave a zabezpe\u010deniu riadneho fungovania kardiologick\u00e9ho oddelenia v tren\u010dianskej nemocnici.&nbsp;<\/p>\n\n\n\n<p>Strana Demokrati bude aj na\u010falej pozorne sledova\u0165 situ\u00e1ciu a vyvod\u00ed z nej \u010fal\u0161ie kroky na ochranu zdravia ob\u010danov.<\/p>\n","protected":false},"excerpt":{"rendered":"<p>Strana Demokrati d\u00f4razne vyz\u00fdva ministerku zdravotn\u00edctva Zuzanu Dolinkov\u00fa, aby bezodkladne zverejnila rozpisy slu\u017eieb na oddelen\u00ed kardiol\u00f3gie v tren\u010dianskej nemocnici. Inform\u00e1cie, ktor\u00e9 sa k n\u00e1m dost\u00e1vaj\u00fa od zamestnancov nemocnice a ktor\u00e9 boli aj medializovan\u00e9, nazna\u010duj\u00fa, \u017ee toto oddelenie funguje len na papieri. Pod\u013ea t\u00fdchto inform\u00e1ci\u00ed s\u00fa slu\u017eby rozp\u00edsan\u00e9 na jedn\u00e9ho lek\u00e1ra, \u010do by znamenalo v\u00e1\u017ene poru\u0161enie [&hellip;]<\/p>\n","protected":false},"author":13,"featured_media":4715,"comment_status":"closed","ping_status":"closed","sticky":false,"template":"","format":"standard","meta":{"_acf_changed":false,"ngg_post_thumbnail":0,"footnotes":""},"categories":[11,4],"tags":[],"class_list":["post-4897","post","type-post","status-publish","format-standard","has-post-thumbnail","hentry","category-vyhlasenia","category-tlacove-spravy"],"acf":[],"yoast_head":"<!-- This site is optimized with the Yoast SEO plugin v27.2 - https:\/\/yoast.com\/product\/yoast-seo-wordpress\/ -->\n<title>V\u00fdzva ministerke Dolinkovej<\/title>\n<meta name=\"robots\" content=\"index, follow, max-snippet:-1, max-image-preview:large, max-video-preview:-1\" \/>\n<link rel=\"canonical\" href=\"https:\/\/www.smedemokrati.sk\/cs\/vyzva-ministerke-dolinkovej\/\" \/>\n<meta property=\"og:locale\" content=\"cs_CZ\" \/>\n<meta property=\"og:locale:alternate\" content=\"en_US\" \/>\n<meta property=\"og:locale:alternate\" content=\"hu_HU\" \/>\n<meta property=\"og:locale:alternate\" content=\"sk_SK\" \/>\n<meta property=\"og:locale:alternate\" content=\"sv_SE\" \/>\n<meta property=\"og:type\" content=\"article\" \/>\n<meta property=\"og:title\" content=\"V\u00fdzva ministerke Dolinkovej\" \/>\n<meta property=\"og:description\" content=\"Strana Demokrati d\u00f4razne vyz\u00fdva ministerku zdravotn\u00edctva Zuzanu Dolinkov\u00fa, aby bezodkladne zverejnila rozpisy slu\u017eieb na oddelen\u00ed kardiol\u00f3gie v tren\u010dianskej nemocnici. Inform\u00e1cie, ktor\u00e9 sa k n\u00e1m dost\u00e1vaj\u00fa od zamestnancov nemocnice a ktor\u00e9 boli aj medializovan\u00e9, nazna\u010duj\u00fa, \u017ee toto oddelenie funguje len na papieri. Pod\u013ea t\u00fdchto inform\u00e1ci\u00ed s\u00fa slu\u017eby rozp\u00edsan\u00e9 na jedn\u00e9ho lek\u00e1ra, \u010do by znamenalo v\u00e1\u017ene poru\u0161enie [&hellip;]\" \/>\n<meta property=\"og:url\" content=\"https:\/\/www.smedemokrati.sk\/cs\/vyzva-ministerke-dolinkovej\/\" \/>\n<meta property=\"og:site_name\" content=\"Smedemokrati.sk\" \/>\n<meta property=\"article:publisher\" content=\"https:\/\/www.facebook.com\/smedemokrati2023\" \/>\n<meta property=\"article:published_time\" content=\"2024-08-15T06:51:25+00:00\" \/>\n<meta property=\"article:modified_time\" content=\"2024-08-28T11:33:56+00:00\" \/>\n<meta property=\"og:image\" content=\"https:\/\/www.smedemokrati.sk\/wp-content\/uploads\/2024\/07\/dolinkova.jpg\" \/>\n\t<meta property=\"og:image:width\" content=\"900\" \/>\n\t<meta property=\"og:image:height\" content=\"602\" \/>\n\t<meta property=\"og:image:type\" content=\"image\/jpeg\" \/>\n<meta name=\"author\" content=\"miro.sopko\" \/>\n<meta name=\"twitter:card\" content=\"summary_large_image\" \/>\n<meta name=\"twitter:label1\" content=\"Napsal(a)\" \/>\n\t<meta name=\"twitter:data1\" content=\"miro.sopko\" \/>\n\t<meta name=\"twitter:label2\" content=\"Odhadovan\u00e1 doba \u010dten\u00ed\" \/>\n\t<meta name=\"twitter:data2\" content=\"2 minuty\" \/>\n<script type=\"application\/ld+json\" class=\"yoast-schema-graph\">{\"@context\":\"https:\/\/schema.org\",\"@graph\":[{\"@type\":\"Article\",\"@id\":\"https:\/\/www.smedemokrati.sk\/vyzva-ministerke-dolinkovej\/#article\",\"isPartOf\":{\"@id\":\"https:\/\/www.smedemokrati.sk\/vyzva-ministerke-dolinkovej\/\"},\"author\":{\"name\":\"miro.sopko\",\"@id\":\"https:\/\/www.smedemokrati.sk\/#\/schema\/person\/21f147c88d605aa7ded900e1e7c344ba\"},\"headline\":\"V\u00fdzva ministerke Dolinkovej\",\"datePublished\":\"2024-08-15T06:51:25+00:00\",\"dateModified\":\"2024-08-28T11:33:56+00:00\",\"mainEntityOfPage\":{\"@id\":\"https:\/\/www.smedemokrati.sk\/vyzva-ministerke-dolinkovej\/\"},\"wordCount\":308,\"publisher\":{\"@id\":\"https:\/\/www.smedemokrati.sk\/#organization\"},\"image\":{\"@id\":\"https:\/\/www.smedemokrati.sk\/vyzva-ministerke-dolinkovej\/#primaryimage\"},\"thumbnailUrl\":\"https:\/\/www.smedemokrati.sk\/wp-content\/uploads\/2024\/07\/dolinkova.jpg\",\"articleSection\":[\"Vyhl\u00e1senia\",\"Tla\u010dov\u00e9 spr\u00e1vy\"],\"inLanguage\":\"cs-CZ\"},{\"@type\":\"WebPage\",\"@id\":\"https:\/\/www.smedemokrati.sk\/vyzva-ministerke-dolinkovej\/\",\"url\":\"https:\/\/www.smedemokrati.sk\/vyzva-ministerke-dolinkovej\/\",\"name\":\"V\u00fdzva ministerke Dolinkovej\",\"isPartOf\":{\"@id\":\"https:\/\/www.smedemokrati.sk\/#website\"},\"primaryImageOfPage\":{\"@id\":\"https:\/\/www.smedemokrati.sk\/vyzva-ministerke-dolinkovej\/#primaryimage\"},\"image\":{\"@id\":\"https:\/\/www.smedemokrati.sk\/vyzva-ministerke-dolinkovej\/#primaryimage\"},\"thumbnailUrl\":\"https:\/\/www.smedemokrati.sk\/wp-content\/uploads\/2024\/07\/dolinkova.jpg\",\"datePublished\":\"2024-08-15T06:51:25+00:00\",\"dateModified\":\"2024-08-28T11:33:56+00:00\",\"breadcrumb\":{\"@id\":\"https:\/\/www.smedemokrati.sk\/vyzva-ministerke-dolinkovej\/#breadcrumb\"},\"inLanguage\":\"cs-CZ\",\"potentialAction\":[{\"@type\":\"ReadAction\",\"target\":[\"https:\/\/www.smedemokrati.sk\/vyzva-ministerke-dolinkovej\/\"]}]},{\"@type\":\"ImageObject\",\"inLanguage\":\"cs-CZ\",\"@id\":\"https:\/\/www.smedemokrati.sk\/vyzva-ministerke-dolinkovej\/#primaryimage\",\"url\":\"https:\/\/www.smedemokrati.sk\/wp-content\/uploads\/2024\/07\/dolinkova.jpg\",\"contentUrl\":\"https:\/\/www.smedemokrati.sk\/wp-content\/uploads\/2024\/07\/dolinkova.jpg\",\"width\":900,\"height\":602},{\"@type\":\"BreadcrumbList\",\"@id\":\"https:\/\/www.smedemokrati.sk\/vyzva-ministerke-dolinkovej\/#breadcrumb\",\"itemListElement\":[{\"@type\":\"ListItem\",\"position\":1,\"name\":\"Domovsk\u00e1 str\u00e1nka\",\"item\":\"https:\/\/www.smedemokrati.sk\/\"},{\"@type\":\"ListItem\",\"position\":2,\"name\":\"V\u00fdzva ministerke Dolinkovej\"}]},{\"@type\":\"WebSite\",\"@id\":\"https:\/\/www.smedemokrati.sk\/#website\",\"url\":\"https:\/\/www.smedemokrati.sk\/\",\"name\":\"Smedemokrati.sk\",\"description\":\"Demokracia a slu\u0161nos\u0165 zv\u00ed\u0165az\u00ed\",\"publisher\":{\"@id\":\"https:\/\/www.smedemokrati.sk\/#organization\"},\"potentialAction\":[{\"@type\":\"SearchAction\",\"target\":{\"@type\":\"EntryPoint\",\"urlTemplate\":\"https:\/\/www.smedemokrati.sk\/?s={search_term_string}\"},\"query-input\":{\"@type\":\"PropertyValueSpecification\",\"valueRequired\":true,\"valueName\":\"search_term_string\"}}],\"inLanguage\":\"cs-CZ\"},{\"@type\":\"Organization\",\"@id\":\"https:\/\/www.smedemokrati.sk\/#organization\",\"name\":\"Smedemokrati.sk\",\"url\":\"https:\/\/www.smedemokrati.sk\/\",\"logo\":{\"@type\":\"ImageObject\",\"inLanguage\":\"cs-CZ\",\"@id\":\"https:\/\/www.smedemokrati.sk\/#\/schema\/logo\/image\/\",\"url\":\"https:\/\/www.smedemokrati.sk\/wp-content\/uploads\/2023\/04\/ff.002.jpeg\",\"contentUrl\":\"https:\/\/www.smedemokrati.sk\/wp-content\/uploads\/2023\/04\/ff.002.jpeg\",\"width\":640,\"height\":480,\"caption\":\"Smedemokrati.sk\"},\"image\":{\"@id\":\"https:\/\/www.smedemokrati.sk\/#\/schema\/logo\/image\/\"},\"sameAs\":[\"https:\/\/www.facebook.com\/smedemokrati2023\"]},{\"@type\":\"Person\",\"@id\":\"https:\/\/www.smedemokrati.sk\/#\/schema\/person\/21f147c88d605aa7ded900e1e7c344ba\",\"name\":\"miro.sopko\",\"image\":{\"@type\":\"ImageObject\",\"inLanguage\":\"cs-CZ\",\"@id\":\"https:\/\/secure.gravatar.com\/avatar\/267e4a36f704376c109afe3a78740c1f5dd8675a2180a908699e7863c9247606?s=96&d=mm&r=g\",\"url\":\"https:\/\/secure.gravatar.com\/avatar\/267e4a36f704376c109afe3a78740c1f5dd8675a2180a908699e7863c9247606?s=96&d=mm&r=g\",\"contentUrl\":\"https:\/\/secure.gravatar.com\/avatar\/267e4a36f704376c109afe3a78740c1f5dd8675a2180a908699e7863c9247606?s=96&d=mm&r=g\",\"caption\":\"miro.sopko\"},\"url\":\"https:\/\/www.smedemokrati.sk\/cs\/author\/miro-sopko\/\"}]}<\/script>\n<!-- \/ Yoast SEO plugin. -->","yoast_head_json":{"title":"V\u00fdzva ministerke Dolinkovej","robots":{"index":"index","follow":"follow","max-snippet":"max-snippet:-1","max-image-preview":"max-image-preview:large","max-video-preview":"max-video-preview:-1"},"canonical":"https:\/\/www.smedemokrati.sk\/cs\/vyzva-ministerke-dolinkovej\/","og_locale":"cs_CZ","og_type":"article","og_title":"[:sk]V\u00fdzva ministerke Dolinkovej[:] - Smedemokrati.sk","og_description":"Strana Demokrati d\u00f4razne vyz\u00fdva ministerku zdravotn\u00edctva Zuzanu Dolinkov\u00fa, aby bezodkladne zverejnila rozpisy slu\u017eieb na oddelen\u00ed kardiol\u00f3gie v tren\u010dianskej nemocnici. Inform\u00e1cie, ktor\u00e9 sa k n\u00e1m dost\u00e1vaj\u00fa od zamestnancov nemocnice a ktor\u00e9 boli aj medializovan\u00e9, nazna\u010duj\u00fa, \u017ee toto oddelenie funguje len na papieri. Pod\u013ea t\u00fdchto inform\u00e1ci\u00ed s\u00fa slu\u017eby rozp\u00edsan\u00e9 na jedn\u00e9ho lek\u00e1ra, \u010do by znamenalo v\u00e1\u017ene poru\u0161enie [&hellip;]","og_url":"https:\/\/www.smedemokrati.sk\/cs\/vyzva-ministerke-dolinkovej\/","og_site_name":"Smedemokrati.sk","article_publisher":"https:\/\/www.facebook.com\/smedemokrati2023","article_published_time":"2024-08-15T06:51:25+00:00","article_modified_time":"2024-08-28T11:33:56+00:00","og_image":[{"width":900,"height":602,"url":"https:\/\/www.smedemokrati.sk\/wp-content\/uploads\/2024\/07\/dolinkova.jpg","type":"image\/jpeg"}],"author":"miro.sopko","twitter_card":"summary_large_image","twitter_misc":{"Napsal(a)":"miro.sopko","Odhadovan\u00e1 doba \u010dten\u00ed":"2 minuty"},"schema":{"@context":"https:\/\/schema.org","@graph":[{"@type":"Article","@id":"https:\/\/www.smedemokrati.sk\/vyzva-ministerke-dolinkovej\/#article","isPartOf":{"@id":"https:\/\/www.smedemokrati.sk\/vyzva-ministerke-dolinkovej\/"},"author":{"name":"miro.sopko","@id":"https:\/\/www.smedemokrati.sk\/#\/schema\/person\/21f147c88d605aa7ded900e1e7c344ba"},"headline":"V\u00fdzva ministerke Dolinkovej","datePublished":"2024-08-15T06:51:25+00:00","dateModified":"2024-08-28T11:33:56+00:00","mainEntityOfPage":{"@id":"https:\/\/www.smedemokrati.sk\/vyzva-ministerke-dolinkovej\/"},"wordCount":308,"publisher":{"@id":"https:\/\/www.smedemokrati.sk\/#organization"},"image":{"@id":"https:\/\/www.smedemokrati.sk\/vyzva-ministerke-dolinkovej\/#primaryimage"},"thumbnailUrl":"https:\/\/www.smedemokrati.sk\/wp-content\/uploads\/2024\/07\/dolinkova.jpg","articleSection":["Vyhl\u00e1senia","Tla\u010dov\u00e9 spr\u00e1vy"],"inLanguage":"cs-CZ"},{"@type":"WebPage","@id":"https:\/\/www.smedemokrati.sk\/vyzva-ministerke-dolinkovej\/","url":"https:\/\/www.smedemokrati.sk\/vyzva-ministerke-dolinkovej\/","name":"V\u00fdzva ministerke Dolinkovej","isPartOf":{"@id":"https:\/\/www.smedemokrati.sk\/#website"},"primaryImageOfPage":{"@id":"https:\/\/www.smedemokrati.sk\/vyzva-ministerke-dolinkovej\/#primaryimage"},"image":{"@id":"https:\/\/www.smedemokrati.sk\/vyzva-ministerke-dolinkovej\/#primaryimage"},"thumbnailUrl":"https:\/\/www.smedemokrati.sk\/wp-content\/uploads\/2024\/07\/dolinkova.jpg","datePublished":"2024-08-15T06:51:25+00:00","dateModified":"2024-08-28T11:33:56+00:00","breadcrumb":{"@id":"https:\/\/www.smedemokrati.sk\/vyzva-ministerke-dolinkovej\/#breadcrumb"},"inLanguage":"cs-CZ","potentialAction":[{"@type":"ReadAction","target":["https:\/\/www.smedemokrati.sk\/vyzva-ministerke-dolinkovej\/"]}]},{"@type":"ImageObject","inLanguage":"cs-CZ","@id":"https:\/\/www.smedemokrati.sk\/vyzva-ministerke-dolinkovej\/#primaryimage","url":"https:\/\/www.smedemokrati.sk\/wp-content\/uploads\/2024\/07\/dolinkova.jpg","contentUrl":"https:\/\/www.smedemokrati.sk\/wp-content\/uploads\/2024\/07\/dolinkova.jpg","width":900,"height":602},{"@type":"BreadcrumbList","@id":"https:\/\/www.smedemokrati.sk\/vyzva-ministerke-dolinkovej\/#breadcrumb","itemListElement":[{"@type":"ListItem","position":1,"name":"Domovsk\u00e1 str\u00e1nka","item":"https:\/\/www.smedemokrati.sk\/"},{"@type":"ListItem","position":2,"name":"V\u00fdzva ministerke Dolinkovej"}]},{"@type":"WebSite","@id":"https:\/\/www.smedemokrati.sk\/#website","url":"https:\/\/www.smedemokrati.sk\/","name":"Smedemokrati.sk","description":"Demokracia a slu\u0161nos\u0165 zv\u00ed\u0165az\u00ed","publisher":{"@id":"https:\/\/www.smedemokrati.sk\/#organization"},"potentialAction":[{"@type":"SearchAction","target":{"@type":"EntryPoint","urlTemplate":"https:\/\/www.smedemokrati.sk\/?s={search_term_string}"},"query-input":{"@type":"PropertyValueSpecification","valueRequired":true,"valueName":"search_term_string"}}],"inLanguage":"cs-CZ"},{"@type":"Organization","@id":"https:\/\/www.smedemokrati.sk\/#organization","name":"Smedemokrati.sk","url":"https:\/\/www.smedemokrati.sk\/","logo":{"@type":"ImageObject","inLanguage":"cs-CZ","@id":"https:\/\/www.smedemokrati.sk\/#\/schema\/logo\/image\/","url":"https:\/\/www.smedemokrati.sk\/wp-content\/uploads\/2023\/04\/ff.002.jpeg","contentUrl":"https:\/\/www.smedemokrati.sk\/wp-content\/uploads\/2023\/04\/ff.002.jpeg","width":640,"height":480,"caption":"Smedemokrati.sk"},"image":{"@id":"https:\/\/www.smedemokrati.sk\/#\/schema\/logo\/image\/"},"sameAs":["https:\/\/www.facebook.com\/smedemokrati2023"]},{"@type":"Person","@id":"https:\/\/www.smedemokrati.sk\/#\/schema\/person\/21f147c88d605aa7ded900e1e7c344ba","name":"miro.sopko","image":{"@type":"ImageObject","inLanguage":"cs-CZ","@id":"https:\/\/secure.gravatar.com\/avatar\/267e4a36f704376c109afe3a78740c1f5dd8675a2180a908699e7863c9247606?s=96&d=mm&r=g","url":"https:\/\/secure.gravatar.com\/avatar\/267e4a36f704376c109afe3a78740c1f5dd8675a2180a908699e7863c9247606?s=96&d=mm&r=g","contentUrl":"https:\/\/secure.gravatar.com\/avatar\/267e4a36f704376c109afe3a78740c1f5dd8675a2180a908699e7863c9247606?s=96&d=mm&r=g","caption":"miro.sopko"},"url":"https:\/\/www.smedemokrati.sk\/cs\/author\/miro-sopko\/"}]}},"_links":{"self":[{"href":"https:\/\/www.smedemokrati.sk\/cs\/wp-json\/wp\/v2\/posts\/4897","targetHints":{"allow":["GET"]}}],"collection":[{"href":"https:\/\/www.smedemokrati.sk\/cs\/wp-json\/wp\/v2\/posts"}],"about":[{"href":"https:\/\/www.smedemokrati.sk\/cs\/wp-json\/wp\/v2\/types\/post"}],"author":[{"embeddable":true,"href":"https:\/\/www.smedemokrati.sk\/cs\/wp-json\/wp\/v2\/users\/13"}],"replies":[{"embeddable":true,"href":"https:\/\/www.smedemokrati.sk\/cs\/wp-json\/wp\/v2\/comments?post=4897"}],"version-history":[{"count":1,"href":"https:\/\/www.smedemokrati.sk\/cs\/wp-json\/wp\/v2\/posts\/4897\/revisions"}],"predecessor-version":[{"id":4898,"href":"https:\/\/www.smedemokrati.sk\/cs\/wp-json\/wp\/v2\/posts\/4897\/revisions\/4898"}],"wp:featuredmedia":[{"embeddable":true,"href":"https:\/\/www.smedemokrati.sk\/cs\/wp-json\/wp\/v2\/media\/4715"}],"wp:attachment":[{"href":"https:\/\/www.smedemokrati.sk\/cs\/wp-json\/wp\/v2\/media?parent=4897"}],"wp:term":[{"taxonomy":"category","embeddable":true,"href":"https:\/\/www.smedemokrati.sk\/cs\/wp-json\/wp\/v2\/categories?post=4897"},{"taxonomy":"post_tag","embeddable":true,"href":"https:\/\/www.smedemokrati.sk\/cs\/wp-json\/wp\/v2\/tags?post=4897"}],"curies":[{"name":"wp","href":"https:\/\/api.w.org\/{rel}","templated":true}]}}