{"id":4809,"date":"2024-08-07T13:14:53","date_gmt":"2024-08-07T12:14:53","guid":{"rendered":"https:\/\/www.smedemokrati.sk\/?p=4809"},"modified":"2024-08-14T17:05:40","modified_gmt":"2024-08-14T16:05:40","slug":"vlastni-ficovi-uradnici-varuju-ze-ak-vlada-nezasiahne-energie-pre-domacnosti-budu-o-30-drahsie","status":"publish","type":"post","link":"https:\/\/www.smedemokrati.sk\/cs\/vlastni-ficovi-uradnici-varuju-ze-ak-vlada-nezasiahne-energie-pre-domacnosti-budu-o-30-drahsie\/","title":{"rendered":"Vlastn\u00ed Ficovi \u00faradn\u00edci varuj\u00fa, \u017ee ak vl\u00e1da nezasiahne, energie pre dom\u00e1cnosti bud\u00fa o 30% drah\u0161ie"},"content":{"rendered":"<div id=\"fb-root\"><\/div>\n\n<p><strong>Ak vl\u00e1da Roberta Fica ak\u00fatne nezasiahne, dom\u00e1cnosti bud\u00fa ma\u0165 hlboko do vrecka. Upozor\u0148uj\u00fa samotn\u00ed \u00faradn\u00edci dne\u0161nej vl\u00e1dy. Demokrati vyz\u00fdvaj\u00fa premi\u00e9ra na predstavenie jasn\u00e9ho pl\u00e1nu ako pom\u00f4c\u0165 slovensk\u00fdm dom\u00e1cnostiam. Karel Hirman z\u00e1rove\u0148 upozor\u0148uje, \u017ee sme poslednou krajinou v regi\u00f3ne, ktor\u00e1 nem\u00e1 vyrie\u0161en\u00e9 dod\u00e1vky plynu na nasleduj\u00faci rok.&nbsp;<\/strong><\/p>\n\n\n\n<p>\u00darad pre regul\u00e1ciu sie\u0165ov\u00fdch odvetv\u00ed upozor\u0148uje, \u017ee ak vl\u00e1da Roberta Fica nezasiahne hroz\u00ed, \u017ee dom\u00e1cnosti bud\u00fa plati\u0165 za energie a\u017e o 30% viac:\u00a0<em>\u201ePremi\u00e9rovi vlastn\u00ed \u00faradn\u00edci hovoria, \u017ee ak vl\u00e1da okam\u017eite nezasiahne, platby za energie v dom\u00e1cnostiach narast\u00fa pri ohreve vody, varen\u00ed a k\u00faren\u00ed a\u017e o 33%. U\u017e dnes v Pre\u0161ovskom a Ko\u0161ickom kraji chodia \u013eu\u010fom vy\u0161\u0161ie \u00fa\u010dty za vodn\u00e9 a sto\u010dn\u00e9. Hovor\u00edme o desiatkach eur a vl\u00e1da ml\u010d\u00ed preto\u017ee \u017eia\u013e, rie\u0161i len seba a svoju beztrestnos\u0165,\u201d<\/em>\u00a0hovor\u00ed expremi\u00e9r Heger a pripom\u00edna predvolebn\u00e9 s\u013euby dne\u0161n\u00e9ho predsedu vl\u00e1dy, ktor\u00fd vo veci nekon\u00e1 a vyz\u00fdva ho, aby predstavil jasn\u00fd pl\u00e1n, ako chce tomuto scen\u00e1ru so zv\u00fd\u0161en\u00fdmi cenami energi\u00ed zabr\u00e1ni\u0165.\u00a0<\/p>\n\n\n\n<p>B\u00fdval\u00fd minister hospod\u00e1rstva Karel Hirman pokra\u010duje, \u017ee nebolo to tak d\u00e1vno, \u010do premi\u00e9r Fico stra\u0161il verejnos\u0165 \u201ckauzou\u201d Lukoil kedy tvrdil, \u017ee je ohrozen\u00e1 energetick\u00e1 bezpe\u010dnos\u0165 Slovenska a ob\u010dania bud\u00fa svedkami v\u00fdpadku pohonn\u00fdch hm\u00f4t na \u010derpac\u00edch staniciach:\u00a0<em>\u201ePre\u0161lo nieko\u013eko mesiacov a nestalo sa absol\u00fatne ni\u010d. \u010co sa v\u0161ak re\u00e1lne stalo, \u017ee na\u0161a diplomacia na \u010dele s Blan\u00e1rom t\u00fdmito vyjadreniami o ako\u017ee hrozbe v\u00e1\u017ene naru\u0161ila na\u0161e zahrani\u010dno-politick\u00e9 renom\u00e9, preto\u017ee napr\u00edklad Chorv\u00e1tov ozna\u010dili za nespo\u013eahliv\u00e9ho tranzitn\u00e9ho partnera, \u010do je absol\u00fatne nepr\u00edpustn\u00e9. \u017diadna kauza sa nekonala, Fico op\u00e4\u0165 oklamal a stra\u0161il n\u00e1rod, ktor\u00e9mu teraz vl\u00e1dne,\u201d<\/em>\u00a0hovor\u00ed \u010dlen Demokratov Karel Hirman a upozor\u0148uje, \u017ee dnes m\u00f4\u017eu by\u0165 pre \u00fatoky Ruska na Ukrajinu skuto\u010dne ohrozen\u00e9 dod\u00e1vky plynu, no Slovensko &#8211; \u0161t\u00e1tna SPP nem\u00e1 vyrie\u0161en\u00e9 potrebn\u00e9 zmluvy pre pokra\u010dovanie tranzitu komodity:<em>\u00a0\u201eSme posledn\u00e1 krajina v na\u0161om regi\u00f3ne, ktor\u00e1 nem\u00e1 dorie\u0161en\u00e9 zmluvn\u00e9 vz\u0165ahy na nasleduj\u00faci rok. Boje na Ukrajine sa stup\u0148uj\u00fa a Rusi svojou aktivitou priamo ohrozuj\u00fa d\u00f4le\u017eit\u00e9 tranzitn\u00e9 mesto na Ukrajine, ktor\u00e9 distribuuje plyn do Eur\u00f3py. P\u00fdtam sa, budeme ma\u0165 po 1. janu\u00e1ri plyn?\u201d\u00a0<\/em>uzatv\u00e1ra Hirman.<\/p>\n\n\n<div class=\"fb-video\" data-href=\"https:\/\/fb.watch\/tOZ5wnH1Be\" data-allowfullscreen=\"true\" data-autoplay=\"false\" data-width=\"\" data-show-text=\"false\" data-show-captions=\"true\"><\/div>\n","protected":false},"excerpt":{"rendered":"<p>Ak vl\u00e1da Roberta Fica ak\u00fatne nezasiahne, dom\u00e1cnosti bud\u00fa ma\u0165 hlboko do vrecka. Upozor\u0148uj\u00fa samotn\u00ed \u00faradn\u00edci dne\u0161nej vl\u00e1dy. Demokrati vyz\u00fdvaj\u00fa premi\u00e9ra na predstavenie jasn\u00e9ho pl\u00e1nu ako pom\u00f4c\u0165 slovensk\u00fdm dom\u00e1cnostiam. Karel Hirman z\u00e1rove\u0148 upozor\u0148uje, \u017ee sme poslednou krajinou v regi\u00f3ne, ktor\u00e1 nem\u00e1 vyrie\u0161en\u00e9 dod\u00e1vky plynu na nasleduj\u00faci rok.&nbsp; \u00darad pre regul\u00e1ciu sie\u0165ov\u00fdch odvetv\u00ed upozor\u0148uje, \u017ee ak vl\u00e1da [&hellip;]<\/p>\n","protected":false},"author":13,"featured_media":4810,"comment_status":"closed","ping_status":"closed","sticky":false,"template":"","format":"standard","meta":{"_acf_changed":false,"ngg_post_thumbnail":0,"footnotes":""},"categories":[4],"tags":[],"class_list":["post-4809","post","type-post","status-publish","format-standard","has-post-thumbnail","hentry","category-tlacove-spravy"],"acf":[],"yoast_head":"<!-- This site is optimized with the Yoast SEO plugin v27.2 - https:\/\/yoast.com\/product\/yoast-seo-wordpress\/ -->\n<title>Vlastn\u00ed Ficovi \u00faradn\u00edci varuj\u00fa, \u017ee ak vl\u00e1da nezasiahne, energie pre dom\u00e1cnosti bud\u00fa o 30% drah\u0161ie<\/title>\n<meta name=\"robots\" content=\"index, follow, max-snippet:-1, max-image-preview:large, max-video-preview:-1\" \/>\n<link rel=\"canonical\" href=\"https:\/\/www.smedemokrati.sk\/cs\/vlastni-ficovi-uradnici-varuju-ze-ak-vlada-nezasiahne-energie-pre-domacnosti-budu-o-30-drahsie\/\" \/>\n<meta property=\"og:locale\" content=\"cs_CZ\" \/>\n<meta property=\"og:locale:alternate\" content=\"en_US\" \/>\n<meta property=\"og:locale:alternate\" content=\"hu_HU\" \/>\n<meta property=\"og:locale:alternate\" content=\"sk_SK\" \/>\n<meta property=\"og:locale:alternate\" content=\"sv_SE\" \/>\n<meta property=\"og:type\" content=\"article\" \/>\n<meta property=\"og:title\" content=\"Vlastn\u00ed Ficovi \u00faradn\u00edci varuj\u00fa, \u017ee ak vl\u00e1da nezasiahne, energie pre dom\u00e1cnosti bud\u00fa o 30% drah\u0161ie\" \/>\n<meta property=\"og:description\" content=\"Ak vl\u00e1da Roberta Fica ak\u00fatne nezasiahne, dom\u00e1cnosti bud\u00fa ma\u0165 hlboko do vrecka. Upozor\u0148uj\u00fa samotn\u00ed \u00faradn\u00edci dne\u0161nej vl\u00e1dy. Demokrati vyz\u00fdvaj\u00fa premi\u00e9ra na predstavenie jasn\u00e9ho pl\u00e1nu ako pom\u00f4c\u0165 slovensk\u00fdm dom\u00e1cnostiam. Karel Hirman z\u00e1rove\u0148 upozor\u0148uje, \u017ee sme poslednou krajinou v regi\u00f3ne, ktor\u00e1 nem\u00e1 vyrie\u0161en\u00e9 dod\u00e1vky plynu na nasleduj\u00faci rok.&nbsp; \u00darad pre regul\u00e1ciu sie\u0165ov\u00fdch odvetv\u00ed upozor\u0148uje, \u017ee ak vl\u00e1da [&hellip;]\" \/>\n<meta property=\"og:url\" content=\"https:\/\/www.smedemokrati.sk\/cs\/vlastni-ficovi-uradnici-varuju-ze-ak-vlada-nezasiahne-energie-pre-domacnosti-budu-o-30-drahsie\/\" \/>\n<meta property=\"og:site_name\" content=\"Smedemokrati.sk\" \/>\n<meta property=\"article:publisher\" content=\"https:\/\/www.facebook.com\/smedemokrati2023\" \/>\n<meta property=\"article:published_time\" content=\"2024-08-07T12:14:53+00:00\" \/>\n<meta property=\"article:modified_time\" content=\"2024-08-14T16:05:40+00:00\" \/>\n<meta property=\"og:image\" content=\"https:\/\/www.smedemokrati.sk\/wp-content\/uploads\/2024\/08\/energie.jpg\" \/>\n\t<meta property=\"og:image:width\" content=\"972\" \/>\n\t<meta property=\"og:image:height\" content=\"508\" \/>\n\t<meta property=\"og:image:type\" content=\"image\/jpeg\" \/>\n<meta name=\"author\" content=\"miro.sopko\" \/>\n<meta name=\"twitter:card\" content=\"summary_large_image\" \/>\n<meta name=\"twitter:label1\" content=\"Napsal(a)\" \/>\n\t<meta name=\"twitter:data1\" content=\"miro.sopko\" \/>\n\t<meta name=\"twitter:label2\" content=\"Odhadovan\u00e1 doba \u010dten\u00ed\" \/>\n\t<meta name=\"twitter:data2\" content=\"2 minuty\" \/>\n<script type=\"application\/ld+json\" class=\"yoast-schema-graph\">{\"@context\":\"https:\/\/schema.org\",\"@graph\":[{\"@type\":\"Article\",\"@id\":\"https:\/\/www.smedemokrati.sk\/vlastni-ficovi-uradnici-varuju-ze-ak-vlada-nezasiahne-energie-pre-domacnosti-budu-o-30-drahsie\/#article\",\"isPartOf\":{\"@id\":\"https:\/\/www.smedemokrati.sk\/vlastni-ficovi-uradnici-varuju-ze-ak-vlada-nezasiahne-energie-pre-domacnosti-budu-o-30-drahsie\/\"},\"author\":{\"name\":\"miro.sopko\",\"@id\":\"https:\/\/www.smedemokrati.sk\/#\/schema\/person\/21f147c88d605aa7ded900e1e7c344ba\"},\"headline\":\"Vlastn\u00ed Ficovi \u00faradn\u00edci varuj\u00fa, \u017ee ak vl\u00e1da nezasiahne, energie pre dom\u00e1cnosti bud\u00fa o 30% drah\u0161ie\",\"datePublished\":\"2024-08-07T12:14:53+00:00\",\"dateModified\":\"2024-08-14T16:05:40+00:00\",\"mainEntityOfPage\":{\"@id\":\"https:\/\/www.smedemokrati.sk\/vlastni-ficovi-uradnici-varuju-ze-ak-vlada-nezasiahne-energie-pre-domacnosti-budu-o-30-drahsie\/\"},\"wordCount\":460,\"publisher\":{\"@id\":\"https:\/\/www.smedemokrati.sk\/#organization\"},\"image\":{\"@id\":\"https:\/\/www.smedemokrati.sk\/vlastni-ficovi-uradnici-varuju-ze-ak-vlada-nezasiahne-energie-pre-domacnosti-budu-o-30-drahsie\/#primaryimage\"},\"thumbnailUrl\":\"https:\/\/www.smedemokrati.sk\/wp-content\/uploads\/2024\/08\/energie.jpg\",\"articleSection\":[\"Tla\u010dov\u00e9 spr\u00e1vy\"],\"inLanguage\":\"cs-CZ\"},{\"@type\":\"WebPage\",\"@id\":\"https:\/\/www.smedemokrati.sk\/vlastni-ficovi-uradnici-varuju-ze-ak-vlada-nezasiahne-energie-pre-domacnosti-budu-o-30-drahsie\/\",\"url\":\"https:\/\/www.smedemokrati.sk\/vlastni-ficovi-uradnici-varuju-ze-ak-vlada-nezasiahne-energie-pre-domacnosti-budu-o-30-drahsie\/\",\"name\":\"Vlastn\u00ed Ficovi \u00faradn\u00edci varuj\u00fa, \u017ee ak vl\u00e1da nezasiahne, energie pre dom\u00e1cnosti bud\u00fa o 30% drah\u0161ie\",\"isPartOf\":{\"@id\":\"https:\/\/www.smedemokrati.sk\/#website\"},\"primaryImageOfPage\":{\"@id\":\"https:\/\/www.smedemokrati.sk\/vlastni-ficovi-uradnici-varuju-ze-ak-vlada-nezasiahne-energie-pre-domacnosti-budu-o-30-drahsie\/#primaryimage\"},\"image\":{\"@id\":\"https:\/\/www.smedemokrati.sk\/vlastni-ficovi-uradnici-varuju-ze-ak-vlada-nezasiahne-energie-pre-domacnosti-budu-o-30-drahsie\/#primaryimage\"},\"thumbnailUrl\":\"https:\/\/www.smedemokrati.sk\/wp-content\/uploads\/2024\/08\/energie.jpg\",\"datePublished\":\"2024-08-07T12:14:53+00:00\",\"dateModified\":\"2024-08-14T16:05:40+00:00\",\"breadcrumb\":{\"@id\":\"https:\/\/www.smedemokrati.sk\/vlastni-ficovi-uradnici-varuju-ze-ak-vlada-nezasiahne-energie-pre-domacnosti-budu-o-30-drahsie\/#breadcrumb\"},\"inLanguage\":\"cs-CZ\",\"potentialAction\":[{\"@type\":\"ReadAction\",\"target\":[\"https:\/\/www.smedemokrati.sk\/vlastni-ficovi-uradnici-varuju-ze-ak-vlada-nezasiahne-energie-pre-domacnosti-budu-o-30-drahsie\/\"]}]},{\"@type\":\"ImageObject\",\"inLanguage\":\"cs-CZ\",\"@id\":\"https:\/\/www.smedemokrati.sk\/vlastni-ficovi-uradnici-varuju-ze-ak-vlada-nezasiahne-energie-pre-domacnosti-budu-o-30-drahsie\/#primaryimage\",\"url\":\"https:\/\/www.smedemokrati.sk\/wp-content\/uploads\/2024\/08\/energie.jpg\",\"contentUrl\":\"https:\/\/www.smedemokrati.sk\/wp-content\/uploads\/2024\/08\/energie.jpg\",\"width\":972,\"height\":508},{\"@type\":\"BreadcrumbList\",\"@id\":\"https:\/\/www.smedemokrati.sk\/vlastni-ficovi-uradnici-varuju-ze-ak-vlada-nezasiahne-energie-pre-domacnosti-budu-o-30-drahsie\/#breadcrumb\",\"itemListElement\":[{\"@type\":\"ListItem\",\"position\":1,\"name\":\"Domovsk\u00e1 str\u00e1nka\",\"item\":\"https:\/\/www.smedemokrati.sk\/\"},{\"@type\":\"ListItem\",\"position\":2,\"name\":\"Vlastn\u00ed Ficovi \u00faradn\u00edci varuj\u00fa, \u017ee ak vl\u00e1da nezasiahne, energie pre dom\u00e1cnosti bud\u00fa o 30% drah\u0161ie\"}]},{\"@type\":\"WebSite\",\"@id\":\"https:\/\/www.smedemokrati.sk\/#website\",\"url\":\"https:\/\/www.smedemokrati.sk\/\",\"name\":\"Smedemokrati.sk\",\"description\":\"Demokracia a slu\u0161nos\u0165 zv\u00ed\u0165az\u00ed\",\"publisher\":{\"@id\":\"https:\/\/www.smedemokrati.sk\/#organization\"},\"potentialAction\":[{\"@type\":\"SearchAction\",\"target\":{\"@type\":\"EntryPoint\",\"urlTemplate\":\"https:\/\/www.smedemokrati.sk\/?s={search_term_string}\"},\"query-input\":{\"@type\":\"PropertyValueSpecification\",\"valueRequired\":true,\"valueName\":\"search_term_string\"}}],\"inLanguage\":\"cs-CZ\"},{\"@type\":\"Organization\",\"@id\":\"https:\/\/www.smedemokrati.sk\/#organization\",\"name\":\"Smedemokrati.sk\",\"url\":\"https:\/\/www.smedemokrati.sk\/\",\"logo\":{\"@type\":\"ImageObject\",\"inLanguage\":\"cs-CZ\",\"@id\":\"https:\/\/www.smedemokrati.sk\/#\/schema\/logo\/image\/\",\"url\":\"https:\/\/www.smedemokrati.sk\/wp-content\/uploads\/2023\/04\/ff.002.jpeg\",\"contentUrl\":\"https:\/\/www.smedemokrati.sk\/wp-content\/uploads\/2023\/04\/ff.002.jpeg\",\"width\":640,\"height\":480,\"caption\":\"Smedemokrati.sk\"},\"image\":{\"@id\":\"https:\/\/www.smedemokrati.sk\/#\/schema\/logo\/image\/\"},\"sameAs\":[\"https:\/\/www.facebook.com\/smedemokrati2023\"]},{\"@type\":\"Person\",\"@id\":\"https:\/\/www.smedemokrati.sk\/#\/schema\/person\/21f147c88d605aa7ded900e1e7c344ba\",\"name\":\"miro.sopko\",\"image\":{\"@type\":\"ImageObject\",\"inLanguage\":\"cs-CZ\",\"@id\":\"https:\/\/secure.gravatar.com\/avatar\/267e4a36f704376c109afe3a78740c1f5dd8675a2180a908699e7863c9247606?s=96&d=mm&r=g\",\"url\":\"https:\/\/secure.gravatar.com\/avatar\/267e4a36f704376c109afe3a78740c1f5dd8675a2180a908699e7863c9247606?s=96&d=mm&r=g\",\"contentUrl\":\"https:\/\/secure.gravatar.com\/avatar\/267e4a36f704376c109afe3a78740c1f5dd8675a2180a908699e7863c9247606?s=96&d=mm&r=g\",\"caption\":\"miro.sopko\"},\"url\":\"https:\/\/www.smedemokrati.sk\/cs\/author\/miro-sopko\/\"}]}<\/script>\n<!-- \/ Yoast SEO plugin. -->","yoast_head_json":{"title":"Vlastn\u00ed Ficovi \u00faradn\u00edci varuj\u00fa, \u017ee ak vl\u00e1da nezasiahne, energie pre dom\u00e1cnosti bud\u00fa o 30% drah\u0161ie","robots":{"index":"index","follow":"follow","max-snippet":"max-snippet:-1","max-image-preview":"max-image-preview:large","max-video-preview":"max-video-preview:-1"},"canonical":"https:\/\/www.smedemokrati.sk\/cs\/vlastni-ficovi-uradnici-varuju-ze-ak-vlada-nezasiahne-energie-pre-domacnosti-budu-o-30-drahsie\/","og_locale":"cs_CZ","og_type":"article","og_title":"[:sk]Vlastn\u00ed Ficovi \u00faradn\u00edci varuj\u00fa, \u017ee ak vl\u00e1da nezasiahne, energie pre dom\u00e1cnosti bud\u00fa o 30% drah\u0161ie[:] - Smedemokrati.sk","og_description":"Ak vl\u00e1da Roberta Fica ak\u00fatne nezasiahne, dom\u00e1cnosti bud\u00fa ma\u0165 hlboko do vrecka. Upozor\u0148uj\u00fa samotn\u00ed \u00faradn\u00edci dne\u0161nej vl\u00e1dy. Demokrati vyz\u00fdvaj\u00fa premi\u00e9ra na predstavenie jasn\u00e9ho pl\u00e1nu ako pom\u00f4c\u0165 slovensk\u00fdm dom\u00e1cnostiam. Karel Hirman z\u00e1rove\u0148 upozor\u0148uje, \u017ee sme poslednou krajinou v regi\u00f3ne, ktor\u00e1 nem\u00e1 vyrie\u0161en\u00e9 dod\u00e1vky plynu na nasleduj\u00faci rok.&nbsp; \u00darad pre regul\u00e1ciu sie\u0165ov\u00fdch odvetv\u00ed upozor\u0148uje, \u017ee ak vl\u00e1da [&hellip;]","og_url":"https:\/\/www.smedemokrati.sk\/cs\/vlastni-ficovi-uradnici-varuju-ze-ak-vlada-nezasiahne-energie-pre-domacnosti-budu-o-30-drahsie\/","og_site_name":"Smedemokrati.sk","article_publisher":"https:\/\/www.facebook.com\/smedemokrati2023","article_published_time":"2024-08-07T12:14:53+00:00","article_modified_time":"2024-08-14T16:05:40+00:00","og_image":[{"width":972,"height":508,"url":"https:\/\/www.smedemokrati.sk\/wp-content\/uploads\/2024\/08\/energie.jpg","type":"image\/jpeg"}],"author":"miro.sopko","twitter_card":"summary_large_image","twitter_misc":{"Napsal(a)":"miro.sopko","Odhadovan\u00e1 doba \u010dten\u00ed":"2 minuty"},"schema":{"@context":"https:\/\/schema.org","@graph":[{"@type":"Article","@id":"https:\/\/www.smedemokrati.sk\/vlastni-ficovi-uradnici-varuju-ze-ak-vlada-nezasiahne-energie-pre-domacnosti-budu-o-30-drahsie\/#article","isPartOf":{"@id":"https:\/\/www.smedemokrati.sk\/vlastni-ficovi-uradnici-varuju-ze-ak-vlada-nezasiahne-energie-pre-domacnosti-budu-o-30-drahsie\/"},"author":{"name":"miro.sopko","@id":"https:\/\/www.smedemokrati.sk\/#\/schema\/person\/21f147c88d605aa7ded900e1e7c344ba"},"headline":"Vlastn\u00ed Ficovi \u00faradn\u00edci varuj\u00fa, \u017ee ak vl\u00e1da nezasiahne, energie pre dom\u00e1cnosti bud\u00fa o 30% drah\u0161ie","datePublished":"2024-08-07T12:14:53+00:00","dateModified":"2024-08-14T16:05:40+00:00","mainEntityOfPage":{"@id":"https:\/\/www.smedemokrati.sk\/vlastni-ficovi-uradnici-varuju-ze-ak-vlada-nezasiahne-energie-pre-domacnosti-budu-o-30-drahsie\/"},"wordCount":460,"publisher":{"@id":"https:\/\/www.smedemokrati.sk\/#organization"},"image":{"@id":"https:\/\/www.smedemokrati.sk\/vlastni-ficovi-uradnici-varuju-ze-ak-vlada-nezasiahne-energie-pre-domacnosti-budu-o-30-drahsie\/#primaryimage"},"thumbnailUrl":"https:\/\/www.smedemokrati.sk\/wp-content\/uploads\/2024\/08\/energie.jpg","articleSection":["Tla\u010dov\u00e9 spr\u00e1vy"],"inLanguage":"cs-CZ"},{"@type":"WebPage","@id":"https:\/\/www.smedemokrati.sk\/vlastni-ficovi-uradnici-varuju-ze-ak-vlada-nezasiahne-energie-pre-domacnosti-budu-o-30-drahsie\/","url":"https:\/\/www.smedemokrati.sk\/vlastni-ficovi-uradnici-varuju-ze-ak-vlada-nezasiahne-energie-pre-domacnosti-budu-o-30-drahsie\/","name":"Vlastn\u00ed Ficovi \u00faradn\u00edci varuj\u00fa, \u017ee ak vl\u00e1da nezasiahne, energie pre dom\u00e1cnosti bud\u00fa o 30% drah\u0161ie","isPartOf":{"@id":"https:\/\/www.smedemokrati.sk\/#website"},"primaryImageOfPage":{"@id":"https:\/\/www.smedemokrati.sk\/vlastni-ficovi-uradnici-varuju-ze-ak-vlada-nezasiahne-energie-pre-domacnosti-budu-o-30-drahsie\/#primaryimage"},"image":{"@id":"https:\/\/www.smedemokrati.sk\/vlastni-ficovi-uradnici-varuju-ze-ak-vlada-nezasiahne-energie-pre-domacnosti-budu-o-30-drahsie\/#primaryimage"},"thumbnailUrl":"https:\/\/www.smedemokrati.sk\/wp-content\/uploads\/2024\/08\/energie.jpg","datePublished":"2024-08-07T12:14:53+00:00","dateModified":"2024-08-14T16:05:40+00:00","breadcrumb":{"@id":"https:\/\/www.smedemokrati.sk\/vlastni-ficovi-uradnici-varuju-ze-ak-vlada-nezasiahne-energie-pre-domacnosti-budu-o-30-drahsie\/#breadcrumb"},"inLanguage":"cs-CZ","potentialAction":[{"@type":"ReadAction","target":["https:\/\/www.smedemokrati.sk\/vlastni-ficovi-uradnici-varuju-ze-ak-vlada-nezasiahne-energie-pre-domacnosti-budu-o-30-drahsie\/"]}]},{"@type":"ImageObject","inLanguage":"cs-CZ","@id":"https:\/\/www.smedemokrati.sk\/vlastni-ficovi-uradnici-varuju-ze-ak-vlada-nezasiahne-energie-pre-domacnosti-budu-o-30-drahsie\/#primaryimage","url":"https:\/\/www.smedemokrati.sk\/wp-content\/uploads\/2024\/08\/energie.jpg","contentUrl":"https:\/\/www.smedemokrati.sk\/wp-content\/uploads\/2024\/08\/energie.jpg","width":972,"height":508},{"@type":"BreadcrumbList","@id":"https:\/\/www.smedemokrati.sk\/vlastni-ficovi-uradnici-varuju-ze-ak-vlada-nezasiahne-energie-pre-domacnosti-budu-o-30-drahsie\/#breadcrumb","itemListElement":[{"@type":"ListItem","position":1,"name":"Domovsk\u00e1 str\u00e1nka","item":"https:\/\/www.smedemokrati.sk\/"},{"@type":"ListItem","position":2,"name":"Vlastn\u00ed Ficovi \u00faradn\u00edci varuj\u00fa, \u017ee ak vl\u00e1da nezasiahne, energie pre dom\u00e1cnosti bud\u00fa o 30% drah\u0161ie"}]},{"@type":"WebSite","@id":"https:\/\/www.smedemokrati.sk\/#website","url":"https:\/\/www.smedemokrati.sk\/","name":"Smedemokrati.sk","description":"Demokracia a slu\u0161nos\u0165 zv\u00ed\u0165az\u00ed","publisher":{"@id":"https:\/\/www.smedemokrati.sk\/#organization"},"potentialAction":[{"@type":"SearchAction","target":{"@type":"EntryPoint","urlTemplate":"https:\/\/www.smedemokrati.sk\/?s={search_term_string}"},"query-input":{"@type":"PropertyValueSpecification","valueRequired":true,"valueName":"search_term_string"}}],"inLanguage":"cs-CZ"},{"@type":"Organization","@id":"https:\/\/www.smedemokrati.sk\/#organization","name":"Smedemokrati.sk","url":"https:\/\/www.smedemokrati.sk\/","logo":{"@type":"ImageObject","inLanguage":"cs-CZ","@id":"https:\/\/www.smedemokrati.sk\/#\/schema\/logo\/image\/","url":"https:\/\/www.smedemokrati.sk\/wp-content\/uploads\/2023\/04\/ff.002.jpeg","contentUrl":"https:\/\/www.smedemokrati.sk\/wp-content\/uploads\/2023\/04\/ff.002.jpeg","width":640,"height":480,"caption":"Smedemokrati.sk"},"image":{"@id":"https:\/\/www.smedemokrati.sk\/#\/schema\/logo\/image\/"},"sameAs":["https:\/\/www.facebook.com\/smedemokrati2023"]},{"@type":"Person","@id":"https:\/\/www.smedemokrati.sk\/#\/schema\/person\/21f147c88d605aa7ded900e1e7c344ba","name":"miro.sopko","image":{"@type":"ImageObject","inLanguage":"cs-CZ","@id":"https:\/\/secure.gravatar.com\/avatar\/267e4a36f704376c109afe3a78740c1f5dd8675a2180a908699e7863c9247606?s=96&d=mm&r=g","url":"https:\/\/secure.gravatar.com\/avatar\/267e4a36f704376c109afe3a78740c1f5dd8675a2180a908699e7863c9247606?s=96&d=mm&r=g","contentUrl":"https:\/\/secure.gravatar.com\/avatar\/267e4a36f704376c109afe3a78740c1f5dd8675a2180a908699e7863c9247606?s=96&d=mm&r=g","caption":"miro.sopko"},"url":"https:\/\/www.smedemokrati.sk\/cs\/author\/miro-sopko\/"}]}},"_links":{"self":[{"href":"https:\/\/www.smedemokrati.sk\/cs\/wp-json\/wp\/v2\/posts\/4809","targetHints":{"allow":["GET"]}}],"collection":[{"href":"https:\/\/www.smedemokrati.sk\/cs\/wp-json\/wp\/v2\/posts"}],"about":[{"href":"https:\/\/www.smedemokrati.sk\/cs\/wp-json\/wp\/v2\/types\/post"}],"author":[{"embeddable":true,"href":"https:\/\/www.smedemokrati.sk\/cs\/wp-json\/wp\/v2\/users\/13"}],"replies":[{"embeddable":true,"href":"https:\/\/www.smedemokrati.sk\/cs\/wp-json\/wp\/v2\/comments?post=4809"}],"version-history":[{"count":1,"href":"https:\/\/www.smedemokrati.sk\/cs\/wp-json\/wp\/v2\/posts\/4809\/revisions"}],"predecessor-version":[{"id":4811,"href":"https:\/\/www.smedemokrati.sk\/cs\/wp-json\/wp\/v2\/posts\/4809\/revisions\/4811"}],"wp:featuredmedia":[{"embeddable":true,"href":"https:\/\/www.smedemokrati.sk\/cs\/wp-json\/wp\/v2\/media\/4810"}],"wp:attachment":[{"href":"https:\/\/www.smedemokrati.sk\/cs\/wp-json\/wp\/v2\/media?parent=4809"}],"wp:term":[{"taxonomy":"category","embeddable":true,"href":"https:\/\/www.smedemokrati.sk\/cs\/wp-json\/wp\/v2\/categories?post=4809"},{"taxonomy":"post_tag","embeddable":true,"href":"https:\/\/www.smedemokrati.sk\/cs\/wp-json\/wp\/v2\/tags?post=4809"}],"curies":[{"name":"wp","href":"https:\/\/api.w.org\/{rel}","templated":true}]}}