{"id":4790,"date":"2024-08-06T13:40:20","date_gmt":"2024-08-06T12:40:20","guid":{"rendered":"https:\/\/www.smedemokrati.sk\/?p=4790"},"modified":"2024-08-10T10:11:41","modified_gmt":"2024-08-10T09:11:41","slug":"je-cas-na-predvolanie-simkovicovej-okamzite-zvolajte-vybor-pre-kulturu","status":"publish","type":"post","link":"https:\/\/www.smedemokrati.sk\/cs\/je-cas-na-predvolanie-simkovicovej-okamzite-zvolajte-vybor-pre-kulturu\/","title":{"rendered":"Je \u010das na predvolanie \u0160imkovi\u010dovej, okam\u017eite zvolajte v\u00fdbor pre kult\u00faru"},"content":{"rendered":"<div id=\"fb-root\"><\/div>\n\n<p><strong>Martina \u0160imkovi\u010dov\u00e1 bez ak\u00e9hoko\u013evek vysvetlenia zatvorila ka\u0161tie\u013e v Budmericiach pred verejnos\u0165ou. Vyz\u00fdvame poslancov v\u00fdboru pre kult\u00faru a m\u00e9dia o okam\u017eit\u00e9 zvolanie mimoriadneho v\u00fdboru a predvolanie ministerky kult\u00fary, aby vysvetlila svoje kroky a predstavila \u010fal\u0161ie z\u00e1mery s ka\u0161tie\u013eom.<\/strong><\/p>\n\n\n\n<p>Ministerka kult\u00fary ne\u010dakane zatvorila ka\u0161tie\u013e v Budmericiach pred verejnos\u0165ou. Ob\u00e1vame sa, \u017ee tieto hodiny m\u00f4\u017eu by\u0165 posledn\u00fdmi, kedy m\u00f4\u017eeme nav\u0161t\u00edvi\u0165 aspo\u0148 jeho are\u00e1l, preto\u017ee je mo\u017en\u00e9, \u017ee aj ten bude \u010doskoro zatvoren\u00fd:\u00a0<em>\u201eKa\u0161tie\u013e sme spolu s obcou Budmerice otvorili pre verejnos\u0165 v roku 2021. Tento n\u00e1dhern\u00fd pr\u00edklad spolupr\u00e1ce medzi \u0161t\u00e1tom a obcou sa stal miestom pre svadby, sob\u00e1\u0161e, ubytovanie a festivaly, ktor\u00e9 pril\u00e1kali tis\u00edce n\u00e1v\u0161tevn\u00edkov. Dnes pre n\u00e1s absol\u00fatne nepochopite\u013ene tento kult\u00farny st\u00e1nok kon\u010d\u00ed,&#8220;<\/em>\u00a0otv\u00e1ra t\u00e9mu expremi\u00e9r a podpredseda Demokratov Eduard Heger.<\/p>\n\n\n\n<p>P\u00fdtame sa, ako je mo\u017en\u00e9, \u017ee vl\u00e1da na jednej strane hovor\u00ed o zriaden\u00ed ministerstva cestovn\u00e9ho ruchu, no na druhej strane zatv\u00e1ra tak\u00e9to kr\u00e1sne kult\u00farne pamiatky. Ob\u00e1vame sa, \u017ee z\u00e1ujmom \u013eud\u00ed z ministerstva kult\u00fary je vyu\u017e\u00edva\u0165 tento ka\u0161tie\u013e iba na s\u00fakromn\u00e9 \u00fa\u010dely, ako sme to videli v apr\u00edli tohto roka, ke\u010f si tu ministerkin kolega, zn\u00e1my dezinform\u00e1tor Machala, usporiadal narodeninov\u00fa oslavu za symbolick\u00fa cenu.<\/p>\n\n\n\n<p>B\u00fdval\u00fd predseda V\u00fdboru NR SR pre kult\u00faru a m\u00e9di\u00e1 Kristi\u00e1n \u010cekovsk\u00fd hovor\u00ed, \u017ee je nevyhnutn\u00e9 okam\u017eite zvola\u0165 mimoriadny v\u00fdbor: \u201e<em>O\u010dak\u00e1vame od vl\u00e1dy jasn\u00e9 vysvetlenie bud\u00facnosti ka\u0161tie\u013ea a odpove\u010f na ot\u00e1zku, \u010di bude e\u0161te niekedy otvoren\u00fd verejnosti tak, ako to bolo za na\u0161ej vl\u00e1dy. \u017diadame \u010dlenov V\u00fdboru pre kult\u00faru a m\u00e9di\u00e1, koali\u010dn\u00fdch aj opozi\u010dn\u00fdch, aby okam\u017eite iniciovali zvolanie mimoriadneho v\u00fdboru a p\u00fdtali sa ministerky kult\u00fary \u0160imkovi\u010dovej, ak\u00e9 s\u00fa pl\u00e1ny s ka\u0161tie\u013eom.&#8220;<\/em><\/p>\n\n\n\n<p>Demokrati dod\u00e1vaj\u00fa, \u017ee ka\u0161tie\u013e v Budmericiach je d\u00f4le\u017eitou s\u00fa\u010das\u0165ou n\u00e1\u0161ho kult\u00farneho dedi\u010dstva a mus\u00ed zosta\u0165 pr\u00edstupn\u00fd pre verejnos\u0165.<\/p>\n\n\n\n<p>Live vysielanie spred ka\u0161tie\u013ea:&nbsp;<\/p>\n\n\n\n<p><a href=\"https:\/\/fb.watch\/tNNLNd3zx0\">https:\/\/fb.watch\/tNNLNd3zx0<\/a><\/p>\n\n\n<div class=\"fb-video\" data-href=\"https:\/\/fb.watch\/tNNLNd3zx0\" data-allowfullscreen=\"true\" data-autoplay=\"false\" data-width=\"\" data-show-text=\"false\" data-show-captions=\"true\"><\/div>\n","protected":false},"excerpt":{"rendered":"<p>Martina \u0160imkovi\u010dov\u00e1 bez ak\u00e9hoko\u013evek vysvetlenia zatvorila ka\u0161tie\u013e v Budmericiach pred verejnos\u0165ou. Vyz\u00fdvame poslancov v\u00fdboru pre kult\u00faru a m\u00e9dia o okam\u017eit\u00e9 zvolanie mimoriadneho v\u00fdboru a predvolanie ministerky kult\u00fary, aby vysvetlila svoje kroky a predstavila \u010fal\u0161ie z\u00e1mery s ka\u0161tie\u013eom. Ministerka kult\u00fary ne\u010dakane zatvorila ka\u0161tie\u013e v Budmericiach pred verejnos\u0165ou. Ob\u00e1vame sa, \u017ee tieto hodiny m\u00f4\u017eu by\u0165 posledn\u00fdmi, kedy [&hellip;]<\/p>\n","protected":false},"author":13,"featured_media":4791,"comment_status":"closed","ping_status":"closed","sticky":false,"template":"","format":"standard","meta":{"_acf_changed":false,"ngg_post_thumbnail":0,"footnotes":""},"categories":[4],"tags":[],"class_list":["post-4790","post","type-post","status-publish","format-standard","has-post-thumbnail","hentry","category-tlacove-spravy"],"acf":[],"yoast_head":"<!-- This site is optimized with the Yoast SEO plugin v27.2 - https:\/\/yoast.com\/product\/yoast-seo-wordpress\/ -->\n<title>Je \u010das na predvolanie \u0160imkovi\u010dovej, okam\u017eite zvolajte v\u00fdbor pre kult\u00faru<\/title>\n<meta name=\"robots\" content=\"index, follow, max-snippet:-1, max-image-preview:large, max-video-preview:-1\" \/>\n<link rel=\"canonical\" href=\"https:\/\/www.smedemokrati.sk\/cs\/je-cas-na-predvolanie-simkovicovej-okamzite-zvolajte-vybor-pre-kulturu\/\" \/>\n<meta property=\"og:locale\" content=\"cs_CZ\" \/>\n<meta property=\"og:locale:alternate\" content=\"en_US\" \/>\n<meta property=\"og:locale:alternate\" content=\"hu_HU\" \/>\n<meta property=\"og:locale:alternate\" content=\"sk_SK\" \/>\n<meta property=\"og:locale:alternate\" content=\"sv_SE\" \/>\n<meta property=\"og:type\" content=\"article\" \/>\n<meta property=\"og:title\" content=\"Je \u010das na predvolanie \u0160imkovi\u010dovej, okam\u017eite zvolajte v\u00fdbor pre kult\u00faru\" \/>\n<meta property=\"og:description\" content=\"Martina \u0160imkovi\u010dov\u00e1 bez ak\u00e9hoko\u013evek vysvetlenia zatvorila ka\u0161tie\u013e v Budmericiach pred verejnos\u0165ou. Vyz\u00fdvame poslancov v\u00fdboru pre kult\u00faru a m\u00e9dia o okam\u017eit\u00e9 zvolanie mimoriadneho v\u00fdboru a predvolanie ministerky kult\u00fary, aby vysvetlila svoje kroky a predstavila \u010fal\u0161ie z\u00e1mery s ka\u0161tie\u013eom. Ministerka kult\u00fary ne\u010dakane zatvorila ka\u0161tie\u013e v Budmericiach pred verejnos\u0165ou. Ob\u00e1vame sa, \u017ee tieto hodiny m\u00f4\u017eu by\u0165 posledn\u00fdmi, kedy [&hellip;]\" \/>\n<meta property=\"og:url\" content=\"https:\/\/www.smedemokrati.sk\/cs\/je-cas-na-predvolanie-simkovicovej-okamzite-zvolajte-vybor-pre-kulturu\/\" \/>\n<meta property=\"og:site_name\" content=\"Smedemokrati.sk\" \/>\n<meta property=\"article:publisher\" content=\"https:\/\/www.facebook.com\/smedemokrati2023\" \/>\n<meta property=\"article:published_time\" content=\"2024-08-06T12:40:20+00:00\" \/>\n<meta property=\"article:modified_time\" content=\"2024-08-10T09:11:41+00:00\" \/>\n<meta property=\"og:image\" content=\"https:\/\/www.smedemokrati.sk\/wp-content\/uploads\/2024\/08\/640px-Budmericky_kastiel_2.jpg\" \/>\n\t<meta property=\"og:image:width\" content=\"640\" \/>\n\t<meta property=\"og:image:height\" content=\"480\" \/>\n\t<meta property=\"og:image:type\" content=\"image\/jpeg\" \/>\n<meta name=\"author\" content=\"miro.sopko\" \/>\n<meta name=\"twitter:card\" content=\"summary_large_image\" \/>\n<meta name=\"twitter:label1\" content=\"Napsal(a)\" \/>\n\t<meta name=\"twitter:data1\" content=\"miro.sopko\" \/>\n\t<meta name=\"twitter:label2\" content=\"Odhadovan\u00e1 doba \u010dten\u00ed\" \/>\n\t<meta name=\"twitter:data2\" content=\"2 minuty\" \/>\n<script type=\"application\/ld+json\" class=\"yoast-schema-graph\">{\"@context\":\"https:\/\/schema.org\",\"@graph\":[{\"@type\":\"Article\",\"@id\":\"https:\/\/www.smedemokrati.sk\/je-cas-na-predvolanie-simkovicovej-okamzite-zvolajte-vybor-pre-kulturu\/#article\",\"isPartOf\":{\"@id\":\"https:\/\/www.smedemokrati.sk\/je-cas-na-predvolanie-simkovicovej-okamzite-zvolajte-vybor-pre-kulturu\/\"},\"author\":{\"name\":\"miro.sopko\",\"@id\":\"https:\/\/www.smedemokrati.sk\/#\/schema\/person\/21f147c88d605aa7ded900e1e7c344ba\"},\"headline\":\"Je \u010das na predvolanie \u0160imkovi\u010dovej, okam\u017eite zvolajte v\u00fdbor pre kult\u00faru\",\"datePublished\":\"2024-08-06T12:40:20+00:00\",\"dateModified\":\"2024-08-10T09:11:41+00:00\",\"mainEntityOfPage\":{\"@id\":\"https:\/\/www.smedemokrati.sk\/je-cas-na-predvolanie-simkovicovej-okamzite-zvolajte-vybor-pre-kulturu\/\"},\"wordCount\":413,\"publisher\":{\"@id\":\"https:\/\/www.smedemokrati.sk\/#organization\"},\"image\":{\"@id\":\"https:\/\/www.smedemokrati.sk\/je-cas-na-predvolanie-simkovicovej-okamzite-zvolajte-vybor-pre-kulturu\/#primaryimage\"},\"thumbnailUrl\":\"https:\/\/www.smedemokrati.sk\/wp-content\/uploads\/2024\/08\/640px-Budmericky_kastiel_2.jpg\",\"articleSection\":[\"Tla\u010dov\u00e9 spr\u00e1vy\"],\"inLanguage\":\"cs-CZ\"},{\"@type\":\"WebPage\",\"@id\":\"https:\/\/www.smedemokrati.sk\/je-cas-na-predvolanie-simkovicovej-okamzite-zvolajte-vybor-pre-kulturu\/\",\"url\":\"https:\/\/www.smedemokrati.sk\/je-cas-na-predvolanie-simkovicovej-okamzite-zvolajte-vybor-pre-kulturu\/\",\"name\":\"Je \u010das na predvolanie \u0160imkovi\u010dovej, okam\u017eite zvolajte v\u00fdbor pre kult\u00faru\",\"isPartOf\":{\"@id\":\"https:\/\/www.smedemokrati.sk\/#website\"},\"primaryImageOfPage\":{\"@id\":\"https:\/\/www.smedemokrati.sk\/je-cas-na-predvolanie-simkovicovej-okamzite-zvolajte-vybor-pre-kulturu\/#primaryimage\"},\"image\":{\"@id\":\"https:\/\/www.smedemokrati.sk\/je-cas-na-predvolanie-simkovicovej-okamzite-zvolajte-vybor-pre-kulturu\/#primaryimage\"},\"thumbnailUrl\":\"https:\/\/www.smedemokrati.sk\/wp-content\/uploads\/2024\/08\/640px-Budmericky_kastiel_2.jpg\",\"datePublished\":\"2024-08-06T12:40:20+00:00\",\"dateModified\":\"2024-08-10T09:11:41+00:00\",\"breadcrumb\":{\"@id\":\"https:\/\/www.smedemokrati.sk\/je-cas-na-predvolanie-simkovicovej-okamzite-zvolajte-vybor-pre-kulturu\/#breadcrumb\"},\"inLanguage\":\"cs-CZ\",\"potentialAction\":[{\"@type\":\"ReadAction\",\"target\":[\"https:\/\/www.smedemokrati.sk\/je-cas-na-predvolanie-simkovicovej-okamzite-zvolajte-vybor-pre-kulturu\/\"]}]},{\"@type\":\"ImageObject\",\"inLanguage\":\"cs-CZ\",\"@id\":\"https:\/\/www.smedemokrati.sk\/je-cas-na-predvolanie-simkovicovej-okamzite-zvolajte-vybor-pre-kulturu\/#primaryimage\",\"url\":\"https:\/\/www.smedemokrati.sk\/wp-content\/uploads\/2024\/08\/640px-Budmericky_kastiel_2.jpg\",\"contentUrl\":\"https:\/\/www.smedemokrati.sk\/wp-content\/uploads\/2024\/08\/640px-Budmericky_kastiel_2.jpg\",\"width\":640,\"height\":480},{\"@type\":\"BreadcrumbList\",\"@id\":\"https:\/\/www.smedemokrati.sk\/je-cas-na-predvolanie-simkovicovej-okamzite-zvolajte-vybor-pre-kulturu\/#breadcrumb\",\"itemListElement\":[{\"@type\":\"ListItem\",\"position\":1,\"name\":\"Domovsk\u00e1 str\u00e1nka\",\"item\":\"https:\/\/www.smedemokrati.sk\/\"},{\"@type\":\"ListItem\",\"position\":2,\"name\":\"Je \u010das na predvolanie \u0160imkovi\u010dovej, okam\u017eite zvolajte v\u00fdbor pre kult\u00faru\"}]},{\"@type\":\"WebSite\",\"@id\":\"https:\/\/www.smedemokrati.sk\/#website\",\"url\":\"https:\/\/www.smedemokrati.sk\/\",\"name\":\"Smedemokrati.sk\",\"description\":\"Demokracia a slu\u0161nos\u0165 zv\u00ed\u0165az\u00ed\",\"publisher\":{\"@id\":\"https:\/\/www.smedemokrati.sk\/#organization\"},\"potentialAction\":[{\"@type\":\"SearchAction\",\"target\":{\"@type\":\"EntryPoint\",\"urlTemplate\":\"https:\/\/www.smedemokrati.sk\/?s={search_term_string}\"},\"query-input\":{\"@type\":\"PropertyValueSpecification\",\"valueRequired\":true,\"valueName\":\"search_term_string\"}}],\"inLanguage\":\"cs-CZ\"},{\"@type\":\"Organization\",\"@id\":\"https:\/\/www.smedemokrati.sk\/#organization\",\"name\":\"Smedemokrati.sk\",\"url\":\"https:\/\/www.smedemokrati.sk\/\",\"logo\":{\"@type\":\"ImageObject\",\"inLanguage\":\"cs-CZ\",\"@id\":\"https:\/\/www.smedemokrati.sk\/#\/schema\/logo\/image\/\",\"url\":\"https:\/\/www.smedemokrati.sk\/wp-content\/uploads\/2023\/04\/ff.002.jpeg\",\"contentUrl\":\"https:\/\/www.smedemokrati.sk\/wp-content\/uploads\/2023\/04\/ff.002.jpeg\",\"width\":640,\"height\":480,\"caption\":\"Smedemokrati.sk\"},\"image\":{\"@id\":\"https:\/\/www.smedemokrati.sk\/#\/schema\/logo\/image\/\"},\"sameAs\":[\"https:\/\/www.facebook.com\/smedemokrati2023\"]},{\"@type\":\"Person\",\"@id\":\"https:\/\/www.smedemokrati.sk\/#\/schema\/person\/21f147c88d605aa7ded900e1e7c344ba\",\"name\":\"miro.sopko\",\"image\":{\"@type\":\"ImageObject\",\"inLanguage\":\"cs-CZ\",\"@id\":\"https:\/\/secure.gravatar.com\/avatar\/267e4a36f704376c109afe3a78740c1f5dd8675a2180a908699e7863c9247606?s=96&d=mm&r=g\",\"url\":\"https:\/\/secure.gravatar.com\/avatar\/267e4a36f704376c109afe3a78740c1f5dd8675a2180a908699e7863c9247606?s=96&d=mm&r=g\",\"contentUrl\":\"https:\/\/secure.gravatar.com\/avatar\/267e4a36f704376c109afe3a78740c1f5dd8675a2180a908699e7863c9247606?s=96&d=mm&r=g\",\"caption\":\"miro.sopko\"},\"url\":\"https:\/\/www.smedemokrati.sk\/cs\/author\/miro-sopko\/\"}]}<\/script>\n<!-- \/ Yoast SEO plugin. -->","yoast_head_json":{"title":"Je \u010das na predvolanie \u0160imkovi\u010dovej, okam\u017eite zvolajte v\u00fdbor pre kult\u00faru","robots":{"index":"index","follow":"follow","max-snippet":"max-snippet:-1","max-image-preview":"max-image-preview:large","max-video-preview":"max-video-preview:-1"},"canonical":"https:\/\/www.smedemokrati.sk\/cs\/je-cas-na-predvolanie-simkovicovej-okamzite-zvolajte-vybor-pre-kulturu\/","og_locale":"cs_CZ","og_type":"article","og_title":"[:sk]Je \u010das na predvolanie \u0160imkovi\u010dovej, okam\u017eite zvolajte v\u00fdbor pre kult\u00faru[:] - Smedemokrati.sk","og_description":"Martina \u0160imkovi\u010dov\u00e1 bez ak\u00e9hoko\u013evek vysvetlenia zatvorila ka\u0161tie\u013e v Budmericiach pred verejnos\u0165ou. Vyz\u00fdvame poslancov v\u00fdboru pre kult\u00faru a m\u00e9dia o okam\u017eit\u00e9 zvolanie mimoriadneho v\u00fdboru a predvolanie ministerky kult\u00fary, aby vysvetlila svoje kroky a predstavila \u010fal\u0161ie z\u00e1mery s ka\u0161tie\u013eom. Ministerka kult\u00fary ne\u010dakane zatvorila ka\u0161tie\u013e v Budmericiach pred verejnos\u0165ou. Ob\u00e1vame sa, \u017ee tieto hodiny m\u00f4\u017eu by\u0165 posledn\u00fdmi, kedy [&hellip;]","og_url":"https:\/\/www.smedemokrati.sk\/cs\/je-cas-na-predvolanie-simkovicovej-okamzite-zvolajte-vybor-pre-kulturu\/","og_site_name":"Smedemokrati.sk","article_publisher":"https:\/\/www.facebook.com\/smedemokrati2023","article_published_time":"2024-08-06T12:40:20+00:00","article_modified_time":"2024-08-10T09:11:41+00:00","og_image":[{"width":640,"height":480,"url":"https:\/\/www.smedemokrati.sk\/wp-content\/uploads\/2024\/08\/640px-Budmericky_kastiel_2.jpg","type":"image\/jpeg"}],"author":"miro.sopko","twitter_card":"summary_large_image","twitter_misc":{"Napsal(a)":"miro.sopko","Odhadovan\u00e1 doba \u010dten\u00ed":"2 minuty"},"schema":{"@context":"https:\/\/schema.org","@graph":[{"@type":"Article","@id":"https:\/\/www.smedemokrati.sk\/je-cas-na-predvolanie-simkovicovej-okamzite-zvolajte-vybor-pre-kulturu\/#article","isPartOf":{"@id":"https:\/\/www.smedemokrati.sk\/je-cas-na-predvolanie-simkovicovej-okamzite-zvolajte-vybor-pre-kulturu\/"},"author":{"name":"miro.sopko","@id":"https:\/\/www.smedemokrati.sk\/#\/schema\/person\/21f147c88d605aa7ded900e1e7c344ba"},"headline":"Je \u010das na predvolanie \u0160imkovi\u010dovej, okam\u017eite zvolajte v\u00fdbor pre kult\u00faru","datePublished":"2024-08-06T12:40:20+00:00","dateModified":"2024-08-10T09:11:41+00:00","mainEntityOfPage":{"@id":"https:\/\/www.smedemokrati.sk\/je-cas-na-predvolanie-simkovicovej-okamzite-zvolajte-vybor-pre-kulturu\/"},"wordCount":413,"publisher":{"@id":"https:\/\/www.smedemokrati.sk\/#organization"},"image":{"@id":"https:\/\/www.smedemokrati.sk\/je-cas-na-predvolanie-simkovicovej-okamzite-zvolajte-vybor-pre-kulturu\/#primaryimage"},"thumbnailUrl":"https:\/\/www.smedemokrati.sk\/wp-content\/uploads\/2024\/08\/640px-Budmericky_kastiel_2.jpg","articleSection":["Tla\u010dov\u00e9 spr\u00e1vy"],"inLanguage":"cs-CZ"},{"@type":"WebPage","@id":"https:\/\/www.smedemokrati.sk\/je-cas-na-predvolanie-simkovicovej-okamzite-zvolajte-vybor-pre-kulturu\/","url":"https:\/\/www.smedemokrati.sk\/je-cas-na-predvolanie-simkovicovej-okamzite-zvolajte-vybor-pre-kulturu\/","name":"Je \u010das na predvolanie \u0160imkovi\u010dovej, okam\u017eite zvolajte v\u00fdbor pre kult\u00faru","isPartOf":{"@id":"https:\/\/www.smedemokrati.sk\/#website"},"primaryImageOfPage":{"@id":"https:\/\/www.smedemokrati.sk\/je-cas-na-predvolanie-simkovicovej-okamzite-zvolajte-vybor-pre-kulturu\/#primaryimage"},"image":{"@id":"https:\/\/www.smedemokrati.sk\/je-cas-na-predvolanie-simkovicovej-okamzite-zvolajte-vybor-pre-kulturu\/#primaryimage"},"thumbnailUrl":"https:\/\/www.smedemokrati.sk\/wp-content\/uploads\/2024\/08\/640px-Budmericky_kastiel_2.jpg","datePublished":"2024-08-06T12:40:20+00:00","dateModified":"2024-08-10T09:11:41+00:00","breadcrumb":{"@id":"https:\/\/www.smedemokrati.sk\/je-cas-na-predvolanie-simkovicovej-okamzite-zvolajte-vybor-pre-kulturu\/#breadcrumb"},"inLanguage":"cs-CZ","potentialAction":[{"@type":"ReadAction","target":["https:\/\/www.smedemokrati.sk\/je-cas-na-predvolanie-simkovicovej-okamzite-zvolajte-vybor-pre-kulturu\/"]}]},{"@type":"ImageObject","inLanguage":"cs-CZ","@id":"https:\/\/www.smedemokrati.sk\/je-cas-na-predvolanie-simkovicovej-okamzite-zvolajte-vybor-pre-kulturu\/#primaryimage","url":"https:\/\/www.smedemokrati.sk\/wp-content\/uploads\/2024\/08\/640px-Budmericky_kastiel_2.jpg","contentUrl":"https:\/\/www.smedemokrati.sk\/wp-content\/uploads\/2024\/08\/640px-Budmericky_kastiel_2.jpg","width":640,"height":480},{"@type":"BreadcrumbList","@id":"https:\/\/www.smedemokrati.sk\/je-cas-na-predvolanie-simkovicovej-okamzite-zvolajte-vybor-pre-kulturu\/#breadcrumb","itemListElement":[{"@type":"ListItem","position":1,"name":"Domovsk\u00e1 str\u00e1nka","item":"https:\/\/www.smedemokrati.sk\/"},{"@type":"ListItem","position":2,"name":"Je \u010das na predvolanie \u0160imkovi\u010dovej, okam\u017eite zvolajte v\u00fdbor pre kult\u00faru"}]},{"@type":"WebSite","@id":"https:\/\/www.smedemokrati.sk\/#website","url":"https:\/\/www.smedemokrati.sk\/","name":"Smedemokrati.sk","description":"Demokracia a slu\u0161nos\u0165 zv\u00ed\u0165az\u00ed","publisher":{"@id":"https:\/\/www.smedemokrati.sk\/#organization"},"potentialAction":[{"@type":"SearchAction","target":{"@type":"EntryPoint","urlTemplate":"https:\/\/www.smedemokrati.sk\/?s={search_term_string}"},"query-input":{"@type":"PropertyValueSpecification","valueRequired":true,"valueName":"search_term_string"}}],"inLanguage":"cs-CZ"},{"@type":"Organization","@id":"https:\/\/www.smedemokrati.sk\/#organization","name":"Smedemokrati.sk","url":"https:\/\/www.smedemokrati.sk\/","logo":{"@type":"ImageObject","inLanguage":"cs-CZ","@id":"https:\/\/www.smedemokrati.sk\/#\/schema\/logo\/image\/","url":"https:\/\/www.smedemokrati.sk\/wp-content\/uploads\/2023\/04\/ff.002.jpeg","contentUrl":"https:\/\/www.smedemokrati.sk\/wp-content\/uploads\/2023\/04\/ff.002.jpeg","width":640,"height":480,"caption":"Smedemokrati.sk"},"image":{"@id":"https:\/\/www.smedemokrati.sk\/#\/schema\/logo\/image\/"},"sameAs":["https:\/\/www.facebook.com\/smedemokrati2023"]},{"@type":"Person","@id":"https:\/\/www.smedemokrati.sk\/#\/schema\/person\/21f147c88d605aa7ded900e1e7c344ba","name":"miro.sopko","image":{"@type":"ImageObject","inLanguage":"cs-CZ","@id":"https:\/\/secure.gravatar.com\/avatar\/267e4a36f704376c109afe3a78740c1f5dd8675a2180a908699e7863c9247606?s=96&d=mm&r=g","url":"https:\/\/secure.gravatar.com\/avatar\/267e4a36f704376c109afe3a78740c1f5dd8675a2180a908699e7863c9247606?s=96&d=mm&r=g","contentUrl":"https:\/\/secure.gravatar.com\/avatar\/267e4a36f704376c109afe3a78740c1f5dd8675a2180a908699e7863c9247606?s=96&d=mm&r=g","caption":"miro.sopko"},"url":"https:\/\/www.smedemokrati.sk\/cs\/author\/miro-sopko\/"}]}},"_links":{"self":[{"href":"https:\/\/www.smedemokrati.sk\/cs\/wp-json\/wp\/v2\/posts\/4790","targetHints":{"allow":["GET"]}}],"collection":[{"href":"https:\/\/www.smedemokrati.sk\/cs\/wp-json\/wp\/v2\/posts"}],"about":[{"href":"https:\/\/www.smedemokrati.sk\/cs\/wp-json\/wp\/v2\/types\/post"}],"author":[{"embeddable":true,"href":"https:\/\/www.smedemokrati.sk\/cs\/wp-json\/wp\/v2\/users\/13"}],"replies":[{"embeddable":true,"href":"https:\/\/www.smedemokrati.sk\/cs\/wp-json\/wp\/v2\/comments?post=4790"}],"version-history":[{"count":1,"href":"https:\/\/www.smedemokrati.sk\/cs\/wp-json\/wp\/v2\/posts\/4790\/revisions"}],"predecessor-version":[{"id":4792,"href":"https:\/\/www.smedemokrati.sk\/cs\/wp-json\/wp\/v2\/posts\/4790\/revisions\/4792"}],"wp:featuredmedia":[{"embeddable":true,"href":"https:\/\/www.smedemokrati.sk\/cs\/wp-json\/wp\/v2\/media\/4791"}],"wp:attachment":[{"href":"https:\/\/www.smedemokrati.sk\/cs\/wp-json\/wp\/v2\/media?parent=4790"}],"wp:term":[{"taxonomy":"category","embeddable":true,"href":"https:\/\/www.smedemokrati.sk\/cs\/wp-json\/wp\/v2\/categories?post=4790"},{"taxonomy":"post_tag","embeddable":true,"href":"https:\/\/www.smedemokrati.sk\/cs\/wp-json\/wp\/v2\/tags?post=4790"}],"curies":[{"name":"wp","href":"https:\/\/api.w.org\/{rel}","templated":true}]}}