{"id":4762,"date":"2024-07-31T16:36:42","date_gmt":"2024-07-31T15:36:42","guid":{"rendered":"https:\/\/www.smedemokrati.sk\/?p=4762"},"modified":"2024-08-07T16:45:25","modified_gmt":"2024-08-07T15:45:25","slug":"slovensko-moze-prist-o-2-miliardy-vyzyvame-pellegriniho-aby-splnil-svoje-predvolebne-sluby-a-konal-v-mene-vsetkych-obcanov","status":"publish","type":"post","link":"https:\/\/www.smedemokrati.sk\/cs\/slovensko-moze-prist-o-2-miliardy-vyzyvame-pellegriniho-aby-splnil-svoje-predvolebne-sluby-a-konal-v-mene-vsetkych-obcanov\/","title":{"rendered":"Slovensko m\u00f4\u017ee pr\u00eds\u0165 o 2 miliardy, vyz\u00fdvame Pellegriniho aby splnil svoje predvolebn\u00e9 s\u013euby a konal v mene v\u0161etk\u00fdch ob\u010danov"},"content":{"rendered":"<div id=\"fb-root\"><\/div>\n\n<p><strong>Slovensku re\u00e1lne hroz\u00ed, \u017ee pr\u00edde o 2 miliardy&nbsp;eur z Pl\u00e1nu obnovy a premi\u00e9r Fico je v dovolenkovom re\u017eime, prezident Pellegrini je na olympi\u00e1de a ministri vyr\u00e1baj\u00fa na svojich rezortoch jeden \u0161kand\u00e1l za druh\u00fdm. Demokrati vyz\u00fdvaj\u00fa Petra Pellegriniho, aby splnil svoje predvolebn\u00e9 re\u010di, \u017ee v pr\u00edpade potreby sa osobne z\u00fa\u010dastn\u00ed&nbsp;rokovania vl\u00e1dy alebo si predvol\u00e1 ministrov do prezidentsk\u00e9ho pal\u0107a. Pod\u013ea strany ten \u010das u\u017e nastal, \u017eiadaj\u00fa preto o zvolanie mimoriadnej vl\u00e1dy a tie\u017e sch\u00f4dze&nbsp;parlamentu.&nbsp; &nbsp;<\/strong><\/p>\n\n\n\n<p>Slovensko m\u00f4\u017ee pr\u00eds\u0165 o 2 mld. eur a vl\u00e1da Roberta Fica sp\u00ed:\u00a0<em>\u201eKde je teraz premi\u00e9r, kde je teraz prezident Pellegrini, ktor\u00fd vyhl\u00e1sil, \u017ee v pr\u00edpade potreby p\u00f4jde na rokovanie vl\u00e1dy. Pre\u010do si e\u0161te st\u00e1le nepredvolal ministra \u017eivotn\u00e9ho prostredia, ministerku zdravotn\u00edctva, ministra spravodlivosti a podpredsedu vl\u00e1dy pre Pl\u00e1n obnovy,&#8220;\u00a0<\/em>otv\u00e1ra t\u00e9mu podpredseda strany Juraj \u0160eliga a dod\u00e1va, \u017ee dva t\u00fd\u017edne Demokrati intenz\u00edvne upozor\u0148uj\u00fa na re\u00e1lne riziko, \u017ee pr\u00eddeme o peniaze z Pl\u00e1nu obnovy. Tieto peniaze s\u00fa pritom ur\u010den\u00e9 na rozvoj Slovenska, no vl\u00e1da a rovnako prezident nekonaj\u00fa, pr\u00e1ca opoz\u00edcia je v tomto smere tie\u017e mimoriadne nedostato\u010dn\u00e1.<\/p>\n\n\n\n<p><em>\u201eSlovami premi\u00e9ra sa preto p\u00fdtam \u2013 To v\u00e1m drbe? To naozaj si Slovensko m\u00f4\u017ee dovoli\u0165 pr\u00eds\u0165 o 2 miliardy eur? M\u00e1me to\u013eko pe\u0148az\u00ed, \u017ee n\u00e1m miliardy nebud\u00fa ch\u00fdba\u0165? \u00daplne jednoduchou matematikou je to cca 400 eur pre ka\u017ed\u00e9ho dospel\u00e9ho Slov\u00e1ka. Alebo 20 kilometrov nov\u00fdch dia\u013enic alebo 3 kompletn\u00e9 ve\u013ek\u00e9 nemocnice, \u0161k\u00f4lky, \u0161koly, \u0161tudenti v zahrani\u010d\u00ed a takto by sme mohli pokra\u010dova\u0165, \u010do v\u0161etko by sa dalo za tie peniaze postavi\u0165 alebo k\u00fapi\u0165,&#8220;<\/em>\u00a0pokra\u010duje \u0160eliga a vyz\u00fdva Petra Pellegriniho, aby za\u010dal kona\u0165:\u00a0<em>\u201eP\u00e1n Pellegrini, pred prezidentsk\u00fdmi vo\u013ebami ste s\u013e\u00fabili, \u017ee budete prezident v\u0161etk\u00fdch \u013eud\u00ed, teraz je \u010das to uk\u00e1za\u0165. U\u017e dva t\u00fd\u017edne ako Demokrati hovor\u00edme o riziku toho, \u017ee Slovensko m\u00f4\u017ee pr\u00eds\u0165 o ve\u013ek\u00e9 peniaze z Pl\u00e1nu obnovy. V mene v\u0161etk\u00fdch ob\u010danov sa za\u010dnite o t\u00fato t\u00e9mu zauj\u00edma\u0165.&#8220;<br><\/em><\/p>\n\n\n\n<p>Pod\u013ea predsedu Demokratov Jaroslava Na\u010fa je nutn\u00e9 v tomto momente prist\u00fapi\u0165 ku kr\u00edzov\u00e9mu riadeniu:\u00a0<em>\u201eP\u00e1n Fico, kedy zvol\u00e1te mimoriadnu vl\u00e1du, aby ste za\u010dali kr\u00edzov\u00e9 riadenie Pl\u00e1nu obnovy a urobili v\u0161etky kroky k tomu, aby Slovensko nepri\u0161lo o 2 miliardy eur? Alebo V\u00e1s naozaj tr\u00e1pi len to, koho obvini\u0165, koho vysmia\u0165 a ak\u00e1 modelka alebo model pochodoval po m\u00f3le na olympi\u00e1de v Par\u00ed\u017ei? Opakovane vyz\u00fdvame vl\u00e1du, aby premi\u00e9r zvolal mimoriadne rokovanie vl\u00e1dy a rie\u0161il situ\u00e1ciu s Pl\u00e1nom obnovy.&#8220;\u00a0<\/em><\/p>\n\n\n\n<p>B\u00fdval\u00fd premi\u00e9r Eduard Heger, ktor\u00fd vyrokoval miliardy pre Slovensko z Pl\u00e1nu obnovy hovor\u00ed, \u017ee za 9 mesiacov je ohrozen\u00e1 u\u017e tretina celkovej sumy:\u00a0<em>\u201eOkrem mimoriadnej vl\u00e1dy je nutn\u00e9 zvola\u0165 mimoriadnu sch\u00f4dzu parlamentu. Dve miliardy eur s\u00fa tretina z cel\u00e9ho objemu Pl\u00e1nu obnovy. \u017diadam Roberta Fica aby ihne\u010f konal, preto\u017ee cel\u00fd projekt pad\u00e1 na hlavu ministra Kmeca, ktor\u00fd netu\u0161\u00ed, \u010do robi\u0165. Slovensko si nem\u00f4\u017ee dovoli\u0165 pr\u00eds\u0165 ani o jedno jedin\u00e9 euro, je to premi\u00e9rova zodpovednos\u0165 ochr\u00e1ni\u0165 na\u0161e spolo\u010dn\u00e9 peniaze.&#8220;<\/em><\/p>\n","protected":false},"excerpt":{"rendered":"<p>Slovensku re\u00e1lne hroz\u00ed, \u017ee pr\u00edde o 2 miliardy&nbsp;eur z Pl\u00e1nu obnovy a premi\u00e9r Fico je v dovolenkovom re\u017eime, prezident Pellegrini je na olympi\u00e1de a ministri vyr\u00e1baj\u00fa na svojich rezortoch jeden \u0161kand\u00e1l za druh\u00fdm. Demokrati vyz\u00fdvaj\u00fa Petra Pellegriniho, aby splnil svoje predvolebn\u00e9 re\u010di, \u017ee v pr\u00edpade potreby sa osobne z\u00fa\u010dastn\u00ed&nbsp;rokovania vl\u00e1dy alebo si predvol\u00e1 ministrov do [&hellip;]<\/p>\n","protected":false},"author":13,"featured_media":4763,"comment_status":"closed","ping_status":"closed","sticky":false,"template":"","format":"standard","meta":{"_acf_changed":false,"ngg_post_thumbnail":0,"footnotes":""},"categories":[4],"tags":[],"class_list":["post-4762","post","type-post","status-publish","format-standard","has-post-thumbnail","hentry","category-tlacove-spravy"],"acf":[],"yoast_head":"<!-- This site is optimized with the Yoast SEO plugin v27.2 - https:\/\/yoast.com\/product\/yoast-seo-wordpress\/ -->\n<title>Slovensko m\u00f4\u017ee pr\u00eds\u0165 o 2 miliardy, vyz\u00fdvame Pellegriniho aby splnil svoje predvolebn\u00e9 s\u013euby a konal v mene v\u0161etk\u00fdch ob\u010danov<\/title>\n<meta name=\"robots\" content=\"index, follow, max-snippet:-1, max-image-preview:large, max-video-preview:-1\" \/>\n<link rel=\"canonical\" href=\"https:\/\/www.smedemokrati.sk\/cs\/slovensko-moze-prist-o-2-miliardy-vyzyvame-pellegriniho-aby-splnil-svoje-predvolebne-sluby-a-konal-v-mene-vsetkych-obcanov\/\" \/>\n<meta property=\"og:locale\" content=\"cs_CZ\" \/>\n<meta property=\"og:locale:alternate\" content=\"en_US\" \/>\n<meta property=\"og:locale:alternate\" content=\"hu_HU\" \/>\n<meta property=\"og:locale:alternate\" content=\"sk_SK\" \/>\n<meta property=\"og:locale:alternate\" content=\"sv_SE\" \/>\n<meta property=\"og:type\" content=\"article\" \/>\n<meta property=\"og:title\" content=\"Slovensko m\u00f4\u017ee pr\u00eds\u0165 o 2 miliardy, vyz\u00fdvame Pellegriniho aby splnil svoje predvolebn\u00e9 s\u013euby a konal v mene v\u0161etk\u00fdch ob\u010danov\" \/>\n<meta property=\"og:description\" content=\"Slovensku re\u00e1lne hroz\u00ed, \u017ee pr\u00edde o 2 miliardy&nbsp;eur z Pl\u00e1nu obnovy a premi\u00e9r Fico je v dovolenkovom re\u017eime, prezident Pellegrini je na olympi\u00e1de a ministri vyr\u00e1baj\u00fa na svojich rezortoch jeden \u0161kand\u00e1l za druh\u00fdm. Demokrati vyz\u00fdvaj\u00fa Petra Pellegriniho, aby splnil svoje predvolebn\u00e9 re\u010di, \u017ee v pr\u00edpade potreby sa osobne z\u00fa\u010dastn\u00ed&nbsp;rokovania vl\u00e1dy alebo si predvol\u00e1 ministrov do [&hellip;]\" \/>\n<meta property=\"og:url\" content=\"https:\/\/www.smedemokrati.sk\/cs\/slovensko-moze-prist-o-2-miliardy-vyzyvame-pellegriniho-aby-splnil-svoje-predvolebne-sluby-a-konal-v-mene-vsetkych-obcanov\/\" \/>\n<meta property=\"og:site_name\" content=\"Smedemokrati.sk\" \/>\n<meta property=\"article:publisher\" content=\"https:\/\/www.facebook.com\/smedemokrati2023\" \/>\n<meta property=\"article:published_time\" content=\"2024-07-31T15:36:42+00:00\" \/>\n<meta property=\"article:modified_time\" content=\"2024-08-07T15:45:25+00:00\" \/>\n<meta property=\"og:image\" content=\"https:\/\/www.smedemokrati.sk\/wp-content\/uploads\/2024\/07\/heger-strata-dva-miliony.jpg\" \/>\n\t<meta property=\"og:image:width\" content=\"1440\" \/>\n\t<meta property=\"og:image:height\" content=\"1080\" \/>\n\t<meta property=\"og:image:type\" content=\"image\/jpeg\" \/>\n<meta name=\"author\" content=\"miro.sopko\" \/>\n<meta name=\"twitter:card\" content=\"summary_large_image\" \/>\n<meta name=\"twitter:label1\" content=\"Napsal(a)\" \/>\n\t<meta name=\"twitter:data1\" content=\"miro.sopko\" \/>\n\t<meta name=\"twitter:label2\" content=\"Odhadovan\u00e1 doba \u010dten\u00ed\" \/>\n\t<meta name=\"twitter:data2\" content=\"3 minuty\" \/>\n<script type=\"application\/ld+json\" class=\"yoast-schema-graph\">{\"@context\":\"https:\/\/schema.org\",\"@graph\":[{\"@type\":\"Article\",\"@id\":\"https:\/\/www.smedemokrati.sk\/slovensko-moze-prist-o-2-miliardy-vyzyvame-pellegriniho-aby-splnil-svoje-predvolebne-sluby-a-konal-v-mene-vsetkych-obcanov\/#article\",\"isPartOf\":{\"@id\":\"https:\/\/www.smedemokrati.sk\/slovensko-moze-prist-o-2-miliardy-vyzyvame-pellegriniho-aby-splnil-svoje-predvolebne-sluby-a-konal-v-mene-vsetkych-obcanov\/\"},\"author\":{\"name\":\"miro.sopko\",\"@id\":\"https:\/\/www.smedemokrati.sk\/#\/schema\/person\/21f147c88d605aa7ded900e1e7c344ba\"},\"headline\":\"Slovensko m\u00f4\u017ee pr\u00eds\u0165 o 2 miliardy, vyz\u00fdvame Pellegriniho aby splnil svoje predvolebn\u00e9 s\u013euby a konal v mene v\u0161etk\u00fdch ob\u010danov\",\"datePublished\":\"2024-07-31T15:36:42+00:00\",\"dateModified\":\"2024-08-07T15:45:25+00:00\",\"mainEntityOfPage\":{\"@id\":\"https:\/\/www.smedemokrati.sk\/slovensko-moze-prist-o-2-miliardy-vyzyvame-pellegriniho-aby-splnil-svoje-predvolebne-sluby-a-konal-v-mene-vsetkych-obcanov\/\"},\"wordCount\":607,\"publisher\":{\"@id\":\"https:\/\/www.smedemokrati.sk\/#organization\"},\"image\":{\"@id\":\"https:\/\/www.smedemokrati.sk\/slovensko-moze-prist-o-2-miliardy-vyzyvame-pellegriniho-aby-splnil-svoje-predvolebne-sluby-a-konal-v-mene-vsetkych-obcanov\/#primaryimage\"},\"thumbnailUrl\":\"https:\/\/www.smedemokrati.sk\/wp-content\/uploads\/2024\/07\/heger-strata-dva-miliony.jpg\",\"articleSection\":[\"Tla\u010dov\u00e9 spr\u00e1vy\"],\"inLanguage\":\"cs-CZ\"},{\"@type\":\"WebPage\",\"@id\":\"https:\/\/www.smedemokrati.sk\/slovensko-moze-prist-o-2-miliardy-vyzyvame-pellegriniho-aby-splnil-svoje-predvolebne-sluby-a-konal-v-mene-vsetkych-obcanov\/\",\"url\":\"https:\/\/www.smedemokrati.sk\/slovensko-moze-prist-o-2-miliardy-vyzyvame-pellegriniho-aby-splnil-svoje-predvolebne-sluby-a-konal-v-mene-vsetkych-obcanov\/\",\"name\":\"Slovensko m\u00f4\u017ee pr\u00eds\u0165 o 2 miliardy, vyz\u00fdvame Pellegriniho aby splnil svoje predvolebn\u00e9 s\u013euby a konal v mene v\u0161etk\u00fdch ob\u010danov\",\"isPartOf\":{\"@id\":\"https:\/\/www.smedemokrati.sk\/#website\"},\"primaryImageOfPage\":{\"@id\":\"https:\/\/www.smedemokrati.sk\/slovensko-moze-prist-o-2-miliardy-vyzyvame-pellegriniho-aby-splnil-svoje-predvolebne-sluby-a-konal-v-mene-vsetkych-obcanov\/#primaryimage\"},\"image\":{\"@id\":\"https:\/\/www.smedemokrati.sk\/slovensko-moze-prist-o-2-miliardy-vyzyvame-pellegriniho-aby-splnil-svoje-predvolebne-sluby-a-konal-v-mene-vsetkych-obcanov\/#primaryimage\"},\"thumbnailUrl\":\"https:\/\/www.smedemokrati.sk\/wp-content\/uploads\/2024\/07\/heger-strata-dva-miliony.jpg\",\"datePublished\":\"2024-07-31T15:36:42+00:00\",\"dateModified\":\"2024-08-07T15:45:25+00:00\",\"breadcrumb\":{\"@id\":\"https:\/\/www.smedemokrati.sk\/slovensko-moze-prist-o-2-miliardy-vyzyvame-pellegriniho-aby-splnil-svoje-predvolebne-sluby-a-konal-v-mene-vsetkych-obcanov\/#breadcrumb\"},\"inLanguage\":\"cs-CZ\",\"potentialAction\":[{\"@type\":\"ReadAction\",\"target\":[\"https:\/\/www.smedemokrati.sk\/slovensko-moze-prist-o-2-miliardy-vyzyvame-pellegriniho-aby-splnil-svoje-predvolebne-sluby-a-konal-v-mene-vsetkych-obcanov\/\"]}]},{\"@type\":\"ImageObject\",\"inLanguage\":\"cs-CZ\",\"@id\":\"https:\/\/www.smedemokrati.sk\/slovensko-moze-prist-o-2-miliardy-vyzyvame-pellegriniho-aby-splnil-svoje-predvolebne-sluby-a-konal-v-mene-vsetkych-obcanov\/#primaryimage\",\"url\":\"https:\/\/www.smedemokrati.sk\/wp-content\/uploads\/2024\/07\/heger-strata-dva-miliony.jpg\",\"contentUrl\":\"https:\/\/www.smedemokrati.sk\/wp-content\/uploads\/2024\/07\/heger-strata-dva-miliony.jpg\",\"width\":1440,\"height\":1080},{\"@type\":\"BreadcrumbList\",\"@id\":\"https:\/\/www.smedemokrati.sk\/slovensko-moze-prist-o-2-miliardy-vyzyvame-pellegriniho-aby-splnil-svoje-predvolebne-sluby-a-konal-v-mene-vsetkych-obcanov\/#breadcrumb\",\"itemListElement\":[{\"@type\":\"ListItem\",\"position\":1,\"name\":\"Domovsk\u00e1 str\u00e1nka\",\"item\":\"https:\/\/www.smedemokrati.sk\/\"},{\"@type\":\"ListItem\",\"position\":2,\"name\":\"Slovensko m\u00f4\u017ee pr\u00eds\u0165 o 2 miliardy, vyz\u00fdvame Pellegriniho aby splnil svoje predvolebn\u00e9 s\u013euby a konal v mene v\u0161etk\u00fdch ob\u010danov\"}]},{\"@type\":\"WebSite\",\"@id\":\"https:\/\/www.smedemokrati.sk\/#website\",\"url\":\"https:\/\/www.smedemokrati.sk\/\",\"name\":\"Smedemokrati.sk\",\"description\":\"Demokracia a slu\u0161nos\u0165 zv\u00ed\u0165az\u00ed\",\"publisher\":{\"@id\":\"https:\/\/www.smedemokrati.sk\/#organization\"},\"potentialAction\":[{\"@type\":\"SearchAction\",\"target\":{\"@type\":\"EntryPoint\",\"urlTemplate\":\"https:\/\/www.smedemokrati.sk\/?s={search_term_string}\"},\"query-input\":{\"@type\":\"PropertyValueSpecification\",\"valueRequired\":true,\"valueName\":\"search_term_string\"}}],\"inLanguage\":\"cs-CZ\"},{\"@type\":\"Organization\",\"@id\":\"https:\/\/www.smedemokrati.sk\/#organization\",\"name\":\"Smedemokrati.sk\",\"url\":\"https:\/\/www.smedemokrati.sk\/\",\"logo\":{\"@type\":\"ImageObject\",\"inLanguage\":\"cs-CZ\",\"@id\":\"https:\/\/www.smedemokrati.sk\/#\/schema\/logo\/image\/\",\"url\":\"https:\/\/www.smedemokrati.sk\/wp-content\/uploads\/2023\/04\/ff.002.jpeg\",\"contentUrl\":\"https:\/\/www.smedemokrati.sk\/wp-content\/uploads\/2023\/04\/ff.002.jpeg\",\"width\":640,\"height\":480,\"caption\":\"Smedemokrati.sk\"},\"image\":{\"@id\":\"https:\/\/www.smedemokrati.sk\/#\/schema\/logo\/image\/\"},\"sameAs\":[\"https:\/\/www.facebook.com\/smedemokrati2023\"]},{\"@type\":\"Person\",\"@id\":\"https:\/\/www.smedemokrati.sk\/#\/schema\/person\/21f147c88d605aa7ded900e1e7c344ba\",\"name\":\"miro.sopko\",\"image\":{\"@type\":\"ImageObject\",\"inLanguage\":\"cs-CZ\",\"@id\":\"https:\/\/secure.gravatar.com\/avatar\/267e4a36f704376c109afe3a78740c1f5dd8675a2180a908699e7863c9247606?s=96&d=mm&r=g\",\"url\":\"https:\/\/secure.gravatar.com\/avatar\/267e4a36f704376c109afe3a78740c1f5dd8675a2180a908699e7863c9247606?s=96&d=mm&r=g\",\"contentUrl\":\"https:\/\/secure.gravatar.com\/avatar\/267e4a36f704376c109afe3a78740c1f5dd8675a2180a908699e7863c9247606?s=96&d=mm&r=g\",\"caption\":\"miro.sopko\"},\"url\":\"https:\/\/www.smedemokrati.sk\/cs\/author\/miro-sopko\/\"}]}<\/script>\n<!-- \/ Yoast SEO plugin. -->","yoast_head_json":{"title":"Slovensko m\u00f4\u017ee pr\u00eds\u0165 o 2 miliardy, vyz\u00fdvame Pellegriniho aby splnil svoje predvolebn\u00e9 s\u013euby a konal v mene v\u0161etk\u00fdch ob\u010danov","robots":{"index":"index","follow":"follow","max-snippet":"max-snippet:-1","max-image-preview":"max-image-preview:large","max-video-preview":"max-video-preview:-1"},"canonical":"https:\/\/www.smedemokrati.sk\/cs\/slovensko-moze-prist-o-2-miliardy-vyzyvame-pellegriniho-aby-splnil-svoje-predvolebne-sluby-a-konal-v-mene-vsetkych-obcanov\/","og_locale":"cs_CZ","og_type":"article","og_title":"[:sk]Slovensko m\u00f4\u017ee pr\u00eds\u0165 o 2 miliardy, vyz\u00fdvame Pellegriniho aby splnil svoje predvolebn\u00e9 s\u013euby a konal v mene v\u0161etk\u00fdch ob\u010danov[:] - Smedemokrati.sk","og_description":"Slovensku re\u00e1lne hroz\u00ed, \u017ee pr\u00edde o 2 miliardy&nbsp;eur z Pl\u00e1nu obnovy a premi\u00e9r Fico je v dovolenkovom re\u017eime, prezident Pellegrini je na olympi\u00e1de a ministri vyr\u00e1baj\u00fa na svojich rezortoch jeden \u0161kand\u00e1l za druh\u00fdm. Demokrati vyz\u00fdvaj\u00fa Petra Pellegriniho, aby splnil svoje predvolebn\u00e9 re\u010di, \u017ee v pr\u00edpade potreby sa osobne z\u00fa\u010dastn\u00ed&nbsp;rokovania vl\u00e1dy alebo si predvol\u00e1 ministrov do [&hellip;]","og_url":"https:\/\/www.smedemokrati.sk\/cs\/slovensko-moze-prist-o-2-miliardy-vyzyvame-pellegriniho-aby-splnil-svoje-predvolebne-sluby-a-konal-v-mene-vsetkych-obcanov\/","og_site_name":"Smedemokrati.sk","article_publisher":"https:\/\/www.facebook.com\/smedemokrati2023","article_published_time":"2024-07-31T15:36:42+00:00","article_modified_time":"2024-08-07T15:45:25+00:00","og_image":[{"width":1440,"height":1080,"url":"https:\/\/www.smedemokrati.sk\/wp-content\/uploads\/2024\/07\/heger-strata-dva-miliony.jpg","type":"image\/jpeg"}],"author":"miro.sopko","twitter_card":"summary_large_image","twitter_misc":{"Napsal(a)":"miro.sopko","Odhadovan\u00e1 doba \u010dten\u00ed":"3 minuty"},"schema":{"@context":"https:\/\/schema.org","@graph":[{"@type":"Article","@id":"https:\/\/www.smedemokrati.sk\/slovensko-moze-prist-o-2-miliardy-vyzyvame-pellegriniho-aby-splnil-svoje-predvolebne-sluby-a-konal-v-mene-vsetkych-obcanov\/#article","isPartOf":{"@id":"https:\/\/www.smedemokrati.sk\/slovensko-moze-prist-o-2-miliardy-vyzyvame-pellegriniho-aby-splnil-svoje-predvolebne-sluby-a-konal-v-mene-vsetkych-obcanov\/"},"author":{"name":"miro.sopko","@id":"https:\/\/www.smedemokrati.sk\/#\/schema\/person\/21f147c88d605aa7ded900e1e7c344ba"},"headline":"Slovensko m\u00f4\u017ee pr\u00eds\u0165 o 2 miliardy, vyz\u00fdvame Pellegriniho aby splnil svoje predvolebn\u00e9 s\u013euby a konal v mene v\u0161etk\u00fdch ob\u010danov","datePublished":"2024-07-31T15:36:42+00:00","dateModified":"2024-08-07T15:45:25+00:00","mainEntityOfPage":{"@id":"https:\/\/www.smedemokrati.sk\/slovensko-moze-prist-o-2-miliardy-vyzyvame-pellegriniho-aby-splnil-svoje-predvolebne-sluby-a-konal-v-mene-vsetkych-obcanov\/"},"wordCount":607,"publisher":{"@id":"https:\/\/www.smedemokrati.sk\/#organization"},"image":{"@id":"https:\/\/www.smedemokrati.sk\/slovensko-moze-prist-o-2-miliardy-vyzyvame-pellegriniho-aby-splnil-svoje-predvolebne-sluby-a-konal-v-mene-vsetkych-obcanov\/#primaryimage"},"thumbnailUrl":"https:\/\/www.smedemokrati.sk\/wp-content\/uploads\/2024\/07\/heger-strata-dva-miliony.jpg","articleSection":["Tla\u010dov\u00e9 spr\u00e1vy"],"inLanguage":"cs-CZ"},{"@type":"WebPage","@id":"https:\/\/www.smedemokrati.sk\/slovensko-moze-prist-o-2-miliardy-vyzyvame-pellegriniho-aby-splnil-svoje-predvolebne-sluby-a-konal-v-mene-vsetkych-obcanov\/","url":"https:\/\/www.smedemokrati.sk\/slovensko-moze-prist-o-2-miliardy-vyzyvame-pellegriniho-aby-splnil-svoje-predvolebne-sluby-a-konal-v-mene-vsetkych-obcanov\/","name":"Slovensko m\u00f4\u017ee pr\u00eds\u0165 o 2 miliardy, vyz\u00fdvame Pellegriniho aby splnil svoje predvolebn\u00e9 s\u013euby a konal v mene v\u0161etk\u00fdch ob\u010danov","isPartOf":{"@id":"https:\/\/www.smedemokrati.sk\/#website"},"primaryImageOfPage":{"@id":"https:\/\/www.smedemokrati.sk\/slovensko-moze-prist-o-2-miliardy-vyzyvame-pellegriniho-aby-splnil-svoje-predvolebne-sluby-a-konal-v-mene-vsetkych-obcanov\/#primaryimage"},"image":{"@id":"https:\/\/www.smedemokrati.sk\/slovensko-moze-prist-o-2-miliardy-vyzyvame-pellegriniho-aby-splnil-svoje-predvolebne-sluby-a-konal-v-mene-vsetkych-obcanov\/#primaryimage"},"thumbnailUrl":"https:\/\/www.smedemokrati.sk\/wp-content\/uploads\/2024\/07\/heger-strata-dva-miliony.jpg","datePublished":"2024-07-31T15:36:42+00:00","dateModified":"2024-08-07T15:45:25+00:00","breadcrumb":{"@id":"https:\/\/www.smedemokrati.sk\/slovensko-moze-prist-o-2-miliardy-vyzyvame-pellegriniho-aby-splnil-svoje-predvolebne-sluby-a-konal-v-mene-vsetkych-obcanov\/#breadcrumb"},"inLanguage":"cs-CZ","potentialAction":[{"@type":"ReadAction","target":["https:\/\/www.smedemokrati.sk\/slovensko-moze-prist-o-2-miliardy-vyzyvame-pellegriniho-aby-splnil-svoje-predvolebne-sluby-a-konal-v-mene-vsetkych-obcanov\/"]}]},{"@type":"ImageObject","inLanguage":"cs-CZ","@id":"https:\/\/www.smedemokrati.sk\/slovensko-moze-prist-o-2-miliardy-vyzyvame-pellegriniho-aby-splnil-svoje-predvolebne-sluby-a-konal-v-mene-vsetkych-obcanov\/#primaryimage","url":"https:\/\/www.smedemokrati.sk\/wp-content\/uploads\/2024\/07\/heger-strata-dva-miliony.jpg","contentUrl":"https:\/\/www.smedemokrati.sk\/wp-content\/uploads\/2024\/07\/heger-strata-dva-miliony.jpg","width":1440,"height":1080},{"@type":"BreadcrumbList","@id":"https:\/\/www.smedemokrati.sk\/slovensko-moze-prist-o-2-miliardy-vyzyvame-pellegriniho-aby-splnil-svoje-predvolebne-sluby-a-konal-v-mene-vsetkych-obcanov\/#breadcrumb","itemListElement":[{"@type":"ListItem","position":1,"name":"Domovsk\u00e1 str\u00e1nka","item":"https:\/\/www.smedemokrati.sk\/"},{"@type":"ListItem","position":2,"name":"Slovensko m\u00f4\u017ee pr\u00eds\u0165 o 2 miliardy, vyz\u00fdvame Pellegriniho aby splnil svoje predvolebn\u00e9 s\u013euby a konal v mene v\u0161etk\u00fdch ob\u010danov"}]},{"@type":"WebSite","@id":"https:\/\/www.smedemokrati.sk\/#website","url":"https:\/\/www.smedemokrati.sk\/","name":"Smedemokrati.sk","description":"Demokracia a slu\u0161nos\u0165 zv\u00ed\u0165az\u00ed","publisher":{"@id":"https:\/\/www.smedemokrati.sk\/#organization"},"potentialAction":[{"@type":"SearchAction","target":{"@type":"EntryPoint","urlTemplate":"https:\/\/www.smedemokrati.sk\/?s={search_term_string}"},"query-input":{"@type":"PropertyValueSpecification","valueRequired":true,"valueName":"search_term_string"}}],"inLanguage":"cs-CZ"},{"@type":"Organization","@id":"https:\/\/www.smedemokrati.sk\/#organization","name":"Smedemokrati.sk","url":"https:\/\/www.smedemokrati.sk\/","logo":{"@type":"ImageObject","inLanguage":"cs-CZ","@id":"https:\/\/www.smedemokrati.sk\/#\/schema\/logo\/image\/","url":"https:\/\/www.smedemokrati.sk\/wp-content\/uploads\/2023\/04\/ff.002.jpeg","contentUrl":"https:\/\/www.smedemokrati.sk\/wp-content\/uploads\/2023\/04\/ff.002.jpeg","width":640,"height":480,"caption":"Smedemokrati.sk"},"image":{"@id":"https:\/\/www.smedemokrati.sk\/#\/schema\/logo\/image\/"},"sameAs":["https:\/\/www.facebook.com\/smedemokrati2023"]},{"@type":"Person","@id":"https:\/\/www.smedemokrati.sk\/#\/schema\/person\/21f147c88d605aa7ded900e1e7c344ba","name":"miro.sopko","image":{"@type":"ImageObject","inLanguage":"cs-CZ","@id":"https:\/\/secure.gravatar.com\/avatar\/267e4a36f704376c109afe3a78740c1f5dd8675a2180a908699e7863c9247606?s=96&d=mm&r=g","url":"https:\/\/secure.gravatar.com\/avatar\/267e4a36f704376c109afe3a78740c1f5dd8675a2180a908699e7863c9247606?s=96&d=mm&r=g","contentUrl":"https:\/\/secure.gravatar.com\/avatar\/267e4a36f704376c109afe3a78740c1f5dd8675a2180a908699e7863c9247606?s=96&d=mm&r=g","caption":"miro.sopko"},"url":"https:\/\/www.smedemokrati.sk\/cs\/author\/miro-sopko\/"}]}},"_links":{"self":[{"href":"https:\/\/www.smedemokrati.sk\/cs\/wp-json\/wp\/v2\/posts\/4762","targetHints":{"allow":["GET"]}}],"collection":[{"href":"https:\/\/www.smedemokrati.sk\/cs\/wp-json\/wp\/v2\/posts"}],"about":[{"href":"https:\/\/www.smedemokrati.sk\/cs\/wp-json\/wp\/v2\/types\/post"}],"author":[{"embeddable":true,"href":"https:\/\/www.smedemokrati.sk\/cs\/wp-json\/wp\/v2\/users\/13"}],"replies":[{"embeddable":true,"href":"https:\/\/www.smedemokrati.sk\/cs\/wp-json\/wp\/v2\/comments?post=4762"}],"version-history":[{"count":1,"href":"https:\/\/www.smedemokrati.sk\/cs\/wp-json\/wp\/v2\/posts\/4762\/revisions"}],"predecessor-version":[{"id":4764,"href":"https:\/\/www.smedemokrati.sk\/cs\/wp-json\/wp\/v2\/posts\/4762\/revisions\/4764"}],"wp:featuredmedia":[{"embeddable":true,"href":"https:\/\/www.smedemokrati.sk\/cs\/wp-json\/wp\/v2\/media\/4763"}],"wp:attachment":[{"href":"https:\/\/www.smedemokrati.sk\/cs\/wp-json\/wp\/v2\/media?parent=4762"}],"wp:term":[{"taxonomy":"category","embeddable":true,"href":"https:\/\/www.smedemokrati.sk\/cs\/wp-json\/wp\/v2\/categories?post=4762"},{"taxonomy":"post_tag","embeddable":true,"href":"https:\/\/www.smedemokrati.sk\/cs\/wp-json\/wp\/v2\/tags?post=4762"}],"curies":[{"name":"wp","href":"https:\/\/api.w.org\/{rel}","templated":true}]}}