{"id":4674,"date":"2024-07-11T20:19:00","date_gmt":"2024-07-11T19:19:00","guid":{"rendered":"https:\/\/www.smedemokrati.sk\/?p=4674"},"modified":"2024-07-23T13:47:17","modified_gmt":"2024-07-23T12:47:17","slug":"filip-kuffa-klame-o-nutnosti-masivnej-tazby-na-muranskej-planine","status":"publish","type":"post","link":"https:\/\/www.smedemokrati.sk\/cs\/filip-kuffa-klame-o-nutnosti-masivnej-tazby-na-muranskej-planine\/","title":{"rendered":"Filip Kuffa klame o nutnosti mas\u00edvnej \u0165a\u017eby na Mur\u00e1nskej planine"},"content":{"rendered":"<div id=\"fb-root\"><\/div>\n\n<p><strong>Demokrati dlhodobo upozor\u0148ovali, \u017ee Ministerstvo \u017eivotn\u00e9ho prostredia SR sa pok\u00fasi zneu\u017ei\u0165 lyko\u017er\u00fatov\u00fa kalamitu na Horehron\u00ed na ospravedlnenie z\u00e1meru mas\u00edvnej \u0165a\u017eby v N\u00e1rodnom parku Mur\u00e1nska planina. Tieto obavy dnes potvrdil priamo Filip Kuffa. Pl\u00e1novan\u00e1 \u0165a\u017eba 400 000 kub\u00edkov v priebehu dvoch rokov je bezprecedentn\u00fdm a devasta\u010dn\u00fdm z\u00e1sahom do pr\u00edrody Mur\u00e1nskej planiny.<\/strong><\/p>\n\n\n\n<p><em><strong>\u201e<\/strong>Minister Taraba a rovnako aj Filip Kuffa \u00faplne ignoruj\u00fa, \u017ee Mur\u00e1nska planina patr\u00ed medzi najcennej\u0161ie chr\u00e1nen\u00e9 \u00fazemia. Rozsah \u0165a\u017eby najmenej 400 000 kub\u00edkov dreva v priebehu dvoch rokov znamen\u00e1, \u017ee \u0165a\u017eba sa vykon\u00e1 exces\u00edvne, ako by sa jednalo o be\u017en\u00e9 hospod\u00e1rske lesy, a to najm\u00e4 holorubmi. \u0164a\u017eba v takomto rozsahu je \u00faplne zbyto\u010dn\u00e1,\u201d<\/em> uv\u00e1dza Michal Ki\u010da, expert strany Demokrati na \u017eivotn\u00e9 prostredie.<\/p>\n\n\n\n<p>Spracovanie kalamity v n\u00e1rodnom parku je v\u0161eobecne nevhodn\u00e9. Pr\u00edpustn\u00fdm by v\u0161ak bolo maxim\u00e1lne vy\u0165a\u017ei\u0165 akt\u00edvne chroba\u010diare a odk\u00f4r\u0148ovanie. No v \u017eiadnom pr\u00edpade ne\u0165a\u017ei\u0165 odumret\u00e9 a vyleten\u00e9 lyko\u017er\u00fatov\u00e9 chroba\u010diare. S\u00fa priestorom pre \u017eivot pre mno\u017estvo organizmov, tienia a chr\u00e1nia p\u00f4du. Takto spracovan\u00e1 kalamita by znamenala \u0165a\u017ebu v omnoho men\u0161om rozsahu no aj zisk z predaja dreva. Nespr\u00e1vnos\u0165 pl\u00e1novan\u00e9ho postupu u\u017e d\u00e1vno preuk\u00e1zal pr\u00edklad N\u00e1rodn\u00e9ho parku \u0160umava.<\/p>\n\n\n\n<p>Vysvetlenie m\u00f4\u017ee by\u0165 jednoduch\u00e9. Predned\u00e1vnom sme z\u00edskali na z\u00e1klade info\u017eiadosti inform\u00e1ciu o z\u00e1mere Spr\u00e1vy N\u00e1rodn\u00e9ho parku Mur\u00e1nska planina zada\u0165 z\u00e1kazku na spracovanie lyko\u017er\u00fatovej kalamity bez riadnej s\u00fa\u0165a\u017ee, len priamym rokovac\u00edm konan\u00edm. Hodnota z\u00e1kazky m\u00f4\u017ee dosiahnu\u0165 a\u017e 15 mil. eur. Ak by i\u0161la mimo verejn\u00e9ho obstar\u00e1vania, z\u00e1kazka by sa mohla predra\u017ei\u0165 a smerova\u0165 k spriaznen\u00fdm dod\u00e1vate\u013eom. Cena takto vy\u0165a\u017een\u00e9ho dreva m\u00f4\u017ee dosiahnu\u0165 a\u017e 30 mil. eur. Vo veci sa sa u\u017e obr\u00e1tili s podnetom na \u00darad pre verejn\u00e9 obstar\u00e1vanie.<\/p>\n\n\n\n<p><em><strong>\u201e<\/strong>Ob\u00eddenie riadnej s\u00fa\u0165a\u017ee m\u00f4\u017ee vies\u0165 k nehospod\u00e1rnemu nakladaniu s drevom a prihraniu tejto z\u00e1kazky spriaznen\u00fdm subjektom. Zisk z dreva a za pr\u00e1ce skon\u010d\u00ed u skupinky vyvolen\u00fdch a \u013eu\u010fom v regi\u00f3noch zostane len zni\u010den\u00e1 pr\u00edroda,&#8220;<\/em> hovor\u00ed Ki\u010da a dod\u00e1va, \u017ee teraz u\u017e je zrejm\u00e9, \u010do Taraba myslel pod finan\u010dnou sebesta\u010dnos\u0165ou n\u00e1rodn\u00fdch parkov. Odstrihol ich toti\u017e od verejn\u00fdch prostriedkov s \u00famyslom vyvola\u0165 ich z\u00e1vislos\u0165 na \u0165a\u017ebe dreva.<\/p>\n\n\n\n<p>Pripom\u00edname, \u017ee od n\u00e1stupu Tom\u00e1\u0161a Tarabu m\u00e1 n\u00e1rodn\u00fd park u\u017e \u0161tvrt\u00e9ho riadite\u013ea. Riadite\u013e Sedl\u00e1k napr\u00edklad uzavrel v rozpore s intern\u00fdmi smernicami zmluvu na predaj dreva s pre\u0161ovsk\u00fdm subjektom v hodnote viac a\u017e 3 mil. eur, \u010d\u00edm obi\u0161iel povinnos\u0165 prednostn\u00e9ho predaja miestnym spracovate\u013eom. Po na\u0161ich upozorneniach zmluvu zru\u0161ili. <em><strong>\u201e<\/strong>Ob\u00e1vame sa, \u017ee pokusy o netransparentn\u00fd predaj dreva sa bud\u00fa opakova\u0165. Pod\u013ea na\u0161ich inform\u00e1ci\u00ed je za vysokou fluktu\u00e1ciou riadite\u013eov aj ich neochota podie\u013ea\u0165 sa na o\u010dividne sporn\u00fdch z\u00e1kazk\u00e1ch,\u201d<\/em> vysvet\u013euje Ki\u010da.<\/p>\n\n\n\n<p><strong>\u0164a\u017eba v n\u00e1rodnom parku n\u00e1s vystav\u00ed bezprostredn\u00e9mu riziku sankci\u00ed zo strany Eur\u00f3pskej komisie, ke\u010f\u017ee v tejto veci Slovensk\u00e1 republika u\u017e v roku 2022 s\u00fadny spor prehrala.<\/strong><\/p>\n\n\n\n<p><\/p>\n","protected":false},"excerpt":{"rendered":"<p>Demokrati dlhodobo upozor\u0148ovali, \u017ee Ministerstvo \u017eivotn\u00e9ho prostredia SR sa pok\u00fasi zneu\u017ei\u0165 lyko\u017er\u00fatov\u00fa kalamitu na Horehron\u00ed na ospravedlnenie z\u00e1meru mas\u00edvnej \u0165a\u017eby v N\u00e1rodnom parku Mur\u00e1nska planina. Tieto obavy dnes potvrdil priamo Filip Kuffa. Pl\u00e1novan\u00e1 \u0165a\u017eba 400 000 kub\u00edkov v priebehu dvoch rokov je bezprecedentn\u00fdm a devasta\u010dn\u00fdm z\u00e1sahom do pr\u00edrody Mur\u00e1nskej planiny. \u201eMinister Taraba a rovnako aj [&hellip;]<\/p>\n","protected":false},"author":13,"featured_media":4340,"comment_status":"closed","ping_status":"closed","sticky":false,"template":"","format":"standard","meta":{"_acf_changed":false,"ngg_post_thumbnail":0,"footnotes":""},"categories":[4],"tags":[],"class_list":["post-4674","post","type-post","status-publish","format-standard","has-post-thumbnail","hentry","category-tlacove-spravy"],"acf":[],"yoast_head":"<!-- This site is optimized with the Yoast SEO plugin v27.2 - https:\/\/yoast.com\/product\/yoast-seo-wordpress\/ -->\n<title>Filip Kuffa klame o nutnosti mas\u00edvnej \u0165a\u017eby na Mur\u00e1nskej planine<\/title>\n<meta name=\"robots\" content=\"index, follow, max-snippet:-1, max-image-preview:large, max-video-preview:-1\" \/>\n<link rel=\"canonical\" href=\"https:\/\/www.smedemokrati.sk\/cs\/filip-kuffa-klame-o-nutnosti-masivnej-tazby-na-muranskej-planine\/\" \/>\n<meta property=\"og:locale\" content=\"cs_CZ\" \/>\n<meta property=\"og:locale:alternate\" content=\"en_US\" \/>\n<meta property=\"og:locale:alternate\" content=\"hu_HU\" \/>\n<meta property=\"og:locale:alternate\" content=\"sk_SK\" \/>\n<meta property=\"og:locale:alternate\" content=\"sv_SE\" \/>\n<meta property=\"og:type\" content=\"article\" \/>\n<meta property=\"og:title\" content=\"Filip Kuffa klame o nutnosti mas\u00edvnej \u0165a\u017eby na Mur\u00e1nskej planine\" \/>\n<meta property=\"og:description\" content=\"Demokrati dlhodobo upozor\u0148ovali, \u017ee Ministerstvo \u017eivotn\u00e9ho prostredia SR sa pok\u00fasi zneu\u017ei\u0165 lyko\u017er\u00fatov\u00fa kalamitu na Horehron\u00ed na ospravedlnenie z\u00e1meru mas\u00edvnej \u0165a\u017eby v N\u00e1rodnom parku Mur\u00e1nska planina. Tieto obavy dnes potvrdil priamo Filip Kuffa. Pl\u00e1novan\u00e1 \u0165a\u017eba 400 000 kub\u00edkov v priebehu dvoch rokov je bezprecedentn\u00fdm a devasta\u010dn\u00fdm z\u00e1sahom do pr\u00edrody Mur\u00e1nskej planiny. \u201eMinister Taraba a rovnako aj [&hellip;]\" \/>\n<meta property=\"og:url\" content=\"https:\/\/www.smedemokrati.sk\/cs\/filip-kuffa-klame-o-nutnosti-masivnej-tazby-na-muranskej-planine\/\" \/>\n<meta property=\"og:site_name\" content=\"Smedemokrati.sk\" \/>\n<meta property=\"article:publisher\" content=\"https:\/\/www.facebook.com\/smedemokrati2023\" \/>\n<meta property=\"article:published_time\" content=\"2024-07-11T19:19:00+00:00\" \/>\n<meta property=\"article:modified_time\" content=\"2024-07-23T12:47:17+00:00\" \/>\n<meta property=\"og:image\" content=\"https:\/\/www.smedemokrati.sk\/wp-content\/uploads\/2024\/06\/kica-miliardy.jpg\" \/>\n\t<meta property=\"og:image:width\" content=\"2025\" \/>\n\t<meta property=\"og:image:height\" content=\"1179\" \/>\n\t<meta property=\"og:image:type\" content=\"image\/jpeg\" \/>\n<meta name=\"author\" content=\"miro.sopko\" \/>\n<meta name=\"twitter:card\" content=\"summary_large_image\" \/>\n<meta name=\"twitter:label1\" content=\"Napsal(a)\" \/>\n\t<meta name=\"twitter:data1\" content=\"miro.sopko\" \/>\n\t<meta name=\"twitter:label2\" content=\"Odhadovan\u00e1 doba \u010dten\u00ed\" \/>\n\t<meta name=\"twitter:data2\" content=\"3 minuty\" \/>\n<script type=\"application\/ld+json\" class=\"yoast-schema-graph\">{\"@context\":\"https:\/\/schema.org\",\"@graph\":[{\"@type\":\"Article\",\"@id\":\"https:\/\/www.smedemokrati.sk\/filip-kuffa-klame-o-nutnosti-masivnej-tazby-na-muranskej-planine\/#article\",\"isPartOf\":{\"@id\":\"https:\/\/www.smedemokrati.sk\/filip-kuffa-klame-o-nutnosti-masivnej-tazby-na-muranskej-planine\/\"},\"author\":{\"name\":\"miro.sopko\",\"@id\":\"https:\/\/www.smedemokrati.sk\/#\/schema\/person\/21f147c88d605aa7ded900e1e7c344ba\"},\"headline\":\"Filip Kuffa klame o nutnosti mas\u00edvnej \u0165a\u017eby na Mur\u00e1nskej planine\",\"datePublished\":\"2024-07-11T19:19:00+00:00\",\"dateModified\":\"2024-07-23T12:47:17+00:00\",\"mainEntityOfPage\":{\"@id\":\"https:\/\/www.smedemokrati.sk\/filip-kuffa-klame-o-nutnosti-masivnej-tazby-na-muranskej-planine\/\"},\"wordCount\":587,\"publisher\":{\"@id\":\"https:\/\/www.smedemokrati.sk\/#organization\"},\"image\":{\"@id\":\"https:\/\/www.smedemokrati.sk\/filip-kuffa-klame-o-nutnosti-masivnej-tazby-na-muranskej-planine\/#primaryimage\"},\"thumbnailUrl\":\"https:\/\/www.smedemokrati.sk\/wp-content\/uploads\/2024\/06\/kica-miliardy.jpg\",\"articleSection\":[\"Tla\u010dov\u00e9 spr\u00e1vy\"],\"inLanguage\":\"cs-CZ\"},{\"@type\":\"WebPage\",\"@id\":\"https:\/\/www.smedemokrati.sk\/filip-kuffa-klame-o-nutnosti-masivnej-tazby-na-muranskej-planine\/\",\"url\":\"https:\/\/www.smedemokrati.sk\/filip-kuffa-klame-o-nutnosti-masivnej-tazby-na-muranskej-planine\/\",\"name\":\"Filip Kuffa klame o nutnosti mas\u00edvnej \u0165a\u017eby na Mur\u00e1nskej planine\",\"isPartOf\":{\"@id\":\"https:\/\/www.smedemokrati.sk\/#website\"},\"primaryImageOfPage\":{\"@id\":\"https:\/\/www.smedemokrati.sk\/filip-kuffa-klame-o-nutnosti-masivnej-tazby-na-muranskej-planine\/#primaryimage\"},\"image\":{\"@id\":\"https:\/\/www.smedemokrati.sk\/filip-kuffa-klame-o-nutnosti-masivnej-tazby-na-muranskej-planine\/#primaryimage\"},\"thumbnailUrl\":\"https:\/\/www.smedemokrati.sk\/wp-content\/uploads\/2024\/06\/kica-miliardy.jpg\",\"datePublished\":\"2024-07-11T19:19:00+00:00\",\"dateModified\":\"2024-07-23T12:47:17+00:00\",\"breadcrumb\":{\"@id\":\"https:\/\/www.smedemokrati.sk\/filip-kuffa-klame-o-nutnosti-masivnej-tazby-na-muranskej-planine\/#breadcrumb\"},\"inLanguage\":\"cs-CZ\",\"potentialAction\":[{\"@type\":\"ReadAction\",\"target\":[\"https:\/\/www.smedemokrati.sk\/filip-kuffa-klame-o-nutnosti-masivnej-tazby-na-muranskej-planine\/\"]}]},{\"@type\":\"ImageObject\",\"inLanguage\":\"cs-CZ\",\"@id\":\"https:\/\/www.smedemokrati.sk\/filip-kuffa-klame-o-nutnosti-masivnej-tazby-na-muranskej-planine\/#primaryimage\",\"url\":\"https:\/\/www.smedemokrati.sk\/wp-content\/uploads\/2024\/06\/kica-miliardy.jpg\",\"contentUrl\":\"https:\/\/www.smedemokrati.sk\/wp-content\/uploads\/2024\/06\/kica-miliardy.jpg\",\"width\":2025,\"height\":1179},{\"@type\":\"BreadcrumbList\",\"@id\":\"https:\/\/www.smedemokrati.sk\/filip-kuffa-klame-o-nutnosti-masivnej-tazby-na-muranskej-planine\/#breadcrumb\",\"itemListElement\":[{\"@type\":\"ListItem\",\"position\":1,\"name\":\"Domovsk\u00e1 str\u00e1nka\",\"item\":\"https:\/\/www.smedemokrati.sk\/\"},{\"@type\":\"ListItem\",\"position\":2,\"name\":\"Filip Kuffa klame o nutnosti mas\u00edvnej \u0165a\u017eby na Mur\u00e1nskej planine\"}]},{\"@type\":\"WebSite\",\"@id\":\"https:\/\/www.smedemokrati.sk\/#website\",\"url\":\"https:\/\/www.smedemokrati.sk\/\",\"name\":\"Smedemokrati.sk\",\"description\":\"Demokracia a slu\u0161nos\u0165 zv\u00ed\u0165az\u00ed\",\"publisher\":{\"@id\":\"https:\/\/www.smedemokrati.sk\/#organization\"},\"potentialAction\":[{\"@type\":\"SearchAction\",\"target\":{\"@type\":\"EntryPoint\",\"urlTemplate\":\"https:\/\/www.smedemokrati.sk\/?s={search_term_string}\"},\"query-input\":{\"@type\":\"PropertyValueSpecification\",\"valueRequired\":true,\"valueName\":\"search_term_string\"}}],\"inLanguage\":\"cs-CZ\"},{\"@type\":\"Organization\",\"@id\":\"https:\/\/www.smedemokrati.sk\/#organization\",\"name\":\"Smedemokrati.sk\",\"url\":\"https:\/\/www.smedemokrati.sk\/\",\"logo\":{\"@type\":\"ImageObject\",\"inLanguage\":\"cs-CZ\",\"@id\":\"https:\/\/www.smedemokrati.sk\/#\/schema\/logo\/image\/\",\"url\":\"https:\/\/www.smedemokrati.sk\/wp-content\/uploads\/2023\/04\/ff.002.jpeg\",\"contentUrl\":\"https:\/\/www.smedemokrati.sk\/wp-content\/uploads\/2023\/04\/ff.002.jpeg\",\"width\":640,\"height\":480,\"caption\":\"Smedemokrati.sk\"},\"image\":{\"@id\":\"https:\/\/www.smedemokrati.sk\/#\/schema\/logo\/image\/\"},\"sameAs\":[\"https:\/\/www.facebook.com\/smedemokrati2023\"]},{\"@type\":\"Person\",\"@id\":\"https:\/\/www.smedemokrati.sk\/#\/schema\/person\/21f147c88d605aa7ded900e1e7c344ba\",\"name\":\"miro.sopko\",\"image\":{\"@type\":\"ImageObject\",\"inLanguage\":\"cs-CZ\",\"@id\":\"https:\/\/secure.gravatar.com\/avatar\/267e4a36f704376c109afe3a78740c1f5dd8675a2180a908699e7863c9247606?s=96&d=mm&r=g\",\"url\":\"https:\/\/secure.gravatar.com\/avatar\/267e4a36f704376c109afe3a78740c1f5dd8675a2180a908699e7863c9247606?s=96&d=mm&r=g\",\"contentUrl\":\"https:\/\/secure.gravatar.com\/avatar\/267e4a36f704376c109afe3a78740c1f5dd8675a2180a908699e7863c9247606?s=96&d=mm&r=g\",\"caption\":\"miro.sopko\"},\"url\":\"https:\/\/www.smedemokrati.sk\/cs\/author\/miro-sopko\/\"}]}<\/script>\n<!-- \/ Yoast SEO plugin. -->","yoast_head_json":{"title":"Filip Kuffa klame o nutnosti mas\u00edvnej \u0165a\u017eby na Mur\u00e1nskej planine","robots":{"index":"index","follow":"follow","max-snippet":"max-snippet:-1","max-image-preview":"max-image-preview:large","max-video-preview":"max-video-preview:-1"},"canonical":"https:\/\/www.smedemokrati.sk\/cs\/filip-kuffa-klame-o-nutnosti-masivnej-tazby-na-muranskej-planine\/","og_locale":"cs_CZ","og_type":"article","og_title":"[:sk]Filip Kuffa klame o nutnosti mas\u00edvnej \u0165a\u017eby na Mur\u00e1nskej planine[:] - Smedemokrati.sk","og_description":"Demokrati dlhodobo upozor\u0148ovali, \u017ee Ministerstvo \u017eivotn\u00e9ho prostredia SR sa pok\u00fasi zneu\u017ei\u0165 lyko\u017er\u00fatov\u00fa kalamitu na Horehron\u00ed na ospravedlnenie z\u00e1meru mas\u00edvnej \u0165a\u017eby v N\u00e1rodnom parku Mur\u00e1nska planina. Tieto obavy dnes potvrdil priamo Filip Kuffa. Pl\u00e1novan\u00e1 \u0165a\u017eba 400 000 kub\u00edkov v priebehu dvoch rokov je bezprecedentn\u00fdm a devasta\u010dn\u00fdm z\u00e1sahom do pr\u00edrody Mur\u00e1nskej planiny. \u201eMinister Taraba a rovnako aj [&hellip;]","og_url":"https:\/\/www.smedemokrati.sk\/cs\/filip-kuffa-klame-o-nutnosti-masivnej-tazby-na-muranskej-planine\/","og_site_name":"Smedemokrati.sk","article_publisher":"https:\/\/www.facebook.com\/smedemokrati2023","article_published_time":"2024-07-11T19:19:00+00:00","article_modified_time":"2024-07-23T12:47:17+00:00","og_image":[{"width":2025,"height":1179,"url":"https:\/\/www.smedemokrati.sk\/wp-content\/uploads\/2024\/06\/kica-miliardy.jpg","type":"image\/jpeg"}],"author":"miro.sopko","twitter_card":"summary_large_image","twitter_misc":{"Napsal(a)":"miro.sopko","Odhadovan\u00e1 doba \u010dten\u00ed":"3 minuty"},"schema":{"@context":"https:\/\/schema.org","@graph":[{"@type":"Article","@id":"https:\/\/www.smedemokrati.sk\/filip-kuffa-klame-o-nutnosti-masivnej-tazby-na-muranskej-planine\/#article","isPartOf":{"@id":"https:\/\/www.smedemokrati.sk\/filip-kuffa-klame-o-nutnosti-masivnej-tazby-na-muranskej-planine\/"},"author":{"name":"miro.sopko","@id":"https:\/\/www.smedemokrati.sk\/#\/schema\/person\/21f147c88d605aa7ded900e1e7c344ba"},"headline":"Filip Kuffa klame o nutnosti mas\u00edvnej \u0165a\u017eby na Mur\u00e1nskej planine","datePublished":"2024-07-11T19:19:00+00:00","dateModified":"2024-07-23T12:47:17+00:00","mainEntityOfPage":{"@id":"https:\/\/www.smedemokrati.sk\/filip-kuffa-klame-o-nutnosti-masivnej-tazby-na-muranskej-planine\/"},"wordCount":587,"publisher":{"@id":"https:\/\/www.smedemokrati.sk\/#organization"},"image":{"@id":"https:\/\/www.smedemokrati.sk\/filip-kuffa-klame-o-nutnosti-masivnej-tazby-na-muranskej-planine\/#primaryimage"},"thumbnailUrl":"https:\/\/www.smedemokrati.sk\/wp-content\/uploads\/2024\/06\/kica-miliardy.jpg","articleSection":["Tla\u010dov\u00e9 spr\u00e1vy"],"inLanguage":"cs-CZ"},{"@type":"WebPage","@id":"https:\/\/www.smedemokrati.sk\/filip-kuffa-klame-o-nutnosti-masivnej-tazby-na-muranskej-planine\/","url":"https:\/\/www.smedemokrati.sk\/filip-kuffa-klame-o-nutnosti-masivnej-tazby-na-muranskej-planine\/","name":"Filip Kuffa klame o nutnosti mas\u00edvnej \u0165a\u017eby na Mur\u00e1nskej planine","isPartOf":{"@id":"https:\/\/www.smedemokrati.sk\/#website"},"primaryImageOfPage":{"@id":"https:\/\/www.smedemokrati.sk\/filip-kuffa-klame-o-nutnosti-masivnej-tazby-na-muranskej-planine\/#primaryimage"},"image":{"@id":"https:\/\/www.smedemokrati.sk\/filip-kuffa-klame-o-nutnosti-masivnej-tazby-na-muranskej-planine\/#primaryimage"},"thumbnailUrl":"https:\/\/www.smedemokrati.sk\/wp-content\/uploads\/2024\/06\/kica-miliardy.jpg","datePublished":"2024-07-11T19:19:00+00:00","dateModified":"2024-07-23T12:47:17+00:00","breadcrumb":{"@id":"https:\/\/www.smedemokrati.sk\/filip-kuffa-klame-o-nutnosti-masivnej-tazby-na-muranskej-planine\/#breadcrumb"},"inLanguage":"cs-CZ","potentialAction":[{"@type":"ReadAction","target":["https:\/\/www.smedemokrati.sk\/filip-kuffa-klame-o-nutnosti-masivnej-tazby-na-muranskej-planine\/"]}]},{"@type":"ImageObject","inLanguage":"cs-CZ","@id":"https:\/\/www.smedemokrati.sk\/filip-kuffa-klame-o-nutnosti-masivnej-tazby-na-muranskej-planine\/#primaryimage","url":"https:\/\/www.smedemokrati.sk\/wp-content\/uploads\/2024\/06\/kica-miliardy.jpg","contentUrl":"https:\/\/www.smedemokrati.sk\/wp-content\/uploads\/2024\/06\/kica-miliardy.jpg","width":2025,"height":1179},{"@type":"BreadcrumbList","@id":"https:\/\/www.smedemokrati.sk\/filip-kuffa-klame-o-nutnosti-masivnej-tazby-na-muranskej-planine\/#breadcrumb","itemListElement":[{"@type":"ListItem","position":1,"name":"Domovsk\u00e1 str\u00e1nka","item":"https:\/\/www.smedemokrati.sk\/"},{"@type":"ListItem","position":2,"name":"Filip Kuffa klame o nutnosti mas\u00edvnej \u0165a\u017eby na Mur\u00e1nskej planine"}]},{"@type":"WebSite","@id":"https:\/\/www.smedemokrati.sk\/#website","url":"https:\/\/www.smedemokrati.sk\/","name":"Smedemokrati.sk","description":"Demokracia a slu\u0161nos\u0165 zv\u00ed\u0165az\u00ed","publisher":{"@id":"https:\/\/www.smedemokrati.sk\/#organization"},"potentialAction":[{"@type":"SearchAction","target":{"@type":"EntryPoint","urlTemplate":"https:\/\/www.smedemokrati.sk\/?s={search_term_string}"},"query-input":{"@type":"PropertyValueSpecification","valueRequired":true,"valueName":"search_term_string"}}],"inLanguage":"cs-CZ"},{"@type":"Organization","@id":"https:\/\/www.smedemokrati.sk\/#organization","name":"Smedemokrati.sk","url":"https:\/\/www.smedemokrati.sk\/","logo":{"@type":"ImageObject","inLanguage":"cs-CZ","@id":"https:\/\/www.smedemokrati.sk\/#\/schema\/logo\/image\/","url":"https:\/\/www.smedemokrati.sk\/wp-content\/uploads\/2023\/04\/ff.002.jpeg","contentUrl":"https:\/\/www.smedemokrati.sk\/wp-content\/uploads\/2023\/04\/ff.002.jpeg","width":640,"height":480,"caption":"Smedemokrati.sk"},"image":{"@id":"https:\/\/www.smedemokrati.sk\/#\/schema\/logo\/image\/"},"sameAs":["https:\/\/www.facebook.com\/smedemokrati2023"]},{"@type":"Person","@id":"https:\/\/www.smedemokrati.sk\/#\/schema\/person\/21f147c88d605aa7ded900e1e7c344ba","name":"miro.sopko","image":{"@type":"ImageObject","inLanguage":"cs-CZ","@id":"https:\/\/secure.gravatar.com\/avatar\/267e4a36f704376c109afe3a78740c1f5dd8675a2180a908699e7863c9247606?s=96&d=mm&r=g","url":"https:\/\/secure.gravatar.com\/avatar\/267e4a36f704376c109afe3a78740c1f5dd8675a2180a908699e7863c9247606?s=96&d=mm&r=g","contentUrl":"https:\/\/secure.gravatar.com\/avatar\/267e4a36f704376c109afe3a78740c1f5dd8675a2180a908699e7863c9247606?s=96&d=mm&r=g","caption":"miro.sopko"},"url":"https:\/\/www.smedemokrati.sk\/cs\/author\/miro-sopko\/"}]}},"_links":{"self":[{"href":"https:\/\/www.smedemokrati.sk\/cs\/wp-json\/wp\/v2\/posts\/4674","targetHints":{"allow":["GET"]}}],"collection":[{"href":"https:\/\/www.smedemokrati.sk\/cs\/wp-json\/wp\/v2\/posts"}],"about":[{"href":"https:\/\/www.smedemokrati.sk\/cs\/wp-json\/wp\/v2\/types\/post"}],"author":[{"embeddable":true,"href":"https:\/\/www.smedemokrati.sk\/cs\/wp-json\/wp\/v2\/users\/13"}],"replies":[{"embeddable":true,"href":"https:\/\/www.smedemokrati.sk\/cs\/wp-json\/wp\/v2\/comments?post=4674"}],"version-history":[{"count":1,"href":"https:\/\/www.smedemokrati.sk\/cs\/wp-json\/wp\/v2\/posts\/4674\/revisions"}],"predecessor-version":[{"id":4675,"href":"https:\/\/www.smedemokrati.sk\/cs\/wp-json\/wp\/v2\/posts\/4674\/revisions\/4675"}],"wp:featuredmedia":[{"embeddable":true,"href":"https:\/\/www.smedemokrati.sk\/cs\/wp-json\/wp\/v2\/media\/4340"}],"wp:attachment":[{"href":"https:\/\/www.smedemokrati.sk\/cs\/wp-json\/wp\/v2\/media?parent=4674"}],"wp:term":[{"taxonomy":"category","embeddable":true,"href":"https:\/\/www.smedemokrati.sk\/cs\/wp-json\/wp\/v2\/categories?post=4674"},{"taxonomy":"post_tag","embeddable":true,"href":"https:\/\/www.smedemokrati.sk\/cs\/wp-json\/wp\/v2\/tags?post=4674"}],"curies":[{"name":"wp","href":"https:\/\/api.w.org\/{rel}","templated":true}]}}