{"id":4661,"date":"2024-07-10T10:21:54","date_gmt":"2024-07-10T09:21:54","guid":{"rendered":"https:\/\/www.smedemokrati.sk\/?p=4661"},"modified":"2024-07-23T13:47:06","modified_gmt":"2024-07-23T12:47:06","slug":"nezavisla-verejna-kontrola-eurofondov-konci-vlada-vysachovala-mimovladne-organizacie-stat-budu-kontrolovat-uz-iba-nasi-ludia","status":"publish","type":"post","link":"https:\/\/www.smedemokrati.sk\/cs\/nezavisla-verejna-kontrola-eurofondov-konci-vlada-vysachovala-mimovladne-organizacie-stat-budu-kontrolovat-uz-iba-nasi-ludia\/","title":{"rendered":"Nez\u00e1visl\u00e1 verejn\u00e1 kontrola eurofondov kon\u010d\u00ed: vl\u00e1da vy\u0161achovala mimovl\u00e1dne organiz\u00e1cie, \u0161t\u00e1t bud\u00fa kontrolova\u0165 u\u017e iba \u201ena\u0161i \u013eudia\u201c"},"content":{"rendered":"<div id=\"fb-root\"><\/div>\n\n<p><strong><em>Pod\u013ea eur\u00f3pskych predpisov mus\u00ed by\u0165 pri nastavovan\u00ed, sledovan\u00ed a vyu\u017e\u00edvan\u00ed eurofondov zabezpe\u010den\u00e1 aj \u00fa\u010das\u0165 mimovl\u00e1dnych organiz\u00e1ci\u00ed a ob\u010dianskej verejnosti.&nbsp;K\u00fdm doteraz platilo, \u017ee z\u00e1stupcov si ur\u010dovali mimovl\u00e1dne organiz\u00e1cie sami, prostredn\u00edctvom komory mimovl\u00e1dnych organiz\u00e1ci\u00ed, po novom ich bude nominova\u0165 vl\u00e1dny splnomocnenec pre ob\u010diansku spolo\u010dnos\u0165.<\/em><\/strong><\/p>\n\n\n\n<p><em>Vl\u00e1da schv\u00e1lila \u010fal\u0161ie obmedzenie ob\u010dianskej spolo\u010dnosti a \u00falohu mimovl\u00e1dnych organiz\u00e1ci\u00ed pri jej kontrole. Materi\u00e1l\u00a0bol navy\u0161e schv\u00e1len\u00fd bez\u00a0pripomienkov\u00e9ho konania a \u00fa\u010dasti verejnosti.\u00a0<strong>\u201e<\/strong>Nez\u00e1visl\u00e1 verejn\u00e1 kontrola v eurofondoch kon\u010d\u00ed. Vl\u00e1da si bude sama vybera\u0165, kto ju bude kontrolova\u0165. Ob\u00e1vam sa, \u017ee to skon\u010d\u00ed v\u00fdberom organiz\u00e1ci\u00ed, ktor\u00e9 bud\u00fa namiesto nez\u00e1vislej kontroly plni\u0165 sk\u00f4r \u00falohu figov\u00e9ho listu. Ur\u010dite to ocenia mnoh\u00ed ministri s\u00fa\u010dasnej vl\u00e1dy. Predsalen, 12 mld. eur sa bude bez skuto\u010dnej verejnej kontroly \u201cm\u00ed\u0148a\u0165\u201d \u013eah\u0161ie&#8220;,\u00a0hovor\u00ed \u010dlen predsedn\u00edctva Demokratov a b\u00fdval\u00fd \u0161t\u00e1tny tajomn\u00edk rezortu \u017eivotn\u00e9ho prostredia Michal Ki\u010da.<\/em><\/p>\n\n\n\n<p><em>Mimovl\u00e1dnym organiz\u00e1ci\u00e1m sa pritom v minulosti podarilo zabr\u00e1ni\u0165 mnoh\u00fdm \u0161kodliv\u00fdm alebo zbyto\u010dn\u00fdm invest\u00edci\u00e1m, ktor\u00e9 by sa platili z eurofondov, napr. financovaniu priehrad, ktor\u00e9 sa mali vyd\u00e1va\u0165 za vodoz\u00e1dr\u017en\u00e9 opatrenia, skryt\u00e9mu financovaniu fos\u00edlnych pal\u00edv a pod.<\/em><\/p>\n\n\n\n<p><em>Pod\u013ea Moniky Podhor\u00e1ny Masarikovej ide o \u010fal\u0161\u00ed krok smerom k z\u00edskaniu absol\u00fatnej moci a kontroly:\u00a0<strong>\u201e<\/strong>Roky som pracovala v mimovl\u00e1dnom sektore preto viem, ak\u00fa v\u00fdznamn\u00fa \u00falohu tieto organiz\u00e1cie zohr\u00e1vaj\u00fa, a to naprie\u010d celou na\u0161ou spolo\u010dnos\u0165ou. Neraz predstavuj\u00fa mechanizmus, ktor\u00fd vie by\u0165 n\u00e1pomocn\u00fd e\u0161te v procese pr\u00edpravy projektov. Napr\u00edklad, klad\u00fa d\u00f4raz na dodr\u017eanie transparentnosti postupu, alebo na to, aby neboli finan\u010dn\u00e9 prostriedky pridelen\u00e9 spriaznen\u00fdm osob\u00e1m. Som presved\u010den\u00e1, \u017ee t\u00fdmto krokom sme bli\u017e\u0161ie k absol\u00fatnemu a najm\u00e4 nekontrolovate\u013en\u00e9mu vl\u00e1dnutiu, ktor\u00e9 pripom\u00edna sk\u00f4r autorit\u00e1rske re\u017eimy, ne\u017e tie demokratick\u00e9.&#8220;<\/em><\/p>\n","protected":false},"excerpt":{"rendered":"<p>Pod\u013ea eur\u00f3pskych predpisov mus\u00ed by\u0165 pri nastavovan\u00ed, sledovan\u00ed a vyu\u017e\u00edvan\u00ed eurofondov zabezpe\u010den\u00e1 aj \u00fa\u010das\u0165 mimovl\u00e1dnych organiz\u00e1ci\u00ed a ob\u010dianskej verejnosti.&nbsp;K\u00fdm doteraz platilo, \u017ee z\u00e1stupcov si ur\u010dovali mimovl\u00e1dne organiz\u00e1cie sami, prostredn\u00edctvom komory mimovl\u00e1dnych organiz\u00e1ci\u00ed, po novom ich bude nominova\u0165 vl\u00e1dny splnomocnenec pre ob\u010diansku spolo\u010dnos\u0165. Vl\u00e1da schv\u00e1lila \u010fal\u0161ie obmedzenie ob\u010dianskej spolo\u010dnosti a \u00falohu mimovl\u00e1dnych organiz\u00e1ci\u00ed pri jej kontrole. [&hellip;]<\/p>\n","protected":false},"author":13,"featured_media":4662,"comment_status":"closed","ping_status":"closed","sticky":false,"template":"","format":"standard","meta":{"_acf_changed":false,"ngg_post_thumbnail":0,"footnotes":""},"categories":[4],"tags":[],"class_list":["post-4661","post","type-post","status-publish","format-standard","has-post-thumbnail","hentry","category-tlacove-spravy"],"acf":[],"yoast_head":"<!-- This site is optimized with the Yoast SEO plugin v27.2 - https:\/\/yoast.com\/product\/yoast-seo-wordpress\/ -->\n<title>Nez\u00e1visl\u00e1 verejn\u00e1 kontrola eurofondov kon\u010d\u00ed: vl\u00e1da vy\u0161achovala mimovl\u00e1dne organiz\u00e1cie, \u0161t\u00e1t bud\u00fa kontrolova\u0165 u\u017e iba \u201ena\u0161i \u013eudia\u201c<\/title>\n<meta name=\"robots\" content=\"index, follow, max-snippet:-1, max-image-preview:large, max-video-preview:-1\" \/>\n<link rel=\"canonical\" href=\"https:\/\/www.smedemokrati.sk\/cs\/nezavisla-verejna-kontrola-eurofondov-konci-vlada-vysachovala-mimovladne-organizacie-stat-budu-kontrolovat-uz-iba-nasi-ludia\/\" \/>\n<meta property=\"og:locale\" content=\"cs_CZ\" \/>\n<meta property=\"og:locale:alternate\" content=\"en_US\" \/>\n<meta property=\"og:locale:alternate\" content=\"hu_HU\" \/>\n<meta property=\"og:locale:alternate\" content=\"sk_SK\" \/>\n<meta property=\"og:locale:alternate\" content=\"sv_SE\" \/>\n<meta property=\"og:type\" content=\"article\" \/>\n<meta property=\"og:title\" content=\"Nez\u00e1visl\u00e1 verejn\u00e1 kontrola eurofondov kon\u010d\u00ed: vl\u00e1da vy\u0161achovala mimovl\u00e1dne organiz\u00e1cie, \u0161t\u00e1t bud\u00fa kontrolova\u0165 u\u017e iba \u201ena\u0161i \u013eudia\u201c\" \/>\n<meta property=\"og:description\" content=\"Pod\u013ea eur\u00f3pskych predpisov mus\u00ed by\u0165 pri nastavovan\u00ed, sledovan\u00ed a vyu\u017e\u00edvan\u00ed eurofondov zabezpe\u010den\u00e1 aj \u00fa\u010das\u0165 mimovl\u00e1dnych organiz\u00e1ci\u00ed a ob\u010dianskej verejnosti.&nbsp;K\u00fdm doteraz platilo, \u017ee z\u00e1stupcov si ur\u010dovali mimovl\u00e1dne organiz\u00e1cie sami, prostredn\u00edctvom komory mimovl\u00e1dnych organiz\u00e1ci\u00ed, po novom ich bude nominova\u0165 vl\u00e1dny splnomocnenec pre ob\u010diansku spolo\u010dnos\u0165. Vl\u00e1da schv\u00e1lila \u010fal\u0161ie obmedzenie ob\u010dianskej spolo\u010dnosti a \u00falohu mimovl\u00e1dnych organiz\u00e1ci\u00ed pri jej kontrole. [&hellip;]\" \/>\n<meta property=\"og:url\" content=\"https:\/\/www.smedemokrati.sk\/cs\/nezavisla-verejna-kontrola-eurofondov-konci-vlada-vysachovala-mimovladne-organizacie-stat-budu-kontrolovat-uz-iba-nasi-ludia\/\" \/>\n<meta property=\"og:site_name\" content=\"Smedemokrati.sk\" \/>\n<meta property=\"article:publisher\" content=\"https:\/\/www.facebook.com\/smedemokrati2023\" \/>\n<meta property=\"article:published_time\" content=\"2024-07-10T09:21:54+00:00\" \/>\n<meta property=\"article:modified_time\" content=\"2024-07-23T12:47:06+00:00\" \/>\n<meta property=\"og:image\" content=\"https:\/\/www.smedemokrati.sk\/wp-content\/uploads\/2024\/07\/robert-fico-vlada.jpg\" \/>\n\t<meta property=\"og:image:width\" content=\"1280\" \/>\n\t<meta property=\"og:image:height\" content=\"720\" \/>\n\t<meta property=\"og:image:type\" content=\"image\/jpeg\" \/>\n<meta name=\"author\" content=\"miro.sopko\" \/>\n<meta name=\"twitter:card\" content=\"summary_large_image\" \/>\n<meta name=\"twitter:label1\" content=\"Napsal(a)\" \/>\n\t<meta name=\"twitter:data1\" content=\"miro.sopko\" \/>\n\t<meta name=\"twitter:label2\" content=\"Odhadovan\u00e1 doba \u010dten\u00ed\" \/>\n\t<meta name=\"twitter:data2\" content=\"2 minuty\" \/>\n<script type=\"application\/ld+json\" class=\"yoast-schema-graph\">{\"@context\":\"https:\/\/schema.org\",\"@graph\":[{\"@type\":\"Article\",\"@id\":\"https:\/\/www.smedemokrati.sk\/nezavisla-verejna-kontrola-eurofondov-konci-vlada-vysachovala-mimovladne-organizacie-stat-budu-kontrolovat-uz-iba-nasi-ludia\/#article\",\"isPartOf\":{\"@id\":\"https:\/\/www.smedemokrati.sk\/nezavisla-verejna-kontrola-eurofondov-konci-vlada-vysachovala-mimovladne-organizacie-stat-budu-kontrolovat-uz-iba-nasi-ludia\/\"},\"author\":{\"name\":\"miro.sopko\",\"@id\":\"https:\/\/www.smedemokrati.sk\/#\/schema\/person\/21f147c88d605aa7ded900e1e7c344ba\"},\"headline\":\"Nez\u00e1visl\u00e1 verejn\u00e1 kontrola eurofondov kon\u010d\u00ed: vl\u00e1da vy\u0161achovala mimovl\u00e1dne organiz\u00e1cie, \u0161t\u00e1t bud\u00fa kontrolova\u0165 u\u017e iba \u201ena\u0161i \u013eudia\u201c\",\"datePublished\":\"2024-07-10T09:21:54+00:00\",\"dateModified\":\"2024-07-23T12:47:06+00:00\",\"mainEntityOfPage\":{\"@id\":\"https:\/\/www.smedemokrati.sk\/nezavisla-verejna-kontrola-eurofondov-konci-vlada-vysachovala-mimovladne-organizacie-stat-budu-kontrolovat-uz-iba-nasi-ludia\/\"},\"wordCount\":371,\"publisher\":{\"@id\":\"https:\/\/www.smedemokrati.sk\/#organization\"},\"image\":{\"@id\":\"https:\/\/www.smedemokrati.sk\/nezavisla-verejna-kontrola-eurofondov-konci-vlada-vysachovala-mimovladne-organizacie-stat-budu-kontrolovat-uz-iba-nasi-ludia\/#primaryimage\"},\"thumbnailUrl\":\"https:\/\/www.smedemokrati.sk\/wp-content\/uploads\/2024\/07\/robert-fico-vlada.jpg\",\"articleSection\":[\"Tla\u010dov\u00e9 spr\u00e1vy\"],\"inLanguage\":\"cs-CZ\"},{\"@type\":\"WebPage\",\"@id\":\"https:\/\/www.smedemokrati.sk\/nezavisla-verejna-kontrola-eurofondov-konci-vlada-vysachovala-mimovladne-organizacie-stat-budu-kontrolovat-uz-iba-nasi-ludia\/\",\"url\":\"https:\/\/www.smedemokrati.sk\/nezavisla-verejna-kontrola-eurofondov-konci-vlada-vysachovala-mimovladne-organizacie-stat-budu-kontrolovat-uz-iba-nasi-ludia\/\",\"name\":\"Nez\u00e1visl\u00e1 verejn\u00e1 kontrola eurofondov kon\u010d\u00ed: vl\u00e1da vy\u0161achovala mimovl\u00e1dne organiz\u00e1cie, \u0161t\u00e1t bud\u00fa kontrolova\u0165 u\u017e iba \u201ena\u0161i \u013eudia\u201c\",\"isPartOf\":{\"@id\":\"https:\/\/www.smedemokrati.sk\/#website\"},\"primaryImageOfPage\":{\"@id\":\"https:\/\/www.smedemokrati.sk\/nezavisla-verejna-kontrola-eurofondov-konci-vlada-vysachovala-mimovladne-organizacie-stat-budu-kontrolovat-uz-iba-nasi-ludia\/#primaryimage\"},\"image\":{\"@id\":\"https:\/\/www.smedemokrati.sk\/nezavisla-verejna-kontrola-eurofondov-konci-vlada-vysachovala-mimovladne-organizacie-stat-budu-kontrolovat-uz-iba-nasi-ludia\/#primaryimage\"},\"thumbnailUrl\":\"https:\/\/www.smedemokrati.sk\/wp-content\/uploads\/2024\/07\/robert-fico-vlada.jpg\",\"datePublished\":\"2024-07-10T09:21:54+00:00\",\"dateModified\":\"2024-07-23T12:47:06+00:00\",\"breadcrumb\":{\"@id\":\"https:\/\/www.smedemokrati.sk\/nezavisla-verejna-kontrola-eurofondov-konci-vlada-vysachovala-mimovladne-organizacie-stat-budu-kontrolovat-uz-iba-nasi-ludia\/#breadcrumb\"},\"inLanguage\":\"cs-CZ\",\"potentialAction\":[{\"@type\":\"ReadAction\",\"target\":[\"https:\/\/www.smedemokrati.sk\/nezavisla-verejna-kontrola-eurofondov-konci-vlada-vysachovala-mimovladne-organizacie-stat-budu-kontrolovat-uz-iba-nasi-ludia\/\"]}]},{\"@type\":\"ImageObject\",\"inLanguage\":\"cs-CZ\",\"@id\":\"https:\/\/www.smedemokrati.sk\/nezavisla-verejna-kontrola-eurofondov-konci-vlada-vysachovala-mimovladne-organizacie-stat-budu-kontrolovat-uz-iba-nasi-ludia\/#primaryimage\",\"url\":\"https:\/\/www.smedemokrati.sk\/wp-content\/uploads\/2024\/07\/robert-fico-vlada.jpg\",\"contentUrl\":\"https:\/\/www.smedemokrati.sk\/wp-content\/uploads\/2024\/07\/robert-fico-vlada.jpg\",\"width\":1280,\"height\":720},{\"@type\":\"BreadcrumbList\",\"@id\":\"https:\/\/www.smedemokrati.sk\/nezavisla-verejna-kontrola-eurofondov-konci-vlada-vysachovala-mimovladne-organizacie-stat-budu-kontrolovat-uz-iba-nasi-ludia\/#breadcrumb\",\"itemListElement\":[{\"@type\":\"ListItem\",\"position\":1,\"name\":\"Domovsk\u00e1 str\u00e1nka\",\"item\":\"https:\/\/www.smedemokrati.sk\/\"},{\"@type\":\"ListItem\",\"position\":2,\"name\":\"Nez\u00e1visl\u00e1 verejn\u00e1 kontrola eurofondov kon\u010d\u00ed: vl\u00e1da vy\u0161achovala mimovl\u00e1dne organiz\u00e1cie, \u0161t\u00e1t bud\u00fa kontrolova\u0165 u\u017e iba \u201ena\u0161i \u013eudia\u201c\"}]},{\"@type\":\"WebSite\",\"@id\":\"https:\/\/www.smedemokrati.sk\/#website\",\"url\":\"https:\/\/www.smedemokrati.sk\/\",\"name\":\"Smedemokrati.sk\",\"description\":\"Demokracia a slu\u0161nos\u0165 zv\u00ed\u0165az\u00ed\",\"publisher\":{\"@id\":\"https:\/\/www.smedemokrati.sk\/#organization\"},\"potentialAction\":[{\"@type\":\"SearchAction\",\"target\":{\"@type\":\"EntryPoint\",\"urlTemplate\":\"https:\/\/www.smedemokrati.sk\/?s={search_term_string}\"},\"query-input\":{\"@type\":\"PropertyValueSpecification\",\"valueRequired\":true,\"valueName\":\"search_term_string\"}}],\"inLanguage\":\"cs-CZ\"},{\"@type\":\"Organization\",\"@id\":\"https:\/\/www.smedemokrati.sk\/#organization\",\"name\":\"Smedemokrati.sk\",\"url\":\"https:\/\/www.smedemokrati.sk\/\",\"logo\":{\"@type\":\"ImageObject\",\"inLanguage\":\"cs-CZ\",\"@id\":\"https:\/\/www.smedemokrati.sk\/#\/schema\/logo\/image\/\",\"url\":\"https:\/\/www.smedemokrati.sk\/wp-content\/uploads\/2023\/04\/ff.002.jpeg\",\"contentUrl\":\"https:\/\/www.smedemokrati.sk\/wp-content\/uploads\/2023\/04\/ff.002.jpeg\",\"width\":640,\"height\":480,\"caption\":\"Smedemokrati.sk\"},\"image\":{\"@id\":\"https:\/\/www.smedemokrati.sk\/#\/schema\/logo\/image\/\"},\"sameAs\":[\"https:\/\/www.facebook.com\/smedemokrati2023\"]},{\"@type\":\"Person\",\"@id\":\"https:\/\/www.smedemokrati.sk\/#\/schema\/person\/21f147c88d605aa7ded900e1e7c344ba\",\"name\":\"miro.sopko\",\"image\":{\"@type\":\"ImageObject\",\"inLanguage\":\"cs-CZ\",\"@id\":\"https:\/\/secure.gravatar.com\/avatar\/267e4a36f704376c109afe3a78740c1f5dd8675a2180a908699e7863c9247606?s=96&d=mm&r=g\",\"url\":\"https:\/\/secure.gravatar.com\/avatar\/267e4a36f704376c109afe3a78740c1f5dd8675a2180a908699e7863c9247606?s=96&d=mm&r=g\",\"contentUrl\":\"https:\/\/secure.gravatar.com\/avatar\/267e4a36f704376c109afe3a78740c1f5dd8675a2180a908699e7863c9247606?s=96&d=mm&r=g\",\"caption\":\"miro.sopko\"},\"url\":\"https:\/\/www.smedemokrati.sk\/cs\/author\/miro-sopko\/\"}]}<\/script>\n<!-- \/ Yoast SEO plugin. -->","yoast_head_json":{"title":"Nez\u00e1visl\u00e1 verejn\u00e1 kontrola eurofondov kon\u010d\u00ed: vl\u00e1da vy\u0161achovala mimovl\u00e1dne organiz\u00e1cie, \u0161t\u00e1t bud\u00fa kontrolova\u0165 u\u017e iba \u201ena\u0161i \u013eudia\u201c","robots":{"index":"index","follow":"follow","max-snippet":"max-snippet:-1","max-image-preview":"max-image-preview:large","max-video-preview":"max-video-preview:-1"},"canonical":"https:\/\/www.smedemokrati.sk\/cs\/nezavisla-verejna-kontrola-eurofondov-konci-vlada-vysachovala-mimovladne-organizacie-stat-budu-kontrolovat-uz-iba-nasi-ludia\/","og_locale":"cs_CZ","og_type":"article","og_title":"[:sk]Nez\u00e1visl\u00e1 verejn\u00e1 kontrola eurofondov kon\u010d\u00ed: vl\u00e1da vy\u0161achovala mimovl\u00e1dne organiz\u00e1cie, \u0161t\u00e1t bud\u00fa kontrolova\u0165 u\u017e iba \u201ena\u0161i \u013eudia\u201c[:] - Smedemokrati.sk","og_description":"Pod\u013ea eur\u00f3pskych predpisov mus\u00ed by\u0165 pri nastavovan\u00ed, sledovan\u00ed a vyu\u017e\u00edvan\u00ed eurofondov zabezpe\u010den\u00e1 aj \u00fa\u010das\u0165 mimovl\u00e1dnych organiz\u00e1ci\u00ed a ob\u010dianskej verejnosti.&nbsp;K\u00fdm doteraz platilo, \u017ee z\u00e1stupcov si ur\u010dovali mimovl\u00e1dne organiz\u00e1cie sami, prostredn\u00edctvom komory mimovl\u00e1dnych organiz\u00e1ci\u00ed, po novom ich bude nominova\u0165 vl\u00e1dny splnomocnenec pre ob\u010diansku spolo\u010dnos\u0165. Vl\u00e1da schv\u00e1lila \u010fal\u0161ie obmedzenie ob\u010dianskej spolo\u010dnosti a \u00falohu mimovl\u00e1dnych organiz\u00e1ci\u00ed pri jej kontrole. [&hellip;]","og_url":"https:\/\/www.smedemokrati.sk\/cs\/nezavisla-verejna-kontrola-eurofondov-konci-vlada-vysachovala-mimovladne-organizacie-stat-budu-kontrolovat-uz-iba-nasi-ludia\/","og_site_name":"Smedemokrati.sk","article_publisher":"https:\/\/www.facebook.com\/smedemokrati2023","article_published_time":"2024-07-10T09:21:54+00:00","article_modified_time":"2024-07-23T12:47:06+00:00","og_image":[{"width":1280,"height":720,"url":"https:\/\/www.smedemokrati.sk\/wp-content\/uploads\/2024\/07\/robert-fico-vlada.jpg","type":"image\/jpeg"}],"author":"miro.sopko","twitter_card":"summary_large_image","twitter_misc":{"Napsal(a)":"miro.sopko","Odhadovan\u00e1 doba \u010dten\u00ed":"2 minuty"},"schema":{"@context":"https:\/\/schema.org","@graph":[{"@type":"Article","@id":"https:\/\/www.smedemokrati.sk\/nezavisla-verejna-kontrola-eurofondov-konci-vlada-vysachovala-mimovladne-organizacie-stat-budu-kontrolovat-uz-iba-nasi-ludia\/#article","isPartOf":{"@id":"https:\/\/www.smedemokrati.sk\/nezavisla-verejna-kontrola-eurofondov-konci-vlada-vysachovala-mimovladne-organizacie-stat-budu-kontrolovat-uz-iba-nasi-ludia\/"},"author":{"name":"miro.sopko","@id":"https:\/\/www.smedemokrati.sk\/#\/schema\/person\/21f147c88d605aa7ded900e1e7c344ba"},"headline":"Nez\u00e1visl\u00e1 verejn\u00e1 kontrola eurofondov kon\u010d\u00ed: vl\u00e1da vy\u0161achovala mimovl\u00e1dne organiz\u00e1cie, \u0161t\u00e1t bud\u00fa kontrolova\u0165 u\u017e iba \u201ena\u0161i \u013eudia\u201c","datePublished":"2024-07-10T09:21:54+00:00","dateModified":"2024-07-23T12:47:06+00:00","mainEntityOfPage":{"@id":"https:\/\/www.smedemokrati.sk\/nezavisla-verejna-kontrola-eurofondov-konci-vlada-vysachovala-mimovladne-organizacie-stat-budu-kontrolovat-uz-iba-nasi-ludia\/"},"wordCount":371,"publisher":{"@id":"https:\/\/www.smedemokrati.sk\/#organization"},"image":{"@id":"https:\/\/www.smedemokrati.sk\/nezavisla-verejna-kontrola-eurofondov-konci-vlada-vysachovala-mimovladne-organizacie-stat-budu-kontrolovat-uz-iba-nasi-ludia\/#primaryimage"},"thumbnailUrl":"https:\/\/www.smedemokrati.sk\/wp-content\/uploads\/2024\/07\/robert-fico-vlada.jpg","articleSection":["Tla\u010dov\u00e9 spr\u00e1vy"],"inLanguage":"cs-CZ"},{"@type":"WebPage","@id":"https:\/\/www.smedemokrati.sk\/nezavisla-verejna-kontrola-eurofondov-konci-vlada-vysachovala-mimovladne-organizacie-stat-budu-kontrolovat-uz-iba-nasi-ludia\/","url":"https:\/\/www.smedemokrati.sk\/nezavisla-verejna-kontrola-eurofondov-konci-vlada-vysachovala-mimovladne-organizacie-stat-budu-kontrolovat-uz-iba-nasi-ludia\/","name":"Nez\u00e1visl\u00e1 verejn\u00e1 kontrola eurofondov kon\u010d\u00ed: vl\u00e1da vy\u0161achovala mimovl\u00e1dne organiz\u00e1cie, \u0161t\u00e1t bud\u00fa kontrolova\u0165 u\u017e iba \u201ena\u0161i \u013eudia\u201c","isPartOf":{"@id":"https:\/\/www.smedemokrati.sk\/#website"},"primaryImageOfPage":{"@id":"https:\/\/www.smedemokrati.sk\/nezavisla-verejna-kontrola-eurofondov-konci-vlada-vysachovala-mimovladne-organizacie-stat-budu-kontrolovat-uz-iba-nasi-ludia\/#primaryimage"},"image":{"@id":"https:\/\/www.smedemokrati.sk\/nezavisla-verejna-kontrola-eurofondov-konci-vlada-vysachovala-mimovladne-organizacie-stat-budu-kontrolovat-uz-iba-nasi-ludia\/#primaryimage"},"thumbnailUrl":"https:\/\/www.smedemokrati.sk\/wp-content\/uploads\/2024\/07\/robert-fico-vlada.jpg","datePublished":"2024-07-10T09:21:54+00:00","dateModified":"2024-07-23T12:47:06+00:00","breadcrumb":{"@id":"https:\/\/www.smedemokrati.sk\/nezavisla-verejna-kontrola-eurofondov-konci-vlada-vysachovala-mimovladne-organizacie-stat-budu-kontrolovat-uz-iba-nasi-ludia\/#breadcrumb"},"inLanguage":"cs-CZ","potentialAction":[{"@type":"ReadAction","target":["https:\/\/www.smedemokrati.sk\/nezavisla-verejna-kontrola-eurofondov-konci-vlada-vysachovala-mimovladne-organizacie-stat-budu-kontrolovat-uz-iba-nasi-ludia\/"]}]},{"@type":"ImageObject","inLanguage":"cs-CZ","@id":"https:\/\/www.smedemokrati.sk\/nezavisla-verejna-kontrola-eurofondov-konci-vlada-vysachovala-mimovladne-organizacie-stat-budu-kontrolovat-uz-iba-nasi-ludia\/#primaryimage","url":"https:\/\/www.smedemokrati.sk\/wp-content\/uploads\/2024\/07\/robert-fico-vlada.jpg","contentUrl":"https:\/\/www.smedemokrati.sk\/wp-content\/uploads\/2024\/07\/robert-fico-vlada.jpg","width":1280,"height":720},{"@type":"BreadcrumbList","@id":"https:\/\/www.smedemokrati.sk\/nezavisla-verejna-kontrola-eurofondov-konci-vlada-vysachovala-mimovladne-organizacie-stat-budu-kontrolovat-uz-iba-nasi-ludia\/#breadcrumb","itemListElement":[{"@type":"ListItem","position":1,"name":"Domovsk\u00e1 str\u00e1nka","item":"https:\/\/www.smedemokrati.sk\/"},{"@type":"ListItem","position":2,"name":"Nez\u00e1visl\u00e1 verejn\u00e1 kontrola eurofondov kon\u010d\u00ed: vl\u00e1da vy\u0161achovala mimovl\u00e1dne organiz\u00e1cie, \u0161t\u00e1t bud\u00fa kontrolova\u0165 u\u017e iba \u201ena\u0161i \u013eudia\u201c"}]},{"@type":"WebSite","@id":"https:\/\/www.smedemokrati.sk\/#website","url":"https:\/\/www.smedemokrati.sk\/","name":"Smedemokrati.sk","description":"Demokracia a slu\u0161nos\u0165 zv\u00ed\u0165az\u00ed","publisher":{"@id":"https:\/\/www.smedemokrati.sk\/#organization"},"potentialAction":[{"@type":"SearchAction","target":{"@type":"EntryPoint","urlTemplate":"https:\/\/www.smedemokrati.sk\/?s={search_term_string}"},"query-input":{"@type":"PropertyValueSpecification","valueRequired":true,"valueName":"search_term_string"}}],"inLanguage":"cs-CZ"},{"@type":"Organization","@id":"https:\/\/www.smedemokrati.sk\/#organization","name":"Smedemokrati.sk","url":"https:\/\/www.smedemokrati.sk\/","logo":{"@type":"ImageObject","inLanguage":"cs-CZ","@id":"https:\/\/www.smedemokrati.sk\/#\/schema\/logo\/image\/","url":"https:\/\/www.smedemokrati.sk\/wp-content\/uploads\/2023\/04\/ff.002.jpeg","contentUrl":"https:\/\/www.smedemokrati.sk\/wp-content\/uploads\/2023\/04\/ff.002.jpeg","width":640,"height":480,"caption":"Smedemokrati.sk"},"image":{"@id":"https:\/\/www.smedemokrati.sk\/#\/schema\/logo\/image\/"},"sameAs":["https:\/\/www.facebook.com\/smedemokrati2023"]},{"@type":"Person","@id":"https:\/\/www.smedemokrati.sk\/#\/schema\/person\/21f147c88d605aa7ded900e1e7c344ba","name":"miro.sopko","image":{"@type":"ImageObject","inLanguage":"cs-CZ","@id":"https:\/\/secure.gravatar.com\/avatar\/267e4a36f704376c109afe3a78740c1f5dd8675a2180a908699e7863c9247606?s=96&d=mm&r=g","url":"https:\/\/secure.gravatar.com\/avatar\/267e4a36f704376c109afe3a78740c1f5dd8675a2180a908699e7863c9247606?s=96&d=mm&r=g","contentUrl":"https:\/\/secure.gravatar.com\/avatar\/267e4a36f704376c109afe3a78740c1f5dd8675a2180a908699e7863c9247606?s=96&d=mm&r=g","caption":"miro.sopko"},"url":"https:\/\/www.smedemokrati.sk\/cs\/author\/miro-sopko\/"}]}},"_links":{"self":[{"href":"https:\/\/www.smedemokrati.sk\/cs\/wp-json\/wp\/v2\/posts\/4661","targetHints":{"allow":["GET"]}}],"collection":[{"href":"https:\/\/www.smedemokrati.sk\/cs\/wp-json\/wp\/v2\/posts"}],"about":[{"href":"https:\/\/www.smedemokrati.sk\/cs\/wp-json\/wp\/v2\/types\/post"}],"author":[{"embeddable":true,"href":"https:\/\/www.smedemokrati.sk\/cs\/wp-json\/wp\/v2\/users\/13"}],"replies":[{"embeddable":true,"href":"https:\/\/www.smedemokrati.sk\/cs\/wp-json\/wp\/v2\/comments?post=4661"}],"version-history":[{"count":1,"href":"https:\/\/www.smedemokrati.sk\/cs\/wp-json\/wp\/v2\/posts\/4661\/revisions"}],"predecessor-version":[{"id":4663,"href":"https:\/\/www.smedemokrati.sk\/cs\/wp-json\/wp\/v2\/posts\/4661\/revisions\/4663"}],"wp:featuredmedia":[{"embeddable":true,"href":"https:\/\/www.smedemokrati.sk\/cs\/wp-json\/wp\/v2\/media\/4662"}],"wp:attachment":[{"href":"https:\/\/www.smedemokrati.sk\/cs\/wp-json\/wp\/v2\/media?parent=4661"}],"wp:term":[{"taxonomy":"category","embeddable":true,"href":"https:\/\/www.smedemokrati.sk\/cs\/wp-json\/wp\/v2\/categories?post=4661"},{"taxonomy":"post_tag","embeddable":true,"href":"https:\/\/www.smedemokrati.sk\/cs\/wp-json\/wp\/v2\/tags?post=4661"}],"curies":[{"name":"wp","href":"https:\/\/api.w.org\/{rel}","templated":true}]}}