{"id":4658,"date":"2024-07-09T17:01:31","date_gmt":"2024-07-09T16:01:31","guid":{"rendered":"https:\/\/www.smedemokrati.sk\/?p=4658"},"modified":"2024-07-23T13:46:59","modified_gmt":"2024-07-23T12:46:59","slug":"pan-fico-stale-cakame-kedy-bude-rozok-stat-8-centov-tak-ako-ste-slubovali","status":"publish","type":"post","link":"https:\/\/www.smedemokrati.sk\/cs\/pan-fico-stale-cakame-kedy-bude-rozok-stat-8-centov-tak-ako-ste-slubovali\/","title":{"rendered":"P\u00e1n Fico, st\u00e1le \u010dak\u00e1me kedy bude ro\u017eok st\u00e1\u0165 8 centov tak, ako ste s\u013eubovali"},"content":{"rendered":"<div id=\"fb-root\"><\/div>\n\n<p><strong>Situ\u00e1cia na na\u0161ich poliach a n\u00e1sledne v obchodoch s potravinami je v\u00e1\u017ena, Fico nem\u00e1 pl\u00e1n a pre oneskoren\u00e9 vyplatenie priamych dot\u00e1ci\u00ed farm\u00e1rom s\u00fa potraviny drah\u0161ie a ich n\u00e1rast z\u010faleka nie je na svojom maxime. Premi\u00e9r Fico pritom pred n\u00e1stupom do \u00faradu s\u013euboval a\u017e 30% zlacnenie potrav\u00edn. Demokrati vyz\u00fdvaj\u00fa vl\u00e1du na predstavenie jasn\u00e9ho ak\u010dn\u00e9ho pl\u00e1nu, ako to chce dosiahnu\u0165.<\/strong><\/p>\n\n\n\n<p>Strana Demokrati reaguje na vyjadrenia Roberta Fica po\u010das ned\u00e1vnej \u017eatvy a ozna\u010duje ich za populistick\u00e9:\u00a0<em>\u201ePod\u013ea premi\u00e9ra mus\u00ed dobr\u00fd hospod\u00e1r vedie\u0165, ako bud\u00fa naplnen\u00e9 s\u00fdpky. V\u00fdnimo\u010dne s\u00fahlas\u00edm, no jedn\u00fdm dychom treba jasne poveda\u0165 \u010do ukazuj\u00fa s\u00fdpky za ka\u017edej Ficovej vl\u00e1dy. V\u017edy po Ficovej vl\u00e1de z\u00edvaj\u00fa pr\u00e1zdnotou. P\u00e1n Fico, s\u00fa to va\u0161i \u00faradn\u00edci, ktor\u00ed hovoria, \u017ee kumulat\u00edvny dlh tejto krajiny pod va\u0161\u00edm veden\u00edm neust\u00e1le narast\u00e1. V priebehu minul\u00e9ho volebn\u00e9ho obdobia a pripom\u00ednam, \u017ee to bolo po\u010das najv\u00e4\u010d\u0161\u00edch kr\u00edz, ktor\u00fdmi \u010delil cel\u00fd svet vr\u00e1tane Slovenska &#8211; po\u010das covidu alebo tie\u017e po\u010das najkru\u0161nej\u0161\u00edch chv\u00ed\u013e, a to na za\u010diatku vojny Ruska proti Ukrajine, sme zv\u00fd\u0161ili celkov\u00fa zadl\u017eenos\u0165 iba o 8% a vy ste sa h\u00e1dzali o zem, ako sme vraj hrozne zadl\u017eili \u0161t\u00e1t. Potom ste pri\u0161li vy a jedinej kr\u00edze, ktorej Slovensko \u010del\u00ed, je va\u0161a neschopnos\u0165, preto\u017ee progn\u00f3zy ukazuj\u00fa na postupn\u00fd n\u00e1rast dlhu za va\u0161ej vl\u00e1dy o \u010fal\u0161\u00edch 11,8%\u201d, o<\/em>tv\u00e1ra t\u00e9mu Jaroslav Na\u010f predseda Demokratov.<\/p>\n\n\n\n<p>\u010ealej reaguje na slov\u00e1 s\u00fa\u010dasn\u00e9ho premi\u00e9ra o tom, \u017ee skor\u00e1 \u017eatva je d\u00f4sledkom klimatickej zmeny:\u00a0<em>\u201eP\u00e1n Fico, v\u0161imli ste si, a ve\u013emi spr\u00e1vne, \u017ee \u017eatva je tento rok ve\u013emi skoro a dod\u00e1vate, \u017ee za to m\u00f4\u017ee klimatick\u00e1 zmena. P\u00fdtam sa, \u010do s t\u00fdm re\u00e1lne rob\u00ed v\u00e1\u0161 minister \u017eivotn\u00e9ho prostredia Taraba? R\u00fabe stromy hlava-nehlava, vyhadzuje top odborn\u00edkov a nah\u00e1\u0148a biznis sebe a svojim zn\u00e1mym\u201d,<\/em>\u00a0hodnot\u00ed Jaroslav Na\u010f.\u00a0<\/p>\n\n\n\n<p>Navy\u0161e dod\u00e1va, \u017ee najm\u00e4 oneskoren\u00e9 vyplatenie priamych platieb pre farm\u00e1rov kv\u00f4li neschopnosti ministra p\u00f4dohospod\u00e1rstva Tak\u00e1\u010da maj\u00fa za n\u00e1sledok zv\u00fd\u0161enie cien potrav\u00edn:\u00a0<em>\u201eFico sa hrd\u00ed, \u017ee je vyplaten\u00fdch 97% priamych platieb, no zabudol poveda\u0165, \u017ee mali by\u0165 vyplaten\u00e9 u\u017e v decembri \u010di janu\u00e1ri. Kv\u00f4li tomu, \u017ee ich farm\u00e1ri nedostali, museli si bra\u0165 p\u00f4\u017ei\u010dky preto\u017ee neboli schopn\u00ed spl\u00e1ca\u0165 fakt\u00fary, a to v\u0161etko sa u\u017e dnes premieta do z\u00e1sadne vy\u0161\u0161\u00edch cien potrav\u00edn. Kde je to 30% zn\u00ed\u017eenie cien potrav\u00edn p\u00e1n premi\u00e9r? Ak\u00fd je v\u00e1\u0161 pl\u00e1n na to, aby ste naplnili va\u0161e predvolebn\u00e9 s\u013euby?\u201d\u00a0<\/em><\/p>\n\n\n\n<p>Eduard Heger, podpredseda Demokratov z\u00e1rove\u0148 demon\u0161truje zdra\u017eovanie na vybran\u00fdch potravin\u00e1ch, ktor\u00fdch cena medzimesa\u010dne vzr\u00e1stla a\u017e o 17%:\u00a0<em>\u201eOd premi\u00e9ra po\u010d\u00favame, \u017ee infl\u00e1cia je pod kontrolou. \u00daradn\u00edci Roberta Fica v\u0161ak hovoria nie\u010do in\u00e9. Na\u0161e n\u00e1kupn\u00e9 ko\u0161\u00edky s\u00fa pr\u00e1zdnej\u0161ie, no cenovka je vy\u0161\u0161ia. Kde s\u00fa tie s\u013euby o lacnej\u0161\u00edch potravin\u00e1ch, je doh\u013eadate\u013en\u00e9, \u017ee Fico s\u013euboval ro\u017eky za 7 a\u017e 8 centov a lacnej\u0161ie potraviny a\u017e o 30%. Klamstvo za klamstvom. M\u00faka je len za mesiac o takmer 16% drah\u0161ia, mlieko o vy\u0161e 13% \u010di m\u00e4so o takmer 17%. P\u00e1n Fico oklamali ste a st\u00e1le klamete svojich voli\u010dov a cel\u00e9 Slovensko.&#8220;<\/em><\/p>\n\n\n\n<p><em>\u201eZa\u010d\u00edname \u017ei\u0165 v Potemkinovej dedine. Na jednej strane je tu komunik\u00e1cia jednotliv\u00fdch vl\u00e1dnych predstavite\u013eov a ministerstiev a na druhej strane je tu realita, ktor\u00fa \u017eijeme v\u0161etci Slov\u00e1ci. Bolo n\u00e1m s\u013e\u00faben\u00e9, \u017ee ceny potrav\u00edn bud\u00fa ni\u017e\u0161ie, opak je v\u0161ak pravdou. Za stranu Demokrati jasne vyz\u00fdvam, aby zodpovedn\u00ed bezodkladne zostavili ak\u010dn\u00fd pl\u00e1n, preto\u017ee najm\u00e4 mal\u00ed a stredn\u00ed farm\u00e1ri skon\u010dia na kolen\u00e1ch a be\u017en\u00fd ob\u010dan sa v obchode jednoducho nedoplat\u00ed\u201d,<\/em>\u00a0uzatv\u00e1ra t\u00e9mu podpredseda Juraj \u0160eliga.<\/p>\n\n\n\n<iframe src=\"https:\/\/www.facebook.com\/plugins\/video.php?href=https%3A%2F%2Fwww.facebook.com%2Fsmedemokrati2023%2Fvideos%2F883962673552552%2F&#038;width=600&#038;show_text=false&#038;appId=361313990972954&#038;height=338\" width=\"600\" height=\"338\" style=\"border:none;overflow:hidden\" scrolling=\"no\" frameborder=\"0\" allowfullscreen=\"true\" allow=\"autoplay; clipboard-write; encrypted-media; picture-in-picture; web-share\" allowFullScreen=\"true\"><\/iframe>\n","protected":false},"excerpt":{"rendered":"<p>Situ\u00e1cia na na\u0161ich poliach a n\u00e1sledne v obchodoch s potravinami je v\u00e1\u017ena, Fico nem\u00e1 pl\u00e1n a pre oneskoren\u00e9 vyplatenie priamych dot\u00e1ci\u00ed farm\u00e1rom s\u00fa potraviny drah\u0161ie a ich n\u00e1rast z\u010faleka nie je na svojom maxime. Premi\u00e9r Fico pritom pred n\u00e1stupom do \u00faradu s\u013euboval a\u017e 30% zlacnenie potrav\u00edn. Demokrati vyz\u00fdvaj\u00fa vl\u00e1du na predstavenie jasn\u00e9ho ak\u010dn\u00e9ho pl\u00e1nu, ako [&hellip;]<\/p>\n","protected":false},"author":13,"featured_media":4659,"comment_status":"closed","ping_status":"closed","sticky":false,"template":"","format":"standard","meta":{"_acf_changed":false,"ngg_post_thumbnail":0,"footnotes":""},"categories":[4],"tags":[],"class_list":["post-4658","post","type-post","status-publish","format-standard","has-post-thumbnail","hentry","category-tlacove-spravy"],"acf":[],"yoast_head":"<!-- This site is optimized with the Yoast SEO plugin v27.2 - https:\/\/yoast.com\/product\/yoast-seo-wordpress\/ -->\n<title>P\u00e1n Fico, st\u00e1le \u010dak\u00e1me kedy bude ro\u017eok st\u00e1\u0165 8 centov tak, ako ste s\u013eubovali<\/title>\n<meta name=\"robots\" content=\"index, follow, max-snippet:-1, max-image-preview:large, max-video-preview:-1\" \/>\n<link rel=\"canonical\" href=\"https:\/\/www.smedemokrati.sk\/cs\/pan-fico-stale-cakame-kedy-bude-rozok-stat-8-centov-tak-ako-ste-slubovali\/\" \/>\n<meta property=\"og:locale\" content=\"cs_CZ\" \/>\n<meta property=\"og:locale:alternate\" content=\"en_US\" \/>\n<meta property=\"og:locale:alternate\" content=\"hu_HU\" \/>\n<meta property=\"og:locale:alternate\" content=\"sk_SK\" \/>\n<meta property=\"og:locale:alternate\" content=\"sv_SE\" \/>\n<meta property=\"og:type\" content=\"article\" \/>\n<meta property=\"og:title\" content=\"P\u00e1n Fico, st\u00e1le \u010dak\u00e1me kedy bude ro\u017eok st\u00e1\u0165 8 centov tak, ako ste s\u013eubovali\" \/>\n<meta property=\"og:description\" content=\"Situ\u00e1cia na na\u0161ich poliach a n\u00e1sledne v obchodoch s potravinami je v\u00e1\u017ena, Fico nem\u00e1 pl\u00e1n a pre oneskoren\u00e9 vyplatenie priamych dot\u00e1ci\u00ed farm\u00e1rom s\u00fa potraviny drah\u0161ie a ich n\u00e1rast z\u010faleka nie je na svojom maxime. Premi\u00e9r Fico pritom pred n\u00e1stupom do \u00faradu s\u013euboval a\u017e 30% zlacnenie potrav\u00edn. Demokrati vyz\u00fdvaj\u00fa vl\u00e1du na predstavenie jasn\u00e9ho ak\u010dn\u00e9ho pl\u00e1nu, ako [&hellip;]\" \/>\n<meta property=\"og:url\" content=\"https:\/\/www.smedemokrati.sk\/cs\/pan-fico-stale-cakame-kedy-bude-rozok-stat-8-centov-tak-ako-ste-slubovali\/\" \/>\n<meta property=\"og:site_name\" content=\"Smedemokrati.sk\" \/>\n<meta property=\"article:publisher\" content=\"https:\/\/www.facebook.com\/smedemokrati2023\" \/>\n<meta property=\"article:published_time\" content=\"2024-07-09T16:01:31+00:00\" \/>\n<meta property=\"article:modified_time\" content=\"2024-07-23T12:46:59+00:00\" \/>\n<meta property=\"og:image\" content=\"https:\/\/www.smedemokrati.sk\/wp-content\/uploads\/2024\/07\/heger-fico.jpg\" \/>\n\t<meta property=\"og:image:width\" content=\"1870\" \/>\n\t<meta property=\"og:image:height\" content=\"965\" \/>\n\t<meta property=\"og:image:type\" content=\"image\/jpeg\" \/>\n<meta name=\"author\" content=\"miro.sopko\" \/>\n<meta name=\"twitter:card\" content=\"summary_large_image\" \/>\n<meta name=\"twitter:label1\" content=\"Napsal(a)\" \/>\n\t<meta name=\"twitter:data1\" content=\"miro.sopko\" \/>\n\t<meta name=\"twitter:label2\" content=\"Odhadovan\u00e1 doba \u010dten\u00ed\" \/>\n\t<meta name=\"twitter:data2\" content=\"3 minuty\" \/>\n<script type=\"application\/ld+json\" class=\"yoast-schema-graph\">{\"@context\":\"https:\/\/schema.org\",\"@graph\":[{\"@type\":\"Article\",\"@id\":\"https:\/\/www.smedemokrati.sk\/pan-fico-stale-cakame-kedy-bude-rozok-stat-8-centov-tak-ako-ste-slubovali\/#article\",\"isPartOf\":{\"@id\":\"https:\/\/www.smedemokrati.sk\/pan-fico-stale-cakame-kedy-bude-rozok-stat-8-centov-tak-ako-ste-slubovali\/\"},\"author\":{\"name\":\"miro.sopko\",\"@id\":\"https:\/\/www.smedemokrati.sk\/#\/schema\/person\/21f147c88d605aa7ded900e1e7c344ba\"},\"headline\":\"P\u00e1n Fico, st\u00e1le \u010dak\u00e1me kedy bude ro\u017eok st\u00e1\u0165 8 centov tak, ako ste s\u013eubovali\",\"datePublished\":\"2024-07-09T16:01:31+00:00\",\"dateModified\":\"2024-07-23T12:46:59+00:00\",\"mainEntityOfPage\":{\"@id\":\"https:\/\/www.smedemokrati.sk\/pan-fico-stale-cakame-kedy-bude-rozok-stat-8-centov-tak-ako-ste-slubovali\/\"},\"wordCount\":725,\"publisher\":{\"@id\":\"https:\/\/www.smedemokrati.sk\/#organization\"},\"image\":{\"@id\":\"https:\/\/www.smedemokrati.sk\/pan-fico-stale-cakame-kedy-bude-rozok-stat-8-centov-tak-ako-ste-slubovali\/#primaryimage\"},\"thumbnailUrl\":\"https:\/\/www.smedemokrati.sk\/wp-content\/uploads\/2024\/07\/heger-fico.jpg\",\"articleSection\":[\"Tla\u010dov\u00e9 spr\u00e1vy\"],\"inLanguage\":\"cs-CZ\"},{\"@type\":\"WebPage\",\"@id\":\"https:\/\/www.smedemokrati.sk\/pan-fico-stale-cakame-kedy-bude-rozok-stat-8-centov-tak-ako-ste-slubovali\/\",\"url\":\"https:\/\/www.smedemokrati.sk\/pan-fico-stale-cakame-kedy-bude-rozok-stat-8-centov-tak-ako-ste-slubovali\/\",\"name\":\"P\u00e1n Fico, st\u00e1le \u010dak\u00e1me kedy bude ro\u017eok st\u00e1\u0165 8 centov tak, ako ste s\u013eubovali\",\"isPartOf\":{\"@id\":\"https:\/\/www.smedemokrati.sk\/#website\"},\"primaryImageOfPage\":{\"@id\":\"https:\/\/www.smedemokrati.sk\/pan-fico-stale-cakame-kedy-bude-rozok-stat-8-centov-tak-ako-ste-slubovali\/#primaryimage\"},\"image\":{\"@id\":\"https:\/\/www.smedemokrati.sk\/pan-fico-stale-cakame-kedy-bude-rozok-stat-8-centov-tak-ako-ste-slubovali\/#primaryimage\"},\"thumbnailUrl\":\"https:\/\/www.smedemokrati.sk\/wp-content\/uploads\/2024\/07\/heger-fico.jpg\",\"datePublished\":\"2024-07-09T16:01:31+00:00\",\"dateModified\":\"2024-07-23T12:46:59+00:00\",\"breadcrumb\":{\"@id\":\"https:\/\/www.smedemokrati.sk\/pan-fico-stale-cakame-kedy-bude-rozok-stat-8-centov-tak-ako-ste-slubovali\/#breadcrumb\"},\"inLanguage\":\"cs-CZ\",\"potentialAction\":[{\"@type\":\"ReadAction\",\"target\":[\"https:\/\/www.smedemokrati.sk\/pan-fico-stale-cakame-kedy-bude-rozok-stat-8-centov-tak-ako-ste-slubovali\/\"]}]},{\"@type\":\"ImageObject\",\"inLanguage\":\"cs-CZ\",\"@id\":\"https:\/\/www.smedemokrati.sk\/pan-fico-stale-cakame-kedy-bude-rozok-stat-8-centov-tak-ako-ste-slubovali\/#primaryimage\",\"url\":\"https:\/\/www.smedemokrati.sk\/wp-content\/uploads\/2024\/07\/heger-fico.jpg\",\"contentUrl\":\"https:\/\/www.smedemokrati.sk\/wp-content\/uploads\/2024\/07\/heger-fico.jpg\",\"width\":1870,\"height\":965},{\"@type\":\"BreadcrumbList\",\"@id\":\"https:\/\/www.smedemokrati.sk\/pan-fico-stale-cakame-kedy-bude-rozok-stat-8-centov-tak-ako-ste-slubovali\/#breadcrumb\",\"itemListElement\":[{\"@type\":\"ListItem\",\"position\":1,\"name\":\"Domovsk\u00e1 str\u00e1nka\",\"item\":\"https:\/\/www.smedemokrati.sk\/\"},{\"@type\":\"ListItem\",\"position\":2,\"name\":\"P\u00e1n Fico, st\u00e1le \u010dak\u00e1me kedy bude ro\u017eok st\u00e1\u0165 8 centov tak, ako ste s\u013eubovali\"}]},{\"@type\":\"WebSite\",\"@id\":\"https:\/\/www.smedemokrati.sk\/#website\",\"url\":\"https:\/\/www.smedemokrati.sk\/\",\"name\":\"Smedemokrati.sk\",\"description\":\"Demokracia a slu\u0161nos\u0165 zv\u00ed\u0165az\u00ed\",\"publisher\":{\"@id\":\"https:\/\/www.smedemokrati.sk\/#organization\"},\"potentialAction\":[{\"@type\":\"SearchAction\",\"target\":{\"@type\":\"EntryPoint\",\"urlTemplate\":\"https:\/\/www.smedemokrati.sk\/?s={search_term_string}\"},\"query-input\":{\"@type\":\"PropertyValueSpecification\",\"valueRequired\":true,\"valueName\":\"search_term_string\"}}],\"inLanguage\":\"cs-CZ\"},{\"@type\":\"Organization\",\"@id\":\"https:\/\/www.smedemokrati.sk\/#organization\",\"name\":\"Smedemokrati.sk\",\"url\":\"https:\/\/www.smedemokrati.sk\/\",\"logo\":{\"@type\":\"ImageObject\",\"inLanguage\":\"cs-CZ\",\"@id\":\"https:\/\/www.smedemokrati.sk\/#\/schema\/logo\/image\/\",\"url\":\"https:\/\/www.smedemokrati.sk\/wp-content\/uploads\/2023\/04\/ff.002.jpeg\",\"contentUrl\":\"https:\/\/www.smedemokrati.sk\/wp-content\/uploads\/2023\/04\/ff.002.jpeg\",\"width\":640,\"height\":480,\"caption\":\"Smedemokrati.sk\"},\"image\":{\"@id\":\"https:\/\/www.smedemokrati.sk\/#\/schema\/logo\/image\/\"},\"sameAs\":[\"https:\/\/www.facebook.com\/smedemokrati2023\"]},{\"@type\":\"Person\",\"@id\":\"https:\/\/www.smedemokrati.sk\/#\/schema\/person\/21f147c88d605aa7ded900e1e7c344ba\",\"name\":\"miro.sopko\",\"image\":{\"@type\":\"ImageObject\",\"inLanguage\":\"cs-CZ\",\"@id\":\"https:\/\/secure.gravatar.com\/avatar\/267e4a36f704376c109afe3a78740c1f5dd8675a2180a908699e7863c9247606?s=96&d=mm&r=g\",\"url\":\"https:\/\/secure.gravatar.com\/avatar\/267e4a36f704376c109afe3a78740c1f5dd8675a2180a908699e7863c9247606?s=96&d=mm&r=g\",\"contentUrl\":\"https:\/\/secure.gravatar.com\/avatar\/267e4a36f704376c109afe3a78740c1f5dd8675a2180a908699e7863c9247606?s=96&d=mm&r=g\",\"caption\":\"miro.sopko\"},\"url\":\"https:\/\/www.smedemokrati.sk\/cs\/author\/miro-sopko\/\"}]}<\/script>\n<!-- \/ Yoast SEO plugin. -->","yoast_head_json":{"title":"P\u00e1n Fico, st\u00e1le \u010dak\u00e1me kedy bude ro\u017eok st\u00e1\u0165 8 centov tak, ako ste s\u013eubovali","robots":{"index":"index","follow":"follow","max-snippet":"max-snippet:-1","max-image-preview":"max-image-preview:large","max-video-preview":"max-video-preview:-1"},"canonical":"https:\/\/www.smedemokrati.sk\/cs\/pan-fico-stale-cakame-kedy-bude-rozok-stat-8-centov-tak-ako-ste-slubovali\/","og_locale":"cs_CZ","og_type":"article","og_title":"[:sk]P\u00e1n Fico, st\u00e1le \u010dak\u00e1me kedy bude ro\u017eok st\u00e1\u0165 8 centov tak, ako ste s\u013eubovali[:] - Smedemokrati.sk","og_description":"Situ\u00e1cia na na\u0161ich poliach a n\u00e1sledne v obchodoch s potravinami je v\u00e1\u017ena, Fico nem\u00e1 pl\u00e1n a pre oneskoren\u00e9 vyplatenie priamych dot\u00e1ci\u00ed farm\u00e1rom s\u00fa potraviny drah\u0161ie a ich n\u00e1rast z\u010faleka nie je na svojom maxime. Premi\u00e9r Fico pritom pred n\u00e1stupom do \u00faradu s\u013euboval a\u017e 30% zlacnenie potrav\u00edn. Demokrati vyz\u00fdvaj\u00fa vl\u00e1du na predstavenie jasn\u00e9ho ak\u010dn\u00e9ho pl\u00e1nu, ako [&hellip;]","og_url":"https:\/\/www.smedemokrati.sk\/cs\/pan-fico-stale-cakame-kedy-bude-rozok-stat-8-centov-tak-ako-ste-slubovali\/","og_site_name":"Smedemokrati.sk","article_publisher":"https:\/\/www.facebook.com\/smedemokrati2023","article_published_time":"2024-07-09T16:01:31+00:00","article_modified_time":"2024-07-23T12:46:59+00:00","og_image":[{"width":1870,"height":965,"url":"https:\/\/www.smedemokrati.sk\/wp-content\/uploads\/2024\/07\/heger-fico.jpg","type":"image\/jpeg"}],"author":"miro.sopko","twitter_card":"summary_large_image","twitter_misc":{"Napsal(a)":"miro.sopko","Odhadovan\u00e1 doba \u010dten\u00ed":"3 minuty"},"schema":{"@context":"https:\/\/schema.org","@graph":[{"@type":"Article","@id":"https:\/\/www.smedemokrati.sk\/pan-fico-stale-cakame-kedy-bude-rozok-stat-8-centov-tak-ako-ste-slubovali\/#article","isPartOf":{"@id":"https:\/\/www.smedemokrati.sk\/pan-fico-stale-cakame-kedy-bude-rozok-stat-8-centov-tak-ako-ste-slubovali\/"},"author":{"name":"miro.sopko","@id":"https:\/\/www.smedemokrati.sk\/#\/schema\/person\/21f147c88d605aa7ded900e1e7c344ba"},"headline":"P\u00e1n Fico, st\u00e1le \u010dak\u00e1me kedy bude ro\u017eok st\u00e1\u0165 8 centov tak, ako ste s\u013eubovali","datePublished":"2024-07-09T16:01:31+00:00","dateModified":"2024-07-23T12:46:59+00:00","mainEntityOfPage":{"@id":"https:\/\/www.smedemokrati.sk\/pan-fico-stale-cakame-kedy-bude-rozok-stat-8-centov-tak-ako-ste-slubovali\/"},"wordCount":725,"publisher":{"@id":"https:\/\/www.smedemokrati.sk\/#organization"},"image":{"@id":"https:\/\/www.smedemokrati.sk\/pan-fico-stale-cakame-kedy-bude-rozok-stat-8-centov-tak-ako-ste-slubovali\/#primaryimage"},"thumbnailUrl":"https:\/\/www.smedemokrati.sk\/wp-content\/uploads\/2024\/07\/heger-fico.jpg","articleSection":["Tla\u010dov\u00e9 spr\u00e1vy"],"inLanguage":"cs-CZ"},{"@type":"WebPage","@id":"https:\/\/www.smedemokrati.sk\/pan-fico-stale-cakame-kedy-bude-rozok-stat-8-centov-tak-ako-ste-slubovali\/","url":"https:\/\/www.smedemokrati.sk\/pan-fico-stale-cakame-kedy-bude-rozok-stat-8-centov-tak-ako-ste-slubovali\/","name":"P\u00e1n Fico, st\u00e1le \u010dak\u00e1me kedy bude ro\u017eok st\u00e1\u0165 8 centov tak, ako ste s\u013eubovali","isPartOf":{"@id":"https:\/\/www.smedemokrati.sk\/#website"},"primaryImageOfPage":{"@id":"https:\/\/www.smedemokrati.sk\/pan-fico-stale-cakame-kedy-bude-rozok-stat-8-centov-tak-ako-ste-slubovali\/#primaryimage"},"image":{"@id":"https:\/\/www.smedemokrati.sk\/pan-fico-stale-cakame-kedy-bude-rozok-stat-8-centov-tak-ako-ste-slubovali\/#primaryimage"},"thumbnailUrl":"https:\/\/www.smedemokrati.sk\/wp-content\/uploads\/2024\/07\/heger-fico.jpg","datePublished":"2024-07-09T16:01:31+00:00","dateModified":"2024-07-23T12:46:59+00:00","breadcrumb":{"@id":"https:\/\/www.smedemokrati.sk\/pan-fico-stale-cakame-kedy-bude-rozok-stat-8-centov-tak-ako-ste-slubovali\/#breadcrumb"},"inLanguage":"cs-CZ","potentialAction":[{"@type":"ReadAction","target":["https:\/\/www.smedemokrati.sk\/pan-fico-stale-cakame-kedy-bude-rozok-stat-8-centov-tak-ako-ste-slubovali\/"]}]},{"@type":"ImageObject","inLanguage":"cs-CZ","@id":"https:\/\/www.smedemokrati.sk\/pan-fico-stale-cakame-kedy-bude-rozok-stat-8-centov-tak-ako-ste-slubovali\/#primaryimage","url":"https:\/\/www.smedemokrati.sk\/wp-content\/uploads\/2024\/07\/heger-fico.jpg","contentUrl":"https:\/\/www.smedemokrati.sk\/wp-content\/uploads\/2024\/07\/heger-fico.jpg","width":1870,"height":965},{"@type":"BreadcrumbList","@id":"https:\/\/www.smedemokrati.sk\/pan-fico-stale-cakame-kedy-bude-rozok-stat-8-centov-tak-ako-ste-slubovali\/#breadcrumb","itemListElement":[{"@type":"ListItem","position":1,"name":"Domovsk\u00e1 str\u00e1nka","item":"https:\/\/www.smedemokrati.sk\/"},{"@type":"ListItem","position":2,"name":"P\u00e1n Fico, st\u00e1le \u010dak\u00e1me kedy bude ro\u017eok st\u00e1\u0165 8 centov tak, ako ste s\u013eubovali"}]},{"@type":"WebSite","@id":"https:\/\/www.smedemokrati.sk\/#website","url":"https:\/\/www.smedemokrati.sk\/","name":"Smedemokrati.sk","description":"Demokracia a slu\u0161nos\u0165 zv\u00ed\u0165az\u00ed","publisher":{"@id":"https:\/\/www.smedemokrati.sk\/#organization"},"potentialAction":[{"@type":"SearchAction","target":{"@type":"EntryPoint","urlTemplate":"https:\/\/www.smedemokrati.sk\/?s={search_term_string}"},"query-input":{"@type":"PropertyValueSpecification","valueRequired":true,"valueName":"search_term_string"}}],"inLanguage":"cs-CZ"},{"@type":"Organization","@id":"https:\/\/www.smedemokrati.sk\/#organization","name":"Smedemokrati.sk","url":"https:\/\/www.smedemokrati.sk\/","logo":{"@type":"ImageObject","inLanguage":"cs-CZ","@id":"https:\/\/www.smedemokrati.sk\/#\/schema\/logo\/image\/","url":"https:\/\/www.smedemokrati.sk\/wp-content\/uploads\/2023\/04\/ff.002.jpeg","contentUrl":"https:\/\/www.smedemokrati.sk\/wp-content\/uploads\/2023\/04\/ff.002.jpeg","width":640,"height":480,"caption":"Smedemokrati.sk"},"image":{"@id":"https:\/\/www.smedemokrati.sk\/#\/schema\/logo\/image\/"},"sameAs":["https:\/\/www.facebook.com\/smedemokrati2023"]},{"@type":"Person","@id":"https:\/\/www.smedemokrati.sk\/#\/schema\/person\/21f147c88d605aa7ded900e1e7c344ba","name":"miro.sopko","image":{"@type":"ImageObject","inLanguage":"cs-CZ","@id":"https:\/\/secure.gravatar.com\/avatar\/267e4a36f704376c109afe3a78740c1f5dd8675a2180a908699e7863c9247606?s=96&d=mm&r=g","url":"https:\/\/secure.gravatar.com\/avatar\/267e4a36f704376c109afe3a78740c1f5dd8675a2180a908699e7863c9247606?s=96&d=mm&r=g","contentUrl":"https:\/\/secure.gravatar.com\/avatar\/267e4a36f704376c109afe3a78740c1f5dd8675a2180a908699e7863c9247606?s=96&d=mm&r=g","caption":"miro.sopko"},"url":"https:\/\/www.smedemokrati.sk\/cs\/author\/miro-sopko\/"}]}},"_links":{"self":[{"href":"https:\/\/www.smedemokrati.sk\/cs\/wp-json\/wp\/v2\/posts\/4658","targetHints":{"allow":["GET"]}}],"collection":[{"href":"https:\/\/www.smedemokrati.sk\/cs\/wp-json\/wp\/v2\/posts"}],"about":[{"href":"https:\/\/www.smedemokrati.sk\/cs\/wp-json\/wp\/v2\/types\/post"}],"author":[{"embeddable":true,"href":"https:\/\/www.smedemokrati.sk\/cs\/wp-json\/wp\/v2\/users\/13"}],"replies":[{"embeddable":true,"href":"https:\/\/www.smedemokrati.sk\/cs\/wp-json\/wp\/v2\/comments?post=4658"}],"version-history":[{"count":1,"href":"https:\/\/www.smedemokrati.sk\/cs\/wp-json\/wp\/v2\/posts\/4658\/revisions"}],"predecessor-version":[{"id":4660,"href":"https:\/\/www.smedemokrati.sk\/cs\/wp-json\/wp\/v2\/posts\/4658\/revisions\/4660"}],"wp:featuredmedia":[{"embeddable":true,"href":"https:\/\/www.smedemokrati.sk\/cs\/wp-json\/wp\/v2\/media\/4659"}],"wp:attachment":[{"href":"https:\/\/www.smedemokrati.sk\/cs\/wp-json\/wp\/v2\/media?parent=4658"}],"wp:term":[{"taxonomy":"category","embeddable":true,"href":"https:\/\/www.smedemokrati.sk\/cs\/wp-json\/wp\/v2\/categories?post=4658"},{"taxonomy":"post_tag","embeddable":true,"href":"https:\/\/www.smedemokrati.sk\/cs\/wp-json\/wp\/v2\/tags?post=4658"}],"curies":[{"name":"wp","href":"https:\/\/api.w.org\/{rel}","templated":true}]}}