{"id":4590,"date":"2024-06-28T16:24:51","date_gmt":"2024-06-28T15:24:51","guid":{"rendered":"https:\/\/www.smedemokrati.sk\/?p=4590"},"modified":"2024-07-09T17:03:18","modified_gmt":"2024-07-09T16:03:18","slug":"styri-klucove-institucie-pre-slovensko-budu-v-dobrych-rukach","status":"publish","type":"post","link":"https:\/\/www.smedemokrati.sk\/cs\/styri-klucove-institucie-pre-slovensko-budu-v-dobrych-rukach\/","title":{"rendered":"\u0160tyri k\u013e\u00fa\u010dov\u00e9 in\u0161tit\u00facie pre Slovensko bud\u00fa v dobr\u00fdch ruk\u00e1ch."},"content":{"rendered":"<div id=\"fb-root\"><\/div>\n\n<p>Blaho\u017eel\u00e1me Ursule von der Leyen, ktor\u00e1 z\u00edskala v porad\u00ed druh\u00fd mand\u00e1t, aby viedla Eur\u00f3psku komisiu. <a><\/a>Na post \u0161\u00e9fky eur\u00f3pskej diplomacie, dostala podporu est\u00f3nska premi\u00e9rka Kaja Kallasova a b\u00fdval\u00fd portugalsk\u00fd premi\u00e9r Antonio Costa povedie Eur\u00f3psku radu. Na \u010delo Severoatlantickej aliancie bol ods\u00fahlasen\u00fd Mark Rutte.<\/p>\n\n\n\n<p>Ve\u013emi sa te\u0161\u00edme na \u010fal\u0161iu intenz\u00edvnu spolupr\u00e1cu, obzvl\u00e1\u0161\u0165 preto, \u017ee so v\u0161etk\u00fdmi predstavite\u013emi m\u00e1me ako strana Demokrati osobn\u00e9 priate\u013esk\u00e9 vz\u0165ahy. Te\u0161\u00ed n\u00e1s tento bl\u00edzky kontakt a to, \u017ee budeme m\u00f4c\u0165 napriamo rokova\u0165 s najvy\u0161\u0161\u00edmi z\u00e1stupcami t\u00fdchto d\u00f4le\u017eit\u00fdch \u0161trukt\u00far o rie\u0161eniach, ktor\u00e9 pom\u00f4\u017eu Slovensku.<\/p>\n\n\n\n<p>M\u00f4\u017eete sa spo\u013eahn\u00fa\u0165, \u017ee budeme tieto kontakty vyu\u017e\u00edva\u0165 v najvy\u0161\u0161ej mo\u017enej miere, preto\u017ee sme strana, ktor\u00e1 je s\u00fa\u010das\u0165ou najsilnej\u0161ej eur\u00f3pskej frakcie EPP. A je prirodzen\u00e9, \u017ee sa nielen t\u00edto predstavitelia bud\u00fa obraca\u0165 s rozhovormi v prvom rade na t\u00fdch, ktor\u00fdm d\u00f4veruj\u00fa, maj\u00fa s nimi spolo\u010dn\u00e9 hodnoty a patria do spolo\u010dnej eur\u00f3pskej rodiny. A to nie je ani SMER, ani Hlas a ani \u010fal\u0161ie dve strany zo Slovenska.<\/p>\n\n\n\n<figure class=\"wp-block-image size-large\"><img decoding=\"async\" width=\"1024\" height=\"1024\" src=\"https:\/\/www.smedemokrati.sk\/wp-content\/uploads\/2024\/06\/MixCollage-28-Jun-2024-05-23-PM-5667-1024x1024.jpg\" alt=\"\" class=\"wp-image-4591\" srcset=\"https:\/\/www.smedemokrati.sk\/wp-content\/uploads\/2024\/06\/MixCollage-28-Jun-2024-05-23-PM-5667-1024x1024.jpg 1024w, https:\/\/www.smedemokrati.sk\/wp-content\/uploads\/2024\/06\/MixCollage-28-Jun-2024-05-23-PM-5667-300x300.jpg 300w, https:\/\/www.smedemokrati.sk\/wp-content\/uploads\/2024\/06\/MixCollage-28-Jun-2024-05-23-PM-5667-150x150.jpg 150w, https:\/\/www.smedemokrati.sk\/wp-content\/uploads\/2024\/06\/MixCollage-28-Jun-2024-05-23-PM-5667-768x768.jpg 768w, https:\/\/www.smedemokrati.sk\/wp-content\/uploads\/2024\/06\/MixCollage-28-Jun-2024-05-23-PM-5667-1536x1536.jpg 1536w, https:\/\/www.smedemokrati.sk\/wp-content\/uploads\/2024\/06\/MixCollage-28-Jun-2024-05-23-PM-5667-2048x2048.jpg 2048w\" sizes=\"(max-width: 1024px) 100vw, 1024px\" \/><\/figure>\n","protected":false},"excerpt":{"rendered":"<p>Blaho\u017eel\u00e1me Ursule von der Leyen, ktor\u00e1 z\u00edskala v porad\u00ed druh\u00fd mand\u00e1t, aby viedla Eur\u00f3psku komisiu. Na post \u0161\u00e9fky eur\u00f3pskej diplomacie, dostala podporu est\u00f3nska premi\u00e9rka Kaja Kallasova a b\u00fdval\u00fd portugalsk\u00fd premi\u00e9r Antonio Costa povedie Eur\u00f3psku radu. Na \u010delo Severoatlantickej aliancie bol ods\u00fahlasen\u00fd Mark Rutte. Ve\u013emi sa te\u0161\u00edme na \u010fal\u0161iu intenz\u00edvnu spolupr\u00e1cu, obzvl\u00e1\u0161\u0165 preto, \u017ee so v\u0161etk\u00fdmi [&hellip;]<\/p>\n","protected":false},"author":13,"featured_media":4592,"comment_status":"closed","ping_status":"closed","sticky":false,"template":"","format":"standard","meta":{"_acf_changed":false,"ngg_post_thumbnail":0,"footnotes":""},"categories":[11],"tags":[],"class_list":["post-4590","post","type-post","status-publish","format-standard","has-post-thumbnail","hentry","category-vyhlasenia"],"acf":[],"yoast_head":"<!-- This site is optimized with the Yoast SEO plugin v27.2 - https:\/\/yoast.com\/product\/yoast-seo-wordpress\/ -->\n<title>\u0160tyri k\u013e\u00fa\u010dov\u00e9 in\u0161tit\u00facie pre Slovensko bud\u00fa v dobr\u00fdch ruk\u00e1ch.<\/title>\n<meta name=\"robots\" content=\"index, follow, max-snippet:-1, max-image-preview:large, max-video-preview:-1\" \/>\n<link rel=\"canonical\" href=\"https:\/\/www.smedemokrati.sk\/cs\/styri-klucove-institucie-pre-slovensko-budu-v-dobrych-rukach\/\" \/>\n<meta property=\"og:locale\" content=\"cs_CZ\" \/>\n<meta property=\"og:locale:alternate\" content=\"en_US\" \/>\n<meta property=\"og:locale:alternate\" content=\"hu_HU\" \/>\n<meta property=\"og:locale:alternate\" content=\"sk_SK\" \/>\n<meta property=\"og:locale:alternate\" content=\"sv_SE\" \/>\n<meta property=\"og:type\" content=\"article\" \/>\n<meta property=\"og:title\" content=\"\u0160tyri k\u013e\u00fa\u010dov\u00e9 in\u0161tit\u00facie pre Slovensko bud\u00fa v dobr\u00fdch ruk\u00e1ch.\" \/>\n<meta property=\"og:description\" content=\"Blaho\u017eel\u00e1me Ursule von der Leyen, ktor\u00e1 z\u00edskala v porad\u00ed druh\u00fd mand\u00e1t, aby viedla Eur\u00f3psku komisiu. Na post \u0161\u00e9fky eur\u00f3pskej diplomacie, dostala podporu est\u00f3nska premi\u00e9rka Kaja Kallasova a b\u00fdval\u00fd portugalsk\u00fd premi\u00e9r Antonio Costa povedie Eur\u00f3psku radu. Na \u010delo Severoatlantickej aliancie bol ods\u00fahlasen\u00fd Mark Rutte. Ve\u013emi sa te\u0161\u00edme na \u010fal\u0161iu intenz\u00edvnu spolupr\u00e1cu, obzvl\u00e1\u0161\u0165 preto, \u017ee so v\u0161etk\u00fdmi [&hellip;]\" \/>\n<meta property=\"og:url\" content=\"https:\/\/www.smedemokrati.sk\/cs\/styri-klucove-institucie-pre-slovensko-budu-v-dobrych-rukach\/\" \/>\n<meta property=\"og:site_name\" content=\"Smedemokrati.sk\" \/>\n<meta property=\"article:publisher\" content=\"https:\/\/www.facebook.com\/smedemokrati2023\" \/>\n<meta property=\"article:published_time\" content=\"2024-06-28T15:24:51+00:00\" \/>\n<meta property=\"article:modified_time\" content=\"2024-07-09T16:03:18+00:00\" \/>\n<meta property=\"og:image\" content=\"https:\/\/www.smedemokrati.sk\/wp-content\/uploads\/2024\/06\/449452528_1046106643548830_7237261538817763311_n.jpg\" \/>\n\t<meta property=\"og:image:width\" content=\"1000\" \/>\n\t<meta property=\"og:image:height\" content=\"666\" \/>\n\t<meta property=\"og:image:type\" content=\"image\/jpeg\" \/>\n<meta name=\"author\" content=\"miro.sopko\" \/>\n<meta name=\"twitter:card\" content=\"summary_large_image\" \/>\n<meta name=\"twitter:label1\" content=\"Napsal(a)\" \/>\n\t<meta name=\"twitter:data1\" content=\"miro.sopko\" \/>\n\t<meta name=\"twitter:label2\" content=\"Odhadovan\u00e1 doba \u010dten\u00ed\" \/>\n\t<meta name=\"twitter:data2\" content=\"2 minuty\" \/>\n<script type=\"application\/ld+json\" class=\"yoast-schema-graph\">{\"@context\":\"https:\/\/schema.org\",\"@graph\":[{\"@type\":\"Article\",\"@id\":\"https:\/\/www.smedemokrati.sk\/styri-klucove-institucie-pre-slovensko-budu-v-dobrych-rukach\/#article\",\"isPartOf\":{\"@id\":\"https:\/\/www.smedemokrati.sk\/styri-klucove-institucie-pre-slovensko-budu-v-dobrych-rukach\/\"},\"author\":{\"name\":\"miro.sopko\",\"@id\":\"https:\/\/www.smedemokrati.sk\/#\/schema\/person\/21f147c88d605aa7ded900e1e7c344ba\"},\"headline\":\"\u0160tyri k\u013e\u00fa\u010dov\u00e9 in\u0161tit\u00facie pre Slovensko bud\u00fa v dobr\u00fdch ruk\u00e1ch.\",\"datePublished\":\"2024-06-28T15:24:51+00:00\",\"dateModified\":\"2024-07-09T16:03:18+00:00\",\"mainEntityOfPage\":{\"@id\":\"https:\/\/www.smedemokrati.sk\/styri-klucove-institucie-pre-slovensko-budu-v-dobrych-rukach\/\"},\"wordCount\":222,\"publisher\":{\"@id\":\"https:\/\/www.smedemokrati.sk\/#organization\"},\"image\":{\"@id\":\"https:\/\/www.smedemokrati.sk\/styri-klucove-institucie-pre-slovensko-budu-v-dobrych-rukach\/#primaryimage\"},\"thumbnailUrl\":\"https:\/\/www.smedemokrati.sk\/wp-content\/uploads\/2024\/06\/449452528_1046106643548830_7237261538817763311_n.jpg\",\"articleSection\":[\"Vyhl\u00e1senia\"],\"inLanguage\":\"cs-CZ\"},{\"@type\":\"WebPage\",\"@id\":\"https:\/\/www.smedemokrati.sk\/styri-klucove-institucie-pre-slovensko-budu-v-dobrych-rukach\/\",\"url\":\"https:\/\/www.smedemokrati.sk\/styri-klucove-institucie-pre-slovensko-budu-v-dobrych-rukach\/\",\"name\":\"\u0160tyri k\u013e\u00fa\u010dov\u00e9 in\u0161tit\u00facie pre Slovensko bud\u00fa v dobr\u00fdch ruk\u00e1ch.\",\"isPartOf\":{\"@id\":\"https:\/\/www.smedemokrati.sk\/#website\"},\"primaryImageOfPage\":{\"@id\":\"https:\/\/www.smedemokrati.sk\/styri-klucove-institucie-pre-slovensko-budu-v-dobrych-rukach\/#primaryimage\"},\"image\":{\"@id\":\"https:\/\/www.smedemokrati.sk\/styri-klucove-institucie-pre-slovensko-budu-v-dobrych-rukach\/#primaryimage\"},\"thumbnailUrl\":\"https:\/\/www.smedemokrati.sk\/wp-content\/uploads\/2024\/06\/449452528_1046106643548830_7237261538817763311_n.jpg\",\"datePublished\":\"2024-06-28T15:24:51+00:00\",\"dateModified\":\"2024-07-09T16:03:18+00:00\",\"breadcrumb\":{\"@id\":\"https:\/\/www.smedemokrati.sk\/styri-klucove-institucie-pre-slovensko-budu-v-dobrych-rukach\/#breadcrumb\"},\"inLanguage\":\"cs-CZ\",\"potentialAction\":[{\"@type\":\"ReadAction\",\"target\":[\"https:\/\/www.smedemokrati.sk\/styri-klucove-institucie-pre-slovensko-budu-v-dobrych-rukach\/\"]}]},{\"@type\":\"ImageObject\",\"inLanguage\":\"cs-CZ\",\"@id\":\"https:\/\/www.smedemokrati.sk\/styri-klucove-institucie-pre-slovensko-budu-v-dobrych-rukach\/#primaryimage\",\"url\":\"https:\/\/www.smedemokrati.sk\/wp-content\/uploads\/2024\/06\/449452528_1046106643548830_7237261538817763311_n.jpg\",\"contentUrl\":\"https:\/\/www.smedemokrati.sk\/wp-content\/uploads\/2024\/06\/449452528_1046106643548830_7237261538817763311_n.jpg\",\"width\":1000,\"height\":666},{\"@type\":\"BreadcrumbList\",\"@id\":\"https:\/\/www.smedemokrati.sk\/styri-klucove-institucie-pre-slovensko-budu-v-dobrych-rukach\/#breadcrumb\",\"itemListElement\":[{\"@type\":\"ListItem\",\"position\":1,\"name\":\"Domovsk\u00e1 str\u00e1nka\",\"item\":\"https:\/\/www.smedemokrati.sk\/\"},{\"@type\":\"ListItem\",\"position\":2,\"name\":\"\u0160tyri k\u013e\u00fa\u010dov\u00e9 in\u0161tit\u00facie pre Slovensko bud\u00fa v dobr\u00fdch ruk\u00e1ch.\"}]},{\"@type\":\"WebSite\",\"@id\":\"https:\/\/www.smedemokrati.sk\/#website\",\"url\":\"https:\/\/www.smedemokrati.sk\/\",\"name\":\"Smedemokrati.sk\",\"description\":\"Demokracia a slu\u0161nos\u0165 zv\u00ed\u0165az\u00ed\",\"publisher\":{\"@id\":\"https:\/\/www.smedemokrati.sk\/#organization\"},\"potentialAction\":[{\"@type\":\"SearchAction\",\"target\":{\"@type\":\"EntryPoint\",\"urlTemplate\":\"https:\/\/www.smedemokrati.sk\/?s={search_term_string}\"},\"query-input\":{\"@type\":\"PropertyValueSpecification\",\"valueRequired\":true,\"valueName\":\"search_term_string\"}}],\"inLanguage\":\"cs-CZ\"},{\"@type\":\"Organization\",\"@id\":\"https:\/\/www.smedemokrati.sk\/#organization\",\"name\":\"Smedemokrati.sk\",\"url\":\"https:\/\/www.smedemokrati.sk\/\",\"logo\":{\"@type\":\"ImageObject\",\"inLanguage\":\"cs-CZ\",\"@id\":\"https:\/\/www.smedemokrati.sk\/#\/schema\/logo\/image\/\",\"url\":\"https:\/\/www.smedemokrati.sk\/wp-content\/uploads\/2023\/04\/ff.002.jpeg\",\"contentUrl\":\"https:\/\/www.smedemokrati.sk\/wp-content\/uploads\/2023\/04\/ff.002.jpeg\",\"width\":640,\"height\":480,\"caption\":\"Smedemokrati.sk\"},\"image\":{\"@id\":\"https:\/\/www.smedemokrati.sk\/#\/schema\/logo\/image\/\"},\"sameAs\":[\"https:\/\/www.facebook.com\/smedemokrati2023\"]},{\"@type\":\"Person\",\"@id\":\"https:\/\/www.smedemokrati.sk\/#\/schema\/person\/21f147c88d605aa7ded900e1e7c344ba\",\"name\":\"miro.sopko\",\"image\":{\"@type\":\"ImageObject\",\"inLanguage\":\"cs-CZ\",\"@id\":\"https:\/\/secure.gravatar.com\/avatar\/267e4a36f704376c109afe3a78740c1f5dd8675a2180a908699e7863c9247606?s=96&d=mm&r=g\",\"url\":\"https:\/\/secure.gravatar.com\/avatar\/267e4a36f704376c109afe3a78740c1f5dd8675a2180a908699e7863c9247606?s=96&d=mm&r=g\",\"contentUrl\":\"https:\/\/secure.gravatar.com\/avatar\/267e4a36f704376c109afe3a78740c1f5dd8675a2180a908699e7863c9247606?s=96&d=mm&r=g\",\"caption\":\"miro.sopko\"},\"url\":\"https:\/\/www.smedemokrati.sk\/cs\/author\/miro-sopko\/\"}]}<\/script>\n<!-- \/ Yoast SEO plugin. -->","yoast_head_json":{"title":"\u0160tyri k\u013e\u00fa\u010dov\u00e9 in\u0161tit\u00facie pre Slovensko bud\u00fa v dobr\u00fdch ruk\u00e1ch.","robots":{"index":"index","follow":"follow","max-snippet":"max-snippet:-1","max-image-preview":"max-image-preview:large","max-video-preview":"max-video-preview:-1"},"canonical":"https:\/\/www.smedemokrati.sk\/cs\/styri-klucove-institucie-pre-slovensko-budu-v-dobrych-rukach\/","og_locale":"cs_CZ","og_type":"article","og_title":"[:sk]\u0160tyri k\u013e\u00fa\u010dov\u00e9 in\u0161tit\u00facie pre Slovensko bud\u00fa v dobr\u00fdch ruk\u00e1ch.[:] - Smedemokrati.sk","og_description":"Blaho\u017eel\u00e1me Ursule von der Leyen, ktor\u00e1 z\u00edskala v porad\u00ed druh\u00fd mand\u00e1t, aby viedla Eur\u00f3psku komisiu. Na post \u0161\u00e9fky eur\u00f3pskej diplomacie, dostala podporu est\u00f3nska premi\u00e9rka Kaja Kallasova a b\u00fdval\u00fd portugalsk\u00fd premi\u00e9r Antonio Costa povedie Eur\u00f3psku radu. Na \u010delo Severoatlantickej aliancie bol ods\u00fahlasen\u00fd Mark Rutte. Ve\u013emi sa te\u0161\u00edme na \u010fal\u0161iu intenz\u00edvnu spolupr\u00e1cu, obzvl\u00e1\u0161\u0165 preto, \u017ee so v\u0161etk\u00fdmi [&hellip;]","og_url":"https:\/\/www.smedemokrati.sk\/cs\/styri-klucove-institucie-pre-slovensko-budu-v-dobrych-rukach\/","og_site_name":"Smedemokrati.sk","article_publisher":"https:\/\/www.facebook.com\/smedemokrati2023","article_published_time":"2024-06-28T15:24:51+00:00","article_modified_time":"2024-07-09T16:03:18+00:00","og_image":[{"width":1000,"height":666,"url":"https:\/\/www.smedemokrati.sk\/wp-content\/uploads\/2024\/06\/449452528_1046106643548830_7237261538817763311_n.jpg","type":"image\/jpeg"}],"author":"miro.sopko","twitter_card":"summary_large_image","twitter_misc":{"Napsal(a)":"miro.sopko","Odhadovan\u00e1 doba \u010dten\u00ed":"2 minuty"},"schema":{"@context":"https:\/\/schema.org","@graph":[{"@type":"Article","@id":"https:\/\/www.smedemokrati.sk\/styri-klucove-institucie-pre-slovensko-budu-v-dobrych-rukach\/#article","isPartOf":{"@id":"https:\/\/www.smedemokrati.sk\/styri-klucove-institucie-pre-slovensko-budu-v-dobrych-rukach\/"},"author":{"name":"miro.sopko","@id":"https:\/\/www.smedemokrati.sk\/#\/schema\/person\/21f147c88d605aa7ded900e1e7c344ba"},"headline":"\u0160tyri k\u013e\u00fa\u010dov\u00e9 in\u0161tit\u00facie pre Slovensko bud\u00fa v dobr\u00fdch ruk\u00e1ch.","datePublished":"2024-06-28T15:24:51+00:00","dateModified":"2024-07-09T16:03:18+00:00","mainEntityOfPage":{"@id":"https:\/\/www.smedemokrati.sk\/styri-klucove-institucie-pre-slovensko-budu-v-dobrych-rukach\/"},"wordCount":222,"publisher":{"@id":"https:\/\/www.smedemokrati.sk\/#organization"},"image":{"@id":"https:\/\/www.smedemokrati.sk\/styri-klucove-institucie-pre-slovensko-budu-v-dobrych-rukach\/#primaryimage"},"thumbnailUrl":"https:\/\/www.smedemokrati.sk\/wp-content\/uploads\/2024\/06\/449452528_1046106643548830_7237261538817763311_n.jpg","articleSection":["Vyhl\u00e1senia"],"inLanguage":"cs-CZ"},{"@type":"WebPage","@id":"https:\/\/www.smedemokrati.sk\/styri-klucove-institucie-pre-slovensko-budu-v-dobrych-rukach\/","url":"https:\/\/www.smedemokrati.sk\/styri-klucove-institucie-pre-slovensko-budu-v-dobrych-rukach\/","name":"\u0160tyri k\u013e\u00fa\u010dov\u00e9 in\u0161tit\u00facie pre Slovensko bud\u00fa v dobr\u00fdch ruk\u00e1ch.","isPartOf":{"@id":"https:\/\/www.smedemokrati.sk\/#website"},"primaryImageOfPage":{"@id":"https:\/\/www.smedemokrati.sk\/styri-klucove-institucie-pre-slovensko-budu-v-dobrych-rukach\/#primaryimage"},"image":{"@id":"https:\/\/www.smedemokrati.sk\/styri-klucove-institucie-pre-slovensko-budu-v-dobrych-rukach\/#primaryimage"},"thumbnailUrl":"https:\/\/www.smedemokrati.sk\/wp-content\/uploads\/2024\/06\/449452528_1046106643548830_7237261538817763311_n.jpg","datePublished":"2024-06-28T15:24:51+00:00","dateModified":"2024-07-09T16:03:18+00:00","breadcrumb":{"@id":"https:\/\/www.smedemokrati.sk\/styri-klucove-institucie-pre-slovensko-budu-v-dobrych-rukach\/#breadcrumb"},"inLanguage":"cs-CZ","potentialAction":[{"@type":"ReadAction","target":["https:\/\/www.smedemokrati.sk\/styri-klucove-institucie-pre-slovensko-budu-v-dobrych-rukach\/"]}]},{"@type":"ImageObject","inLanguage":"cs-CZ","@id":"https:\/\/www.smedemokrati.sk\/styri-klucove-institucie-pre-slovensko-budu-v-dobrych-rukach\/#primaryimage","url":"https:\/\/www.smedemokrati.sk\/wp-content\/uploads\/2024\/06\/449452528_1046106643548830_7237261538817763311_n.jpg","contentUrl":"https:\/\/www.smedemokrati.sk\/wp-content\/uploads\/2024\/06\/449452528_1046106643548830_7237261538817763311_n.jpg","width":1000,"height":666},{"@type":"BreadcrumbList","@id":"https:\/\/www.smedemokrati.sk\/styri-klucove-institucie-pre-slovensko-budu-v-dobrych-rukach\/#breadcrumb","itemListElement":[{"@type":"ListItem","position":1,"name":"Domovsk\u00e1 str\u00e1nka","item":"https:\/\/www.smedemokrati.sk\/"},{"@type":"ListItem","position":2,"name":"\u0160tyri k\u013e\u00fa\u010dov\u00e9 in\u0161tit\u00facie pre Slovensko bud\u00fa v dobr\u00fdch ruk\u00e1ch."}]},{"@type":"WebSite","@id":"https:\/\/www.smedemokrati.sk\/#website","url":"https:\/\/www.smedemokrati.sk\/","name":"Smedemokrati.sk","description":"Demokracia a slu\u0161nos\u0165 zv\u00ed\u0165az\u00ed","publisher":{"@id":"https:\/\/www.smedemokrati.sk\/#organization"},"potentialAction":[{"@type":"SearchAction","target":{"@type":"EntryPoint","urlTemplate":"https:\/\/www.smedemokrati.sk\/?s={search_term_string}"},"query-input":{"@type":"PropertyValueSpecification","valueRequired":true,"valueName":"search_term_string"}}],"inLanguage":"cs-CZ"},{"@type":"Organization","@id":"https:\/\/www.smedemokrati.sk\/#organization","name":"Smedemokrati.sk","url":"https:\/\/www.smedemokrati.sk\/","logo":{"@type":"ImageObject","inLanguage":"cs-CZ","@id":"https:\/\/www.smedemokrati.sk\/#\/schema\/logo\/image\/","url":"https:\/\/www.smedemokrati.sk\/wp-content\/uploads\/2023\/04\/ff.002.jpeg","contentUrl":"https:\/\/www.smedemokrati.sk\/wp-content\/uploads\/2023\/04\/ff.002.jpeg","width":640,"height":480,"caption":"Smedemokrati.sk"},"image":{"@id":"https:\/\/www.smedemokrati.sk\/#\/schema\/logo\/image\/"},"sameAs":["https:\/\/www.facebook.com\/smedemokrati2023"]},{"@type":"Person","@id":"https:\/\/www.smedemokrati.sk\/#\/schema\/person\/21f147c88d605aa7ded900e1e7c344ba","name":"miro.sopko","image":{"@type":"ImageObject","inLanguage":"cs-CZ","@id":"https:\/\/secure.gravatar.com\/avatar\/267e4a36f704376c109afe3a78740c1f5dd8675a2180a908699e7863c9247606?s=96&d=mm&r=g","url":"https:\/\/secure.gravatar.com\/avatar\/267e4a36f704376c109afe3a78740c1f5dd8675a2180a908699e7863c9247606?s=96&d=mm&r=g","contentUrl":"https:\/\/secure.gravatar.com\/avatar\/267e4a36f704376c109afe3a78740c1f5dd8675a2180a908699e7863c9247606?s=96&d=mm&r=g","caption":"miro.sopko"},"url":"https:\/\/www.smedemokrati.sk\/cs\/author\/miro-sopko\/"}]}},"_links":{"self":[{"href":"https:\/\/www.smedemokrati.sk\/cs\/wp-json\/wp\/v2\/posts\/4590","targetHints":{"allow":["GET"]}}],"collection":[{"href":"https:\/\/www.smedemokrati.sk\/cs\/wp-json\/wp\/v2\/posts"}],"about":[{"href":"https:\/\/www.smedemokrati.sk\/cs\/wp-json\/wp\/v2\/types\/post"}],"author":[{"embeddable":true,"href":"https:\/\/www.smedemokrati.sk\/cs\/wp-json\/wp\/v2\/users\/13"}],"replies":[{"embeddable":true,"href":"https:\/\/www.smedemokrati.sk\/cs\/wp-json\/wp\/v2\/comments?post=4590"}],"version-history":[{"count":1,"href":"https:\/\/www.smedemokrati.sk\/cs\/wp-json\/wp\/v2\/posts\/4590\/revisions"}],"predecessor-version":[{"id":4593,"href":"https:\/\/www.smedemokrati.sk\/cs\/wp-json\/wp\/v2\/posts\/4590\/revisions\/4593"}],"wp:featuredmedia":[{"embeddable":true,"href":"https:\/\/www.smedemokrati.sk\/cs\/wp-json\/wp\/v2\/media\/4592"}],"wp:attachment":[{"href":"https:\/\/www.smedemokrati.sk\/cs\/wp-json\/wp\/v2\/media?parent=4590"}],"wp:term":[{"taxonomy":"category","embeddable":true,"href":"https:\/\/www.smedemokrati.sk\/cs\/wp-json\/wp\/v2\/categories?post=4590"},{"taxonomy":"post_tag","embeddable":true,"href":"https:\/\/www.smedemokrati.sk\/cs\/wp-json\/wp\/v2\/tags?post=4590"}],"curies":[{"name":"wp","href":"https:\/\/api.w.org\/{rel}","templated":true}]}}