{"id":4553,"date":"2024-06-18T14:00:21","date_gmt":"2024-06-18T13:00:21","guid":{"rendered":"https:\/\/www.smedemokrati.sk\/?p=4553"},"modified":"2024-06-29T15:47:37","modified_gmt":"2024-06-29T14:47:37","slug":"vlada-opat-demonstruje-silu-no-co-viac-ukazuje-extremnu-tuzbu-po-pomste","status":"publish","type":"post","link":"https:\/\/www.smedemokrati.sk\/cs\/vlada-opat-demonstruje-silu-no-co-viac-ukazuje-extremnu-tuzbu-po-pomste\/","title":{"rendered":"Vl\u00e1da op\u00e4\u0165 demon\u0161truje silu, no \u010do viac, ukazuje extr\u00e9mnu t\u00fa\u017ebu po pomste"},"content":{"rendered":"<div id=\"fb-root\"><\/div>\n\n<p><strong>Pod\u013ea experta strany Demokrati na pr\u00e1vo a spravodlivos\u0165 Juraja \u0160eligu nem\u00f4\u017eu o disciplin\u00e1rnom n\u00e1vrhu na konkr\u00e9tnych sudcov hovori\u0165 \u013eudia, ktor\u00fdch t\u00edto sudcovia s\u00fadili. Reaguje tak na tla\u010dov\u00fa konferenciu, na ktorej o t\u00e9me okrem ministra spravodlivosti hovorili osoby, vo\u010di ktor\u00fdm bolo alebo je veden\u00e9 trestn\u00e9 st\u00edhanie.&nbsp;<\/strong><\/p>\n\n\n\n<p>Pod\u013ea \u0160eligu vl\u00e1dna garnit\u00fara potvrdila, \u017ee jej nejde o spravodlivos\u0165 a bude pokra\u010dova\u0165 v zastra\u0161ovan\u00ed a demon\u0161tr\u00e1cii sily, aby dosiahla politick\u00fa pomstu:<em>\u00a0\u201eAk hlavn\u00fdmi re\u010dn\u00edkmi je zastupuj\u00faci premi\u00e9r, o ktorom rozhodoval tento sen\u00e1t, \u010falej poslanec, ktor\u00fd je ob\u017ealovan\u00fd kv\u00f4li podozreniam zo z\u00e1va\u017enej trestnej \u010dinnosti a ak sa vyjadruj\u00fa pr\u00e1vni z\u00e1stupcovia, ktor\u00ed boli s\u00faden\u00ed sudcami, na ktor\u00fdch m\u00e1 by\u0165 podan\u00fd disciplin\u00e1rny n\u00e1vrh tak je zrejm\u00e9, \u017ee nem\u00f4\u017eeme hovori\u0165 o objekt\u00edvnom konan\u00ed.\u201d<\/em>\u00a0Reaguje na tla\u010dov\u00fa konferenciu R\u00f3berta Kali\u0148\u00e1ka, Tibora Ga\u0161para, Borisa Suska, Mareka Paru a D\u00e1vida Lindtnera, ktor\u00ed podali disciplin\u00e1rny n\u00e1vrh a trestn\u00e9 ozn\u00e1menie na vybran\u00fdch sudcov.\u00a0<\/p>\n\n\n\n<p>\u0160eliga hovor\u00ed, \u017ee minister spravodlivosti m\u00e1 z\u00e1konn\u00fa mo\u017enos\u0165 poda\u0165 disciplin\u00e1rny n\u00e1vrh, no d\u00f4razne kritizuje sp\u00f4sob, ak\u00fdm sa to deje:\u00a0<em>\u201eMinister m\u00e1 pr\u00e1vo poda\u0165 disciplin\u00e1rny n\u00e1vrh, no dne\u0161ok bol sk\u00f4r varovan\u00edm v\u0161etk\u00fdm slu\u0161n\u00fdm sudcom \u010di poctiv\u00fdm vy\u0161etrovate\u013eom, ktor\u00fdm medzi riadkami bolo odk\u00e1zan\u00e9, \u017ee ak sa bud\u00fa pozera\u0165 na prsty na t\u00fdch najvy\u0161\u0161\u00edch miestach, bud\u00fa rie\u0161en\u00ed minim\u00e1lne rovnako.&#8220;<\/em>\u00a0Uzatv\u00e1ra \u0160eliga.\u00a0<\/p>\n\n\n\n<p>Status:\u00a0<a href=\"https:\/\/www.facebook.com\/story.php?story_fbid=955913582998008&#038;id=100057381252044&#038;mibextid=WC7FNe&#038;rdid=jzqP8LrbQwSLhrXO\" target=\"_blank\" rel=\"noreferrer noopener\">https:\/\/www.facebook.com\/story.php?story_fbid=955913582998008&#038;id=100057381252044&#038;mibextid=WC7FNe&#038;rdid=jzqP8LrbQwSLhrXO<\/a><\/p>\n","protected":false},"excerpt":{"rendered":"<p>Pod\u013ea experta strany Demokrati na pr\u00e1vo a spravodlivos\u0165 Juraja \u0160eligu nem\u00f4\u017eu o disciplin\u00e1rnom n\u00e1vrhu na konkr\u00e9tnych sudcov hovori\u0165 \u013eudia, ktor\u00fdch t\u00edto sudcovia s\u00fadili. Reaguje tak na tla\u010dov\u00fa konferenciu, na ktorej o t\u00e9me okrem ministra spravodlivosti hovorili osoby, vo\u010di ktor\u00fdm bolo alebo je veden\u00e9 trestn\u00e9 st\u00edhanie.&nbsp; Pod\u013ea \u0160eligu vl\u00e1dna garnit\u00fara potvrdila, \u017ee jej nejde o spravodlivos\u0165 [&hellip;]<\/p>\n","protected":false},"author":13,"featured_media":4554,"comment_status":"closed","ping_status":"closed","sticky":false,"template":"","format":"standard","meta":{"_acf_changed":false,"ngg_post_thumbnail":0,"footnotes":""},"categories":[4],"tags":[],"class_list":["post-4553","post","type-post","status-publish","format-standard","has-post-thumbnail","hentry","category-tlacove-spravy"],"acf":[],"yoast_head":"<!-- This site is optimized with the Yoast SEO plugin v27.2 - https:\/\/yoast.com\/product\/yoast-seo-wordpress\/ -->\n<title>Vl\u00e1da op\u00e4\u0165 demon\u0161truje silu, no \u010do viac, ukazuje extr\u00e9mnu t\u00fa\u017ebu po pomste<\/title>\n<meta name=\"robots\" content=\"index, follow, max-snippet:-1, max-image-preview:large, max-video-preview:-1\" \/>\n<link rel=\"canonical\" href=\"https:\/\/www.smedemokrati.sk\/cs\/vlada-opat-demonstruje-silu-no-co-viac-ukazuje-extremnu-tuzbu-po-pomste\/\" \/>\n<meta property=\"og:locale\" content=\"cs_CZ\" \/>\n<meta property=\"og:locale:alternate\" content=\"en_US\" \/>\n<meta property=\"og:locale:alternate\" content=\"hu_HU\" \/>\n<meta property=\"og:locale:alternate\" content=\"sk_SK\" \/>\n<meta property=\"og:locale:alternate\" content=\"sv_SE\" \/>\n<meta property=\"og:type\" content=\"article\" \/>\n<meta property=\"og:title\" content=\"Vl\u00e1da op\u00e4\u0165 demon\u0161truje silu, no \u010do viac, ukazuje extr\u00e9mnu t\u00fa\u017ebu po pomste\" \/>\n<meta property=\"og:description\" content=\"Pod\u013ea experta strany Demokrati na pr\u00e1vo a spravodlivos\u0165 Juraja \u0160eligu nem\u00f4\u017eu o disciplin\u00e1rnom n\u00e1vrhu na konkr\u00e9tnych sudcov hovori\u0165 \u013eudia, ktor\u00fdch t\u00edto sudcovia s\u00fadili. Reaguje tak na tla\u010dov\u00fa konferenciu, na ktorej o t\u00e9me okrem ministra spravodlivosti hovorili osoby, vo\u010di ktor\u00fdm bolo alebo je veden\u00e9 trestn\u00e9 st\u00edhanie.&nbsp; Pod\u013ea \u0160eligu vl\u00e1dna garnit\u00fara potvrdila, \u017ee jej nejde o spravodlivos\u0165 [&hellip;]\" \/>\n<meta property=\"og:url\" content=\"https:\/\/www.smedemokrati.sk\/cs\/vlada-opat-demonstruje-silu-no-co-viac-ukazuje-extremnu-tuzbu-po-pomste\/\" \/>\n<meta property=\"og:site_name\" content=\"Smedemokrati.sk\" \/>\n<meta property=\"article:publisher\" content=\"https:\/\/www.facebook.com\/smedemokrati2023\" \/>\n<meta property=\"article:published_time\" content=\"2024-06-18T13:00:21+00:00\" \/>\n<meta property=\"article:modified_time\" content=\"2024-06-29T14:47:37+00:00\" \/>\n<meta property=\"og:image\" content=\"https:\/\/www.smedemokrati.sk\/wp-content\/uploads\/2024\/06\/vlada-ficova.jpg\" \/>\n\t<meta property=\"og:image:width\" content=\"2048\" \/>\n\t<meta property=\"og:image:height\" content=\"1366\" \/>\n\t<meta property=\"og:image:type\" content=\"image\/jpeg\" \/>\n<meta name=\"author\" content=\"miro.sopko\" \/>\n<meta name=\"twitter:card\" content=\"summary_large_image\" \/>\n<meta name=\"twitter:label1\" content=\"Napsal(a)\" \/>\n\t<meta name=\"twitter:data1\" content=\"miro.sopko\" \/>\n\t<meta name=\"twitter:label2\" content=\"Odhadovan\u00e1 doba \u010dten\u00ed\" \/>\n\t<meta name=\"twitter:data2\" content=\"2 minuty\" \/>\n<script type=\"application\/ld+json\" class=\"yoast-schema-graph\">{\"@context\":\"https:\/\/schema.org\",\"@graph\":[{\"@type\":\"Article\",\"@id\":\"https:\/\/www.smedemokrati.sk\/vlada-opat-demonstruje-silu-no-co-viac-ukazuje-extremnu-tuzbu-po-pomste\/#article\",\"isPartOf\":{\"@id\":\"https:\/\/www.smedemokrati.sk\/vlada-opat-demonstruje-silu-no-co-viac-ukazuje-extremnu-tuzbu-po-pomste\/\"},\"author\":{\"name\":\"miro.sopko\",\"@id\":\"https:\/\/www.smedemokrati.sk\/#\/schema\/person\/21f147c88d605aa7ded900e1e7c344ba\"},\"headline\":\"Vl\u00e1da op\u00e4\u0165 demon\u0161truje silu, no \u010do viac, ukazuje extr\u00e9mnu t\u00fa\u017ebu po pomste\",\"datePublished\":\"2024-06-18T13:00:21+00:00\",\"dateModified\":\"2024-06-29T14:47:37+00:00\",\"mainEntityOfPage\":{\"@id\":\"https:\/\/www.smedemokrati.sk\/vlada-opat-demonstruje-silu-no-co-viac-ukazuje-extremnu-tuzbu-po-pomste\/\"},\"wordCount\":311,\"publisher\":{\"@id\":\"https:\/\/www.smedemokrati.sk\/#organization\"},\"image\":{\"@id\":\"https:\/\/www.smedemokrati.sk\/vlada-opat-demonstruje-silu-no-co-viac-ukazuje-extremnu-tuzbu-po-pomste\/#primaryimage\"},\"thumbnailUrl\":\"https:\/\/www.smedemokrati.sk\/wp-content\/uploads\/2024\/06\/vlada-ficova.jpg\",\"articleSection\":[\"Tla\u010dov\u00e9 spr\u00e1vy\"],\"inLanguage\":\"cs-CZ\"},{\"@type\":\"WebPage\",\"@id\":\"https:\/\/www.smedemokrati.sk\/vlada-opat-demonstruje-silu-no-co-viac-ukazuje-extremnu-tuzbu-po-pomste\/\",\"url\":\"https:\/\/www.smedemokrati.sk\/vlada-opat-demonstruje-silu-no-co-viac-ukazuje-extremnu-tuzbu-po-pomste\/\",\"name\":\"Vl\u00e1da op\u00e4\u0165 demon\u0161truje silu, no \u010do viac, ukazuje extr\u00e9mnu t\u00fa\u017ebu po pomste\",\"isPartOf\":{\"@id\":\"https:\/\/www.smedemokrati.sk\/#website\"},\"primaryImageOfPage\":{\"@id\":\"https:\/\/www.smedemokrati.sk\/vlada-opat-demonstruje-silu-no-co-viac-ukazuje-extremnu-tuzbu-po-pomste\/#primaryimage\"},\"image\":{\"@id\":\"https:\/\/www.smedemokrati.sk\/vlada-opat-demonstruje-silu-no-co-viac-ukazuje-extremnu-tuzbu-po-pomste\/#primaryimage\"},\"thumbnailUrl\":\"https:\/\/www.smedemokrati.sk\/wp-content\/uploads\/2024\/06\/vlada-ficova.jpg\",\"datePublished\":\"2024-06-18T13:00:21+00:00\",\"dateModified\":\"2024-06-29T14:47:37+00:00\",\"breadcrumb\":{\"@id\":\"https:\/\/www.smedemokrati.sk\/vlada-opat-demonstruje-silu-no-co-viac-ukazuje-extremnu-tuzbu-po-pomste\/#breadcrumb\"},\"inLanguage\":\"cs-CZ\",\"potentialAction\":[{\"@type\":\"ReadAction\",\"target\":[\"https:\/\/www.smedemokrati.sk\/vlada-opat-demonstruje-silu-no-co-viac-ukazuje-extremnu-tuzbu-po-pomste\/\"]}]},{\"@type\":\"ImageObject\",\"inLanguage\":\"cs-CZ\",\"@id\":\"https:\/\/www.smedemokrati.sk\/vlada-opat-demonstruje-silu-no-co-viac-ukazuje-extremnu-tuzbu-po-pomste\/#primaryimage\",\"url\":\"https:\/\/www.smedemokrati.sk\/wp-content\/uploads\/2024\/06\/vlada-ficova.jpg\",\"contentUrl\":\"https:\/\/www.smedemokrati.sk\/wp-content\/uploads\/2024\/06\/vlada-ficova.jpg\",\"width\":2048,\"height\":1366},{\"@type\":\"BreadcrumbList\",\"@id\":\"https:\/\/www.smedemokrati.sk\/vlada-opat-demonstruje-silu-no-co-viac-ukazuje-extremnu-tuzbu-po-pomste\/#breadcrumb\",\"itemListElement\":[{\"@type\":\"ListItem\",\"position\":1,\"name\":\"Domovsk\u00e1 str\u00e1nka\",\"item\":\"https:\/\/www.smedemokrati.sk\/\"},{\"@type\":\"ListItem\",\"position\":2,\"name\":\"Vl\u00e1da op\u00e4\u0165 demon\u0161truje silu, no \u010do viac, ukazuje extr\u00e9mnu t\u00fa\u017ebu po pomste\"}]},{\"@type\":\"WebSite\",\"@id\":\"https:\/\/www.smedemokrati.sk\/#website\",\"url\":\"https:\/\/www.smedemokrati.sk\/\",\"name\":\"Smedemokrati.sk\",\"description\":\"Demokracia a slu\u0161nos\u0165 zv\u00ed\u0165az\u00ed\",\"publisher\":{\"@id\":\"https:\/\/www.smedemokrati.sk\/#organization\"},\"potentialAction\":[{\"@type\":\"SearchAction\",\"target\":{\"@type\":\"EntryPoint\",\"urlTemplate\":\"https:\/\/www.smedemokrati.sk\/?s={search_term_string}\"},\"query-input\":{\"@type\":\"PropertyValueSpecification\",\"valueRequired\":true,\"valueName\":\"search_term_string\"}}],\"inLanguage\":\"cs-CZ\"},{\"@type\":\"Organization\",\"@id\":\"https:\/\/www.smedemokrati.sk\/#organization\",\"name\":\"Smedemokrati.sk\",\"url\":\"https:\/\/www.smedemokrati.sk\/\",\"logo\":{\"@type\":\"ImageObject\",\"inLanguage\":\"cs-CZ\",\"@id\":\"https:\/\/www.smedemokrati.sk\/#\/schema\/logo\/image\/\",\"url\":\"https:\/\/www.smedemokrati.sk\/wp-content\/uploads\/2023\/04\/ff.002.jpeg\",\"contentUrl\":\"https:\/\/www.smedemokrati.sk\/wp-content\/uploads\/2023\/04\/ff.002.jpeg\",\"width\":640,\"height\":480,\"caption\":\"Smedemokrati.sk\"},\"image\":{\"@id\":\"https:\/\/www.smedemokrati.sk\/#\/schema\/logo\/image\/\"},\"sameAs\":[\"https:\/\/www.facebook.com\/smedemokrati2023\"]},{\"@type\":\"Person\",\"@id\":\"https:\/\/www.smedemokrati.sk\/#\/schema\/person\/21f147c88d605aa7ded900e1e7c344ba\",\"name\":\"miro.sopko\",\"image\":{\"@type\":\"ImageObject\",\"inLanguage\":\"cs-CZ\",\"@id\":\"https:\/\/secure.gravatar.com\/avatar\/267e4a36f704376c109afe3a78740c1f5dd8675a2180a908699e7863c9247606?s=96&d=mm&r=g\",\"url\":\"https:\/\/secure.gravatar.com\/avatar\/267e4a36f704376c109afe3a78740c1f5dd8675a2180a908699e7863c9247606?s=96&d=mm&r=g\",\"contentUrl\":\"https:\/\/secure.gravatar.com\/avatar\/267e4a36f704376c109afe3a78740c1f5dd8675a2180a908699e7863c9247606?s=96&d=mm&r=g\",\"caption\":\"miro.sopko\"},\"url\":\"https:\/\/www.smedemokrati.sk\/cs\/author\/miro-sopko\/\"}]}<\/script>\n<!-- \/ Yoast SEO plugin. -->","yoast_head_json":{"title":"Vl\u00e1da op\u00e4\u0165 demon\u0161truje silu, no \u010do viac, ukazuje extr\u00e9mnu t\u00fa\u017ebu po pomste","robots":{"index":"index","follow":"follow","max-snippet":"max-snippet:-1","max-image-preview":"max-image-preview:large","max-video-preview":"max-video-preview:-1"},"canonical":"https:\/\/www.smedemokrati.sk\/cs\/vlada-opat-demonstruje-silu-no-co-viac-ukazuje-extremnu-tuzbu-po-pomste\/","og_locale":"cs_CZ","og_type":"article","og_title":"[:sk]Vl\u00e1da op\u00e4\u0165 demon\u0161truje silu, no \u010do viac, ukazuje extr\u00e9mnu t\u00fa\u017ebu po pomste[:] - Smedemokrati.sk","og_description":"Pod\u013ea experta strany Demokrati na pr\u00e1vo a spravodlivos\u0165 Juraja \u0160eligu nem\u00f4\u017eu o disciplin\u00e1rnom n\u00e1vrhu na konkr\u00e9tnych sudcov hovori\u0165 \u013eudia, ktor\u00fdch t\u00edto sudcovia s\u00fadili. Reaguje tak na tla\u010dov\u00fa konferenciu, na ktorej o t\u00e9me okrem ministra spravodlivosti hovorili osoby, vo\u010di ktor\u00fdm bolo alebo je veden\u00e9 trestn\u00e9 st\u00edhanie.&nbsp; Pod\u013ea \u0160eligu vl\u00e1dna garnit\u00fara potvrdila, \u017ee jej nejde o spravodlivos\u0165 [&hellip;]","og_url":"https:\/\/www.smedemokrati.sk\/cs\/vlada-opat-demonstruje-silu-no-co-viac-ukazuje-extremnu-tuzbu-po-pomste\/","og_site_name":"Smedemokrati.sk","article_publisher":"https:\/\/www.facebook.com\/smedemokrati2023","article_published_time":"2024-06-18T13:00:21+00:00","article_modified_time":"2024-06-29T14:47:37+00:00","og_image":[{"width":2048,"height":1366,"url":"https:\/\/www.smedemokrati.sk\/wp-content\/uploads\/2024\/06\/vlada-ficova.jpg","type":"image\/jpeg"}],"author":"miro.sopko","twitter_card":"summary_large_image","twitter_misc":{"Napsal(a)":"miro.sopko","Odhadovan\u00e1 doba \u010dten\u00ed":"2 minuty"},"schema":{"@context":"https:\/\/schema.org","@graph":[{"@type":"Article","@id":"https:\/\/www.smedemokrati.sk\/vlada-opat-demonstruje-silu-no-co-viac-ukazuje-extremnu-tuzbu-po-pomste\/#article","isPartOf":{"@id":"https:\/\/www.smedemokrati.sk\/vlada-opat-demonstruje-silu-no-co-viac-ukazuje-extremnu-tuzbu-po-pomste\/"},"author":{"name":"miro.sopko","@id":"https:\/\/www.smedemokrati.sk\/#\/schema\/person\/21f147c88d605aa7ded900e1e7c344ba"},"headline":"Vl\u00e1da op\u00e4\u0165 demon\u0161truje silu, no \u010do viac, ukazuje extr\u00e9mnu t\u00fa\u017ebu po pomste","datePublished":"2024-06-18T13:00:21+00:00","dateModified":"2024-06-29T14:47:37+00:00","mainEntityOfPage":{"@id":"https:\/\/www.smedemokrati.sk\/vlada-opat-demonstruje-silu-no-co-viac-ukazuje-extremnu-tuzbu-po-pomste\/"},"wordCount":311,"publisher":{"@id":"https:\/\/www.smedemokrati.sk\/#organization"},"image":{"@id":"https:\/\/www.smedemokrati.sk\/vlada-opat-demonstruje-silu-no-co-viac-ukazuje-extremnu-tuzbu-po-pomste\/#primaryimage"},"thumbnailUrl":"https:\/\/www.smedemokrati.sk\/wp-content\/uploads\/2024\/06\/vlada-ficova.jpg","articleSection":["Tla\u010dov\u00e9 spr\u00e1vy"],"inLanguage":"cs-CZ"},{"@type":"WebPage","@id":"https:\/\/www.smedemokrati.sk\/vlada-opat-demonstruje-silu-no-co-viac-ukazuje-extremnu-tuzbu-po-pomste\/","url":"https:\/\/www.smedemokrati.sk\/vlada-opat-demonstruje-silu-no-co-viac-ukazuje-extremnu-tuzbu-po-pomste\/","name":"Vl\u00e1da op\u00e4\u0165 demon\u0161truje silu, no \u010do viac, ukazuje extr\u00e9mnu t\u00fa\u017ebu po pomste","isPartOf":{"@id":"https:\/\/www.smedemokrati.sk\/#website"},"primaryImageOfPage":{"@id":"https:\/\/www.smedemokrati.sk\/vlada-opat-demonstruje-silu-no-co-viac-ukazuje-extremnu-tuzbu-po-pomste\/#primaryimage"},"image":{"@id":"https:\/\/www.smedemokrati.sk\/vlada-opat-demonstruje-silu-no-co-viac-ukazuje-extremnu-tuzbu-po-pomste\/#primaryimage"},"thumbnailUrl":"https:\/\/www.smedemokrati.sk\/wp-content\/uploads\/2024\/06\/vlada-ficova.jpg","datePublished":"2024-06-18T13:00:21+00:00","dateModified":"2024-06-29T14:47:37+00:00","breadcrumb":{"@id":"https:\/\/www.smedemokrati.sk\/vlada-opat-demonstruje-silu-no-co-viac-ukazuje-extremnu-tuzbu-po-pomste\/#breadcrumb"},"inLanguage":"cs-CZ","potentialAction":[{"@type":"ReadAction","target":["https:\/\/www.smedemokrati.sk\/vlada-opat-demonstruje-silu-no-co-viac-ukazuje-extremnu-tuzbu-po-pomste\/"]}]},{"@type":"ImageObject","inLanguage":"cs-CZ","@id":"https:\/\/www.smedemokrati.sk\/vlada-opat-demonstruje-silu-no-co-viac-ukazuje-extremnu-tuzbu-po-pomste\/#primaryimage","url":"https:\/\/www.smedemokrati.sk\/wp-content\/uploads\/2024\/06\/vlada-ficova.jpg","contentUrl":"https:\/\/www.smedemokrati.sk\/wp-content\/uploads\/2024\/06\/vlada-ficova.jpg","width":2048,"height":1366},{"@type":"BreadcrumbList","@id":"https:\/\/www.smedemokrati.sk\/vlada-opat-demonstruje-silu-no-co-viac-ukazuje-extremnu-tuzbu-po-pomste\/#breadcrumb","itemListElement":[{"@type":"ListItem","position":1,"name":"Domovsk\u00e1 str\u00e1nka","item":"https:\/\/www.smedemokrati.sk\/"},{"@type":"ListItem","position":2,"name":"Vl\u00e1da op\u00e4\u0165 demon\u0161truje silu, no \u010do viac, ukazuje extr\u00e9mnu t\u00fa\u017ebu po pomste"}]},{"@type":"WebSite","@id":"https:\/\/www.smedemokrati.sk\/#website","url":"https:\/\/www.smedemokrati.sk\/","name":"Smedemokrati.sk","description":"Demokracia a slu\u0161nos\u0165 zv\u00ed\u0165az\u00ed","publisher":{"@id":"https:\/\/www.smedemokrati.sk\/#organization"},"potentialAction":[{"@type":"SearchAction","target":{"@type":"EntryPoint","urlTemplate":"https:\/\/www.smedemokrati.sk\/?s={search_term_string}"},"query-input":{"@type":"PropertyValueSpecification","valueRequired":true,"valueName":"search_term_string"}}],"inLanguage":"cs-CZ"},{"@type":"Organization","@id":"https:\/\/www.smedemokrati.sk\/#organization","name":"Smedemokrati.sk","url":"https:\/\/www.smedemokrati.sk\/","logo":{"@type":"ImageObject","inLanguage":"cs-CZ","@id":"https:\/\/www.smedemokrati.sk\/#\/schema\/logo\/image\/","url":"https:\/\/www.smedemokrati.sk\/wp-content\/uploads\/2023\/04\/ff.002.jpeg","contentUrl":"https:\/\/www.smedemokrati.sk\/wp-content\/uploads\/2023\/04\/ff.002.jpeg","width":640,"height":480,"caption":"Smedemokrati.sk"},"image":{"@id":"https:\/\/www.smedemokrati.sk\/#\/schema\/logo\/image\/"},"sameAs":["https:\/\/www.facebook.com\/smedemokrati2023"]},{"@type":"Person","@id":"https:\/\/www.smedemokrati.sk\/#\/schema\/person\/21f147c88d605aa7ded900e1e7c344ba","name":"miro.sopko","image":{"@type":"ImageObject","inLanguage":"cs-CZ","@id":"https:\/\/secure.gravatar.com\/avatar\/267e4a36f704376c109afe3a78740c1f5dd8675a2180a908699e7863c9247606?s=96&d=mm&r=g","url":"https:\/\/secure.gravatar.com\/avatar\/267e4a36f704376c109afe3a78740c1f5dd8675a2180a908699e7863c9247606?s=96&d=mm&r=g","contentUrl":"https:\/\/secure.gravatar.com\/avatar\/267e4a36f704376c109afe3a78740c1f5dd8675a2180a908699e7863c9247606?s=96&d=mm&r=g","caption":"miro.sopko"},"url":"https:\/\/www.smedemokrati.sk\/cs\/author\/miro-sopko\/"}]}},"_links":{"self":[{"href":"https:\/\/www.smedemokrati.sk\/cs\/wp-json\/wp\/v2\/posts\/4553","targetHints":{"allow":["GET"]}}],"collection":[{"href":"https:\/\/www.smedemokrati.sk\/cs\/wp-json\/wp\/v2\/posts"}],"about":[{"href":"https:\/\/www.smedemokrati.sk\/cs\/wp-json\/wp\/v2\/types\/post"}],"author":[{"embeddable":true,"href":"https:\/\/www.smedemokrati.sk\/cs\/wp-json\/wp\/v2\/users\/13"}],"replies":[{"embeddable":true,"href":"https:\/\/www.smedemokrati.sk\/cs\/wp-json\/wp\/v2\/comments?post=4553"}],"version-history":[{"count":1,"href":"https:\/\/www.smedemokrati.sk\/cs\/wp-json\/wp\/v2\/posts\/4553\/revisions"}],"predecessor-version":[{"id":4555,"href":"https:\/\/www.smedemokrati.sk\/cs\/wp-json\/wp\/v2\/posts\/4553\/revisions\/4555"}],"wp:featuredmedia":[{"embeddable":true,"href":"https:\/\/www.smedemokrati.sk\/cs\/wp-json\/wp\/v2\/media\/4554"}],"wp:attachment":[{"href":"https:\/\/www.smedemokrati.sk\/cs\/wp-json\/wp\/v2\/media?parent=4553"}],"wp:term":[{"taxonomy":"category","embeddable":true,"href":"https:\/\/www.smedemokrati.sk\/cs\/wp-json\/wp\/v2\/categories?post=4553"},{"taxonomy":"post_tag","embeddable":true,"href":"https:\/\/www.smedemokrati.sk\/cs\/wp-json\/wp\/v2\/tags?post=4553"}],"curies":[{"name":"wp","href":"https:\/\/api.w.org\/{rel}","templated":true}]}}