{"id":4256,"date":"2024-05-30T14:36:21","date_gmt":"2024-05-30T13:36:21","guid":{"rendered":"https:\/\/www.smedemokrati.sk\/?p=4256"},"modified":"2024-06-14T06:27:16","modified_gmt":"2024-06-14T05:27:16","slug":"kauzu-vietnamec-chcu-zamiest-pod-koberec-zatial-co-slusnych-curillovcov-dostat-za-mreze","status":"publish","type":"post","link":"https:\/\/www.smedemokrati.sk\/cs\/kauzu-vietnamec-chcu-zamiest-pod-koberec-zatial-co-slusnych-curillovcov-dostat-za-mreze\/","title":{"rendered":"Kauzu Vietnamec chc\u00fa zamies\u0165 pod koberec, zatia\u013e \u010do slu\u0161n\u00fdch \u010durillovcov dosta\u0165 za mre\u017ee"},"content":{"rendered":"<div id=\"fb-root\"><\/div>\n\n<p><strong>Policajn\u00e1 in\u0161pekcia dnes navrhla ob\u017ealova\u0165 siedmich policajtov, zn\u00e1mych ako \u010durillovci. Pod\u013ea strany Demokrati ide o \u00fa\u010delov\u00e9 konanie s politick\u00fdm pozad\u00edm. Strana tie\u017e informovala, \u017ee krajsk\u00e1 prokurat\u00fara v Bratislave mala zru\u0161i\u0165 uznesenie o obvinen\u00ed v kauze Vietnamec, to bolo pr\u00e1voplatn\u00e9 len jeden de\u0148. Z\u00e1rove\u0148 prokurat\u00fara rozhodla o presune kauzy spod NAKA na policajn\u00fa in\u0161pekciu. Pod\u013ea Demokratov ide o kroky smeruj\u00face k tomu, aby bola kauza zameten\u00e9 pod koberec.<\/strong><\/p>\n\n\n\n<p><em><em><em>\u201e<\/em><\/em>Toto s\u00fa dva pr\u00edpady, ktor\u00e9 spolu mo\u017eno na prv\u00fd poh\u013ead nes\u00favisia, no oba smeruj\u00fa k jedn\u00e9mu, a to rozkladu pr\u00e1vneho \u0161t\u00e1tu a k zalepeniu o\u010d\u00ed a \u00fast spravodlivosti.\u201d\u00a0<\/em>Otv\u00e1ra t\u00e9my predseda Demokratov Jaroslav Na\u010f.\u00a0<em><em><em>\u201e<\/em><\/em>Slu\u0161n\u00ed policajti s\u00fa mesiace \u0161ikanovan\u00ed, zastra\u0161ovan\u00ed, dokona s\u00fa prenasledovan\u00e9 ich deti. To, \u010do urobili \u010durillovcom je odkaz v\u0161etk\u00fdm poctiv\u00fdm pr\u00edslu\u0161n\u00edkom policajn\u00e9ho zboru, ktor\u00fd im m\u00e1 poveda\u0165, \u017ee ak bud\u00fa vy\u0161etrova\u0165 kauzy okolo vl\u00e1dnych predstavite\u013eov, skon\u010dia vo v\u00e4zen\u00ed. Preto dnes ka\u017ed\u00fd, komu z\u00e1le\u017e\u00ed na spravodlivosti by mal teraz spozornie\u0165 a ozva\u0165 sa na obranu spravodlivosti a nez\u00e1vislosti s\u00fadov a O\u010cTK.&#8220;\u00a0<\/em>Hovor\u00ed Jaroslav Na\u010f a garantuje, \u017ee strana Demokrati bude neust\u00e1le poukazova\u0165 na nepr\u00e1vosti ob\u010danov, radov\u00fdch policajtov ale aj elitn\u00fdch vy\u0161etrovate\u013eov.\u00a0<\/p>\n\n\n\n<p>Expert na pr\u00e1vo a spravodlivos\u0165 Juraj \u0160eliga podrobne komentuje inform\u00e1cie b\u00fdval\u00e9ho policajn\u00e9ho prezidenta \u0160tefana Hamrana o zru\u0161en\u00ed obvinenia v kauze Vietnamec a presunut\u00ed pr\u00edpadu na policajn\u00fa in\u0161pekciu:\u00a0<em><em><em>\u201e<\/em><\/em>K\u00fdm Nemci maj\u00fa u\u017e dva rozsudky, \u017ee na Slovensku boli osoby, ktor\u00e9 pomohli unies\u0165 Vietnamca, na Slovensku to akoby z\u00e1zrakom prokurat\u00fara a \u010fal\u0161\u00ed nevidia. Ke\u010f sa m\u00e1me kone\u010dne pribl\u00ed\u017ei\u0165 k tomu, \u017ee bude vznesen\u00e9 obvinenie, ako z\u00e1zrakom do toho vst\u00fapi krajsk\u00e1 prokurat\u00fara v Bratislave a obvinenie je zru\u0161en\u00e9\u00a0 pr\u00edpad bude zrejme prelo\u017een\u00fd na policajn\u00fa in\u0161pekciu. Kde bol doteraz prokur\u00e1tor. Nehovoriac na policajnej in\u0161pekcii je nesl\u00e1vny to p\u00e1n Zurian a ob\u00e1vam sa, \u017ee cel\u00fd pr\u00edpad skon\u010d\u00ed pod kobercom, kie\u017eby som sa m\u00fdlil.\u201d<\/em>\u00a0Hovor\u00ed \u0160eliga a p\u00fdta sa, pre\u010do doposia\u013e nikto nekonal, ak mal pochybnosti v tom, \u017ee pr\u00edpad vy\u0161etruje N\u00e1rodn\u00e1 krimin\u00e1lna agent\u00fara. Jaroslav Na\u010f v z\u00e1vere pripom\u00edna, \u017ee vl\u00e1dny \u0161peci\u00e1l dostal povolenie na let do Moskvy na z\u00e1klade klamstva, \u017ee na palube je vtedaj\u0161\u00ed minister vn\u00fatra R\u00f3bert Kali\u0148\u00e1k. Demokrati preto \u017eiadaj\u00fa gener\u00e1lneho prokur\u00e1tora Maro\u0161a \u017dilinku o jasn\u00fa odpove\u010f, pre\u010do bolo takto vo veci rozhodnut\u00e9.<\/p>\n\n\n\n<p><em>Ak by niekto z vl\u00e1dnych predstavite\u013eov na\u010falej tvrdil, \u017ee na palube vl\u00e1dneho \u0161peci\u00e1lu sa Vietnamec nenach\u00e1dzal, d\u00e1va strana k dispoz\u00edcii v\u00fdpove\u010f svedka, ktor\u00fd sa v tom \u010dase na palube nach\u00e1dzal a potvrdzuje, \u017ee spom\u00ednan\u00fd Vietnamec bol v lietadle vl\u00e1dy SR.\u00a0<\/em><\/p>\n\n\n\n<figure class=\"wp-block-video\"><video height=\"2160\" style=\"aspect-ratio: 3840 \/ 2160;\" width=\"3840\" controls src=\"https:\/\/www.smedemokrati.sk\/wp-content\/uploads\/2024\/05\/merge_F7E07F4F-7D57-4E42-A8E8-2AB0DAD40567.mp4\"><\/video><\/figure>\n\n\n\n<div style=\"height:10px\" aria-hidden=\"true\" class=\"wp-block-spacer\"><\/div>\n\n\n\n<iframe src=\"https:\/\/www.facebook.com\/plugins\/video.php?href=https%3A%2F%2Fwww.facebook.com%2Fsmedemokrati2023%2Fvideos%2F777675884551526%2F&#038;width=600&#038;show_text=false&#038;height=338&#038;appId\" width=\"600\" height=\"338\" style=\"border:none;overflow:hidden\" scrolling=\"no\" frameborder=\"0\" allowfullscreen=\"true\" allow=\"autoplay; clipboard-write; encrypted-media; picture-in-picture; web-share\" allowFullScreen=\"true\"><\/iframe>\n","protected":false},"excerpt":{"rendered":"<p>Policajn\u00e1 in\u0161pekcia dnes navrhla ob\u017ealova\u0165 siedmich policajtov, zn\u00e1mych ako \u010durillovci. Pod\u013ea strany Demokrati ide o \u00fa\u010delov\u00e9 konanie s politick\u00fdm pozad\u00edm. Strana tie\u017e informovala, \u017ee krajsk\u00e1 prokurat\u00fara v Bratislave mala zru\u0161i\u0165 uznesenie o obvinen\u00ed v kauze Vietnamec, to bolo pr\u00e1voplatn\u00e9 len jeden de\u0148. Z\u00e1rove\u0148 prokurat\u00fara rozhodla o presune kauzy spod NAKA na policajn\u00fa in\u0161pekciu. Pod\u013ea Demokratov [&hellip;]<\/p>\n","protected":false},"author":13,"featured_media":4258,"comment_status":"closed","ping_status":"closed","sticky":false,"template":"","format":"standard","meta":{"_acf_changed":false,"ngg_post_thumbnail":0,"footnotes":""},"categories":[4],"tags":[],"class_list":["post-4256","post","type-post","status-publish","format-standard","has-post-thumbnail","hentry","category-tlacove-spravy"],"acf":[],"yoast_head":"<!-- This site is optimized with the Yoast SEO plugin v27.2 - https:\/\/yoast.com\/product\/yoast-seo-wordpress\/ -->\n<title>Kauzu Vietnamec chc\u00fa zamies\u0165 pod koberec, zatia\u013e \u010do slu\u0161n\u00fdch \u010durillovcov dosta\u0165 za mre\u017ee<\/title>\n<meta name=\"robots\" content=\"index, follow, max-snippet:-1, max-image-preview:large, max-video-preview:-1\" \/>\n<link rel=\"canonical\" href=\"https:\/\/www.smedemokrati.sk\/cs\/kauzu-vietnamec-chcu-zamiest-pod-koberec-zatial-co-slusnych-curillovcov-dostat-za-mreze\/\" \/>\n<meta property=\"og:locale\" content=\"cs_CZ\" \/>\n<meta property=\"og:locale:alternate\" content=\"en_US\" \/>\n<meta property=\"og:locale:alternate\" content=\"hu_HU\" \/>\n<meta property=\"og:locale:alternate\" content=\"sk_SK\" \/>\n<meta property=\"og:locale:alternate\" content=\"sv_SE\" \/>\n<meta property=\"og:type\" content=\"article\" \/>\n<meta property=\"og:title\" content=\"Kauzu Vietnamec chc\u00fa zamies\u0165 pod koberec, zatia\u013e \u010do slu\u0161n\u00fdch \u010durillovcov dosta\u0165 za mre\u017ee\" \/>\n<meta property=\"og:description\" content=\"Policajn\u00e1 in\u0161pekcia dnes navrhla ob\u017ealova\u0165 siedmich policajtov, zn\u00e1mych ako \u010durillovci. Pod\u013ea strany Demokrati ide o \u00fa\u010delov\u00e9 konanie s politick\u00fdm pozad\u00edm. Strana tie\u017e informovala, \u017ee krajsk\u00e1 prokurat\u00fara v Bratislave mala zru\u0161i\u0165 uznesenie o obvinen\u00ed v kauze Vietnamec, to bolo pr\u00e1voplatn\u00e9 len jeden de\u0148. Z\u00e1rove\u0148 prokurat\u00fara rozhodla o presune kauzy spod NAKA na policajn\u00fa in\u0161pekciu. Pod\u013ea Demokratov [&hellip;]\" \/>\n<meta property=\"og:url\" content=\"https:\/\/www.smedemokrati.sk\/cs\/kauzu-vietnamec-chcu-zamiest-pod-koberec-zatial-co-slusnych-curillovcov-dostat-za-mreze\/\" \/>\n<meta property=\"og:site_name\" content=\"Smedemokrati.sk\" \/>\n<meta property=\"article:publisher\" content=\"https:\/\/www.facebook.com\/smedemokrati2023\" \/>\n<meta property=\"article:published_time\" content=\"2024-05-30T13:36:21+00:00\" \/>\n<meta property=\"article:modified_time\" content=\"2024-06-14T05:27:16+00:00\" \/>\n<meta property=\"og:image\" content=\"https:\/\/www.smedemokrati.sk\/wp-content\/uploads\/2024\/05\/vietnamec-scaled.jpg\" \/>\n\t<meta property=\"og:image:width\" content=\"2560\" \/>\n\t<meta property=\"og:image:height\" content=\"1391\" \/>\n\t<meta property=\"og:image:type\" content=\"image\/jpeg\" \/>\n<meta name=\"author\" content=\"miro.sopko\" \/>\n<meta name=\"twitter:card\" content=\"summary_large_image\" \/>\n<meta name=\"twitter:label1\" content=\"Napsal(a)\" \/>\n\t<meta name=\"twitter:data1\" content=\"miro.sopko\" \/>\n\t<meta name=\"twitter:label2\" content=\"Odhadovan\u00e1 doba \u010dten\u00ed\" \/>\n\t<meta name=\"twitter:data2\" content=\"3 minuty\" \/>\n<script type=\"application\/ld+json\" class=\"yoast-schema-graph\">{\"@context\":\"https:\/\/schema.org\",\"@graph\":[{\"@type\":\"Article\",\"@id\":\"https:\/\/www.smedemokrati.sk\/kauzu-vietnamec-chcu-zamiest-pod-koberec-zatial-co-slusnych-curillovcov-dostat-za-mreze\/#article\",\"isPartOf\":{\"@id\":\"https:\/\/www.smedemokrati.sk\/kauzu-vietnamec-chcu-zamiest-pod-koberec-zatial-co-slusnych-curillovcov-dostat-za-mreze\/\"},\"author\":{\"name\":\"miro.sopko\",\"@id\":\"https:\/\/www.smedemokrati.sk\/#\/schema\/person\/21f147c88d605aa7ded900e1e7c344ba\"},\"headline\":\"Kauzu Vietnamec chc\u00fa zamies\u0165 pod koberec, zatia\u013e \u010do slu\u0161n\u00fdch \u010durillovcov dosta\u0165 za mre\u017ee\",\"datePublished\":\"2024-05-30T13:36:21+00:00\",\"dateModified\":\"2024-06-14T05:27:16+00:00\",\"mainEntityOfPage\":{\"@id\":\"https:\/\/www.smedemokrati.sk\/kauzu-vietnamec-chcu-zamiest-pod-koberec-zatial-co-slusnych-curillovcov-dostat-za-mreze\/\"},\"wordCount\":517,\"publisher\":{\"@id\":\"https:\/\/www.smedemokrati.sk\/#organization\"},\"image\":{\"@id\":\"https:\/\/www.smedemokrati.sk\/kauzu-vietnamec-chcu-zamiest-pod-koberec-zatial-co-slusnych-curillovcov-dostat-za-mreze\/#primaryimage\"},\"thumbnailUrl\":\"https:\/\/www.smedemokrati.sk\/wp-content\/uploads\/2024\/05\/vietnamec-scaled.jpg\",\"articleSection\":[\"Tla\u010dov\u00e9 spr\u00e1vy\"],\"inLanguage\":\"cs-CZ\"},{\"@type\":\"WebPage\",\"@id\":\"https:\/\/www.smedemokrati.sk\/kauzu-vietnamec-chcu-zamiest-pod-koberec-zatial-co-slusnych-curillovcov-dostat-za-mreze\/\",\"url\":\"https:\/\/www.smedemokrati.sk\/kauzu-vietnamec-chcu-zamiest-pod-koberec-zatial-co-slusnych-curillovcov-dostat-za-mreze\/\",\"name\":\"Kauzu Vietnamec chc\u00fa zamies\u0165 pod koberec, zatia\u013e \u010do slu\u0161n\u00fdch \u010durillovcov dosta\u0165 za mre\u017ee\",\"isPartOf\":{\"@id\":\"https:\/\/www.smedemokrati.sk\/#website\"},\"primaryImageOfPage\":{\"@id\":\"https:\/\/www.smedemokrati.sk\/kauzu-vietnamec-chcu-zamiest-pod-koberec-zatial-co-slusnych-curillovcov-dostat-za-mreze\/#primaryimage\"},\"image\":{\"@id\":\"https:\/\/www.smedemokrati.sk\/kauzu-vietnamec-chcu-zamiest-pod-koberec-zatial-co-slusnych-curillovcov-dostat-za-mreze\/#primaryimage\"},\"thumbnailUrl\":\"https:\/\/www.smedemokrati.sk\/wp-content\/uploads\/2024\/05\/vietnamec-scaled.jpg\",\"datePublished\":\"2024-05-30T13:36:21+00:00\",\"dateModified\":\"2024-06-14T05:27:16+00:00\",\"breadcrumb\":{\"@id\":\"https:\/\/www.smedemokrati.sk\/kauzu-vietnamec-chcu-zamiest-pod-koberec-zatial-co-slusnych-curillovcov-dostat-za-mreze\/#breadcrumb\"},\"inLanguage\":\"cs-CZ\",\"potentialAction\":[{\"@type\":\"ReadAction\",\"target\":[\"https:\/\/www.smedemokrati.sk\/kauzu-vietnamec-chcu-zamiest-pod-koberec-zatial-co-slusnych-curillovcov-dostat-za-mreze\/\"]}]},{\"@type\":\"ImageObject\",\"inLanguage\":\"cs-CZ\",\"@id\":\"https:\/\/www.smedemokrati.sk\/kauzu-vietnamec-chcu-zamiest-pod-koberec-zatial-co-slusnych-curillovcov-dostat-za-mreze\/#primaryimage\",\"url\":\"https:\/\/www.smedemokrati.sk\/wp-content\/uploads\/2024\/05\/vietnamec-scaled.jpg\",\"contentUrl\":\"https:\/\/www.smedemokrati.sk\/wp-content\/uploads\/2024\/05\/vietnamec-scaled.jpg\",\"width\":2560,\"height\":1391},{\"@type\":\"BreadcrumbList\",\"@id\":\"https:\/\/www.smedemokrati.sk\/kauzu-vietnamec-chcu-zamiest-pod-koberec-zatial-co-slusnych-curillovcov-dostat-za-mreze\/#breadcrumb\",\"itemListElement\":[{\"@type\":\"ListItem\",\"position\":1,\"name\":\"Domovsk\u00e1 str\u00e1nka\",\"item\":\"https:\/\/www.smedemokrati.sk\/\"},{\"@type\":\"ListItem\",\"position\":2,\"name\":\"Kauzu Vietnamec chc\u00fa zamies\u0165 pod koberec, zatia\u013e \u010do slu\u0161n\u00fdch \u010durillovcov dosta\u0165 za mre\u017ee\"}]},{\"@type\":\"WebSite\",\"@id\":\"https:\/\/www.smedemokrati.sk\/#website\",\"url\":\"https:\/\/www.smedemokrati.sk\/\",\"name\":\"Smedemokrati.sk\",\"description\":\"Demokracia a slu\u0161nos\u0165 zv\u00ed\u0165az\u00ed\",\"publisher\":{\"@id\":\"https:\/\/www.smedemokrati.sk\/#organization\"},\"potentialAction\":[{\"@type\":\"SearchAction\",\"target\":{\"@type\":\"EntryPoint\",\"urlTemplate\":\"https:\/\/www.smedemokrati.sk\/?s={search_term_string}\"},\"query-input\":{\"@type\":\"PropertyValueSpecification\",\"valueRequired\":true,\"valueName\":\"search_term_string\"}}],\"inLanguage\":\"cs-CZ\"},{\"@type\":\"Organization\",\"@id\":\"https:\/\/www.smedemokrati.sk\/#organization\",\"name\":\"Smedemokrati.sk\",\"url\":\"https:\/\/www.smedemokrati.sk\/\",\"logo\":{\"@type\":\"ImageObject\",\"inLanguage\":\"cs-CZ\",\"@id\":\"https:\/\/www.smedemokrati.sk\/#\/schema\/logo\/image\/\",\"url\":\"https:\/\/www.smedemokrati.sk\/wp-content\/uploads\/2023\/04\/ff.002.jpeg\",\"contentUrl\":\"https:\/\/www.smedemokrati.sk\/wp-content\/uploads\/2023\/04\/ff.002.jpeg\",\"width\":640,\"height\":480,\"caption\":\"Smedemokrati.sk\"},\"image\":{\"@id\":\"https:\/\/www.smedemokrati.sk\/#\/schema\/logo\/image\/\"},\"sameAs\":[\"https:\/\/www.facebook.com\/smedemokrati2023\"]},{\"@type\":\"Person\",\"@id\":\"https:\/\/www.smedemokrati.sk\/#\/schema\/person\/21f147c88d605aa7ded900e1e7c344ba\",\"name\":\"miro.sopko\",\"image\":{\"@type\":\"ImageObject\",\"inLanguage\":\"cs-CZ\",\"@id\":\"https:\/\/secure.gravatar.com\/avatar\/267e4a36f704376c109afe3a78740c1f5dd8675a2180a908699e7863c9247606?s=96&d=mm&r=g\",\"url\":\"https:\/\/secure.gravatar.com\/avatar\/267e4a36f704376c109afe3a78740c1f5dd8675a2180a908699e7863c9247606?s=96&d=mm&r=g\",\"contentUrl\":\"https:\/\/secure.gravatar.com\/avatar\/267e4a36f704376c109afe3a78740c1f5dd8675a2180a908699e7863c9247606?s=96&d=mm&r=g\",\"caption\":\"miro.sopko\"},\"url\":\"https:\/\/www.smedemokrati.sk\/cs\/author\/miro-sopko\/\"}]}<\/script>\n<!-- \/ Yoast SEO plugin. -->","yoast_head_json":{"title":"Kauzu Vietnamec chc\u00fa zamies\u0165 pod koberec, zatia\u013e \u010do slu\u0161n\u00fdch \u010durillovcov dosta\u0165 za mre\u017ee","robots":{"index":"index","follow":"follow","max-snippet":"max-snippet:-1","max-image-preview":"max-image-preview:large","max-video-preview":"max-video-preview:-1"},"canonical":"https:\/\/www.smedemokrati.sk\/cs\/kauzu-vietnamec-chcu-zamiest-pod-koberec-zatial-co-slusnych-curillovcov-dostat-za-mreze\/","og_locale":"cs_CZ","og_type":"article","og_title":"[:sk]Kauzu Vietnamec chc\u00fa zamies\u0165 pod koberec, zatia\u013e \u010do slu\u0161n\u00fdch \u010durillovcov dosta\u0165 za mre\u017ee[:] - Smedemokrati.sk","og_description":"Policajn\u00e1 in\u0161pekcia dnes navrhla ob\u017ealova\u0165 siedmich policajtov, zn\u00e1mych ako \u010durillovci. Pod\u013ea strany Demokrati ide o \u00fa\u010delov\u00e9 konanie s politick\u00fdm pozad\u00edm. Strana tie\u017e informovala, \u017ee krajsk\u00e1 prokurat\u00fara v Bratislave mala zru\u0161i\u0165 uznesenie o obvinen\u00ed v kauze Vietnamec, to bolo pr\u00e1voplatn\u00e9 len jeden de\u0148. Z\u00e1rove\u0148 prokurat\u00fara rozhodla o presune kauzy spod NAKA na policajn\u00fa in\u0161pekciu. Pod\u013ea Demokratov [&hellip;]","og_url":"https:\/\/www.smedemokrati.sk\/cs\/kauzu-vietnamec-chcu-zamiest-pod-koberec-zatial-co-slusnych-curillovcov-dostat-za-mreze\/","og_site_name":"Smedemokrati.sk","article_publisher":"https:\/\/www.facebook.com\/smedemokrati2023","article_published_time":"2024-05-30T13:36:21+00:00","article_modified_time":"2024-06-14T05:27:16+00:00","og_image":[{"width":2560,"height":1391,"url":"https:\/\/www.smedemokrati.sk\/wp-content\/uploads\/2024\/05\/vietnamec-scaled.jpg","type":"image\/jpeg"}],"author":"miro.sopko","twitter_card":"summary_large_image","twitter_misc":{"Napsal(a)":"miro.sopko","Odhadovan\u00e1 doba \u010dten\u00ed":"3 minuty"},"schema":{"@context":"https:\/\/schema.org","@graph":[{"@type":"Article","@id":"https:\/\/www.smedemokrati.sk\/kauzu-vietnamec-chcu-zamiest-pod-koberec-zatial-co-slusnych-curillovcov-dostat-za-mreze\/#article","isPartOf":{"@id":"https:\/\/www.smedemokrati.sk\/kauzu-vietnamec-chcu-zamiest-pod-koberec-zatial-co-slusnych-curillovcov-dostat-za-mreze\/"},"author":{"name":"miro.sopko","@id":"https:\/\/www.smedemokrati.sk\/#\/schema\/person\/21f147c88d605aa7ded900e1e7c344ba"},"headline":"Kauzu Vietnamec chc\u00fa zamies\u0165 pod koberec, zatia\u013e \u010do slu\u0161n\u00fdch \u010durillovcov dosta\u0165 za mre\u017ee","datePublished":"2024-05-30T13:36:21+00:00","dateModified":"2024-06-14T05:27:16+00:00","mainEntityOfPage":{"@id":"https:\/\/www.smedemokrati.sk\/kauzu-vietnamec-chcu-zamiest-pod-koberec-zatial-co-slusnych-curillovcov-dostat-za-mreze\/"},"wordCount":517,"publisher":{"@id":"https:\/\/www.smedemokrati.sk\/#organization"},"image":{"@id":"https:\/\/www.smedemokrati.sk\/kauzu-vietnamec-chcu-zamiest-pod-koberec-zatial-co-slusnych-curillovcov-dostat-za-mreze\/#primaryimage"},"thumbnailUrl":"https:\/\/www.smedemokrati.sk\/wp-content\/uploads\/2024\/05\/vietnamec-scaled.jpg","articleSection":["Tla\u010dov\u00e9 spr\u00e1vy"],"inLanguage":"cs-CZ"},{"@type":"WebPage","@id":"https:\/\/www.smedemokrati.sk\/kauzu-vietnamec-chcu-zamiest-pod-koberec-zatial-co-slusnych-curillovcov-dostat-za-mreze\/","url":"https:\/\/www.smedemokrati.sk\/kauzu-vietnamec-chcu-zamiest-pod-koberec-zatial-co-slusnych-curillovcov-dostat-za-mreze\/","name":"Kauzu Vietnamec chc\u00fa zamies\u0165 pod koberec, zatia\u013e \u010do slu\u0161n\u00fdch \u010durillovcov dosta\u0165 za mre\u017ee","isPartOf":{"@id":"https:\/\/www.smedemokrati.sk\/#website"},"primaryImageOfPage":{"@id":"https:\/\/www.smedemokrati.sk\/kauzu-vietnamec-chcu-zamiest-pod-koberec-zatial-co-slusnych-curillovcov-dostat-za-mreze\/#primaryimage"},"image":{"@id":"https:\/\/www.smedemokrati.sk\/kauzu-vietnamec-chcu-zamiest-pod-koberec-zatial-co-slusnych-curillovcov-dostat-za-mreze\/#primaryimage"},"thumbnailUrl":"https:\/\/www.smedemokrati.sk\/wp-content\/uploads\/2024\/05\/vietnamec-scaled.jpg","datePublished":"2024-05-30T13:36:21+00:00","dateModified":"2024-06-14T05:27:16+00:00","breadcrumb":{"@id":"https:\/\/www.smedemokrati.sk\/kauzu-vietnamec-chcu-zamiest-pod-koberec-zatial-co-slusnych-curillovcov-dostat-za-mreze\/#breadcrumb"},"inLanguage":"cs-CZ","potentialAction":[{"@type":"ReadAction","target":["https:\/\/www.smedemokrati.sk\/kauzu-vietnamec-chcu-zamiest-pod-koberec-zatial-co-slusnych-curillovcov-dostat-za-mreze\/"]}]},{"@type":"ImageObject","inLanguage":"cs-CZ","@id":"https:\/\/www.smedemokrati.sk\/kauzu-vietnamec-chcu-zamiest-pod-koberec-zatial-co-slusnych-curillovcov-dostat-za-mreze\/#primaryimage","url":"https:\/\/www.smedemokrati.sk\/wp-content\/uploads\/2024\/05\/vietnamec-scaled.jpg","contentUrl":"https:\/\/www.smedemokrati.sk\/wp-content\/uploads\/2024\/05\/vietnamec-scaled.jpg","width":2560,"height":1391},{"@type":"BreadcrumbList","@id":"https:\/\/www.smedemokrati.sk\/kauzu-vietnamec-chcu-zamiest-pod-koberec-zatial-co-slusnych-curillovcov-dostat-za-mreze\/#breadcrumb","itemListElement":[{"@type":"ListItem","position":1,"name":"Domovsk\u00e1 str\u00e1nka","item":"https:\/\/www.smedemokrati.sk\/"},{"@type":"ListItem","position":2,"name":"Kauzu Vietnamec chc\u00fa zamies\u0165 pod koberec, zatia\u013e \u010do slu\u0161n\u00fdch \u010durillovcov dosta\u0165 za mre\u017ee"}]},{"@type":"WebSite","@id":"https:\/\/www.smedemokrati.sk\/#website","url":"https:\/\/www.smedemokrati.sk\/","name":"Smedemokrati.sk","description":"Demokracia a slu\u0161nos\u0165 zv\u00ed\u0165az\u00ed","publisher":{"@id":"https:\/\/www.smedemokrati.sk\/#organization"},"potentialAction":[{"@type":"SearchAction","target":{"@type":"EntryPoint","urlTemplate":"https:\/\/www.smedemokrati.sk\/?s={search_term_string}"},"query-input":{"@type":"PropertyValueSpecification","valueRequired":true,"valueName":"search_term_string"}}],"inLanguage":"cs-CZ"},{"@type":"Organization","@id":"https:\/\/www.smedemokrati.sk\/#organization","name":"Smedemokrati.sk","url":"https:\/\/www.smedemokrati.sk\/","logo":{"@type":"ImageObject","inLanguage":"cs-CZ","@id":"https:\/\/www.smedemokrati.sk\/#\/schema\/logo\/image\/","url":"https:\/\/www.smedemokrati.sk\/wp-content\/uploads\/2023\/04\/ff.002.jpeg","contentUrl":"https:\/\/www.smedemokrati.sk\/wp-content\/uploads\/2023\/04\/ff.002.jpeg","width":640,"height":480,"caption":"Smedemokrati.sk"},"image":{"@id":"https:\/\/www.smedemokrati.sk\/#\/schema\/logo\/image\/"},"sameAs":["https:\/\/www.facebook.com\/smedemokrati2023"]},{"@type":"Person","@id":"https:\/\/www.smedemokrati.sk\/#\/schema\/person\/21f147c88d605aa7ded900e1e7c344ba","name":"miro.sopko","image":{"@type":"ImageObject","inLanguage":"cs-CZ","@id":"https:\/\/secure.gravatar.com\/avatar\/267e4a36f704376c109afe3a78740c1f5dd8675a2180a908699e7863c9247606?s=96&d=mm&r=g","url":"https:\/\/secure.gravatar.com\/avatar\/267e4a36f704376c109afe3a78740c1f5dd8675a2180a908699e7863c9247606?s=96&d=mm&r=g","contentUrl":"https:\/\/secure.gravatar.com\/avatar\/267e4a36f704376c109afe3a78740c1f5dd8675a2180a908699e7863c9247606?s=96&d=mm&r=g","caption":"miro.sopko"},"url":"https:\/\/www.smedemokrati.sk\/cs\/author\/miro-sopko\/"}]}},"_links":{"self":[{"href":"https:\/\/www.smedemokrati.sk\/cs\/wp-json\/wp\/v2\/posts\/4256","targetHints":{"allow":["GET"]}}],"collection":[{"href":"https:\/\/www.smedemokrati.sk\/cs\/wp-json\/wp\/v2\/posts"}],"about":[{"href":"https:\/\/www.smedemokrati.sk\/cs\/wp-json\/wp\/v2\/types\/post"}],"author":[{"embeddable":true,"href":"https:\/\/www.smedemokrati.sk\/cs\/wp-json\/wp\/v2\/users\/13"}],"replies":[{"embeddable":true,"href":"https:\/\/www.smedemokrati.sk\/cs\/wp-json\/wp\/v2\/comments?post=4256"}],"version-history":[{"count":1,"href":"https:\/\/www.smedemokrati.sk\/cs\/wp-json\/wp\/v2\/posts\/4256\/revisions"}],"predecessor-version":[{"id":4259,"href":"https:\/\/www.smedemokrati.sk\/cs\/wp-json\/wp\/v2\/posts\/4256\/revisions\/4259"}],"wp:featuredmedia":[{"embeddable":true,"href":"https:\/\/www.smedemokrati.sk\/cs\/wp-json\/wp\/v2\/media\/4258"}],"wp:attachment":[{"href":"https:\/\/www.smedemokrati.sk\/cs\/wp-json\/wp\/v2\/media?parent=4256"}],"wp:term":[{"taxonomy":"category","embeddable":true,"href":"https:\/\/www.smedemokrati.sk\/cs\/wp-json\/wp\/v2\/categories?post=4256"},{"taxonomy":"post_tag","embeddable":true,"href":"https:\/\/www.smedemokrati.sk\/cs\/wp-json\/wp\/v2\/tags?post=4256"}],"curies":[{"name":"wp","href":"https:\/\/api.w.org\/{rel}","templated":true}]}}