{"id":4133,"date":"2024-05-13T13:53:29","date_gmt":"2024-05-13T12:53:29","guid":{"rendered":"https:\/\/www.smedemokrati.sk\/?p=4133"},"modified":"2024-05-20T10:37:21","modified_gmt":"2024-05-20T09:37:21","slug":"legendarna-diskusia-sa-vracia-do-michaloviec","status":"publish","type":"post","link":"https:\/\/www.smedemokrati.sk\/cs\/legendarna-diskusia-sa-vracia-do-michaloviec\/","title":{"rendered":"Legend\u00e1rna diskusia sa vracia do Michaloviec\u00a0"},"content":{"rendered":"<div id=\"fb-root\"><\/div>\n\n<p><strong>Po vy\u0161e roku sa na jednom p\u00f3diu op\u00e4\u0165 stretne exminister obrany Jaroslav Na\u010f a b\u00fdval\u00fd minister zahrani\u010dn\u00fdch vec\u00ed Rastislav K\u00e1\u010der. Ide o podujatie, na ktor\u00e9 svojho \u010dasu navozili dnes vl\u00e1dne strany \u013eud\u00ed, ktor\u00ed mali z\u00e1merne diskusiu preru\u0161ova\u0165 a vulgarizova\u0165. Strana tak chce uk\u00e1za\u0165, \u017ee to, \u010doho bolo svedkom cel\u00e9 Slovensko, nie je skuto\u010dn\u00fd obraz spolo\u010dnosti a i\u0161lo o cielen\u00fa pr\u00e1cu za \u00fa\u010delom z\u00edskania politick\u00e9ho kapit\u00e1lu.&nbsp;<\/strong><\/p>\n\n\n\n<p><em><em><em>\u201e<\/em><\/em>Ideme do Michaloviec, kde pred vy\u0161e rokom navozili davy \u013eud\u00ed, ktor\u00ed s prep\u00e1\u010den\u00edm p\u013euli, nad\u00e1vali a mali za cie\u013e preru\u0161i\u0165 slu\u0161n\u00fa debatu. To sa im v\u0161ak nepodarilo. Chceme uk\u00e1za\u0165, \u017ee toto nie je Slovensko, toto nie s\u00fa Michalovce. Bola to podl\u00e1 agres\u00edvna kampa\u0148, ako cel\u00e9 fungovanie tejto vl\u00e1dy. Vraciame sa na miesto a dok\u00e1\u017eeme, \u017ee to bolo jedno obrovsk\u00e9 klamstvo.\u201d<\/em>\u00a0Povedal predseda Demokratov Jaroslav Na\u010f a pozval \u0161irok\u00fa verejnos\u0165, aby sa diskusie z\u00fa\u010dastnila.\u00a0<\/p>\n\n\n\n<p>Pod\u013ea exministra zahrani\u010dn\u00fdch vec\u00ed Rastislava K\u00e1\u010dera je d\u00f4le\u017eit\u00e9 chodi\u0165 do regi\u00f3nov a neb\u00e1\u0165 sa \u010deli\u0165 kon\u0161trukt\u00edvnej kritike:\u00a0<em><em><em>\u201e<\/em><\/em>Kritika patr\u00ed do politick\u00e9ho \u017eivota, no nie vulg\u00e1rna a riaden\u00e1 \u010di motivovan\u00e1 politick\u00fdm pozad\u00edm. Som r\u00e1d, \u017ee sa spolu s Jarom Na\u010fom vr\u00e1time do Michaloviec a som presved\u010den\u00fd, \u017ee tento raz p\u00f4jde o kultivovan\u00e9 stretnutie,\u201d<\/em>\u00a0uzatv\u00e1ra K\u00e1\u010der.\u00a0<\/p>\n\n\n\n<p>Link na event:&nbsp;<a rel=\"noreferrer noopener\" href=\"https:\/\/www.facebook.com\/share\/QnAufeyPBrkMDLB3\/?mibextid=9l3rBW\" target=\"_blank\">https:\/\/www.facebook.com\/share\/QnAufeyPBrkMDLB3\/?mibextid=9l3rBW<\/a><\/p>\n","protected":false},"excerpt":{"rendered":"<p>Po vy\u0161e roku sa na jednom p\u00f3diu op\u00e4\u0165 stretne exminister obrany Jaroslav Na\u010f a b\u00fdval\u00fd minister zahrani\u010dn\u00fdch vec\u00ed Rastislav K\u00e1\u010der. Ide o podujatie, na ktor\u00e9 svojho \u010dasu navozili dnes vl\u00e1dne strany \u013eud\u00ed, ktor\u00ed mali z\u00e1merne diskusiu preru\u0161ova\u0165 a vulgarizova\u0165. Strana tak chce uk\u00e1za\u0165, \u017ee to, \u010doho bolo svedkom cel\u00e9 Slovensko, nie je skuto\u010dn\u00fd obraz spolo\u010dnosti [&hellip;]<\/p>\n","protected":false},"author":13,"featured_media":4134,"comment_status":"closed","ping_status":"closed","sticky":false,"template":"","format":"standard","meta":{"_acf_changed":false,"ngg_post_thumbnail":0,"footnotes":""},"categories":[4],"tags":[],"class_list":["post-4133","post","type-post","status-publish","format-standard","has-post-thumbnail","hentry","category-tlacove-spravy"],"acf":[],"yoast_head":"<!-- This site is optimized with the Yoast SEO plugin v27.2 - https:\/\/yoast.com\/product\/yoast-seo-wordpress\/ -->\n<title>Legend\u00e1rna diskusia sa vracia do Michaloviec\u00a0<\/title>\n<meta name=\"robots\" content=\"index, follow, max-snippet:-1, max-image-preview:large, max-video-preview:-1\" \/>\n<link rel=\"canonical\" href=\"https:\/\/www.smedemokrati.sk\/cs\/legendarna-diskusia-sa-vracia-do-michaloviec\/\" \/>\n<meta property=\"og:locale\" content=\"cs_CZ\" \/>\n<meta property=\"og:locale:alternate\" content=\"en_US\" \/>\n<meta property=\"og:locale:alternate\" content=\"hu_HU\" \/>\n<meta property=\"og:locale:alternate\" content=\"sk_SK\" \/>\n<meta property=\"og:locale:alternate\" content=\"sv_SE\" \/>\n<meta property=\"og:type\" content=\"article\" \/>\n<meta property=\"og:title\" content=\"Legend\u00e1rna diskusia sa vracia do Michaloviec\u00a0\" \/>\n<meta property=\"og:description\" content=\"Po vy\u0161e roku sa na jednom p\u00f3diu op\u00e4\u0165 stretne exminister obrany Jaroslav Na\u010f a b\u00fdval\u00fd minister zahrani\u010dn\u00fdch vec\u00ed Rastislav K\u00e1\u010der. Ide o podujatie, na ktor\u00e9 svojho \u010dasu navozili dnes vl\u00e1dne strany \u013eud\u00ed, ktor\u00ed mali z\u00e1merne diskusiu preru\u0161ova\u0165 a vulgarizova\u0165. Strana tak chce uk\u00e1za\u0165, \u017ee to, \u010doho bolo svedkom cel\u00e9 Slovensko, nie je skuto\u010dn\u00fd obraz spolo\u010dnosti [&hellip;]\" \/>\n<meta property=\"og:url\" content=\"https:\/\/www.smedemokrati.sk\/cs\/legendarna-diskusia-sa-vracia-do-michaloviec\/\" \/>\n<meta property=\"og:site_name\" content=\"Smedemokrati.sk\" \/>\n<meta property=\"article:publisher\" content=\"https:\/\/www.facebook.com\/smedemokrati2023\" \/>\n<meta property=\"article:published_time\" content=\"2024-05-13T12:53:29+00:00\" \/>\n<meta property=\"article:modified_time\" content=\"2024-05-20T09:37:21+00:00\" \/>\n<meta property=\"og:image\" content=\"https:\/\/www.smedemokrati.sk\/wp-content\/uploads\/2024\/05\/nad-kacer.jpg\" \/>\n\t<meta property=\"og:image:width\" content=\"960\" \/>\n\t<meta property=\"og:image:height\" content=\"540\" \/>\n\t<meta property=\"og:image:type\" content=\"image\/jpeg\" \/>\n<meta name=\"author\" content=\"miro.sopko\" \/>\n<meta name=\"twitter:card\" content=\"summary_large_image\" \/>\n<meta name=\"twitter:label1\" content=\"Napsal(a)\" \/>\n\t<meta name=\"twitter:data1\" content=\"miro.sopko\" \/>\n\t<meta name=\"twitter:label2\" content=\"Odhadovan\u00e1 doba \u010dten\u00ed\" \/>\n\t<meta name=\"twitter:data2\" content=\"2 minuty\" \/>\n<script type=\"application\/ld+json\" class=\"yoast-schema-graph\">{\"@context\":\"https:\/\/schema.org\",\"@graph\":[{\"@type\":\"Article\",\"@id\":\"https:\/\/www.smedemokrati.sk\/legendarna-diskusia-sa-vracia-do-michaloviec\/#article\",\"isPartOf\":{\"@id\":\"https:\/\/www.smedemokrati.sk\/legendarna-diskusia-sa-vracia-do-michaloviec\/\"},\"author\":{\"name\":\"miro.sopko\",\"@id\":\"https:\/\/www.smedemokrati.sk\/#\/schema\/person\/21f147c88d605aa7ded900e1e7c344ba\"},\"headline\":\"Legend\u00e1rna diskusia sa vracia do Michaloviec\u00a0\",\"datePublished\":\"2024-05-13T12:53:29+00:00\",\"dateModified\":\"2024-05-20T09:37:21+00:00\",\"mainEntityOfPage\":{\"@id\":\"https:\/\/www.smedemokrati.sk\/legendarna-diskusia-sa-vracia-do-michaloviec\/\"},\"wordCount\":265,\"publisher\":{\"@id\":\"https:\/\/www.smedemokrati.sk\/#organization\"},\"image\":{\"@id\":\"https:\/\/www.smedemokrati.sk\/legendarna-diskusia-sa-vracia-do-michaloviec\/#primaryimage\"},\"thumbnailUrl\":\"https:\/\/www.smedemokrati.sk\/wp-content\/uploads\/2024\/05\/nad-kacer.jpg\",\"articleSection\":[\"Tla\u010dov\u00e9 spr\u00e1vy\"],\"inLanguage\":\"cs-CZ\"},{\"@type\":\"WebPage\",\"@id\":\"https:\/\/www.smedemokrati.sk\/legendarna-diskusia-sa-vracia-do-michaloviec\/\",\"url\":\"https:\/\/www.smedemokrati.sk\/legendarna-diskusia-sa-vracia-do-michaloviec\/\",\"name\":\"Legend\u00e1rna diskusia sa vracia do Michaloviec\u00a0\",\"isPartOf\":{\"@id\":\"https:\/\/www.smedemokrati.sk\/#website\"},\"primaryImageOfPage\":{\"@id\":\"https:\/\/www.smedemokrati.sk\/legendarna-diskusia-sa-vracia-do-michaloviec\/#primaryimage\"},\"image\":{\"@id\":\"https:\/\/www.smedemokrati.sk\/legendarna-diskusia-sa-vracia-do-michaloviec\/#primaryimage\"},\"thumbnailUrl\":\"https:\/\/www.smedemokrati.sk\/wp-content\/uploads\/2024\/05\/nad-kacer.jpg\",\"datePublished\":\"2024-05-13T12:53:29+00:00\",\"dateModified\":\"2024-05-20T09:37:21+00:00\",\"breadcrumb\":{\"@id\":\"https:\/\/www.smedemokrati.sk\/legendarna-diskusia-sa-vracia-do-michaloviec\/#breadcrumb\"},\"inLanguage\":\"cs-CZ\",\"potentialAction\":[{\"@type\":\"ReadAction\",\"target\":[\"https:\/\/www.smedemokrati.sk\/legendarna-diskusia-sa-vracia-do-michaloviec\/\"]}]},{\"@type\":\"ImageObject\",\"inLanguage\":\"cs-CZ\",\"@id\":\"https:\/\/www.smedemokrati.sk\/legendarna-diskusia-sa-vracia-do-michaloviec\/#primaryimage\",\"url\":\"https:\/\/www.smedemokrati.sk\/wp-content\/uploads\/2024\/05\/nad-kacer.jpg\",\"contentUrl\":\"https:\/\/www.smedemokrati.sk\/wp-content\/uploads\/2024\/05\/nad-kacer.jpg\",\"width\":960,\"height\":540},{\"@type\":\"BreadcrumbList\",\"@id\":\"https:\/\/www.smedemokrati.sk\/legendarna-diskusia-sa-vracia-do-michaloviec\/#breadcrumb\",\"itemListElement\":[{\"@type\":\"ListItem\",\"position\":1,\"name\":\"Domovsk\u00e1 str\u00e1nka\",\"item\":\"https:\/\/www.smedemokrati.sk\/\"},{\"@type\":\"ListItem\",\"position\":2,\"name\":\"Legend\u00e1rna diskusia sa vracia do Michaloviec\u00a0\"}]},{\"@type\":\"WebSite\",\"@id\":\"https:\/\/www.smedemokrati.sk\/#website\",\"url\":\"https:\/\/www.smedemokrati.sk\/\",\"name\":\"Smedemokrati.sk\",\"description\":\"Demokracia a slu\u0161nos\u0165 zv\u00ed\u0165az\u00ed\",\"publisher\":{\"@id\":\"https:\/\/www.smedemokrati.sk\/#organization\"},\"potentialAction\":[{\"@type\":\"SearchAction\",\"target\":{\"@type\":\"EntryPoint\",\"urlTemplate\":\"https:\/\/www.smedemokrati.sk\/?s={search_term_string}\"},\"query-input\":{\"@type\":\"PropertyValueSpecification\",\"valueRequired\":true,\"valueName\":\"search_term_string\"}}],\"inLanguage\":\"cs-CZ\"},{\"@type\":\"Organization\",\"@id\":\"https:\/\/www.smedemokrati.sk\/#organization\",\"name\":\"Smedemokrati.sk\",\"url\":\"https:\/\/www.smedemokrati.sk\/\",\"logo\":{\"@type\":\"ImageObject\",\"inLanguage\":\"cs-CZ\",\"@id\":\"https:\/\/www.smedemokrati.sk\/#\/schema\/logo\/image\/\",\"url\":\"https:\/\/www.smedemokrati.sk\/wp-content\/uploads\/2023\/04\/ff.002.jpeg\",\"contentUrl\":\"https:\/\/www.smedemokrati.sk\/wp-content\/uploads\/2023\/04\/ff.002.jpeg\",\"width\":640,\"height\":480,\"caption\":\"Smedemokrati.sk\"},\"image\":{\"@id\":\"https:\/\/www.smedemokrati.sk\/#\/schema\/logo\/image\/\"},\"sameAs\":[\"https:\/\/www.facebook.com\/smedemokrati2023\"]},{\"@type\":\"Person\",\"@id\":\"https:\/\/www.smedemokrati.sk\/#\/schema\/person\/21f147c88d605aa7ded900e1e7c344ba\",\"name\":\"miro.sopko\",\"image\":{\"@type\":\"ImageObject\",\"inLanguage\":\"cs-CZ\",\"@id\":\"https:\/\/secure.gravatar.com\/avatar\/267e4a36f704376c109afe3a78740c1f5dd8675a2180a908699e7863c9247606?s=96&d=mm&r=g\",\"url\":\"https:\/\/secure.gravatar.com\/avatar\/267e4a36f704376c109afe3a78740c1f5dd8675a2180a908699e7863c9247606?s=96&d=mm&r=g\",\"contentUrl\":\"https:\/\/secure.gravatar.com\/avatar\/267e4a36f704376c109afe3a78740c1f5dd8675a2180a908699e7863c9247606?s=96&d=mm&r=g\",\"caption\":\"miro.sopko\"},\"url\":\"https:\/\/www.smedemokrati.sk\/cs\/author\/miro-sopko\/\"}]}<\/script>\n<!-- \/ Yoast SEO plugin. -->","yoast_head_json":{"title":"Legend\u00e1rna diskusia sa vracia do Michaloviec\u00a0","robots":{"index":"index","follow":"follow","max-snippet":"max-snippet:-1","max-image-preview":"max-image-preview:large","max-video-preview":"max-video-preview:-1"},"canonical":"https:\/\/www.smedemokrati.sk\/cs\/legendarna-diskusia-sa-vracia-do-michaloviec\/","og_locale":"cs_CZ","og_type":"article","og_title":"[:sk]Legend\u00e1rna diskusia sa vracia do Michaloviec\u00a0[:] - Smedemokrati.sk","og_description":"Po vy\u0161e roku sa na jednom p\u00f3diu op\u00e4\u0165 stretne exminister obrany Jaroslav Na\u010f a b\u00fdval\u00fd minister zahrani\u010dn\u00fdch vec\u00ed Rastislav K\u00e1\u010der. Ide o podujatie, na ktor\u00e9 svojho \u010dasu navozili dnes vl\u00e1dne strany \u013eud\u00ed, ktor\u00ed mali z\u00e1merne diskusiu preru\u0161ova\u0165 a vulgarizova\u0165. Strana tak chce uk\u00e1za\u0165, \u017ee to, \u010doho bolo svedkom cel\u00e9 Slovensko, nie je skuto\u010dn\u00fd obraz spolo\u010dnosti [&hellip;]","og_url":"https:\/\/www.smedemokrati.sk\/cs\/legendarna-diskusia-sa-vracia-do-michaloviec\/","og_site_name":"Smedemokrati.sk","article_publisher":"https:\/\/www.facebook.com\/smedemokrati2023","article_published_time":"2024-05-13T12:53:29+00:00","article_modified_time":"2024-05-20T09:37:21+00:00","og_image":[{"width":960,"height":540,"url":"https:\/\/www.smedemokrati.sk\/wp-content\/uploads\/2024\/05\/nad-kacer.jpg","type":"image\/jpeg"}],"author":"miro.sopko","twitter_card":"summary_large_image","twitter_misc":{"Napsal(a)":"miro.sopko","Odhadovan\u00e1 doba \u010dten\u00ed":"2 minuty"},"schema":{"@context":"https:\/\/schema.org","@graph":[{"@type":"Article","@id":"https:\/\/www.smedemokrati.sk\/legendarna-diskusia-sa-vracia-do-michaloviec\/#article","isPartOf":{"@id":"https:\/\/www.smedemokrati.sk\/legendarna-diskusia-sa-vracia-do-michaloviec\/"},"author":{"name":"miro.sopko","@id":"https:\/\/www.smedemokrati.sk\/#\/schema\/person\/21f147c88d605aa7ded900e1e7c344ba"},"headline":"Legend\u00e1rna diskusia sa vracia do Michaloviec\u00a0","datePublished":"2024-05-13T12:53:29+00:00","dateModified":"2024-05-20T09:37:21+00:00","mainEntityOfPage":{"@id":"https:\/\/www.smedemokrati.sk\/legendarna-diskusia-sa-vracia-do-michaloviec\/"},"wordCount":265,"publisher":{"@id":"https:\/\/www.smedemokrati.sk\/#organization"},"image":{"@id":"https:\/\/www.smedemokrati.sk\/legendarna-diskusia-sa-vracia-do-michaloviec\/#primaryimage"},"thumbnailUrl":"https:\/\/www.smedemokrati.sk\/wp-content\/uploads\/2024\/05\/nad-kacer.jpg","articleSection":["Tla\u010dov\u00e9 spr\u00e1vy"],"inLanguage":"cs-CZ"},{"@type":"WebPage","@id":"https:\/\/www.smedemokrati.sk\/legendarna-diskusia-sa-vracia-do-michaloviec\/","url":"https:\/\/www.smedemokrati.sk\/legendarna-diskusia-sa-vracia-do-michaloviec\/","name":"Legend\u00e1rna diskusia sa vracia do Michaloviec\u00a0","isPartOf":{"@id":"https:\/\/www.smedemokrati.sk\/#website"},"primaryImageOfPage":{"@id":"https:\/\/www.smedemokrati.sk\/legendarna-diskusia-sa-vracia-do-michaloviec\/#primaryimage"},"image":{"@id":"https:\/\/www.smedemokrati.sk\/legendarna-diskusia-sa-vracia-do-michaloviec\/#primaryimage"},"thumbnailUrl":"https:\/\/www.smedemokrati.sk\/wp-content\/uploads\/2024\/05\/nad-kacer.jpg","datePublished":"2024-05-13T12:53:29+00:00","dateModified":"2024-05-20T09:37:21+00:00","breadcrumb":{"@id":"https:\/\/www.smedemokrati.sk\/legendarna-diskusia-sa-vracia-do-michaloviec\/#breadcrumb"},"inLanguage":"cs-CZ","potentialAction":[{"@type":"ReadAction","target":["https:\/\/www.smedemokrati.sk\/legendarna-diskusia-sa-vracia-do-michaloviec\/"]}]},{"@type":"ImageObject","inLanguage":"cs-CZ","@id":"https:\/\/www.smedemokrati.sk\/legendarna-diskusia-sa-vracia-do-michaloviec\/#primaryimage","url":"https:\/\/www.smedemokrati.sk\/wp-content\/uploads\/2024\/05\/nad-kacer.jpg","contentUrl":"https:\/\/www.smedemokrati.sk\/wp-content\/uploads\/2024\/05\/nad-kacer.jpg","width":960,"height":540},{"@type":"BreadcrumbList","@id":"https:\/\/www.smedemokrati.sk\/legendarna-diskusia-sa-vracia-do-michaloviec\/#breadcrumb","itemListElement":[{"@type":"ListItem","position":1,"name":"Domovsk\u00e1 str\u00e1nka","item":"https:\/\/www.smedemokrati.sk\/"},{"@type":"ListItem","position":2,"name":"Legend\u00e1rna diskusia sa vracia do Michaloviec\u00a0"}]},{"@type":"WebSite","@id":"https:\/\/www.smedemokrati.sk\/#website","url":"https:\/\/www.smedemokrati.sk\/","name":"Smedemokrati.sk","description":"Demokracia a slu\u0161nos\u0165 zv\u00ed\u0165az\u00ed","publisher":{"@id":"https:\/\/www.smedemokrati.sk\/#organization"},"potentialAction":[{"@type":"SearchAction","target":{"@type":"EntryPoint","urlTemplate":"https:\/\/www.smedemokrati.sk\/?s={search_term_string}"},"query-input":{"@type":"PropertyValueSpecification","valueRequired":true,"valueName":"search_term_string"}}],"inLanguage":"cs-CZ"},{"@type":"Organization","@id":"https:\/\/www.smedemokrati.sk\/#organization","name":"Smedemokrati.sk","url":"https:\/\/www.smedemokrati.sk\/","logo":{"@type":"ImageObject","inLanguage":"cs-CZ","@id":"https:\/\/www.smedemokrati.sk\/#\/schema\/logo\/image\/","url":"https:\/\/www.smedemokrati.sk\/wp-content\/uploads\/2023\/04\/ff.002.jpeg","contentUrl":"https:\/\/www.smedemokrati.sk\/wp-content\/uploads\/2023\/04\/ff.002.jpeg","width":640,"height":480,"caption":"Smedemokrati.sk"},"image":{"@id":"https:\/\/www.smedemokrati.sk\/#\/schema\/logo\/image\/"},"sameAs":["https:\/\/www.facebook.com\/smedemokrati2023"]},{"@type":"Person","@id":"https:\/\/www.smedemokrati.sk\/#\/schema\/person\/21f147c88d605aa7ded900e1e7c344ba","name":"miro.sopko","image":{"@type":"ImageObject","inLanguage":"cs-CZ","@id":"https:\/\/secure.gravatar.com\/avatar\/267e4a36f704376c109afe3a78740c1f5dd8675a2180a908699e7863c9247606?s=96&d=mm&r=g","url":"https:\/\/secure.gravatar.com\/avatar\/267e4a36f704376c109afe3a78740c1f5dd8675a2180a908699e7863c9247606?s=96&d=mm&r=g","contentUrl":"https:\/\/secure.gravatar.com\/avatar\/267e4a36f704376c109afe3a78740c1f5dd8675a2180a908699e7863c9247606?s=96&d=mm&r=g","caption":"miro.sopko"},"url":"https:\/\/www.smedemokrati.sk\/cs\/author\/miro-sopko\/"}]}},"_links":{"self":[{"href":"https:\/\/www.smedemokrati.sk\/cs\/wp-json\/wp\/v2\/posts\/4133","targetHints":{"allow":["GET"]}}],"collection":[{"href":"https:\/\/www.smedemokrati.sk\/cs\/wp-json\/wp\/v2\/posts"}],"about":[{"href":"https:\/\/www.smedemokrati.sk\/cs\/wp-json\/wp\/v2\/types\/post"}],"author":[{"embeddable":true,"href":"https:\/\/www.smedemokrati.sk\/cs\/wp-json\/wp\/v2\/users\/13"}],"replies":[{"embeddable":true,"href":"https:\/\/www.smedemokrati.sk\/cs\/wp-json\/wp\/v2\/comments?post=4133"}],"version-history":[{"count":1,"href":"https:\/\/www.smedemokrati.sk\/cs\/wp-json\/wp\/v2\/posts\/4133\/revisions"}],"predecessor-version":[{"id":4135,"href":"https:\/\/www.smedemokrati.sk\/cs\/wp-json\/wp\/v2\/posts\/4133\/revisions\/4135"}],"wp:featuredmedia":[{"embeddable":true,"href":"https:\/\/www.smedemokrati.sk\/cs\/wp-json\/wp\/v2\/media\/4134"}],"wp:attachment":[{"href":"https:\/\/www.smedemokrati.sk\/cs\/wp-json\/wp\/v2\/media?parent=4133"}],"wp:term":[{"taxonomy":"category","embeddable":true,"href":"https:\/\/www.smedemokrati.sk\/cs\/wp-json\/wp\/v2\/categories?post=4133"},{"taxonomy":"post_tag","embeddable":true,"href":"https:\/\/www.smedemokrati.sk\/cs\/wp-json\/wp\/v2\/tags?post=4133"}],"curies":[{"name":"wp","href":"https:\/\/api.w.org\/{rel}","templated":true}]}}