{"id":4110,"date":"2024-05-09T08:21:36","date_gmt":"2024-05-09T07:21:36","guid":{"rendered":"https:\/\/www.smedemokrati.sk\/?p=4110"},"modified":"2024-05-10T11:20:53","modified_gmt":"2024-05-10T10:20:53","slug":"prva-podpora-do-eurovolieb-pre-demokratov-arcibiskup-robert-bezak-ocenuje-sluzbu-ludom-jany-zitnanskej-a-stefana-hamrana","status":"publish","type":"post","link":"https:\/\/www.smedemokrati.sk\/cs\/prva-podpora-do-eurovolieb-pre-demokratov-arcibiskup-robert-bezak-ocenuje-sluzbu-ludom-jany-zitnanskej-a-stefana-hamrana\/","title":{"rendered":"Prv\u00e1 podpora do eurovolieb pre Demokratov: Arcibiskup R\u00f3bert Bez\u00e1k oce\u0148uje slu\u017ebu \u013eu\u010fom Jany \u017dit\u0148anskej a \u0160tefana Hamrana"},"content":{"rendered":"<div id=\"fb-root\"><\/div>\n\n<p><strong>Pod\u013ea emeritn\u00e9ho arcibiskupa Bez\u00e1ka je d\u00f4le\u017eit\u00e9, aby v Eur\u00f3pskom parlamente bolo zast\u00fapenie, ktor\u00e9 chr\u00e1ni zdravotne znev\u00fdhodnen\u00fdch a z\u00e1rove\u0148 odborne spolupracuje a zast\u00e1va sa t\u00fdch, ktor\u00ed sa o t\u00fato skupinu \u013eud\u00ed akt\u00edvne staraj\u00fa. Arcibiskup z\u00e1rove\u0148 hovor\u00ed, \u017ee \u201cbez spravodlivosti niet v spolo\u010dnosti pokoja\u201d, preto oce\u0148uje neust\u00e1lu snahu Demokratov a zvl\u00e1\u0161\u0165 \u0160tefana Hamrana v boji za pravdu a spravodlivos\u0165.<\/strong><\/p>\n\n\n\n<p><em><em><em>\u201e<\/em><\/em>Ka\u017ed\u00fd z n\u00e1s sa stretol s niek\u00fdm, kto m\u00e1 zdravotn\u00e9 znev\u00fdhodnenie a z t\u00fdchto stretnut\u00ed je n\u00e1m jasn\u00e9, \u017ee s\u00fa to naozaj n\u00e1ro\u010dn\u00e9 situ\u00e1cie. Chcem vyzdvihn\u00fa\u0165 t\u00fdch, ktor\u00ed si t\u00fa staros\u0165 o t\u00fato skupinu \u013eud\u00ed zobrali za osobn\u00fa \u00falohu. Janka \u017dit\u0148ansk\u00e1 tejto oblasti venuje u\u017e ve\u013ea rokov,\u00a0 dokonca, poviem, \u017ee tomu zasv\u00e4tila ve\u013ek\u00fa \u010das\u0165 svojho \u017eivota, a to vid\u00ed ka\u017ed\u00fd. Bol by som r\u00e1d, ak by t\u00fato mo\u017enos\u0165 mala aj z Eur\u00f3pskeho parlamentu &#8211; pom\u00f4c\u0165 znev\u00fdhodnen\u00fdm a t\u00fdm, ktor\u00ed sa o nich staraj\u00fa,\u201d\u00a0<\/em>povedal na margo kandid\u00e1tky za Demokratov Jany \u017dit\u0148anskej, ktor\u00e1 u\u017e Slovensko v minulosti reprezentovala v Eur\u00f3pskom parlamente a na z\u00e1ver svojho mand\u00e1tu bola vyhodnoten\u00e1 ako\u00a0 najakt\u00edvnej\u0161ia slovensk\u00e1 europoslanky\u0148a,. Po\u010das svojho p\u00f4sobenia sa zasadila o mno\u017estvo prospe\u0161n\u00fdch zmien pr\u00e1ve pre komunitu znev\u00fdhodnen\u00fdch nielen na eur\u00f3pskej \u00farovni, ale aj v slovenskej legislat\u00edve.<\/p>\n\n\n\n<p>Osobn\u00fa podporu od r\u00edmskokatol\u00edckeho biskupa a niekdaj\u0161ieho arcibiskupa Trnavskej arcidiec\u00e9zy Bez\u00e1ka dostal aj b\u00fdval\u00fd \u0161\u00e9f policajtov \u0160tefan Hamran:\u00a0<em><em><em>\u201e<\/em><\/em>Bez spravodlivosti niet pokoja a ten si zasl\u00fa\u017ei ka\u017ed\u00fd. Mysl\u00edm si, \u017ee \u0160tefan Hamran, v\u017edy ke\u010f to bolo treba, st\u00e1l na strane pravdy a t\u00fdch, ktor\u00ed boli v danej situ\u00e1ci\u00ed v nev\u00fdhode. Nie preto, \u017eeby im ch\u00fdbali argumenty alebo fakty. Jednoducho preto, \u017ee niektor\u00fdch a\u017e pr\u00edli\u0161 opantala moc a dok\u00e1zali pre \u0148u urobi\u0165 v\u0161etko. \u0160tefan sa neb\u00e1l obhajova\u0165 svojich kolegov, aj ke\u010f to boli \u0165a\u017ek\u00e9 boje. Pravda v\u017edy zv\u00ed\u0165az\u00ed, aj ke\u010f m\u00e1 mo\u017eno dlh\u0161iu cestu medzi \u013eud\u00ed,\u201d\u00a0<\/em>uzavrel R\u00f3bert Bez\u00e1k.<\/p>\n\n\n\n<iframe src=\"https:\/\/www.facebook.com\/plugins\/video.php?href=https%3A%2F%2Fwww.facebook.com%2Fsmedemokrati2023%2Fvideos%2F3629604507291935%2F&#038;width=600&#038;show_text=false&#038;appId=361313990972954&#038;height=1067\" width=\"600\" height=\"1067\" style=\"border:none;overflow:hidden\" scrolling=\"no\" frameborder=\"0\" allowfullscreen=\"true\" allow=\"autoplay; clipboard-write; encrypted-media; picture-in-picture; web-share\" allowFullScreen=\"true\"><\/iframe>\n","protected":false},"excerpt":{"rendered":"<p>Pod\u013ea emeritn\u00e9ho arcibiskupa Bez\u00e1ka je d\u00f4le\u017eit\u00e9, aby v Eur\u00f3pskom parlamente bolo zast\u00fapenie, ktor\u00e9 chr\u00e1ni zdravotne znev\u00fdhodnen\u00fdch a z\u00e1rove\u0148 odborne spolupracuje a zast\u00e1va sa t\u00fdch, ktor\u00ed sa o t\u00fato skupinu \u013eud\u00ed akt\u00edvne staraj\u00fa. Arcibiskup z\u00e1rove\u0148 hovor\u00ed, \u017ee \u201cbez spravodlivosti niet v spolo\u010dnosti pokoja\u201d, preto oce\u0148uje neust\u00e1lu snahu Demokratov a zvl\u00e1\u0161\u0165 \u0160tefana Hamrana v boji za pravdu [&hellip;]<\/p>\n","protected":false},"author":13,"featured_media":4111,"comment_status":"closed","ping_status":"closed","sticky":false,"template":"","format":"standard","meta":{"_acf_changed":false,"ngg_post_thumbnail":0,"footnotes":""},"categories":[4],"tags":[],"class_list":["post-4110","post","type-post","status-publish","format-standard","has-post-thumbnail","hentry","category-tlacove-spravy"],"acf":[],"yoast_head":"<!-- This site is optimized with the Yoast SEO plugin v27.2 - https:\/\/yoast.com\/product\/yoast-seo-wordpress\/ -->\n<title>Prv\u00e1 podpora do eurovolieb pre Demokratov: Arcibiskup R\u00f3bert Bez\u00e1k oce\u0148uje slu\u017ebu \u013eu\u010fom Jany \u017dit\u0148anskej a \u0160tefana Hamrana<\/title>\n<meta name=\"robots\" content=\"index, follow, max-snippet:-1, max-image-preview:large, max-video-preview:-1\" \/>\n<link rel=\"canonical\" href=\"https:\/\/www.smedemokrati.sk\/cs\/prva-podpora-do-eurovolieb-pre-demokratov-arcibiskup-robert-bezak-ocenuje-sluzbu-ludom-jany-zitnanskej-a-stefana-hamrana\/\" \/>\n<meta property=\"og:locale\" content=\"cs_CZ\" \/>\n<meta property=\"og:locale:alternate\" content=\"en_US\" \/>\n<meta property=\"og:locale:alternate\" content=\"hu_HU\" \/>\n<meta property=\"og:locale:alternate\" content=\"sk_SK\" \/>\n<meta property=\"og:locale:alternate\" content=\"sv_SE\" \/>\n<meta property=\"og:type\" content=\"article\" \/>\n<meta property=\"og:title\" content=\"Prv\u00e1 podpora do eurovolieb pre Demokratov: Arcibiskup R\u00f3bert Bez\u00e1k oce\u0148uje slu\u017ebu \u013eu\u010fom Jany \u017dit\u0148anskej a \u0160tefana Hamrana\" \/>\n<meta property=\"og:description\" content=\"Pod\u013ea emeritn\u00e9ho arcibiskupa Bez\u00e1ka je d\u00f4le\u017eit\u00e9, aby v Eur\u00f3pskom parlamente bolo zast\u00fapenie, ktor\u00e9 chr\u00e1ni zdravotne znev\u00fdhodnen\u00fdch a z\u00e1rove\u0148 odborne spolupracuje a zast\u00e1va sa t\u00fdch, ktor\u00ed sa o t\u00fato skupinu \u013eud\u00ed akt\u00edvne staraj\u00fa. Arcibiskup z\u00e1rove\u0148 hovor\u00ed, \u017ee \u201cbez spravodlivosti niet v spolo\u010dnosti pokoja\u201d, preto oce\u0148uje neust\u00e1lu snahu Demokratov a zvl\u00e1\u0161\u0165 \u0160tefana Hamrana v boji za pravdu [&hellip;]\" \/>\n<meta property=\"og:url\" content=\"https:\/\/www.smedemokrati.sk\/cs\/prva-podpora-do-eurovolieb-pre-demokratov-arcibiskup-robert-bezak-ocenuje-sluzbu-ludom-jany-zitnanskej-a-stefana-hamrana\/\" \/>\n<meta property=\"og:site_name\" content=\"Smedemokrati.sk\" \/>\n<meta property=\"article:publisher\" content=\"https:\/\/www.facebook.com\/smedemokrati2023\" \/>\n<meta property=\"article:published_time\" content=\"2024-05-09T07:21:36+00:00\" \/>\n<meta property=\"article:modified_time\" content=\"2024-05-10T10:20:53+00:00\" \/>\n<meta property=\"og:image\" content=\"https:\/\/www.smedemokrati.sk\/wp-content\/uploads\/2024\/05\/JPEG-obrazok-4322-B42B-20-0-e1715239111601.jpeg\" \/>\n\t<meta property=\"og:image:width\" content=\"1200\" \/>\n\t<meta property=\"og:image:height\" content=\"720\" \/>\n\t<meta property=\"og:image:type\" content=\"image\/jpeg\" \/>\n<meta name=\"author\" content=\"miro.sopko\" \/>\n<meta name=\"twitter:card\" content=\"summary_large_image\" \/>\n<meta name=\"twitter:label1\" content=\"Napsal(a)\" \/>\n\t<meta name=\"twitter:data1\" content=\"miro.sopko\" \/>\n\t<meta name=\"twitter:label2\" content=\"Odhadovan\u00e1 doba \u010dten\u00ed\" \/>\n\t<meta name=\"twitter:data2\" content=\"2 minuty\" \/>\n<script type=\"application\/ld+json\" class=\"yoast-schema-graph\">{\"@context\":\"https:\/\/schema.org\",\"@graph\":[{\"@type\":\"Article\",\"@id\":\"https:\/\/www.smedemokrati.sk\/prva-podpora-do-eurovolieb-pre-demokratov-arcibiskup-robert-bezak-ocenuje-sluzbu-ludom-jany-zitnanskej-a-stefana-hamrana\/#article\",\"isPartOf\":{\"@id\":\"https:\/\/www.smedemokrati.sk\/prva-podpora-do-eurovolieb-pre-demokratov-arcibiskup-robert-bezak-ocenuje-sluzbu-ludom-jany-zitnanskej-a-stefana-hamrana\/\"},\"author\":{\"name\":\"miro.sopko\",\"@id\":\"https:\/\/www.smedemokrati.sk\/#\/schema\/person\/21f147c88d605aa7ded900e1e7c344ba\"},\"headline\":\"Prv\u00e1 podpora do eurovolieb pre Demokratov: Arcibiskup R\u00f3bert Bez\u00e1k oce\u0148uje slu\u017ebu \u013eu\u010fom Jany \u017dit\u0148anskej a \u0160tefana Hamrana\",\"datePublished\":\"2024-05-09T07:21:36+00:00\",\"dateModified\":\"2024-05-10T10:20:53+00:00\",\"mainEntityOfPage\":{\"@id\":\"https:\/\/www.smedemokrati.sk\/prva-podpora-do-eurovolieb-pre-demokratov-arcibiskup-robert-bezak-ocenuje-sluzbu-ludom-jany-zitnanskej-a-stefana-hamrana\/\"},\"wordCount\":401,\"publisher\":{\"@id\":\"https:\/\/www.smedemokrati.sk\/#organization\"},\"image\":{\"@id\":\"https:\/\/www.smedemokrati.sk\/prva-podpora-do-eurovolieb-pre-demokratov-arcibiskup-robert-bezak-ocenuje-sluzbu-ludom-jany-zitnanskej-a-stefana-hamrana\/#primaryimage\"},\"thumbnailUrl\":\"https:\/\/www.smedemokrati.sk\/wp-content\/uploads\/2024\/05\/JPEG-obrazok-4322-B42B-20-0-e1715239111601.jpeg\",\"articleSection\":[\"Tla\u010dov\u00e9 spr\u00e1vy\"],\"inLanguage\":\"cs-CZ\"},{\"@type\":\"WebPage\",\"@id\":\"https:\/\/www.smedemokrati.sk\/prva-podpora-do-eurovolieb-pre-demokratov-arcibiskup-robert-bezak-ocenuje-sluzbu-ludom-jany-zitnanskej-a-stefana-hamrana\/\",\"url\":\"https:\/\/www.smedemokrati.sk\/prva-podpora-do-eurovolieb-pre-demokratov-arcibiskup-robert-bezak-ocenuje-sluzbu-ludom-jany-zitnanskej-a-stefana-hamrana\/\",\"name\":\"Prv\u00e1 podpora do eurovolieb pre Demokratov: Arcibiskup R\u00f3bert Bez\u00e1k oce\u0148uje slu\u017ebu \u013eu\u010fom Jany \u017dit\u0148anskej a \u0160tefana Hamrana\",\"isPartOf\":{\"@id\":\"https:\/\/www.smedemokrati.sk\/#website\"},\"primaryImageOfPage\":{\"@id\":\"https:\/\/www.smedemokrati.sk\/prva-podpora-do-eurovolieb-pre-demokratov-arcibiskup-robert-bezak-ocenuje-sluzbu-ludom-jany-zitnanskej-a-stefana-hamrana\/#primaryimage\"},\"image\":{\"@id\":\"https:\/\/www.smedemokrati.sk\/prva-podpora-do-eurovolieb-pre-demokratov-arcibiskup-robert-bezak-ocenuje-sluzbu-ludom-jany-zitnanskej-a-stefana-hamrana\/#primaryimage\"},\"thumbnailUrl\":\"https:\/\/www.smedemokrati.sk\/wp-content\/uploads\/2024\/05\/JPEG-obrazok-4322-B42B-20-0-e1715239111601.jpeg\",\"datePublished\":\"2024-05-09T07:21:36+00:00\",\"dateModified\":\"2024-05-10T10:20:53+00:00\",\"breadcrumb\":{\"@id\":\"https:\/\/www.smedemokrati.sk\/prva-podpora-do-eurovolieb-pre-demokratov-arcibiskup-robert-bezak-ocenuje-sluzbu-ludom-jany-zitnanskej-a-stefana-hamrana\/#breadcrumb\"},\"inLanguage\":\"cs-CZ\",\"potentialAction\":[{\"@type\":\"ReadAction\",\"target\":[\"https:\/\/www.smedemokrati.sk\/prva-podpora-do-eurovolieb-pre-demokratov-arcibiskup-robert-bezak-ocenuje-sluzbu-ludom-jany-zitnanskej-a-stefana-hamrana\/\"]}]},{\"@type\":\"ImageObject\",\"inLanguage\":\"cs-CZ\",\"@id\":\"https:\/\/www.smedemokrati.sk\/prva-podpora-do-eurovolieb-pre-demokratov-arcibiskup-robert-bezak-ocenuje-sluzbu-ludom-jany-zitnanskej-a-stefana-hamrana\/#primaryimage\",\"url\":\"https:\/\/www.smedemokrati.sk\/wp-content\/uploads\/2024\/05\/JPEG-obrazok-4322-B42B-20-0-e1715239111601.jpeg\",\"contentUrl\":\"https:\/\/www.smedemokrati.sk\/wp-content\/uploads\/2024\/05\/JPEG-obrazok-4322-B42B-20-0-e1715239111601.jpeg\",\"width\":1200,\"height\":720},{\"@type\":\"BreadcrumbList\",\"@id\":\"https:\/\/www.smedemokrati.sk\/prva-podpora-do-eurovolieb-pre-demokratov-arcibiskup-robert-bezak-ocenuje-sluzbu-ludom-jany-zitnanskej-a-stefana-hamrana\/#breadcrumb\",\"itemListElement\":[{\"@type\":\"ListItem\",\"position\":1,\"name\":\"Domovsk\u00e1 str\u00e1nka\",\"item\":\"https:\/\/www.smedemokrati.sk\/\"},{\"@type\":\"ListItem\",\"position\":2,\"name\":\"Prv\u00e1 podpora do eurovolieb pre Demokratov: Arcibiskup R\u00f3bert Bez\u00e1k oce\u0148uje slu\u017ebu \u013eu\u010fom Jany \u017dit\u0148anskej a \u0160tefana Hamrana\"}]},{\"@type\":\"WebSite\",\"@id\":\"https:\/\/www.smedemokrati.sk\/#website\",\"url\":\"https:\/\/www.smedemokrati.sk\/\",\"name\":\"Smedemokrati.sk\",\"description\":\"Demokracia a slu\u0161nos\u0165 zv\u00ed\u0165az\u00ed\",\"publisher\":{\"@id\":\"https:\/\/www.smedemokrati.sk\/#organization\"},\"potentialAction\":[{\"@type\":\"SearchAction\",\"target\":{\"@type\":\"EntryPoint\",\"urlTemplate\":\"https:\/\/www.smedemokrati.sk\/?s={search_term_string}\"},\"query-input\":{\"@type\":\"PropertyValueSpecification\",\"valueRequired\":true,\"valueName\":\"search_term_string\"}}],\"inLanguage\":\"cs-CZ\"},{\"@type\":\"Organization\",\"@id\":\"https:\/\/www.smedemokrati.sk\/#organization\",\"name\":\"Smedemokrati.sk\",\"url\":\"https:\/\/www.smedemokrati.sk\/\",\"logo\":{\"@type\":\"ImageObject\",\"inLanguage\":\"cs-CZ\",\"@id\":\"https:\/\/www.smedemokrati.sk\/#\/schema\/logo\/image\/\",\"url\":\"https:\/\/www.smedemokrati.sk\/wp-content\/uploads\/2023\/04\/ff.002.jpeg\",\"contentUrl\":\"https:\/\/www.smedemokrati.sk\/wp-content\/uploads\/2023\/04\/ff.002.jpeg\",\"width\":640,\"height\":480,\"caption\":\"Smedemokrati.sk\"},\"image\":{\"@id\":\"https:\/\/www.smedemokrati.sk\/#\/schema\/logo\/image\/\"},\"sameAs\":[\"https:\/\/www.facebook.com\/smedemokrati2023\"]},{\"@type\":\"Person\",\"@id\":\"https:\/\/www.smedemokrati.sk\/#\/schema\/person\/21f147c88d605aa7ded900e1e7c344ba\",\"name\":\"miro.sopko\",\"image\":{\"@type\":\"ImageObject\",\"inLanguage\":\"cs-CZ\",\"@id\":\"https:\/\/secure.gravatar.com\/avatar\/267e4a36f704376c109afe3a78740c1f5dd8675a2180a908699e7863c9247606?s=96&d=mm&r=g\",\"url\":\"https:\/\/secure.gravatar.com\/avatar\/267e4a36f704376c109afe3a78740c1f5dd8675a2180a908699e7863c9247606?s=96&d=mm&r=g\",\"contentUrl\":\"https:\/\/secure.gravatar.com\/avatar\/267e4a36f704376c109afe3a78740c1f5dd8675a2180a908699e7863c9247606?s=96&d=mm&r=g\",\"caption\":\"miro.sopko\"},\"url\":\"https:\/\/www.smedemokrati.sk\/cs\/author\/miro-sopko\/\"}]}<\/script>\n<!-- \/ Yoast SEO plugin. -->","yoast_head_json":{"title":"Prv\u00e1 podpora do eurovolieb pre Demokratov: Arcibiskup R\u00f3bert Bez\u00e1k oce\u0148uje slu\u017ebu \u013eu\u010fom Jany \u017dit\u0148anskej a \u0160tefana Hamrana","robots":{"index":"index","follow":"follow","max-snippet":"max-snippet:-1","max-image-preview":"max-image-preview:large","max-video-preview":"max-video-preview:-1"},"canonical":"https:\/\/www.smedemokrati.sk\/cs\/prva-podpora-do-eurovolieb-pre-demokratov-arcibiskup-robert-bezak-ocenuje-sluzbu-ludom-jany-zitnanskej-a-stefana-hamrana\/","og_locale":"cs_CZ","og_type":"article","og_title":"[:sk]Prv\u00e1 podpora do eurovolieb pre Demokratov: Arcibiskup R\u00f3bert Bez\u00e1k oce\u0148uje slu\u017ebu \u013eu\u010fom Jany \u017dit\u0148anskej a \u0160tefana Hamrana[:] - Smedemokrati.sk","og_description":"Pod\u013ea emeritn\u00e9ho arcibiskupa Bez\u00e1ka je d\u00f4le\u017eit\u00e9, aby v Eur\u00f3pskom parlamente bolo zast\u00fapenie, ktor\u00e9 chr\u00e1ni zdravotne znev\u00fdhodnen\u00fdch a z\u00e1rove\u0148 odborne spolupracuje a zast\u00e1va sa t\u00fdch, ktor\u00ed sa o t\u00fato skupinu \u013eud\u00ed akt\u00edvne staraj\u00fa. Arcibiskup z\u00e1rove\u0148 hovor\u00ed, \u017ee \u201cbez spravodlivosti niet v spolo\u010dnosti pokoja\u201d, preto oce\u0148uje neust\u00e1lu snahu Demokratov a zvl\u00e1\u0161\u0165 \u0160tefana Hamrana v boji za pravdu [&hellip;]","og_url":"https:\/\/www.smedemokrati.sk\/cs\/prva-podpora-do-eurovolieb-pre-demokratov-arcibiskup-robert-bezak-ocenuje-sluzbu-ludom-jany-zitnanskej-a-stefana-hamrana\/","og_site_name":"Smedemokrati.sk","article_publisher":"https:\/\/www.facebook.com\/smedemokrati2023","article_published_time":"2024-05-09T07:21:36+00:00","article_modified_time":"2024-05-10T10:20:53+00:00","og_image":[{"width":1200,"height":720,"url":"https:\/\/www.smedemokrati.sk\/wp-content\/uploads\/2024\/05\/JPEG-obrazok-4322-B42B-20-0-e1715239111601.jpeg","type":"image\/jpeg"}],"author":"miro.sopko","twitter_card":"summary_large_image","twitter_misc":{"Napsal(a)":"miro.sopko","Odhadovan\u00e1 doba \u010dten\u00ed":"2 minuty"},"schema":{"@context":"https:\/\/schema.org","@graph":[{"@type":"Article","@id":"https:\/\/www.smedemokrati.sk\/prva-podpora-do-eurovolieb-pre-demokratov-arcibiskup-robert-bezak-ocenuje-sluzbu-ludom-jany-zitnanskej-a-stefana-hamrana\/#article","isPartOf":{"@id":"https:\/\/www.smedemokrati.sk\/prva-podpora-do-eurovolieb-pre-demokratov-arcibiskup-robert-bezak-ocenuje-sluzbu-ludom-jany-zitnanskej-a-stefana-hamrana\/"},"author":{"name":"miro.sopko","@id":"https:\/\/www.smedemokrati.sk\/#\/schema\/person\/21f147c88d605aa7ded900e1e7c344ba"},"headline":"Prv\u00e1 podpora do eurovolieb pre Demokratov: Arcibiskup R\u00f3bert Bez\u00e1k oce\u0148uje slu\u017ebu \u013eu\u010fom Jany \u017dit\u0148anskej a \u0160tefana Hamrana","datePublished":"2024-05-09T07:21:36+00:00","dateModified":"2024-05-10T10:20:53+00:00","mainEntityOfPage":{"@id":"https:\/\/www.smedemokrati.sk\/prva-podpora-do-eurovolieb-pre-demokratov-arcibiskup-robert-bezak-ocenuje-sluzbu-ludom-jany-zitnanskej-a-stefana-hamrana\/"},"wordCount":401,"publisher":{"@id":"https:\/\/www.smedemokrati.sk\/#organization"},"image":{"@id":"https:\/\/www.smedemokrati.sk\/prva-podpora-do-eurovolieb-pre-demokratov-arcibiskup-robert-bezak-ocenuje-sluzbu-ludom-jany-zitnanskej-a-stefana-hamrana\/#primaryimage"},"thumbnailUrl":"https:\/\/www.smedemokrati.sk\/wp-content\/uploads\/2024\/05\/JPEG-obrazok-4322-B42B-20-0-e1715239111601.jpeg","articleSection":["Tla\u010dov\u00e9 spr\u00e1vy"],"inLanguage":"cs-CZ"},{"@type":"WebPage","@id":"https:\/\/www.smedemokrati.sk\/prva-podpora-do-eurovolieb-pre-demokratov-arcibiskup-robert-bezak-ocenuje-sluzbu-ludom-jany-zitnanskej-a-stefana-hamrana\/","url":"https:\/\/www.smedemokrati.sk\/prva-podpora-do-eurovolieb-pre-demokratov-arcibiskup-robert-bezak-ocenuje-sluzbu-ludom-jany-zitnanskej-a-stefana-hamrana\/","name":"Prv\u00e1 podpora do eurovolieb pre Demokratov: Arcibiskup R\u00f3bert Bez\u00e1k oce\u0148uje slu\u017ebu \u013eu\u010fom Jany \u017dit\u0148anskej a \u0160tefana Hamrana","isPartOf":{"@id":"https:\/\/www.smedemokrati.sk\/#website"},"primaryImageOfPage":{"@id":"https:\/\/www.smedemokrati.sk\/prva-podpora-do-eurovolieb-pre-demokratov-arcibiskup-robert-bezak-ocenuje-sluzbu-ludom-jany-zitnanskej-a-stefana-hamrana\/#primaryimage"},"image":{"@id":"https:\/\/www.smedemokrati.sk\/prva-podpora-do-eurovolieb-pre-demokratov-arcibiskup-robert-bezak-ocenuje-sluzbu-ludom-jany-zitnanskej-a-stefana-hamrana\/#primaryimage"},"thumbnailUrl":"https:\/\/www.smedemokrati.sk\/wp-content\/uploads\/2024\/05\/JPEG-obrazok-4322-B42B-20-0-e1715239111601.jpeg","datePublished":"2024-05-09T07:21:36+00:00","dateModified":"2024-05-10T10:20:53+00:00","breadcrumb":{"@id":"https:\/\/www.smedemokrati.sk\/prva-podpora-do-eurovolieb-pre-demokratov-arcibiskup-robert-bezak-ocenuje-sluzbu-ludom-jany-zitnanskej-a-stefana-hamrana\/#breadcrumb"},"inLanguage":"cs-CZ","potentialAction":[{"@type":"ReadAction","target":["https:\/\/www.smedemokrati.sk\/prva-podpora-do-eurovolieb-pre-demokratov-arcibiskup-robert-bezak-ocenuje-sluzbu-ludom-jany-zitnanskej-a-stefana-hamrana\/"]}]},{"@type":"ImageObject","inLanguage":"cs-CZ","@id":"https:\/\/www.smedemokrati.sk\/prva-podpora-do-eurovolieb-pre-demokratov-arcibiskup-robert-bezak-ocenuje-sluzbu-ludom-jany-zitnanskej-a-stefana-hamrana\/#primaryimage","url":"https:\/\/www.smedemokrati.sk\/wp-content\/uploads\/2024\/05\/JPEG-obrazok-4322-B42B-20-0-e1715239111601.jpeg","contentUrl":"https:\/\/www.smedemokrati.sk\/wp-content\/uploads\/2024\/05\/JPEG-obrazok-4322-B42B-20-0-e1715239111601.jpeg","width":1200,"height":720},{"@type":"BreadcrumbList","@id":"https:\/\/www.smedemokrati.sk\/prva-podpora-do-eurovolieb-pre-demokratov-arcibiskup-robert-bezak-ocenuje-sluzbu-ludom-jany-zitnanskej-a-stefana-hamrana\/#breadcrumb","itemListElement":[{"@type":"ListItem","position":1,"name":"Domovsk\u00e1 str\u00e1nka","item":"https:\/\/www.smedemokrati.sk\/"},{"@type":"ListItem","position":2,"name":"Prv\u00e1 podpora do eurovolieb pre Demokratov: Arcibiskup R\u00f3bert Bez\u00e1k oce\u0148uje slu\u017ebu \u013eu\u010fom Jany \u017dit\u0148anskej a \u0160tefana Hamrana"}]},{"@type":"WebSite","@id":"https:\/\/www.smedemokrati.sk\/#website","url":"https:\/\/www.smedemokrati.sk\/","name":"Smedemokrati.sk","description":"Demokracia a slu\u0161nos\u0165 zv\u00ed\u0165az\u00ed","publisher":{"@id":"https:\/\/www.smedemokrati.sk\/#organization"},"potentialAction":[{"@type":"SearchAction","target":{"@type":"EntryPoint","urlTemplate":"https:\/\/www.smedemokrati.sk\/?s={search_term_string}"},"query-input":{"@type":"PropertyValueSpecification","valueRequired":true,"valueName":"search_term_string"}}],"inLanguage":"cs-CZ"},{"@type":"Organization","@id":"https:\/\/www.smedemokrati.sk\/#organization","name":"Smedemokrati.sk","url":"https:\/\/www.smedemokrati.sk\/","logo":{"@type":"ImageObject","inLanguage":"cs-CZ","@id":"https:\/\/www.smedemokrati.sk\/#\/schema\/logo\/image\/","url":"https:\/\/www.smedemokrati.sk\/wp-content\/uploads\/2023\/04\/ff.002.jpeg","contentUrl":"https:\/\/www.smedemokrati.sk\/wp-content\/uploads\/2023\/04\/ff.002.jpeg","width":640,"height":480,"caption":"Smedemokrati.sk"},"image":{"@id":"https:\/\/www.smedemokrati.sk\/#\/schema\/logo\/image\/"},"sameAs":["https:\/\/www.facebook.com\/smedemokrati2023"]},{"@type":"Person","@id":"https:\/\/www.smedemokrati.sk\/#\/schema\/person\/21f147c88d605aa7ded900e1e7c344ba","name":"miro.sopko","image":{"@type":"ImageObject","inLanguage":"cs-CZ","@id":"https:\/\/secure.gravatar.com\/avatar\/267e4a36f704376c109afe3a78740c1f5dd8675a2180a908699e7863c9247606?s=96&d=mm&r=g","url":"https:\/\/secure.gravatar.com\/avatar\/267e4a36f704376c109afe3a78740c1f5dd8675a2180a908699e7863c9247606?s=96&d=mm&r=g","contentUrl":"https:\/\/secure.gravatar.com\/avatar\/267e4a36f704376c109afe3a78740c1f5dd8675a2180a908699e7863c9247606?s=96&d=mm&r=g","caption":"miro.sopko"},"url":"https:\/\/www.smedemokrati.sk\/cs\/author\/miro-sopko\/"}]}},"_links":{"self":[{"href":"https:\/\/www.smedemokrati.sk\/cs\/wp-json\/wp\/v2\/posts\/4110","targetHints":{"allow":["GET"]}}],"collection":[{"href":"https:\/\/www.smedemokrati.sk\/cs\/wp-json\/wp\/v2\/posts"}],"about":[{"href":"https:\/\/www.smedemokrati.sk\/cs\/wp-json\/wp\/v2\/types\/post"}],"author":[{"embeddable":true,"href":"https:\/\/www.smedemokrati.sk\/cs\/wp-json\/wp\/v2\/users\/13"}],"replies":[{"embeddable":true,"href":"https:\/\/www.smedemokrati.sk\/cs\/wp-json\/wp\/v2\/comments?post=4110"}],"version-history":[{"count":1,"href":"https:\/\/www.smedemokrati.sk\/cs\/wp-json\/wp\/v2\/posts\/4110\/revisions"}],"predecessor-version":[{"id":4112,"href":"https:\/\/www.smedemokrati.sk\/cs\/wp-json\/wp\/v2\/posts\/4110\/revisions\/4112"}],"wp:featuredmedia":[{"embeddable":true,"href":"https:\/\/www.smedemokrati.sk\/cs\/wp-json\/wp\/v2\/media\/4111"}],"wp:attachment":[{"href":"https:\/\/www.smedemokrati.sk\/cs\/wp-json\/wp\/v2\/media?parent=4110"}],"wp:term":[{"taxonomy":"category","embeddable":true,"href":"https:\/\/www.smedemokrati.sk\/cs\/wp-json\/wp\/v2\/categories?post=4110"},{"taxonomy":"post_tag","embeddable":true,"href":"https:\/\/www.smedemokrati.sk\/cs\/wp-json\/wp\/v2\/tags?post=4110"}],"curies":[{"name":"wp","href":"https:\/\/api.w.org\/{rel}","templated":true}]}}