{"id":4062,"date":"2024-05-06T12:51:11","date_gmt":"2024-05-06T11:51:11","guid":{"rendered":"https:\/\/www.smedemokrati.sk\/?p=4062"},"modified":"2024-05-07T13:50:48","modified_gmt":"2024-05-07T12:50:48","slug":"cela-europa-je-na-konferencii-k-migracii-len-sutaj-estok-sedi-doma","status":"publish","type":"post","link":"https:\/\/www.smedemokrati.sk\/cs\/cela-europa-je-na-konferencii-k-migracii-len-sutaj-estok-sedi-doma\/","title":{"rendered":"Cel\u00e1 Eur\u00f3pa je na konferencii k migr\u00e1cii, len \u0160utaj E\u0161tok sed\u00ed doma"},"content":{"rendered":"<div id=\"fb-root\"><\/div>\n\n<p><strong>Strana Demokrati upozor\u0148uje, \u017ee v t\u00fdchto d\u0148och prebieha v Kodani medzin\u00e1rodn\u00e1 konferencia k ileg\u00e1lnej migr\u00e1cii. Cie\u013eom konferencie je rokova\u0165 o mo\u017enostiach odklonenia neleg\u00e1lnej migr\u00e1cie od kraj\u00edn Eur\u00f3pskej \u00fanie. Slovensk\u00e9 ministersk\u00e9 zast\u00fapenie ch\u00fdba, p\u00fdtame sa pre\u010do na konferencii nie je minister vn\u00fatra \u0160utaj E\u0161tok a ak\u00e9 opatrenia chce v t\u00e9me realizova\u0165, ak ich nekonzultuje s eur\u00f3pskymi partnermi.&nbsp;<\/strong><\/p>\n\n\n\n<p>Pod\u013ea Demokratov je migr\u00e1cia komplexn\u00fd probl\u00e9m a Slovensko ju sam\u00e9 vyrie\u0161i\u0165 nevie:&nbsp;<em>\u201cNa konferencii s\u00fa jednoducho v\u0161etci, ktor\u00ed to myslia s rie\u0161en\u00edm migr\u00e1cie v\u00e1\u017ene. Na\u0161e susedn\u00e9 krajiny, vr\u00e1tane \u010ceska, Rak\u00faska, ale aj krajiny mimo E\u00da, ktor\u00fdch sa t\u00e9ma priamo dot\u00fdka. P\u00fdtam sa kde je Slovensko? Kde je \u0160utaj E\u0161tok, ktor\u00e9ho \u0161\u00e9f pred vo\u013ebami stra\u0161il verejnos\u0165 s n\u00e1valom neleg\u00e1lnych migrantov? Chcem jasne po\u010du\u0165, pre\u010do je slovensk\u00fd minister doma. Vl\u00e1da m\u00e1 pln\u00e9 \u00fasta migr\u00e1cie, ale ke\u010f sa migr\u00e1cia rie\u0161i, tak tam nie je.\u201c<\/em>&nbsp;Otv\u00e1ra t\u00e9mu predseda Demokratov Jaroslav Na\u010f a hovor\u00ed, \u017ee bez koordin\u00e1cie postupov a n\u00e1\u0161ho zast\u00fapenia na tak d\u00f4le\u017eit\u00fdch f\u00f3rach&nbsp;ostaneme na chvoste v rie\u0161en\u00ed tak z\u00e1va\u017enej t\u00e9my.&nbsp;<\/p>\n\n\n\n<p>Pod\u013ea \u0160eligu je d\u00f4le\u017eit\u00e9, aby malo Slovensko zast\u00fapenie na medzin\u00e1rodn\u00fdch for\u00e1ch a skorigovalo svoje postupy s \u010fal\u0161\u00edmi \u010dlensk\u00fdmi krajinami:\u00a0<em>\u201cNajv\u00e4\u010d\u0161\u00ed bojovn\u00edk proti migr\u00e1cii, ktor\u00fd postavil do pozoru policajtov a vojakov, len aby mali video na facebook na konferencii nie je. Ke\u010f treba rokova\u0165 a pripravova\u0165 re\u00e1lne rie\u0161enia, to nie, vtedy minister sed\u00ed s nohami vylo\u017een\u00fdmi. Vtedy na to vl\u00e1da ka\u0161le. Ch\u00e1pem, nie je to tak\u00e9 pekn\u00e9 PR ako man\u00e9vre na hraniciach s vojakmi, policajtmi a psami.\u00a0Ako chceme spolupracova\u0165 ak nem\u00e1me zast\u00fapenie na tak d\u00f4le\u017eitom podujat\u00ed? Tak, \u017ee budeme nad\u00e1va\u0165 ako je v\u0161etko zle? Miesto toho, by sme v\u0161ak mali by\u0165 schopn\u00ed prinies\u0165 rie\u0161enia. Cie\u013eom \u0160utaja a Fica je stra\u0161i\u0165 a stra\u0161i\u0165. Slovensko sa v\u0161ak potrebuje re\u00e1lne rie\u0161enia a nie tup\u00fd populizmus.\u201d<\/em>\u00a0Hovor\u00ed podpredseda strany Juraj \u0160eliga.\u00a0<\/p>\n\n\n\n<iframe src=\"https:\/\/www.facebook.com\/plugins\/video.php?href=https%3A%2F%2Fwww.facebook.com%2FJaroNadPublic%2Fvideos%2F7073818759389153%2F&#038;width=600&#038;show_text=false&#038;appId=361313990972954&#038;height=1067\" width=\"600\" height=\"1067\" style=\"border:none;overflow:hidden\" scrolling=\"no\" frameborder=\"0\" allowfullscreen=\"true\" allow=\"autoplay; clipboard-write; encrypted-media; picture-in-picture; web-share\" allowFullScreen=\"true\"><\/iframe>\n\n\n\n<iframe src=\"https:\/\/www.facebook.com\/plugins\/post.php?href=https%3A%2F%2Fwww.facebook.com%2FJurajSeligaPravnik%2Fposts%2Fpfbid0nAYATHqmfTxvWWLQvmiu2umBY41PUen2JR1Recbg2YMji8PrYmvzi1HScnXzWruql&#038;width=600&#038;show_text=true&#038;appId=361313990972954&#038;height=717\" width=\"600\" height=\"717\" style=\"border:none;overflow:hidden\" scrolling=\"no\" frameborder=\"0\" allowfullscreen=\"true\" allow=\"autoplay; clipboard-write; encrypted-media; picture-in-picture; web-share\"><\/iframe>\n","protected":false},"excerpt":{"rendered":"<p>Strana Demokrati upozor\u0148uje, \u017ee v t\u00fdchto d\u0148och prebieha v Kodani medzin\u00e1rodn\u00e1 konferencia k ileg\u00e1lnej migr\u00e1cii. Cie\u013eom konferencie je rokova\u0165 o mo\u017enostiach odklonenia neleg\u00e1lnej migr\u00e1cie od kraj\u00edn Eur\u00f3pskej \u00fanie. Slovensk\u00e9 ministersk\u00e9 zast\u00fapenie ch\u00fdba, p\u00fdtame sa pre\u010do na konferencii nie je minister vn\u00fatra \u0160utaj E\u0161tok a ak\u00e9 opatrenia chce v t\u00e9me realizova\u0165, ak ich nekonzultuje s eur\u00f3pskymi [&hellip;]<\/p>\n","protected":false},"author":13,"featured_media":3302,"comment_status":"closed","ping_status":"closed","sticky":false,"template":"","format":"standard","meta":{"_acf_changed":false,"ngg_post_thumbnail":0,"footnotes":""},"categories":[4],"tags":[],"class_list":["post-4062","post","type-post","status-publish","format-standard","has-post-thumbnail","hentry","category-tlacove-spravy"],"acf":[],"yoast_head":"<!-- This site is optimized with the Yoast SEO plugin v27.2 - https:\/\/yoast.com\/product\/yoast-seo-wordpress\/ -->\n<title>Cel\u00e1 Eur\u00f3pa je na konferencii k migr\u00e1cii, len \u0160utaj E\u0161tok sed\u00ed doma<\/title>\n<meta name=\"robots\" content=\"index, follow, max-snippet:-1, max-image-preview:large, max-video-preview:-1\" \/>\n<link rel=\"canonical\" href=\"https:\/\/www.smedemokrati.sk\/cs\/cela-europa-je-na-konferencii-k-migracii-len-sutaj-estok-sedi-doma\/\" \/>\n<meta property=\"og:locale\" content=\"cs_CZ\" \/>\n<meta property=\"og:locale:alternate\" content=\"en_US\" \/>\n<meta property=\"og:locale:alternate\" content=\"hu_HU\" \/>\n<meta property=\"og:locale:alternate\" content=\"sk_SK\" \/>\n<meta property=\"og:locale:alternate\" content=\"sv_SE\" \/>\n<meta property=\"og:type\" content=\"article\" \/>\n<meta property=\"og:title\" content=\"Cel\u00e1 Eur\u00f3pa je na konferencii k migr\u00e1cii, len \u0160utaj E\u0161tok sed\u00ed doma\" \/>\n<meta property=\"og:description\" content=\"Strana Demokrati upozor\u0148uje, \u017ee v t\u00fdchto d\u0148och prebieha v Kodani medzin\u00e1rodn\u00e1 konferencia k ileg\u00e1lnej migr\u00e1cii. Cie\u013eom konferencie je rokova\u0165 o mo\u017enostiach odklonenia neleg\u00e1lnej migr\u00e1cie od kraj\u00edn Eur\u00f3pskej \u00fanie. Slovensk\u00e9 ministersk\u00e9 zast\u00fapenie ch\u00fdba, p\u00fdtame sa pre\u010do na konferencii nie je minister vn\u00fatra \u0160utaj E\u0161tok a ak\u00e9 opatrenia chce v t\u00e9me realizova\u0165, ak ich nekonzultuje s eur\u00f3pskymi [&hellip;]\" \/>\n<meta property=\"og:url\" content=\"https:\/\/www.smedemokrati.sk\/cs\/cela-europa-je-na-konferencii-k-migracii-len-sutaj-estok-sedi-doma\/\" \/>\n<meta property=\"og:site_name\" content=\"Smedemokrati.sk\" \/>\n<meta property=\"article:publisher\" content=\"https:\/\/www.facebook.com\/smedemokrati2023\" \/>\n<meta property=\"article:published_time\" content=\"2024-05-06T11:51:11+00:00\" \/>\n<meta property=\"article:modified_time\" content=\"2024-05-07T12:50:48+00:00\" \/>\n<meta property=\"og:image\" content=\"https:\/\/www.smedemokrati.sk\/wp-content\/uploads\/2024\/03\/sutaj-estok.jpg\" \/>\n\t<meta property=\"og:image:width\" content=\"900\" \/>\n\t<meta property=\"og:image:height\" content=\"600\" \/>\n\t<meta property=\"og:image:type\" content=\"image\/jpeg\" \/>\n<meta name=\"author\" content=\"miro.sopko\" \/>\n<meta name=\"twitter:card\" content=\"summary_large_image\" \/>\n<meta name=\"twitter:label1\" content=\"Napsal(a)\" \/>\n\t<meta name=\"twitter:data1\" content=\"miro.sopko\" \/>\n\t<meta name=\"twitter:label2\" content=\"Odhadovan\u00e1 doba \u010dten\u00ed\" \/>\n\t<meta name=\"twitter:data2\" content=\"2 minuty\" \/>\n<script type=\"application\/ld+json\" class=\"yoast-schema-graph\">{\"@context\":\"https:\/\/schema.org\",\"@graph\":[{\"@type\":\"Article\",\"@id\":\"https:\/\/www.smedemokrati.sk\/cela-europa-je-na-konferencii-k-migracii-len-sutaj-estok-sedi-doma\/#article\",\"isPartOf\":{\"@id\":\"https:\/\/www.smedemokrati.sk\/cela-europa-je-na-konferencii-k-migracii-len-sutaj-estok-sedi-doma\/\"},\"author\":{\"name\":\"miro.sopko\",\"@id\":\"https:\/\/www.smedemokrati.sk\/#\/schema\/person\/21f147c88d605aa7ded900e1e7c344ba\"},\"headline\":\"Cel\u00e1 Eur\u00f3pa je na konferencii k migr\u00e1cii, len \u0160utaj E\u0161tok sed\u00ed doma\",\"datePublished\":\"2024-05-06T11:51:11+00:00\",\"dateModified\":\"2024-05-07T12:50:48+00:00\",\"mainEntityOfPage\":{\"@id\":\"https:\/\/www.smedemokrati.sk\/cela-europa-je-na-konferencii-k-migracii-len-sutaj-estok-sedi-doma\/\"},\"wordCount\":407,\"publisher\":{\"@id\":\"https:\/\/www.smedemokrati.sk\/#organization\"},\"image\":{\"@id\":\"https:\/\/www.smedemokrati.sk\/cela-europa-je-na-konferencii-k-migracii-len-sutaj-estok-sedi-doma\/#primaryimage\"},\"thumbnailUrl\":\"https:\/\/www.smedemokrati.sk\/wp-content\/uploads\/2024\/03\/sutaj-estok.jpg\",\"articleSection\":[\"Tla\u010dov\u00e9 spr\u00e1vy\"],\"inLanguage\":\"cs-CZ\"},{\"@type\":\"WebPage\",\"@id\":\"https:\/\/www.smedemokrati.sk\/cela-europa-je-na-konferencii-k-migracii-len-sutaj-estok-sedi-doma\/\",\"url\":\"https:\/\/www.smedemokrati.sk\/cela-europa-je-na-konferencii-k-migracii-len-sutaj-estok-sedi-doma\/\",\"name\":\"Cel\u00e1 Eur\u00f3pa je na konferencii k migr\u00e1cii, len \u0160utaj E\u0161tok sed\u00ed doma\",\"isPartOf\":{\"@id\":\"https:\/\/www.smedemokrati.sk\/#website\"},\"primaryImageOfPage\":{\"@id\":\"https:\/\/www.smedemokrati.sk\/cela-europa-je-na-konferencii-k-migracii-len-sutaj-estok-sedi-doma\/#primaryimage\"},\"image\":{\"@id\":\"https:\/\/www.smedemokrati.sk\/cela-europa-je-na-konferencii-k-migracii-len-sutaj-estok-sedi-doma\/#primaryimage\"},\"thumbnailUrl\":\"https:\/\/www.smedemokrati.sk\/wp-content\/uploads\/2024\/03\/sutaj-estok.jpg\",\"datePublished\":\"2024-05-06T11:51:11+00:00\",\"dateModified\":\"2024-05-07T12:50:48+00:00\",\"breadcrumb\":{\"@id\":\"https:\/\/www.smedemokrati.sk\/cela-europa-je-na-konferencii-k-migracii-len-sutaj-estok-sedi-doma\/#breadcrumb\"},\"inLanguage\":\"cs-CZ\",\"potentialAction\":[{\"@type\":\"ReadAction\",\"target\":[\"https:\/\/www.smedemokrati.sk\/cela-europa-je-na-konferencii-k-migracii-len-sutaj-estok-sedi-doma\/\"]}]},{\"@type\":\"ImageObject\",\"inLanguage\":\"cs-CZ\",\"@id\":\"https:\/\/www.smedemokrati.sk\/cela-europa-je-na-konferencii-k-migracii-len-sutaj-estok-sedi-doma\/#primaryimage\",\"url\":\"https:\/\/www.smedemokrati.sk\/wp-content\/uploads\/2024\/03\/sutaj-estok.jpg\",\"contentUrl\":\"https:\/\/www.smedemokrati.sk\/wp-content\/uploads\/2024\/03\/sutaj-estok.jpg\",\"width\":900,\"height\":600},{\"@type\":\"BreadcrumbList\",\"@id\":\"https:\/\/www.smedemokrati.sk\/cela-europa-je-na-konferencii-k-migracii-len-sutaj-estok-sedi-doma\/#breadcrumb\",\"itemListElement\":[{\"@type\":\"ListItem\",\"position\":1,\"name\":\"Domovsk\u00e1 str\u00e1nka\",\"item\":\"https:\/\/www.smedemokrati.sk\/\"},{\"@type\":\"ListItem\",\"position\":2,\"name\":\"Cel\u00e1 Eur\u00f3pa je na konferencii k migr\u00e1cii, len \u0160utaj E\u0161tok sed\u00ed doma\"}]},{\"@type\":\"WebSite\",\"@id\":\"https:\/\/www.smedemokrati.sk\/#website\",\"url\":\"https:\/\/www.smedemokrati.sk\/\",\"name\":\"Smedemokrati.sk\",\"description\":\"Demokracia a slu\u0161nos\u0165 zv\u00ed\u0165az\u00ed\",\"publisher\":{\"@id\":\"https:\/\/www.smedemokrati.sk\/#organization\"},\"potentialAction\":[{\"@type\":\"SearchAction\",\"target\":{\"@type\":\"EntryPoint\",\"urlTemplate\":\"https:\/\/www.smedemokrati.sk\/?s={search_term_string}\"},\"query-input\":{\"@type\":\"PropertyValueSpecification\",\"valueRequired\":true,\"valueName\":\"search_term_string\"}}],\"inLanguage\":\"cs-CZ\"},{\"@type\":\"Organization\",\"@id\":\"https:\/\/www.smedemokrati.sk\/#organization\",\"name\":\"Smedemokrati.sk\",\"url\":\"https:\/\/www.smedemokrati.sk\/\",\"logo\":{\"@type\":\"ImageObject\",\"inLanguage\":\"cs-CZ\",\"@id\":\"https:\/\/www.smedemokrati.sk\/#\/schema\/logo\/image\/\",\"url\":\"https:\/\/www.smedemokrati.sk\/wp-content\/uploads\/2023\/04\/ff.002.jpeg\",\"contentUrl\":\"https:\/\/www.smedemokrati.sk\/wp-content\/uploads\/2023\/04\/ff.002.jpeg\",\"width\":640,\"height\":480,\"caption\":\"Smedemokrati.sk\"},\"image\":{\"@id\":\"https:\/\/www.smedemokrati.sk\/#\/schema\/logo\/image\/\"},\"sameAs\":[\"https:\/\/www.facebook.com\/smedemokrati2023\"]},{\"@type\":\"Person\",\"@id\":\"https:\/\/www.smedemokrati.sk\/#\/schema\/person\/21f147c88d605aa7ded900e1e7c344ba\",\"name\":\"miro.sopko\",\"image\":{\"@type\":\"ImageObject\",\"inLanguage\":\"cs-CZ\",\"@id\":\"https:\/\/secure.gravatar.com\/avatar\/267e4a36f704376c109afe3a78740c1f5dd8675a2180a908699e7863c9247606?s=96&d=mm&r=g\",\"url\":\"https:\/\/secure.gravatar.com\/avatar\/267e4a36f704376c109afe3a78740c1f5dd8675a2180a908699e7863c9247606?s=96&d=mm&r=g\",\"contentUrl\":\"https:\/\/secure.gravatar.com\/avatar\/267e4a36f704376c109afe3a78740c1f5dd8675a2180a908699e7863c9247606?s=96&d=mm&r=g\",\"caption\":\"miro.sopko\"},\"url\":\"https:\/\/www.smedemokrati.sk\/cs\/author\/miro-sopko\/\"}]}<\/script>\n<!-- \/ Yoast SEO plugin. -->","yoast_head_json":{"title":"Cel\u00e1 Eur\u00f3pa je na konferencii k migr\u00e1cii, len \u0160utaj E\u0161tok sed\u00ed doma","robots":{"index":"index","follow":"follow","max-snippet":"max-snippet:-1","max-image-preview":"max-image-preview:large","max-video-preview":"max-video-preview:-1"},"canonical":"https:\/\/www.smedemokrati.sk\/cs\/cela-europa-je-na-konferencii-k-migracii-len-sutaj-estok-sedi-doma\/","og_locale":"cs_CZ","og_type":"article","og_title":"[:sk]Cel\u00e1 Eur\u00f3pa je na konferencii k migr\u00e1cii, len \u0160utaj E\u0161tok sed\u00ed doma[:] - Smedemokrati.sk","og_description":"Strana Demokrati upozor\u0148uje, \u017ee v t\u00fdchto d\u0148och prebieha v Kodani medzin\u00e1rodn\u00e1 konferencia k ileg\u00e1lnej migr\u00e1cii. Cie\u013eom konferencie je rokova\u0165 o mo\u017enostiach odklonenia neleg\u00e1lnej migr\u00e1cie od kraj\u00edn Eur\u00f3pskej \u00fanie. Slovensk\u00e9 ministersk\u00e9 zast\u00fapenie ch\u00fdba, p\u00fdtame sa pre\u010do na konferencii nie je minister vn\u00fatra \u0160utaj E\u0161tok a ak\u00e9 opatrenia chce v t\u00e9me realizova\u0165, ak ich nekonzultuje s eur\u00f3pskymi [&hellip;]","og_url":"https:\/\/www.smedemokrati.sk\/cs\/cela-europa-je-na-konferencii-k-migracii-len-sutaj-estok-sedi-doma\/","og_site_name":"Smedemokrati.sk","article_publisher":"https:\/\/www.facebook.com\/smedemokrati2023","article_published_time":"2024-05-06T11:51:11+00:00","article_modified_time":"2024-05-07T12:50:48+00:00","og_image":[{"width":900,"height":600,"url":"https:\/\/www.smedemokrati.sk\/wp-content\/uploads\/2024\/03\/sutaj-estok.jpg","type":"image\/jpeg"}],"author":"miro.sopko","twitter_card":"summary_large_image","twitter_misc":{"Napsal(a)":"miro.sopko","Odhadovan\u00e1 doba \u010dten\u00ed":"2 minuty"},"schema":{"@context":"https:\/\/schema.org","@graph":[{"@type":"Article","@id":"https:\/\/www.smedemokrati.sk\/cela-europa-je-na-konferencii-k-migracii-len-sutaj-estok-sedi-doma\/#article","isPartOf":{"@id":"https:\/\/www.smedemokrati.sk\/cela-europa-je-na-konferencii-k-migracii-len-sutaj-estok-sedi-doma\/"},"author":{"name":"miro.sopko","@id":"https:\/\/www.smedemokrati.sk\/#\/schema\/person\/21f147c88d605aa7ded900e1e7c344ba"},"headline":"Cel\u00e1 Eur\u00f3pa je na konferencii k migr\u00e1cii, len \u0160utaj E\u0161tok sed\u00ed doma","datePublished":"2024-05-06T11:51:11+00:00","dateModified":"2024-05-07T12:50:48+00:00","mainEntityOfPage":{"@id":"https:\/\/www.smedemokrati.sk\/cela-europa-je-na-konferencii-k-migracii-len-sutaj-estok-sedi-doma\/"},"wordCount":407,"publisher":{"@id":"https:\/\/www.smedemokrati.sk\/#organization"},"image":{"@id":"https:\/\/www.smedemokrati.sk\/cela-europa-je-na-konferencii-k-migracii-len-sutaj-estok-sedi-doma\/#primaryimage"},"thumbnailUrl":"https:\/\/www.smedemokrati.sk\/wp-content\/uploads\/2024\/03\/sutaj-estok.jpg","articleSection":["Tla\u010dov\u00e9 spr\u00e1vy"],"inLanguage":"cs-CZ"},{"@type":"WebPage","@id":"https:\/\/www.smedemokrati.sk\/cela-europa-je-na-konferencii-k-migracii-len-sutaj-estok-sedi-doma\/","url":"https:\/\/www.smedemokrati.sk\/cela-europa-je-na-konferencii-k-migracii-len-sutaj-estok-sedi-doma\/","name":"Cel\u00e1 Eur\u00f3pa je na konferencii k migr\u00e1cii, len \u0160utaj E\u0161tok sed\u00ed doma","isPartOf":{"@id":"https:\/\/www.smedemokrati.sk\/#website"},"primaryImageOfPage":{"@id":"https:\/\/www.smedemokrati.sk\/cela-europa-je-na-konferencii-k-migracii-len-sutaj-estok-sedi-doma\/#primaryimage"},"image":{"@id":"https:\/\/www.smedemokrati.sk\/cela-europa-je-na-konferencii-k-migracii-len-sutaj-estok-sedi-doma\/#primaryimage"},"thumbnailUrl":"https:\/\/www.smedemokrati.sk\/wp-content\/uploads\/2024\/03\/sutaj-estok.jpg","datePublished":"2024-05-06T11:51:11+00:00","dateModified":"2024-05-07T12:50:48+00:00","breadcrumb":{"@id":"https:\/\/www.smedemokrati.sk\/cela-europa-je-na-konferencii-k-migracii-len-sutaj-estok-sedi-doma\/#breadcrumb"},"inLanguage":"cs-CZ","potentialAction":[{"@type":"ReadAction","target":["https:\/\/www.smedemokrati.sk\/cela-europa-je-na-konferencii-k-migracii-len-sutaj-estok-sedi-doma\/"]}]},{"@type":"ImageObject","inLanguage":"cs-CZ","@id":"https:\/\/www.smedemokrati.sk\/cela-europa-je-na-konferencii-k-migracii-len-sutaj-estok-sedi-doma\/#primaryimage","url":"https:\/\/www.smedemokrati.sk\/wp-content\/uploads\/2024\/03\/sutaj-estok.jpg","contentUrl":"https:\/\/www.smedemokrati.sk\/wp-content\/uploads\/2024\/03\/sutaj-estok.jpg","width":900,"height":600},{"@type":"BreadcrumbList","@id":"https:\/\/www.smedemokrati.sk\/cela-europa-je-na-konferencii-k-migracii-len-sutaj-estok-sedi-doma\/#breadcrumb","itemListElement":[{"@type":"ListItem","position":1,"name":"Domovsk\u00e1 str\u00e1nka","item":"https:\/\/www.smedemokrati.sk\/"},{"@type":"ListItem","position":2,"name":"Cel\u00e1 Eur\u00f3pa je na konferencii k migr\u00e1cii, len \u0160utaj E\u0161tok sed\u00ed doma"}]},{"@type":"WebSite","@id":"https:\/\/www.smedemokrati.sk\/#website","url":"https:\/\/www.smedemokrati.sk\/","name":"Smedemokrati.sk","description":"Demokracia a slu\u0161nos\u0165 zv\u00ed\u0165az\u00ed","publisher":{"@id":"https:\/\/www.smedemokrati.sk\/#organization"},"potentialAction":[{"@type":"SearchAction","target":{"@type":"EntryPoint","urlTemplate":"https:\/\/www.smedemokrati.sk\/?s={search_term_string}"},"query-input":{"@type":"PropertyValueSpecification","valueRequired":true,"valueName":"search_term_string"}}],"inLanguage":"cs-CZ"},{"@type":"Organization","@id":"https:\/\/www.smedemokrati.sk\/#organization","name":"Smedemokrati.sk","url":"https:\/\/www.smedemokrati.sk\/","logo":{"@type":"ImageObject","inLanguage":"cs-CZ","@id":"https:\/\/www.smedemokrati.sk\/#\/schema\/logo\/image\/","url":"https:\/\/www.smedemokrati.sk\/wp-content\/uploads\/2023\/04\/ff.002.jpeg","contentUrl":"https:\/\/www.smedemokrati.sk\/wp-content\/uploads\/2023\/04\/ff.002.jpeg","width":640,"height":480,"caption":"Smedemokrati.sk"},"image":{"@id":"https:\/\/www.smedemokrati.sk\/#\/schema\/logo\/image\/"},"sameAs":["https:\/\/www.facebook.com\/smedemokrati2023"]},{"@type":"Person","@id":"https:\/\/www.smedemokrati.sk\/#\/schema\/person\/21f147c88d605aa7ded900e1e7c344ba","name":"miro.sopko","image":{"@type":"ImageObject","inLanguage":"cs-CZ","@id":"https:\/\/secure.gravatar.com\/avatar\/267e4a36f704376c109afe3a78740c1f5dd8675a2180a908699e7863c9247606?s=96&d=mm&r=g","url":"https:\/\/secure.gravatar.com\/avatar\/267e4a36f704376c109afe3a78740c1f5dd8675a2180a908699e7863c9247606?s=96&d=mm&r=g","contentUrl":"https:\/\/secure.gravatar.com\/avatar\/267e4a36f704376c109afe3a78740c1f5dd8675a2180a908699e7863c9247606?s=96&d=mm&r=g","caption":"miro.sopko"},"url":"https:\/\/www.smedemokrati.sk\/cs\/author\/miro-sopko\/"}]}},"_links":{"self":[{"href":"https:\/\/www.smedemokrati.sk\/cs\/wp-json\/wp\/v2\/posts\/4062","targetHints":{"allow":["GET"]}}],"collection":[{"href":"https:\/\/www.smedemokrati.sk\/cs\/wp-json\/wp\/v2\/posts"}],"about":[{"href":"https:\/\/www.smedemokrati.sk\/cs\/wp-json\/wp\/v2\/types\/post"}],"author":[{"embeddable":true,"href":"https:\/\/www.smedemokrati.sk\/cs\/wp-json\/wp\/v2\/users\/13"}],"replies":[{"embeddable":true,"href":"https:\/\/www.smedemokrati.sk\/cs\/wp-json\/wp\/v2\/comments?post=4062"}],"version-history":[{"count":1,"href":"https:\/\/www.smedemokrati.sk\/cs\/wp-json\/wp\/v2\/posts\/4062\/revisions"}],"predecessor-version":[{"id":4063,"href":"https:\/\/www.smedemokrati.sk\/cs\/wp-json\/wp\/v2\/posts\/4062\/revisions\/4063"}],"wp:featuredmedia":[{"embeddable":true,"href":"https:\/\/www.smedemokrati.sk\/cs\/wp-json\/wp\/v2\/media\/3302"}],"wp:attachment":[{"href":"https:\/\/www.smedemokrati.sk\/cs\/wp-json\/wp\/v2\/media?parent=4062"}],"wp:term":[{"taxonomy":"category","embeddable":true,"href":"https:\/\/www.smedemokrati.sk\/cs\/wp-json\/wp\/v2\/categories?post=4062"},{"taxonomy":"post_tag","embeddable":true,"href":"https:\/\/www.smedemokrati.sk\/cs\/wp-json\/wp\/v2\/tags?post=4062"}],"curies":[{"name":"wp","href":"https:\/\/api.w.org\/{rel}","templated":true}]}}