{"id":4019,"date":"2024-04-30T13:45:12","date_gmt":"2024-04-30T12:45:12","guid":{"rendered":"https:\/\/www.smedemokrati.sk\/?p=4019"},"modified":"2024-05-07T13:51:32","modified_gmt":"2024-05-07T12:51:32","slug":"policii-hrozi-kolaps-ale-oni-riesia-pomstu","status":"publish","type":"post","link":"https:\/\/www.smedemokrati.sk\/cs\/policii-hrozi-kolaps-ale-oni-riesia-pomstu\/","title":{"rendered":"Pol\u00edcii hroz\u00ed kolaps, ale oni rie\u0161ia pomstu!"},"content":{"rendered":"<div id=\"fb-root\"><\/div>\n\n<p><strong>B\u00fdval\u00fd policajn\u00fd prezident \u0160tefan Hamran upozor\u0148uje na s\u00fa\u010dasn\u00fd person\u00e1lny stav N\u00e1rodnej krimin\u00e1lnej agent\u00fary a Pol\u00edcie SR. D\u00f4sledkom bud\u00fa obvodn\u00e9 oddelenia, na ktor\u00fdch m\u00f4\u017ee osta\u0165 iba jeden policajt, prie\u0165ahy v konaniach a neskor\u00e1 pomoc ob\u010danom. Juraj \u0160eliga hovor\u00ed o rozklade prokurat\u00fary a \u00fa\u010delovom ostaven\u00ed prokur\u00e1torov, ktor\u00ed odha\u013euj\u00fa napojenia na vl\u00e1du Roberta Fica a jeho kump\u00e1nov.&nbsp;<\/strong><\/p>\n\n\n\n<p>B\u00fdval\u00fd policajn\u00fd prezident a kandid\u00e1t do Eur\u00f3pskeho parlamentu \u0160tefan Hamran hovor\u00ed, \u017ee vl\u00e1da Roberta Fica odstavila vy\u0161etrovate\u013eov, ktor\u00ed o\u010distili slovensk\u00fa spolo\u010dnos\u0165 od t\u00fdch najhor\u0161\u00edch zlo\u010dincov: <em>\u00a0\u201eVy\u0161etrovatelia, ktor\u00ed poctivo pracovali na najv\u00e4\u010d\u0161\u00edch kauz\u00e1ch Slovenska, ako vra\u017eda J\u00e1na a Martiny, fal\u0161ovanie mili\u00e1rd eur na \u00fazem\u00ed Slovenska, vra\u017eda Daniela Tup\u00e9ho a mnoho \u010fal\u0161\u00edch, zbavili t\u00fato krajinu hrubokr\u00e9ho mafi\u00e1nskeho zlo\u010dinu a dnes s\u00fa v\u0161etci odstaven\u00ed. J\u00e1n \u010curilla, \u013dubom\u00edr Da\u0148ko, Peter Juh\u00e1s, Rudolf Patka, Mari\u00e1n Salontay, Miroslav Chud\u00fd, toto s\u00fa \u0161pi\u010dkov\u00ed profesion\u00e1li, ktor\u00fdm patr\u00ed celospolo\u010densk\u00e1 v\u010faka.\u201d<\/em><\/p>\n\n\n\n<p>\u0160tefan Hamran otv\u00e1ra t\u00e9mu person\u00e1lneho rozkladu Policajn\u00e9ho zboru SR, za ktor\u00fd s\u00fa zodpovedn\u00e9 ned\u00e1vne mana\u017e\u00e9rske zlyhania: \u00a0<em>\u201e\u0160utaj E\u0161tok u\u017e dnes hovor\u00ed, \u017ee z policajn\u00e9ho zboru odch\u00e1dza okolo 3 000 policajtov, toto si hist\u00f3ria nepam\u00e4t\u00e1. Poviem to na konkr\u00e9tnom pr\u00edklade, na istom obvodnom oddelen\u00ed tak napr\u00edklad ostan\u00fa z pl\u00e1novan\u00fdch 23 policajtov iba 2 a tento stav sa vonkoncom net\u00fdka iba jedn\u00e9ho oddelenia, m\u00e1m inform\u00e1cie, \u017ee niektor\u00e9 ostan\u00fa iba s jedn\u00fdm policajtom,\u201d<\/em> otv\u00e1ra t\u00e9mu Hamran a prizvukuje slov\u00e1 policajn\u00e9ho krajsk\u00e9ho riadite\u013ea, ktor\u00fd hodnot\u00ed, \u017ee na miesta \u010dinu sa dost\u00e1vaj\u00fa nesk\u00fasen\u00ed str\u00e1\u017emajstri, hliadky me\u0161kaj\u00fa, na \u010do sa u\u017e s\u0165a\u017euje verejnos\u0165.\u00a0<\/p>\n\n\n\n<p>Nesk\u00fasenos\u0165 a najm\u00e4, neochota pracova\u0165 v prospech policajtov je pod\u013ea Hamrana vidite\u013en\u00e1 aj pri \u010fal\u0161ej t\u00e9me: <em>\u00a0\u201ePo\u010d\u00favam op\u00e4\u0165 o valoriz\u00e1cii d\u00f4chodkov, a to tak\u00fdm sp\u00f4sobom, \u017ee sa to bude t\u00fdka\u0165 len t\u00fdch, ktor\u00ed u\u017e s\u00fa v syst\u00e9me soci\u00e1lneho zabezpe\u010denia a t\u00fdm ostatn\u00fdm nie, aby neutiekli do civilu. Tieto kroky, nezmyseln\u00e9 a nesyst\u00e9mov\u00e9 rozhodnutia, to cel\u00e9 vedie z zn\u00ed\u017eeniu bezpe\u010dnostn\u00e9ho \u0161tandardu a destabiliz\u00e1cie Policajn\u00e9ho zboru SR,\u201d<\/em> uzatv\u00e1ra \u0160tefan Hamran.<\/p>\n\n\n\n<p>Podpredseda strany a expert na spravodlivos\u0165 Juraj \u0160eliga hovor\u00ed, \u017ee slu\u0161n\u00ed vy\u0161etrovatelia s\u00fa ter\u010dom s\u00fa\u010dasnej vl\u00e1dnej moci, niektor\u00ed preto, \u017ee sa v \u00favodzovk\u00e1ch odhodlali vy\u0161etrova\u0165 z objekt\u00edvnych d\u00f4vodov a podnetov aj vlastn\u00fdch kolegov alebo nominantov Roberta Fica: <em>\u00a0\u201eS\u00fa tu nez\u00e1konne rozd\u00e1van\u00e9 paragrafy 363, na Facebooku koali\u010dn\u00fdch poslancov s\u00fa uverej\u0148ovan\u00e9 materi\u00e1ly, ktor\u00e9 s\u00fa zamknut\u00e9 v trezoroch na NAKA Bratislava, na druhej strane, nevieme \u010do je s vy\u0161etrovan\u00edm \u0160allai\u00a0a Tk\u00e1\u010dika. P\u00e1n Zurian u\u017e vy\u0161etril \u00fanik zo spisu? S\u00fa len dvaja podozriv\u00fd?! Nehovoriac o \u017dilinkovi, ktor\u00fd absol\u00fatne nekon\u00e1, respekt\u00edve kon\u00e1 iba v tak\u00fdch veciach, ktor\u00e9 ukazuj\u00fa na pofid\u00e9rne konania s\u00fa\u010dasnej vl\u00e1dy a rob\u00ed v\u0161etko pre to, aby pravda nevy\u0161la na povrch. Je zauj\u00edmav\u00e9, \u017ee Lip\u0161ica disciplin\u00e1rne rie\u0161ia okam\u017eite, ale Kandera, ten nie, ten m\u00f4\u017ee rozd\u00e1va\u0165 &#8222;363ku&#8220; bez trestu. Kon\u0161tatoval to \u00fastavn\u00fd s\u00fad. Kde je \u017dilinka, vo\u010di Lip\u0161icovi pomstu to \u00e1no, ale in\u00e9 nie.\u201d<\/em> hovor\u00ed \u0160eliga a dod\u00e1va, \u017ee to v\u0161etko sp\u00f4sobuje chaos a spoma\u013euje konania.\u00a0<\/p>\n\n\n\n<p>Pod\u013ea Jaroslava Na\u010fa tieto kroky zapadaj\u00fa do nastavenia s\u00fa\u010dasnej vl\u00e1dy, ktor\u00e1 pomaly ale isto smeruje na\u0161u krajinu k autokracii: \u00a0<em>\u201eOvl\u00e1dli s\u00fadnu radu, rozpr\u00e1\u0161ili N\u00e1rodn\u00fa krimin\u00e1lnu agent\u00faru, likviduj\u00fa pol\u00edciu, \u00fato\u010dia na m\u00e9di\u00e1, ovl\u00e1dli RTVS, vyhadzuj\u00fa odborn\u00edkov z ministerstiev, mimovl\u00e1dky s\u00fa nepriate\u013emi \u0161t\u00e1tu a mohol by som pokra\u010dova\u0165 \u010falej. Nehovoriac o zahrani\u010dnej politike a na\u0161ej vl\u00e1de, ktor\u00e1 m\u00e1 vr\u00facne otvoren\u00e9 n\u00e1ru\u010die pre Rusko. Po novom, op\u00fdtajte sa na ministerstve obrany, \u010di vojensk\u00e1 hudba nedostala pokyn nacvi\u010d si rusk\u00fa hymnu k \u00f4smemu m\u00e1ju. My ideme oslavova\u0165 mier s Ruskom? Toto je norm\u00e1lne?\u201d <\/em>Uzatv\u00e1ra Na\u010f.<\/p>\n\n\n\n<p><strong>Strana Demokrati bude na\u010falej upozor\u0148ova\u0165 na r\u00facanie pr\u00e1vneho \u0161t\u00e1tu a snahu unies\u0165 spravodlivos\u0165.\u00a0<\/strong><\/p>\n\n\n\n<iframe src=\"https:\/\/www.facebook.com\/plugins\/video.php?href=https%3A%2F%2Fwww.facebook.com%2Fsmedemokrati2023%2Fvideos%2F3110903149047018%2F&#038;width=600&#038;show_text=false&#038;appId=361313990972954&#038;height=338\" width=\"600\" height=\"338\" style=\"border:none;overflow:hidden\" scrolling=\"no\" frameborder=\"0\" allowfullscreen=\"true\" allow=\"autoplay; clipboard-write; encrypted-media; picture-in-picture; web-share\" allowFullScreen=\"true\"><\/iframe>\n","protected":false},"excerpt":{"rendered":"<p>B\u00fdval\u00fd policajn\u00fd prezident \u0160tefan Hamran upozor\u0148uje na s\u00fa\u010dasn\u00fd person\u00e1lny stav N\u00e1rodnej krimin\u00e1lnej agent\u00fary a Pol\u00edcie SR. D\u00f4sledkom bud\u00fa obvodn\u00e9 oddelenia, na ktor\u00fdch m\u00f4\u017ee osta\u0165 iba jeden policajt, prie\u0165ahy v konaniach a neskor\u00e1 pomoc ob\u010danom. Juraj \u0160eliga hovor\u00ed o rozklade prokurat\u00fary a \u00fa\u010delovom ostaven\u00ed prokur\u00e1torov, ktor\u00ed odha\u013euj\u00fa napojenia na vl\u00e1du Roberta Fica a jeho kump\u00e1nov.&nbsp; B\u00fdval\u00fd [&hellip;]<\/p>\n","protected":false},"author":13,"featured_media":4020,"comment_status":"closed","ping_status":"closed","sticky":false,"template":"","format":"standard","meta":{"_acf_changed":false,"ngg_post_thumbnail":0,"footnotes":""},"categories":[4],"tags":[],"class_list":["post-4019","post","type-post","status-publish","format-standard","has-post-thumbnail","hentry","category-tlacove-spravy"],"acf":[],"yoast_head":"<!-- This site is optimized with the Yoast SEO plugin v27.2 - https:\/\/yoast.com\/product\/yoast-seo-wordpress\/ -->\n<title>Pol\u00edcii hroz\u00ed kolaps, ale oni rie\u0161ia pomstu!<\/title>\n<meta name=\"robots\" content=\"index, follow, max-snippet:-1, max-image-preview:large, max-video-preview:-1\" \/>\n<link rel=\"canonical\" href=\"https:\/\/www.smedemokrati.sk\/cs\/policii-hrozi-kolaps-ale-oni-riesia-pomstu\/\" \/>\n<meta property=\"og:locale\" content=\"cs_CZ\" \/>\n<meta property=\"og:locale:alternate\" content=\"en_US\" \/>\n<meta property=\"og:locale:alternate\" content=\"hu_HU\" \/>\n<meta property=\"og:locale:alternate\" content=\"sk_SK\" \/>\n<meta property=\"og:locale:alternate\" content=\"sv_SE\" \/>\n<meta property=\"og:type\" content=\"article\" \/>\n<meta property=\"og:title\" content=\"Pol\u00edcii hroz\u00ed kolaps, ale oni rie\u0161ia pomstu!\" \/>\n<meta property=\"og:description\" content=\"B\u00fdval\u00fd policajn\u00fd prezident \u0160tefan Hamran upozor\u0148uje na s\u00fa\u010dasn\u00fd person\u00e1lny stav N\u00e1rodnej krimin\u00e1lnej agent\u00fary a Pol\u00edcie SR. D\u00f4sledkom bud\u00fa obvodn\u00e9 oddelenia, na ktor\u00fdch m\u00f4\u017ee osta\u0165 iba jeden policajt, prie\u0165ahy v konaniach a neskor\u00e1 pomoc ob\u010danom. Juraj \u0160eliga hovor\u00ed o rozklade prokurat\u00fary a \u00fa\u010delovom ostaven\u00ed prokur\u00e1torov, ktor\u00ed odha\u013euj\u00fa napojenia na vl\u00e1du Roberta Fica a jeho kump\u00e1nov.&nbsp; B\u00fdval\u00fd [&hellip;]\" \/>\n<meta property=\"og:url\" content=\"https:\/\/www.smedemokrati.sk\/cs\/policii-hrozi-kolaps-ale-oni-riesia-pomstu\/\" \/>\n<meta property=\"og:site_name\" content=\"Smedemokrati.sk\" \/>\n<meta property=\"article:publisher\" content=\"https:\/\/www.facebook.com\/smedemokrati2023\" \/>\n<meta property=\"article:published_time\" content=\"2024-04-30T12:45:12+00:00\" \/>\n<meta property=\"article:modified_time\" content=\"2024-05-07T12:51:32+00:00\" \/>\n<meta property=\"og:image\" content=\"https:\/\/www.smedemokrati.sk\/wp-content\/uploads\/2024\/04\/tlacovka.jpg\" \/>\n\t<meta property=\"og:image:width\" content=\"1773\" \/>\n\t<meta property=\"og:image:height\" content=\"937\" \/>\n\t<meta property=\"og:image:type\" content=\"image\/jpeg\" \/>\n<meta name=\"author\" content=\"miro.sopko\" \/>\n<meta name=\"twitter:card\" content=\"summary_large_image\" \/>\n<meta name=\"twitter:label1\" content=\"Napsal(a)\" \/>\n\t<meta name=\"twitter:data1\" content=\"miro.sopko\" \/>\n\t<meta name=\"twitter:label2\" content=\"Odhadovan\u00e1 doba \u010dten\u00ed\" \/>\n\t<meta name=\"twitter:data2\" content=\"4 minuty\" \/>\n<script type=\"application\/ld+json\" class=\"yoast-schema-graph\">{\"@context\":\"https:\/\/schema.org\",\"@graph\":[{\"@type\":\"Article\",\"@id\":\"https:\/\/www.smedemokrati.sk\/policii-hrozi-kolaps-ale-oni-riesia-pomstu\/#article\",\"isPartOf\":{\"@id\":\"https:\/\/www.smedemokrati.sk\/policii-hrozi-kolaps-ale-oni-riesia-pomstu\/\"},\"author\":{\"name\":\"miro.sopko\",\"@id\":\"https:\/\/www.smedemokrati.sk\/#\/schema\/person\/21f147c88d605aa7ded900e1e7c344ba\"},\"headline\":\"Pol\u00edcii hroz\u00ed kolaps, ale oni rie\u0161ia pomstu!\",\"datePublished\":\"2024-04-30T12:45:12+00:00\",\"dateModified\":\"2024-05-07T12:51:32+00:00\",\"mainEntityOfPage\":{\"@id\":\"https:\/\/www.smedemokrati.sk\/policii-hrozi-kolaps-ale-oni-riesia-pomstu\/\"},\"wordCount\":753,\"publisher\":{\"@id\":\"https:\/\/www.smedemokrati.sk\/#organization\"},\"image\":{\"@id\":\"https:\/\/www.smedemokrati.sk\/policii-hrozi-kolaps-ale-oni-riesia-pomstu\/#primaryimage\"},\"thumbnailUrl\":\"https:\/\/www.smedemokrati.sk\/wp-content\/uploads\/2024\/04\/tlacovka.jpg\",\"articleSection\":[\"Tla\u010dov\u00e9 spr\u00e1vy\"],\"inLanguage\":\"cs-CZ\"},{\"@type\":\"WebPage\",\"@id\":\"https:\/\/www.smedemokrati.sk\/policii-hrozi-kolaps-ale-oni-riesia-pomstu\/\",\"url\":\"https:\/\/www.smedemokrati.sk\/policii-hrozi-kolaps-ale-oni-riesia-pomstu\/\",\"name\":\"Pol\u00edcii hroz\u00ed kolaps, ale oni rie\u0161ia pomstu!\",\"isPartOf\":{\"@id\":\"https:\/\/www.smedemokrati.sk\/#website\"},\"primaryImageOfPage\":{\"@id\":\"https:\/\/www.smedemokrati.sk\/policii-hrozi-kolaps-ale-oni-riesia-pomstu\/#primaryimage\"},\"image\":{\"@id\":\"https:\/\/www.smedemokrati.sk\/policii-hrozi-kolaps-ale-oni-riesia-pomstu\/#primaryimage\"},\"thumbnailUrl\":\"https:\/\/www.smedemokrati.sk\/wp-content\/uploads\/2024\/04\/tlacovka.jpg\",\"datePublished\":\"2024-04-30T12:45:12+00:00\",\"dateModified\":\"2024-05-07T12:51:32+00:00\",\"breadcrumb\":{\"@id\":\"https:\/\/www.smedemokrati.sk\/policii-hrozi-kolaps-ale-oni-riesia-pomstu\/#breadcrumb\"},\"inLanguage\":\"cs-CZ\",\"potentialAction\":[{\"@type\":\"ReadAction\",\"target\":[\"https:\/\/www.smedemokrati.sk\/policii-hrozi-kolaps-ale-oni-riesia-pomstu\/\"]}]},{\"@type\":\"ImageObject\",\"inLanguage\":\"cs-CZ\",\"@id\":\"https:\/\/www.smedemokrati.sk\/policii-hrozi-kolaps-ale-oni-riesia-pomstu\/#primaryimage\",\"url\":\"https:\/\/www.smedemokrati.sk\/wp-content\/uploads\/2024\/04\/tlacovka.jpg\",\"contentUrl\":\"https:\/\/www.smedemokrati.sk\/wp-content\/uploads\/2024\/04\/tlacovka.jpg\",\"width\":1773,\"height\":937},{\"@type\":\"BreadcrumbList\",\"@id\":\"https:\/\/www.smedemokrati.sk\/policii-hrozi-kolaps-ale-oni-riesia-pomstu\/#breadcrumb\",\"itemListElement\":[{\"@type\":\"ListItem\",\"position\":1,\"name\":\"Domovsk\u00e1 str\u00e1nka\",\"item\":\"https:\/\/www.smedemokrati.sk\/\"},{\"@type\":\"ListItem\",\"position\":2,\"name\":\"Pol\u00edcii hroz\u00ed kolaps, ale oni rie\u0161ia pomstu!\"}]},{\"@type\":\"WebSite\",\"@id\":\"https:\/\/www.smedemokrati.sk\/#website\",\"url\":\"https:\/\/www.smedemokrati.sk\/\",\"name\":\"Smedemokrati.sk\",\"description\":\"Demokracia a slu\u0161nos\u0165 zv\u00ed\u0165az\u00ed\",\"publisher\":{\"@id\":\"https:\/\/www.smedemokrati.sk\/#organization\"},\"potentialAction\":[{\"@type\":\"SearchAction\",\"target\":{\"@type\":\"EntryPoint\",\"urlTemplate\":\"https:\/\/www.smedemokrati.sk\/?s={search_term_string}\"},\"query-input\":{\"@type\":\"PropertyValueSpecification\",\"valueRequired\":true,\"valueName\":\"search_term_string\"}}],\"inLanguage\":\"cs-CZ\"},{\"@type\":\"Organization\",\"@id\":\"https:\/\/www.smedemokrati.sk\/#organization\",\"name\":\"Smedemokrati.sk\",\"url\":\"https:\/\/www.smedemokrati.sk\/\",\"logo\":{\"@type\":\"ImageObject\",\"inLanguage\":\"cs-CZ\",\"@id\":\"https:\/\/www.smedemokrati.sk\/#\/schema\/logo\/image\/\",\"url\":\"https:\/\/www.smedemokrati.sk\/wp-content\/uploads\/2023\/04\/ff.002.jpeg\",\"contentUrl\":\"https:\/\/www.smedemokrati.sk\/wp-content\/uploads\/2023\/04\/ff.002.jpeg\",\"width\":640,\"height\":480,\"caption\":\"Smedemokrati.sk\"},\"image\":{\"@id\":\"https:\/\/www.smedemokrati.sk\/#\/schema\/logo\/image\/\"},\"sameAs\":[\"https:\/\/www.facebook.com\/smedemokrati2023\"]},{\"@type\":\"Person\",\"@id\":\"https:\/\/www.smedemokrati.sk\/#\/schema\/person\/21f147c88d605aa7ded900e1e7c344ba\",\"name\":\"miro.sopko\",\"image\":{\"@type\":\"ImageObject\",\"inLanguage\":\"cs-CZ\",\"@id\":\"https:\/\/secure.gravatar.com\/avatar\/267e4a36f704376c109afe3a78740c1f5dd8675a2180a908699e7863c9247606?s=96&d=mm&r=g\",\"url\":\"https:\/\/secure.gravatar.com\/avatar\/267e4a36f704376c109afe3a78740c1f5dd8675a2180a908699e7863c9247606?s=96&d=mm&r=g\",\"contentUrl\":\"https:\/\/secure.gravatar.com\/avatar\/267e4a36f704376c109afe3a78740c1f5dd8675a2180a908699e7863c9247606?s=96&d=mm&r=g\",\"caption\":\"miro.sopko\"},\"url\":\"https:\/\/www.smedemokrati.sk\/cs\/author\/miro-sopko\/\"}]}<\/script>\n<!-- \/ Yoast SEO plugin. -->","yoast_head_json":{"title":"Pol\u00edcii hroz\u00ed kolaps, ale oni rie\u0161ia pomstu!","robots":{"index":"index","follow":"follow","max-snippet":"max-snippet:-1","max-image-preview":"max-image-preview:large","max-video-preview":"max-video-preview:-1"},"canonical":"https:\/\/www.smedemokrati.sk\/cs\/policii-hrozi-kolaps-ale-oni-riesia-pomstu\/","og_locale":"cs_CZ","og_type":"article","og_title":"[:sk]Pol\u00edcii hroz\u00ed kolaps, ale oni rie\u0161ia pomstu![:] - Smedemokrati.sk","og_description":"B\u00fdval\u00fd policajn\u00fd prezident \u0160tefan Hamran upozor\u0148uje na s\u00fa\u010dasn\u00fd person\u00e1lny stav N\u00e1rodnej krimin\u00e1lnej agent\u00fary a Pol\u00edcie SR. D\u00f4sledkom bud\u00fa obvodn\u00e9 oddelenia, na ktor\u00fdch m\u00f4\u017ee osta\u0165 iba jeden policajt, prie\u0165ahy v konaniach a neskor\u00e1 pomoc ob\u010danom. Juraj \u0160eliga hovor\u00ed o rozklade prokurat\u00fary a \u00fa\u010delovom ostaven\u00ed prokur\u00e1torov, ktor\u00ed odha\u013euj\u00fa napojenia na vl\u00e1du Roberta Fica a jeho kump\u00e1nov.&nbsp; B\u00fdval\u00fd [&hellip;]","og_url":"https:\/\/www.smedemokrati.sk\/cs\/policii-hrozi-kolaps-ale-oni-riesia-pomstu\/","og_site_name":"Smedemokrati.sk","article_publisher":"https:\/\/www.facebook.com\/smedemokrati2023","article_published_time":"2024-04-30T12:45:12+00:00","article_modified_time":"2024-05-07T12:51:32+00:00","og_image":[{"width":1773,"height":937,"url":"https:\/\/www.smedemokrati.sk\/wp-content\/uploads\/2024\/04\/tlacovka.jpg","type":"image\/jpeg"}],"author":"miro.sopko","twitter_card":"summary_large_image","twitter_misc":{"Napsal(a)":"miro.sopko","Odhadovan\u00e1 doba \u010dten\u00ed":"4 minuty"},"schema":{"@context":"https:\/\/schema.org","@graph":[{"@type":"Article","@id":"https:\/\/www.smedemokrati.sk\/policii-hrozi-kolaps-ale-oni-riesia-pomstu\/#article","isPartOf":{"@id":"https:\/\/www.smedemokrati.sk\/policii-hrozi-kolaps-ale-oni-riesia-pomstu\/"},"author":{"name":"miro.sopko","@id":"https:\/\/www.smedemokrati.sk\/#\/schema\/person\/21f147c88d605aa7ded900e1e7c344ba"},"headline":"Pol\u00edcii hroz\u00ed kolaps, ale oni rie\u0161ia pomstu!","datePublished":"2024-04-30T12:45:12+00:00","dateModified":"2024-05-07T12:51:32+00:00","mainEntityOfPage":{"@id":"https:\/\/www.smedemokrati.sk\/policii-hrozi-kolaps-ale-oni-riesia-pomstu\/"},"wordCount":753,"publisher":{"@id":"https:\/\/www.smedemokrati.sk\/#organization"},"image":{"@id":"https:\/\/www.smedemokrati.sk\/policii-hrozi-kolaps-ale-oni-riesia-pomstu\/#primaryimage"},"thumbnailUrl":"https:\/\/www.smedemokrati.sk\/wp-content\/uploads\/2024\/04\/tlacovka.jpg","articleSection":["Tla\u010dov\u00e9 spr\u00e1vy"],"inLanguage":"cs-CZ"},{"@type":"WebPage","@id":"https:\/\/www.smedemokrati.sk\/policii-hrozi-kolaps-ale-oni-riesia-pomstu\/","url":"https:\/\/www.smedemokrati.sk\/policii-hrozi-kolaps-ale-oni-riesia-pomstu\/","name":"Pol\u00edcii hroz\u00ed kolaps, ale oni rie\u0161ia pomstu!","isPartOf":{"@id":"https:\/\/www.smedemokrati.sk\/#website"},"primaryImageOfPage":{"@id":"https:\/\/www.smedemokrati.sk\/policii-hrozi-kolaps-ale-oni-riesia-pomstu\/#primaryimage"},"image":{"@id":"https:\/\/www.smedemokrati.sk\/policii-hrozi-kolaps-ale-oni-riesia-pomstu\/#primaryimage"},"thumbnailUrl":"https:\/\/www.smedemokrati.sk\/wp-content\/uploads\/2024\/04\/tlacovka.jpg","datePublished":"2024-04-30T12:45:12+00:00","dateModified":"2024-05-07T12:51:32+00:00","breadcrumb":{"@id":"https:\/\/www.smedemokrati.sk\/policii-hrozi-kolaps-ale-oni-riesia-pomstu\/#breadcrumb"},"inLanguage":"cs-CZ","potentialAction":[{"@type":"ReadAction","target":["https:\/\/www.smedemokrati.sk\/policii-hrozi-kolaps-ale-oni-riesia-pomstu\/"]}]},{"@type":"ImageObject","inLanguage":"cs-CZ","@id":"https:\/\/www.smedemokrati.sk\/policii-hrozi-kolaps-ale-oni-riesia-pomstu\/#primaryimage","url":"https:\/\/www.smedemokrati.sk\/wp-content\/uploads\/2024\/04\/tlacovka.jpg","contentUrl":"https:\/\/www.smedemokrati.sk\/wp-content\/uploads\/2024\/04\/tlacovka.jpg","width":1773,"height":937},{"@type":"BreadcrumbList","@id":"https:\/\/www.smedemokrati.sk\/policii-hrozi-kolaps-ale-oni-riesia-pomstu\/#breadcrumb","itemListElement":[{"@type":"ListItem","position":1,"name":"Domovsk\u00e1 str\u00e1nka","item":"https:\/\/www.smedemokrati.sk\/"},{"@type":"ListItem","position":2,"name":"Pol\u00edcii hroz\u00ed kolaps, ale oni rie\u0161ia pomstu!"}]},{"@type":"WebSite","@id":"https:\/\/www.smedemokrati.sk\/#website","url":"https:\/\/www.smedemokrati.sk\/","name":"Smedemokrati.sk","description":"Demokracia a slu\u0161nos\u0165 zv\u00ed\u0165az\u00ed","publisher":{"@id":"https:\/\/www.smedemokrati.sk\/#organization"},"potentialAction":[{"@type":"SearchAction","target":{"@type":"EntryPoint","urlTemplate":"https:\/\/www.smedemokrati.sk\/?s={search_term_string}"},"query-input":{"@type":"PropertyValueSpecification","valueRequired":true,"valueName":"search_term_string"}}],"inLanguage":"cs-CZ"},{"@type":"Organization","@id":"https:\/\/www.smedemokrati.sk\/#organization","name":"Smedemokrati.sk","url":"https:\/\/www.smedemokrati.sk\/","logo":{"@type":"ImageObject","inLanguage":"cs-CZ","@id":"https:\/\/www.smedemokrati.sk\/#\/schema\/logo\/image\/","url":"https:\/\/www.smedemokrati.sk\/wp-content\/uploads\/2023\/04\/ff.002.jpeg","contentUrl":"https:\/\/www.smedemokrati.sk\/wp-content\/uploads\/2023\/04\/ff.002.jpeg","width":640,"height":480,"caption":"Smedemokrati.sk"},"image":{"@id":"https:\/\/www.smedemokrati.sk\/#\/schema\/logo\/image\/"},"sameAs":["https:\/\/www.facebook.com\/smedemokrati2023"]},{"@type":"Person","@id":"https:\/\/www.smedemokrati.sk\/#\/schema\/person\/21f147c88d605aa7ded900e1e7c344ba","name":"miro.sopko","image":{"@type":"ImageObject","inLanguage":"cs-CZ","@id":"https:\/\/secure.gravatar.com\/avatar\/267e4a36f704376c109afe3a78740c1f5dd8675a2180a908699e7863c9247606?s=96&d=mm&r=g","url":"https:\/\/secure.gravatar.com\/avatar\/267e4a36f704376c109afe3a78740c1f5dd8675a2180a908699e7863c9247606?s=96&d=mm&r=g","contentUrl":"https:\/\/secure.gravatar.com\/avatar\/267e4a36f704376c109afe3a78740c1f5dd8675a2180a908699e7863c9247606?s=96&d=mm&r=g","caption":"miro.sopko"},"url":"https:\/\/www.smedemokrati.sk\/cs\/author\/miro-sopko\/"}]}},"_links":{"self":[{"href":"https:\/\/www.smedemokrati.sk\/cs\/wp-json\/wp\/v2\/posts\/4019","targetHints":{"allow":["GET"]}}],"collection":[{"href":"https:\/\/www.smedemokrati.sk\/cs\/wp-json\/wp\/v2\/posts"}],"about":[{"href":"https:\/\/www.smedemokrati.sk\/cs\/wp-json\/wp\/v2\/types\/post"}],"author":[{"embeddable":true,"href":"https:\/\/www.smedemokrati.sk\/cs\/wp-json\/wp\/v2\/users\/13"}],"replies":[{"embeddable":true,"href":"https:\/\/www.smedemokrati.sk\/cs\/wp-json\/wp\/v2\/comments?post=4019"}],"version-history":[{"count":1,"href":"https:\/\/www.smedemokrati.sk\/cs\/wp-json\/wp\/v2\/posts\/4019\/revisions"}],"predecessor-version":[{"id":4021,"href":"https:\/\/www.smedemokrati.sk\/cs\/wp-json\/wp\/v2\/posts\/4019\/revisions\/4021"}],"wp:featuredmedia":[{"embeddable":true,"href":"https:\/\/www.smedemokrati.sk\/cs\/wp-json\/wp\/v2\/media\/4020"}],"wp:attachment":[{"href":"https:\/\/www.smedemokrati.sk\/cs\/wp-json\/wp\/v2\/media?parent=4019"}],"wp:term":[{"taxonomy":"category","embeddable":true,"href":"https:\/\/www.smedemokrati.sk\/cs\/wp-json\/wp\/v2\/categories?post=4019"},{"taxonomy":"post_tag","embeddable":true,"href":"https:\/\/www.smedemokrati.sk\/cs\/wp-json\/wp\/v2\/tags?post=4019"}],"curies":[{"name":"wp","href":"https:\/\/api.w.org\/{rel}","templated":true}]}}