{"id":4006,"date":"2024-04-30T08:28:10","date_gmt":"2024-04-30T07:28:10","guid":{"rendered":"https:\/\/www.smedemokrati.sk\/?p=4006"},"modified":"2024-05-07T13:51:39","modified_gmt":"2024-05-07T12:51:39","slug":"demokrati-oslovuju-mladych-vznikla-generacia-d","status":"publish","type":"post","link":"https:\/\/www.smedemokrati.sk\/cs\/demokrati-oslovuju-mladych-vznikla-generacia-d\/","title":{"rendered":"Demokrati oslovuj\u00fa mlad\u00fdch, vznikla Gener\u00e1cia D"},"content":{"rendered":"<div id=\"fb-root\"><\/div>\n\n<p><strong>Strana Demokrati vytvorila v r\u00e1mci svojich \u0161trukt\u00far organiz\u00e1ciu, ktor\u00e1 bude zdru\u017eova\u0165 mlad\u00fdch vo veku od 18-35 rokov. Cie\u013eom je poskytn\u00fa\u0165 mlad\u0161ej gener\u00e1cii funguj\u00facu platformu a n\u00e1stroj na akt\u00edvne prezentovanie my\u0161lienok, t\u00e9m a oblast\u00ed, ktor\u00e9 s\u00fa pre t\u00fato skupinu \u013eud\u00ed prioritn\u00e9.<\/strong><\/p>\n\n\n\n<p>Ml\u00e1de\u017en\u00edcka politick\u00e1 organiz\u00e1cia strany Demokrati &#8211; Gener\u00e1cia D vznikla symbolicky v de\u0148, kedy si pripom\u00edname solidaritu a spolupr\u00e1cu medzi gener\u00e1ciami (29.apr\u00edl):\u00a0<em><em>\u201e<\/em>Chceme zdru\u017eova\u0165, po\u010d\u00fava\u0165 a \u010falej pracova\u0165 s my\u0161lienkami mlad\u00fdch. Chceme, aby t\u00e1to gener\u00e1cia mala priestor vyjadri\u0165 svoj n\u00e1zor, aby t\u00ed, ktor\u00ed chc\u00fa by\u0165 akt\u00edvni v politike mali funguj\u00facu platformu, kde sa vedia uplatni\u0165. Aktu\u00e1lne m\u00e1me vy\u0161e 600 \u010dlenov po celom Slovensku, mlad\u0161ia gener\u00e1cia m\u00e1 u n\u00e1s zna\u010dn\u00e9 zast\u00fapenie, to je skvel\u00fd sign\u00e1l pre n\u00e1s v\u0161etk\u00fdch, te\u0161\u00edm sa na spolupr\u00e1cu,\u201d\u00a0<\/em>povedal predseda Demokratov Jaroslav Na\u010f.<\/p>\n\n\n\n<p><em><em>\u201e<\/em>Chceme Slovensko, ktor\u00e9 je siln\u00e9 a hrd\u00e9 na svoje trad\u00edcie, kult\u00faru a bohat\u00fa hist\u00f3riu, no z\u00e1rove\u0148 otvoren\u00e9 svetu a inov\u00e1ci\u00e1m. Nem\u00f4\u017eeme sa zmieri\u0165 s t\u00fdm, kam n\u00e1s s\u00fa\u010dasn\u00e1 vl\u00e1da ako krajinu \u0165ah\u00e1 a nemienime sa ne\u010dinne pozera\u0165 na ni\u010denie spravodlivosti, \u017eivotn\u00e9ho prostredia, na\u0161ich vz\u0165ahov v zahrani\u010d\u00ed a na\u0161ich pr\u00edle\u017eitost\u00ed. Ka\u017ed\u00fd, kto sa k n\u00e1m chce prida\u0165, je v\u00edtan\u00fd, mus\u00edme spoji\u0165 sily naprie\u010d v\u0161etk\u00fdmi gener\u00e1ciami, aby sme dostali Slovensko op\u00e4\u0165 na spr\u00e1vnu cestu,\u201d<\/em>\u00a0povedal zvolen\u00fd predseda Gener\u00e1cie D Jakub Kub\u00edk.<\/p>\n\n\n\n<p>Pod\u013ea gener\u00e1lneho sekret\u00e1ra Petra Markovi\u010da chce v prv\u00fdch t\u00fd\u017ed\u0148och strana pracova\u0165 s prvou pribli\u017ene 50tkou \u010dlenov:\u00a0<em><em>\u201e<\/em>Gener\u00e1cia D zdru\u017euje mlad\u00fdch naprie\u010d cel\u00fdm Slovenskom. Na za\u010diatok pracujeme s na\u0161imi \u010dlenmi a paralelne naber\u00e1me \u010fal\u0161\u00edch z\u00e1ujemcov, ktor\u00fd chc\u00fa by\u0165 akt\u00edvni. Poz\u00fdvame ka\u017ed\u00e9ho, kto sa stoto\u017e\u0148uje s na\u0161imi hodnotami a programom, \u010dlenstvo v strane nie je podmienkou,\u201d<\/em>\u00a0uzatv\u00e1ra Markovi\u010d.<\/p>\n\n\n\n<p>Mlad\u00ed Demokrati &#8211; Gener\u00e1cia D je rozdelen\u00e1 do troch oblastn\u00fdch celkov &#8211; Z\u00e1pad, Stred a V\u00fdchod, ktor\u00e9 sa delia na region\u00e1lne skupiny. S\u00fa\u010das\u0165ou organiz\u00e1cie sa m\u00f4\u017ee sta\u0165 ka\u017ed\u00fd ob\u010dan SR vo veku od 18 a\u017e 35 rokov, \u010dlenstvo v strane nie je podmienkou.&nbsp;<\/p>\n\n\n\n<p><strong><u>Kontaktn\u00fd mail:<\/u><\/strong> <a href=\"mailto:generaciad@smedemokrati.sk\" target=\"_blank\" rel=\"noreferrer noopener\">generaciad@smedemokrati.sk<\/a><\/p>\n\n\n\n<p><strong><u>Instagram:<\/u><\/strong> <a href=\"https:\/\/www.instagram.com\/sme_generaciad\/\">sme_generaciad<\/a><\/p>\n\n\n\nngg_shortcode_0_placeholder\n","protected":false},"excerpt":{"rendered":"<p>Strana Demokrati vytvorila v r\u00e1mci svojich \u0161trukt\u00far organiz\u00e1ciu, ktor\u00e1 bude zdru\u017eova\u0165 mlad\u00fdch vo veku od 18-35 rokov. Cie\u013eom je poskytn\u00fa\u0165 mlad\u0161ej gener\u00e1cii funguj\u00facu platformu a n\u00e1stroj na akt\u00edvne prezentovanie my\u0161lienok, t\u00e9m a oblast\u00ed, ktor\u00e9 s\u00fa pre t\u00fato skupinu \u013eud\u00ed prioritn\u00e9. Ml\u00e1de\u017en\u00edcka politick\u00e1 organiz\u00e1cia strany Demokrati &#8211; Gener\u00e1cia D vznikla symbolicky v de\u0148, kedy si pripom\u00edname [&hellip;]<\/p>\n","protected":false},"author":13,"featured_media":4007,"comment_status":"closed","ping_status":"closed","sticky":false,"template":"","format":"standard","meta":{"_acf_changed":false,"ngg_post_thumbnail":0,"footnotes":""},"categories":[4],"tags":[],"class_list":["post-4006","post","type-post","status-publish","format-standard","has-post-thumbnail","hentry","category-tlacove-spravy"],"acf":[],"yoast_head":"<!-- This site is optimized with the Yoast SEO plugin v27.2 - https:\/\/yoast.com\/product\/yoast-seo-wordpress\/ -->\n<title>Demokrati oslovuj\u00fa mlad\u00fdch, vznikla Gener\u00e1cia D<\/title>\n<meta name=\"robots\" content=\"index, follow, max-snippet:-1, max-image-preview:large, max-video-preview:-1\" \/>\n<link rel=\"canonical\" href=\"https:\/\/www.smedemokrati.sk\/cs\/demokrati-oslovuju-mladych-vznikla-generacia-d\/\" \/>\n<meta property=\"og:locale\" content=\"cs_CZ\" \/>\n<meta property=\"og:locale:alternate\" content=\"en_US\" \/>\n<meta property=\"og:locale:alternate\" content=\"hu_HU\" \/>\n<meta property=\"og:locale:alternate\" content=\"sk_SK\" \/>\n<meta property=\"og:locale:alternate\" content=\"sv_SE\" \/>\n<meta property=\"og:type\" content=\"article\" \/>\n<meta property=\"og:title\" content=\"Demokrati oslovuj\u00fa mlad\u00fdch, vznikla Gener\u00e1cia D\" \/>\n<meta property=\"og:description\" content=\"Strana Demokrati vytvorila v r\u00e1mci svojich \u0161trukt\u00far organiz\u00e1ciu, ktor\u00e1 bude zdru\u017eova\u0165 mlad\u00fdch vo veku od 18-35 rokov. Cie\u013eom je poskytn\u00fa\u0165 mlad\u0161ej gener\u00e1cii funguj\u00facu platformu a n\u00e1stroj na akt\u00edvne prezentovanie my\u0161lienok, t\u00e9m a oblast\u00ed, ktor\u00e9 s\u00fa pre t\u00fato skupinu \u013eud\u00ed prioritn\u00e9. Ml\u00e1de\u017en\u00edcka politick\u00e1 organiz\u00e1cia strany Demokrati &#8211; Gener\u00e1cia D vznikla symbolicky v de\u0148, kedy si pripom\u00edname [&hellip;]\" \/>\n<meta property=\"og:url\" content=\"https:\/\/www.smedemokrati.sk\/cs\/demokrati-oslovuju-mladych-vznikla-generacia-d\/\" \/>\n<meta property=\"og:site_name\" content=\"Smedemokrati.sk\" \/>\n<meta property=\"article:publisher\" content=\"https:\/\/www.facebook.com\/smedemokrati2023\" \/>\n<meta property=\"article:published_time\" content=\"2024-04-30T07:28:10+00:00\" \/>\n<meta property=\"article:modified_time\" content=\"2024-05-07T12:51:39+00:00\" \/>\n<meta property=\"og:image\" content=\"https:\/\/www.smedemokrati.sk\/wp-content\/uploads\/2024\/04\/image00001.jpeg\" \/>\n\t<meta property=\"og:image:width\" content=\"1440\" \/>\n\t<meta property=\"og:image:height\" content=\"957\" \/>\n\t<meta property=\"og:image:type\" content=\"image\/jpeg\" \/>\n<meta name=\"author\" content=\"miro.sopko\" \/>\n<meta name=\"twitter:card\" content=\"summary_large_image\" \/>\n<meta name=\"twitter:label1\" content=\"Napsal(a)\" \/>\n\t<meta name=\"twitter:data1\" content=\"miro.sopko\" \/>\n\t<meta name=\"twitter:label2\" content=\"Odhadovan\u00e1 doba \u010dten\u00ed\" \/>\n\t<meta name=\"twitter:data2\" content=\"2 minuty\" \/>\n<script type=\"application\/ld+json\" class=\"yoast-schema-graph\">{\"@context\":\"https:\/\/schema.org\",\"@graph\":[{\"@type\":\"Article\",\"@id\":\"https:\/\/www.smedemokrati.sk\/demokrati-oslovuju-mladych-vznikla-generacia-d\/#article\",\"isPartOf\":{\"@id\":\"https:\/\/www.smedemokrati.sk\/demokrati-oslovuju-mladych-vznikla-generacia-d\/\"},\"author\":{\"name\":\"miro.sopko\",\"@id\":\"https:\/\/www.smedemokrati.sk\/#\/schema\/person\/21f147c88d605aa7ded900e1e7c344ba\"},\"headline\":\"Demokrati oslovuj\u00fa mlad\u00fdch, vznikla Gener\u00e1cia D\",\"datePublished\":\"2024-04-30T07:28:10+00:00\",\"dateModified\":\"2024-05-07T12:51:39+00:00\",\"mainEntityOfPage\":{\"@id\":\"https:\/\/www.smedemokrati.sk\/demokrati-oslovuju-mladych-vznikla-generacia-d\/\"},\"wordCount\":441,\"publisher\":{\"@id\":\"https:\/\/www.smedemokrati.sk\/#organization\"},\"image\":{\"@id\":\"https:\/\/www.smedemokrati.sk\/demokrati-oslovuju-mladych-vznikla-generacia-d\/#primaryimage\"},\"thumbnailUrl\":\"https:\/\/www.smedemokrati.sk\/wp-content\/uploads\/2024\/04\/image00001.jpeg\",\"articleSection\":[\"Tla\u010dov\u00e9 spr\u00e1vy\"],\"inLanguage\":\"cs-CZ\"},{\"@type\":\"WebPage\",\"@id\":\"https:\/\/www.smedemokrati.sk\/demokrati-oslovuju-mladych-vznikla-generacia-d\/\",\"url\":\"https:\/\/www.smedemokrati.sk\/demokrati-oslovuju-mladych-vznikla-generacia-d\/\",\"name\":\"Demokrati oslovuj\u00fa mlad\u00fdch, vznikla Gener\u00e1cia D\",\"isPartOf\":{\"@id\":\"https:\/\/www.smedemokrati.sk\/#website\"},\"primaryImageOfPage\":{\"@id\":\"https:\/\/www.smedemokrati.sk\/demokrati-oslovuju-mladych-vznikla-generacia-d\/#primaryimage\"},\"image\":{\"@id\":\"https:\/\/www.smedemokrati.sk\/demokrati-oslovuju-mladych-vznikla-generacia-d\/#primaryimage\"},\"thumbnailUrl\":\"https:\/\/www.smedemokrati.sk\/wp-content\/uploads\/2024\/04\/image00001.jpeg\",\"datePublished\":\"2024-04-30T07:28:10+00:00\",\"dateModified\":\"2024-05-07T12:51:39+00:00\",\"breadcrumb\":{\"@id\":\"https:\/\/www.smedemokrati.sk\/demokrati-oslovuju-mladych-vznikla-generacia-d\/#breadcrumb\"},\"inLanguage\":\"cs-CZ\",\"potentialAction\":[{\"@type\":\"ReadAction\",\"target\":[\"https:\/\/www.smedemokrati.sk\/demokrati-oslovuju-mladych-vznikla-generacia-d\/\"]}]},{\"@type\":\"ImageObject\",\"inLanguage\":\"cs-CZ\",\"@id\":\"https:\/\/www.smedemokrati.sk\/demokrati-oslovuju-mladych-vznikla-generacia-d\/#primaryimage\",\"url\":\"https:\/\/www.smedemokrati.sk\/wp-content\/uploads\/2024\/04\/image00001.jpeg\",\"contentUrl\":\"https:\/\/www.smedemokrati.sk\/wp-content\/uploads\/2024\/04\/image00001.jpeg\",\"width\":1440,\"height\":957},{\"@type\":\"BreadcrumbList\",\"@id\":\"https:\/\/www.smedemokrati.sk\/demokrati-oslovuju-mladych-vznikla-generacia-d\/#breadcrumb\",\"itemListElement\":[{\"@type\":\"ListItem\",\"position\":1,\"name\":\"Domovsk\u00e1 str\u00e1nka\",\"item\":\"https:\/\/www.smedemokrati.sk\/\"},{\"@type\":\"ListItem\",\"position\":2,\"name\":\"Demokrati oslovuj\u00fa mlad\u00fdch, vznikla Gener\u00e1cia D\"}]},{\"@type\":\"WebSite\",\"@id\":\"https:\/\/www.smedemokrati.sk\/#website\",\"url\":\"https:\/\/www.smedemokrati.sk\/\",\"name\":\"Smedemokrati.sk\",\"description\":\"Demokracia a slu\u0161nos\u0165 zv\u00ed\u0165az\u00ed\",\"publisher\":{\"@id\":\"https:\/\/www.smedemokrati.sk\/#organization\"},\"potentialAction\":[{\"@type\":\"SearchAction\",\"target\":{\"@type\":\"EntryPoint\",\"urlTemplate\":\"https:\/\/www.smedemokrati.sk\/?s={search_term_string}\"},\"query-input\":{\"@type\":\"PropertyValueSpecification\",\"valueRequired\":true,\"valueName\":\"search_term_string\"}}],\"inLanguage\":\"cs-CZ\"},{\"@type\":\"Organization\",\"@id\":\"https:\/\/www.smedemokrati.sk\/#organization\",\"name\":\"Smedemokrati.sk\",\"url\":\"https:\/\/www.smedemokrati.sk\/\",\"logo\":{\"@type\":\"ImageObject\",\"inLanguage\":\"cs-CZ\",\"@id\":\"https:\/\/www.smedemokrati.sk\/#\/schema\/logo\/image\/\",\"url\":\"https:\/\/www.smedemokrati.sk\/wp-content\/uploads\/2023\/04\/ff.002.jpeg\",\"contentUrl\":\"https:\/\/www.smedemokrati.sk\/wp-content\/uploads\/2023\/04\/ff.002.jpeg\",\"width\":640,\"height\":480,\"caption\":\"Smedemokrati.sk\"},\"image\":{\"@id\":\"https:\/\/www.smedemokrati.sk\/#\/schema\/logo\/image\/\"},\"sameAs\":[\"https:\/\/www.facebook.com\/smedemokrati2023\"]},{\"@type\":\"Person\",\"@id\":\"https:\/\/www.smedemokrati.sk\/#\/schema\/person\/21f147c88d605aa7ded900e1e7c344ba\",\"name\":\"miro.sopko\",\"image\":{\"@type\":\"ImageObject\",\"inLanguage\":\"cs-CZ\",\"@id\":\"https:\/\/secure.gravatar.com\/avatar\/267e4a36f704376c109afe3a78740c1f5dd8675a2180a908699e7863c9247606?s=96&d=mm&r=g\",\"url\":\"https:\/\/secure.gravatar.com\/avatar\/267e4a36f704376c109afe3a78740c1f5dd8675a2180a908699e7863c9247606?s=96&d=mm&r=g\",\"contentUrl\":\"https:\/\/secure.gravatar.com\/avatar\/267e4a36f704376c109afe3a78740c1f5dd8675a2180a908699e7863c9247606?s=96&d=mm&r=g\",\"caption\":\"miro.sopko\"},\"url\":\"https:\/\/www.smedemokrati.sk\/cs\/author\/miro-sopko\/\"}]}<\/script>\n<!-- \/ Yoast SEO plugin. -->","yoast_head_json":{"title":"Demokrati oslovuj\u00fa mlad\u00fdch, vznikla Gener\u00e1cia D","robots":{"index":"index","follow":"follow","max-snippet":"max-snippet:-1","max-image-preview":"max-image-preview:large","max-video-preview":"max-video-preview:-1"},"canonical":"https:\/\/www.smedemokrati.sk\/cs\/demokrati-oslovuju-mladych-vznikla-generacia-d\/","og_locale":"cs_CZ","og_type":"article","og_title":"[:sk]Demokrati oslovuj\u00fa mlad\u00fdch, vznikla Gener\u00e1cia D[:] - Smedemokrati.sk","og_description":"Strana Demokrati vytvorila v r\u00e1mci svojich \u0161trukt\u00far organiz\u00e1ciu, ktor\u00e1 bude zdru\u017eova\u0165 mlad\u00fdch vo veku od 18-35 rokov. Cie\u013eom je poskytn\u00fa\u0165 mlad\u0161ej gener\u00e1cii funguj\u00facu platformu a n\u00e1stroj na akt\u00edvne prezentovanie my\u0161lienok, t\u00e9m a oblast\u00ed, ktor\u00e9 s\u00fa pre t\u00fato skupinu \u013eud\u00ed prioritn\u00e9. Ml\u00e1de\u017en\u00edcka politick\u00e1 organiz\u00e1cia strany Demokrati &#8211; Gener\u00e1cia D vznikla symbolicky v de\u0148, kedy si pripom\u00edname [&hellip;]","og_url":"https:\/\/www.smedemokrati.sk\/cs\/demokrati-oslovuju-mladych-vznikla-generacia-d\/","og_site_name":"Smedemokrati.sk","article_publisher":"https:\/\/www.facebook.com\/smedemokrati2023","article_published_time":"2024-04-30T07:28:10+00:00","article_modified_time":"2024-05-07T12:51:39+00:00","og_image":[{"width":1440,"height":957,"url":"https:\/\/www.smedemokrati.sk\/wp-content\/uploads\/2024\/04\/image00001.jpeg","type":"image\/jpeg"}],"author":"miro.sopko","twitter_card":"summary_large_image","twitter_misc":{"Napsal(a)":"miro.sopko","Odhadovan\u00e1 doba \u010dten\u00ed":"2 minuty"},"schema":{"@context":"https:\/\/schema.org","@graph":[{"@type":"Article","@id":"https:\/\/www.smedemokrati.sk\/demokrati-oslovuju-mladych-vznikla-generacia-d\/#article","isPartOf":{"@id":"https:\/\/www.smedemokrati.sk\/demokrati-oslovuju-mladych-vznikla-generacia-d\/"},"author":{"name":"miro.sopko","@id":"https:\/\/www.smedemokrati.sk\/#\/schema\/person\/21f147c88d605aa7ded900e1e7c344ba"},"headline":"Demokrati oslovuj\u00fa mlad\u00fdch, vznikla Gener\u00e1cia D","datePublished":"2024-04-30T07:28:10+00:00","dateModified":"2024-05-07T12:51:39+00:00","mainEntityOfPage":{"@id":"https:\/\/www.smedemokrati.sk\/demokrati-oslovuju-mladych-vznikla-generacia-d\/"},"wordCount":441,"publisher":{"@id":"https:\/\/www.smedemokrati.sk\/#organization"},"image":{"@id":"https:\/\/www.smedemokrati.sk\/demokrati-oslovuju-mladych-vznikla-generacia-d\/#primaryimage"},"thumbnailUrl":"https:\/\/www.smedemokrati.sk\/wp-content\/uploads\/2024\/04\/image00001.jpeg","articleSection":["Tla\u010dov\u00e9 spr\u00e1vy"],"inLanguage":"cs-CZ"},{"@type":"WebPage","@id":"https:\/\/www.smedemokrati.sk\/demokrati-oslovuju-mladych-vznikla-generacia-d\/","url":"https:\/\/www.smedemokrati.sk\/demokrati-oslovuju-mladych-vznikla-generacia-d\/","name":"Demokrati oslovuj\u00fa mlad\u00fdch, vznikla Gener\u00e1cia D","isPartOf":{"@id":"https:\/\/www.smedemokrati.sk\/#website"},"primaryImageOfPage":{"@id":"https:\/\/www.smedemokrati.sk\/demokrati-oslovuju-mladych-vznikla-generacia-d\/#primaryimage"},"image":{"@id":"https:\/\/www.smedemokrati.sk\/demokrati-oslovuju-mladych-vznikla-generacia-d\/#primaryimage"},"thumbnailUrl":"https:\/\/www.smedemokrati.sk\/wp-content\/uploads\/2024\/04\/image00001.jpeg","datePublished":"2024-04-30T07:28:10+00:00","dateModified":"2024-05-07T12:51:39+00:00","breadcrumb":{"@id":"https:\/\/www.smedemokrati.sk\/demokrati-oslovuju-mladych-vznikla-generacia-d\/#breadcrumb"},"inLanguage":"cs-CZ","potentialAction":[{"@type":"ReadAction","target":["https:\/\/www.smedemokrati.sk\/demokrati-oslovuju-mladych-vznikla-generacia-d\/"]}]},{"@type":"ImageObject","inLanguage":"cs-CZ","@id":"https:\/\/www.smedemokrati.sk\/demokrati-oslovuju-mladych-vznikla-generacia-d\/#primaryimage","url":"https:\/\/www.smedemokrati.sk\/wp-content\/uploads\/2024\/04\/image00001.jpeg","contentUrl":"https:\/\/www.smedemokrati.sk\/wp-content\/uploads\/2024\/04\/image00001.jpeg","width":1440,"height":957},{"@type":"BreadcrumbList","@id":"https:\/\/www.smedemokrati.sk\/demokrati-oslovuju-mladych-vznikla-generacia-d\/#breadcrumb","itemListElement":[{"@type":"ListItem","position":1,"name":"Domovsk\u00e1 str\u00e1nka","item":"https:\/\/www.smedemokrati.sk\/"},{"@type":"ListItem","position":2,"name":"Demokrati oslovuj\u00fa mlad\u00fdch, vznikla Gener\u00e1cia D"}]},{"@type":"WebSite","@id":"https:\/\/www.smedemokrati.sk\/#website","url":"https:\/\/www.smedemokrati.sk\/","name":"Smedemokrati.sk","description":"Demokracia a slu\u0161nos\u0165 zv\u00ed\u0165az\u00ed","publisher":{"@id":"https:\/\/www.smedemokrati.sk\/#organization"},"potentialAction":[{"@type":"SearchAction","target":{"@type":"EntryPoint","urlTemplate":"https:\/\/www.smedemokrati.sk\/?s={search_term_string}"},"query-input":{"@type":"PropertyValueSpecification","valueRequired":true,"valueName":"search_term_string"}}],"inLanguage":"cs-CZ"},{"@type":"Organization","@id":"https:\/\/www.smedemokrati.sk\/#organization","name":"Smedemokrati.sk","url":"https:\/\/www.smedemokrati.sk\/","logo":{"@type":"ImageObject","inLanguage":"cs-CZ","@id":"https:\/\/www.smedemokrati.sk\/#\/schema\/logo\/image\/","url":"https:\/\/www.smedemokrati.sk\/wp-content\/uploads\/2023\/04\/ff.002.jpeg","contentUrl":"https:\/\/www.smedemokrati.sk\/wp-content\/uploads\/2023\/04\/ff.002.jpeg","width":640,"height":480,"caption":"Smedemokrati.sk"},"image":{"@id":"https:\/\/www.smedemokrati.sk\/#\/schema\/logo\/image\/"},"sameAs":["https:\/\/www.facebook.com\/smedemokrati2023"]},{"@type":"Person","@id":"https:\/\/www.smedemokrati.sk\/#\/schema\/person\/21f147c88d605aa7ded900e1e7c344ba","name":"miro.sopko","image":{"@type":"ImageObject","inLanguage":"cs-CZ","@id":"https:\/\/secure.gravatar.com\/avatar\/267e4a36f704376c109afe3a78740c1f5dd8675a2180a908699e7863c9247606?s=96&d=mm&r=g","url":"https:\/\/secure.gravatar.com\/avatar\/267e4a36f704376c109afe3a78740c1f5dd8675a2180a908699e7863c9247606?s=96&d=mm&r=g","contentUrl":"https:\/\/secure.gravatar.com\/avatar\/267e4a36f704376c109afe3a78740c1f5dd8675a2180a908699e7863c9247606?s=96&d=mm&r=g","caption":"miro.sopko"},"url":"https:\/\/www.smedemokrati.sk\/cs\/author\/miro-sopko\/"}]}},"_links":{"self":[{"href":"https:\/\/www.smedemokrati.sk\/cs\/wp-json\/wp\/v2\/posts\/4006","targetHints":{"allow":["GET"]}}],"collection":[{"href":"https:\/\/www.smedemokrati.sk\/cs\/wp-json\/wp\/v2\/posts"}],"about":[{"href":"https:\/\/www.smedemokrati.sk\/cs\/wp-json\/wp\/v2\/types\/post"}],"author":[{"embeddable":true,"href":"https:\/\/www.smedemokrati.sk\/cs\/wp-json\/wp\/v2\/users\/13"}],"replies":[{"embeddable":true,"href":"https:\/\/www.smedemokrati.sk\/cs\/wp-json\/wp\/v2\/comments?post=4006"}],"version-history":[{"count":1,"href":"https:\/\/www.smedemokrati.sk\/cs\/wp-json\/wp\/v2\/posts\/4006\/revisions"}],"predecessor-version":[{"id":4017,"href":"https:\/\/www.smedemokrati.sk\/cs\/wp-json\/wp\/v2\/posts\/4006\/revisions\/4017"}],"wp:featuredmedia":[{"embeddable":true,"href":"https:\/\/www.smedemokrati.sk\/cs\/wp-json\/wp\/v2\/media\/4007"}],"wp:attachment":[{"href":"https:\/\/www.smedemokrati.sk\/cs\/wp-json\/wp\/v2\/media?parent=4006"}],"wp:term":[{"taxonomy":"category","embeddable":true,"href":"https:\/\/www.smedemokrati.sk\/cs\/wp-json\/wp\/v2\/categories?post=4006"},{"taxonomy":"post_tag","embeddable":true,"href":"https:\/\/www.smedemokrati.sk\/cs\/wp-json\/wp\/v2\/tags?post=4006"}],"curies":[{"name":"wp","href":"https:\/\/api.w.org\/{rel}","templated":true}]}}