{"id":3961,"date":"2024-04-26T16:24:03","date_gmt":"2024-04-26T15:24:03","guid":{"rendered":"https:\/\/www.smedemokrati.sk\/?p=3961"},"modified":"2024-05-01T12:21:40","modified_gmt":"2024-05-01T11:21:40","slug":"tarabov-brutalny-vyrub-sa-tyka-aj-chranenych-uzemi-a-pomoze-len-stiepkarskemu-biznisu","status":"publish","type":"post","link":"https:\/\/www.smedemokrati.sk\/cs\/tarabov-brutalny-vyrub-sa-tyka-aj-chranenych-uzemi-a-pomoze-len-stiepkarskemu-biznisu\/","title":{"rendered":"Tarabov brut\u00e1lny v\u00fdrub sa t\u00fdka aj chr\u00e1nen\u00fdch \u00fazem\u00ed a pom\u00f4\u017ee len \u0161tiepkarskemu biznisu"},"content":{"rendered":"<div id=\"fb-root\"><\/div>\n\n<p><strong>Taraba sa oh\u00e1\u0148a, \u017ee jeho expresn\u00e1 novela z\u00e1kona o ochrane pr\u00edrody a krajiny pom\u00f4\u017ee potravinovej sebesta\u010dnosti a ochrane pred medve\u010fmi. T\u00e1to argument\u00e1cia je v\u0161ak \u010dist\u00fdm v\u00fdsmechom ob\u010danom. Faktom je, \u017ee z\u00e1kon umo\u017e\u0148uje prakticky nekontrolovate\u013en\u00e9 r\u00fabanie drev\u00edn aj v n\u00e1rodn\u00fdch parkoch, chr\u00e1nen\u00fdch krajinn\u00fdch oblastiach a are\u00e1loch na celom Slovensku. Ak na tomto niekto z\u00edska, nebud\u00fa to po\u013enohospod\u00e1ri, ani \u013eudia, ale len \u0161tiepkarsky biznis.<\/strong><\/p>\n\n\n\n<p>Slovensk\u00e9 stromy a dreviny z chr\u00e1nen\u00fdch oblast\u00ed sa tak bud\u00fa vo ve\u013ekom r\u00faba\u0165 a spa\u013eova\u0165, a to absol\u00fatne bez kontroly. M\u00f4\u017ee si Taraba vym\u00fd\u0161\u013ea\u0165 d\u00f4vody a ospravedl\u0148ova\u0165 tento biomasaker skr\u00fdvaj\u00facimi sa medve\u010fmi alebo pomocou vin\u00e1rom, n\u00e1vrh z\u00e1kona p\u00f4jde opa\u010dn\u00fdm smerom ako tvrd\u00ed. Pozornosti toti\u017e \u00faplne unik\u00e1, \u017ee Taraba navrhuje vy\u0148a\u0165 mimo z\u00e1konn\u00fa ochranu aj dreviny v chr\u00e1nen\u00fdch \u00fazemiach s 2. a 3. stup\u0148om ochrany.<\/p>\n\n\n\n<p>Mnoh\u00e9 z cenn\u00fdch drev\u00edn a biotopov v chr\u00e1nen\u00fdch \u00fazemiach nie s\u00fa form\u00e1lne lesn\u00fdmi pozemkami, ale jednozna\u010dne by mali osta\u0165 chr\u00e1nen\u00e9. Taraba v\u0161ak chce umo\u017eni\u0165 \u0161tiepkova\u0165 stromy a dreviny v biotopoch eur\u00f3pskeho v\u00fdznamu, od veget\u00e1cie typickej pre krasov\u00e9 planiny, napr. Slovensk\u00fd kras, divorast\u00face stromy na pasienkoch, cez brehov\u00e9 porasty a lu\u017en\u00e9 lesy v Dunajsk\u00fdch luhoch a\u017e po dubov\u00e9 h\u00e1je typick\u00e9 pre krajinu Z\u00e1horia. Tarabov\u00fdm z\u00e1konom je priamo ohrozen\u00fdch minim\u00e1lne 300 000 hekt\u00e1rov drev\u00edn a porastov v chr\u00e1nen\u00fdch \u00fazemiach a aj mimo nich s hodnotou v r\u00e1dovo v st\u00e1mili\u00f3noch eur.\u00a0<\/p>\n\n\n\n<p>O p\u00e1r t\u00fd\u017ed\u0148ov sa m\u00f4\u017ee toto v\u0161etko za\u010da\u0165 r\u00faba\u0165 a \u0161tiepkova\u0165: <em>\u201eAk Tarabovi ozaj ide o potravinov\u00fa sebesta\u010dnos\u0165, tak nech vr\u00e1ti do zo z\u00e1kona ochranu drev\u00edn v chr\u00e1nen\u00fdch \u00fazemiach s 2. a 3. stup\u0148om ochrany. Je absurdn\u00e9, ako sa sna\u017e\u00ed cel\u00fa situ\u00e1ciu oto\u010di\u0165 na dobr\u00fd z\u00e1mer. Ak by mu i\u0161lo o nie\u010do in\u00e9, ako biznis s drevom, tak by nikdy tak\u00fdto z\u00e1kon v expresnom konan\u00ed nepredlo\u017eil, alebo aspo\u0148 zachoval ochranu pre chr\u00e1nen\u00e9 biotopy,\u201d<\/em> hovor\u00ed Michal Ki\u010da.<\/p>\n\n\n\n<p>Nehovoriac o tom, \u017ee tento z\u00e1kon poru\u0161uje eur\u00f3psku smernicu. Taraba sa zastre\u0161uje tvrdeniami, \u017ee v\u00fdrub pom\u00f4\u017ee potravinovej sebesta\u010dnosti, ale s tou v\u00fdrub drev\u00edn m\u00e1 len minim\u00e1lne s\u00favislosti. Vyplatenie agrodot\u00e1ci\u00ed na\u0161im po\u013enohospod\u00e1rom by bolo ove\u013ea efekt\u00edvnej\u0161ie opatrenie. Mimovl\u00e1dne organiz\u00e1cie, ktor\u00e9 pastvu podporuj\u00fa, chce zni\u010di\u0165. Eurofondov\u00e9 v\u00fdzvy, ktor\u00e9 by pomohli biodiverzite a zap\u00e1jali po\u013enohospod\u00e1rov, nevyhl\u00e1sil. Medvede a <em><em>\u201e<\/em><\/em>sprieh\u013eadnenie\u201d krajiny mu sl\u00fa\u017eia ako smie\u0161ne v\u00fdhovorky pre ob\u00eddenie diskusie a okam\u017eit\u00e9 r\u00fabanie.<\/p>\n\n\n\n<p>Jedin\u00fd, kto na tomto celom z\u00edska, s\u00fa \u0161tiepkarske spolo\u010dnosti: <em>\u201eTie sa m\u00f4\u017eu vrhn\u00fa\u0165 na biomasu za stovky mili\u00f3nov eur. A nie, neskon\u010dia ako ekologick\u00e9 palivo, ako sa m\u00fdli Taraba. V obrovsk\u00fdch mno\u017estv\u00e1ch sa vyvez\u00fa do zahrani\u010dia a e\u0161te na tom zarobia aj priekupn\u00edci,\u201d<\/em> dop\u013a\u0148a Juraj \u0160eliga, podpredseda strany Demokrati.<\/p>\n\n\n\n<p><em>\u201eTaraba by mal miesto stret\u00e1vania sa s priemyslom kone\u010dne nav\u0161t\u00edvi\u0165 aj nejak\u00fa chr\u00e1nen\u00fa oblas\u0165. Zatia\u013e \u017eiadnym svojim rozhodnut\u00edm neprispel k ochrane pr\u00edrody. Odmieta diskusie s \u013eu\u010fmi, ktor\u00ed mu s\u00fa schopn\u00ed oponova\u0165 a jedin\u00e9 \u010do \u0161\u00edri s\u00fa klamstv\u00e1. D\u00f4kazom, \u017ee je ment\u00e1lne nastaven\u00fd na likvid\u00e1ciu slovenskej pr\u00edrody je aj jeho nulov\u00fd z\u00e1ujem aspo\u0148 nazrie\u0165 do na\u0161ich najcennej\u0161\u00edch oblast\u00ed, nenav\u0161t\u00edvil \u017eiadnu,\u201d<\/em> vyz\u00fdva Tarabu Michal Ki\u010da.<\/p>\n\n\n\n<p><em>\u201eTaraba, Kuffovci \u010di Huliak nerobia pr\u00e1cu pre ochranu pr\u00edrody, ale hanbu. Hanbia sa za nich ochran\u00e1ri, lesn\u00edci a aj po\u013eovn\u00edci. Zatia\u013e v ni\u010dom nedali na st\u00f4l \u017eiadne adekv\u00e1tne rie\u0161enia, ale len r\u00fdchlokvasen\u00e9 n\u00e1pady, ako pom\u00f4c\u0165 sebe a svojim zn\u00e1mym, a to v\u0161etko pod \u0161\u00edren\u00edm hoaxov a ur\u00e1\u017eok vo\u010di odborn\u00edkom a m\u00e9di\u00e1m\u201d<\/em>, uzatv\u00e1ra predseda strany Demokrati, Jaroslav Na\u010f.<\/p>\n\n\n\nngg_shortcode_0_placeholder\n\n\n\n<iframe src=\"https:\/\/www.facebook.com\/plugins\/video.php?href=https%3A%2F%2Fwww.facebook.com%2Fsmedemokrati2023%2Fvideos%2F457824503569237%2F&#038;width=600&#038;show_text=false&#038;appId=361313990972954&#038;height=338\" width=\"600\" height=\"338\" style=\"border:none;overflow:hidden\" scrolling=\"no\" frameborder=\"0\" allowfullscreen=\"true\" allow=\"autoplay; clipboard-write; encrypted-media; picture-in-picture; web-share\" allowFullScreen=\"true\"><\/iframe>\n","protected":false},"excerpt":{"rendered":"<p>Taraba sa oh\u00e1\u0148a, \u017ee jeho expresn\u00e1 novela z\u00e1kona o ochrane pr\u00edrody a krajiny pom\u00f4\u017ee potravinovej sebesta\u010dnosti a ochrane pred medve\u010fmi. T\u00e1to argument\u00e1cia je v\u0161ak \u010dist\u00fdm v\u00fdsmechom ob\u010danom. Faktom je, \u017ee z\u00e1kon umo\u017e\u0148uje prakticky nekontrolovate\u013en\u00e9 r\u00fabanie drev\u00edn aj v n\u00e1rodn\u00fdch parkoch, chr\u00e1nen\u00fdch krajinn\u00fdch oblastiach a are\u00e1loch na celom Slovensku. Ak na tomto niekto z\u00edska, nebud\u00fa to [&hellip;]<\/p>\n","protected":false},"author":13,"featured_media":3970,"comment_status":"closed","ping_status":"closed","sticky":false,"template":"","format":"standard","meta":{"_acf_changed":false,"ngg_post_thumbnail":0,"footnotes":""},"categories":[4],"tags":[],"class_list":["post-3961","post","type-post","status-publish","format-standard","has-post-thumbnail","hentry","category-tlacove-spravy"],"acf":[],"yoast_head":"<!-- This site is optimized with the Yoast SEO plugin v27.2 - https:\/\/yoast.com\/product\/yoast-seo-wordpress\/ -->\n<title>Tarabov brut\u00e1lny v\u00fdrub sa t\u00fdka aj chr\u00e1nen\u00fdch \u00fazem\u00ed a pom\u00f4\u017ee len \u0161tiepkarskemu biznisu<\/title>\n<meta name=\"robots\" content=\"index, follow, max-snippet:-1, max-image-preview:large, max-video-preview:-1\" \/>\n<link rel=\"canonical\" href=\"https:\/\/www.smedemokrati.sk\/cs\/tarabov-brutalny-vyrub-sa-tyka-aj-chranenych-uzemi-a-pomoze-len-stiepkarskemu-biznisu\/\" \/>\n<meta property=\"og:locale\" content=\"cs_CZ\" \/>\n<meta property=\"og:locale:alternate\" content=\"en_US\" \/>\n<meta property=\"og:locale:alternate\" content=\"hu_HU\" \/>\n<meta property=\"og:locale:alternate\" content=\"sk_SK\" \/>\n<meta property=\"og:locale:alternate\" content=\"sv_SE\" \/>\n<meta property=\"og:type\" content=\"article\" \/>\n<meta property=\"og:title\" content=\"Tarabov brut\u00e1lny v\u00fdrub sa t\u00fdka aj chr\u00e1nen\u00fdch \u00fazem\u00ed a pom\u00f4\u017ee len \u0161tiepkarskemu biznisu\" \/>\n<meta property=\"og:description\" content=\"Taraba sa oh\u00e1\u0148a, \u017ee jeho expresn\u00e1 novela z\u00e1kona o ochrane pr\u00edrody a krajiny pom\u00f4\u017ee potravinovej sebesta\u010dnosti a ochrane pred medve\u010fmi. T\u00e1to argument\u00e1cia je v\u0161ak \u010dist\u00fdm v\u00fdsmechom ob\u010danom. Faktom je, \u017ee z\u00e1kon umo\u017e\u0148uje prakticky nekontrolovate\u013en\u00e9 r\u00fabanie drev\u00edn aj v n\u00e1rodn\u00fdch parkoch, chr\u00e1nen\u00fdch krajinn\u00fdch oblastiach a are\u00e1loch na celom Slovensku. Ak na tomto niekto z\u00edska, nebud\u00fa to [&hellip;]\" \/>\n<meta property=\"og:url\" content=\"https:\/\/www.smedemokrati.sk\/cs\/tarabov-brutalny-vyrub-sa-tyka-aj-chranenych-uzemi-a-pomoze-len-stiepkarskemu-biznisu\/\" \/>\n<meta property=\"og:site_name\" content=\"Smedemokrati.sk\" \/>\n<meta property=\"article:publisher\" content=\"https:\/\/www.facebook.com\/smedemokrati2023\" \/>\n<meta property=\"article:published_time\" content=\"2024-04-26T15:24:03+00:00\" \/>\n<meta property=\"article:modified_time\" content=\"2024-05-01T11:21:40+00:00\" \/>\n<meta property=\"og:image\" content=\"https:\/\/www.smedemokrati.sk\/wp-content\/uploads\/2024\/04\/taraba-biomasaker.jpg\" \/>\n\t<meta property=\"og:image:width\" content=\"676\" \/>\n\t<meta property=\"og:image:height\" content=\"451\" \/>\n\t<meta property=\"og:image:type\" content=\"image\/jpeg\" \/>\n<meta name=\"author\" content=\"miro.sopko\" \/>\n<meta name=\"twitter:card\" content=\"summary_large_image\" \/>\n<meta name=\"twitter:label1\" content=\"Napsal(a)\" \/>\n\t<meta name=\"twitter:data1\" content=\"miro.sopko\" \/>\n\t<meta name=\"twitter:label2\" content=\"Odhadovan\u00e1 doba \u010dten\u00ed\" \/>\n\t<meta name=\"twitter:data2\" content=\"3 minuty\" \/>\n<script type=\"application\/ld+json\" class=\"yoast-schema-graph\">{\"@context\":\"https:\/\/schema.org\",\"@graph\":[{\"@type\":\"Article\",\"@id\":\"https:\/\/www.smedemokrati.sk\/tarabov-brutalny-vyrub-sa-tyka-aj-chranenych-uzemi-a-pomoze-len-stiepkarskemu-biznisu\/#article\",\"isPartOf\":{\"@id\":\"https:\/\/www.smedemokrati.sk\/tarabov-brutalny-vyrub-sa-tyka-aj-chranenych-uzemi-a-pomoze-len-stiepkarskemu-biznisu\/\"},\"author\":{\"name\":\"miro.sopko\",\"@id\":\"https:\/\/www.smedemokrati.sk\/#\/schema\/person\/21f147c88d605aa7ded900e1e7c344ba\"},\"headline\":\"Tarabov brut\u00e1lny v\u00fdrub sa t\u00fdka aj chr\u00e1nen\u00fdch \u00fazem\u00ed a pom\u00f4\u017ee len \u0161tiepkarskemu biznisu\",\"datePublished\":\"2024-04-26T15:24:03+00:00\",\"dateModified\":\"2024-05-01T11:21:40+00:00\",\"mainEntityOfPage\":{\"@id\":\"https:\/\/www.smedemokrati.sk\/tarabov-brutalny-vyrub-sa-tyka-aj-chranenych-uzemi-a-pomoze-len-stiepkarskemu-biznisu\/\"},\"wordCount\":769,\"publisher\":{\"@id\":\"https:\/\/www.smedemokrati.sk\/#organization\"},\"image\":{\"@id\":\"https:\/\/www.smedemokrati.sk\/tarabov-brutalny-vyrub-sa-tyka-aj-chranenych-uzemi-a-pomoze-len-stiepkarskemu-biznisu\/#primaryimage\"},\"thumbnailUrl\":\"https:\/\/www.smedemokrati.sk\/wp-content\/uploads\/2024\/04\/taraba-biomasaker.jpg\",\"articleSection\":[\"Tla\u010dov\u00e9 spr\u00e1vy\"],\"inLanguage\":\"cs-CZ\"},{\"@type\":\"WebPage\",\"@id\":\"https:\/\/www.smedemokrati.sk\/tarabov-brutalny-vyrub-sa-tyka-aj-chranenych-uzemi-a-pomoze-len-stiepkarskemu-biznisu\/\",\"url\":\"https:\/\/www.smedemokrati.sk\/tarabov-brutalny-vyrub-sa-tyka-aj-chranenych-uzemi-a-pomoze-len-stiepkarskemu-biznisu\/\",\"name\":\"Tarabov brut\u00e1lny v\u00fdrub sa t\u00fdka aj chr\u00e1nen\u00fdch \u00fazem\u00ed a pom\u00f4\u017ee len \u0161tiepkarskemu biznisu\",\"isPartOf\":{\"@id\":\"https:\/\/www.smedemokrati.sk\/#website\"},\"primaryImageOfPage\":{\"@id\":\"https:\/\/www.smedemokrati.sk\/tarabov-brutalny-vyrub-sa-tyka-aj-chranenych-uzemi-a-pomoze-len-stiepkarskemu-biznisu\/#primaryimage\"},\"image\":{\"@id\":\"https:\/\/www.smedemokrati.sk\/tarabov-brutalny-vyrub-sa-tyka-aj-chranenych-uzemi-a-pomoze-len-stiepkarskemu-biznisu\/#primaryimage\"},\"thumbnailUrl\":\"https:\/\/www.smedemokrati.sk\/wp-content\/uploads\/2024\/04\/taraba-biomasaker.jpg\",\"datePublished\":\"2024-04-26T15:24:03+00:00\",\"dateModified\":\"2024-05-01T11:21:40+00:00\",\"breadcrumb\":{\"@id\":\"https:\/\/www.smedemokrati.sk\/tarabov-brutalny-vyrub-sa-tyka-aj-chranenych-uzemi-a-pomoze-len-stiepkarskemu-biznisu\/#breadcrumb\"},\"inLanguage\":\"cs-CZ\",\"potentialAction\":[{\"@type\":\"ReadAction\",\"target\":[\"https:\/\/www.smedemokrati.sk\/tarabov-brutalny-vyrub-sa-tyka-aj-chranenych-uzemi-a-pomoze-len-stiepkarskemu-biznisu\/\"]}]},{\"@type\":\"ImageObject\",\"inLanguage\":\"cs-CZ\",\"@id\":\"https:\/\/www.smedemokrati.sk\/tarabov-brutalny-vyrub-sa-tyka-aj-chranenych-uzemi-a-pomoze-len-stiepkarskemu-biznisu\/#primaryimage\",\"url\":\"https:\/\/www.smedemokrati.sk\/wp-content\/uploads\/2024\/04\/taraba-biomasaker.jpg\",\"contentUrl\":\"https:\/\/www.smedemokrati.sk\/wp-content\/uploads\/2024\/04\/taraba-biomasaker.jpg\",\"width\":676,\"height\":451},{\"@type\":\"BreadcrumbList\",\"@id\":\"https:\/\/www.smedemokrati.sk\/tarabov-brutalny-vyrub-sa-tyka-aj-chranenych-uzemi-a-pomoze-len-stiepkarskemu-biznisu\/#breadcrumb\",\"itemListElement\":[{\"@type\":\"ListItem\",\"position\":1,\"name\":\"Domovsk\u00e1 str\u00e1nka\",\"item\":\"https:\/\/www.smedemokrati.sk\/\"},{\"@type\":\"ListItem\",\"position\":2,\"name\":\"Tarabov brut\u00e1lny v\u00fdrub sa t\u00fdka aj chr\u00e1nen\u00fdch \u00fazem\u00ed a pom\u00f4\u017ee len \u0161tiepkarskemu biznisu\"}]},{\"@type\":\"WebSite\",\"@id\":\"https:\/\/www.smedemokrati.sk\/#website\",\"url\":\"https:\/\/www.smedemokrati.sk\/\",\"name\":\"Smedemokrati.sk\",\"description\":\"Demokracia a slu\u0161nos\u0165 zv\u00ed\u0165az\u00ed\",\"publisher\":{\"@id\":\"https:\/\/www.smedemokrati.sk\/#organization\"},\"potentialAction\":[{\"@type\":\"SearchAction\",\"target\":{\"@type\":\"EntryPoint\",\"urlTemplate\":\"https:\/\/www.smedemokrati.sk\/?s={search_term_string}\"},\"query-input\":{\"@type\":\"PropertyValueSpecification\",\"valueRequired\":true,\"valueName\":\"search_term_string\"}}],\"inLanguage\":\"cs-CZ\"},{\"@type\":\"Organization\",\"@id\":\"https:\/\/www.smedemokrati.sk\/#organization\",\"name\":\"Smedemokrati.sk\",\"url\":\"https:\/\/www.smedemokrati.sk\/\",\"logo\":{\"@type\":\"ImageObject\",\"inLanguage\":\"cs-CZ\",\"@id\":\"https:\/\/www.smedemokrati.sk\/#\/schema\/logo\/image\/\",\"url\":\"https:\/\/www.smedemokrati.sk\/wp-content\/uploads\/2023\/04\/ff.002.jpeg\",\"contentUrl\":\"https:\/\/www.smedemokrati.sk\/wp-content\/uploads\/2023\/04\/ff.002.jpeg\",\"width\":640,\"height\":480,\"caption\":\"Smedemokrati.sk\"},\"image\":{\"@id\":\"https:\/\/www.smedemokrati.sk\/#\/schema\/logo\/image\/\"},\"sameAs\":[\"https:\/\/www.facebook.com\/smedemokrati2023\"]},{\"@type\":\"Person\",\"@id\":\"https:\/\/www.smedemokrati.sk\/#\/schema\/person\/21f147c88d605aa7ded900e1e7c344ba\",\"name\":\"miro.sopko\",\"image\":{\"@type\":\"ImageObject\",\"inLanguage\":\"cs-CZ\",\"@id\":\"https:\/\/secure.gravatar.com\/avatar\/267e4a36f704376c109afe3a78740c1f5dd8675a2180a908699e7863c9247606?s=96&d=mm&r=g\",\"url\":\"https:\/\/secure.gravatar.com\/avatar\/267e4a36f704376c109afe3a78740c1f5dd8675a2180a908699e7863c9247606?s=96&d=mm&r=g\",\"contentUrl\":\"https:\/\/secure.gravatar.com\/avatar\/267e4a36f704376c109afe3a78740c1f5dd8675a2180a908699e7863c9247606?s=96&d=mm&r=g\",\"caption\":\"miro.sopko\"},\"url\":\"https:\/\/www.smedemokrati.sk\/cs\/author\/miro-sopko\/\"}]}<\/script>\n<!-- \/ Yoast SEO plugin. -->","yoast_head_json":{"title":"Tarabov brut\u00e1lny v\u00fdrub sa t\u00fdka aj chr\u00e1nen\u00fdch \u00fazem\u00ed a pom\u00f4\u017ee len \u0161tiepkarskemu biznisu","robots":{"index":"index","follow":"follow","max-snippet":"max-snippet:-1","max-image-preview":"max-image-preview:large","max-video-preview":"max-video-preview:-1"},"canonical":"https:\/\/www.smedemokrati.sk\/cs\/tarabov-brutalny-vyrub-sa-tyka-aj-chranenych-uzemi-a-pomoze-len-stiepkarskemu-biznisu\/","og_locale":"cs_CZ","og_type":"article","og_title":"[:sk]Tarabov brut\u00e1lny v\u00fdrub sa t\u00fdka aj chr\u00e1nen\u00fdch \u00fazem\u00ed a pom\u00f4\u017ee len \u0161tiepkarskemu biznisu[:] - Smedemokrati.sk","og_description":"Taraba sa oh\u00e1\u0148a, \u017ee jeho expresn\u00e1 novela z\u00e1kona o ochrane pr\u00edrody a krajiny pom\u00f4\u017ee potravinovej sebesta\u010dnosti a ochrane pred medve\u010fmi. T\u00e1to argument\u00e1cia je v\u0161ak \u010dist\u00fdm v\u00fdsmechom ob\u010danom. Faktom je, \u017ee z\u00e1kon umo\u017e\u0148uje prakticky nekontrolovate\u013en\u00e9 r\u00fabanie drev\u00edn aj v n\u00e1rodn\u00fdch parkoch, chr\u00e1nen\u00fdch krajinn\u00fdch oblastiach a are\u00e1loch na celom Slovensku. Ak na tomto niekto z\u00edska, nebud\u00fa to [&hellip;]","og_url":"https:\/\/www.smedemokrati.sk\/cs\/tarabov-brutalny-vyrub-sa-tyka-aj-chranenych-uzemi-a-pomoze-len-stiepkarskemu-biznisu\/","og_site_name":"Smedemokrati.sk","article_publisher":"https:\/\/www.facebook.com\/smedemokrati2023","article_published_time":"2024-04-26T15:24:03+00:00","article_modified_time":"2024-05-01T11:21:40+00:00","og_image":[{"width":676,"height":451,"url":"https:\/\/www.smedemokrati.sk\/wp-content\/uploads\/2024\/04\/taraba-biomasaker.jpg","type":"image\/jpeg"}],"author":"miro.sopko","twitter_card":"summary_large_image","twitter_misc":{"Napsal(a)":"miro.sopko","Odhadovan\u00e1 doba \u010dten\u00ed":"3 minuty"},"schema":{"@context":"https:\/\/schema.org","@graph":[{"@type":"Article","@id":"https:\/\/www.smedemokrati.sk\/tarabov-brutalny-vyrub-sa-tyka-aj-chranenych-uzemi-a-pomoze-len-stiepkarskemu-biznisu\/#article","isPartOf":{"@id":"https:\/\/www.smedemokrati.sk\/tarabov-brutalny-vyrub-sa-tyka-aj-chranenych-uzemi-a-pomoze-len-stiepkarskemu-biznisu\/"},"author":{"name":"miro.sopko","@id":"https:\/\/www.smedemokrati.sk\/#\/schema\/person\/21f147c88d605aa7ded900e1e7c344ba"},"headline":"Tarabov brut\u00e1lny v\u00fdrub sa t\u00fdka aj chr\u00e1nen\u00fdch \u00fazem\u00ed a pom\u00f4\u017ee len \u0161tiepkarskemu biznisu","datePublished":"2024-04-26T15:24:03+00:00","dateModified":"2024-05-01T11:21:40+00:00","mainEntityOfPage":{"@id":"https:\/\/www.smedemokrati.sk\/tarabov-brutalny-vyrub-sa-tyka-aj-chranenych-uzemi-a-pomoze-len-stiepkarskemu-biznisu\/"},"wordCount":769,"publisher":{"@id":"https:\/\/www.smedemokrati.sk\/#organization"},"image":{"@id":"https:\/\/www.smedemokrati.sk\/tarabov-brutalny-vyrub-sa-tyka-aj-chranenych-uzemi-a-pomoze-len-stiepkarskemu-biznisu\/#primaryimage"},"thumbnailUrl":"https:\/\/www.smedemokrati.sk\/wp-content\/uploads\/2024\/04\/taraba-biomasaker.jpg","articleSection":["Tla\u010dov\u00e9 spr\u00e1vy"],"inLanguage":"cs-CZ"},{"@type":"WebPage","@id":"https:\/\/www.smedemokrati.sk\/tarabov-brutalny-vyrub-sa-tyka-aj-chranenych-uzemi-a-pomoze-len-stiepkarskemu-biznisu\/","url":"https:\/\/www.smedemokrati.sk\/tarabov-brutalny-vyrub-sa-tyka-aj-chranenych-uzemi-a-pomoze-len-stiepkarskemu-biznisu\/","name":"Tarabov brut\u00e1lny v\u00fdrub sa t\u00fdka aj chr\u00e1nen\u00fdch \u00fazem\u00ed a pom\u00f4\u017ee len \u0161tiepkarskemu biznisu","isPartOf":{"@id":"https:\/\/www.smedemokrati.sk\/#website"},"primaryImageOfPage":{"@id":"https:\/\/www.smedemokrati.sk\/tarabov-brutalny-vyrub-sa-tyka-aj-chranenych-uzemi-a-pomoze-len-stiepkarskemu-biznisu\/#primaryimage"},"image":{"@id":"https:\/\/www.smedemokrati.sk\/tarabov-brutalny-vyrub-sa-tyka-aj-chranenych-uzemi-a-pomoze-len-stiepkarskemu-biznisu\/#primaryimage"},"thumbnailUrl":"https:\/\/www.smedemokrati.sk\/wp-content\/uploads\/2024\/04\/taraba-biomasaker.jpg","datePublished":"2024-04-26T15:24:03+00:00","dateModified":"2024-05-01T11:21:40+00:00","breadcrumb":{"@id":"https:\/\/www.smedemokrati.sk\/tarabov-brutalny-vyrub-sa-tyka-aj-chranenych-uzemi-a-pomoze-len-stiepkarskemu-biznisu\/#breadcrumb"},"inLanguage":"cs-CZ","potentialAction":[{"@type":"ReadAction","target":["https:\/\/www.smedemokrati.sk\/tarabov-brutalny-vyrub-sa-tyka-aj-chranenych-uzemi-a-pomoze-len-stiepkarskemu-biznisu\/"]}]},{"@type":"ImageObject","inLanguage":"cs-CZ","@id":"https:\/\/www.smedemokrati.sk\/tarabov-brutalny-vyrub-sa-tyka-aj-chranenych-uzemi-a-pomoze-len-stiepkarskemu-biznisu\/#primaryimage","url":"https:\/\/www.smedemokrati.sk\/wp-content\/uploads\/2024\/04\/taraba-biomasaker.jpg","contentUrl":"https:\/\/www.smedemokrati.sk\/wp-content\/uploads\/2024\/04\/taraba-biomasaker.jpg","width":676,"height":451},{"@type":"BreadcrumbList","@id":"https:\/\/www.smedemokrati.sk\/tarabov-brutalny-vyrub-sa-tyka-aj-chranenych-uzemi-a-pomoze-len-stiepkarskemu-biznisu\/#breadcrumb","itemListElement":[{"@type":"ListItem","position":1,"name":"Domovsk\u00e1 str\u00e1nka","item":"https:\/\/www.smedemokrati.sk\/"},{"@type":"ListItem","position":2,"name":"Tarabov brut\u00e1lny v\u00fdrub sa t\u00fdka aj chr\u00e1nen\u00fdch \u00fazem\u00ed a pom\u00f4\u017ee len \u0161tiepkarskemu biznisu"}]},{"@type":"WebSite","@id":"https:\/\/www.smedemokrati.sk\/#website","url":"https:\/\/www.smedemokrati.sk\/","name":"Smedemokrati.sk","description":"Demokracia a slu\u0161nos\u0165 zv\u00ed\u0165az\u00ed","publisher":{"@id":"https:\/\/www.smedemokrati.sk\/#organization"},"potentialAction":[{"@type":"SearchAction","target":{"@type":"EntryPoint","urlTemplate":"https:\/\/www.smedemokrati.sk\/?s={search_term_string}"},"query-input":{"@type":"PropertyValueSpecification","valueRequired":true,"valueName":"search_term_string"}}],"inLanguage":"cs-CZ"},{"@type":"Organization","@id":"https:\/\/www.smedemokrati.sk\/#organization","name":"Smedemokrati.sk","url":"https:\/\/www.smedemokrati.sk\/","logo":{"@type":"ImageObject","inLanguage":"cs-CZ","@id":"https:\/\/www.smedemokrati.sk\/#\/schema\/logo\/image\/","url":"https:\/\/www.smedemokrati.sk\/wp-content\/uploads\/2023\/04\/ff.002.jpeg","contentUrl":"https:\/\/www.smedemokrati.sk\/wp-content\/uploads\/2023\/04\/ff.002.jpeg","width":640,"height":480,"caption":"Smedemokrati.sk"},"image":{"@id":"https:\/\/www.smedemokrati.sk\/#\/schema\/logo\/image\/"},"sameAs":["https:\/\/www.facebook.com\/smedemokrati2023"]},{"@type":"Person","@id":"https:\/\/www.smedemokrati.sk\/#\/schema\/person\/21f147c88d605aa7ded900e1e7c344ba","name":"miro.sopko","image":{"@type":"ImageObject","inLanguage":"cs-CZ","@id":"https:\/\/secure.gravatar.com\/avatar\/267e4a36f704376c109afe3a78740c1f5dd8675a2180a908699e7863c9247606?s=96&d=mm&r=g","url":"https:\/\/secure.gravatar.com\/avatar\/267e4a36f704376c109afe3a78740c1f5dd8675a2180a908699e7863c9247606?s=96&d=mm&r=g","contentUrl":"https:\/\/secure.gravatar.com\/avatar\/267e4a36f704376c109afe3a78740c1f5dd8675a2180a908699e7863c9247606?s=96&d=mm&r=g","caption":"miro.sopko"},"url":"https:\/\/www.smedemokrati.sk\/cs\/author\/miro-sopko\/"}]}},"_links":{"self":[{"href":"https:\/\/www.smedemokrati.sk\/cs\/wp-json\/wp\/v2\/posts\/3961","targetHints":{"allow":["GET"]}}],"collection":[{"href":"https:\/\/www.smedemokrati.sk\/cs\/wp-json\/wp\/v2\/posts"}],"about":[{"href":"https:\/\/www.smedemokrati.sk\/cs\/wp-json\/wp\/v2\/types\/post"}],"author":[{"embeddable":true,"href":"https:\/\/www.smedemokrati.sk\/cs\/wp-json\/wp\/v2\/users\/13"}],"replies":[{"embeddable":true,"href":"https:\/\/www.smedemokrati.sk\/cs\/wp-json\/wp\/v2\/comments?post=3961"}],"version-history":[{"count":9,"href":"https:\/\/www.smedemokrati.sk\/cs\/wp-json\/wp\/v2\/posts\/3961\/revisions"}],"predecessor-version":[{"id":3979,"href":"https:\/\/www.smedemokrati.sk\/cs\/wp-json\/wp\/v2\/posts\/3961\/revisions\/3979"}],"wp:featuredmedia":[{"embeddable":true,"href":"https:\/\/www.smedemokrati.sk\/cs\/wp-json\/wp\/v2\/media\/3970"}],"wp:attachment":[{"href":"https:\/\/www.smedemokrati.sk\/cs\/wp-json\/wp\/v2\/media?parent=3961"}],"wp:term":[{"taxonomy":"category","embeddable":true,"href":"https:\/\/www.smedemokrati.sk\/cs\/wp-json\/wp\/v2\/categories?post=3961"},{"taxonomy":"post_tag","embeddable":true,"href":"https:\/\/www.smedemokrati.sk\/cs\/wp-json\/wp\/v2\/tags?post=3961"}],"curies":[{"name":"wp","href":"https:\/\/api.w.org\/{rel}","templated":true}]}}