{"id":3937,"date":"2024-04-24T10:00:00","date_gmt":"2024-04-24T09:00:00","guid":{"rendered":"https:\/\/www.smedemokrati.sk\/?p=3937"},"modified":"2024-04-29T11:58:59","modified_gmt":"2024-04-29T10:58:59","slug":"taraba-expresne-predklada-zakon-ktory-sposobi-biomasaker-navyse-porusuje-europske-smernice","status":"publish","type":"post","link":"https:\/\/www.smedemokrati.sk\/cs\/taraba-expresne-predklada-zakon-ktory-sposobi-biomasaker-navyse-porusuje-europske-smernice\/","title":{"rendered":"Taraba expresne predklad\u00e1 z\u00e1kon, ktor\u00fd sp\u00f4sob\u00ed biomasaker, navy\u0161e, poru\u0161uje eur\u00f3pske smernice"},"content":{"rendered":"<div id=\"fb-root\"><\/div>\n\n<p><strong>Dne\u0161n\u00e1 expresn\u00e1 novela z\u00e1kona o ochrane pr\u00edrody a krajiny predstavuje doslova biomasaker. Z\u00e1kon toti\u017e umo\u017e\u0148uje prakticky nekontrolovate\u013en\u00e9 r\u00fabanie drev\u00edn na skoro 1 mili\u00f3ne hekt\u00e1rov chr\u00e1nen\u00fdch \u00fazem\u00ed na Slovensku. Pod\u013ea environment\u00e1lneho experta Michala Ki\u010du je \u201cspreh\u013eadnenie krajiny\u201d len z\u00e1stierkou pre tzv. \u0161tiepkarsky biznis.&nbsp;<\/strong><\/p>\n\n\n\n<p>Umo\u017enenie v\u00fdrubu stromov do 80 cm obvodu kme\u0148a a krovit\u00fdch porastov do 100 m<sup>2<\/sup> bez ak\u00fdchko\u013evek obmedzen\u00ed aj v chr\u00e1nen\u00fdch \u00fazemiach s 2. a 3. stup\u0148om ochrany je doslova barbarstvo. Ki\u010da vysvet\u013euje, \u017ee \u010dastokr\u00e1t ide o dreviny a biotopy, pre ktor\u00fdch ochranu boli tieto chr\u00e1nen\u00e9 \u00fazemia vyhl\u00e1sen\u00e9, ako lu\u017en\u00e9 lesy alebo krovinn\u00e9 porasty:\u00a0<em><em>\u201e<\/em>Z\u00e1kon ich zbavuje doteraj\u0161ej ochrany. P\u00f4jde o desiatky mili\u00f3nov kub\u00edkov drev\u00edn a krov v chr\u00e1nen\u00fdch \u00fazemiach, ktor\u00e9 sa bud\u00fa m\u00f4c\u0165 okam\u017eite r\u00faba\u0165 a vyvies\u0165 alebo pou\u017ei\u0165 leg\u00e1lne na \u0161tiepku. Slovensko sa stane ve\u013emocou v \u0165a\u017ebe drev\u00edn a ich vyu\u017eit\u00ed na \u0161tiepku, teda energetick\u00e9 zhodnotenie. Stromy, ktor\u00e9 tak ve\u013emi potrebujeme v \u010dase klimatickej zmeny a otep\u013eovania, padn\u00fa za obe\u0165 brut\u00e1lnemu biznisu koal\u00edcie,&#8220;\u00a0<\/em>hovor\u00ed \u010dlen predsedn\u00edctva Demokratov.<\/p>\n\n\n\n<p>Ki\u010da tie\u017e reaguje, \u017ee sme u\u017e boli svedkami, ako sa podarilo Petrovi \u017digovi z Hlasu \u201cspreh\u013eadni\u0165\u201d v minulosti slovensk\u00e9 lesy:\u00a0<em><em>\u201e<\/em>Taraba chyst\u00e1 obdobn\u00e9 katastrof\u00e1lne \u201cspreh\u013eadnenie\u201d celej krajiny. Nov\u00e9 pravidl\u00e1 s prakticky nekontrolovate\u013en\u00fdm v\u00fdrubom drev\u00edn sa t\u00fdkaj\u00fa spolu skoro 97 % \u00fazemia Slovenska, z toho skoro 20% je \u00fazem\u00edm s 2. a 3. stup\u0148om ochrany. \u010coskoro budeme po\u010du\u0165 p\u00edly a vidie\u0165 pada\u0165 zdrav\u00e9 stromy nielen v na\u0161ich mest\u00e1ch a obciach, ale aj pri cest\u00e1ch \u010di riekach a dokonca aj v n\u00e1rodn\u00fdch parkoch,&#8220;<\/em>\u00a0hovor\u00ed expert.<\/p>\n\n\n\n<p>Od\u00f4vod\u0148ova\u0165 tak\u00fdto, doslova, biomasaker pomocou vin\u00e1rom, alebo ochranou pred medve\u010fmi, ktor\u00e9 sa maj\u00fa schov\u00e1va\u0165 v kr\u00edkoch, je pod\u013ea Demokratov absol\u00fatnym v\u00fdsmechom ob\u010danom a odborn\u00edkom. Z\u00e1kon v tejto podobe toti\u017e platil viac ako 20 rokov a teraz ho ide Taraba nar\u00fdchlo meni\u0165, a to bez akejko\u013evek diskusie. Navrhovan\u00e9 pravidl\u00e1 s\u00fa aj v rozpore s eur\u00f3pskou smernicou o biotopoch. T\u00e1 toti\u017e vy\u017eaduje, aby sa na \u00fazemiach eur\u00f3pskej s\u00fastavy Natura 2000 ochr\u00e1nili biotopy pred ni\u010den\u00edm, \u010do po schv\u00e1len\u00ed z\u00e1kona u\u017e nebude mo\u017en\u00e9.&nbsp;<\/p>\n\n\n\n<figure class=\"wp-block-video\"><video height=\"2160\" style=\"aspect-ratio: 3840 \/ 2160;\" width=\"3840\" controls src=\"https:\/\/www.smedemokrati.sk\/wp-content\/uploads\/2024\/04\/IMG_3937.mov\"><\/video><\/figure>\n","protected":false},"excerpt":{"rendered":"<p>Dne\u0161n\u00e1 expresn\u00e1 novela z\u00e1kona o ochrane pr\u00edrody a krajiny predstavuje doslova biomasaker. Z\u00e1kon toti\u017e umo\u017e\u0148uje prakticky nekontrolovate\u013en\u00e9 r\u00fabanie drev\u00edn na skoro 1 mili\u00f3ne hekt\u00e1rov chr\u00e1nen\u00fdch \u00fazem\u00ed na Slovensku. Pod\u013ea environment\u00e1lneho experta Michala Ki\u010du je \u201cspreh\u013eadnenie krajiny\u201d len z\u00e1stierkou pre tzv. \u0161tiepkarsky biznis.&nbsp; Umo\u017enenie v\u00fdrubu stromov do 80 cm obvodu kme\u0148a a krovit\u00fdch porastov do 100 [&hellip;]<\/p>\n","protected":false},"author":13,"featured_media":2931,"comment_status":"closed","ping_status":"closed","sticky":false,"template":"","format":"standard","meta":{"_acf_changed":false,"ngg_post_thumbnail":0,"footnotes":""},"categories":[4],"tags":[],"class_list":["post-3937","post","type-post","status-publish","format-standard","has-post-thumbnail","hentry","category-tlacove-spravy"],"acf":[],"yoast_head":"<!-- This site is optimized with the Yoast SEO plugin v27.2 - https:\/\/yoast.com\/product\/yoast-seo-wordpress\/ -->\n<title>Taraba expresne predklad\u00e1 z\u00e1kon, ktor\u00fd sp\u00f4sob\u00ed biomasaker, navy\u0161e, poru\u0161uje eur\u00f3pske smernice<\/title>\n<meta name=\"robots\" content=\"index, follow, max-snippet:-1, max-image-preview:large, max-video-preview:-1\" \/>\n<link rel=\"canonical\" href=\"https:\/\/www.smedemokrati.sk\/cs\/taraba-expresne-predklada-zakon-ktory-sposobi-biomasaker-navyse-porusuje-europske-smernice\/\" \/>\n<meta property=\"og:locale\" content=\"cs_CZ\" \/>\n<meta property=\"og:locale:alternate\" content=\"en_US\" \/>\n<meta property=\"og:locale:alternate\" content=\"hu_HU\" \/>\n<meta property=\"og:locale:alternate\" content=\"sk_SK\" \/>\n<meta property=\"og:locale:alternate\" content=\"sv_SE\" \/>\n<meta property=\"og:type\" content=\"article\" \/>\n<meta property=\"og:title\" content=\"Taraba expresne predklad\u00e1 z\u00e1kon, ktor\u00fd sp\u00f4sob\u00ed biomasaker, navy\u0161e, poru\u0161uje eur\u00f3pske smernice\" \/>\n<meta property=\"og:description\" content=\"Dne\u0161n\u00e1 expresn\u00e1 novela z\u00e1kona o ochrane pr\u00edrody a krajiny predstavuje doslova biomasaker. Z\u00e1kon toti\u017e umo\u017e\u0148uje prakticky nekontrolovate\u013en\u00e9 r\u00fabanie drev\u00edn na skoro 1 mili\u00f3ne hekt\u00e1rov chr\u00e1nen\u00fdch \u00fazem\u00ed na Slovensku. Pod\u013ea environment\u00e1lneho experta Michala Ki\u010du je \u201cspreh\u013eadnenie krajiny\u201d len z\u00e1stierkou pre tzv. \u0161tiepkarsky biznis.&nbsp; Umo\u017enenie v\u00fdrubu stromov do 80 cm obvodu kme\u0148a a krovit\u00fdch porastov do 100 [&hellip;]\" \/>\n<meta property=\"og:url\" content=\"https:\/\/www.smedemokrati.sk\/cs\/taraba-expresne-predklada-zakon-ktory-sposobi-biomasaker-navyse-porusuje-europske-smernice\/\" \/>\n<meta property=\"og:site_name\" content=\"Smedemokrati.sk\" \/>\n<meta property=\"article:publisher\" content=\"https:\/\/www.facebook.com\/smedemokrati2023\" \/>\n<meta property=\"article:published_time\" content=\"2024-04-24T09:00:00+00:00\" \/>\n<meta property=\"article:modified_time\" content=\"2024-04-29T10:58:59+00:00\" \/>\n<meta property=\"og:image\" content=\"https:\/\/www.smedemokrati.sk\/wp-content\/uploads\/2024\/03\/robert-fico-tomas-taraba-clanokW-1.jpg\" \/>\n\t<meta property=\"og:image:width\" content=\"800\" \/>\n\t<meta property=\"og:image:height\" content=\"448\" \/>\n\t<meta property=\"og:image:type\" content=\"image\/jpeg\" \/>\n<meta name=\"author\" content=\"miro.sopko\" \/>\n<meta name=\"twitter:card\" content=\"summary_large_image\" \/>\n<meta name=\"twitter:label1\" content=\"Napsal(a)\" \/>\n\t<meta name=\"twitter:data1\" content=\"miro.sopko\" \/>\n\t<meta name=\"twitter:label2\" content=\"Odhadovan\u00e1 doba \u010dten\u00ed\" \/>\n\t<meta name=\"twitter:data2\" content=\"2 minuty\" \/>\n<script type=\"application\/ld+json\" class=\"yoast-schema-graph\">{\"@context\":\"https:\/\/schema.org\",\"@graph\":[{\"@type\":\"Article\",\"@id\":\"https:\/\/www.smedemokrati.sk\/taraba-expresne-predklada-zakon-ktory-sposobi-biomasaker-navyse-porusuje-europske-smernice\/#article\",\"isPartOf\":{\"@id\":\"https:\/\/www.smedemokrati.sk\/taraba-expresne-predklada-zakon-ktory-sposobi-biomasaker-navyse-porusuje-europske-smernice\/\"},\"author\":{\"name\":\"miro.sopko\",\"@id\":\"https:\/\/www.smedemokrati.sk\/#\/schema\/person\/21f147c88d605aa7ded900e1e7c344ba\"},\"headline\":\"Taraba expresne predklad\u00e1 z\u00e1kon, ktor\u00fd sp\u00f4sob\u00ed biomasaker, navy\u0161e, poru\u0161uje eur\u00f3pske smernice\",\"datePublished\":\"2024-04-24T09:00:00+00:00\",\"dateModified\":\"2024-04-29T10:58:59+00:00\",\"mainEntityOfPage\":{\"@id\":\"https:\/\/www.smedemokrati.sk\/taraba-expresne-predklada-zakon-ktory-sposobi-biomasaker-navyse-porusuje-europske-smernice\/\"},\"wordCount\":428,\"publisher\":{\"@id\":\"https:\/\/www.smedemokrati.sk\/#organization\"},\"image\":{\"@id\":\"https:\/\/www.smedemokrati.sk\/taraba-expresne-predklada-zakon-ktory-sposobi-biomasaker-navyse-porusuje-europske-smernice\/#primaryimage\"},\"thumbnailUrl\":\"https:\/\/www.smedemokrati.sk\/wp-content\/uploads\/2024\/03\/robert-fico-tomas-taraba-clanokW-1.jpg\",\"articleSection\":[\"Tla\u010dov\u00e9 spr\u00e1vy\"],\"inLanguage\":\"cs-CZ\"},{\"@type\":\"WebPage\",\"@id\":\"https:\/\/www.smedemokrati.sk\/taraba-expresne-predklada-zakon-ktory-sposobi-biomasaker-navyse-porusuje-europske-smernice\/\",\"url\":\"https:\/\/www.smedemokrati.sk\/taraba-expresne-predklada-zakon-ktory-sposobi-biomasaker-navyse-porusuje-europske-smernice\/\",\"name\":\"Taraba expresne predklad\u00e1 z\u00e1kon, ktor\u00fd sp\u00f4sob\u00ed biomasaker, navy\u0161e, poru\u0161uje eur\u00f3pske smernice\",\"isPartOf\":{\"@id\":\"https:\/\/www.smedemokrati.sk\/#website\"},\"primaryImageOfPage\":{\"@id\":\"https:\/\/www.smedemokrati.sk\/taraba-expresne-predklada-zakon-ktory-sposobi-biomasaker-navyse-porusuje-europske-smernice\/#primaryimage\"},\"image\":{\"@id\":\"https:\/\/www.smedemokrati.sk\/taraba-expresne-predklada-zakon-ktory-sposobi-biomasaker-navyse-porusuje-europske-smernice\/#primaryimage\"},\"thumbnailUrl\":\"https:\/\/www.smedemokrati.sk\/wp-content\/uploads\/2024\/03\/robert-fico-tomas-taraba-clanokW-1.jpg\",\"datePublished\":\"2024-04-24T09:00:00+00:00\",\"dateModified\":\"2024-04-29T10:58:59+00:00\",\"breadcrumb\":{\"@id\":\"https:\/\/www.smedemokrati.sk\/taraba-expresne-predklada-zakon-ktory-sposobi-biomasaker-navyse-porusuje-europske-smernice\/#breadcrumb\"},\"inLanguage\":\"cs-CZ\",\"potentialAction\":[{\"@type\":\"ReadAction\",\"target\":[\"https:\/\/www.smedemokrati.sk\/taraba-expresne-predklada-zakon-ktory-sposobi-biomasaker-navyse-porusuje-europske-smernice\/\"]}]},{\"@type\":\"ImageObject\",\"inLanguage\":\"cs-CZ\",\"@id\":\"https:\/\/www.smedemokrati.sk\/taraba-expresne-predklada-zakon-ktory-sposobi-biomasaker-navyse-porusuje-europske-smernice\/#primaryimage\",\"url\":\"https:\/\/www.smedemokrati.sk\/wp-content\/uploads\/2024\/03\/robert-fico-tomas-taraba-clanokW-1.jpg\",\"contentUrl\":\"https:\/\/www.smedemokrati.sk\/wp-content\/uploads\/2024\/03\/robert-fico-tomas-taraba-clanokW-1.jpg\",\"width\":800,\"height\":448},{\"@type\":\"BreadcrumbList\",\"@id\":\"https:\/\/www.smedemokrati.sk\/taraba-expresne-predklada-zakon-ktory-sposobi-biomasaker-navyse-porusuje-europske-smernice\/#breadcrumb\",\"itemListElement\":[{\"@type\":\"ListItem\",\"position\":1,\"name\":\"Domovsk\u00e1 str\u00e1nka\",\"item\":\"https:\/\/www.smedemokrati.sk\/\"},{\"@type\":\"ListItem\",\"position\":2,\"name\":\"Taraba expresne predklad\u00e1 z\u00e1kon, ktor\u00fd sp\u00f4sob\u00ed biomasaker, navy\u0161e, poru\u0161uje eur\u00f3pske smernice\"}]},{\"@type\":\"WebSite\",\"@id\":\"https:\/\/www.smedemokrati.sk\/#website\",\"url\":\"https:\/\/www.smedemokrati.sk\/\",\"name\":\"Smedemokrati.sk\",\"description\":\"Demokracia a slu\u0161nos\u0165 zv\u00ed\u0165az\u00ed\",\"publisher\":{\"@id\":\"https:\/\/www.smedemokrati.sk\/#organization\"},\"potentialAction\":[{\"@type\":\"SearchAction\",\"target\":{\"@type\":\"EntryPoint\",\"urlTemplate\":\"https:\/\/www.smedemokrati.sk\/?s={search_term_string}\"},\"query-input\":{\"@type\":\"PropertyValueSpecification\",\"valueRequired\":true,\"valueName\":\"search_term_string\"}}],\"inLanguage\":\"cs-CZ\"},{\"@type\":\"Organization\",\"@id\":\"https:\/\/www.smedemokrati.sk\/#organization\",\"name\":\"Smedemokrati.sk\",\"url\":\"https:\/\/www.smedemokrati.sk\/\",\"logo\":{\"@type\":\"ImageObject\",\"inLanguage\":\"cs-CZ\",\"@id\":\"https:\/\/www.smedemokrati.sk\/#\/schema\/logo\/image\/\",\"url\":\"https:\/\/www.smedemokrati.sk\/wp-content\/uploads\/2023\/04\/ff.002.jpeg\",\"contentUrl\":\"https:\/\/www.smedemokrati.sk\/wp-content\/uploads\/2023\/04\/ff.002.jpeg\",\"width\":640,\"height\":480,\"caption\":\"Smedemokrati.sk\"},\"image\":{\"@id\":\"https:\/\/www.smedemokrati.sk\/#\/schema\/logo\/image\/\"},\"sameAs\":[\"https:\/\/www.facebook.com\/smedemokrati2023\"]},{\"@type\":\"Person\",\"@id\":\"https:\/\/www.smedemokrati.sk\/#\/schema\/person\/21f147c88d605aa7ded900e1e7c344ba\",\"name\":\"miro.sopko\",\"image\":{\"@type\":\"ImageObject\",\"inLanguage\":\"cs-CZ\",\"@id\":\"https:\/\/secure.gravatar.com\/avatar\/267e4a36f704376c109afe3a78740c1f5dd8675a2180a908699e7863c9247606?s=96&d=mm&r=g\",\"url\":\"https:\/\/secure.gravatar.com\/avatar\/267e4a36f704376c109afe3a78740c1f5dd8675a2180a908699e7863c9247606?s=96&d=mm&r=g\",\"contentUrl\":\"https:\/\/secure.gravatar.com\/avatar\/267e4a36f704376c109afe3a78740c1f5dd8675a2180a908699e7863c9247606?s=96&d=mm&r=g\",\"caption\":\"miro.sopko\"},\"url\":\"https:\/\/www.smedemokrati.sk\/cs\/author\/miro-sopko\/\"}]}<\/script>\n<!-- \/ Yoast SEO plugin. -->","yoast_head_json":{"title":"Taraba expresne predklad\u00e1 z\u00e1kon, ktor\u00fd sp\u00f4sob\u00ed biomasaker, navy\u0161e, poru\u0161uje eur\u00f3pske smernice","robots":{"index":"index","follow":"follow","max-snippet":"max-snippet:-1","max-image-preview":"max-image-preview:large","max-video-preview":"max-video-preview:-1"},"canonical":"https:\/\/www.smedemokrati.sk\/cs\/taraba-expresne-predklada-zakon-ktory-sposobi-biomasaker-navyse-porusuje-europske-smernice\/","og_locale":"cs_CZ","og_type":"article","og_title":"[:sk]Taraba expresne predklad\u00e1 z\u00e1kon, ktor\u00fd sp\u00f4sob\u00ed biomasaker, navy\u0161e, poru\u0161uje eur\u00f3pske smernice[:] - Smedemokrati.sk","og_description":"Dne\u0161n\u00e1 expresn\u00e1 novela z\u00e1kona o ochrane pr\u00edrody a krajiny predstavuje doslova biomasaker. Z\u00e1kon toti\u017e umo\u017e\u0148uje prakticky nekontrolovate\u013en\u00e9 r\u00fabanie drev\u00edn na skoro 1 mili\u00f3ne hekt\u00e1rov chr\u00e1nen\u00fdch \u00fazem\u00ed na Slovensku. Pod\u013ea environment\u00e1lneho experta Michala Ki\u010du je \u201cspreh\u013eadnenie krajiny\u201d len z\u00e1stierkou pre tzv. \u0161tiepkarsky biznis.&nbsp; Umo\u017enenie v\u00fdrubu stromov do 80 cm obvodu kme\u0148a a krovit\u00fdch porastov do 100 [&hellip;]","og_url":"https:\/\/www.smedemokrati.sk\/cs\/taraba-expresne-predklada-zakon-ktory-sposobi-biomasaker-navyse-porusuje-europske-smernice\/","og_site_name":"Smedemokrati.sk","article_publisher":"https:\/\/www.facebook.com\/smedemokrati2023","article_published_time":"2024-04-24T09:00:00+00:00","article_modified_time":"2024-04-29T10:58:59+00:00","og_image":[{"width":800,"height":448,"url":"https:\/\/www.smedemokrati.sk\/wp-content\/uploads\/2024\/03\/robert-fico-tomas-taraba-clanokW-1.jpg","type":"image\/jpeg"}],"author":"miro.sopko","twitter_card":"summary_large_image","twitter_misc":{"Napsal(a)":"miro.sopko","Odhadovan\u00e1 doba \u010dten\u00ed":"2 minuty"},"schema":{"@context":"https:\/\/schema.org","@graph":[{"@type":"Article","@id":"https:\/\/www.smedemokrati.sk\/taraba-expresne-predklada-zakon-ktory-sposobi-biomasaker-navyse-porusuje-europske-smernice\/#article","isPartOf":{"@id":"https:\/\/www.smedemokrati.sk\/taraba-expresne-predklada-zakon-ktory-sposobi-biomasaker-navyse-porusuje-europske-smernice\/"},"author":{"name":"miro.sopko","@id":"https:\/\/www.smedemokrati.sk\/#\/schema\/person\/21f147c88d605aa7ded900e1e7c344ba"},"headline":"Taraba expresne predklad\u00e1 z\u00e1kon, ktor\u00fd sp\u00f4sob\u00ed biomasaker, navy\u0161e, poru\u0161uje eur\u00f3pske smernice","datePublished":"2024-04-24T09:00:00+00:00","dateModified":"2024-04-29T10:58:59+00:00","mainEntityOfPage":{"@id":"https:\/\/www.smedemokrati.sk\/taraba-expresne-predklada-zakon-ktory-sposobi-biomasaker-navyse-porusuje-europske-smernice\/"},"wordCount":428,"publisher":{"@id":"https:\/\/www.smedemokrati.sk\/#organization"},"image":{"@id":"https:\/\/www.smedemokrati.sk\/taraba-expresne-predklada-zakon-ktory-sposobi-biomasaker-navyse-porusuje-europske-smernice\/#primaryimage"},"thumbnailUrl":"https:\/\/www.smedemokrati.sk\/wp-content\/uploads\/2024\/03\/robert-fico-tomas-taraba-clanokW-1.jpg","articleSection":["Tla\u010dov\u00e9 spr\u00e1vy"],"inLanguage":"cs-CZ"},{"@type":"WebPage","@id":"https:\/\/www.smedemokrati.sk\/taraba-expresne-predklada-zakon-ktory-sposobi-biomasaker-navyse-porusuje-europske-smernice\/","url":"https:\/\/www.smedemokrati.sk\/taraba-expresne-predklada-zakon-ktory-sposobi-biomasaker-navyse-porusuje-europske-smernice\/","name":"Taraba expresne predklad\u00e1 z\u00e1kon, ktor\u00fd sp\u00f4sob\u00ed biomasaker, navy\u0161e, poru\u0161uje eur\u00f3pske smernice","isPartOf":{"@id":"https:\/\/www.smedemokrati.sk\/#website"},"primaryImageOfPage":{"@id":"https:\/\/www.smedemokrati.sk\/taraba-expresne-predklada-zakon-ktory-sposobi-biomasaker-navyse-porusuje-europske-smernice\/#primaryimage"},"image":{"@id":"https:\/\/www.smedemokrati.sk\/taraba-expresne-predklada-zakon-ktory-sposobi-biomasaker-navyse-porusuje-europske-smernice\/#primaryimage"},"thumbnailUrl":"https:\/\/www.smedemokrati.sk\/wp-content\/uploads\/2024\/03\/robert-fico-tomas-taraba-clanokW-1.jpg","datePublished":"2024-04-24T09:00:00+00:00","dateModified":"2024-04-29T10:58:59+00:00","breadcrumb":{"@id":"https:\/\/www.smedemokrati.sk\/taraba-expresne-predklada-zakon-ktory-sposobi-biomasaker-navyse-porusuje-europske-smernice\/#breadcrumb"},"inLanguage":"cs-CZ","potentialAction":[{"@type":"ReadAction","target":["https:\/\/www.smedemokrati.sk\/taraba-expresne-predklada-zakon-ktory-sposobi-biomasaker-navyse-porusuje-europske-smernice\/"]}]},{"@type":"ImageObject","inLanguage":"cs-CZ","@id":"https:\/\/www.smedemokrati.sk\/taraba-expresne-predklada-zakon-ktory-sposobi-biomasaker-navyse-porusuje-europske-smernice\/#primaryimage","url":"https:\/\/www.smedemokrati.sk\/wp-content\/uploads\/2024\/03\/robert-fico-tomas-taraba-clanokW-1.jpg","contentUrl":"https:\/\/www.smedemokrati.sk\/wp-content\/uploads\/2024\/03\/robert-fico-tomas-taraba-clanokW-1.jpg","width":800,"height":448},{"@type":"BreadcrumbList","@id":"https:\/\/www.smedemokrati.sk\/taraba-expresne-predklada-zakon-ktory-sposobi-biomasaker-navyse-porusuje-europske-smernice\/#breadcrumb","itemListElement":[{"@type":"ListItem","position":1,"name":"Domovsk\u00e1 str\u00e1nka","item":"https:\/\/www.smedemokrati.sk\/"},{"@type":"ListItem","position":2,"name":"Taraba expresne predklad\u00e1 z\u00e1kon, ktor\u00fd sp\u00f4sob\u00ed biomasaker, navy\u0161e, poru\u0161uje eur\u00f3pske smernice"}]},{"@type":"WebSite","@id":"https:\/\/www.smedemokrati.sk\/#website","url":"https:\/\/www.smedemokrati.sk\/","name":"Smedemokrati.sk","description":"Demokracia a slu\u0161nos\u0165 zv\u00ed\u0165az\u00ed","publisher":{"@id":"https:\/\/www.smedemokrati.sk\/#organization"},"potentialAction":[{"@type":"SearchAction","target":{"@type":"EntryPoint","urlTemplate":"https:\/\/www.smedemokrati.sk\/?s={search_term_string}"},"query-input":{"@type":"PropertyValueSpecification","valueRequired":true,"valueName":"search_term_string"}}],"inLanguage":"cs-CZ"},{"@type":"Organization","@id":"https:\/\/www.smedemokrati.sk\/#organization","name":"Smedemokrati.sk","url":"https:\/\/www.smedemokrati.sk\/","logo":{"@type":"ImageObject","inLanguage":"cs-CZ","@id":"https:\/\/www.smedemokrati.sk\/#\/schema\/logo\/image\/","url":"https:\/\/www.smedemokrati.sk\/wp-content\/uploads\/2023\/04\/ff.002.jpeg","contentUrl":"https:\/\/www.smedemokrati.sk\/wp-content\/uploads\/2023\/04\/ff.002.jpeg","width":640,"height":480,"caption":"Smedemokrati.sk"},"image":{"@id":"https:\/\/www.smedemokrati.sk\/#\/schema\/logo\/image\/"},"sameAs":["https:\/\/www.facebook.com\/smedemokrati2023"]},{"@type":"Person","@id":"https:\/\/www.smedemokrati.sk\/#\/schema\/person\/21f147c88d605aa7ded900e1e7c344ba","name":"miro.sopko","image":{"@type":"ImageObject","inLanguage":"cs-CZ","@id":"https:\/\/secure.gravatar.com\/avatar\/267e4a36f704376c109afe3a78740c1f5dd8675a2180a908699e7863c9247606?s=96&d=mm&r=g","url":"https:\/\/secure.gravatar.com\/avatar\/267e4a36f704376c109afe3a78740c1f5dd8675a2180a908699e7863c9247606?s=96&d=mm&r=g","contentUrl":"https:\/\/secure.gravatar.com\/avatar\/267e4a36f704376c109afe3a78740c1f5dd8675a2180a908699e7863c9247606?s=96&d=mm&r=g","caption":"miro.sopko"},"url":"https:\/\/www.smedemokrati.sk\/cs\/author\/miro-sopko\/"}]}},"_links":{"self":[{"href":"https:\/\/www.smedemokrati.sk\/cs\/wp-json\/wp\/v2\/posts\/3937","targetHints":{"allow":["GET"]}}],"collection":[{"href":"https:\/\/www.smedemokrati.sk\/cs\/wp-json\/wp\/v2\/posts"}],"about":[{"href":"https:\/\/www.smedemokrati.sk\/cs\/wp-json\/wp\/v2\/types\/post"}],"author":[{"embeddable":true,"href":"https:\/\/www.smedemokrati.sk\/cs\/wp-json\/wp\/v2\/users\/13"}],"replies":[{"embeddable":true,"href":"https:\/\/www.smedemokrati.sk\/cs\/wp-json\/wp\/v2\/comments?post=3937"}],"version-history":[{"count":1,"href":"https:\/\/www.smedemokrati.sk\/cs\/wp-json\/wp\/v2\/posts\/3937\/revisions"}],"predecessor-version":[{"id":3939,"href":"https:\/\/www.smedemokrati.sk\/cs\/wp-json\/wp\/v2\/posts\/3937\/revisions\/3939"}],"wp:featuredmedia":[{"embeddable":true,"href":"https:\/\/www.smedemokrati.sk\/cs\/wp-json\/wp\/v2\/media\/2931"}],"wp:attachment":[{"href":"https:\/\/www.smedemokrati.sk\/cs\/wp-json\/wp\/v2\/media?parent=3937"}],"wp:term":[{"taxonomy":"category","embeddable":true,"href":"https:\/\/www.smedemokrati.sk\/cs\/wp-json\/wp\/v2\/categories?post=3937"},{"taxonomy":"post_tag","embeddable":true,"href":"https:\/\/www.smedemokrati.sk\/cs\/wp-json\/wp\/v2\/tags?post=3937"}],"curies":[{"name":"wp","href":"https:\/\/api.w.org\/{rel}","templated":true}]}}