{"id":3933,"date":"2024-04-24T10:25:29","date_gmt":"2024-04-24T09:25:29","guid":{"rendered":"https:\/\/www.smedemokrati.sk\/?p=3933"},"modified":"2024-04-29T11:59:22","modified_gmt":"2024-04-29T10:59:22","slug":"ziadost-na-ministerstvo-kultury","status":"publish","type":"post","link":"https:\/\/www.smedemokrati.sk\/cs\/ziadost-na-ministerstvo-kultury\/","title":{"rendered":"\u017diados\u0165 na ministerstvo kult\u00fary"},"content":{"rendered":"<div id=\"fb-root\"><\/div>\n\n<p>Chceme V\u00e1s informova\u0165, \u017ee strana Demokrati ofici\u00e1lne po\u017eiadala Ministerstvo kult\u00fary SR o priestory v ka\u0161tieli v Budmericiach na organiz\u00e1ciu podujatia s n\u00e1zvom:<\/p>\n\n\n\n<p><strong><u>\u201cSnaha o legislat\u00edvnu normaliz\u00e1ciu v RTVS\u201d.<\/u><\/strong><\/p>\n\n\n\n<p>Ver\u00edme v skor\u00fa odpove\u010f zo strany MK SR, o v\u00fdsledku v\u00e1s budeme samozrejme informova\u0165.<\/p>\n\n\n\n<div data-wp-interactive=\"core\/file\" class=\"wp-block-file\"><object data-wp-bind--hidden=\"!state.hasPdfPreview\" hidden class=\"wp-block-file__embed\" data=\"https:\/\/www.smedemokrati.sk\/wp-content\/uploads\/2024\/04\/ziadost-na-MKSR-Budmerice.pdf\" type=\"application\/pdf\" style=\"width:100%;height:600px\" aria-label=\"Vlo\u017eit z ziadost-na-MKSR-Budmerice.\"><\/object><a id=\"wp-block-file--media-da080295-3c71-467a-986e-4a7eac06bec6\" href=\"https:\/\/www.smedemokrati.sk\/wp-content\/uploads\/2024\/04\/ziadost-na-MKSR-Budmerice.pdf\">ziadost-na-MKSR-Budmerice<\/a><a href=\"https:\/\/www.smedemokrati.sk\/wp-content\/uploads\/2024\/04\/ziadost-na-MKSR-Budmerice.pdf\" class=\"wp-block-file__button wp-element-button\" download aria-describedby=\"wp-block-file--media-da080295-3c71-467a-986e-4a7eac06bec6\">Stiahnu\u0165<\/a><\/div>\n","protected":false},"excerpt":{"rendered":"<p>Chceme V\u00e1s informova\u0165, \u017ee strana Demokrati ofici\u00e1lne po\u017eiadala Ministerstvo kult\u00fary SR o priestory v ka\u0161tieli v Budmericiach na organiz\u00e1ciu podujatia s n\u00e1zvom: \u201cSnaha o legislat\u00edvnu normaliz\u00e1ciu v RTVS\u201d. Ver\u00edme v skor\u00fa odpove\u010f zo strany MK SR, o v\u00fdsledku v\u00e1s budeme samozrejme informova\u0165.<\/p>\n","protected":false},"author":13,"featured_media":3935,"comment_status":"closed","ping_status":"closed","sticky":false,"template":"","format":"standard","meta":{"_acf_changed":false,"ngg_post_thumbnail":0,"footnotes":""},"categories":[4],"tags":[],"class_list":["post-3933","post","type-post","status-publish","format-standard","has-post-thumbnail","hentry","category-tlacove-spravy"],"acf":[],"yoast_head":"<!-- This site is optimized with the Yoast SEO plugin v27.2 - https:\/\/yoast.com\/product\/yoast-seo-wordpress\/ -->\n<title>\u017diados\u0165 na ministerstvo kult\u00fary<\/title>\n<meta name=\"robots\" content=\"index, follow, max-snippet:-1, max-image-preview:large, max-video-preview:-1\" \/>\n<link rel=\"canonical\" href=\"https:\/\/www.smedemokrati.sk\/cs\/ziadost-na-ministerstvo-kultury\/\" \/>\n<meta property=\"og:locale\" content=\"cs_CZ\" \/>\n<meta property=\"og:locale:alternate\" content=\"en_US\" \/>\n<meta property=\"og:locale:alternate\" content=\"hu_HU\" \/>\n<meta property=\"og:locale:alternate\" content=\"sk_SK\" \/>\n<meta property=\"og:locale:alternate\" content=\"sv_SE\" \/>\n<meta property=\"og:type\" content=\"article\" \/>\n<meta property=\"og:title\" content=\"\u017diados\u0165 na ministerstvo kult\u00fary\" \/>\n<meta property=\"og:description\" content=\"Chceme V\u00e1s informova\u0165, \u017ee strana Demokrati ofici\u00e1lne po\u017eiadala Ministerstvo kult\u00fary SR o priestory v ka\u0161tieli v Budmericiach na organiz\u00e1ciu podujatia s n\u00e1zvom: \u201cSnaha o legislat\u00edvnu normaliz\u00e1ciu v RTVS\u201d. Ver\u00edme v skor\u00fa odpove\u010f zo strany MK SR, o v\u00fdsledku v\u00e1s budeme samozrejme informova\u0165.\" \/>\n<meta property=\"og:url\" content=\"https:\/\/www.smedemokrati.sk\/cs\/ziadost-na-ministerstvo-kultury\/\" \/>\n<meta property=\"og:site_name\" content=\"Smedemokrati.sk\" \/>\n<meta property=\"article:publisher\" content=\"https:\/\/www.facebook.com\/smedemokrati2023\" \/>\n<meta property=\"article:published_time\" content=\"2024-04-24T09:25:29+00:00\" \/>\n<meta property=\"article:modified_time\" content=\"2024-04-29T10:59:22+00:00\" \/>\n<meta property=\"og:image\" content=\"https:\/\/www.smedemokrati.sk\/wp-content\/uploads\/2024\/04\/castle-5813952_1280.jpg\" \/>\n\t<meta property=\"og:image:width\" content=\"1280\" \/>\n\t<meta property=\"og:image:height\" content=\"853\" \/>\n\t<meta property=\"og:image:type\" content=\"image\/jpeg\" \/>\n<meta name=\"author\" content=\"miro.sopko\" \/>\n<meta name=\"twitter:card\" content=\"summary_large_image\" \/>\n<meta name=\"twitter:label1\" content=\"Napsal(a)\" \/>\n\t<meta name=\"twitter:data1\" content=\"miro.sopko\" \/>\n\t<meta name=\"twitter:label2\" content=\"Odhadovan\u00e1 doba \u010dten\u00ed\" \/>\n\t<meta name=\"twitter:data2\" content=\"1 minuta\" \/>\n<script type=\"application\/ld+json\" class=\"yoast-schema-graph\">{\"@context\":\"https:\/\/schema.org\",\"@graph\":[{\"@type\":\"Article\",\"@id\":\"https:\/\/www.smedemokrati.sk\/ziadost-na-ministerstvo-kultury\/#article\",\"isPartOf\":{\"@id\":\"https:\/\/www.smedemokrati.sk\/ziadost-na-ministerstvo-kultury\/\"},\"author\":{\"name\":\"miro.sopko\",\"@id\":\"https:\/\/www.smedemokrati.sk\/#\/schema\/person\/21f147c88d605aa7ded900e1e7c344ba\"},\"headline\":\"\u017diados\u0165 na ministerstvo kult\u00fary\",\"datePublished\":\"2024-04-24T09:25:29+00:00\",\"dateModified\":\"2024-04-29T10:59:22+00:00\",\"mainEntityOfPage\":{\"@id\":\"https:\/\/www.smedemokrati.sk\/ziadost-na-ministerstvo-kultury\/\"},\"wordCount\":63,\"publisher\":{\"@id\":\"https:\/\/www.smedemokrati.sk\/#organization\"},\"image\":{\"@id\":\"https:\/\/www.smedemokrati.sk\/ziadost-na-ministerstvo-kultury\/#primaryimage\"},\"thumbnailUrl\":\"https:\/\/www.smedemokrati.sk\/wp-content\/uploads\/2024\/04\/castle-5813952_1280.jpg\",\"articleSection\":[\"Tla\u010dov\u00e9 spr\u00e1vy\"],\"inLanguage\":\"cs-CZ\"},{\"@type\":\"WebPage\",\"@id\":\"https:\/\/www.smedemokrati.sk\/ziadost-na-ministerstvo-kultury\/\",\"url\":\"https:\/\/www.smedemokrati.sk\/ziadost-na-ministerstvo-kultury\/\",\"name\":\"\u017diados\u0165 na ministerstvo kult\u00fary\",\"isPartOf\":{\"@id\":\"https:\/\/www.smedemokrati.sk\/#website\"},\"primaryImageOfPage\":{\"@id\":\"https:\/\/www.smedemokrati.sk\/ziadost-na-ministerstvo-kultury\/#primaryimage\"},\"image\":{\"@id\":\"https:\/\/www.smedemokrati.sk\/ziadost-na-ministerstvo-kultury\/#primaryimage\"},\"thumbnailUrl\":\"https:\/\/www.smedemokrati.sk\/wp-content\/uploads\/2024\/04\/castle-5813952_1280.jpg\",\"datePublished\":\"2024-04-24T09:25:29+00:00\",\"dateModified\":\"2024-04-29T10:59:22+00:00\",\"breadcrumb\":{\"@id\":\"https:\/\/www.smedemokrati.sk\/ziadost-na-ministerstvo-kultury\/#breadcrumb\"},\"inLanguage\":\"cs-CZ\",\"potentialAction\":[{\"@type\":\"ReadAction\",\"target\":[\"https:\/\/www.smedemokrati.sk\/ziadost-na-ministerstvo-kultury\/\"]}]},{\"@type\":\"ImageObject\",\"inLanguage\":\"cs-CZ\",\"@id\":\"https:\/\/www.smedemokrati.sk\/ziadost-na-ministerstvo-kultury\/#primaryimage\",\"url\":\"https:\/\/www.smedemokrati.sk\/wp-content\/uploads\/2024\/04\/castle-5813952_1280.jpg\",\"contentUrl\":\"https:\/\/www.smedemokrati.sk\/wp-content\/uploads\/2024\/04\/castle-5813952_1280.jpg\",\"width\":1280,\"height\":853},{\"@type\":\"BreadcrumbList\",\"@id\":\"https:\/\/www.smedemokrati.sk\/ziadost-na-ministerstvo-kultury\/#breadcrumb\",\"itemListElement\":[{\"@type\":\"ListItem\",\"position\":1,\"name\":\"Domovsk\u00e1 str\u00e1nka\",\"item\":\"https:\/\/www.smedemokrati.sk\/\"},{\"@type\":\"ListItem\",\"position\":2,\"name\":\"\u017diados\u0165 na ministerstvo kult\u00fary\"}]},{\"@type\":\"WebSite\",\"@id\":\"https:\/\/www.smedemokrati.sk\/#website\",\"url\":\"https:\/\/www.smedemokrati.sk\/\",\"name\":\"Smedemokrati.sk\",\"description\":\"Demokracia a slu\u0161nos\u0165 zv\u00ed\u0165az\u00ed\",\"publisher\":{\"@id\":\"https:\/\/www.smedemokrati.sk\/#organization\"},\"potentialAction\":[{\"@type\":\"SearchAction\",\"target\":{\"@type\":\"EntryPoint\",\"urlTemplate\":\"https:\/\/www.smedemokrati.sk\/?s={search_term_string}\"},\"query-input\":{\"@type\":\"PropertyValueSpecification\",\"valueRequired\":true,\"valueName\":\"search_term_string\"}}],\"inLanguage\":\"cs-CZ\"},{\"@type\":\"Organization\",\"@id\":\"https:\/\/www.smedemokrati.sk\/#organization\",\"name\":\"Smedemokrati.sk\",\"url\":\"https:\/\/www.smedemokrati.sk\/\",\"logo\":{\"@type\":\"ImageObject\",\"inLanguage\":\"cs-CZ\",\"@id\":\"https:\/\/www.smedemokrati.sk\/#\/schema\/logo\/image\/\",\"url\":\"https:\/\/www.smedemokrati.sk\/wp-content\/uploads\/2023\/04\/ff.002.jpeg\",\"contentUrl\":\"https:\/\/www.smedemokrati.sk\/wp-content\/uploads\/2023\/04\/ff.002.jpeg\",\"width\":640,\"height\":480,\"caption\":\"Smedemokrati.sk\"},\"image\":{\"@id\":\"https:\/\/www.smedemokrati.sk\/#\/schema\/logo\/image\/\"},\"sameAs\":[\"https:\/\/www.facebook.com\/smedemokrati2023\"]},{\"@type\":\"Person\",\"@id\":\"https:\/\/www.smedemokrati.sk\/#\/schema\/person\/21f147c88d605aa7ded900e1e7c344ba\",\"name\":\"miro.sopko\",\"image\":{\"@type\":\"ImageObject\",\"inLanguage\":\"cs-CZ\",\"@id\":\"https:\/\/secure.gravatar.com\/avatar\/267e4a36f704376c109afe3a78740c1f5dd8675a2180a908699e7863c9247606?s=96&d=mm&r=g\",\"url\":\"https:\/\/secure.gravatar.com\/avatar\/267e4a36f704376c109afe3a78740c1f5dd8675a2180a908699e7863c9247606?s=96&d=mm&r=g\",\"contentUrl\":\"https:\/\/secure.gravatar.com\/avatar\/267e4a36f704376c109afe3a78740c1f5dd8675a2180a908699e7863c9247606?s=96&d=mm&r=g\",\"caption\":\"miro.sopko\"},\"url\":\"https:\/\/www.smedemokrati.sk\/cs\/author\/miro-sopko\/\"}]}<\/script>\n<!-- \/ Yoast SEO plugin. -->","yoast_head_json":{"title":"\u017diados\u0165 na ministerstvo kult\u00fary","robots":{"index":"index","follow":"follow","max-snippet":"max-snippet:-1","max-image-preview":"max-image-preview:large","max-video-preview":"max-video-preview:-1"},"canonical":"https:\/\/www.smedemokrati.sk\/cs\/ziadost-na-ministerstvo-kultury\/","og_locale":"cs_CZ","og_type":"article","og_title":"[:sk]\u017diados\u0165 na ministerstvo kult\u00fary[:] - Smedemokrati.sk","og_description":"Chceme V\u00e1s informova\u0165, \u017ee strana Demokrati ofici\u00e1lne po\u017eiadala Ministerstvo kult\u00fary SR o priestory v ka\u0161tieli v Budmericiach na organiz\u00e1ciu podujatia s n\u00e1zvom: \u201cSnaha o legislat\u00edvnu normaliz\u00e1ciu v RTVS\u201d. Ver\u00edme v skor\u00fa odpove\u010f zo strany MK SR, o v\u00fdsledku v\u00e1s budeme samozrejme informova\u0165.","og_url":"https:\/\/www.smedemokrati.sk\/cs\/ziadost-na-ministerstvo-kultury\/","og_site_name":"Smedemokrati.sk","article_publisher":"https:\/\/www.facebook.com\/smedemokrati2023","article_published_time":"2024-04-24T09:25:29+00:00","article_modified_time":"2024-04-29T10:59:22+00:00","og_image":[{"width":1280,"height":853,"url":"https:\/\/www.smedemokrati.sk\/wp-content\/uploads\/2024\/04\/castle-5813952_1280.jpg","type":"image\/jpeg"}],"author":"miro.sopko","twitter_card":"summary_large_image","twitter_misc":{"Napsal(a)":"miro.sopko","Odhadovan\u00e1 doba \u010dten\u00ed":"1 minuta"},"schema":{"@context":"https:\/\/schema.org","@graph":[{"@type":"Article","@id":"https:\/\/www.smedemokrati.sk\/ziadost-na-ministerstvo-kultury\/#article","isPartOf":{"@id":"https:\/\/www.smedemokrati.sk\/ziadost-na-ministerstvo-kultury\/"},"author":{"name":"miro.sopko","@id":"https:\/\/www.smedemokrati.sk\/#\/schema\/person\/21f147c88d605aa7ded900e1e7c344ba"},"headline":"\u017diados\u0165 na ministerstvo kult\u00fary","datePublished":"2024-04-24T09:25:29+00:00","dateModified":"2024-04-29T10:59:22+00:00","mainEntityOfPage":{"@id":"https:\/\/www.smedemokrati.sk\/ziadost-na-ministerstvo-kultury\/"},"wordCount":63,"publisher":{"@id":"https:\/\/www.smedemokrati.sk\/#organization"},"image":{"@id":"https:\/\/www.smedemokrati.sk\/ziadost-na-ministerstvo-kultury\/#primaryimage"},"thumbnailUrl":"https:\/\/www.smedemokrati.sk\/wp-content\/uploads\/2024\/04\/castle-5813952_1280.jpg","articleSection":["Tla\u010dov\u00e9 spr\u00e1vy"],"inLanguage":"cs-CZ"},{"@type":"WebPage","@id":"https:\/\/www.smedemokrati.sk\/ziadost-na-ministerstvo-kultury\/","url":"https:\/\/www.smedemokrati.sk\/ziadost-na-ministerstvo-kultury\/","name":"\u017diados\u0165 na ministerstvo kult\u00fary","isPartOf":{"@id":"https:\/\/www.smedemokrati.sk\/#website"},"primaryImageOfPage":{"@id":"https:\/\/www.smedemokrati.sk\/ziadost-na-ministerstvo-kultury\/#primaryimage"},"image":{"@id":"https:\/\/www.smedemokrati.sk\/ziadost-na-ministerstvo-kultury\/#primaryimage"},"thumbnailUrl":"https:\/\/www.smedemokrati.sk\/wp-content\/uploads\/2024\/04\/castle-5813952_1280.jpg","datePublished":"2024-04-24T09:25:29+00:00","dateModified":"2024-04-29T10:59:22+00:00","breadcrumb":{"@id":"https:\/\/www.smedemokrati.sk\/ziadost-na-ministerstvo-kultury\/#breadcrumb"},"inLanguage":"cs-CZ","potentialAction":[{"@type":"ReadAction","target":["https:\/\/www.smedemokrati.sk\/ziadost-na-ministerstvo-kultury\/"]}]},{"@type":"ImageObject","inLanguage":"cs-CZ","@id":"https:\/\/www.smedemokrati.sk\/ziadost-na-ministerstvo-kultury\/#primaryimage","url":"https:\/\/www.smedemokrati.sk\/wp-content\/uploads\/2024\/04\/castle-5813952_1280.jpg","contentUrl":"https:\/\/www.smedemokrati.sk\/wp-content\/uploads\/2024\/04\/castle-5813952_1280.jpg","width":1280,"height":853},{"@type":"BreadcrumbList","@id":"https:\/\/www.smedemokrati.sk\/ziadost-na-ministerstvo-kultury\/#breadcrumb","itemListElement":[{"@type":"ListItem","position":1,"name":"Domovsk\u00e1 str\u00e1nka","item":"https:\/\/www.smedemokrati.sk\/"},{"@type":"ListItem","position":2,"name":"\u017diados\u0165 na ministerstvo kult\u00fary"}]},{"@type":"WebSite","@id":"https:\/\/www.smedemokrati.sk\/#website","url":"https:\/\/www.smedemokrati.sk\/","name":"Smedemokrati.sk","description":"Demokracia a slu\u0161nos\u0165 zv\u00ed\u0165az\u00ed","publisher":{"@id":"https:\/\/www.smedemokrati.sk\/#organization"},"potentialAction":[{"@type":"SearchAction","target":{"@type":"EntryPoint","urlTemplate":"https:\/\/www.smedemokrati.sk\/?s={search_term_string}"},"query-input":{"@type":"PropertyValueSpecification","valueRequired":true,"valueName":"search_term_string"}}],"inLanguage":"cs-CZ"},{"@type":"Organization","@id":"https:\/\/www.smedemokrati.sk\/#organization","name":"Smedemokrati.sk","url":"https:\/\/www.smedemokrati.sk\/","logo":{"@type":"ImageObject","inLanguage":"cs-CZ","@id":"https:\/\/www.smedemokrati.sk\/#\/schema\/logo\/image\/","url":"https:\/\/www.smedemokrati.sk\/wp-content\/uploads\/2023\/04\/ff.002.jpeg","contentUrl":"https:\/\/www.smedemokrati.sk\/wp-content\/uploads\/2023\/04\/ff.002.jpeg","width":640,"height":480,"caption":"Smedemokrati.sk"},"image":{"@id":"https:\/\/www.smedemokrati.sk\/#\/schema\/logo\/image\/"},"sameAs":["https:\/\/www.facebook.com\/smedemokrati2023"]},{"@type":"Person","@id":"https:\/\/www.smedemokrati.sk\/#\/schema\/person\/21f147c88d605aa7ded900e1e7c344ba","name":"miro.sopko","image":{"@type":"ImageObject","inLanguage":"cs-CZ","@id":"https:\/\/secure.gravatar.com\/avatar\/267e4a36f704376c109afe3a78740c1f5dd8675a2180a908699e7863c9247606?s=96&d=mm&r=g","url":"https:\/\/secure.gravatar.com\/avatar\/267e4a36f704376c109afe3a78740c1f5dd8675a2180a908699e7863c9247606?s=96&d=mm&r=g","contentUrl":"https:\/\/secure.gravatar.com\/avatar\/267e4a36f704376c109afe3a78740c1f5dd8675a2180a908699e7863c9247606?s=96&d=mm&r=g","caption":"miro.sopko"},"url":"https:\/\/www.smedemokrati.sk\/cs\/author\/miro-sopko\/"}]}},"_links":{"self":[{"href":"https:\/\/www.smedemokrati.sk\/cs\/wp-json\/wp\/v2\/posts\/3933","targetHints":{"allow":["GET"]}}],"collection":[{"href":"https:\/\/www.smedemokrati.sk\/cs\/wp-json\/wp\/v2\/posts"}],"about":[{"href":"https:\/\/www.smedemokrati.sk\/cs\/wp-json\/wp\/v2\/types\/post"}],"author":[{"embeddable":true,"href":"https:\/\/www.smedemokrati.sk\/cs\/wp-json\/wp\/v2\/users\/13"}],"replies":[{"embeddable":true,"href":"https:\/\/www.smedemokrati.sk\/cs\/wp-json\/wp\/v2\/comments?post=3933"}],"version-history":[{"count":1,"href":"https:\/\/www.smedemokrati.sk\/cs\/wp-json\/wp\/v2\/posts\/3933\/revisions"}],"predecessor-version":[{"id":3936,"href":"https:\/\/www.smedemokrati.sk\/cs\/wp-json\/wp\/v2\/posts\/3933\/revisions\/3936"}],"wp:featuredmedia":[{"embeddable":true,"href":"https:\/\/www.smedemokrati.sk\/cs\/wp-json\/wp\/v2\/media\/3935"}],"wp:attachment":[{"href":"https:\/\/www.smedemokrati.sk\/cs\/wp-json\/wp\/v2\/media?parent=3933"}],"wp:term":[{"taxonomy":"category","embeddable":true,"href":"https:\/\/www.smedemokrati.sk\/cs\/wp-json\/wp\/v2\/categories?post=3933"},{"taxonomy":"post_tag","embeddable":true,"href":"https:\/\/www.smedemokrati.sk\/cs\/wp-json\/wp\/v2\/tags?post=3933"}],"curies":[{"name":"wp","href":"https:\/\/api.w.org\/{rel}","templated":true}]}}