{"id":3884,"date":"2024-04-22T10:21:32","date_gmt":"2024-04-22T09:21:32","guid":{"rendered":"https:\/\/www.smedemokrati.sk\/?p=3884"},"modified":"2024-04-24T10:47:23","modified_gmt":"2024-04-24T09:47:23","slug":"ficov-rozpocet-podvody-a-rozpoctova-vlastizrada","status":"publish","type":"post","link":"https:\/\/www.smedemokrati.sk\/cs\/ficov-rozpocet-podvody-a-rozpoctova-vlastizrada\/","title":{"rendered":"Ficov rozpo\u010det: podvody a rozpo\u010dtov\u00e1 vlastizrada"},"content":{"rendered":"<div id=\"fb-root\"><\/div>\n\n<p><strong>Deficit verejn\u00fdch financi\u00ed bol vlani 4,9 % hrub\u00e9ho dom\u00e1ceho produktu (HDP). Fin\u00e1lne \u010d\u00edslo rozpo\u010dtovej bilancie Slovenska za rok 2023, ktor\u00e9 zverejnil \u0160tatistick\u00fd \u00farad SR, je ove\u013ea ni\u017e\u0161ie ako tohtoro\u010dn\u00fd rozpo\u010det, za ktor\u00fd je u\u017e plne zodpovedn\u00e1 Ficova vl\u00e1da (cca 6 % HDP). \u0160tatistick\u00fd \u00farad z\u00e1rove\u0148 potvrdil, \u017ee eurofondy, ktor\u00e9 v Bruseli vybavil pre Slovensko e\u0161te b\u00fdval\u00fd premi\u00e9r Eduard Heger, sa cel\u00e9 za\u00fa\u010dtuj\u00fa do minul\u00e9ho roka. Znamen\u00e1 to, \u017ee Ficovej vl\u00e1de nepre\u0161iel pokus s rozpo\u010dtov\u00fdm podvodom, ktor\u00fdm chceli zhor\u0161i\u0165 vla\u0148aj\u0161\u00ed rozpo\u010det a prikr\u00e1\u0161li\u0165 si ten svoj, aby to vyzeralo, \u017ee \u0161etria a spr\u00e1vaj\u00fa sa zodpovedne.<\/strong><\/p>\n\n\n\n<p><em>\u201e\u0160tatistick\u00fd \u00farad potvrdil, \u010do sme hovorili u\u017e vlani pri schva\u013eovan\u00ed rozpo\u010dtu, a to, \u017ee Fico s ministrom financi\u00ed Kamenick\u00fd urobili zo z\u00e1kona roka podvod roka,\u201c<\/em>\u00a0povedal expremi\u00e9r Eduard Heger. Dodal, \u017ee najnov\u0161ie rozpo\u010dtov\u00e9 \u010d\u00edsla definit\u00edvne vyvr\u00e1tili Ficovu a Kamenick\u00e9ho lo\u017e, \u017ee za rozvratom verejn\u00fdch financi\u00ed stoj\u00ed vl\u00e1da, na \u010dele ktorej st\u00e1l pr\u00e1ve Heger.\u00a0<em>\u201eZa zl\u00fd stav verejn\u00fdch financi\u00ed nes\u00fa najv\u00e4\u010d\u0161iu zodpovednos\u0165 vl\u00e1dy Smeru, ktor\u00e9 v dobr\u00fdch \u010dasoch rozhadzovali verejn\u00e9 peniaze vo ve\u013ekom a nepripravovali tak krajinu na hor\u0161ie \u010dasy,\u201c<\/em>\u00a0doplnil podpredseda Demokratov Heger.<\/p>\n\n\n\n<p>Ak si odmysl\u00edme Ficov rozpo\u010dtov\u00fd podvod, ktor\u00fd s\u00fa\u010dasn\u00e1 koal\u00edcia so z\u00e1kona st\u00e1le nevyhodila, hroz\u00ed, \u017ee tento rok sa diera v rozpo\u010dte preh\u013abi pod\u013ea z\u00e1kona o \u0161t\u00e1tnom rozpo\u010dte a\u017e na 6 % HDP (7,8 mld. eur), \u010do je skoro o 2 miliardy viac ako vlani. Fico tak za jedin\u00fd rok &nbsp;zadl\u017e\u00ed ka\u017ed\u00e9ho jedn\u00e9ho ob\u010dana, vr\u00e1tane novorodencov, zhruba o 400 eur.<\/p>\n\n\n\n<p>Vla\u0148aj\u0161ia diera v rozpo\u010dte mohla by\u0165 ove\u013ea ni\u017e\u0161ia, keby sa Fico a Pellegrini nespr\u00e1vali k peniazom da\u0148ov\u00fdch poplatn\u00edkov nezodpovedne:<em>&nbsp;\u201eAk by Ficov Smer a Pellegriniho Hlas nepou\u017eili na prezidentsk\u00fa kampa\u0148 Petra Pellegriniho zo \u0161t\u00e1tneho rozpo\u010dtu, teda z vrecka v\u0161etk\u00fdch \u013eud\u00ed,&nbsp; zhruba miliardu eur, vla\u0148aj\u0161\u00ed deficit rozpo\u010dtu skon\u010dil zhruba na 4 % HDP,\u201c<\/em>&nbsp;povedal b\u00fdval\u00fd \u0161t\u00e1tny tajomn\u00edk ministerstva financi\u00ed \u013dubo\u0161 Jan\u010d\u00edk. V takom pr\u00edpade by to znamenalo, \u017ee Ficov tohtoro\u010dn\u00fd deficit by bol skoro o 3 miliardy eur vy\u0161\u0161\u00ed ako tohtoro\u010dn\u00fd, ke\u010f krajinu viedla najprv Hegerova a nesk\u00f4r \u00faradn\u00edcka vl\u00e1da. Fico pri\u0161iel k moci \u017e v okt\u00f3bri.<\/p>\n\n\n\n<p>Nezmysly, \u017ee minul\u00e1 koal\u00edcia mala rozbi\u0165 verejn\u00e9 financie, vyvr\u00e1til aj \u010fal\u0161\u00ed \u00fadaj \u0161tatistick\u00e9ho \u00faradu. Hrub\u00fd verejn\u00fd dlh Slovenska skon\u010dil vlani na 56 percent\u00e1ch HDP, \u010do je skoro o dva percentu\u00e1lne body menej ako v roku 2022. Modern\u00e9 ekonomick\u00e9 te\u00f3rie hovoria, \u017ee je spr\u00e1vne a \u017eiaduce, aby vl\u00e1dy pom\u00e1hali \u013eu\u010fom a ekonomike po\u010das kr\u00edzy aj na \u00fakor deficitu. Po\u010das kr\u00edz, ktor\u00fdm \u010delila minul\u00e1 koal\u00edcia st\u00fapol \u0161t\u00e1tny dlh o 8 % HDP.&nbsp;<em>\u201ePo finan\u010dnej a ekonomickej kr\u00edze spred 15 rokov, ke\u010f vl\u00e1dol Fico, st\u00fapol \u0161t\u00e1tny dlh a\u017e o vy\u0161e 25 % HDP. Nezamestnanos\u0165 bola pritom za Hegera v\u00fdrazne ni\u017e\u0161ia ako za Fica. Hegerova vl\u00e1da zvl\u00e1dla ekonomick\u00e9 kr\u00edzy jednozna\u010dne lep\u0161ie ako s\u00fa\u010dasn\u00fd premi\u00e9r,\u201c<\/em>&nbsp;povedal ekon\u00f3m a kandid\u00e1t Demokratov na europoslanca Tom\u00e1\u0161 Merav\u00fd.<\/p>\n\n\n\n<p>Pre nezodpovedn\u00fd pr\u00edstup Slovensko zrejme dostane z Bruselu pokutu 450 mili\u00f3nov eur za to, \u017ee v rozpo\u010dte odignorovalo v\u00fddavkov\u00e9 limity. Nechcelo sa im \u0161etri\u0165, chceli rozhadzova\u0165 a v\u0161etci za to budeme pravdepodobne pyka\u0165. Z t\u00fdchto pe\u0148az\u00ed sa mali zaplati\u0165 projekty z Pl\u00e1nu obnovy. Peniaze na projekty z Bruselu nebud\u00fa a bude to treba zaplati\u0165 z n\u00e1\u0161ho rozpo\u010dtu. \u0160koda m\u00f4\u017ee by\u0165 dokonca a\u017e dvojn\u00e1sobn\u00e1 \u2013 900 mili\u00f3nov eur. Z tejto sumy sa m\u00f4\u017eu tento alebo bud\u00faci mesiac zaplati\u0165 penzie v\u0161etk\u00fdm d\u00f4chodcom:\u00a0<em>\u201eO t\u00fato sumu Slovensko zrejme pr\u00edde, ak Fico s ministrom financi\u00ed Kamenick\u00fdm nedostan\u00fa rozum a nevr\u00e1tia do rozpo\u010dtu v\u00fddavkov\u00e9 limity. A na d\u00f4chodky si bude musie\u0165 \u0161t\u00e1t znova po\u017ei\u010da\u0165. Toto sa ned\u00e1 nazva\u0165 inak ako rozpo\u010dtov\u00e1 vlastizrada,\u201c<\/em>\u00a0uzavrel Jan\u010d\u00edk.<\/p>\n\n\n\n<iframe src=\"https:\/\/www.facebook.com\/plugins\/video.php?href=https%3A%2F%2Fwww.facebook.com%2Fsmedemokrati2023%2Fvideos%2F1414444359190896%2F&#038;width=600&#038;show_text=false&#038;appId=361313990972954&#038;height=1067\" width=\"600\" height=\"1067\" style=\"border:none;overflow:hidden\" scrolling=\"no\" frameborder=\"0\" allowfullscreen=\"true\" allow=\"autoplay; clipboard-write; encrypted-media; picture-in-picture; web-share\" allowFullScreen=\"true\"><\/iframe>\n","protected":false},"excerpt":{"rendered":"<p>Deficit verejn\u00fdch financi\u00ed bol vlani 4,9 % hrub\u00e9ho dom\u00e1ceho produktu (HDP). Fin\u00e1lne \u010d\u00edslo rozpo\u010dtovej bilancie Slovenska za rok 2023, ktor\u00e9 zverejnil \u0160tatistick\u00fd \u00farad SR, je ove\u013ea ni\u017e\u0161ie ako tohtoro\u010dn\u00fd rozpo\u010det, za ktor\u00fd je u\u017e plne zodpovedn\u00e1 Ficova vl\u00e1da (cca 6 % HDP). \u0160tatistick\u00fd \u00farad z\u00e1rove\u0148 potvrdil, \u017ee eurofondy, ktor\u00e9 v Bruseli vybavil pre Slovensko e\u0161te [&hellip;]<\/p>\n","protected":false},"author":13,"featured_media":3885,"comment_status":"closed","ping_status":"closed","sticky":false,"template":"","format":"standard","meta":{"_acf_changed":false,"ngg_post_thumbnail":0,"footnotes":""},"categories":[4],"tags":[],"class_list":["post-3884","post","type-post","status-publish","format-standard","has-post-thumbnail","hentry","category-tlacove-spravy"],"acf":[],"yoast_head":"<!-- This site is optimized with the Yoast SEO plugin v27.2 - https:\/\/yoast.com\/product\/yoast-seo-wordpress\/ -->\n<title>Ficov rozpo\u010det: podvody a rozpo\u010dtov\u00e1 vlastizrada<\/title>\n<meta name=\"robots\" content=\"index, follow, max-snippet:-1, max-image-preview:large, max-video-preview:-1\" \/>\n<link rel=\"canonical\" href=\"https:\/\/www.smedemokrati.sk\/cs\/ficov-rozpocet-podvody-a-rozpoctova-vlastizrada\/\" \/>\n<meta property=\"og:locale\" content=\"cs_CZ\" \/>\n<meta property=\"og:locale:alternate\" content=\"en_US\" \/>\n<meta property=\"og:locale:alternate\" content=\"hu_HU\" \/>\n<meta property=\"og:locale:alternate\" content=\"sk_SK\" \/>\n<meta property=\"og:locale:alternate\" content=\"sv_SE\" \/>\n<meta property=\"og:type\" content=\"article\" \/>\n<meta property=\"og:title\" content=\"Ficov rozpo\u010det: podvody a rozpo\u010dtov\u00e1 vlastizrada\" \/>\n<meta property=\"og:description\" content=\"Deficit verejn\u00fdch financi\u00ed bol vlani 4,9 % hrub\u00e9ho dom\u00e1ceho produktu (HDP). Fin\u00e1lne \u010d\u00edslo rozpo\u010dtovej bilancie Slovenska za rok 2023, ktor\u00e9 zverejnil \u0160tatistick\u00fd \u00farad SR, je ove\u013ea ni\u017e\u0161ie ako tohtoro\u010dn\u00fd rozpo\u010det, za ktor\u00fd je u\u017e plne zodpovedn\u00e1 Ficova vl\u00e1da (cca 6 % HDP). \u0160tatistick\u00fd \u00farad z\u00e1rove\u0148 potvrdil, \u017ee eurofondy, ktor\u00e9 v Bruseli vybavil pre Slovensko e\u0161te [&hellip;]\" \/>\n<meta property=\"og:url\" content=\"https:\/\/www.smedemokrati.sk\/cs\/ficov-rozpocet-podvody-a-rozpoctova-vlastizrada\/\" \/>\n<meta property=\"og:site_name\" content=\"Smedemokrati.sk\" \/>\n<meta property=\"article:publisher\" content=\"https:\/\/www.facebook.com\/smedemokrati2023\" \/>\n<meta property=\"article:published_time\" content=\"2024-04-22T09:21:32+00:00\" \/>\n<meta property=\"article:modified_time\" content=\"2024-04-24T09:47:23+00:00\" \/>\n<meta property=\"og:image\" content=\"https:\/\/www.smedemokrati.sk\/wp-content\/uploads\/2024\/04\/Graf_Deficit_verejnych_financii_april_2023.jpg\" \/>\n\t<meta property=\"og:image:width\" content=\"2048\" \/>\n\t<meta property=\"og:image:height\" content=\"1300\" \/>\n\t<meta property=\"og:image:type\" content=\"image\/jpeg\" \/>\n<meta name=\"author\" content=\"miro.sopko\" \/>\n<meta name=\"twitter:card\" content=\"summary_large_image\" \/>\n<meta name=\"twitter:label1\" content=\"Napsal(a)\" \/>\n\t<meta name=\"twitter:data1\" content=\"miro.sopko\" \/>\n\t<meta name=\"twitter:label2\" content=\"Odhadovan\u00e1 doba \u010dten\u00ed\" \/>\n\t<meta name=\"twitter:data2\" content=\"4 minuty\" \/>\n<script type=\"application\/ld+json\" class=\"yoast-schema-graph\">{\"@context\":\"https:\/\/schema.org\",\"@graph\":[{\"@type\":\"Article\",\"@id\":\"https:\/\/www.smedemokrati.sk\/ficov-rozpocet-podvody-a-rozpoctova-vlastizrada\/#article\",\"isPartOf\":{\"@id\":\"https:\/\/www.smedemokrati.sk\/ficov-rozpocet-podvody-a-rozpoctova-vlastizrada\/\"},\"author\":{\"name\":\"miro.sopko\",\"@id\":\"https:\/\/www.smedemokrati.sk\/#\/schema\/person\/21f147c88d605aa7ded900e1e7c344ba\"},\"headline\":\"Ficov rozpo\u010det: podvody a rozpo\u010dtov\u00e1 vlastizrada\",\"datePublished\":\"2024-04-22T09:21:32+00:00\",\"dateModified\":\"2024-04-24T09:47:23+00:00\",\"mainEntityOfPage\":{\"@id\":\"https:\/\/www.smedemokrati.sk\/ficov-rozpocet-podvody-a-rozpoctova-vlastizrada\/\"},\"wordCount\":719,\"publisher\":{\"@id\":\"https:\/\/www.smedemokrati.sk\/#organization\"},\"image\":{\"@id\":\"https:\/\/www.smedemokrati.sk\/ficov-rozpocet-podvody-a-rozpoctova-vlastizrada\/#primaryimage\"},\"thumbnailUrl\":\"https:\/\/www.smedemokrati.sk\/wp-content\/uploads\/2024\/04\/Graf_Deficit_verejnych_financii_april_2023.jpg\",\"articleSection\":[\"Tla\u010dov\u00e9 spr\u00e1vy\"],\"inLanguage\":\"cs-CZ\"},{\"@type\":\"WebPage\",\"@id\":\"https:\/\/www.smedemokrati.sk\/ficov-rozpocet-podvody-a-rozpoctova-vlastizrada\/\",\"url\":\"https:\/\/www.smedemokrati.sk\/ficov-rozpocet-podvody-a-rozpoctova-vlastizrada\/\",\"name\":\"Ficov rozpo\u010det: podvody a rozpo\u010dtov\u00e1 vlastizrada\",\"isPartOf\":{\"@id\":\"https:\/\/www.smedemokrati.sk\/#website\"},\"primaryImageOfPage\":{\"@id\":\"https:\/\/www.smedemokrati.sk\/ficov-rozpocet-podvody-a-rozpoctova-vlastizrada\/#primaryimage\"},\"image\":{\"@id\":\"https:\/\/www.smedemokrati.sk\/ficov-rozpocet-podvody-a-rozpoctova-vlastizrada\/#primaryimage\"},\"thumbnailUrl\":\"https:\/\/www.smedemokrati.sk\/wp-content\/uploads\/2024\/04\/Graf_Deficit_verejnych_financii_april_2023.jpg\",\"datePublished\":\"2024-04-22T09:21:32+00:00\",\"dateModified\":\"2024-04-24T09:47:23+00:00\",\"breadcrumb\":{\"@id\":\"https:\/\/www.smedemokrati.sk\/ficov-rozpocet-podvody-a-rozpoctova-vlastizrada\/#breadcrumb\"},\"inLanguage\":\"cs-CZ\",\"potentialAction\":[{\"@type\":\"ReadAction\",\"target\":[\"https:\/\/www.smedemokrati.sk\/ficov-rozpocet-podvody-a-rozpoctova-vlastizrada\/\"]}]},{\"@type\":\"ImageObject\",\"inLanguage\":\"cs-CZ\",\"@id\":\"https:\/\/www.smedemokrati.sk\/ficov-rozpocet-podvody-a-rozpoctova-vlastizrada\/#primaryimage\",\"url\":\"https:\/\/www.smedemokrati.sk\/wp-content\/uploads\/2024\/04\/Graf_Deficit_verejnych_financii_april_2023.jpg\",\"contentUrl\":\"https:\/\/www.smedemokrati.sk\/wp-content\/uploads\/2024\/04\/Graf_Deficit_verejnych_financii_april_2023.jpg\",\"width\":2048,\"height\":1300},{\"@type\":\"BreadcrumbList\",\"@id\":\"https:\/\/www.smedemokrati.sk\/ficov-rozpocet-podvody-a-rozpoctova-vlastizrada\/#breadcrumb\",\"itemListElement\":[{\"@type\":\"ListItem\",\"position\":1,\"name\":\"Domovsk\u00e1 str\u00e1nka\",\"item\":\"https:\/\/www.smedemokrati.sk\/\"},{\"@type\":\"ListItem\",\"position\":2,\"name\":\"Ficov rozpo\u010det: podvody a rozpo\u010dtov\u00e1 vlastizrada\"}]},{\"@type\":\"WebSite\",\"@id\":\"https:\/\/www.smedemokrati.sk\/#website\",\"url\":\"https:\/\/www.smedemokrati.sk\/\",\"name\":\"Smedemokrati.sk\",\"description\":\"Demokracia a slu\u0161nos\u0165 zv\u00ed\u0165az\u00ed\",\"publisher\":{\"@id\":\"https:\/\/www.smedemokrati.sk\/#organization\"},\"potentialAction\":[{\"@type\":\"SearchAction\",\"target\":{\"@type\":\"EntryPoint\",\"urlTemplate\":\"https:\/\/www.smedemokrati.sk\/?s={search_term_string}\"},\"query-input\":{\"@type\":\"PropertyValueSpecification\",\"valueRequired\":true,\"valueName\":\"search_term_string\"}}],\"inLanguage\":\"cs-CZ\"},{\"@type\":\"Organization\",\"@id\":\"https:\/\/www.smedemokrati.sk\/#organization\",\"name\":\"Smedemokrati.sk\",\"url\":\"https:\/\/www.smedemokrati.sk\/\",\"logo\":{\"@type\":\"ImageObject\",\"inLanguage\":\"cs-CZ\",\"@id\":\"https:\/\/www.smedemokrati.sk\/#\/schema\/logo\/image\/\",\"url\":\"https:\/\/www.smedemokrati.sk\/wp-content\/uploads\/2023\/04\/ff.002.jpeg\",\"contentUrl\":\"https:\/\/www.smedemokrati.sk\/wp-content\/uploads\/2023\/04\/ff.002.jpeg\",\"width\":640,\"height\":480,\"caption\":\"Smedemokrati.sk\"},\"image\":{\"@id\":\"https:\/\/www.smedemokrati.sk\/#\/schema\/logo\/image\/\"},\"sameAs\":[\"https:\/\/www.facebook.com\/smedemokrati2023\"]},{\"@type\":\"Person\",\"@id\":\"https:\/\/www.smedemokrati.sk\/#\/schema\/person\/21f147c88d605aa7ded900e1e7c344ba\",\"name\":\"miro.sopko\",\"image\":{\"@type\":\"ImageObject\",\"inLanguage\":\"cs-CZ\",\"@id\":\"https:\/\/secure.gravatar.com\/avatar\/267e4a36f704376c109afe3a78740c1f5dd8675a2180a908699e7863c9247606?s=96&d=mm&r=g\",\"url\":\"https:\/\/secure.gravatar.com\/avatar\/267e4a36f704376c109afe3a78740c1f5dd8675a2180a908699e7863c9247606?s=96&d=mm&r=g\",\"contentUrl\":\"https:\/\/secure.gravatar.com\/avatar\/267e4a36f704376c109afe3a78740c1f5dd8675a2180a908699e7863c9247606?s=96&d=mm&r=g\",\"caption\":\"miro.sopko\"},\"url\":\"https:\/\/www.smedemokrati.sk\/cs\/author\/miro-sopko\/\"}]}<\/script>\n<!-- \/ Yoast SEO plugin. -->","yoast_head_json":{"title":"Ficov rozpo\u010det: podvody a rozpo\u010dtov\u00e1 vlastizrada","robots":{"index":"index","follow":"follow","max-snippet":"max-snippet:-1","max-image-preview":"max-image-preview:large","max-video-preview":"max-video-preview:-1"},"canonical":"https:\/\/www.smedemokrati.sk\/cs\/ficov-rozpocet-podvody-a-rozpoctova-vlastizrada\/","og_locale":"cs_CZ","og_type":"article","og_title":"[:sk]Ficov rozpo\u010det: podvody a rozpo\u010dtov\u00e1 vlastizrada[:] - Smedemokrati.sk","og_description":"Deficit verejn\u00fdch financi\u00ed bol vlani 4,9 % hrub\u00e9ho dom\u00e1ceho produktu (HDP). Fin\u00e1lne \u010d\u00edslo rozpo\u010dtovej bilancie Slovenska za rok 2023, ktor\u00e9 zverejnil \u0160tatistick\u00fd \u00farad SR, je ove\u013ea ni\u017e\u0161ie ako tohtoro\u010dn\u00fd rozpo\u010det, za ktor\u00fd je u\u017e plne zodpovedn\u00e1 Ficova vl\u00e1da (cca 6 % HDP). \u0160tatistick\u00fd \u00farad z\u00e1rove\u0148 potvrdil, \u017ee eurofondy, ktor\u00e9 v Bruseli vybavil pre Slovensko e\u0161te [&hellip;]","og_url":"https:\/\/www.smedemokrati.sk\/cs\/ficov-rozpocet-podvody-a-rozpoctova-vlastizrada\/","og_site_name":"Smedemokrati.sk","article_publisher":"https:\/\/www.facebook.com\/smedemokrati2023","article_published_time":"2024-04-22T09:21:32+00:00","article_modified_time":"2024-04-24T09:47:23+00:00","og_image":[{"width":2048,"height":1300,"url":"https:\/\/www.smedemokrati.sk\/wp-content\/uploads\/2024\/04\/Graf_Deficit_verejnych_financii_april_2023.jpg","type":"image\/jpeg"}],"author":"miro.sopko","twitter_card":"summary_large_image","twitter_misc":{"Napsal(a)":"miro.sopko","Odhadovan\u00e1 doba \u010dten\u00ed":"4 minuty"},"schema":{"@context":"https:\/\/schema.org","@graph":[{"@type":"Article","@id":"https:\/\/www.smedemokrati.sk\/ficov-rozpocet-podvody-a-rozpoctova-vlastizrada\/#article","isPartOf":{"@id":"https:\/\/www.smedemokrati.sk\/ficov-rozpocet-podvody-a-rozpoctova-vlastizrada\/"},"author":{"name":"miro.sopko","@id":"https:\/\/www.smedemokrati.sk\/#\/schema\/person\/21f147c88d605aa7ded900e1e7c344ba"},"headline":"Ficov rozpo\u010det: podvody a rozpo\u010dtov\u00e1 vlastizrada","datePublished":"2024-04-22T09:21:32+00:00","dateModified":"2024-04-24T09:47:23+00:00","mainEntityOfPage":{"@id":"https:\/\/www.smedemokrati.sk\/ficov-rozpocet-podvody-a-rozpoctova-vlastizrada\/"},"wordCount":719,"publisher":{"@id":"https:\/\/www.smedemokrati.sk\/#organization"},"image":{"@id":"https:\/\/www.smedemokrati.sk\/ficov-rozpocet-podvody-a-rozpoctova-vlastizrada\/#primaryimage"},"thumbnailUrl":"https:\/\/www.smedemokrati.sk\/wp-content\/uploads\/2024\/04\/Graf_Deficit_verejnych_financii_april_2023.jpg","articleSection":["Tla\u010dov\u00e9 spr\u00e1vy"],"inLanguage":"cs-CZ"},{"@type":"WebPage","@id":"https:\/\/www.smedemokrati.sk\/ficov-rozpocet-podvody-a-rozpoctova-vlastizrada\/","url":"https:\/\/www.smedemokrati.sk\/ficov-rozpocet-podvody-a-rozpoctova-vlastizrada\/","name":"Ficov rozpo\u010det: podvody a rozpo\u010dtov\u00e1 vlastizrada","isPartOf":{"@id":"https:\/\/www.smedemokrati.sk\/#website"},"primaryImageOfPage":{"@id":"https:\/\/www.smedemokrati.sk\/ficov-rozpocet-podvody-a-rozpoctova-vlastizrada\/#primaryimage"},"image":{"@id":"https:\/\/www.smedemokrati.sk\/ficov-rozpocet-podvody-a-rozpoctova-vlastizrada\/#primaryimage"},"thumbnailUrl":"https:\/\/www.smedemokrati.sk\/wp-content\/uploads\/2024\/04\/Graf_Deficit_verejnych_financii_april_2023.jpg","datePublished":"2024-04-22T09:21:32+00:00","dateModified":"2024-04-24T09:47:23+00:00","breadcrumb":{"@id":"https:\/\/www.smedemokrati.sk\/ficov-rozpocet-podvody-a-rozpoctova-vlastizrada\/#breadcrumb"},"inLanguage":"cs-CZ","potentialAction":[{"@type":"ReadAction","target":["https:\/\/www.smedemokrati.sk\/ficov-rozpocet-podvody-a-rozpoctova-vlastizrada\/"]}]},{"@type":"ImageObject","inLanguage":"cs-CZ","@id":"https:\/\/www.smedemokrati.sk\/ficov-rozpocet-podvody-a-rozpoctova-vlastizrada\/#primaryimage","url":"https:\/\/www.smedemokrati.sk\/wp-content\/uploads\/2024\/04\/Graf_Deficit_verejnych_financii_april_2023.jpg","contentUrl":"https:\/\/www.smedemokrati.sk\/wp-content\/uploads\/2024\/04\/Graf_Deficit_verejnych_financii_april_2023.jpg","width":2048,"height":1300},{"@type":"BreadcrumbList","@id":"https:\/\/www.smedemokrati.sk\/ficov-rozpocet-podvody-a-rozpoctova-vlastizrada\/#breadcrumb","itemListElement":[{"@type":"ListItem","position":1,"name":"Domovsk\u00e1 str\u00e1nka","item":"https:\/\/www.smedemokrati.sk\/"},{"@type":"ListItem","position":2,"name":"Ficov rozpo\u010det: podvody a rozpo\u010dtov\u00e1 vlastizrada"}]},{"@type":"WebSite","@id":"https:\/\/www.smedemokrati.sk\/#website","url":"https:\/\/www.smedemokrati.sk\/","name":"Smedemokrati.sk","description":"Demokracia a slu\u0161nos\u0165 zv\u00ed\u0165az\u00ed","publisher":{"@id":"https:\/\/www.smedemokrati.sk\/#organization"},"potentialAction":[{"@type":"SearchAction","target":{"@type":"EntryPoint","urlTemplate":"https:\/\/www.smedemokrati.sk\/?s={search_term_string}"},"query-input":{"@type":"PropertyValueSpecification","valueRequired":true,"valueName":"search_term_string"}}],"inLanguage":"cs-CZ"},{"@type":"Organization","@id":"https:\/\/www.smedemokrati.sk\/#organization","name":"Smedemokrati.sk","url":"https:\/\/www.smedemokrati.sk\/","logo":{"@type":"ImageObject","inLanguage":"cs-CZ","@id":"https:\/\/www.smedemokrati.sk\/#\/schema\/logo\/image\/","url":"https:\/\/www.smedemokrati.sk\/wp-content\/uploads\/2023\/04\/ff.002.jpeg","contentUrl":"https:\/\/www.smedemokrati.sk\/wp-content\/uploads\/2023\/04\/ff.002.jpeg","width":640,"height":480,"caption":"Smedemokrati.sk"},"image":{"@id":"https:\/\/www.smedemokrati.sk\/#\/schema\/logo\/image\/"},"sameAs":["https:\/\/www.facebook.com\/smedemokrati2023"]},{"@type":"Person","@id":"https:\/\/www.smedemokrati.sk\/#\/schema\/person\/21f147c88d605aa7ded900e1e7c344ba","name":"miro.sopko","image":{"@type":"ImageObject","inLanguage":"cs-CZ","@id":"https:\/\/secure.gravatar.com\/avatar\/267e4a36f704376c109afe3a78740c1f5dd8675a2180a908699e7863c9247606?s=96&d=mm&r=g","url":"https:\/\/secure.gravatar.com\/avatar\/267e4a36f704376c109afe3a78740c1f5dd8675a2180a908699e7863c9247606?s=96&d=mm&r=g","contentUrl":"https:\/\/secure.gravatar.com\/avatar\/267e4a36f704376c109afe3a78740c1f5dd8675a2180a908699e7863c9247606?s=96&d=mm&r=g","caption":"miro.sopko"},"url":"https:\/\/www.smedemokrati.sk\/cs\/author\/miro-sopko\/"}]}},"_links":{"self":[{"href":"https:\/\/www.smedemokrati.sk\/cs\/wp-json\/wp\/v2\/posts\/3884","targetHints":{"allow":["GET"]}}],"collection":[{"href":"https:\/\/www.smedemokrati.sk\/cs\/wp-json\/wp\/v2\/posts"}],"about":[{"href":"https:\/\/www.smedemokrati.sk\/cs\/wp-json\/wp\/v2\/types\/post"}],"author":[{"embeddable":true,"href":"https:\/\/www.smedemokrati.sk\/cs\/wp-json\/wp\/v2\/users\/13"}],"replies":[{"embeddable":true,"href":"https:\/\/www.smedemokrati.sk\/cs\/wp-json\/wp\/v2\/comments?post=3884"}],"version-history":[{"count":3,"href":"https:\/\/www.smedemokrati.sk\/cs\/wp-json\/wp\/v2\/posts\/3884\/revisions"}],"predecessor-version":[{"id":3944,"href":"https:\/\/www.smedemokrati.sk\/cs\/wp-json\/wp\/v2\/posts\/3884\/revisions\/3944"}],"wp:featuredmedia":[{"embeddable":true,"href":"https:\/\/www.smedemokrati.sk\/cs\/wp-json\/wp\/v2\/media\/3885"}],"wp:attachment":[{"href":"https:\/\/www.smedemokrati.sk\/cs\/wp-json\/wp\/v2\/media?parent=3884"}],"wp:term":[{"taxonomy":"category","embeddable":true,"href":"https:\/\/www.smedemokrati.sk\/cs\/wp-json\/wp\/v2\/categories?post=3884"},{"taxonomy":"post_tag","embeddable":true,"href":"https:\/\/www.smedemokrati.sk\/cs\/wp-json\/wp\/v2\/tags?post=3884"}],"curies":[{"name":"wp","href":"https:\/\/api.w.org\/{rel}","templated":true}]}}