{"id":3822,"date":"2024-04-16T13:13:00","date_gmt":"2024-04-16T12:13:00","guid":{"rendered":"https:\/\/www.smedemokrati.sk\/?p=3822"},"modified":"2024-04-22T10:25:16","modified_gmt":"2024-04-22T09:25:16","slug":"demokrati-biju-na-poplach-situacia-je-vazna-navrh-pre-opoziciu-a-prezidentku-z-caputovu","status":"publish","type":"post","link":"https:\/\/www.smedemokrati.sk\/cs\/demokrati-biju-na-poplach-situacia-je-vazna-navrh-pre-opoziciu-a-prezidentku-z-caputovu\/","title":{"rendered":"Demokrati bij\u00fa na poplach, situ\u00e1cia je v\u00e1\u017ena. N\u00e1vrh pre opoz\u00edciu a prezidentku Z. \u010caputov\u00fa"},"content":{"rendered":"<div id=\"fb-root\"><\/div>\n\n<p><strong>Situ\u00e1cia s rizikom zastavenie pe\u0148az\u00ed z Eur\u00f3pskej \u00fanie (eurofondy, Pl\u00e1n obnovy) je v\u00e1\u017ena, preto by sa parlamentn\u00e1 opoz\u00edcia mala presta\u0165 dohadova\u0165 <em><em>\u201e<\/em><\/em>kto komu \u010do podp\u00ed\u0161e\u201d a <em><em>\u201e<\/em><\/em>kto sa s k\u00fdm kamar\u00e1ti\u201d a mala by zvola\u0165 mimoriadnu sch\u00f4dzu N\u00e1rodnej rady Slovenskej republiky.\u00a0<\/strong><\/p>\n\n\n\n<p><em><em><em>\u201e<\/em><\/em>Robert Fico odmieta odpoveda\u0165 na ot\u00e1zky, ak\u00e9 kroky podnikne vl\u00e1da Slovenskej republiky, aby sme nepri\u0161li o peniaze z E\u00da. Parlamentn\u00e1 opoz\u00edcia by mala kona\u0165, preto m\u00e1me pre \u0148u n\u00e1vrh, aby zvolala mimoriadnu sch\u00f4dzu N\u00e1rodnej rady Slovenskej republiky s jedin\u00fdm bodom programu &#8211; ot\u00e1zka ohrozenia finan\u010dn\u00fdch prostriedkov z E\u00da. Mimoriadnu sch\u00f4dzu nem\u00f4\u017ee ignorova\u0165 ani vl\u00e1dna koal\u00edcia, hoc by nepodporila jej otvorenie, mus\u00ed vysvet\u013eova\u0165, pre\u010do riskuje to, \u017ee Slovensko pr\u00edde o peniaze z E\u00da.\u00a0<\/em><\/p>\n\n\n\n<p><em>S\u00fa to stovky a stovky mili\u00f3nov eur, na z\u00e1klade ktor\u00fdch sa opravuj\u00fa \u0161k\u00f4lky, \u0161koly, nemocnice, modernizuj\u00fa \u017eeleznice alebo zlep\u0161uje cel\u00e1 infra\u0161trukt\u00fara \u0161t\u00e1tu,\u201d<\/em>&nbsp;povedal Jaroslav Na\u010f, predseda strany Demokrati.<\/p>\n\n\n\n<p>Rovnako strana Demokrati navrhuje a apeluje aj na prezidentku SR Zuzanu \u010caputov\u00fa, aby vyst\u00fapila v N\u00e1rodnej rade Slovenskej republiky, aby aj ona v\u00e1hou svojho \u00faradu upriamila pozornos\u0165 na t\u00fato mimoriadne z\u00e1va\u017en\u00fa t\u00e9mu, ktor\u00e1 sa dot\u00fdka ka\u017ed\u00e9ho jedn\u00e9ho \u010dloveka na Slovensku.&nbsp;<\/p>\n\n\n\n<p><em><em>\u201e<\/em>Robert Fico sa sna\u017e\u00ed n\u00e1js\u0165 vinn\u00edka kdeko\u013evek, miesto toho, aby si priznal vlastn\u00fa zodpovednos\u0165. On a jeho vl\u00e1da zru\u0161ili \u00darad \u0161peci\u00e1lnej prokurat\u00fary, on a jeho vl\u00e1da chc\u00fa normalizova\u0165 a cenzurova\u0165 RTVS, on a jeho vl\u00e1da fakticky zru\u0161ili NAKA, on a jeho vl\u00e1da \u00fato\u010dia na sudcov, vy\u0161etrovate\u013eov a prokur\u00e1torov. Nie opoz\u00edcia, nie ob\u010dania, nie novin\u00e1ri, nie mimovl\u00e1dne organiz\u00e1cie, ale vl\u00e1da a predseda vl\u00e1dy Fico je zodpovedn\u00fd za to, \u010di Slovensko pr\u00edde alebo nepr\u00edde o eur\u00f3pskej peniaze. Premi\u00e9r Fico dlhodobo ignoruje legit\u00edmne ot\u00e1zky verejnosti, pr\u00e1ve preto pova\u017eujeme mimoriadnu sch\u00f4dzu parlamentu a mimoriadne vyst\u00fapenie prezidentky \u010caputovej k tejto t\u00e9me za vhodn\u00fd n\u00e1stroj ako upriami\u0165 pozornos\u0165 na t\u00fato t\u00e9mu a najm\u00e4 po\u017eadova\u0165 od vl\u00e1dy konkr\u00e9tne rie\u0161enia a konkr\u00e9tne odpovede na legit\u00edmne ot\u00e1zky,\u201d<\/em>\u00a0povedal Juraj \u0160eliga, podpredseda strany Demokrati.<\/p>\n\n\n\n<iframe src=\"https:\/\/www.facebook.com\/plugins\/video.php?href=https%3A%2F%2Fwww.facebook.com%2Fsmedemokrati2023%2Fvideos%2F3290538857907077%2F&#038;width=600&#038;show_text=false&#038;appId=361313990972954&#038;height=1067\" width=\"600\" height=\"1067\" style=\"border:none;overflow:hidden\" scrolling=\"no\" frameborder=\"0\" allowfullscreen=\"true\" allow=\"autoplay; clipboard-write; encrypted-media; picture-in-picture; web-share\" allowFullScreen=\"true\"><\/iframe>\n","protected":false},"excerpt":{"rendered":"<p>Situ\u00e1cia s rizikom zastavenie pe\u0148az\u00ed z Eur\u00f3pskej \u00fanie (eurofondy, Pl\u00e1n obnovy) je v\u00e1\u017ena, preto by sa parlamentn\u00e1 opoz\u00edcia mala presta\u0165 dohadova\u0165 \u201ekto komu \u010do podp\u00ed\u0161e\u201d a \u201ekto sa s k\u00fdm kamar\u00e1ti\u201d a mala by zvola\u0165 mimoriadnu sch\u00f4dzu N\u00e1rodnej rady Slovenskej republiky.\u00a0 \u201eRobert Fico odmieta odpoveda\u0165 na ot\u00e1zky, ak\u00e9 kroky podnikne vl\u00e1da Slovenskej republiky, aby sme [&hellip;]<\/p>\n","protected":false},"author":13,"featured_media":3826,"comment_status":"closed","ping_status":"closed","sticky":false,"template":"","format":"standard","meta":{"_acf_changed":false,"ngg_post_thumbnail":0,"footnotes":""},"categories":[4],"tags":[],"class_list":["post-3822","post","type-post","status-publish","format-standard","has-post-thumbnail","hentry","category-tlacove-spravy"],"acf":[],"yoast_head":"<!-- This site is optimized with the Yoast SEO plugin v27.2 - https:\/\/yoast.com\/product\/yoast-seo-wordpress\/ -->\n<title>Demokrati bij\u00fa na poplach, situ\u00e1cia je v\u00e1\u017ena. N\u00e1vrh pre opoz\u00edciu a prezidentku Z. \u010caputov\u00fa - Smedemokrati.sk<\/title>\n<meta name=\"robots\" content=\"index, follow, max-snippet:-1, max-image-preview:large, max-video-preview:-1\" \/>\n<link rel=\"canonical\" href=\"https:\/\/www.smedemokrati.sk\/cs\/demokrati-biju-na-poplach-situacia-je-vazna-navrh-pre-opoziciu-a-prezidentku-z-caputovu\/\" \/>\n<meta property=\"og:locale\" content=\"cs_CZ\" \/>\n<meta property=\"og:locale:alternate\" content=\"en_US\" \/>\n<meta property=\"og:locale:alternate\" content=\"hu_HU\" \/>\n<meta property=\"og:locale:alternate\" content=\"sk_SK\" \/>\n<meta property=\"og:locale:alternate\" content=\"sv_SE\" \/>\n<meta property=\"og:type\" content=\"article\" \/>\n<meta property=\"og:title\" content=\"Demokrati bij\u00fa na poplach, situ\u00e1cia je v\u00e1\u017ena. N\u00e1vrh pre opoz\u00edciu a prezidentku Z. \u010caputov\u00fa - Smedemokrati.sk\" \/>\n<meta property=\"og:description\" content=\"Situ\u00e1cia s rizikom zastavenie pe\u0148az\u00ed z Eur\u00f3pskej \u00fanie (eurofondy, Pl\u00e1n obnovy) je v\u00e1\u017ena, preto by sa parlamentn\u00e1 opoz\u00edcia mala presta\u0165 dohadova\u0165 \u201ekto komu \u010do podp\u00ed\u0161e\u201d a \u201ekto sa s k\u00fdm kamar\u00e1ti\u201d a mala by zvola\u0165 mimoriadnu sch\u00f4dzu N\u00e1rodnej rady Slovenskej republiky.\u00a0 \u201eRobert Fico odmieta odpoveda\u0165 na ot\u00e1zky, ak\u00e9 kroky podnikne vl\u00e1da Slovenskej republiky, aby sme [&hellip;]\" \/>\n<meta property=\"og:url\" content=\"https:\/\/www.smedemokrati.sk\/cs\/demokrati-biju-na-poplach-situacia-je-vazna-navrh-pre-opoziciu-a-prezidentku-z-caputovu\/\" \/>\n<meta property=\"og:site_name\" content=\"Smedemokrati.sk\" \/>\n<meta property=\"article:publisher\" content=\"https:\/\/www.facebook.com\/smedemokrati2023\" \/>\n<meta property=\"article:published_time\" content=\"2024-04-16T12:13:00+00:00\" \/>\n<meta property=\"article:modified_time\" content=\"2024-04-22T09:25:16+00:00\" \/>\n<meta property=\"og:image\" content=\"https:\/\/www.smedemokrati.sk\/wp-content\/uploads\/2024\/04\/NR-SR.jpg\" \/>\n\t<meta property=\"og:image:width\" content=\"800\" \/>\n\t<meta property=\"og:image:height\" content=\"561\" \/>\n\t<meta property=\"og:image:type\" content=\"image\/jpeg\" \/>\n<meta name=\"author\" content=\"miro.sopko\" \/>\n<meta name=\"twitter:card\" content=\"summary_large_image\" \/>\n<meta name=\"twitter:label1\" content=\"Napsal(a)\" \/>\n\t<meta name=\"twitter:data1\" content=\"miro.sopko\" \/>\n\t<meta name=\"twitter:label2\" content=\"Odhadovan\u00e1 doba \u010dten\u00ed\" \/>\n\t<meta name=\"twitter:data2\" content=\"2 minuty\" \/>\n<script type=\"application\/ld+json\" class=\"yoast-schema-graph\">{\"@context\":\"https:\/\/schema.org\",\"@graph\":[{\"@type\":\"Article\",\"@id\":\"https:\/\/www.smedemokrati.sk\/demokrati-biju-na-poplach-situacia-je-vazna-navrh-pre-opoziciu-a-prezidentku-z-caputovu\/#article\",\"isPartOf\":{\"@id\":\"https:\/\/www.smedemokrati.sk\/demokrati-biju-na-poplach-situacia-je-vazna-navrh-pre-opoziciu-a-prezidentku-z-caputovu\/\"},\"author\":{\"name\":\"miro.sopko\",\"@id\":\"https:\/\/www.smedemokrati.sk\/#\/schema\/person\/21f147c88d605aa7ded900e1e7c344ba\"},\"headline\":\"Demokrati bij\u00fa na poplach, situ\u00e1cia je v\u00e1\u017ena. N\u00e1vrh pre opoz\u00edciu a prezidentku Z. \u010caputov\u00fa\",\"datePublished\":\"2024-04-16T12:13:00+00:00\",\"dateModified\":\"2024-04-22T09:25:16+00:00\",\"mainEntityOfPage\":{\"@id\":\"https:\/\/www.smedemokrati.sk\/demokrati-biju-na-poplach-situacia-je-vazna-navrh-pre-opoziciu-a-prezidentku-z-caputovu\/\"},\"wordCount\":417,\"publisher\":{\"@id\":\"https:\/\/www.smedemokrati.sk\/#organization\"},\"image\":{\"@id\":\"https:\/\/www.smedemokrati.sk\/demokrati-biju-na-poplach-situacia-je-vazna-navrh-pre-opoziciu-a-prezidentku-z-caputovu\/#primaryimage\"},\"thumbnailUrl\":\"https:\/\/www.smedemokrati.sk\/wp-content\/uploads\/2024\/04\/NR-SR.jpg\",\"articleSection\":[\"Tla\u010dov\u00e9 spr\u00e1vy\"],\"inLanguage\":\"cs-CZ\"},{\"@type\":\"WebPage\",\"@id\":\"https:\/\/www.smedemokrati.sk\/demokrati-biju-na-poplach-situacia-je-vazna-navrh-pre-opoziciu-a-prezidentku-z-caputovu\/\",\"url\":\"https:\/\/www.smedemokrati.sk\/demokrati-biju-na-poplach-situacia-je-vazna-navrh-pre-opoziciu-a-prezidentku-z-caputovu\/\",\"name\":\"Demokrati bij\u00fa na poplach, situ\u00e1cia je v\u00e1\u017ena. N\u00e1vrh pre opoz\u00edciu a prezidentku Z. \u010caputov\u00fa - Smedemokrati.sk\",\"isPartOf\":{\"@id\":\"https:\/\/www.smedemokrati.sk\/#website\"},\"primaryImageOfPage\":{\"@id\":\"https:\/\/www.smedemokrati.sk\/demokrati-biju-na-poplach-situacia-je-vazna-navrh-pre-opoziciu-a-prezidentku-z-caputovu\/#primaryimage\"},\"image\":{\"@id\":\"https:\/\/www.smedemokrati.sk\/demokrati-biju-na-poplach-situacia-je-vazna-navrh-pre-opoziciu-a-prezidentku-z-caputovu\/#primaryimage\"},\"thumbnailUrl\":\"https:\/\/www.smedemokrati.sk\/wp-content\/uploads\/2024\/04\/NR-SR.jpg\",\"datePublished\":\"2024-04-16T12:13:00+00:00\",\"dateModified\":\"2024-04-22T09:25:16+00:00\",\"breadcrumb\":{\"@id\":\"https:\/\/www.smedemokrati.sk\/demokrati-biju-na-poplach-situacia-je-vazna-navrh-pre-opoziciu-a-prezidentku-z-caputovu\/#breadcrumb\"},\"inLanguage\":\"cs-CZ\",\"potentialAction\":[{\"@type\":\"ReadAction\",\"target\":[\"https:\/\/www.smedemokrati.sk\/demokrati-biju-na-poplach-situacia-je-vazna-navrh-pre-opoziciu-a-prezidentku-z-caputovu\/\"]}]},{\"@type\":\"ImageObject\",\"inLanguage\":\"cs-CZ\",\"@id\":\"https:\/\/www.smedemokrati.sk\/demokrati-biju-na-poplach-situacia-je-vazna-navrh-pre-opoziciu-a-prezidentku-z-caputovu\/#primaryimage\",\"url\":\"https:\/\/www.smedemokrati.sk\/wp-content\/uploads\/2024\/04\/NR-SR.jpg\",\"contentUrl\":\"https:\/\/www.smedemokrati.sk\/wp-content\/uploads\/2024\/04\/NR-SR.jpg\",\"width\":800,\"height\":561},{\"@type\":\"BreadcrumbList\",\"@id\":\"https:\/\/www.smedemokrati.sk\/demokrati-biju-na-poplach-situacia-je-vazna-navrh-pre-opoziciu-a-prezidentku-z-caputovu\/#breadcrumb\",\"itemListElement\":[{\"@type\":\"ListItem\",\"position\":1,\"name\":\"Domovsk\u00e1 str\u00e1nka\",\"item\":\"https:\/\/www.smedemokrati.sk\/\"},{\"@type\":\"ListItem\",\"position\":2,\"name\":\"Demokrati bij\u00fa na poplach, situ\u00e1cia je v\u00e1\u017ena. N\u00e1vrh pre opoz\u00edciu a prezidentku Z. \u010caputov\u00fa\"}]},{\"@type\":\"WebSite\",\"@id\":\"https:\/\/www.smedemokrati.sk\/#website\",\"url\":\"https:\/\/www.smedemokrati.sk\/\",\"name\":\"Smedemokrati.sk\",\"description\":\"Demokracia a slu\u0161nos\u0165 zv\u00ed\u0165az\u00ed\",\"publisher\":{\"@id\":\"https:\/\/www.smedemokrati.sk\/#organization\"},\"potentialAction\":[{\"@type\":\"SearchAction\",\"target\":{\"@type\":\"EntryPoint\",\"urlTemplate\":\"https:\/\/www.smedemokrati.sk\/?s={search_term_string}\"},\"query-input\":{\"@type\":\"PropertyValueSpecification\",\"valueRequired\":true,\"valueName\":\"search_term_string\"}}],\"inLanguage\":\"cs-CZ\"},{\"@type\":\"Organization\",\"@id\":\"https:\/\/www.smedemokrati.sk\/#organization\",\"name\":\"Smedemokrati.sk\",\"url\":\"https:\/\/www.smedemokrati.sk\/\",\"logo\":{\"@type\":\"ImageObject\",\"inLanguage\":\"cs-CZ\",\"@id\":\"https:\/\/www.smedemokrati.sk\/#\/schema\/logo\/image\/\",\"url\":\"https:\/\/www.smedemokrati.sk\/wp-content\/uploads\/2023\/04\/ff.002.jpeg\",\"contentUrl\":\"https:\/\/www.smedemokrati.sk\/wp-content\/uploads\/2023\/04\/ff.002.jpeg\",\"width\":640,\"height\":480,\"caption\":\"Smedemokrati.sk\"},\"image\":{\"@id\":\"https:\/\/www.smedemokrati.sk\/#\/schema\/logo\/image\/\"},\"sameAs\":[\"https:\/\/www.facebook.com\/smedemokrati2023\"]},{\"@type\":\"Person\",\"@id\":\"https:\/\/www.smedemokrati.sk\/#\/schema\/person\/21f147c88d605aa7ded900e1e7c344ba\",\"name\":\"miro.sopko\",\"image\":{\"@type\":\"ImageObject\",\"inLanguage\":\"cs-CZ\",\"@id\":\"https:\/\/secure.gravatar.com\/avatar\/267e4a36f704376c109afe3a78740c1f5dd8675a2180a908699e7863c9247606?s=96&d=mm&r=g\",\"url\":\"https:\/\/secure.gravatar.com\/avatar\/267e4a36f704376c109afe3a78740c1f5dd8675a2180a908699e7863c9247606?s=96&d=mm&r=g\",\"contentUrl\":\"https:\/\/secure.gravatar.com\/avatar\/267e4a36f704376c109afe3a78740c1f5dd8675a2180a908699e7863c9247606?s=96&d=mm&r=g\",\"caption\":\"miro.sopko\"},\"url\":\"https:\/\/www.smedemokrati.sk\/cs\/author\/miro-sopko\/\"}]}<\/script>\n<!-- \/ Yoast SEO plugin. -->","yoast_head_json":{"title":"Demokrati bij\u00fa na poplach, situ\u00e1cia je v\u00e1\u017ena. N\u00e1vrh pre opoz\u00edciu a prezidentku Z. \u010caputov\u00fa - Smedemokrati.sk","robots":{"index":"index","follow":"follow","max-snippet":"max-snippet:-1","max-image-preview":"max-image-preview:large","max-video-preview":"max-video-preview:-1"},"canonical":"https:\/\/www.smedemokrati.sk\/cs\/demokrati-biju-na-poplach-situacia-je-vazna-navrh-pre-opoziciu-a-prezidentku-z-caputovu\/","og_locale":"cs_CZ","og_type":"article","og_title":"Demokrati bij\u00fa na poplach, situ\u00e1cia je v\u00e1\u017ena. N\u00e1vrh pre opoz\u00edciu a prezidentku Z. \u010caputov\u00fa - Smedemokrati.sk","og_description":"Situ\u00e1cia s rizikom zastavenie pe\u0148az\u00ed z Eur\u00f3pskej \u00fanie (eurofondy, Pl\u00e1n obnovy) je v\u00e1\u017ena, preto by sa parlamentn\u00e1 opoz\u00edcia mala presta\u0165 dohadova\u0165 \u201ekto komu \u010do podp\u00ed\u0161e\u201d a \u201ekto sa s k\u00fdm kamar\u00e1ti\u201d a mala by zvola\u0165 mimoriadnu sch\u00f4dzu N\u00e1rodnej rady Slovenskej republiky.\u00a0 \u201eRobert Fico odmieta odpoveda\u0165 na ot\u00e1zky, ak\u00e9 kroky podnikne vl\u00e1da Slovenskej republiky, aby sme [&hellip;]","og_url":"https:\/\/www.smedemokrati.sk\/cs\/demokrati-biju-na-poplach-situacia-je-vazna-navrh-pre-opoziciu-a-prezidentku-z-caputovu\/","og_site_name":"Smedemokrati.sk","article_publisher":"https:\/\/www.facebook.com\/smedemokrati2023","article_published_time":"2024-04-16T12:13:00+00:00","article_modified_time":"2024-04-22T09:25:16+00:00","og_image":[{"width":800,"height":561,"url":"https:\/\/www.smedemokrati.sk\/wp-content\/uploads\/2024\/04\/NR-SR.jpg","type":"image\/jpeg"}],"author":"miro.sopko","twitter_card":"summary_large_image","twitter_misc":{"Napsal(a)":"miro.sopko","Odhadovan\u00e1 doba \u010dten\u00ed":"2 minuty"},"schema":{"@context":"https:\/\/schema.org","@graph":[{"@type":"Article","@id":"https:\/\/www.smedemokrati.sk\/demokrati-biju-na-poplach-situacia-je-vazna-navrh-pre-opoziciu-a-prezidentku-z-caputovu\/#article","isPartOf":{"@id":"https:\/\/www.smedemokrati.sk\/demokrati-biju-na-poplach-situacia-je-vazna-navrh-pre-opoziciu-a-prezidentku-z-caputovu\/"},"author":{"name":"miro.sopko","@id":"https:\/\/www.smedemokrati.sk\/#\/schema\/person\/21f147c88d605aa7ded900e1e7c344ba"},"headline":"Demokrati bij\u00fa na poplach, situ\u00e1cia je v\u00e1\u017ena. N\u00e1vrh pre opoz\u00edciu a prezidentku Z. \u010caputov\u00fa","datePublished":"2024-04-16T12:13:00+00:00","dateModified":"2024-04-22T09:25:16+00:00","mainEntityOfPage":{"@id":"https:\/\/www.smedemokrati.sk\/demokrati-biju-na-poplach-situacia-je-vazna-navrh-pre-opoziciu-a-prezidentku-z-caputovu\/"},"wordCount":417,"publisher":{"@id":"https:\/\/www.smedemokrati.sk\/#organization"},"image":{"@id":"https:\/\/www.smedemokrati.sk\/demokrati-biju-na-poplach-situacia-je-vazna-navrh-pre-opoziciu-a-prezidentku-z-caputovu\/#primaryimage"},"thumbnailUrl":"https:\/\/www.smedemokrati.sk\/wp-content\/uploads\/2024\/04\/NR-SR.jpg","articleSection":["Tla\u010dov\u00e9 spr\u00e1vy"],"inLanguage":"cs-CZ"},{"@type":"WebPage","@id":"https:\/\/www.smedemokrati.sk\/demokrati-biju-na-poplach-situacia-je-vazna-navrh-pre-opoziciu-a-prezidentku-z-caputovu\/","url":"https:\/\/www.smedemokrati.sk\/demokrati-biju-na-poplach-situacia-je-vazna-navrh-pre-opoziciu-a-prezidentku-z-caputovu\/","name":"Demokrati bij\u00fa na poplach, situ\u00e1cia je v\u00e1\u017ena. N\u00e1vrh pre opoz\u00edciu a prezidentku Z. \u010caputov\u00fa - Smedemokrati.sk","isPartOf":{"@id":"https:\/\/www.smedemokrati.sk\/#website"},"primaryImageOfPage":{"@id":"https:\/\/www.smedemokrati.sk\/demokrati-biju-na-poplach-situacia-je-vazna-navrh-pre-opoziciu-a-prezidentku-z-caputovu\/#primaryimage"},"image":{"@id":"https:\/\/www.smedemokrati.sk\/demokrati-biju-na-poplach-situacia-je-vazna-navrh-pre-opoziciu-a-prezidentku-z-caputovu\/#primaryimage"},"thumbnailUrl":"https:\/\/www.smedemokrati.sk\/wp-content\/uploads\/2024\/04\/NR-SR.jpg","datePublished":"2024-04-16T12:13:00+00:00","dateModified":"2024-04-22T09:25:16+00:00","breadcrumb":{"@id":"https:\/\/www.smedemokrati.sk\/demokrati-biju-na-poplach-situacia-je-vazna-navrh-pre-opoziciu-a-prezidentku-z-caputovu\/#breadcrumb"},"inLanguage":"cs-CZ","potentialAction":[{"@type":"ReadAction","target":["https:\/\/www.smedemokrati.sk\/demokrati-biju-na-poplach-situacia-je-vazna-navrh-pre-opoziciu-a-prezidentku-z-caputovu\/"]}]},{"@type":"ImageObject","inLanguage":"cs-CZ","@id":"https:\/\/www.smedemokrati.sk\/demokrati-biju-na-poplach-situacia-je-vazna-navrh-pre-opoziciu-a-prezidentku-z-caputovu\/#primaryimage","url":"https:\/\/www.smedemokrati.sk\/wp-content\/uploads\/2024\/04\/NR-SR.jpg","contentUrl":"https:\/\/www.smedemokrati.sk\/wp-content\/uploads\/2024\/04\/NR-SR.jpg","width":800,"height":561},{"@type":"BreadcrumbList","@id":"https:\/\/www.smedemokrati.sk\/demokrati-biju-na-poplach-situacia-je-vazna-navrh-pre-opoziciu-a-prezidentku-z-caputovu\/#breadcrumb","itemListElement":[{"@type":"ListItem","position":1,"name":"Domovsk\u00e1 str\u00e1nka","item":"https:\/\/www.smedemokrati.sk\/"},{"@type":"ListItem","position":2,"name":"Demokrati bij\u00fa na poplach, situ\u00e1cia je v\u00e1\u017ena. N\u00e1vrh pre opoz\u00edciu a prezidentku Z. \u010caputov\u00fa"}]},{"@type":"WebSite","@id":"https:\/\/www.smedemokrati.sk\/#website","url":"https:\/\/www.smedemokrati.sk\/","name":"Smedemokrati.sk","description":"Demokracia a slu\u0161nos\u0165 zv\u00ed\u0165az\u00ed","publisher":{"@id":"https:\/\/www.smedemokrati.sk\/#organization"},"potentialAction":[{"@type":"SearchAction","target":{"@type":"EntryPoint","urlTemplate":"https:\/\/www.smedemokrati.sk\/?s={search_term_string}"},"query-input":{"@type":"PropertyValueSpecification","valueRequired":true,"valueName":"search_term_string"}}],"inLanguage":"cs-CZ"},{"@type":"Organization","@id":"https:\/\/www.smedemokrati.sk\/#organization","name":"Smedemokrati.sk","url":"https:\/\/www.smedemokrati.sk\/","logo":{"@type":"ImageObject","inLanguage":"cs-CZ","@id":"https:\/\/www.smedemokrati.sk\/#\/schema\/logo\/image\/","url":"https:\/\/www.smedemokrati.sk\/wp-content\/uploads\/2023\/04\/ff.002.jpeg","contentUrl":"https:\/\/www.smedemokrati.sk\/wp-content\/uploads\/2023\/04\/ff.002.jpeg","width":640,"height":480,"caption":"Smedemokrati.sk"},"image":{"@id":"https:\/\/www.smedemokrati.sk\/#\/schema\/logo\/image\/"},"sameAs":["https:\/\/www.facebook.com\/smedemokrati2023"]},{"@type":"Person","@id":"https:\/\/www.smedemokrati.sk\/#\/schema\/person\/21f147c88d605aa7ded900e1e7c344ba","name":"miro.sopko","image":{"@type":"ImageObject","inLanguage":"cs-CZ","@id":"https:\/\/secure.gravatar.com\/avatar\/267e4a36f704376c109afe3a78740c1f5dd8675a2180a908699e7863c9247606?s=96&d=mm&r=g","url":"https:\/\/secure.gravatar.com\/avatar\/267e4a36f704376c109afe3a78740c1f5dd8675a2180a908699e7863c9247606?s=96&d=mm&r=g","contentUrl":"https:\/\/secure.gravatar.com\/avatar\/267e4a36f704376c109afe3a78740c1f5dd8675a2180a908699e7863c9247606?s=96&d=mm&r=g","caption":"miro.sopko"},"url":"https:\/\/www.smedemokrati.sk\/cs\/author\/miro-sopko\/"}]}},"_links":{"self":[{"href":"https:\/\/www.smedemokrati.sk\/cs\/wp-json\/wp\/v2\/posts\/3822","targetHints":{"allow":["GET"]}}],"collection":[{"href":"https:\/\/www.smedemokrati.sk\/cs\/wp-json\/wp\/v2\/posts"}],"about":[{"href":"https:\/\/www.smedemokrati.sk\/cs\/wp-json\/wp\/v2\/types\/post"}],"author":[{"embeddable":true,"href":"https:\/\/www.smedemokrati.sk\/cs\/wp-json\/wp\/v2\/users\/13"}],"replies":[{"embeddable":true,"href":"https:\/\/www.smedemokrati.sk\/cs\/wp-json\/wp\/v2\/comments?post=3822"}],"version-history":[{"count":1,"href":"https:\/\/www.smedemokrati.sk\/cs\/wp-json\/wp\/v2\/posts\/3822\/revisions"}],"predecessor-version":[{"id":3823,"href":"https:\/\/www.smedemokrati.sk\/cs\/wp-json\/wp\/v2\/posts\/3822\/revisions\/3823"}],"wp:featuredmedia":[{"embeddable":true,"href":"https:\/\/www.smedemokrati.sk\/cs\/wp-json\/wp\/v2\/media\/3826"}],"wp:attachment":[{"href":"https:\/\/www.smedemokrati.sk\/cs\/wp-json\/wp\/v2\/media?parent=3822"}],"wp:term":[{"taxonomy":"category","embeddable":true,"href":"https:\/\/www.smedemokrati.sk\/cs\/wp-json\/wp\/v2\/categories?post=3822"},{"taxonomy":"post_tag","embeddable":true,"href":"https:\/\/www.smedemokrati.sk\/cs\/wp-json\/wp\/v2\/tags?post=3822"}],"curies":[{"name":"wp","href":"https:\/\/api.w.org\/{rel}","templated":true}]}}